{"id":245901,"date":"2023-12-20T14:17:10","date_gmt":"2023-12-20T17:17:10","guid":{"rendered":"https:\/\/franciscanos.org.br\/noticias\/?p=245901"},"modified":"2023-12-20T14:17:21","modified_gmt":"2023-12-20T17:17:21","slug":"a12-lanca-webdocumentario-exclusivo-sobre-a-vida-do-papa-francisco","status":"publish","type":"post","link":"https:\/\/franciscanos.org.br\/noticias\/a12-lanca-webdocumentario-exclusivo-sobre-a-vida-do-papa-francisco.html","title":{"rendered":"A12 lan\u00e7a webdocument\u00e1rio exclusivo sobre a vida do Papa Francisco"},"content":{"rendered":"<p><iframe loading=\"lazy\" title=\"YouTube video player\" src=\"https:\/\/www.youtube.com\/embed\/HLtPzgScvVo?si=m4aG4rgMXg3GwtG5\" width=\"100%\" height=\"500\" frameborder=\"0\" allowfullscreen=\"allowfullscreen\"><span data-mce-type=\"bookmark\" style=\"display: inline-block; width: 0px; overflow: hidden; line-height: 0;\" class=\"mce_SELRES_start\">\ufeff<\/span><span data-mce-type=\"bookmark\" style=\"display: inline-block; width: 0px; overflow: hidden; line-height: 0;\" class=\"mce_SELRES_start\">\ufeff<\/span><\/iframe><\/p>\n<p>O dia 17 de dezembro \u00e9 um dia de festa para a Igreja Cat\u00f3lica. Dia em que o Santo Padre, Papa Francisco, completa anos de vida. Neste 2023, mais precisamente, Francisco completou 87 anos. Para presentear o Pont\u00edfice, o A12 produziu um material exclusivo sobre a sua vida e o seu pontificado: o webdocument\u00e1rio \u201cPapa Francisco: o olhar caridoso e o acolher misericordioso\u201d.<\/p>\n<p>Jorge Mario Bergoglio, nasceu em 17 de dezembro de 1936, na cidade de Buenos Aires, capital da Argentina. Criado por sua av\u00f3, Rosa, que o educou na f\u00e9 desde a inf\u00e2ncia, Bergoglio discerniu sua voca\u00e7\u00e3o religiosa na Bas\u00edlica de San Jos\u00e9 de Flores. Foi ordenado sacerdote em 1969, depois bispo em 1992 e criado cardeal em 2001, pelo Papa S\u00e3o Jo\u00e3o Paulo II.<\/p>\n<p>Ao assumir como Papa em mar\u00e7o de 2013, expressou seu compromisso com os pobres. Em seus 10 anos de pontificado, Papa Francisco, assim como na Argentina, sempre priorizou as \u201cperiferias\u201d existenciais e geogr\u00e1ficas.<br \/>\n\u201cPapa Francisco: o olhar caridoso e o acolher misericordioso\u201d consiste em um webdocument\u00e1rio que revisita o passado da vida de Jorge Mario Bergoglio, mostrando sua origem, sua forma\u00e7\u00e3o familiar, sua caminhada mission\u00e1ria e sua vida religiosa na Argentina. A produ\u00e7\u00e3o aborda, ainda, a devo\u00e7\u00e3o mariana do Papa Francisco por Nossa Senhora Aparecida.<\/p>\n<p>O webdocument\u00e1rio \u201cPapa Francisco: o olhar caridoso e o acolher misericordioso\u201d foi lan\u00e7ado no domingo (17), no canal do YouTube do A12.<\/p>\n<hr \/>\n<p><em>Fonte: Vatican News, Guilherme Gomes &#8211; A12<\/em><\/p>\n","protected":false},"excerpt":{"rendered":"<p>Papa Francisco<\/p>\n","protected":false},"author":3,"featured_media":245902,"comment_status":"open","ping_status":"open","sticky":false,"template":"","format":"standard","meta":[],"categories":[1,1428],"tags":[55],"acf":[],"yoast_head":"<!-- This site is optimized with the Yoast SEO plugin v19.2 - https:\/\/yoast.com\/wordpress\/plugins\/seo\/ -->\n<title>A12 lan\u00e7a webdocument\u00e1rio exclusivo sobre a vida do Papa Francisco - Not\u00edcias - Franciscanos<\/title>\n<meta name=\"robots\" content=\"index, follow, max-snippet:-1, max-image-preview:large, max-video-preview:-1\" \/>\n<link rel=\"canonical\" href=\"https:\/\/franciscanos.org.br\/noticias\/a12-lanca-webdocumentario-exclusivo-sobre-a-vida-do-papa-francisco.html\" \/>\n<meta property=\"og:locale\" content=\"pt_BR\" \/>\n<meta property=\"og:type\" content=\"article\" \/>\n<meta property=\"og:title\" content=\"A12 lan\u00e7a webdocument\u00e1rio exclusivo sobre a vida do Papa Francisco - Not\u00edcias - Franciscanos\" \/>\n<meta property=\"og:description\" content=\"Papa Francisco\" \/>\n<meta property=\"og:url\" content=\"https:\/\/franciscanos.org.br\/noticias\/a12-lanca-webdocumentario-exclusivo-sobre-a-vida-do-papa-francisco.html\" \/>\n<meta property=\"og:site_name\" content=\"Not\u00edcias - Franciscanos\" \/>\n<meta property=\"article:published_time\" content=\"2023-12-20T17:17:10+00:00\" \/>\n<meta property=\"article:modified_time\" content=\"2023-12-20T17:17:21+00:00\" \/>\n<meta property=\"og:image\" content=\"https:\/\/franciscanos.org.br\/noticias\/wp-content\/uploads\/2023\/12\/video_papa.jpg\" \/>\n\t<meta property=\"og:image:width\" content=\"776\" \/>\n\t<meta property=\"og:image:height\" content=\"392\" \/>\n\t<meta property=\"og:image:type\" content=\"image\/jpeg\" \/>\n<meta name=\"author\" content=\"moacir\" \/>\n<meta name=\"twitter:card\" content=\"summary_large_image\" \/>\n<meta name=\"twitter:label1\" content=\"Escrito por\" \/>\n\t<meta name=\"twitter:data1\" content=\"moacir\" \/>\n\t<meta name=\"twitter:label2\" content=\"Est. tempo de leitura\" \/>\n\t<meta name=\"twitter:data2\" content=\"1 minuto\" \/>\n<script type=\"application\/ld+json\" class=\"yoast-schema-graph\">{\"@context\":\"https:\/\/schema.org\",\"@graph\":[{\"@type\":\"WebSite\",\"@id\":\"https:\/\/franciscanos.org.br\/noticias\/#website\",\"url\":\"https:\/\/franciscanos.org.br\/noticias\/\",\"name\":\"Not\u00edcias - Franciscanos\",\"description\":\"Prov\u00edncia Franciscana da Imaculada Concei\u00e7\u00e3o do Brasil - Ordem dos Frades Menores - OFM\",\"potentialAction\":[{\"@type\":\"SearchAction\",\"target\":{\"@type\":\"EntryPoint\",\"urlTemplate\":\"https:\/\/franciscanos.org.br\/noticias\/?s={search_term_string}\"},\"query-input\":\"required name=search_term_string\"}],\"inLanguage\":\"pt-BR\"},{\"@type\":\"ImageObject\",\"inLanguage\":\"pt-BR\",\"@id\":\"https:\/\/franciscanos.org.br\/noticias\/a12-lanca-webdocumentario-exclusivo-sobre-a-vida-do-papa-francisco.html#primaryimage\",\"url\":\"https:\/\/franciscanos.org.br\/noticias\/wp-content\/uploads\/2023\/12\/video_papa.jpg\",\"contentUrl\":\"https:\/\/franciscanos.org.br\/noticias\/wp-content\/uploads\/2023\/12\/video_papa.jpg\",\"width\":776,\"height\":392},{\"@type\":\"WebPage\",\"@id\":\"https:\/\/franciscanos.org.br\/noticias\/a12-lanca-webdocumentario-exclusivo-sobre-a-vida-do-papa-francisco.html#webpage\",\"url\":\"https:\/\/franciscanos.org.br\/noticias\/a12-lanca-webdocumentario-exclusivo-sobre-a-vida-do-papa-francisco.html\",\"name\":\"A12 lan\u00e7a webdocument\u00e1rio exclusivo sobre a vida do Papa Francisco - Not\u00edcias - Franciscanos\",\"isPartOf\":{\"@id\":\"https:\/\/franciscanos.org.br\/noticias\/#website\"},\"primaryImageOfPage\":{\"@id\":\"https:\/\/franciscanos.org.br\/noticias\/a12-lanca-webdocumentario-exclusivo-sobre-a-vida-do-papa-francisco.html#primaryimage\"},\"datePublished\":\"2023-12-20T17:17:10+00:00\",\"dateModified\":\"2023-12-20T17:17:21+00:00\",\"author\":{\"@id\":\"https:\/\/franciscanos.org.br\/noticias\/#\/schema\/person\/b5c8cba458c330ccff548b056e95a5d4\"},\"breadcrumb\":{\"@id\":\"https:\/\/franciscanos.org.br\/noticias\/a12-lanca-webdocumentario-exclusivo-sobre-a-vida-do-papa-francisco.html#breadcrumb\"},\"inLanguage\":\"pt-BR\",\"potentialAction\":[{\"@type\":\"ReadAction\",\"target\":[\"https:\/\/franciscanos.org.br\/noticias\/a12-lanca-webdocumentario-exclusivo-sobre-a-vida-do-papa-francisco.html\"]}]},{\"@type\":\"BreadcrumbList\",\"@id\":\"https:\/\/franciscanos.org.br\/noticias\/a12-lanca-webdocumentario-exclusivo-sobre-a-vida-do-papa-francisco.html#breadcrumb\",\"itemListElement\":[{\"@type\":\"ListItem\",\"position\":1,\"name\":\"Home\",\"item\":\"https:\/\/franciscanos.org.br\/noticias\"},{\"@type\":\"ListItem\",\"position\":2,\"name\":\"A12 lan\u00e7a webdocument\u00e1rio exclusivo sobre a vida do Papa Francisco\"}]},{\"@type\":\"Person\",\"@id\":\"https:\/\/franciscanos.org.br\/noticias\/#\/schema\/person\/b5c8cba458c330ccff548b056e95a5d4\",\"name\":\"moacir\",\"image\":{\"@type\":\"ImageObject\",\"inLanguage\":\"pt-BR\",\"@id\":\"https:\/\/franciscanos.org.br\/noticias\/#\/schema\/person\/image\/\",\"url\":\"https:\/\/secure.gravatar.com\/avatar\/d08aa2ce4c8dd416d4479aa8536fcf64?s=96&d=mm&r=g\",\"contentUrl\":\"https:\/\/secure.gravatar.com\/avatar\/d08aa2ce4c8dd416d4479aa8536fcf64?s=96&d=mm&r=g\",\"caption\":\"moacir\"},\"url\":\"https:\/\/franciscanos.org.br\/noticias\/author\/moacir\"}]}<\/script>\n<!-- \/ Yoast SEO plugin. -->","yoast_head_json":{"title":"A12 lan\u00e7a webdocument\u00e1rio exclusivo sobre a vida do Papa Francisco - Not\u00edcias - Franciscanos","robots":{"index":"index","follow":"follow","max-snippet":"max-snippet:-1","max-image-preview":"max-image-preview:large","max-video-preview":"max-video-preview:-1"},"canonical":"https:\/\/franciscanos.org.br\/noticias\/a12-lanca-webdocumentario-exclusivo-sobre-a-vida-do-papa-francisco.html","og_locale":"pt_BR","og_type":"article","og_title":"A12 lan\u00e7a webdocument\u00e1rio exclusivo sobre a vida do Papa Francisco - Not\u00edcias - Franciscanos","og_description":"Papa Francisco","og_url":"https:\/\/franciscanos.org.br\/noticias\/a12-lanca-webdocumentario-exclusivo-sobre-a-vida-do-papa-francisco.html","og_site_name":"Not\u00edcias - Franciscanos","article_published_time":"2023-12-20T17:17:10+00:00","article_modified_time":"2023-12-20T17:17:21+00:00","og_image":[{"width":776,"height":392,"url":"https:\/\/franciscanos.org.br\/noticias\/wp-content\/uploads\/2023\/12\/video_papa.jpg","type":"image\/jpeg"}],"author":"moacir","twitter_card":"summary_large_image","twitter_misc":{"Escrito por":"moacir","Est. tempo de leitura":"1 minuto"},"schema":{"@context":"https:\/\/schema.org","@graph":[{"@type":"WebSite","@id":"https:\/\/franciscanos.org.br\/noticias\/#website","url":"https:\/\/franciscanos.org.br\/noticias\/","name":"Not\u00edcias - Franciscanos","description":"Prov\u00edncia Franciscana da Imaculada Concei\u00e7\u00e3o do Brasil - Ordem dos Frades Menores - OFM","potentialAction":[{"@type":"SearchAction","target":{"@type":"EntryPoint","urlTemplate":"https:\/\/franciscanos.org.br\/noticias\/?s={search_term_string}"},"query-input":"required name=search_term_string"}],"inLanguage":"pt-BR"},{"@type":"ImageObject","inLanguage":"pt-BR","@id":"https:\/\/franciscanos.org.br\/noticias\/a12-lanca-webdocumentario-exclusivo-sobre-a-vida-do-papa-francisco.html#primaryimage","url":"https:\/\/franciscanos.org.br\/noticias\/wp-content\/uploads\/2023\/12\/video_papa.jpg","contentUrl":"https:\/\/franciscanos.org.br\/noticias\/wp-content\/uploads\/2023\/12\/video_papa.jpg","width":776,"height":392},{"@type":"WebPage","@id":"https:\/\/franciscanos.org.br\/noticias\/a12-lanca-webdocumentario-exclusivo-sobre-a-vida-do-papa-francisco.html#webpage","url":"https:\/\/franciscanos.org.br\/noticias\/a12-lanca-webdocumentario-exclusivo-sobre-a-vida-do-papa-francisco.html","name":"A12 lan\u00e7a webdocument\u00e1rio exclusivo sobre a vida do Papa Francisco - Not\u00edcias - Franciscanos","isPartOf":{"@id":"https:\/\/franciscanos.org.br\/noticias\/#website"},"primaryImageOfPage":{"@id":"https:\/\/franciscanos.org.br\/noticias\/a12-lanca-webdocumentario-exclusivo-sobre-a-vida-do-papa-francisco.html#primaryimage"},"datePublished":"2023-12-20T17:17:10+00:00","dateModified":"2023-12-20T17:17:21+00:00","author":{"@id":"https:\/\/franciscanos.org.br\/noticias\/#\/schema\/person\/b5c8cba458c330ccff548b056e95a5d4"},"breadcrumb":{"@id":"https:\/\/franciscanos.org.br\/noticias\/a12-lanca-webdocumentario-exclusivo-sobre-a-vida-do-papa-francisco.html#breadcrumb"},"inLanguage":"pt-BR","potentialAction":[{"@type":"ReadAction","target":["https:\/\/franciscanos.org.br\/noticias\/a12-lanca-webdocumentario-exclusivo-sobre-a-vida-do-papa-francisco.html"]}]},{"@type":"BreadcrumbList","@id":"https:\/\/franciscanos.org.br\/noticias\/a12-lanca-webdocumentario-exclusivo-sobre-a-vida-do-papa-francisco.html#breadcrumb","itemListElement":[{"@type":"ListItem","position":1,"name":"Home","item":"https:\/\/franciscanos.org.br\/noticias"},{"@type":"ListItem","position":2,"name":"A12 lan\u00e7a webdocument\u00e1rio exclusivo sobre a vida do Papa Francisco"}]},{"@type":"Person","@id":"https:\/\/franciscanos.org.br\/noticias\/#\/schema\/person\/b5c8cba458c330ccff548b056e95a5d4","name":"moacir","image":{"@type":"ImageObject","inLanguage":"pt-BR","@id":"https:\/\/franciscanos.org.br\/noticias\/#\/schema\/person\/image\/","url":"https:\/\/secure.gravatar.com\/avatar\/d08aa2ce4c8dd416d4479aa8536fcf64?s=96&d=mm&r=g","contentUrl":"https:\/\/secure.gravatar.com\/avatar\/d08aa2ce4c8dd416d4479aa8536fcf64?s=96&d=mm&r=g","caption":"moacir"},"url":"https:\/\/franciscanos.org.br\/noticias\/author\/moacir"}]}},"_links":{"self":[{"href":"https:\/\/franciscanos.org.br\/noticias\/wp-json\/wp\/v2\/posts\/245901"}],"collection":[{"href":"https:\/\/franciscanos.org.br\/noticias\/wp-json\/wp\/v2\/posts"}],"about":[{"href":"https:\/\/franciscanos.org.br\/noticias\/wp-json\/wp\/v2\/types\/post"}],"author":[{"embeddable":true,"href":"https:\/\/franciscanos.org.br\/noticias\/wp-json\/wp\/v2\/users\/3"}],"replies":[{"embeddable":true,"href":"https:\/\/franciscanos.org.br\/noticias\/wp-json\/wp\/v2\/comments?post=245901"}],"version-history":[{"count":1,"href":"https:\/\/franciscanos.org.br\/noticias\/wp-json\/wp\/v2\/posts\/245901\/revisions"}],"predecessor-version":[{"id":245903,"href":"https:\/\/franciscanos.org.br\/noticias\/wp-json\/wp\/v2\/posts\/245901\/revisions\/245903"}],"wp:featuredmedia":[{"embeddable":true,"href":"https:\/\/franciscanos.org.br\/noticias\/wp-json\/wp\/v2\/media\/245902"}],"wp:attachment":[{"href":"https:\/\/franciscanos.org.br\/noticias\/wp-json\/wp\/v2\/media?parent=245901"}],"wp:term":[{"taxonomy":"category","embeddable":true,"href":"https:\/\/franciscanos.org.br\/noticias\/wp-json\/wp\/v2\/categories?post=245901"},{"taxonomy":"post_tag","embeddable":true,"href":"https:\/\/franciscanos.org.br\/noticias\/wp-json\/wp\/v2\/tags?post=245901"}],"curies":[{"name":"wp","href":"https:\/\/api.w.org\/{rel}","templated":true}]}}