{"id":245872,"date":"2023-12-18T08:49:17","date_gmt":"2023-12-18T11:49:17","guid":{"rendered":"https:\/\/franciscanos.org.br\/noticias\/?p=245872"},"modified":"2023-12-18T08:49:17","modified_gmt":"2023-12-18T11:49:17","slug":"patton-religioes-orientem-para-a-paz-viver-de-vinganca-e-odio-e-uma-mistura-explosiva","status":"publish","type":"post","link":"https:\/\/franciscanos.org.br\/noticias\/patton-religioes-orientem-para-a-paz-viver-de-vinganca-e-odio-e-uma-mistura-explosiva.html","title":{"rendered":"Patton: religi\u00f5es orientem para a paz, viver de vingan\u00e7a e \u00f3dio \u00e9 uma mistura explosiva"},"content":{"rendered":"<div id=\"attachment_245873\" style=\"width: 966px\" class=\"wp-caption alignnone\"><img aria-describedby=\"caption-attachment-245873\" loading=\"lazy\" class=\"wp-image-245873\" src=\"https:\/\/franciscanos.org.br\/noticias\/wp-content\/uploads\/2023\/12\/patton.jpeg\" alt=\"\" width=\"956\" height=\"538\" srcset=\"https:\/\/franciscanos.org.br\/noticias\/wp-content\/uploads\/2023\/12\/patton.jpeg 750w, https:\/\/franciscanos.org.br\/noticias\/wp-content\/uploads\/2023\/12\/patton-450x253.jpeg 450w, https:\/\/franciscanos.org.br\/noticias\/wp-content\/uploads\/2023\/12\/patton-150x84.jpeg 150w\" sizes=\"(max-width: 956px) 100vw, 956px\" \/><p id=\"caption-attachment-245873\" class=\"wp-caption-text\"><\/em> <em>Fonte: Vatican Media<\/em><\/p><\/div>\n<p>As dram\u00e1ticas repercuss\u00f5es da guerra entre Israel e o Hamas, tamb\u00e9m na comunidade crist\u00e3; a dificuldade de viver em uma Bel\u00e9m totalmente fechada aos peregrinos e turistas; a necessidade de as religi\u00f5es promoverem uma prega\u00e7\u00e3o que desarme o nacionalismo e o fundamentalismo. Frei Francesco Patton, OFM, Cust\u00f3dio da Terra Santa, falou sobre o momento dif\u00edcil que est\u00e1 sendo vivido em Israel e nos Territ\u00f3rios, onde a viol\u00eancia desencadeada pelo ataque do Hamas em 7 de outubro n\u00e3o est\u00e1 poupando nenhuma comunidade. A diplomacia fadiga, porque aqueles que deveriam ter mais voz &#8220;t\u00eam dificuldade em falar de modo claro&#8221;, afirma Patton, que enfatiza o papel fundamental das religi\u00f5es.<\/p>\n<p><strong>Frei Francesco Patton, qual \u00e9 a situa\u00e7\u00e3o no terreno e em n\u00edvel humanit\u00e1rio hoje?<\/strong><\/p>\n<p>Conhecemos a situa\u00e7\u00e3o no terreno por meio das not\u00edcias. Parece ser, de um certo ponto de vista, uma situa\u00e7\u00e3o de impasse porque, depois que a tr\u00e9gua foi quebrada, obviamente n\u00e3o houve mais negocia\u00e7\u00f5es para a liberta\u00e7\u00e3o dos ref\u00e9ns e, como resultado, os bombardeios e as a\u00e7\u00f5es militares contra o Hamas tamb\u00e9m foram retomados. Eu diria que \u00e9 uma situa\u00e7\u00e3o de impasse tamb\u00e9m porque n\u00e3o se v\u00ea uma grande perspectiva, uma grande sa\u00edda. Na verdade, o risco que vejo \u00e9 que, se continuarmos assim, o n\u00famero de mortes aumentar\u00e1 novamente de uma forma que eu diria ser terr\u00edvel. Sabemos que tudo come\u00e7ou no dia 7 de outubro com o ataque do Hamas, com 1.200 mortos e 250 feridos, mas agora a resposta militar j\u00e1 causou mais de 18.000 mortos do outro lado, e n\u00e3o h\u00e1 perspectiva de encerramento a curto prazo, e quanto mais o tempo passa, mais as coisas obviamente se complicam.<\/p>\n<p><strong>O que deve ser lembrado \u00e9 que essa situa\u00e7\u00e3o, que \u00e9 absolutamente terr\u00edvel em Gaza, mesmo para a pequena comunidade crist\u00e3, greco-ortodoxa e cat\u00f3lica, presente l\u00e1, tem repercuss\u00f5es em todo o pa\u00eds.<\/strong><\/p>\n<p>As repercuss\u00f5es que vemos, por exemplo, no lado israelense, s\u00e3o de fato a quebra de um equil\u00edbrio de coexist\u00eancia entre o componente \u00e1rabe israelense e o componente judeu israelense, em Israel. Portanto, viver a desconfian\u00e7a, viver com medo, respirar sentimentos de vingan\u00e7a, \u00f3dio, raiva. Assim, uma mistura que, tamb\u00e9m do ponto de vista emocional, \u00e9 explosiva. E as consequ\u00eancias podem ser vistas nos territ\u00f3rios de autonomia palestina, a chamada Cisjord\u00e2nia. Mesmo l\u00e1, desde o in\u00edcio do conflito, mais de 300 palestinos foram mortos. Vi que h\u00e1, nesse per\u00edodo, algumas iniciativas, mesmo em n\u00edvel das Na\u00e7\u00f5es Unidas, para sancionar os colonos quando eles usam viol\u00eancia contra os palestinos, mas esquecemos que os pr\u00f3prios assentamentos s\u00e3o uma viol\u00eancia contra os palestinos.<\/p>\n<p>E h\u00e1 o nosso problema, o problema da pequena comunidade crist\u00e3 que vive em todos esses territ\u00f3rios, porque h\u00e1 crist\u00e3os que vivem em Israel, h\u00e1 crist\u00e3os que vivem na Cisjord\u00e2nia, h\u00e1 crist\u00e3os que vivem em Gaza e h\u00e1 tamb\u00e9m crist\u00e3os que prestam servi\u00e7o militar, como por exemplo, os filhos de trabalhadores migrantes. H\u00e1 trabalhadores migrantes que est\u00e3o entre as v\u00edtimas do 7 de outubro e entre os ref\u00e9ns. Alguns deles tamb\u00e9m deram, ouso dizer, um exemplo de grande altru\u00edsmo. No domingo passado, em Jaffa, houve o batismo da filha de um casal filipino que trabalhava em um kibutz em Gaza. O marido morreu, provavelmente tentando proteger o idoso de quem cuidava. Sua esposa estava em outro lugar, havia terminado a gravidez e s\u00f3 p\u00f4de voltar \u00e0 par\u00f3quia em Jaffa para pedir que sua filha fosse batizada.<\/p>\n<p><strong>Nesse clima de extens\u00e3o da trag\u00e9dia dos acontecimentos para fora das fronteiras de Gaza, o senhor, Frei Patton, h\u00e1 duas semanas, fez sua entrada no in\u00edcio do Advento em Bel\u00e9m, onde a situa\u00e7\u00e3o \u00e9 particularmente grave. Que tipo de Natal est\u00e1 sendo preparado em Bel\u00e9m?<\/strong><\/p>\n<p>A situa\u00e7\u00e3o em Bel\u00e9m \u00e9 muito grave, porque Bel\u00e9m, sem os peregrinos e tamb\u00e9m sem os turistas, \u00e9 de fato uma cidade &#8211; pelo menos para o elemento crist\u00e3o &#8211; em grande ang\u00fastia. E a raz\u00e3o \u00e9 \u00f3bvia, porque a maioria dos crist\u00e3os em Bel\u00e9m, independentemente de sua Igreja ou denomina\u00e7\u00e3o, trabalha em hot\u00e9is, trabalha como guia de peregrinos, trabalha fabricando objetos religiosos, trabalha nas pequenas lojas que os vendem. Ent\u00e3o, de fato, neste momento, toda essa &#8220;economia&#8221; ligada \u00e0 peregrina\u00e7\u00e3o est\u00e1 completamente bloqueada. Para mim, a entrada foi e continua sendo muito importante porque, de qualquer forma, \u00e9 um ato com um forte valor simb\u00f3lico, pois significa, ao passar por esse muro, chegar do lado israelense ao lado palestino.<\/p>\n<p><strong>Frei Patton, a diplomacia parece fadigar muito para alcan\u00e7ar a paz. Nessa fresta de paz, como as religi\u00f5es podem se encaixar e o que elas podem fazer?<\/strong><\/p>\n<p>A diplomacia tem dificuldades porque, no momento, h\u00e1 muitos interlocutores e os interlocutores que deveriam ter mais voz est\u00e3o tendo um pouco de dificuldade para falar claramente. No entanto, vi que nos \u00faltimos dias houve um reposicionamento da diplomacia dos EUA com rela\u00e7\u00e3o ao momento do fim da guerra, com rela\u00e7\u00e3o \u00e0 quest\u00e3o da tr\u00e9gua e com rela\u00e7\u00e3o a outros aspectos muito importantes, como as consequ\u00eancias. E o que as religi\u00f5es podem fazer? As religi\u00f5es desempenham um papel fundamental em um contexto como esse. O problema \u00e9 que, por muito tempo, mesmo em n\u00edvel mundial e global, as religi\u00f5es t\u00eam sido consideradas irrelevantes nos processos pol\u00edticos, enquanto o ponto de vista religioso, na grande maioria dos pa\u00edses &#8211; e parece-me que agora tamb\u00e9m na Europa &#8211; est\u00e1 come\u00e7ando a se tornar um ponto de vista fundamental.<\/p>\n<p>O que os l\u00edderes religiosos podem fazer? Do meu ponto de vista, os l\u00edderes religiosos podem e devem fazer o que o Papa Francisco e o grande im\u00e3 de al-Azhar, Ahmad al-Tayyib, fizeram em 2019 quando assinaram o documento de Abu Dhabi. Ou seja, os l\u00edderes religiosos devem iniciar, eu diria, um multilateralismo no qual eles ajudam seus fi\u00e9is a fazer uma interpreta\u00e7\u00e3o e, em alguns casos, uma reinterpreta\u00e7\u00e3o dos textos sagrados, orientando essa reinterpreta\u00e7\u00e3o para uma cultura de fraternidade e paz. Isso \u00e9, do meu ponto de vista, absolutamente fundamental. Havia algumas coisas extraordin\u00e1rias nesse documento, como o reconhecimento da cidadania plena para os crist\u00e3os e para os fi\u00e9is de qualquer religi\u00e3o, mesmo em contextos de maioria mu\u00e7ulmana, onde sabemos que, pela lei mu\u00e7ulmana, os crist\u00e3os s\u00e3o tolerados, mas n\u00e3o s\u00e3o cidad\u00e3os plenos.<\/p>\n<p>Portanto, os l\u00edderes religiosos precisam ir nessa dire\u00e7\u00e3o e encontrar uma maneira de fazer passar as ideias principais de cima at\u00e9 \u00e0 base. Ou seja, tamb\u00e9m deve haver uma educa\u00e7\u00e3o, uma prega\u00e7\u00e3o, que ajude a fazer, eu diria, uma interpreta\u00e7\u00e3o dos textos religiosos na dire\u00e7\u00e3o da fraternidade e da paz. Isso \u00e9 necess\u00e1rio, porque todos os textos religiosos, na verdade todos eles, cont\u00eam, infelizmente, express\u00f5es que, lidas de maneira fundamentalista, constituiriam uma incita\u00e7\u00e3o \u00e0 viol\u00eancia. Portanto, os l\u00edderes devem dar o exemplo, os l\u00edderes devem fazer gestos, os l\u00edderes tamb\u00e9m devem assinar documentos e declara\u00e7\u00f5es. Eles precisam fazer isso, e n\u00e3o apenas em duplas, mas em trios, quatros, cincos, sempre expandindo. E \u00e9 necess\u00e1rio que esse tipo de orienta\u00e7\u00e3o passe de um magist\u00e9rio que permanece para os especialistas para uma prega\u00e7\u00e3o que, em vez disso, v\u00e1 ao encontro das pessoas. Assim, n\u00e3o ter\u00edamos mais massas apoiando iniciativas que fazem um curto-circuito na dimens\u00e3o pol\u00edtica, com formas de nacionalismo violento, e na dimens\u00e3o religiosa, com formas de fundamentalismo religioso.<\/p>\n<hr \/>\n<p><em>Fonte: Vatican News (texto de Luca Collodi e Roberto Cetera)<\/em><\/p>\n","protected":false},"excerpt":{"rendered":"<p>Cust\u00f3dia da Terra Santa<\/p>\n","protected":false},"author":3,"featured_media":245873,"comment_status":"open","ping_status":"open","sticky":false,"template":"","format":"standard","meta":[],"categories":[1],"tags":[1429],"acf":[],"yoast_head":"<!-- This site is optimized with the Yoast SEO plugin v19.2 - https:\/\/yoast.com\/wordpress\/plugins\/seo\/ -->\n<title>Patton: religi\u00f5es orientem para a paz, viver de vingan\u00e7a e \u00f3dio \u00e9 uma mistura explosiva - Not\u00edcias - Franciscanos<\/title>\n<meta name=\"robots\" content=\"index, follow, max-snippet:-1, max-image-preview:large, max-video-preview:-1\" \/>\n<link rel=\"canonical\" href=\"https:\/\/franciscanos.org.br\/noticias\/patton-religioes-orientem-para-a-paz-viver-de-vinganca-e-odio-e-uma-mistura-explosiva.html\" \/>\n<meta property=\"og:locale\" content=\"pt_BR\" \/>\n<meta property=\"og:type\" content=\"article\" \/>\n<meta property=\"og:title\" content=\"Patton: religi\u00f5es orientem para a paz, viver de vingan\u00e7a e \u00f3dio \u00e9 uma mistura explosiva - Not\u00edcias - Franciscanos\" \/>\n<meta property=\"og:description\" content=\"Cust\u00f3dia da Terra Santa\" \/>\n<meta property=\"og:url\" content=\"https:\/\/franciscanos.org.br\/noticias\/patton-religioes-orientem-para-a-paz-viver-de-vinganca-e-odio-e-uma-mistura-explosiva.html\" \/>\n<meta property=\"og:site_name\" content=\"Not\u00edcias - Franciscanos\" \/>\n<meta property=\"article:published_time\" content=\"2023-12-18T11:49:17+00:00\" \/>\n<meta property=\"og:image\" content=\"https:\/\/franciscanos.org.br\/noticias\/wp-content\/uploads\/2023\/12\/patton.jpeg\" \/>\n\t<meta property=\"og:image:width\" content=\"750\" \/>\n\t<meta property=\"og:image:height\" content=\"422\" \/>\n\t<meta property=\"og:image:type\" content=\"image\/jpeg\" \/>\n<meta name=\"author\" content=\"moacir\" \/>\n<meta name=\"twitter:card\" content=\"summary_large_image\" \/>\n<meta name=\"twitter:label1\" content=\"Escrito por\" \/>\n\t<meta name=\"twitter:data1\" content=\"moacir\" \/>\n\t<meta name=\"twitter:label2\" content=\"Est. tempo de leitura\" \/>\n\t<meta name=\"twitter:data2\" content=\"7 minutos\" \/>\n<script type=\"application\/ld+json\" class=\"yoast-schema-graph\">{\"@context\":\"https:\/\/schema.org\",\"@graph\":[{\"@type\":\"WebSite\",\"@id\":\"https:\/\/franciscanos.org.br\/noticias\/#website\",\"url\":\"https:\/\/franciscanos.org.br\/noticias\/\",\"name\":\"Not\u00edcias - Franciscanos\",\"description\":\"Prov\u00edncia Franciscana da Imaculada Concei\u00e7\u00e3o do Brasil - Ordem dos Frades Menores - OFM\",\"potentialAction\":[{\"@type\":\"SearchAction\",\"target\":{\"@type\":\"EntryPoint\",\"urlTemplate\":\"https:\/\/franciscanos.org.br\/noticias\/?s={search_term_string}\"},\"query-input\":\"required name=search_term_string\"}],\"inLanguage\":\"pt-BR\"},{\"@type\":\"ImageObject\",\"inLanguage\":\"pt-BR\",\"@id\":\"https:\/\/franciscanos.org.br\/noticias\/patton-religioes-orientem-para-a-paz-viver-de-vinganca-e-odio-e-uma-mistura-explosiva.html#primaryimage\",\"url\":\"https:\/\/franciscanos.org.br\/noticias\/wp-content\/uploads\/2023\/12\/patton.jpeg\",\"contentUrl\":\"https:\/\/franciscanos.org.br\/noticias\/wp-content\/uploads\/2023\/12\/patton.jpeg\",\"width\":750,\"height\":422},{\"@type\":\"WebPage\",\"@id\":\"https:\/\/franciscanos.org.br\/noticias\/patton-religioes-orientem-para-a-paz-viver-de-vinganca-e-odio-e-uma-mistura-explosiva.html#webpage\",\"url\":\"https:\/\/franciscanos.org.br\/noticias\/patton-religioes-orientem-para-a-paz-viver-de-vinganca-e-odio-e-uma-mistura-explosiva.html\",\"name\":\"Patton: religi\u00f5es orientem para a paz, viver de vingan\u00e7a e \u00f3dio \u00e9 uma mistura explosiva - Not\u00edcias - Franciscanos\",\"isPartOf\":{\"@id\":\"https:\/\/franciscanos.org.br\/noticias\/#website\"},\"primaryImageOfPage\":{\"@id\":\"https:\/\/franciscanos.org.br\/noticias\/patton-religioes-orientem-para-a-paz-viver-de-vinganca-e-odio-e-uma-mistura-explosiva.html#primaryimage\"},\"datePublished\":\"2023-12-18T11:49:17+00:00\",\"dateModified\":\"2023-12-18T11:49:17+00:00\",\"author\":{\"@id\":\"https:\/\/franciscanos.org.br\/noticias\/#\/schema\/person\/b5c8cba458c330ccff548b056e95a5d4\"},\"breadcrumb\":{\"@id\":\"https:\/\/franciscanos.org.br\/noticias\/patton-religioes-orientem-para-a-paz-viver-de-vinganca-e-odio-e-uma-mistura-explosiva.html#breadcrumb\"},\"inLanguage\":\"pt-BR\",\"potentialAction\":[{\"@type\":\"ReadAction\",\"target\":[\"https:\/\/franciscanos.org.br\/noticias\/patton-religioes-orientem-para-a-paz-viver-de-vinganca-e-odio-e-uma-mistura-explosiva.html\"]}]},{\"@type\":\"BreadcrumbList\",\"@id\":\"https:\/\/franciscanos.org.br\/noticias\/patton-religioes-orientem-para-a-paz-viver-de-vinganca-e-odio-e-uma-mistura-explosiva.html#breadcrumb\",\"itemListElement\":[{\"@type\":\"ListItem\",\"position\":1,\"name\":\"Home\",\"item\":\"https:\/\/franciscanos.org.br\/noticias\"},{\"@type\":\"ListItem\",\"position\":2,\"name\":\"Patton: religi\u00f5es orientem para a paz, viver de vingan\u00e7a e \u00f3dio \u00e9 uma mistura explosiva\"}]},{\"@type\":\"Person\",\"@id\":\"https:\/\/franciscanos.org.br\/noticias\/#\/schema\/person\/b5c8cba458c330ccff548b056e95a5d4\",\"name\":\"moacir\",\"image\":{\"@type\":\"ImageObject\",\"inLanguage\":\"pt-BR\",\"@id\":\"https:\/\/franciscanos.org.br\/noticias\/#\/schema\/person\/image\/\",\"url\":\"https:\/\/secure.gravatar.com\/avatar\/d08aa2ce4c8dd416d4479aa8536fcf64?s=96&d=mm&r=g\",\"contentUrl\":\"https:\/\/secure.gravatar.com\/avatar\/d08aa2ce4c8dd416d4479aa8536fcf64?s=96&d=mm&r=g\",\"caption\":\"moacir\"},\"url\":\"https:\/\/franciscanos.org.br\/noticias\/author\/moacir\"}]}<\/script>\n<!-- \/ Yoast SEO plugin. -->","yoast_head_json":{"title":"Patton: religi\u00f5es orientem para a paz, viver de vingan\u00e7a e \u00f3dio \u00e9 uma mistura explosiva - Not\u00edcias - Franciscanos","robots":{"index":"index","follow":"follow","max-snippet":"max-snippet:-1","max-image-preview":"max-image-preview:large","max-video-preview":"max-video-preview:-1"},"canonical":"https:\/\/franciscanos.org.br\/noticias\/patton-religioes-orientem-para-a-paz-viver-de-vinganca-e-odio-e-uma-mistura-explosiva.html","og_locale":"pt_BR","og_type":"article","og_title":"Patton: religi\u00f5es orientem para a paz, viver de vingan\u00e7a e \u00f3dio \u00e9 uma mistura explosiva - Not\u00edcias - Franciscanos","og_description":"Cust\u00f3dia da Terra Santa","og_url":"https:\/\/franciscanos.org.br\/noticias\/patton-religioes-orientem-para-a-paz-viver-de-vinganca-e-odio-e-uma-mistura-explosiva.html","og_site_name":"Not\u00edcias - Franciscanos","article_published_time":"2023-12-18T11:49:17+00:00","og_image":[{"width":750,"height":422,"url":"https:\/\/franciscanos.org.br\/noticias\/wp-content\/uploads\/2023\/12\/patton.jpeg","type":"image\/jpeg"}],"author":"moacir","twitter_card":"summary_large_image","twitter_misc":{"Escrito por":"moacir","Est. tempo de leitura":"7 minutos"},"schema":{"@context":"https:\/\/schema.org","@graph":[{"@type":"WebSite","@id":"https:\/\/franciscanos.org.br\/noticias\/#website","url":"https:\/\/franciscanos.org.br\/noticias\/","name":"Not\u00edcias - Franciscanos","description":"Prov\u00edncia Franciscana da Imaculada Concei\u00e7\u00e3o do Brasil - Ordem dos Frades Menores - OFM","potentialAction":[{"@type":"SearchAction","target":{"@type":"EntryPoint","urlTemplate":"https:\/\/franciscanos.org.br\/noticias\/?s={search_term_string}"},"query-input":"required name=search_term_string"}],"inLanguage":"pt-BR"},{"@type":"ImageObject","inLanguage":"pt-BR","@id":"https:\/\/franciscanos.org.br\/noticias\/patton-religioes-orientem-para-a-paz-viver-de-vinganca-e-odio-e-uma-mistura-explosiva.html#primaryimage","url":"https:\/\/franciscanos.org.br\/noticias\/wp-content\/uploads\/2023\/12\/patton.jpeg","contentUrl":"https:\/\/franciscanos.org.br\/noticias\/wp-content\/uploads\/2023\/12\/patton.jpeg","width":750,"height":422},{"@type":"WebPage","@id":"https:\/\/franciscanos.org.br\/noticias\/patton-religioes-orientem-para-a-paz-viver-de-vinganca-e-odio-e-uma-mistura-explosiva.html#webpage","url":"https:\/\/franciscanos.org.br\/noticias\/patton-religioes-orientem-para-a-paz-viver-de-vinganca-e-odio-e-uma-mistura-explosiva.html","name":"Patton: religi\u00f5es orientem para a paz, viver de vingan\u00e7a e \u00f3dio \u00e9 uma mistura explosiva - Not\u00edcias - Franciscanos","isPartOf":{"@id":"https:\/\/franciscanos.org.br\/noticias\/#website"},"primaryImageOfPage":{"@id":"https:\/\/franciscanos.org.br\/noticias\/patton-religioes-orientem-para-a-paz-viver-de-vinganca-e-odio-e-uma-mistura-explosiva.html#primaryimage"},"datePublished":"2023-12-18T11:49:17+00:00","dateModified":"2023-12-18T11:49:17+00:00","author":{"@id":"https:\/\/franciscanos.org.br\/noticias\/#\/schema\/person\/b5c8cba458c330ccff548b056e95a5d4"},"breadcrumb":{"@id":"https:\/\/franciscanos.org.br\/noticias\/patton-religioes-orientem-para-a-paz-viver-de-vinganca-e-odio-e-uma-mistura-explosiva.html#breadcrumb"},"inLanguage":"pt-BR","potentialAction":[{"@type":"ReadAction","target":["https:\/\/franciscanos.org.br\/noticias\/patton-religioes-orientem-para-a-paz-viver-de-vinganca-e-odio-e-uma-mistura-explosiva.html"]}]},{"@type":"BreadcrumbList","@id":"https:\/\/franciscanos.org.br\/noticias\/patton-religioes-orientem-para-a-paz-viver-de-vinganca-e-odio-e-uma-mistura-explosiva.html#breadcrumb","itemListElement":[{"@type":"ListItem","position":1,"name":"Home","item":"https:\/\/franciscanos.org.br\/noticias"},{"@type":"ListItem","position":2,"name":"Patton: religi\u00f5es orientem para a paz, viver de vingan\u00e7a e \u00f3dio \u00e9 uma mistura explosiva"}]},{"@type":"Person","@id":"https:\/\/franciscanos.org.br\/noticias\/#\/schema\/person\/b5c8cba458c330ccff548b056e95a5d4","name":"moacir","image":{"@type":"ImageObject","inLanguage":"pt-BR","@id":"https:\/\/franciscanos.org.br\/noticias\/#\/schema\/person\/image\/","url":"https:\/\/secure.gravatar.com\/avatar\/d08aa2ce4c8dd416d4479aa8536fcf64?s=96&d=mm&r=g","contentUrl":"https:\/\/secure.gravatar.com\/avatar\/d08aa2ce4c8dd416d4479aa8536fcf64?s=96&d=mm&r=g","caption":"moacir"},"url":"https:\/\/franciscanos.org.br\/noticias\/author\/moacir"}]}},"_links":{"self":[{"href":"https:\/\/franciscanos.org.br\/noticias\/wp-json\/wp\/v2\/posts\/245872"}],"collection":[{"href":"https:\/\/franciscanos.org.br\/noticias\/wp-json\/wp\/v2\/posts"}],"about":[{"href":"https:\/\/franciscanos.org.br\/noticias\/wp-json\/wp\/v2\/types\/post"}],"author":[{"embeddable":true,"href":"https:\/\/franciscanos.org.br\/noticias\/wp-json\/wp\/v2\/users\/3"}],"replies":[{"embeddable":true,"href":"https:\/\/franciscanos.org.br\/noticias\/wp-json\/wp\/v2\/comments?post=245872"}],"version-history":[{"count":1,"href":"https:\/\/franciscanos.org.br\/noticias\/wp-json\/wp\/v2\/posts\/245872\/revisions"}],"predecessor-version":[{"id":245874,"href":"https:\/\/franciscanos.org.br\/noticias\/wp-json\/wp\/v2\/posts\/245872\/revisions\/245874"}],"wp:featuredmedia":[{"embeddable":true,"href":"https:\/\/franciscanos.org.br\/noticias\/wp-json\/wp\/v2\/media\/245873"}],"wp:attachment":[{"href":"https:\/\/franciscanos.org.br\/noticias\/wp-json\/wp\/v2\/media?parent=245872"}],"wp:term":[{"taxonomy":"category","embeddable":true,"href":"https:\/\/franciscanos.org.br\/noticias\/wp-json\/wp\/v2\/categories?post=245872"},{"taxonomy":"post_tag","embeddable":true,"href":"https:\/\/franciscanos.org.br\/noticias\/wp-json\/wp\/v2\/tags?post=245872"}],"curies":[{"name":"wp","href":"https:\/\/api.w.org\/{rel}","templated":true}]}}