{"id":245843,"date":"2023-12-17T10:46:59","date_gmt":"2023-12-17T13:46:59","guid":{"rendered":"https:\/\/franciscanos.org.br\/noticias\/?p=245843"},"modified":"2023-12-17T10:46:59","modified_gmt":"2023-12-17T13:46:59","slug":"em-seu-aniversario-papa-convida-criancas-a-preparar-o-coracao-para-o-natal","status":"publish","type":"post","link":"https:\/\/franciscanos.org.br\/noticias\/em-seu-aniversario-papa-convida-criancas-a-preparar-o-coracao-para-o-natal.html","title":{"rendered":"Em seu anivers\u00e1rio, Papa convida crian\u00e7as a preparar o cora\u00e7\u00e3o para o Natal"},"content":{"rendered":"<div id=\"attachment_245844\" style=\"width: 1290px\" class=\"wp-caption alignnone\"><img aria-describedby=\"caption-attachment-245844\" loading=\"lazy\" class=\"wp-image-245844 size-full\" src=\"https:\/\/franciscanos.org.br\/noticias\/wp-content\/uploads\/2023\/12\/PAPA.jpg\" alt=\"\" width=\"1280\" height=\"720\" srcset=\"https:\/\/franciscanos.org.br\/noticias\/wp-content\/uploads\/2023\/12\/PAPA.jpg 1280w, https:\/\/franciscanos.org.br\/noticias\/wp-content\/uploads\/2023\/12\/PAPA-450x253.jpg 450w, https:\/\/franciscanos.org.br\/noticias\/wp-content\/uploads\/2023\/12\/PAPA-1024x576.jpg 1024w, https:\/\/franciscanos.org.br\/noticias\/wp-content\/uploads\/2023\/12\/PAPA-768x432.jpg 768w, https:\/\/franciscanos.org.br\/noticias\/wp-content\/uploads\/2023\/12\/PAPA-150x84.jpg 150w\" sizes=\"(max-width: 1280px) 100vw, 1280px\" \/><p id=\"caption-attachment-245844\" class=\"wp-caption-text\"><em>Imagem: Vatican Media<\/em><\/p><\/div>\n<p>S\u00e3o os sorrisos a iluminar a Sala Paulo VI, no Vaticano, no dia do 87\u00ba anivers\u00e1rio do Papa Francisco. As crian\u00e7as do dispens\u00e1rio de Santa Marta, como acontece desde 2023, festejaram o anivers\u00e1rio do Pont\u00edfice com cantos e abra\u00e7os e o que o Papa pede para terem enquanto se espera o Natal. \u201cDevemos nos preparar para uma grande festa\u201d, diz de improviso, depois de cumprimentar as crian\u00e7as e receb\u00ea-las ao p\u00e9 do palco da Sala Nervi.<\/p>\n<p><strong>As felicita\u00e7\u00f5es de Francesco<\/strong><\/p>\n<p>\u201cPensemos, preparemos o cora\u00e7\u00e3o para o Natal para receber Jesus\u201d, sugeriu, convidando todos a pensar \u2013 em sil\u00eancio e de olhos fechados \u2013 sobre o que pedir a Jesus na Festa em que celebramos a sua vinda em meio a n\u00f3s. Em seguida, expressa sua gratid\u00e3o por poder ver tantas crian\u00e7as ao seu lado. Os votos s\u00e3o de um feliz Natal e que o Senhor possa atender cada desejo.<\/p>\n<p><strong>Um espet\u00e1culo para o Papa<\/strong><\/p>\n<p>Com a ajuda dos artistas circenses do circo Vassallo, as crian\u00e7as do Dispens\u00e1rio se apresentaram diante do Papa com acrobacias e n\u00fameros de palha\u00e7os, sob aplausos do aniversariante, das cerca de 200 fam\u00edlias das crian\u00e7as assistidas pela estrutura pedi\u00e1trica vaticana, dos volunt\u00e1rios da Atl\u00e9tica Vaticana que os acolheram, do presidente, cardeal Konrad Krajewski, prefeito do Dicast\u00e9rio para o Servi\u00e7o da Caridade e da diretora Irm\u00e3 Anna Luisa Rizzello.<\/p>\n<p><strong>A gratid\u00e3o \u00e9 a mem\u00f3ria do cora\u00e7\u00e3o<\/strong><\/p>\n<p>O \u201cparab\u00e9ns\u201d, cantado por um pequeno coro, finalmente acompanhou a chegada do bolo, com a inscri\u00e7\u00e3o: \u201cA gratid\u00e3o \u00e9 a mem\u00f3ria do cora\u00e7\u00e3o. Feliz Anivers\u00e1rio, Papa Francisco!\u201d, e uma decora\u00e7\u00e3o do Pont\u00edfice pegando pela m\u00e3o as crian\u00e7as de todo o mundo. O bolo foi confeccionado pelo pizzaiolo Vincenzo Staiano que, como todos os anos, levar\u00e1 a vela apagada pelo Papa ao Santu\u00e1rio de Nossa Senhora de Pomp\u00e9ia.<\/p>\n<hr \/>\n<h2>Papa no Angelus:<\/h2>\n<h2>Mostrar a luz verdadeira, que \u00e9 Jesus, com o testemunho de vida<\/h2>\n<p>Com o testemunho de vida, sabedores de que s\u00f3 em Deus encontramos a luz da vida, podemos ser uma l\u00e2mpada para os outros, ajudando-os a encontrar o caminho que leva a Jesus.<\/p>\n<p>Em s\u00edntese foi o que disse o Papa na sua alocu\u00e7\u00e3o antes de rezar o Angelus neste III Domingo do Advento, chamado de Domingo <em>Gaudete<\/em>, quando a Liturgia nos convida a um testemunho crist\u00e3o feliz e alegre. E a inspira\u00e7\u00e3o de Francisco, foi precisamente a miss\u00e3o e o testemunho de Jo\u00e3o Batista, conforme narrado no Evangelho de Jo\u00e3o (Jo 1,6-8.19-28): &#8220;Reflitamos sobre isso: testemunhar a luz.&#8221;<\/p>\n<p>Dirigindo-se aos milhares de fi\u00e9s e turistas reunidos na Pra\u00e7a S\u00e3o Pedro para o tradicional encontro dominical, o Papa come\u00e7a explicando que &#8220;o Batista \u00e9 certamente um homem extraordin\u00e1rio. As pessoas acorrem para ouvi-lo, atra\u00eddas pelo seu modo de ser, coerente e sincero&#8221;:<\/p>\n<p>O seu testemunho passa pela franqueza da sua linguagem, a honestidade do comportamento, a austeridade de vida. Tudo isso o diferencia de outros personagens famosos e poderosos da \u00e9poca, que contrariamente, investiam muito na apar\u00eancia. Pessoas como ele, retas, livres e corajosas, s\u00e3o figuras luminosas e fascinantes: estimulam-nos a elevar-nos da mediocridade e a ser, por sua vez, bons modelos de vida para os outros.<\/p>\n<p>O Senhor &#8211; observou o Santo Padre &#8211; &#8220;envia homens e mulheres deste tipo em todas as \u00e9pocas&#8221;. E pergunta: &#8220;Sabemos reconhec\u00ea-los? Procuramos aprender de seu testemunho, tamb\u00e9m questionando-nos? Ou nos deixamos encantar por personagens da moda? Jo\u00e3o \u00e9 luminoso enquanto testemunha a luz. Mas, qual \u00e9 a sua luz?&#8221;:<\/p>\n<p>Ele mesmo nos responde quando diz claramente \u00e0s multid\u00f5es que foram ouvi-lo de n\u00e3o ser ele a luz, de n\u00e3o ser ele o Messias. A luz \u00e9 Jesus, o Cordeiro de Deus, \u201cDeus que salva\u201d. Somente Ele redime, liberta, cura e ilumina. Por isso Jo\u00e3o \u00e9 uma \u201cvoz\u201d que acompanha os irm\u00e3os \u00e0 Palavra; serve, sem buscar honras e protagonismos: \u00e9 uma l\u00e2mpada, enquanto a luz \u00e9 Cristo vivo.<\/p>\n<p>Francisco ent\u00e3o, enfatiza que &#8220;o exemplo de Jo\u00e3o Batista nos ensina pelo menos duas coisas&#8221;:<\/p>\n<p>Primeiro, que n\u00e3o podemos salvar-nos sozinhos: somente em Deus encontramos a luz da vida. Segundo, que cada um de n\u00f3s, com o servi\u00e7o, a coer\u00eancia, a humildade, com o testemunho de vida \u2013 sempre com a gra\u00e7a de Deus \u2013 pode ser uma l\u00e2mpada que brilha e ajudar os outros a encontrar o caminho para encontrar Jesus.<\/p>\n<p>Ent\u00e3o, prop\u00f5e que nos perguntemos: Como posso, nos ambientes em que vivo, n\u00e3o num dia distante, mas j\u00e1 agora, neste Natal, ser testemunha de luz, testemunha de Cristo?<\/p>\n<p>Que Maria, espelho de santidade &#8211; disse ao concluir &#8211; nos ajude a ser homens e mulheres que refletem Jesus, luz que vem ao mundo.<\/p>\n<hr \/>\n<p><em>Fonte: Vatican News<\/em><\/p>\n","protected":false},"excerpt":{"rendered":"<p>Papa Francisco<\/p>\n","protected":false},"author":3,"featured_media":245844,"comment_status":"open","ping_status":"open","sticky":false,"template":"","format":"standard","meta":[],"categories":[1428],"tags":[55],"acf":[],"yoast_head":"<!-- This site is optimized with the Yoast SEO plugin v19.2 - https:\/\/yoast.com\/wordpress\/plugins\/seo\/ -->\n<title>Em seu anivers\u00e1rio, Papa convida crian\u00e7as a preparar o cora\u00e7\u00e3o para o Natal - Not\u00edcias - Franciscanos<\/title>\n<meta name=\"robots\" content=\"index, follow, max-snippet:-1, max-image-preview:large, max-video-preview:-1\" \/>\n<link rel=\"canonical\" href=\"https:\/\/franciscanos.org.br\/noticias\/em-seu-aniversario-papa-convida-criancas-a-preparar-o-coracao-para-o-natal.html\" \/>\n<meta property=\"og:locale\" content=\"pt_BR\" \/>\n<meta property=\"og:type\" content=\"article\" \/>\n<meta property=\"og:title\" content=\"Em seu anivers\u00e1rio, Papa convida crian\u00e7as a preparar o cora\u00e7\u00e3o para o Natal - Not\u00edcias - Franciscanos\" \/>\n<meta property=\"og:description\" content=\"Papa Francisco\" \/>\n<meta property=\"og:url\" content=\"https:\/\/franciscanos.org.br\/noticias\/em-seu-aniversario-papa-convida-criancas-a-preparar-o-coracao-para-o-natal.html\" \/>\n<meta property=\"og:site_name\" content=\"Not\u00edcias - Franciscanos\" \/>\n<meta property=\"article:published_time\" content=\"2023-12-17T13:46:59+00:00\" \/>\n<meta property=\"og:image\" content=\"https:\/\/franciscanos.org.br\/noticias\/wp-content\/uploads\/2023\/12\/PAPA.jpg\" \/>\n\t<meta property=\"og:image:width\" content=\"1280\" \/>\n\t<meta property=\"og:image:height\" content=\"720\" \/>\n\t<meta property=\"og:image:type\" content=\"image\/jpeg\" \/>\n<meta name=\"author\" content=\"moacir\" \/>\n<meta name=\"twitter:card\" content=\"summary_large_image\" \/>\n<meta name=\"twitter:label1\" content=\"Escrito por\" \/>\n\t<meta name=\"twitter:data1\" content=\"moacir\" \/>\n\t<meta name=\"twitter:label2\" content=\"Est. tempo de leitura\" \/>\n\t<meta name=\"twitter:data2\" content=\"4 minutos\" \/>\n<script type=\"application\/ld+json\" class=\"yoast-schema-graph\">{\"@context\":\"https:\/\/schema.org\",\"@graph\":[{\"@type\":\"WebSite\",\"@id\":\"https:\/\/franciscanos.org.br\/noticias\/#website\",\"url\":\"https:\/\/franciscanos.org.br\/noticias\/\",\"name\":\"Not\u00edcias - Franciscanos\",\"description\":\"Prov\u00edncia Franciscana da Imaculada Concei\u00e7\u00e3o do Brasil - Ordem dos Frades Menores - OFM\",\"potentialAction\":[{\"@type\":\"SearchAction\",\"target\":{\"@type\":\"EntryPoint\",\"urlTemplate\":\"https:\/\/franciscanos.org.br\/noticias\/?s={search_term_string}\"},\"query-input\":\"required name=search_term_string\"}],\"inLanguage\":\"pt-BR\"},{\"@type\":\"ImageObject\",\"inLanguage\":\"pt-BR\",\"@id\":\"https:\/\/franciscanos.org.br\/noticias\/em-seu-aniversario-papa-convida-criancas-a-preparar-o-coracao-para-o-natal.html#primaryimage\",\"url\":\"https:\/\/franciscanos.org.br\/noticias\/wp-content\/uploads\/2023\/12\/PAPA.jpg\",\"contentUrl\":\"https:\/\/franciscanos.org.br\/noticias\/wp-content\/uploads\/2023\/12\/PAPA.jpg\",\"width\":1280,\"height\":720},{\"@type\":\"WebPage\",\"@id\":\"https:\/\/franciscanos.org.br\/noticias\/em-seu-aniversario-papa-convida-criancas-a-preparar-o-coracao-para-o-natal.html#webpage\",\"url\":\"https:\/\/franciscanos.org.br\/noticias\/em-seu-aniversario-papa-convida-criancas-a-preparar-o-coracao-para-o-natal.html\",\"name\":\"Em seu anivers\u00e1rio, Papa convida crian\u00e7as a preparar o cora\u00e7\u00e3o para o Natal - Not\u00edcias - Franciscanos\",\"isPartOf\":{\"@id\":\"https:\/\/franciscanos.org.br\/noticias\/#website\"},\"primaryImageOfPage\":{\"@id\":\"https:\/\/franciscanos.org.br\/noticias\/em-seu-aniversario-papa-convida-criancas-a-preparar-o-coracao-para-o-natal.html#primaryimage\"},\"datePublished\":\"2023-12-17T13:46:59+00:00\",\"dateModified\":\"2023-12-17T13:46:59+00:00\",\"author\":{\"@id\":\"https:\/\/franciscanos.org.br\/noticias\/#\/schema\/person\/b5c8cba458c330ccff548b056e95a5d4\"},\"breadcrumb\":{\"@id\":\"https:\/\/franciscanos.org.br\/noticias\/em-seu-aniversario-papa-convida-criancas-a-preparar-o-coracao-para-o-natal.html#breadcrumb\"},\"inLanguage\":\"pt-BR\",\"potentialAction\":[{\"@type\":\"ReadAction\",\"target\":[\"https:\/\/franciscanos.org.br\/noticias\/em-seu-aniversario-papa-convida-criancas-a-preparar-o-coracao-para-o-natal.html\"]}]},{\"@type\":\"BreadcrumbList\",\"@id\":\"https:\/\/franciscanos.org.br\/noticias\/em-seu-aniversario-papa-convida-criancas-a-preparar-o-coracao-para-o-natal.html#breadcrumb\",\"itemListElement\":[{\"@type\":\"ListItem\",\"position\":1,\"name\":\"Home\",\"item\":\"https:\/\/franciscanos.org.br\/noticias\"},{\"@type\":\"ListItem\",\"position\":2,\"name\":\"Em seu anivers\u00e1rio, Papa convida crian\u00e7as a preparar o cora\u00e7\u00e3o para o Natal\"}]},{\"@type\":\"Person\",\"@id\":\"https:\/\/franciscanos.org.br\/noticias\/#\/schema\/person\/b5c8cba458c330ccff548b056e95a5d4\",\"name\":\"moacir\",\"image\":{\"@type\":\"ImageObject\",\"inLanguage\":\"pt-BR\",\"@id\":\"https:\/\/franciscanos.org.br\/noticias\/#\/schema\/person\/image\/\",\"url\":\"https:\/\/secure.gravatar.com\/avatar\/d08aa2ce4c8dd416d4479aa8536fcf64?s=96&d=mm&r=g\",\"contentUrl\":\"https:\/\/secure.gravatar.com\/avatar\/d08aa2ce4c8dd416d4479aa8536fcf64?s=96&d=mm&r=g\",\"caption\":\"moacir\"},\"url\":\"https:\/\/franciscanos.org.br\/noticias\/author\/moacir\"}]}<\/script>\n<!-- \/ Yoast SEO plugin. -->","yoast_head_json":{"title":"Em seu anivers\u00e1rio, Papa convida crian\u00e7as a preparar o cora\u00e7\u00e3o para o Natal - Not\u00edcias - Franciscanos","robots":{"index":"index","follow":"follow","max-snippet":"max-snippet:-1","max-image-preview":"max-image-preview:large","max-video-preview":"max-video-preview:-1"},"canonical":"https:\/\/franciscanos.org.br\/noticias\/em-seu-aniversario-papa-convida-criancas-a-preparar-o-coracao-para-o-natal.html","og_locale":"pt_BR","og_type":"article","og_title":"Em seu anivers\u00e1rio, Papa convida crian\u00e7as a preparar o cora\u00e7\u00e3o para o Natal - Not\u00edcias - Franciscanos","og_description":"Papa Francisco","og_url":"https:\/\/franciscanos.org.br\/noticias\/em-seu-aniversario-papa-convida-criancas-a-preparar-o-coracao-para-o-natal.html","og_site_name":"Not\u00edcias - Franciscanos","article_published_time":"2023-12-17T13:46:59+00:00","og_image":[{"width":1280,"height":720,"url":"https:\/\/franciscanos.org.br\/noticias\/wp-content\/uploads\/2023\/12\/PAPA.jpg","type":"image\/jpeg"}],"author":"moacir","twitter_card":"summary_large_image","twitter_misc":{"Escrito por":"moacir","Est. tempo de leitura":"4 minutos"},"schema":{"@context":"https:\/\/schema.org","@graph":[{"@type":"WebSite","@id":"https:\/\/franciscanos.org.br\/noticias\/#website","url":"https:\/\/franciscanos.org.br\/noticias\/","name":"Not\u00edcias - Franciscanos","description":"Prov\u00edncia Franciscana da Imaculada Concei\u00e7\u00e3o do Brasil - Ordem dos Frades Menores - OFM","potentialAction":[{"@type":"SearchAction","target":{"@type":"EntryPoint","urlTemplate":"https:\/\/franciscanos.org.br\/noticias\/?s={search_term_string}"},"query-input":"required name=search_term_string"}],"inLanguage":"pt-BR"},{"@type":"ImageObject","inLanguage":"pt-BR","@id":"https:\/\/franciscanos.org.br\/noticias\/em-seu-aniversario-papa-convida-criancas-a-preparar-o-coracao-para-o-natal.html#primaryimage","url":"https:\/\/franciscanos.org.br\/noticias\/wp-content\/uploads\/2023\/12\/PAPA.jpg","contentUrl":"https:\/\/franciscanos.org.br\/noticias\/wp-content\/uploads\/2023\/12\/PAPA.jpg","width":1280,"height":720},{"@type":"WebPage","@id":"https:\/\/franciscanos.org.br\/noticias\/em-seu-aniversario-papa-convida-criancas-a-preparar-o-coracao-para-o-natal.html#webpage","url":"https:\/\/franciscanos.org.br\/noticias\/em-seu-aniversario-papa-convida-criancas-a-preparar-o-coracao-para-o-natal.html","name":"Em seu anivers\u00e1rio, Papa convida crian\u00e7as a preparar o cora\u00e7\u00e3o para o Natal - Not\u00edcias - Franciscanos","isPartOf":{"@id":"https:\/\/franciscanos.org.br\/noticias\/#website"},"primaryImageOfPage":{"@id":"https:\/\/franciscanos.org.br\/noticias\/em-seu-aniversario-papa-convida-criancas-a-preparar-o-coracao-para-o-natal.html#primaryimage"},"datePublished":"2023-12-17T13:46:59+00:00","dateModified":"2023-12-17T13:46:59+00:00","author":{"@id":"https:\/\/franciscanos.org.br\/noticias\/#\/schema\/person\/b5c8cba458c330ccff548b056e95a5d4"},"breadcrumb":{"@id":"https:\/\/franciscanos.org.br\/noticias\/em-seu-aniversario-papa-convida-criancas-a-preparar-o-coracao-para-o-natal.html#breadcrumb"},"inLanguage":"pt-BR","potentialAction":[{"@type":"ReadAction","target":["https:\/\/franciscanos.org.br\/noticias\/em-seu-aniversario-papa-convida-criancas-a-preparar-o-coracao-para-o-natal.html"]}]},{"@type":"BreadcrumbList","@id":"https:\/\/franciscanos.org.br\/noticias\/em-seu-aniversario-papa-convida-criancas-a-preparar-o-coracao-para-o-natal.html#breadcrumb","itemListElement":[{"@type":"ListItem","position":1,"name":"Home","item":"https:\/\/franciscanos.org.br\/noticias"},{"@type":"ListItem","position":2,"name":"Em seu anivers\u00e1rio, Papa convida crian\u00e7as a preparar o cora\u00e7\u00e3o para o Natal"}]},{"@type":"Person","@id":"https:\/\/franciscanos.org.br\/noticias\/#\/schema\/person\/b5c8cba458c330ccff548b056e95a5d4","name":"moacir","image":{"@type":"ImageObject","inLanguage":"pt-BR","@id":"https:\/\/franciscanos.org.br\/noticias\/#\/schema\/person\/image\/","url":"https:\/\/secure.gravatar.com\/avatar\/d08aa2ce4c8dd416d4479aa8536fcf64?s=96&d=mm&r=g","contentUrl":"https:\/\/secure.gravatar.com\/avatar\/d08aa2ce4c8dd416d4479aa8536fcf64?s=96&d=mm&r=g","caption":"moacir"},"url":"https:\/\/franciscanos.org.br\/noticias\/author\/moacir"}]}},"_links":{"self":[{"href":"https:\/\/franciscanos.org.br\/noticias\/wp-json\/wp\/v2\/posts\/245843"}],"collection":[{"href":"https:\/\/franciscanos.org.br\/noticias\/wp-json\/wp\/v2\/posts"}],"about":[{"href":"https:\/\/franciscanos.org.br\/noticias\/wp-json\/wp\/v2\/types\/post"}],"author":[{"embeddable":true,"href":"https:\/\/franciscanos.org.br\/noticias\/wp-json\/wp\/v2\/users\/3"}],"replies":[{"embeddable":true,"href":"https:\/\/franciscanos.org.br\/noticias\/wp-json\/wp\/v2\/comments?post=245843"}],"version-history":[{"count":1,"href":"https:\/\/franciscanos.org.br\/noticias\/wp-json\/wp\/v2\/posts\/245843\/revisions"}],"predecessor-version":[{"id":245845,"href":"https:\/\/franciscanos.org.br\/noticias\/wp-json\/wp\/v2\/posts\/245843\/revisions\/245845"}],"wp:featuredmedia":[{"embeddable":true,"href":"https:\/\/franciscanos.org.br\/noticias\/wp-json\/wp\/v2\/media\/245844"}],"wp:attachment":[{"href":"https:\/\/franciscanos.org.br\/noticias\/wp-json\/wp\/v2\/media?parent=245843"}],"wp:term":[{"taxonomy":"category","embeddable":true,"href":"https:\/\/franciscanos.org.br\/noticias\/wp-json\/wp\/v2\/categories?post=245843"},{"taxonomy":"post_tag","embeddable":true,"href":"https:\/\/franciscanos.org.br\/noticias\/wp-json\/wp\/v2\/tags?post=245843"}],"curies":[{"name":"wp","href":"https:\/\/api.w.org\/{rel}","templated":true}]}}