{"id":245829,"date":"2023-12-14T06:57:12","date_gmt":"2023-12-14T09:57:12","guid":{"rendered":"https:\/\/franciscanos.org.br\/noticias\/?p=245829"},"modified":"2023-12-14T08:59:46","modified_gmt":"2023-12-14T11:59:46","slug":"papa-a-saude-melhorou-nao-penso-em-renunciar","status":"publish","type":"post","link":"https:\/\/franciscanos.org.br\/noticias\/papa-a-saude-melhorou-nao-penso-em-renunciar.html","title":{"rendered":"Papa: a sa\u00fade melhorou, n\u00e3o penso em renunciar"},"content":{"rendered":"<p><img loading=\"lazy\" class=\"alignnone wp-image-245830\" src=\"https:\/\/franciscanos.org.br\/noticias\/wp-content\/uploads\/2023\/12\/papa_1412.jpeg\" alt=\"\" width=\"969\" height=\"545\" srcset=\"https:\/\/franciscanos.org.br\/noticias\/wp-content\/uploads\/2023\/12\/papa_1412.jpeg 750w, https:\/\/franciscanos.org.br\/noticias\/wp-content\/uploads\/2023\/12\/papa_1412-450x253.jpeg 450w, https:\/\/franciscanos.org.br\/noticias\/wp-content\/uploads\/2023\/12\/papa_1412-150x84.jpeg 150w\" sizes=\"(max-width: 969px) 100vw, 969px\" \/><\/p>\n<p>Mais do que uma decis\u00e3o ou uma revolu\u00e7\u00e3o, \u00e9 uma promessa que o Papa fez \u00e0 Virgem Maria: &#8220;Quero ser sepultado na Bas\u00edlica de Santa Maria Maior. O lugar j\u00e1 est\u00e1 pronto&#8221;. Francisco, que completar\u00e1 87 anos no pr\u00f3ximo dia 17 de dezembro, revela sua inten\u00e7\u00e3o \u00e0 emissora mexicana N+, e explica que est\u00e1 trabalhando para simplificar o rito dos funerais dos pont\u00edfices, e esclarece que, embora haja pensamentos sobre a morte devido tamb\u00e9m \u00e0 idade avan\u00e7ada que &#8220;chega tal como \u00e9&#8221;, a ideia de renunciar n\u00e3o est\u00e1 nos planos. Pelo contr\u00e1rio, Jorge Mario Bergoglio revela o desejo de viajar \u00e0 B\u00e9lgica em 2024, al\u00e9m de viagens &#8220;pendentes&#8221; \u00e0 Polin\u00e9sia e \u00e0 sua terra natal, a Argentina.<\/p>\n<p><strong>Santa Maria Maior, local do futuro sepultamento<\/strong><br \/>\nA entrevista foi conduzida pela renomada correspondente Valentina Alazraki, uma veterana de todos os vaticanistas, no dia em que o M\u00e9xico celebra sua &#8220;m\u00e3e&#8221;, Nossa Senhora de Guadalupe. A &#8220;Morenita&#8221; est\u00e1 de fato presente em toda a entrevista, durante a qual o Papa reitera a &#8220;grande devo\u00e7\u00e3o&#8221; a Nossa Senhora. Da\u00ed a escolha de Santa Maria Maior como local de seu futuro sepultamento, o que, por um lado, marca uma novidade hist\u00f3rica em rela\u00e7\u00e3o aos Pont\u00edfices do passado, todos sepultados nas Grutas Vaticanas (o \u00faltimo foi Bento XVI, falecido em 31 de dezembro de 2022); por outro lado, refor\u00e7a o v\u00ednculo com a Bas\u00edlica liberiana, visitada 115 vezes desde o dia seguinte \u00e0 sua elei\u00e7\u00e3o, 14 de mar\u00e7o de 2013, antes e depois de cada viagem internacional, at\u00e9 o \u00faltimo dia 8 de dezembro, quando foi homenagear com uma &#8220;Rosa de Ouro&#8221; a Salus Populi Romani, o \u00edcone mariano que a tradi\u00e7\u00e3o diz ter sido pintado por S\u00e3o Lucas e que vela pelos habitantes da cidade. &#8220;\u00c9 minha grande devo\u00e7\u00e3o. Minha grande devo\u00e7\u00e3o. E antes de ser Papa, quando estava em Roma, eu sempre ia l\u00e1 nas manh\u00e3s de domingo, ficava l\u00e1 por um tempo. H\u00e1 um v\u00ednculo muito grande&#8221;, diz Francisco.<\/p>\n<p><strong>A rela\u00e7\u00e3o com Bento XVI<\/strong><br \/>\nEm seguida, explica que, &#8220;com o mestre de cerim\u00f4nias&#8221;, preparou o rito do funeral do Papa: &#8220;Simplificamos muito&#8221;. O \u00faltimo funeral foi o de Bento XVI, em 5 de janeiro, na Pra\u00e7a de S\u00e3o Pedro. Foi justamente sobre o relacionamento com seu predecessor, por dez anos Papa Em\u00e9rito, que Francisco falou na entrevista, poucos dias antes do primeiro anivers\u00e1rio de sua morte. &#8220;Meu relacionamento com o Papa Bento XVI era muito pr\u00f3ximo. \u00c0s vezes eu o consultava. Ele, com grande sabedoria, me dava sua opini\u00e3o, mas dizia &#8216;decida voc\u00ea&#8217;, deixava nas minhas m\u00e3os. E sempre me ajudava. Muito generoso neste aspecto&#8221;. Francisco descreve como uma &#8220;gra\u00e7a&#8221; ter sido capaz de &#8220;se despedir&#8221; de seu antecessor, depois de ter sido informado por um enfermeiro que estava mal e de ter pedido ora\u00e7\u00f5es por ele durante a \u00faltima audi\u00eancia geral em 2022. &#8220;Fui v\u00ea-lo&#8221;, conta Francisco, &#8220;ele estava l\u00facido, mas n\u00e3o conseguia mais falar e segurou minha m\u00e3o, assim. Foi muito bonita aquela despedida. Foi muito bonita. E depois de tr\u00eas dias ele morreu. Bento era um grande homem, um homem humilde e simples que, quando percebeu suas limita\u00e7\u00f5es, teve a coragem de dizer chega. Eu admiro esse homem&#8221;.<\/p>\n<p>O Papa diz que na verdade n\u00e3o &#8220;notou&#8221; que Bento se foi, no sentido de que sua partida tamb\u00e9m foi um pouco como os \u00faltimos anos de sua vida no Mosteiro Mater Ecclesiae: discreta, silenciosa, natural. &#8220;Eu n\u00e3o me dei conta. \u00c0s vezes vou rezar nos t\u00famulos dos papas e passo pelo dele. Mas n\u00e3o percebi que ele partiu, como nas vezes em que me aconselhava, eu n\u00e3o percebia que havia outra pessoa me aconselhando. Ele tinha aquela sabedoria de fazer as coisas com liberdade. \u00c9 a mesma coisa de antes. Eu o tinha perto anteriormente e agora o tenho longe, mas com uma naturalidade muito grande&#8221;.<\/p>\n<p><strong>\u201cAinda n\u00e3o estou pensando em renunciar\u201d<\/strong><br \/>\nComo em outras ocasi\u00f5es, o Papa afirma n\u00e3o descartar a possibilidade de um dia seguir os passos de Bento, no entanto, este n\u00e3o \u00e9 o momento. H\u00e1 um ano, em outra entrevista \u00e0 ABC, Francisco revelou que, no in\u00edcio de seu pontificado, havia entregue &#8211; como \u00e9 de praxe &#8211; uma carta de ren\u00fancia em caso de impedimento m\u00e9dico ao ent\u00e3o Cardeal Secret\u00e1rio de Estado, Tarcisio Bertone. Essa carta permanece onde est\u00e1: &#8220;N\u00e3o pensei a respeito e vi a coragem de Bento quando percebeu que n\u00e3o conseguia, preferiu dizer basta, e isso \u00e9 bom para mim como exemplo e pe\u00e7o ao Senhor que, em um determinado momento, eu possa dizer basta, mas quando Ele quiser&#8221;.<\/p>\n<p><strong>Velhice e condi\u00e7\u00f5es de sa\u00fade<\/strong><br \/>\nAo ser questionado se \u00e9 verdade, como afirmam alguns cr\u00edticos, que ap\u00f3s a morte de seu antecessor, o Papa se tornou &#8220;mais severo&#8221; e, ao mesmo tempo, os seus detratores &#8220;mais virulentos, mais ferozes&#8221;, Francisco responde com uma piada: &#8220;N\u00e3o, algumas pessoas precisam de receber um&#8230;&#8221;. E faz a compara\u00e7\u00e3o com os pais em seu relacionamento com os filhos: &#8220;\u00c0s vezes \u00e9 necess\u00e1rio um serm\u00e3o, mas as pessoas s\u00e3o muito boas aqui. Eu sou complicado e \u00e0s vezes um pouco impaciente e eles me aturam&#8230;. As pessoas na C\u00faria s\u00e3o muito boas&#8221;. &#8220;Mas agora \u00e9 menos rigoroso com eles&#8221;, observa Alazraki. &#8220;\u00c9 que at\u00e9 os av\u00f3s melhoram, isso faz parte do envelhecimento da vida.&#8221;<\/p>\n<p>A prop\u00f3sito da &#8220;velhice&#8221;, o Papa &#8211; recentemente acometido por uma bronquite, operado duas vezes nos \u00faltimos dois anos no Hospital Gemelli &#8211; admite a fragilidade de sua sa\u00fade, mas reafirma seu estado. &#8220;Sinto-me bem, sinto-me melhor&#8221;, declara, mas &#8220;preciso que rezem pela minha sa\u00fade&#8221;, porque &#8220;a velhice n\u00e3o vem por si mesma&#8221;, &#8220;n\u00e3o se inventa, apresenta-se tal como \u00e9&#8221;. Por outro lado, &#8220;\u00e9 preciso saber como aceitar os dons da velhice&#8221; e &#8220;que tamb\u00e9m se pode fazer isso muito bem a partir de outra perspectiva&#8221;. &#8220;\u00c0s vezes&#8221;, revela o Papa, &#8220;me dizem que sou imprudente porque tenho vontade de fazer coisas e me movimentar&#8221;. Este \u00e9 um sinal de que &#8220;estou muito bem&#8221;.<\/p>\n<p><strong>Pr\u00f3ximas viagens<\/strong><br \/>\nA bronquite for\u00e7ou o cancelamento da viagem a Dubai no in\u00edcio de dezembro para o Cop28. &#8220;\u00c9 verdade&#8221;, admite o Papa Francisco, &#8220;que todas as viagens agora s\u00e3o repensadas. As mais distantes est\u00e3o sendo repensadas. S\u00e3o os limites, n\u00e3o \u00e9? O limite que faz perceber que tudo aqui acaba e outra coisa come\u00e7a. A velhice faz voc\u00ea amadurecer muito, \u00e9 bonito&#8221;.<\/p>\n<p>As viagens est\u00e3o sendo reconsideradas, mas o desejo de realizar tr\u00eas no pr\u00f3ximo ano continua: B\u00e9lgica, Polin\u00e9sia e Argentina. A primeira na B\u00e9lgica \u00e9 &#8220;certa&#8221;, diz Francisco, convidado pelo Rei Philippe e pela Rainha Mathilde na audi\u00eancia de 14 de setembro. As outras duas est\u00e3o &#8220;pendentes&#8221;: &#8220;Veremos como as coisas v\u00e3o se desenvolver&#8221;. \u00c9 a primeira vez que o Papa fala publicamente sobre a Polin\u00e9sia, enquanto j\u00e1 havia mencionado a ideia de retornar \u00e0 sua terra natal em quase todas as entrevistas que concedeu no ano passado. O rec\u00e9m-eleito presidente Javier Milei tamb\u00e9m o convidou por meio de uma conversa telef\u00f4nica ap\u00f3s sua vit\u00f3ria eleitoral. Em resposta a uma pergunta a respeito das express\u00f5es sobre o Papa usadas pelo pr\u00f3prio presidente no passado, Francisco disse: &#8220;Na campanha eleitoral, as coisas s\u00e3o ditas em tom de brincadeira, eu digo entre aspas: s\u00e3o ditas de maneira s\u00e9ria, mas s\u00e3o coisas provis\u00f3rias, coisas que servem para chamar um pouco de aten\u00e7\u00e3o, mas que depois desaparecem por si mesmas. \u00c9 preciso distinguir muito entre o que um pol\u00edtico diz na campanha eleitoral e o que ele realmente faz depois, porque \u00e9 depois que chega o momento da concretiza\u00e7\u00e3o e das decis\u00f5es&#8221;.<\/p>\n<hr \/>\n<p><em>Fonte: Vatican News (texto de Salvatore Cernuzio)<\/em><\/p>\n","protected":false},"excerpt":{"rendered":"<p>Papa Francisco<\/p>\n","protected":false},"author":3,"featured_media":245830,"comment_status":"open","ping_status":"open","sticky":false,"template":"","format":"standard","meta":[],"categories":[1,1428],"tags":[55],"acf":[],"yoast_head":"<!-- This site is optimized with the Yoast SEO plugin v19.2 - https:\/\/yoast.com\/wordpress\/plugins\/seo\/ -->\n<title>Papa: a sa\u00fade melhorou, n\u00e3o penso em renunciar - Not\u00edcias - Franciscanos<\/title>\n<meta name=\"robots\" content=\"index, follow, max-snippet:-1, max-image-preview:large, max-video-preview:-1\" \/>\n<link rel=\"canonical\" href=\"https:\/\/franciscanos.org.br\/noticias\/papa-a-saude-melhorou-nao-penso-em-renunciar.html\" \/>\n<meta property=\"og:locale\" content=\"pt_BR\" \/>\n<meta property=\"og:type\" content=\"article\" \/>\n<meta property=\"og:title\" content=\"Papa: a sa\u00fade melhorou, n\u00e3o penso em renunciar - Not\u00edcias - Franciscanos\" \/>\n<meta property=\"og:description\" content=\"Papa Francisco\" \/>\n<meta property=\"og:url\" content=\"https:\/\/franciscanos.org.br\/noticias\/papa-a-saude-melhorou-nao-penso-em-renunciar.html\" \/>\n<meta property=\"og:site_name\" content=\"Not\u00edcias - Franciscanos\" \/>\n<meta property=\"article:published_time\" content=\"2023-12-14T09:57:12+00:00\" \/>\n<meta property=\"article:modified_time\" content=\"2023-12-14T11:59:46+00:00\" \/>\n<meta property=\"og:image\" content=\"https:\/\/franciscanos.org.br\/noticias\/wp-content\/uploads\/2023\/12\/papa_1412.jpeg\" \/>\n\t<meta property=\"og:image:width\" content=\"750\" \/>\n\t<meta property=\"og:image:height\" content=\"422\" \/>\n\t<meta property=\"og:image:type\" content=\"image\/jpeg\" \/>\n<meta name=\"author\" content=\"moacir\" \/>\n<meta name=\"twitter:card\" content=\"summary_large_image\" \/>\n<meta name=\"twitter:label1\" content=\"Escrito por\" \/>\n\t<meta name=\"twitter:data1\" content=\"moacir\" \/>\n\t<meta name=\"twitter:label2\" content=\"Est. tempo de leitura\" \/>\n\t<meta name=\"twitter:data2\" content=\"7 minutos\" \/>\n<script type=\"application\/ld+json\" class=\"yoast-schema-graph\">{\"@context\":\"https:\/\/schema.org\",\"@graph\":[{\"@type\":\"WebSite\",\"@id\":\"https:\/\/franciscanos.org.br\/noticias\/#website\",\"url\":\"https:\/\/franciscanos.org.br\/noticias\/\",\"name\":\"Not\u00edcias - Franciscanos\",\"description\":\"Prov\u00edncia Franciscana da Imaculada Concei\u00e7\u00e3o do Brasil - Ordem dos Frades Menores - OFM\",\"potentialAction\":[{\"@type\":\"SearchAction\",\"target\":{\"@type\":\"EntryPoint\",\"urlTemplate\":\"https:\/\/franciscanos.org.br\/noticias\/?s={search_term_string}\"},\"query-input\":\"required name=search_term_string\"}],\"inLanguage\":\"pt-BR\"},{\"@type\":\"ImageObject\",\"inLanguage\":\"pt-BR\",\"@id\":\"https:\/\/franciscanos.org.br\/noticias\/papa-a-saude-melhorou-nao-penso-em-renunciar.html#primaryimage\",\"url\":\"https:\/\/franciscanos.org.br\/noticias\/wp-content\/uploads\/2023\/12\/papa_1412.jpeg\",\"contentUrl\":\"https:\/\/franciscanos.org.br\/noticias\/wp-content\/uploads\/2023\/12\/papa_1412.jpeg\",\"width\":750,\"height\":422},{\"@type\":\"WebPage\",\"@id\":\"https:\/\/franciscanos.org.br\/noticias\/papa-a-saude-melhorou-nao-penso-em-renunciar.html#webpage\",\"url\":\"https:\/\/franciscanos.org.br\/noticias\/papa-a-saude-melhorou-nao-penso-em-renunciar.html\",\"name\":\"Papa: a sa\u00fade melhorou, n\u00e3o penso em renunciar - Not\u00edcias - Franciscanos\",\"isPartOf\":{\"@id\":\"https:\/\/franciscanos.org.br\/noticias\/#website\"},\"primaryImageOfPage\":{\"@id\":\"https:\/\/franciscanos.org.br\/noticias\/papa-a-saude-melhorou-nao-penso-em-renunciar.html#primaryimage\"},\"datePublished\":\"2023-12-14T09:57:12+00:00\",\"dateModified\":\"2023-12-14T11:59:46+00:00\",\"author\":{\"@id\":\"https:\/\/franciscanos.org.br\/noticias\/#\/schema\/person\/b5c8cba458c330ccff548b056e95a5d4\"},\"breadcrumb\":{\"@id\":\"https:\/\/franciscanos.org.br\/noticias\/papa-a-saude-melhorou-nao-penso-em-renunciar.html#breadcrumb\"},\"inLanguage\":\"pt-BR\",\"potentialAction\":[{\"@type\":\"ReadAction\",\"target\":[\"https:\/\/franciscanos.org.br\/noticias\/papa-a-saude-melhorou-nao-penso-em-renunciar.html\"]}]},{\"@type\":\"BreadcrumbList\",\"@id\":\"https:\/\/franciscanos.org.br\/noticias\/papa-a-saude-melhorou-nao-penso-em-renunciar.html#breadcrumb\",\"itemListElement\":[{\"@type\":\"ListItem\",\"position\":1,\"name\":\"Home\",\"item\":\"https:\/\/franciscanos.org.br\/noticias\"},{\"@type\":\"ListItem\",\"position\":2,\"name\":\"Papa: a sa\u00fade melhorou, n\u00e3o penso em renunciar\"}]},{\"@type\":\"Person\",\"@id\":\"https:\/\/franciscanos.org.br\/noticias\/#\/schema\/person\/b5c8cba458c330ccff548b056e95a5d4\",\"name\":\"moacir\",\"image\":{\"@type\":\"ImageObject\",\"inLanguage\":\"pt-BR\",\"@id\":\"https:\/\/franciscanos.org.br\/noticias\/#\/schema\/person\/image\/\",\"url\":\"https:\/\/secure.gravatar.com\/avatar\/d08aa2ce4c8dd416d4479aa8536fcf64?s=96&d=mm&r=g\",\"contentUrl\":\"https:\/\/secure.gravatar.com\/avatar\/d08aa2ce4c8dd416d4479aa8536fcf64?s=96&d=mm&r=g\",\"caption\":\"moacir\"},\"url\":\"https:\/\/franciscanos.org.br\/noticias\/author\/moacir\"}]}<\/script>\n<!-- \/ Yoast SEO plugin. -->","yoast_head_json":{"title":"Papa: a sa\u00fade melhorou, n\u00e3o penso em renunciar - Not\u00edcias - Franciscanos","robots":{"index":"index","follow":"follow","max-snippet":"max-snippet:-1","max-image-preview":"max-image-preview:large","max-video-preview":"max-video-preview:-1"},"canonical":"https:\/\/franciscanos.org.br\/noticias\/papa-a-saude-melhorou-nao-penso-em-renunciar.html","og_locale":"pt_BR","og_type":"article","og_title":"Papa: a sa\u00fade melhorou, n\u00e3o penso em renunciar - Not\u00edcias - Franciscanos","og_description":"Papa Francisco","og_url":"https:\/\/franciscanos.org.br\/noticias\/papa-a-saude-melhorou-nao-penso-em-renunciar.html","og_site_name":"Not\u00edcias - Franciscanos","article_published_time":"2023-12-14T09:57:12+00:00","article_modified_time":"2023-12-14T11:59:46+00:00","og_image":[{"width":750,"height":422,"url":"https:\/\/franciscanos.org.br\/noticias\/wp-content\/uploads\/2023\/12\/papa_1412.jpeg","type":"image\/jpeg"}],"author":"moacir","twitter_card":"summary_large_image","twitter_misc":{"Escrito por":"moacir","Est. tempo de leitura":"7 minutos"},"schema":{"@context":"https:\/\/schema.org","@graph":[{"@type":"WebSite","@id":"https:\/\/franciscanos.org.br\/noticias\/#website","url":"https:\/\/franciscanos.org.br\/noticias\/","name":"Not\u00edcias - Franciscanos","description":"Prov\u00edncia Franciscana da Imaculada Concei\u00e7\u00e3o do Brasil - Ordem dos Frades Menores - OFM","potentialAction":[{"@type":"SearchAction","target":{"@type":"EntryPoint","urlTemplate":"https:\/\/franciscanos.org.br\/noticias\/?s={search_term_string}"},"query-input":"required name=search_term_string"}],"inLanguage":"pt-BR"},{"@type":"ImageObject","inLanguage":"pt-BR","@id":"https:\/\/franciscanos.org.br\/noticias\/papa-a-saude-melhorou-nao-penso-em-renunciar.html#primaryimage","url":"https:\/\/franciscanos.org.br\/noticias\/wp-content\/uploads\/2023\/12\/papa_1412.jpeg","contentUrl":"https:\/\/franciscanos.org.br\/noticias\/wp-content\/uploads\/2023\/12\/papa_1412.jpeg","width":750,"height":422},{"@type":"WebPage","@id":"https:\/\/franciscanos.org.br\/noticias\/papa-a-saude-melhorou-nao-penso-em-renunciar.html#webpage","url":"https:\/\/franciscanos.org.br\/noticias\/papa-a-saude-melhorou-nao-penso-em-renunciar.html","name":"Papa: a sa\u00fade melhorou, n\u00e3o penso em renunciar - Not\u00edcias - Franciscanos","isPartOf":{"@id":"https:\/\/franciscanos.org.br\/noticias\/#website"},"primaryImageOfPage":{"@id":"https:\/\/franciscanos.org.br\/noticias\/papa-a-saude-melhorou-nao-penso-em-renunciar.html#primaryimage"},"datePublished":"2023-12-14T09:57:12+00:00","dateModified":"2023-12-14T11:59:46+00:00","author":{"@id":"https:\/\/franciscanos.org.br\/noticias\/#\/schema\/person\/b5c8cba458c330ccff548b056e95a5d4"},"breadcrumb":{"@id":"https:\/\/franciscanos.org.br\/noticias\/papa-a-saude-melhorou-nao-penso-em-renunciar.html#breadcrumb"},"inLanguage":"pt-BR","potentialAction":[{"@type":"ReadAction","target":["https:\/\/franciscanos.org.br\/noticias\/papa-a-saude-melhorou-nao-penso-em-renunciar.html"]}]},{"@type":"BreadcrumbList","@id":"https:\/\/franciscanos.org.br\/noticias\/papa-a-saude-melhorou-nao-penso-em-renunciar.html#breadcrumb","itemListElement":[{"@type":"ListItem","position":1,"name":"Home","item":"https:\/\/franciscanos.org.br\/noticias"},{"@type":"ListItem","position":2,"name":"Papa: a sa\u00fade melhorou, n\u00e3o penso em renunciar"}]},{"@type":"Person","@id":"https:\/\/franciscanos.org.br\/noticias\/#\/schema\/person\/b5c8cba458c330ccff548b056e95a5d4","name":"moacir","image":{"@type":"ImageObject","inLanguage":"pt-BR","@id":"https:\/\/franciscanos.org.br\/noticias\/#\/schema\/person\/image\/","url":"https:\/\/secure.gravatar.com\/avatar\/d08aa2ce4c8dd416d4479aa8536fcf64?s=96&d=mm&r=g","contentUrl":"https:\/\/secure.gravatar.com\/avatar\/d08aa2ce4c8dd416d4479aa8536fcf64?s=96&d=mm&r=g","caption":"moacir"},"url":"https:\/\/franciscanos.org.br\/noticias\/author\/moacir"}]}},"_links":{"self":[{"href":"https:\/\/franciscanos.org.br\/noticias\/wp-json\/wp\/v2\/posts\/245829"}],"collection":[{"href":"https:\/\/franciscanos.org.br\/noticias\/wp-json\/wp\/v2\/posts"}],"about":[{"href":"https:\/\/franciscanos.org.br\/noticias\/wp-json\/wp\/v2\/types\/post"}],"author":[{"embeddable":true,"href":"https:\/\/franciscanos.org.br\/noticias\/wp-json\/wp\/v2\/users\/3"}],"replies":[{"embeddable":true,"href":"https:\/\/franciscanos.org.br\/noticias\/wp-json\/wp\/v2\/comments?post=245829"}],"version-history":[{"count":1,"href":"https:\/\/franciscanos.org.br\/noticias\/wp-json\/wp\/v2\/posts\/245829\/revisions"}],"predecessor-version":[{"id":245831,"href":"https:\/\/franciscanos.org.br\/noticias\/wp-json\/wp\/v2\/posts\/245829\/revisions\/245831"}],"wp:featuredmedia":[{"embeddable":true,"href":"https:\/\/franciscanos.org.br\/noticias\/wp-json\/wp\/v2\/media\/245830"}],"wp:attachment":[{"href":"https:\/\/franciscanos.org.br\/noticias\/wp-json\/wp\/v2\/media?parent=245829"}],"wp:term":[{"taxonomy":"category","embeddable":true,"href":"https:\/\/franciscanos.org.br\/noticias\/wp-json\/wp\/v2\/categories?post=245829"},{"taxonomy":"post_tag","embeddable":true,"href":"https:\/\/franciscanos.org.br\/noticias\/wp-json\/wp\/v2\/tags?post=245829"}],"curies":[{"name":"wp","href":"https:\/\/api.w.org\/{rel}","templated":true}]}}