{"id":245804,"date":"2023-12-09T09:39:34","date_gmt":"2023-12-09T12:39:34","guid":{"rendered":"https:\/\/franciscanos.org.br\/noticias\/?p=245804"},"modified":"2023-12-09T09:40:22","modified_gmt":"2023-12-09T12:40:22","slug":"canarinhos-de-petropolis-fazem-da-igreja-do-sagrado-uma-nova-greccio","status":"publish","type":"post","link":"https:\/\/franciscanos.org.br\/noticias\/canarinhos-de-petropolis-fazem-da-igreja-do-sagrado-uma-nova-greccio.html","title":{"rendered":"Canarinhos de Petr\u00f3polis fazem da Igreja do Sagrado uma nova Greccio!"},"content":{"rendered":"<p><img loading=\"lazy\" class=\"alignnone size-full wp-image-245805\" src=\"https:\/\/franciscanos.org.br\/noticias\/wp-content\/uploads\/2023\/12\/canarinhos_09_5.jpg\" alt=\"\" width=\"1280\" height=\"720\" srcset=\"https:\/\/franciscanos.org.br\/noticias\/wp-content\/uploads\/2023\/12\/canarinhos_09_5.jpg 1280w, https:\/\/franciscanos.org.br\/noticias\/wp-content\/uploads\/2023\/12\/canarinhos_09_5-450x253.jpg 450w, https:\/\/franciscanos.org.br\/noticias\/wp-content\/uploads\/2023\/12\/canarinhos_09_5-1024x576.jpg 1024w, https:\/\/franciscanos.org.br\/noticias\/wp-content\/uploads\/2023\/12\/canarinhos_09_5-768x432.jpg 768w, https:\/\/franciscanos.org.br\/noticias\/wp-content\/uploads\/2023\/12\/canarinhos_09_5-150x84.jpg 150w\" sizes=\"(max-width: 1280px) 100vw, 1280px\" \/><\/p>\n<p><strong>Petr\u00f3polis (RJ) &#8211;<\/strong> Nas comemora\u00e7\u00f5es dos 800 anos do Pres\u00e9pio de Greccio, o Instituto dos Meninos Cantores de Petr\u00f3polis (IMCP) realizou seu Concerto especial de Natal no dia r8 de dezembro, \u00e0s 19h30, na Igreja do Sagrado, dia da Imaculada Concei\u00e7\u00e3o, Padroeira de nossa Prov\u00edncia.<\/p>\n<p>Junto de todas as a\u00e7\u00f5es da Fam\u00edlia Franciscana, que tem celebrado esse jubileu de muitas formas, tamb\u00e9m o IMCP prestou sua homenagem a esta t\u00e3o importante dimens\u00e3o da espiritualidade crist\u00e3: o Pres\u00e9pio! E o fez com aquilo que o Instituto tem de melhor: a m\u00fasica!<\/p>\n<p><img loading=\"lazy\" class=\"alignnone size-full wp-image-245806\" src=\"https:\/\/franciscanos.org.br\/noticias\/wp-content\/uploads\/2023\/12\/canarinhos_09_9.jpg\" alt=\"\" width=\"1280\" height=\"853\" srcset=\"https:\/\/franciscanos.org.br\/noticias\/wp-content\/uploads\/2023\/12\/canarinhos_09_9.jpg 1280w, https:\/\/franciscanos.org.br\/noticias\/wp-content\/uploads\/2023\/12\/canarinhos_09_9-450x300.jpg 450w, https:\/\/franciscanos.org.br\/noticias\/wp-content\/uploads\/2023\/12\/canarinhos_09_9-1024x682.jpg 1024w, https:\/\/franciscanos.org.br\/noticias\/wp-content\/uploads\/2023\/12\/canarinhos_09_9-768x512.jpg 768w, https:\/\/franciscanos.org.br\/noticias\/wp-content\/uploads\/2023\/12\/canarinhos_09_9-150x100.jpg 150w\" sizes=\"(max-width: 1280px) 100vw, 1280px\" \/><\/p>\n<p>H\u00e1 oito s\u00e9culos, o Pobrezinho de Assis, movido pela paix\u00e3o ao Menino Deus, buscou reavivar nos cora\u00e7\u00f5es dos homens e mulheres esse amor puro e terno e quis fazer de uma gruta no vilarejo italiano de Greccio uma nova Bel\u00e9m! Para narrar esse momento que entrou para a hist\u00f3ria, o Coral dos Canarinhos e o Coral das Meninas dos Canarinhos, regidos pelo Maestro e Diretor Art\u00edstico do IMCP, Marco Aur\u00e9lio Lischt, usaram no Concerto o texto mais antigo do relato do Pres\u00e9pio: o Cap\u00edtulo XXX da Primeira Vida de S\u00e3o Francisco, escrita pelo frade italiano, Tom\u00e1s de Celano. O texto foi lido pelo Presidente do IMCP e Definidor Provincial, Frei Marcos Antonio de Andrade.<\/p>\n<p><img loading=\"lazy\" class=\"alignnone size-full wp-image-245807\" src=\"https:\/\/franciscanos.org.br\/noticias\/wp-content\/uploads\/2023\/12\/canarinhos_09_1.jpg\" alt=\"\" width=\"1280\" height=\"927\" srcset=\"https:\/\/franciscanos.org.br\/noticias\/wp-content\/uploads\/2023\/12\/canarinhos_09_1.jpg 1280w, https:\/\/franciscanos.org.br\/noticias\/wp-content\/uploads\/2023\/12\/canarinhos_09_1-450x326.jpg 450w, https:\/\/franciscanos.org.br\/noticias\/wp-content\/uploads\/2023\/12\/canarinhos_09_1-1024x742.jpg 1024w, https:\/\/franciscanos.org.br\/noticias\/wp-content\/uploads\/2023\/12\/canarinhos_09_1-768x556.jpg 768w, https:\/\/franciscanos.org.br\/noticias\/wp-content\/uploads\/2023\/12\/canarinhos_09_1-150x109.jpg 150w\" sizes=\"(max-width: 1280px) 100vw, 1280px\" \/> <img loading=\"lazy\" class=\"alignnone size-full wp-image-245808\" src=\"https:\/\/franciscanos.org.br\/noticias\/wp-content\/uploads\/2023\/12\/canarinhos_09_2.jpg\" alt=\"\" width=\"1280\" height=\"960\" srcset=\"https:\/\/franciscanos.org.br\/noticias\/wp-content\/uploads\/2023\/12\/canarinhos_09_2.jpg 1280w, https:\/\/franciscanos.org.br\/noticias\/wp-content\/uploads\/2023\/12\/canarinhos_09_2-450x338.jpg 450w, https:\/\/franciscanos.org.br\/noticias\/wp-content\/uploads\/2023\/12\/canarinhos_09_2-1024x768.jpg 1024w, https:\/\/franciscanos.org.br\/noticias\/wp-content\/uploads\/2023\/12\/canarinhos_09_2-768x576.jpg 768w, https:\/\/franciscanos.org.br\/noticias\/wp-content\/uploads\/2023\/12\/canarinhos_09_2-150x113.jpg 150w, https:\/\/franciscanos.org.br\/noticias\/wp-content\/uploads\/2023\/12\/canarinhos_09_2-600x450.jpg 600w\" sizes=\"(max-width: 1280px) 100vw, 1280px\" \/><\/p>\n<p>Com Igreja do Sagrado na penumbra, os coralistas iniciaram o Concerto entrando em prociss\u00e3o pelo corredor central cantando \u201cHodie Christus natus est\u201d (Hoje o Cristo nasceu) do compositor brit\u00e2nico Benjamin Britten, esta e algumas outras can\u00e7\u00f5es do espet\u00e1culo fazem parte da famosa obra \u201cA Ceremony of Carols\u201d deste mesmo compositor.<\/p>\n<p>Ap\u00f3s esse canto inicial, deu-se in\u00edcio \u00e0 narrativa com um trecho do Pr\u00f3logo do Evangelho de S\u00e3o Jo\u00e3o, que foi proclamado por Frei Marcos: \u201cNo princ\u00edpio era o Verbo, e o Verbo estava junto com Deus e o Verbo era Deus! E o Verbo se fez carne e habitou entre n\u00f3s!\u201d E a cada Can\u00e7\u00e3o executada pelos coralistas, juntamente com a profundidade do texto de Tom\u00e1s de Celano, todo o p\u00fablico foi como que introduzido nesse Mist\u00e9rio fundamental de nossa f\u00e9: a Encarna\u00e7\u00e3o de nosso Senhor!<\/p>\n<p><img loading=\"lazy\" class=\"alignnone size-full wp-image-245809\" src=\"https:\/\/franciscanos.org.br\/noticias\/wp-content\/uploads\/2023\/12\/canarinhos_09_4.jpg\" alt=\"\" width=\"1280\" height=\"960\" srcset=\"https:\/\/franciscanos.org.br\/noticias\/wp-content\/uploads\/2023\/12\/canarinhos_09_4.jpg 1280w, https:\/\/franciscanos.org.br\/noticias\/wp-content\/uploads\/2023\/12\/canarinhos_09_4-450x338.jpg 450w, https:\/\/franciscanos.org.br\/noticias\/wp-content\/uploads\/2023\/12\/canarinhos_09_4-1024x768.jpg 1024w, https:\/\/franciscanos.org.br\/noticias\/wp-content\/uploads\/2023\/12\/canarinhos_09_4-768x576.jpg 768w, https:\/\/franciscanos.org.br\/noticias\/wp-content\/uploads\/2023\/12\/canarinhos_09_4-150x113.jpg 150w, https:\/\/franciscanos.org.br\/noticias\/wp-content\/uploads\/2023\/12\/canarinhos_09_4-600x450.jpg 600w\" sizes=\"(max-width: 1280px) 100vw, 1280px\" \/><\/p>\n<p>E os Canarinhos n\u00e3o s\u00f3 cantaram, eles foram dando vida ao texto de Tom\u00e1s de Celano. As figuras presentes no texto foram tomando lugar no espet\u00e1culo: Francisco, seus confrades, o boi, o burro, a manjedoura, Jos\u00e9, Maria, os pastores e as luzes da \u00c1rvore. Desse modo, a Igreja do Sagrado tornou-se uma nova Greccio, ou melhor, uma nova Bel\u00e9m! Assim como Greccio havia se tornado naquele Natal de 1223, segundo o desejo do pr\u00f3prio S\u00e3o Francisco. Da Manjedoura uma grande luz iluminou os coralistas, lembrando a famosa passagem da Leitura Livro do Profeta Isa\u00edas que \u00e9 lida na noite de Natal: \u201cO povo que andava na escurid\u00e3o viu uma grande luz; para os que habitavam nas sombras da morte, uma luz resplandeceu\u201d (Is 9,1).<\/p>\n<p><img loading=\"lazy\" class=\"alignnone size-full wp-image-245810\" src=\"https:\/\/franciscanos.org.br\/noticias\/wp-content\/uploads\/2023\/12\/canarinhos_09_6.jpg\" alt=\"\" width=\"1280\" height=\"960\" srcset=\"https:\/\/franciscanos.org.br\/noticias\/wp-content\/uploads\/2023\/12\/canarinhos_09_6.jpg 1280w, https:\/\/franciscanos.org.br\/noticias\/wp-content\/uploads\/2023\/12\/canarinhos_09_6-450x338.jpg 450w, https:\/\/franciscanos.org.br\/noticias\/wp-content\/uploads\/2023\/12\/canarinhos_09_6-1024x768.jpg 1024w, https:\/\/franciscanos.org.br\/noticias\/wp-content\/uploads\/2023\/12\/canarinhos_09_6-768x576.jpg 768w, https:\/\/franciscanos.org.br\/noticias\/wp-content\/uploads\/2023\/12\/canarinhos_09_6-150x113.jpg 150w, https:\/\/franciscanos.org.br\/noticias\/wp-content\/uploads\/2023\/12\/canarinhos_09_6-600x450.jpg 600w\" sizes=\"(max-width: 1280px) 100vw, 1280px\" \/> <img loading=\"lazy\" class=\"alignnone size-full wp-image-245811\" src=\"https:\/\/franciscanos.org.br\/noticias\/wp-content\/uploads\/2023\/12\/canarinhos_09_7.jpg\" alt=\"\" width=\"1280\" height=\"960\" srcset=\"https:\/\/franciscanos.org.br\/noticias\/wp-content\/uploads\/2023\/12\/canarinhos_09_7.jpg 1280w, https:\/\/franciscanos.org.br\/noticias\/wp-content\/uploads\/2023\/12\/canarinhos_09_7-450x338.jpg 450w, https:\/\/franciscanos.org.br\/noticias\/wp-content\/uploads\/2023\/12\/canarinhos_09_7-1024x768.jpg 1024w, https:\/\/franciscanos.org.br\/noticias\/wp-content\/uploads\/2023\/12\/canarinhos_09_7-768x576.jpg 768w, https:\/\/franciscanos.org.br\/noticias\/wp-content\/uploads\/2023\/12\/canarinhos_09_7-150x113.jpg 150w, https:\/\/franciscanos.org.br\/noticias\/wp-content\/uploads\/2023\/12\/canarinhos_09_7-600x450.jpg 600w\" sizes=\"(max-width: 1280px) 100vw, 1280px\" \/><\/p>\n<p>Um dos pontos mais emocionantes do Concerto foi quando, ao som da tradicional can\u00e7\u00e3o \u201cNoite Feliz\u201d, alguns coralistas levaram um pouco de palha da manjedoura para o p\u00fablico que acompanhava o Concerto na Igreja. Esse gesto quis lembrar o que Celano narrou em seu escrito, dizendo que os que estavam na gruta de Greccio levaram aquele feno para seus animais e muitos foram curados e doen\u00e7as! Tamb\u00e9m o p\u00fablico foi convidado a cantar o &#8220;Noite Feliz&#8221; junto com o Coral.<\/p>\n<p>Se o desejo de S\u00e3o Francisco era o de reavivar no povo de seu tempo o amor e o ardor para o Menino que nasceu no meio das palhas de Bel\u00e9m, os Canarinhos foram exitosos nessa empreitada, pois na simplicidade e singeleza das can\u00e7\u00f5es e da cena recriada na Igreja do Sagrado era como se aquele Pobre Menino estivesse novamente a cativar os ouvidos e cora\u00e7\u00f5es de todos para a sua mensagem de Esperan\u00e7a e de F\u00e9, t\u00e3o cruciais para os nossos tempos.<\/p>\n<p><img loading=\"lazy\" class=\"alignnone size-full wp-image-245812\" src=\"https:\/\/franciscanos.org.br\/noticias\/wp-content\/uploads\/2023\/12\/canarinhos_09_8.jpg\" alt=\"\" width=\"1280\" height=\"720\" srcset=\"https:\/\/franciscanos.org.br\/noticias\/wp-content\/uploads\/2023\/12\/canarinhos_09_8.jpg 1280w, https:\/\/franciscanos.org.br\/noticias\/wp-content\/uploads\/2023\/12\/canarinhos_09_8-450x253.jpg 450w, https:\/\/franciscanos.org.br\/noticias\/wp-content\/uploads\/2023\/12\/canarinhos_09_8-1024x576.jpg 1024w, https:\/\/franciscanos.org.br\/noticias\/wp-content\/uploads\/2023\/12\/canarinhos_09_8-768x432.jpg 768w, https:\/\/franciscanos.org.br\/noticias\/wp-content\/uploads\/2023\/12\/canarinhos_09_8-150x84.jpg 150w\" sizes=\"(max-width: 1280px) 100vw, 1280px\" \/><img loading=\"lazy\" class=\"alignnone size-full wp-image-245814\" src=\"https:\/\/franciscanos.org.br\/noticias\/wp-content\/uploads\/2023\/12\/canarinhos_09_14.jpg\" alt=\"\" width=\"1280\" height=\"853\" srcset=\"https:\/\/franciscanos.org.br\/noticias\/wp-content\/uploads\/2023\/12\/canarinhos_09_14.jpg 1280w, https:\/\/franciscanos.org.br\/noticias\/wp-content\/uploads\/2023\/12\/canarinhos_09_14-450x300.jpg 450w, https:\/\/franciscanos.org.br\/noticias\/wp-content\/uploads\/2023\/12\/canarinhos_09_14-1024x682.jpg 1024w, https:\/\/franciscanos.org.br\/noticias\/wp-content\/uploads\/2023\/12\/canarinhos_09_14-768x512.jpg 768w, https:\/\/franciscanos.org.br\/noticias\/wp-content\/uploads\/2023\/12\/canarinhos_09_14-150x100.jpg 150w\" sizes=\"(max-width: 1280px) 100vw, 1280px\" \/><\/p>\n<p>Em sua \u00faltima fala, Frei Marcos assim disse: \u201cE agora? Agora, somos n\u00f3s os convidados a acolher em nossos cora\u00e7\u00f5es e em nossas vidas o mesmo Senhor que insiste em nascer para nos salvar. Que nossos lares e nossas fam\u00edlias se tornem Greccio, ou seja: Bel\u00e9m! E que o Salvador encontre amor e acolhida entre n\u00f3s! Vem Senhor&#8230; estamos prontos! Am\u00e9m, Aleluia!\u201d<\/p>\n<p><img loading=\"lazy\" class=\"alignnone size-full wp-image-245815\" src=\"https:\/\/franciscanos.org.br\/noticias\/wp-content\/uploads\/2023\/12\/canarinhos_09_10.jpg\" alt=\"\" width=\"1280\" height=\"1202\" srcset=\"https:\/\/franciscanos.org.br\/noticias\/wp-content\/uploads\/2023\/12\/canarinhos_09_10.jpg 1150w, https:\/\/franciscanos.org.br\/noticias\/wp-content\/uploads\/2023\/12\/canarinhos_09_10-450x423.jpg 450w, https:\/\/franciscanos.org.br\/noticias\/wp-content\/uploads\/2023\/12\/canarinhos_09_10-1024x962.jpg 1024w, https:\/\/franciscanos.org.br\/noticias\/wp-content\/uploads\/2023\/12\/canarinhos_09_10-768x721.jpg 768w, https:\/\/franciscanos.org.br\/noticias\/wp-content\/uploads\/2023\/12\/canarinhos_09_10-150x141.jpg 150w\" sizes=\"(max-width: 1280px) 100vw, 1280px\" \/><\/p>\n<p>Neste instante, as luzes de toda Igreja foram acesas e ao som da can\u00e7\u00e3o \u201cDeo Gratias\u201d, tamb\u00e9m de Benjamin Britten, os coralistas exultaram na alegria do Natal do Senhor. Para encerrar, sa\u00edram em prociss\u00e3o pelo corredor central cantando novamente o \u201cHodie Christus Natus est\u201d. Sim, pois aos presentes na Igreja do Sagrado e aos que acompanharam pelas redes sociais dos Canarinhos e da Prov\u00edncia Franciscana este Concerto de Natal, o sentimento que irrompeu \u00e9 o mesmo expresso nesta can\u00e7\u00e3o: o Cristo nasceu e est\u00e1 no meio de n\u00f3s!<\/p>\n<hr \/>\n<p><em>Frei Jo\u00e3o Manoel Zechinatto<\/em><\/p>\n","protected":false},"excerpt":{"rendered":"<p>Concerto de Natal<\/p>\n","protected":false},"author":3,"featured_media":245805,"comment_status":"open","ping_status":"open","sticky":false,"template":"","format":"standard","meta":[],"categories":[1],"tags":[1378],"acf":[],"yoast_head":"<!-- This site is optimized with the Yoast SEO plugin v19.2 - https:\/\/yoast.com\/wordpress\/plugins\/seo\/ -->\n<title>Canarinhos de Petr\u00f3polis fazem da Igreja do Sagrado uma nova Greccio! - Not\u00edcias - Franciscanos<\/title>\n<meta name=\"robots\" content=\"index, follow, max-snippet:-1, max-image-preview:large, max-video-preview:-1\" \/>\n<link rel=\"canonical\" href=\"https:\/\/franciscanos.org.br\/noticias\/canarinhos-de-petropolis-fazem-da-igreja-do-sagrado-uma-nova-greccio.html\" \/>\n<meta property=\"og:locale\" content=\"pt_BR\" \/>\n<meta property=\"og:type\" content=\"article\" \/>\n<meta property=\"og:title\" content=\"Canarinhos de Petr\u00f3polis fazem da Igreja do Sagrado uma nova Greccio! - Not\u00edcias - Franciscanos\" \/>\n<meta property=\"og:description\" content=\"Concerto de Natal\" \/>\n<meta property=\"og:url\" content=\"https:\/\/franciscanos.org.br\/noticias\/canarinhos-de-petropolis-fazem-da-igreja-do-sagrado-uma-nova-greccio.html\" \/>\n<meta property=\"og:site_name\" content=\"Not\u00edcias - Franciscanos\" \/>\n<meta property=\"article:published_time\" content=\"2023-12-09T12:39:34+00:00\" \/>\n<meta property=\"article:modified_time\" content=\"2023-12-09T12:40:22+00:00\" \/>\n<meta property=\"og:image\" content=\"https:\/\/franciscanos.org.br\/noticias\/wp-content\/uploads\/2023\/12\/canarinhos_09_5.jpg\" \/>\n\t<meta property=\"og:image:width\" content=\"1280\" \/>\n\t<meta property=\"og:image:height\" content=\"720\" \/>\n\t<meta property=\"og:image:type\" content=\"image\/jpeg\" \/>\n<meta name=\"author\" content=\"moacir\" \/>\n<meta name=\"twitter:card\" content=\"summary_large_image\" \/>\n<meta name=\"twitter:label1\" content=\"Escrito por\" \/>\n\t<meta name=\"twitter:data1\" content=\"moacir\" \/>\n\t<meta name=\"twitter:label2\" content=\"Est. tempo de leitura\" \/>\n\t<meta name=\"twitter:data2\" content=\"4 minutos\" \/>\n<script type=\"application\/ld+json\" class=\"yoast-schema-graph\">{\"@context\":\"https:\/\/schema.org\",\"@graph\":[{\"@type\":\"WebSite\",\"@id\":\"https:\/\/franciscanos.org.br\/noticias\/#website\",\"url\":\"https:\/\/franciscanos.org.br\/noticias\/\",\"name\":\"Not\u00edcias - Franciscanos\",\"description\":\"Prov\u00edncia Franciscana da Imaculada Concei\u00e7\u00e3o do Brasil - Ordem dos Frades Menores - OFM\",\"potentialAction\":[{\"@type\":\"SearchAction\",\"target\":{\"@type\":\"EntryPoint\",\"urlTemplate\":\"https:\/\/franciscanos.org.br\/noticias\/?s={search_term_string}\"},\"query-input\":\"required name=search_term_string\"}],\"inLanguage\":\"pt-BR\"},{\"@type\":\"ImageObject\",\"inLanguage\":\"pt-BR\",\"@id\":\"https:\/\/franciscanos.org.br\/noticias\/canarinhos-de-petropolis-fazem-da-igreja-do-sagrado-uma-nova-greccio.html#primaryimage\",\"url\":\"https:\/\/franciscanos.org.br\/noticias\/wp-content\/uploads\/2023\/12\/canarinhos_09_5.jpg\",\"contentUrl\":\"https:\/\/franciscanos.org.br\/noticias\/wp-content\/uploads\/2023\/12\/canarinhos_09_5.jpg\",\"width\":1280,\"height\":720},{\"@type\":\"WebPage\",\"@id\":\"https:\/\/franciscanos.org.br\/noticias\/canarinhos-de-petropolis-fazem-da-igreja-do-sagrado-uma-nova-greccio.html#webpage\",\"url\":\"https:\/\/franciscanos.org.br\/noticias\/canarinhos-de-petropolis-fazem-da-igreja-do-sagrado-uma-nova-greccio.html\",\"name\":\"Canarinhos de Petr\u00f3polis fazem da Igreja do Sagrado uma nova Greccio! - Not\u00edcias - Franciscanos\",\"isPartOf\":{\"@id\":\"https:\/\/franciscanos.org.br\/noticias\/#website\"},\"primaryImageOfPage\":{\"@id\":\"https:\/\/franciscanos.org.br\/noticias\/canarinhos-de-petropolis-fazem-da-igreja-do-sagrado-uma-nova-greccio.html#primaryimage\"},\"datePublished\":\"2023-12-09T12:39:34+00:00\",\"dateModified\":\"2023-12-09T12:40:22+00:00\",\"author\":{\"@id\":\"https:\/\/franciscanos.org.br\/noticias\/#\/schema\/person\/b5c8cba458c330ccff548b056e95a5d4\"},\"breadcrumb\":{\"@id\":\"https:\/\/franciscanos.org.br\/noticias\/canarinhos-de-petropolis-fazem-da-igreja-do-sagrado-uma-nova-greccio.html#breadcrumb\"},\"inLanguage\":\"pt-BR\",\"potentialAction\":[{\"@type\":\"ReadAction\",\"target\":[\"https:\/\/franciscanos.org.br\/noticias\/canarinhos-de-petropolis-fazem-da-igreja-do-sagrado-uma-nova-greccio.html\"]}]},{\"@type\":\"BreadcrumbList\",\"@id\":\"https:\/\/franciscanos.org.br\/noticias\/canarinhos-de-petropolis-fazem-da-igreja-do-sagrado-uma-nova-greccio.html#breadcrumb\",\"itemListElement\":[{\"@type\":\"ListItem\",\"position\":1,\"name\":\"Home\",\"item\":\"https:\/\/franciscanos.org.br\/noticias\"},{\"@type\":\"ListItem\",\"position\":2,\"name\":\"Canarinhos de Petr\u00f3polis fazem da Igreja do Sagrado uma nova Greccio!\"}]},{\"@type\":\"Person\",\"@id\":\"https:\/\/franciscanos.org.br\/noticias\/#\/schema\/person\/b5c8cba458c330ccff548b056e95a5d4\",\"name\":\"moacir\",\"image\":{\"@type\":\"ImageObject\",\"inLanguage\":\"pt-BR\",\"@id\":\"https:\/\/franciscanos.org.br\/noticias\/#\/schema\/person\/image\/\",\"url\":\"https:\/\/secure.gravatar.com\/avatar\/d08aa2ce4c8dd416d4479aa8536fcf64?s=96&d=mm&r=g\",\"contentUrl\":\"https:\/\/secure.gravatar.com\/avatar\/d08aa2ce4c8dd416d4479aa8536fcf64?s=96&d=mm&r=g\",\"caption\":\"moacir\"},\"url\":\"https:\/\/franciscanos.org.br\/noticias\/author\/moacir\"}]}<\/script>\n<!-- \/ Yoast SEO plugin. -->","yoast_head_json":{"title":"Canarinhos de Petr\u00f3polis fazem da Igreja do Sagrado uma nova Greccio! - Not\u00edcias - Franciscanos","robots":{"index":"index","follow":"follow","max-snippet":"max-snippet:-1","max-image-preview":"max-image-preview:large","max-video-preview":"max-video-preview:-1"},"canonical":"https:\/\/franciscanos.org.br\/noticias\/canarinhos-de-petropolis-fazem-da-igreja-do-sagrado-uma-nova-greccio.html","og_locale":"pt_BR","og_type":"article","og_title":"Canarinhos de Petr\u00f3polis fazem da Igreja do Sagrado uma nova Greccio! - Not\u00edcias - Franciscanos","og_description":"Concerto de Natal","og_url":"https:\/\/franciscanos.org.br\/noticias\/canarinhos-de-petropolis-fazem-da-igreja-do-sagrado-uma-nova-greccio.html","og_site_name":"Not\u00edcias - Franciscanos","article_published_time":"2023-12-09T12:39:34+00:00","article_modified_time":"2023-12-09T12:40:22+00:00","og_image":[{"width":1280,"height":720,"url":"https:\/\/franciscanos.org.br\/noticias\/wp-content\/uploads\/2023\/12\/canarinhos_09_5.jpg","type":"image\/jpeg"}],"author":"moacir","twitter_card":"summary_large_image","twitter_misc":{"Escrito por":"moacir","Est. tempo de leitura":"4 minutos"},"schema":{"@context":"https:\/\/schema.org","@graph":[{"@type":"WebSite","@id":"https:\/\/franciscanos.org.br\/noticias\/#website","url":"https:\/\/franciscanos.org.br\/noticias\/","name":"Not\u00edcias - Franciscanos","description":"Prov\u00edncia Franciscana da Imaculada Concei\u00e7\u00e3o do Brasil - Ordem dos Frades Menores - OFM","potentialAction":[{"@type":"SearchAction","target":{"@type":"EntryPoint","urlTemplate":"https:\/\/franciscanos.org.br\/noticias\/?s={search_term_string}"},"query-input":"required name=search_term_string"}],"inLanguage":"pt-BR"},{"@type":"ImageObject","inLanguage":"pt-BR","@id":"https:\/\/franciscanos.org.br\/noticias\/canarinhos-de-petropolis-fazem-da-igreja-do-sagrado-uma-nova-greccio.html#primaryimage","url":"https:\/\/franciscanos.org.br\/noticias\/wp-content\/uploads\/2023\/12\/canarinhos_09_5.jpg","contentUrl":"https:\/\/franciscanos.org.br\/noticias\/wp-content\/uploads\/2023\/12\/canarinhos_09_5.jpg","width":1280,"height":720},{"@type":"WebPage","@id":"https:\/\/franciscanos.org.br\/noticias\/canarinhos-de-petropolis-fazem-da-igreja-do-sagrado-uma-nova-greccio.html#webpage","url":"https:\/\/franciscanos.org.br\/noticias\/canarinhos-de-petropolis-fazem-da-igreja-do-sagrado-uma-nova-greccio.html","name":"Canarinhos de Petr\u00f3polis fazem da Igreja do Sagrado uma nova Greccio! - Not\u00edcias - Franciscanos","isPartOf":{"@id":"https:\/\/franciscanos.org.br\/noticias\/#website"},"primaryImageOfPage":{"@id":"https:\/\/franciscanos.org.br\/noticias\/canarinhos-de-petropolis-fazem-da-igreja-do-sagrado-uma-nova-greccio.html#primaryimage"},"datePublished":"2023-12-09T12:39:34+00:00","dateModified":"2023-12-09T12:40:22+00:00","author":{"@id":"https:\/\/franciscanos.org.br\/noticias\/#\/schema\/person\/b5c8cba458c330ccff548b056e95a5d4"},"breadcrumb":{"@id":"https:\/\/franciscanos.org.br\/noticias\/canarinhos-de-petropolis-fazem-da-igreja-do-sagrado-uma-nova-greccio.html#breadcrumb"},"inLanguage":"pt-BR","potentialAction":[{"@type":"ReadAction","target":["https:\/\/franciscanos.org.br\/noticias\/canarinhos-de-petropolis-fazem-da-igreja-do-sagrado-uma-nova-greccio.html"]}]},{"@type":"BreadcrumbList","@id":"https:\/\/franciscanos.org.br\/noticias\/canarinhos-de-petropolis-fazem-da-igreja-do-sagrado-uma-nova-greccio.html#breadcrumb","itemListElement":[{"@type":"ListItem","position":1,"name":"Home","item":"https:\/\/franciscanos.org.br\/noticias"},{"@type":"ListItem","position":2,"name":"Canarinhos de Petr\u00f3polis fazem da Igreja do Sagrado uma nova Greccio!"}]},{"@type":"Person","@id":"https:\/\/franciscanos.org.br\/noticias\/#\/schema\/person\/b5c8cba458c330ccff548b056e95a5d4","name":"moacir","image":{"@type":"ImageObject","inLanguage":"pt-BR","@id":"https:\/\/franciscanos.org.br\/noticias\/#\/schema\/person\/image\/","url":"https:\/\/secure.gravatar.com\/avatar\/d08aa2ce4c8dd416d4479aa8536fcf64?s=96&d=mm&r=g","contentUrl":"https:\/\/secure.gravatar.com\/avatar\/d08aa2ce4c8dd416d4479aa8536fcf64?s=96&d=mm&r=g","caption":"moacir"},"url":"https:\/\/franciscanos.org.br\/noticias\/author\/moacir"}]}},"_links":{"self":[{"href":"https:\/\/franciscanos.org.br\/noticias\/wp-json\/wp\/v2\/posts\/245804"}],"collection":[{"href":"https:\/\/franciscanos.org.br\/noticias\/wp-json\/wp\/v2\/posts"}],"about":[{"href":"https:\/\/franciscanos.org.br\/noticias\/wp-json\/wp\/v2\/types\/post"}],"author":[{"embeddable":true,"href":"https:\/\/franciscanos.org.br\/noticias\/wp-json\/wp\/v2\/users\/3"}],"replies":[{"embeddable":true,"href":"https:\/\/franciscanos.org.br\/noticias\/wp-json\/wp\/v2\/comments?post=245804"}],"version-history":[{"count":2,"href":"https:\/\/franciscanos.org.br\/noticias\/wp-json\/wp\/v2\/posts\/245804\/revisions"}],"predecessor-version":[{"id":245817,"href":"https:\/\/franciscanos.org.br\/noticias\/wp-json\/wp\/v2\/posts\/245804\/revisions\/245817"}],"wp:featuredmedia":[{"embeddable":true,"href":"https:\/\/franciscanos.org.br\/noticias\/wp-json\/wp\/v2\/media\/245805"}],"wp:attachment":[{"href":"https:\/\/franciscanos.org.br\/noticias\/wp-json\/wp\/v2\/media?parent=245804"}],"wp:term":[{"taxonomy":"category","embeddable":true,"href":"https:\/\/franciscanos.org.br\/noticias\/wp-json\/wp\/v2\/categories?post=245804"},{"taxonomy":"post_tag","embeddable":true,"href":"https:\/\/franciscanos.org.br\/noticias\/wp-json\/wp\/v2\/tags?post=245804"}],"curies":[{"name":"wp","href":"https:\/\/api.w.org\/{rel}","templated":true}]}}