{"id":245788,"date":"2023-12-08T18:06:57","date_gmt":"2023-12-08T21:06:57","guid":{"rendered":"https:\/\/franciscanos.org.br\/noticias\/?p=245788"},"modified":"2025-03-10T15:52:05","modified_gmt":"2025-03-10T18:52:05","slug":"ministro-provincial-aos-professos-temporarios-olhos-fixos-no-alto-e-pes-firmes-no-chao-da-vida","status":"publish","type":"post","link":"https:\/\/franciscanos.org.br\/noticias\/ministro-provincial-aos-professos-temporarios-olhos-fixos-no-alto-e-pes-firmes-no-chao-da-vida.html","title":{"rendered":"Ministro Provincial aos Professos Tempor\u00e1rios: Olhos fixos no alto e p\u00e9s firmes no ch\u00e3o da vida"},"content":{"rendered":"<p><img loading=\"lazy\" class=\"alignnone size-full wp-image-245789\" src=\"https:\/\/franciscanos.org.br\/noticias\/wp-content\/uploads\/2023\/12\/rondinha_alto.jpg\" alt=\"\" width=\"1280\" height=\"720\" srcset=\"https:\/\/franciscanos.org.br\/noticias\/wp-content\/uploads\/2023\/12\/rondinha_alto.jpg 1280w, https:\/\/franciscanos.org.br\/noticias\/wp-content\/uploads\/2023\/12\/rondinha_alto-450x253.jpg 450w, https:\/\/franciscanos.org.br\/noticias\/wp-content\/uploads\/2023\/12\/rondinha_alto-1024x576.jpg 1024w, https:\/\/franciscanos.org.br\/noticias\/wp-content\/uploads\/2023\/12\/rondinha_alto-768x432.jpg 768w, https:\/\/franciscanos.org.br\/noticias\/wp-content\/uploads\/2023\/12\/rondinha_alto-150x84.jpg 150w\" sizes=\"(max-width: 1280px) 100vw, 1280px\" \/><\/p>\n<p>Em Campo Largo (PR), o tempo firme e com bastante sol foi s\u00f3 mais um motivo para se festejar! Neste dia 8 de dezembro \u2013 dia em que a Prov\u00edncia celebra a sua Padroeira, a Imaculada Concei\u00e7\u00e3o \u2013, 29 frades renovaram os seus votos, de seguir o Evangelho de Jesus Cristo em castidade, sem nada de pr\u00f3prio e em obedi\u00eancia, nas m\u00e3os do Ministro Provincial, \u00a0Frei Paulo Roberto Pereira.<\/p>\n<p>A celebra\u00e7\u00e3o festiva, que ocorreu \u00e0s 10h, teve a presen\u00e7a dos frades do Regional, das Irm\u00e3s Franciscanas de S\u00e3o Jos\u00e9 e alguns leigos e leigas que fizeram parte da caminhada dos frades durante esse ano.<\/p>\n<p><img loading=\"lazy\" class=\"alignnone size-full wp-image-245790\" src=\"https:\/\/franciscanos.org.br\/noticias\/wp-content\/uploads\/2023\/12\/Rondinha_10.jpg\" alt=\"\" width=\"1280\" height=\"853\" srcset=\"https:\/\/franciscanos.org.br\/noticias\/wp-content\/uploads\/2023\/12\/Rondinha_10.jpg 1280w, https:\/\/franciscanos.org.br\/noticias\/wp-content\/uploads\/2023\/12\/Rondinha_10-450x300.jpg 450w, https:\/\/franciscanos.org.br\/noticias\/wp-content\/uploads\/2023\/12\/Rondinha_10-1024x682.jpg 1024w, https:\/\/franciscanos.org.br\/noticias\/wp-content\/uploads\/2023\/12\/Rondinha_10-768x512.jpg 768w, https:\/\/franciscanos.org.br\/noticias\/wp-content\/uploads\/2023\/12\/Rondinha_10-150x100.jpg 150w\" sizes=\"(max-width: 1280px) 100vw, 1280px\" \/><\/p>\n<p>O rito da renova\u00e7\u00e3o teve in\u00edcio logo ap\u00f3s a proclama\u00e7\u00e3o do Evangelho. O mestre Frei Alexandre Magno Cordeiro da Silva convidou nominalmente cada frade a se p\u00f4r em p\u00e9 diante do Ministro Provincial e confirmou a \u00edndole e o desejo deles em renovarem os seus votos. Un\u00edssonos, os frades rezaram a f\u00f3rmula da profiss\u00e3o, pedindo a gra\u00e7a de viver mais um ano os conselhos evang\u00e9licos sob os cuidados desta Fraternidade.<\/p>\n<p><img loading=\"lazy\" class=\"alignnone size-full wp-image-245791\" src=\"https:\/\/franciscanos.org.br\/noticias\/wp-content\/uploads\/2023\/12\/rondinha_01.jpg\" alt=\"\" width=\"1280\" height=\"853\" srcset=\"https:\/\/franciscanos.org.br\/noticias\/wp-content\/uploads\/2023\/12\/rondinha_01.jpg 1280w, https:\/\/franciscanos.org.br\/noticias\/wp-content\/uploads\/2023\/12\/rondinha_01-450x300.jpg 450w, https:\/\/franciscanos.org.br\/noticias\/wp-content\/uploads\/2023\/12\/rondinha_01-1024x682.jpg 1024w, https:\/\/franciscanos.org.br\/noticias\/wp-content\/uploads\/2023\/12\/rondinha_01-768x512.jpg 768w, https:\/\/franciscanos.org.br\/noticias\/wp-content\/uploads\/2023\/12\/rondinha_01-150x100.jpg 150w\" sizes=\"(max-width: 1280px) 100vw, 1280px\" \/><\/p>\n<p><img loading=\"lazy\" class=\"alignnone size-full wp-image-245792\" src=\"https:\/\/franciscanos.org.br\/noticias\/wp-content\/uploads\/2023\/12\/rondinha_04.jpg\" alt=\"\" width=\"1280\" height=\"853\" srcset=\"https:\/\/franciscanos.org.br\/noticias\/wp-content\/uploads\/2023\/12\/rondinha_04.jpg 1280w, https:\/\/franciscanos.org.br\/noticias\/wp-content\/uploads\/2023\/12\/rondinha_04-450x300.jpg 450w, https:\/\/franciscanos.org.br\/noticias\/wp-content\/uploads\/2023\/12\/rondinha_04-1024x682.jpg 1024w, https:\/\/franciscanos.org.br\/noticias\/wp-content\/uploads\/2023\/12\/rondinha_04-768x512.jpg 768w, https:\/\/franciscanos.org.br\/noticias\/wp-content\/uploads\/2023\/12\/rondinha_04-150x100.jpg 150w\" sizes=\"(max-width: 1280px) 100vw, 1280px\" \/><\/p>\n<p><img loading=\"lazy\" class=\"alignnone size-full wp-image-245793\" src=\"https:\/\/franciscanos.org.br\/noticias\/wp-content\/uploads\/2023\/12\/rondinha_05.jpg\" alt=\"\" width=\"1280\" height=\"853\" srcset=\"https:\/\/franciscanos.org.br\/noticias\/wp-content\/uploads\/2023\/12\/rondinha_05.jpg 1280w, https:\/\/franciscanos.org.br\/noticias\/wp-content\/uploads\/2023\/12\/rondinha_05-450x300.jpg 450w, https:\/\/franciscanos.org.br\/noticias\/wp-content\/uploads\/2023\/12\/rondinha_05-1024x682.jpg 1024w, https:\/\/franciscanos.org.br\/noticias\/wp-content\/uploads\/2023\/12\/rondinha_05-768x512.jpg 768w, https:\/\/franciscanos.org.br\/noticias\/wp-content\/uploads\/2023\/12\/rondinha_05-150x100.jpg 150w\" sizes=\"(max-width: 1280px) 100vw, 1280px\" \/><\/p>\n<p>Frei Paulo, em sua homilia, ressaltou a pobreza que S\u00e3o Francisco contemplava na Sant\u00edssima Virgem Maria. N\u00e3o era s\u00f3 uma pobreza de pres\u00e9pio como estamos acostumados a ver, mas vai al\u00e9m disso: \u00e9 uma pobreza que se traduzia em abertura e em servi\u00e7o.<\/p>\n<p>Ressaltou tamb\u00e9m a completude, a integralidade dos votos assumidos pelos professos tempor\u00e1rios. \u201cOs votos tempor\u00e1rios \u00a0n\u00e3o t\u00eam a dimens\u00e3o da limita\u00e7\u00e3o, da incompletude. Voto tempor\u00e1rio \u00e9 voto feito neste tempo da forma\u00e7\u00e3o, neste tempo da gra\u00e7a, do desejo forte, n\u00e3o \u00e9 um voto d\u00e9bil, que pode ser vivido de qualquer jeito. Voc\u00eas n\u00e3o ser\u00e3o frades completos s\u00f3 depois da profiss\u00e3o solene\u201d. E pediu: \u00a0\u201cVivam intensamente a disposi\u00e7\u00e3o de ser pobre como a M\u00e3e de Deus \u00e9 pobre!\u201d.<\/p>\n<p><img loading=\"lazy\" class=\"alignnone size-full wp-image-245794\" src=\"https:\/\/franciscanos.org.br\/noticias\/wp-content\/uploads\/2023\/12\/rondinha_07.jpg\" alt=\"\" width=\"1280\" height=\"853\" srcset=\"https:\/\/franciscanos.org.br\/noticias\/wp-content\/uploads\/2023\/12\/rondinha_07.jpg 1280w, https:\/\/franciscanos.org.br\/noticias\/wp-content\/uploads\/2023\/12\/rondinha_07-450x300.jpg 450w, https:\/\/franciscanos.org.br\/noticias\/wp-content\/uploads\/2023\/12\/rondinha_07-1024x682.jpg 1024w, https:\/\/franciscanos.org.br\/noticias\/wp-content\/uploads\/2023\/12\/rondinha_07-768x512.jpg 768w, https:\/\/franciscanos.org.br\/noticias\/wp-content\/uploads\/2023\/12\/rondinha_07-150x100.jpg 150w\" sizes=\"(max-width: 1280px) 100vw, 1280px\" \/><\/p>\n<p>O Ministro ainda falou acerca do vigor juvenil, coisa boa de se ver no rosto de cada um que pede para renovar os seus votos. \u201cQuando quase 30 jovens com vigor nos pedem isso, voc\u00eas animam a n\u00f3s que j\u00e1 estamos na caminhada. Aquilo que nos propomos a viver ainda atrai a juventude, ainda anima a caminhada\u201d.<\/p>\n<p>Sua homilia ainda se desdobrou sobre a imagem da Virgem Imaculada. Sempre olhando ao alto, ela nos ensina e educa os nossos olhos: devemos tamb\u00e9m olhar para o alto. Nutrir em n\u00f3s um \u201cdesejo do alto\u201d, mas sem nos desenraizarmos do solo duro da realidade. E exortou os frades a \u201csemearem eternidade\u201d, olhos fixos no alto e p\u00e9s firmes no ch\u00e3o da vida. Muitos de nossos problemas de des\u00e2nimo da caminhada se d\u00e3o por olharmos muito as nossas limita\u00e7\u00f5es, a fragilidade dos nossos irm\u00e3os. Precisamos resgatar esse olhar para a eternidade, para as coisas que n\u00e3o passam e caminharmos juntos para o Reino de Deus.<\/p>\n<p><img loading=\"lazy\" class=\"alignnone size-full wp-image-245795\" src=\"https:\/\/franciscanos.org.br\/noticias\/wp-content\/uploads\/2023\/12\/rondinha_13.jpg\" alt=\"\" width=\"1280\" height=\"853\" srcset=\"https:\/\/franciscanos.org.br\/noticias\/wp-content\/uploads\/2023\/12\/rondinha_13.jpg 1280w, https:\/\/franciscanos.org.br\/noticias\/wp-content\/uploads\/2023\/12\/rondinha_13-450x300.jpg 450w, https:\/\/franciscanos.org.br\/noticias\/wp-content\/uploads\/2023\/12\/rondinha_13-1024x682.jpg 1024w, https:\/\/franciscanos.org.br\/noticias\/wp-content\/uploads\/2023\/12\/rondinha_13-768x512.jpg 768w, https:\/\/franciscanos.org.br\/noticias\/wp-content\/uploads\/2023\/12\/rondinha_13-150x100.jpg 150w\" sizes=\"(max-width: 1280px) 100vw, 1280px\" \/><\/p>\n<p>Terminou sua reflex\u00e3o agradecendo o trabalho de Frei Alexandre Magno Cordeiro da Silva, que desempenhou at\u00e9 ent\u00e3o o cargo de mestre, e que foi transferido no \u00faltimo Definit\u00f3rio. Agradeceu ao Frei Evaldo Ludwig, como Ministro Regional que possui o trabalho de nos guiar tamb\u00e9m na forma\u00e7\u00e3o e termos clareza da nossa miss\u00e3o. Por fim, agradeceu ainda Frei Roger Strapazzon e Frei Leandro Ferreira Silva, que abra\u00e7aram a forma\u00e7\u00e3o nesta Fraternidade como mestre e vice-mestre.<\/p>\n<p>Ao final da Celebra\u00e7\u00e3o, momento de muitos agradecimentos e despedidas, Frei Bruno Almeida de Mello agradeceu, em nome dos frades de profiss\u00e3o tempor\u00e1ria, a gra\u00e7a de podermos partilhar da vida fraterna com Frei Alexandre durante esses \u00faltimos 2 anos em que esteve como mestre em Rondinha.<\/p>\n<p><img loading=\"lazy\" class=\"alignnone size-full wp-image-245796\" src=\"https:\/\/franciscanos.org.br\/noticias\/wp-content\/uploads\/2023\/12\/rondinha_15.jpg\" alt=\"\" width=\"1280\" height=\"812\" srcset=\"https:\/\/franciscanos.org.br\/noticias\/wp-content\/uploads\/2023\/12\/rondinha_15.jpg 1280w, https:\/\/franciscanos.org.br\/noticias\/wp-content\/uploads\/2023\/12\/rondinha_15-450x285.jpg 450w, https:\/\/franciscanos.org.br\/noticias\/wp-content\/uploads\/2023\/12\/rondinha_15-1024x650.jpg 1024w, https:\/\/franciscanos.org.br\/noticias\/wp-content\/uploads\/2023\/12\/rondinha_15-768x487.jpg 768w, https:\/\/franciscanos.org.br\/noticias\/wp-content\/uploads\/2023\/12\/rondinha_15-150x95.jpg 150w\" sizes=\"(max-width: 1280px) 100vw, 1280px\" \/><\/p>\n<p>Frei Daniel Dellandrea, guardi\u00e3o e definidor, tamb\u00e9m deixou sua mensagem de gratid\u00e3o ao confrade e aos demais frades que foram transferidos da Fraternidade ressaltando os ciclos que Rondinha proporciona todos os anos.<\/p>\n<p>Frei Alexandre agradeceu pela sua miss\u00e3o enquanto mestre, a caminhada que cada um fez aqui em Rondinha e se despediu tamb\u00e9m dessa Fraternidade e agora seguir\u00e1 para Balne\u00e1rio Cambori\u00fa.<\/p>\n<p><img loading=\"lazy\" class=\"alignnone size-full wp-image-245797\" src=\"https:\/\/franciscanos.org.br\/noticias\/wp-content\/uploads\/2023\/12\/rondinha_03.jpg\" alt=\"\" width=\"1280\" height=\"853\" srcset=\"https:\/\/franciscanos.org.br\/noticias\/wp-content\/uploads\/2023\/12\/rondinha_03.jpg 1280w, https:\/\/franciscanos.org.br\/noticias\/wp-content\/uploads\/2023\/12\/rondinha_03-450x300.jpg 450w, https:\/\/franciscanos.org.br\/noticias\/wp-content\/uploads\/2023\/12\/rondinha_03-1024x682.jpg 1024w, https:\/\/franciscanos.org.br\/noticias\/wp-content\/uploads\/2023\/12\/rondinha_03-768x512.jpg 768w, https:\/\/franciscanos.org.br\/noticias\/wp-content\/uploads\/2023\/12\/rondinha_03-150x100.jpg 150w\" sizes=\"(max-width: 1280px) 100vw, 1280px\" \/><\/p>\n<p>A Celebra\u00e7\u00e3o encerrou-se com a ora\u00e7\u00e3o da consagra\u00e7\u00e3o \u00e0 Virgem Maria e a renova\u00e7\u00e3o do nosso desejo de imit\u00e1-la no seguimento de seu filho, Jesus Cristo.<\/p>\n<hr \/>\n<p><em>Frei Gilberto Costa, OFM.<\/em><\/p>\n<p><img loading=\"lazy\" class=\"alignnone size-full wp-image-245799\" src=\"https:\/\/franciscanos.org.br\/noticias\/wp-content\/uploads\/2023\/12\/rondinha_09.jpg\" alt=\"\" width=\"1280\" height=\"1087\" srcset=\"https:\/\/franciscanos.org.br\/noticias\/wp-content\/uploads\/2023\/12\/rondinha_09.jpg 1272w, https:\/\/franciscanos.org.br\/noticias\/wp-content\/uploads\/2023\/12\/rondinha_09-450x382.jpg 450w, https:\/\/franciscanos.org.br\/noticias\/wp-content\/uploads\/2023\/12\/rondinha_09-1024x870.jpg 1024w, https:\/\/franciscanos.org.br\/noticias\/wp-content\/uploads\/2023\/12\/rondinha_09-768x652.jpg 768w, https:\/\/franciscanos.org.br\/noticias\/wp-content\/uploads\/2023\/12\/rondinha_09-150x127.jpg 150w\" sizes=\"(max-width: 1280px) 100vw, 1280px\" \/><\/p>\n","protected":false},"excerpt":{"rendered":"<p>Renova\u00e7\u00e3o dos Votos<\/p>\n","protected":false},"author":3,"featured_media":245789,"comment_status":"open","ping_status":"open","sticky":false,"template":"","format":"standard","meta":[],"categories":[1],"tags":[1152,2056],"acf":[],"yoast_head":"<!-- This site is optimized with the Yoast SEO plugin v19.2 - https:\/\/yoast.com\/wordpress\/plugins\/seo\/ -->\n<title>Ministro Provincial aos Professos Tempor\u00e1rios: Olhos fixos no alto e p\u00e9s firmes no ch\u00e3o da vida - Not\u00edcias - Franciscanos<\/title>\n<meta name=\"robots\" content=\"index, follow, max-snippet:-1, max-image-preview:large, max-video-preview:-1\" \/>\n<link rel=\"canonical\" href=\"https:\/\/franciscanos.org.br\/noticias\/ministro-provincial-aos-professos-temporarios-olhos-fixos-no-alto-e-pes-firmes-no-chao-da-vida.html\" \/>\n<meta property=\"og:locale\" content=\"pt_BR\" \/>\n<meta property=\"og:type\" content=\"article\" \/>\n<meta property=\"og:title\" content=\"Ministro Provincial aos Professos Tempor\u00e1rios: Olhos fixos no alto e p\u00e9s firmes no ch\u00e3o da vida - Not\u00edcias - Franciscanos\" \/>\n<meta property=\"og:description\" content=\"Renova\u00e7\u00e3o dos Votos\" \/>\n<meta property=\"og:url\" content=\"https:\/\/franciscanos.org.br\/noticias\/ministro-provincial-aos-professos-temporarios-olhos-fixos-no-alto-e-pes-firmes-no-chao-da-vida.html\" \/>\n<meta property=\"og:site_name\" content=\"Not\u00edcias - Franciscanos\" \/>\n<meta property=\"article:published_time\" content=\"2023-12-08T21:06:57+00:00\" \/>\n<meta property=\"article:modified_time\" content=\"2025-03-10T18:52:05+00:00\" \/>\n<meta property=\"og:image\" content=\"https:\/\/franciscanos.org.br\/noticias\/wp-content\/uploads\/2023\/12\/rondinha_alto.jpg\" \/>\n\t<meta property=\"og:image:width\" content=\"1280\" \/>\n\t<meta property=\"og:image:height\" content=\"720\" \/>\n\t<meta property=\"og:image:type\" content=\"image\/jpeg\" \/>\n<meta name=\"author\" content=\"moacir\" \/>\n<meta name=\"twitter:card\" content=\"summary_large_image\" \/>\n<meta name=\"twitter:label1\" content=\"Escrito por\" \/>\n\t<meta name=\"twitter:data1\" content=\"moacir\" \/>\n\t<meta name=\"twitter:label2\" content=\"Est. tempo de leitura\" \/>\n\t<meta name=\"twitter:data2\" content=\"4 minutos\" \/>\n<script type=\"application\/ld+json\" class=\"yoast-schema-graph\">{\"@context\":\"https:\/\/schema.org\",\"@graph\":[{\"@type\":\"WebSite\",\"@id\":\"https:\/\/franciscanos.org.br\/noticias\/#website\",\"url\":\"https:\/\/franciscanos.org.br\/noticias\/\",\"name\":\"Not\u00edcias - Franciscanos\",\"description\":\"Prov\u00edncia Franciscana da Imaculada Concei\u00e7\u00e3o do Brasil - Ordem dos Frades Menores - OFM\",\"potentialAction\":[{\"@type\":\"SearchAction\",\"target\":{\"@type\":\"EntryPoint\",\"urlTemplate\":\"https:\/\/franciscanos.org.br\/noticias\/?s={search_term_string}\"},\"query-input\":\"required name=search_term_string\"}],\"inLanguage\":\"pt-BR\"},{\"@type\":\"ImageObject\",\"inLanguage\":\"pt-BR\",\"@id\":\"https:\/\/franciscanos.org.br\/noticias\/ministro-provincial-aos-professos-temporarios-olhos-fixos-no-alto-e-pes-firmes-no-chao-da-vida.html#primaryimage\",\"url\":\"https:\/\/franciscanos.org.br\/noticias\/wp-content\/uploads\/2023\/12\/rondinha_alto.jpg\",\"contentUrl\":\"https:\/\/franciscanos.org.br\/noticias\/wp-content\/uploads\/2023\/12\/rondinha_alto.jpg\",\"width\":1280,\"height\":720},{\"@type\":\"WebPage\",\"@id\":\"https:\/\/franciscanos.org.br\/noticias\/ministro-provincial-aos-professos-temporarios-olhos-fixos-no-alto-e-pes-firmes-no-chao-da-vida.html#webpage\",\"url\":\"https:\/\/franciscanos.org.br\/noticias\/ministro-provincial-aos-professos-temporarios-olhos-fixos-no-alto-e-pes-firmes-no-chao-da-vida.html\",\"name\":\"Ministro Provincial aos Professos Tempor\u00e1rios: Olhos fixos no alto e p\u00e9s firmes no ch\u00e3o da vida - Not\u00edcias - Franciscanos\",\"isPartOf\":{\"@id\":\"https:\/\/franciscanos.org.br\/noticias\/#website\"},\"primaryImageOfPage\":{\"@id\":\"https:\/\/franciscanos.org.br\/noticias\/ministro-provincial-aos-professos-temporarios-olhos-fixos-no-alto-e-pes-firmes-no-chao-da-vida.html#primaryimage\"},\"datePublished\":\"2023-12-08T21:06:57+00:00\",\"dateModified\":\"2025-03-10T18:52:05+00:00\",\"author\":{\"@id\":\"https:\/\/franciscanos.org.br\/noticias\/#\/schema\/person\/b5c8cba458c330ccff548b056e95a5d4\"},\"breadcrumb\":{\"@id\":\"https:\/\/franciscanos.org.br\/noticias\/ministro-provincial-aos-professos-temporarios-olhos-fixos-no-alto-e-pes-firmes-no-chao-da-vida.html#breadcrumb\"},\"inLanguage\":\"pt-BR\",\"potentialAction\":[{\"@type\":\"ReadAction\",\"target\":[\"https:\/\/franciscanos.org.br\/noticias\/ministro-provincial-aos-professos-temporarios-olhos-fixos-no-alto-e-pes-firmes-no-chao-da-vida.html\"]}]},{\"@type\":\"BreadcrumbList\",\"@id\":\"https:\/\/franciscanos.org.br\/noticias\/ministro-provincial-aos-professos-temporarios-olhos-fixos-no-alto-e-pes-firmes-no-chao-da-vida.html#breadcrumb\",\"itemListElement\":[{\"@type\":\"ListItem\",\"position\":1,\"name\":\"Home\",\"item\":\"https:\/\/franciscanos.org.br\/noticias\"},{\"@type\":\"ListItem\",\"position\":2,\"name\":\"Ministro Provincial aos Professos Tempor\u00e1rios: Olhos fixos no alto e p\u00e9s firmes no ch\u00e3o da vida\"}]},{\"@type\":\"Person\",\"@id\":\"https:\/\/franciscanos.org.br\/noticias\/#\/schema\/person\/b5c8cba458c330ccff548b056e95a5d4\",\"name\":\"moacir\",\"image\":{\"@type\":\"ImageObject\",\"inLanguage\":\"pt-BR\",\"@id\":\"https:\/\/franciscanos.org.br\/noticias\/#\/schema\/person\/image\/\",\"url\":\"https:\/\/secure.gravatar.com\/avatar\/d08aa2ce4c8dd416d4479aa8536fcf64?s=96&d=mm&r=g\",\"contentUrl\":\"https:\/\/secure.gravatar.com\/avatar\/d08aa2ce4c8dd416d4479aa8536fcf64?s=96&d=mm&r=g\",\"caption\":\"moacir\"},\"url\":\"https:\/\/franciscanos.org.br\/noticias\/author\/moacir\"}]}<\/script>\n<!-- \/ Yoast SEO plugin. -->","yoast_head_json":{"title":"Ministro Provincial aos Professos Tempor\u00e1rios: Olhos fixos no alto e p\u00e9s firmes no ch\u00e3o da vida - Not\u00edcias - Franciscanos","robots":{"index":"index","follow":"follow","max-snippet":"max-snippet:-1","max-image-preview":"max-image-preview:large","max-video-preview":"max-video-preview:-1"},"canonical":"https:\/\/franciscanos.org.br\/noticias\/ministro-provincial-aos-professos-temporarios-olhos-fixos-no-alto-e-pes-firmes-no-chao-da-vida.html","og_locale":"pt_BR","og_type":"article","og_title":"Ministro Provincial aos Professos Tempor\u00e1rios: Olhos fixos no alto e p\u00e9s firmes no ch\u00e3o da vida - Not\u00edcias - Franciscanos","og_description":"Renova\u00e7\u00e3o dos Votos","og_url":"https:\/\/franciscanos.org.br\/noticias\/ministro-provincial-aos-professos-temporarios-olhos-fixos-no-alto-e-pes-firmes-no-chao-da-vida.html","og_site_name":"Not\u00edcias - Franciscanos","article_published_time":"2023-12-08T21:06:57+00:00","article_modified_time":"2025-03-10T18:52:05+00:00","og_image":[{"width":1280,"height":720,"url":"https:\/\/franciscanos.org.br\/noticias\/wp-content\/uploads\/2023\/12\/rondinha_alto.jpg","type":"image\/jpeg"}],"author":"moacir","twitter_card":"summary_large_image","twitter_misc":{"Escrito por":"moacir","Est. tempo de leitura":"4 minutos"},"schema":{"@context":"https:\/\/schema.org","@graph":[{"@type":"WebSite","@id":"https:\/\/franciscanos.org.br\/noticias\/#website","url":"https:\/\/franciscanos.org.br\/noticias\/","name":"Not\u00edcias - Franciscanos","description":"Prov\u00edncia Franciscana da Imaculada Concei\u00e7\u00e3o do Brasil - Ordem dos Frades Menores - OFM","potentialAction":[{"@type":"SearchAction","target":{"@type":"EntryPoint","urlTemplate":"https:\/\/franciscanos.org.br\/noticias\/?s={search_term_string}"},"query-input":"required name=search_term_string"}],"inLanguage":"pt-BR"},{"@type":"ImageObject","inLanguage":"pt-BR","@id":"https:\/\/franciscanos.org.br\/noticias\/ministro-provincial-aos-professos-temporarios-olhos-fixos-no-alto-e-pes-firmes-no-chao-da-vida.html#primaryimage","url":"https:\/\/franciscanos.org.br\/noticias\/wp-content\/uploads\/2023\/12\/rondinha_alto.jpg","contentUrl":"https:\/\/franciscanos.org.br\/noticias\/wp-content\/uploads\/2023\/12\/rondinha_alto.jpg","width":1280,"height":720},{"@type":"WebPage","@id":"https:\/\/franciscanos.org.br\/noticias\/ministro-provincial-aos-professos-temporarios-olhos-fixos-no-alto-e-pes-firmes-no-chao-da-vida.html#webpage","url":"https:\/\/franciscanos.org.br\/noticias\/ministro-provincial-aos-professos-temporarios-olhos-fixos-no-alto-e-pes-firmes-no-chao-da-vida.html","name":"Ministro Provincial aos Professos Tempor\u00e1rios: Olhos fixos no alto e p\u00e9s firmes no ch\u00e3o da vida - Not\u00edcias - Franciscanos","isPartOf":{"@id":"https:\/\/franciscanos.org.br\/noticias\/#website"},"primaryImageOfPage":{"@id":"https:\/\/franciscanos.org.br\/noticias\/ministro-provincial-aos-professos-temporarios-olhos-fixos-no-alto-e-pes-firmes-no-chao-da-vida.html#primaryimage"},"datePublished":"2023-12-08T21:06:57+00:00","dateModified":"2025-03-10T18:52:05+00:00","author":{"@id":"https:\/\/franciscanos.org.br\/noticias\/#\/schema\/person\/b5c8cba458c330ccff548b056e95a5d4"},"breadcrumb":{"@id":"https:\/\/franciscanos.org.br\/noticias\/ministro-provincial-aos-professos-temporarios-olhos-fixos-no-alto-e-pes-firmes-no-chao-da-vida.html#breadcrumb"},"inLanguage":"pt-BR","potentialAction":[{"@type":"ReadAction","target":["https:\/\/franciscanos.org.br\/noticias\/ministro-provincial-aos-professos-temporarios-olhos-fixos-no-alto-e-pes-firmes-no-chao-da-vida.html"]}]},{"@type":"BreadcrumbList","@id":"https:\/\/franciscanos.org.br\/noticias\/ministro-provincial-aos-professos-temporarios-olhos-fixos-no-alto-e-pes-firmes-no-chao-da-vida.html#breadcrumb","itemListElement":[{"@type":"ListItem","position":1,"name":"Home","item":"https:\/\/franciscanos.org.br\/noticias"},{"@type":"ListItem","position":2,"name":"Ministro Provincial aos Professos Tempor\u00e1rios: Olhos fixos no alto e p\u00e9s firmes no ch\u00e3o da vida"}]},{"@type":"Person","@id":"https:\/\/franciscanos.org.br\/noticias\/#\/schema\/person\/b5c8cba458c330ccff548b056e95a5d4","name":"moacir","image":{"@type":"ImageObject","inLanguage":"pt-BR","@id":"https:\/\/franciscanos.org.br\/noticias\/#\/schema\/person\/image\/","url":"https:\/\/secure.gravatar.com\/avatar\/d08aa2ce4c8dd416d4479aa8536fcf64?s=96&d=mm&r=g","contentUrl":"https:\/\/secure.gravatar.com\/avatar\/d08aa2ce4c8dd416d4479aa8536fcf64?s=96&d=mm&r=g","caption":"moacir"},"url":"https:\/\/franciscanos.org.br\/noticias\/author\/moacir"}]}},"_links":{"self":[{"href":"https:\/\/franciscanos.org.br\/noticias\/wp-json\/wp\/v2\/posts\/245788"}],"collection":[{"href":"https:\/\/franciscanos.org.br\/noticias\/wp-json\/wp\/v2\/posts"}],"about":[{"href":"https:\/\/franciscanos.org.br\/noticias\/wp-json\/wp\/v2\/types\/post"}],"author":[{"embeddable":true,"href":"https:\/\/franciscanos.org.br\/noticias\/wp-json\/wp\/v2\/users\/3"}],"replies":[{"embeddable":true,"href":"https:\/\/franciscanos.org.br\/noticias\/wp-json\/wp\/v2\/comments?post=245788"}],"version-history":[{"count":2,"href":"https:\/\/franciscanos.org.br\/noticias\/wp-json\/wp\/v2\/posts\/245788\/revisions"}],"predecessor-version":[{"id":245800,"href":"https:\/\/franciscanos.org.br\/noticias\/wp-json\/wp\/v2\/posts\/245788\/revisions\/245800"}],"wp:featuredmedia":[{"embeddable":true,"href":"https:\/\/franciscanos.org.br\/noticias\/wp-json\/wp\/v2\/media\/245789"}],"wp:attachment":[{"href":"https:\/\/franciscanos.org.br\/noticias\/wp-json\/wp\/v2\/media?parent=245788"}],"wp:term":[{"taxonomy":"category","embeddable":true,"href":"https:\/\/franciscanos.org.br\/noticias\/wp-json\/wp\/v2\/categories?post=245788"},{"taxonomy":"post_tag","embeddable":true,"href":"https:\/\/franciscanos.org.br\/noticias\/wp-json\/wp\/v2\/tags?post=245788"}],"curies":[{"name":"wp","href":"https:\/\/api.w.org\/{rel}","templated":true}]}}