{"id":245776,"date":"2023-12-08T17:13:35","date_gmt":"2023-12-08T20:13:35","guid":{"rendered":"https:\/\/franciscanos.org.br\/noticias\/?p=245776"},"modified":"2023-12-08T17:13:35","modified_gmt":"2023-12-08T20:13:35","slug":"a-inspiracao-do-presepio-para-uma-vida-jubilar","status":"publish","type":"post","link":"https:\/\/franciscanos.org.br\/noticias\/a-inspiracao-do-presepio-para-uma-vida-jubilar.html","title":{"rendered":"A inspira\u00e7\u00e3o do pres\u00e9pio para uma vida jubilar"},"content":{"rendered":"<h3><img loading=\"lazy\" class=\"alignnone size-full wp-image-245777\" src=\"https:\/\/franciscanos.org.br\/noticias\/wp-content\/uploads\/2023\/12\/braganca_14.jpg\" alt=\"\" width=\"1280\" height=\"720\" srcset=\"https:\/\/franciscanos.org.br\/noticias\/wp-content\/uploads\/2023\/12\/braganca_14.jpg 1280w, https:\/\/franciscanos.org.br\/noticias\/wp-content\/uploads\/2023\/12\/braganca_14-450x253.jpg 450w, https:\/\/franciscanos.org.br\/noticias\/wp-content\/uploads\/2023\/12\/braganca_14-1024x576.jpg 1024w, https:\/\/franciscanos.org.br\/noticias\/wp-content\/uploads\/2023\/12\/braganca_14-768x432.jpg 768w, https:\/\/franciscanos.org.br\/noticias\/wp-content\/uploads\/2023\/12\/braganca_14-150x84.jpg 150w\" sizes=\"(max-width: 1280px) 100vw, 1280px\" \/><\/h3>\n<h3 style=\"padding-left: 40px; text-align: center;\"><em>Confrades do Regional de S\u00e3o Paulo celebram os jubileus<br \/>\ncom\u00a0<\/em><em> convite para buscar a excel\u00eancia<\/em><\/h3>\n<p>Conforme tem se tornado tradi\u00e7\u00e3o, a Solenidade da Imaculada Concei\u00e7\u00e3o de Maria, Padroeira da Prov\u00edncia, foi tamb\u00e9m ocasi\u00e3o de o Regional de S\u00e3o Paulo celebrar com os frades da Fraternidade S\u00e3o Francisco, de Bragan\u00e7a Paulista (SP), os jubileus comemorados no ano de 2023. A celebra\u00e7\u00e3o, presidida pelo Vig\u00e1rio Provincial, Frei Gustavo Medella, contou com a presen\u00e7a dos irm\u00e3os de quase todas as Fraternidades do Regional. Somou-se ao grupo dos jubilandos, Frei Luiz Iakovacz, completando 50 anos de minist\u00e9rio sacerdotal e que est\u00e1 em per\u00edodo de f\u00e9rias.<\/p>\n<p><img loading=\"lazy\" class=\"alignnone size-full wp-image-245778\" src=\"https:\/\/franciscanos.org.br\/noticias\/wp-content\/uploads\/2023\/12\/braganca_03.jpg\" alt=\"\" width=\"1280\" height=\"577\" srcset=\"https:\/\/franciscanos.org.br\/noticias\/wp-content\/uploads\/2023\/12\/braganca_03.jpg 1280w, https:\/\/franciscanos.org.br\/noticias\/wp-content\/uploads\/2023\/12\/braganca_03-450x203.jpg 450w, https:\/\/franciscanos.org.br\/noticias\/wp-content\/uploads\/2023\/12\/braganca_03-1024x462.jpg 1024w, https:\/\/franciscanos.org.br\/noticias\/wp-content\/uploads\/2023\/12\/braganca_03-768x346.jpg 768w, https:\/\/franciscanos.org.br\/noticias\/wp-content\/uploads\/2023\/12\/braganca_03-150x68.jpg 150w\" sizes=\"(max-width: 1280px) 100vw, 1280px\" \/><\/p>\n<p>Na homilia, recordando o jubileu da cria\u00e7\u00e3o do Pres\u00e9pio, Frei Gustavo explicou brevemente o contexto que motivou S\u00e3o Francisco a propor a recria\u00e7\u00e3o da cena do Nascimento do Menino Deus: \u201cH\u00e1 800 anos, no vilarejo de Greccio, Francisco de Assis teve uma feliz ideia. E se esta cena que nos \u00e9 narrada todos anos, do nascimento do Menino Jesus, pudesse ser vista por n\u00f3s hoje, agora, aqui, bem pr\u00f3ximo de n\u00f3s? Como reagiria o nosso cora\u00e7\u00e3o? Movido por esta apaixonada curiosidade, o santo mobilizou a popula\u00e7\u00e3o local para providenciar a primeira montagem da cena do nascimento do Filho de Deus: um pres\u00e9pio vivo, com Maria, Jos\u00e9, o Menino, os animais, a palha, a estrela, os pastores, tudo que tinha direito! E assim se fez, e no local foi celebrada a missa. Todo mundo participou e voltou para casa ainda mais convicto de que Deus estava de fato muito pr\u00f3ximo, de que era uma crian\u00e7a e que poderia nascer em qualquer lugar, inclusive dentro de casa e, ainda mais, dentro de cada pessoa\u201d.<\/p>\n<p><img loading=\"lazy\" class=\"alignnone size-full wp-image-245779\" src=\"https:\/\/franciscanos.org.br\/noticias\/wp-content\/uploads\/2023\/12\/braganca_05.jpg\" alt=\"\" width=\"1280\" height=\"635\" srcset=\"https:\/\/franciscanos.org.br\/noticias\/wp-content\/uploads\/2023\/12\/braganca_05.jpg 1280w, https:\/\/franciscanos.org.br\/noticias\/wp-content\/uploads\/2023\/12\/braganca_05-450x223.jpg 450w, https:\/\/franciscanos.org.br\/noticias\/wp-content\/uploads\/2023\/12\/braganca_05-1024x508.jpg 1024w, https:\/\/franciscanos.org.br\/noticias\/wp-content\/uploads\/2023\/12\/braganca_05-768x381.jpg 768w, https:\/\/franciscanos.org.br\/noticias\/wp-content\/uploads\/2023\/12\/braganca_05-150x74.jpg 150w\" sizes=\"(max-width: 1280px) 100vw, 1280px\" \/><\/p>\n<p>Refletindo sobre a liga\u00e7\u00e3o da cena com a celebra\u00e7\u00e3o jubilar dos confrades, Frei Medella destacou que a celebra\u00e7\u00e3o dos 800 anos do pres\u00e9pio tamb\u00e9m pode ser um momento privilegiado para aqueles que abra\u00e7aram a voca\u00e7\u00e3o franciscana: \u201cMeus estimados confrades jubilandos, celebrar o jubileu de Greccio deve ser para n\u00f3s ocasi\u00e3o de mergulharmos na ternura de Deus, para de l\u00e1 sairmos renovados, dando significado novo \u00e0 nossa vida. N\u00e3o importa a fase que estejamos vivendo, se somos deste s\u00e9culo ou do s\u00e9culo passado, se nossos reflexos ainda est\u00e3o \u00e1geis ou respondem de maneira mais vagarosa, se temos muitas ocupa\u00e7\u00f5es e responsabilidades ou se agora, dentro de nossos limites e fragilidades, estamos procurando dar o nosso melhor numa rotina bastante previs\u00edvel. Deus sempre esteve e estar\u00e1 pr\u00f3ximo a n\u00f3s\u201d, recordou.<\/p>\n<p><img loading=\"lazy\" class=\"alignnone size-full wp-image-245780\" src=\"https:\/\/franciscanos.org.br\/noticias\/wp-content\/uploads\/2023\/12\/braganca_04.jpg\" alt=\"\" width=\"1280\" height=\"577\" srcset=\"https:\/\/franciscanos.org.br\/noticias\/wp-content\/uploads\/2023\/12\/braganca_04.jpg 1280w, https:\/\/franciscanos.org.br\/noticias\/wp-content\/uploads\/2023\/12\/braganca_04-450x203.jpg 450w, https:\/\/franciscanos.org.br\/noticias\/wp-content\/uploads\/2023\/12\/braganca_04-1024x462.jpg 1024w, https:\/\/franciscanos.org.br\/noticias\/wp-content\/uploads\/2023\/12\/braganca_04-768x346.jpg 768w, https:\/\/franciscanos.org.br\/noticias\/wp-content\/uploads\/2023\/12\/braganca_04-150x68.jpg 150w\" sizes=\"(max-width: 1280px) 100vw, 1280px\" \/><\/p>\n<p>Para o Vig\u00e1rio Provincial, a cena do pres\u00e9pio inspira cada ser humano a buscar viver com excel\u00eancia: \u201cO mais importante, meus irm\u00e3os, \u00e9 sempre, em cada momento, ao modo de Francisco, buscarmos a excel\u00eancia naquilo que somos e que fazemos. Excel\u00eancia: fazer o nosso melhor, na condi\u00e7\u00e3o que temos, at\u00e9 que tenhamos condi\u00e7\u00e3o de fazer melhor ainda. Excel\u00eancia! Na minoridade, na fraternidade, na gentileza, na toler\u00e2ncia, na ora\u00e7\u00e3o, na gratid\u00e3o, na paci\u00eancia&#8230; Maria e Jos\u00e9 foram t\u00e3o excelentes e proativos que conseguiram transformar o cocho vazio de uma escura estrebaria, com um pouco de palhas secas, num ber\u00e7o acolhedor onde puderam acomodar o Deus Menino.\u00a0 E \u00e9 neste nosso cora\u00e7\u00e3o, fr\u00e1gil, cheio de contradi\u00e7\u00f5es e de medos, muitas vezes imaturo, que n\u00f3s queremos tamb\u00e9m acomodar o Menino Jesus que est\u00e1 prestes a nascer. Fazendo o nosso melhor, nas condi\u00e7\u00f5es que temos, at\u00e9 que tenhamos condi\u00e7\u00f5es de fazer melhor ainda\u201d, exortou.<\/p>\n<p>&nbsp;<\/p>\n<p><img loading=\"lazy\" class=\"alignnone size-full wp-image-245782\" src=\"https:\/\/franciscanos.org.br\/noticias\/wp-content\/uploads\/2023\/12\/braganca_09.jpg\" alt=\"\" width=\"1280\" height=\"720\" srcset=\"https:\/\/franciscanos.org.br\/noticias\/wp-content\/uploads\/2023\/12\/braganca_09.jpg 1280w, https:\/\/franciscanos.org.br\/noticias\/wp-content\/uploads\/2023\/12\/braganca_09-450x253.jpg 450w, https:\/\/franciscanos.org.br\/noticias\/wp-content\/uploads\/2023\/12\/braganca_09-1024x576.jpg 1024w, https:\/\/franciscanos.org.br\/noticias\/wp-content\/uploads\/2023\/12\/braganca_09-768x432.jpg 768w, https:\/\/franciscanos.org.br\/noticias\/wp-content\/uploads\/2023\/12\/braganca_09-150x84.jpg 150w\" sizes=\"(max-width: 1280px) 100vw, 1280px\" \/><\/p>\n<p>Ligando a tem\u00e1tica da excel\u00eancia com a solenidade do dia, destacou a figura de Maria como modelo: \u201cE na escola da Excel\u00eancia, Maria foi professora. Na pobreza e na juventude de uma pessoa comum, menina simples de seu tempo, soube dialogar com o des\u00edgnio de Deus e n\u00e3o se furtou a assumir a miss\u00e3o que lhe fora proposta. Em nenhum momento foi mesquinha ou ego\u00edsta. O individualismo e os sonhos de grandeza tamb\u00e9m n\u00e3o entraram em sua conta quando ela se disp\u00f4s por inteira a abra\u00e7ar o projeto de Deus apresentado pelo anjo: \u201cEis aqui a serva do Senhor. Fa\u00e7a-se em mim segundo a sua vontade\u201d. Com sua atitude de entrega confiante, n\u00e3o deu espa\u00e7o para que o pecado pudesse tomar a dianteira em sua vida. Por generosidade de Deus, foi liberta da mancha do pecado e viveu nesta liberdade fecunda de quem se sente amado e conduzido desde sempre\u201d, explicou.<\/p>\n<p><img loading=\"lazy\" class=\"alignnone size-full wp-image-245783\" src=\"https:\/\/franciscanos.org.br\/noticias\/wp-content\/uploads\/2023\/12\/braganca_11.jpg\" alt=\"\" width=\"1280\" height=\"720\" srcset=\"https:\/\/franciscanos.org.br\/noticias\/wp-content\/uploads\/2023\/12\/braganca_11.jpg 1280w, https:\/\/franciscanos.org.br\/noticias\/wp-content\/uploads\/2023\/12\/braganca_11-450x253.jpg 450w, https:\/\/franciscanos.org.br\/noticias\/wp-content\/uploads\/2023\/12\/braganca_11-1024x576.jpg 1024w, https:\/\/franciscanos.org.br\/noticias\/wp-content\/uploads\/2023\/12\/braganca_11-768x432.jpg 768w, https:\/\/franciscanos.org.br\/noticias\/wp-content\/uploads\/2023\/12\/braganca_11-150x84.jpg 150w\" sizes=\"(max-width: 1280px) 100vw, 1280px\" \/><\/p>\n<p><img loading=\"lazy\" class=\"alignnone size-full wp-image-245784\" src=\"https:\/\/franciscanos.org.br\/noticias\/wp-content\/uploads\/2023\/12\/braganca_13.jpg\" alt=\"\" width=\"1280\" height=\"577\" srcset=\"https:\/\/franciscanos.org.br\/noticias\/wp-content\/uploads\/2023\/12\/braganca_13.jpg 1280w, https:\/\/franciscanos.org.br\/noticias\/wp-content\/uploads\/2023\/12\/braganca_13-450x203.jpg 450w, https:\/\/franciscanos.org.br\/noticias\/wp-content\/uploads\/2023\/12\/braganca_13-1024x462.jpg 1024w, https:\/\/franciscanos.org.br\/noticias\/wp-content\/uploads\/2023\/12\/braganca_13-768x346.jpg 768w, https:\/\/franciscanos.org.br\/noticias\/wp-content\/uploads\/2023\/12\/braganca_13-150x68.jpg 150w\" sizes=\"(max-width: 1280px) 100vw, 1280px\" \/><\/p>\n<p>Frei Medella aproveitou o momento da homilia ainda para agradecer \u00e0 Fraternidade cuidadora da Bragan\u00e7a Paulista, dirigindo-se ao guardi\u00e3o, Frei Carlos K\u00f6rber e estendendo os cumprimentos a toda a Fraternidade, assim como aos profissionais que atuam direta ou indiretamente no cuidado dos irm\u00e3os enfermos e doentes. Tamb\u00e9m recordou o quanto os frades que est\u00e3o em Bragan\u00e7a Paulista s\u00e3o lembrados e estimados por toda a Prov\u00edncia: \u201cDif\u00edcil passar um dia sem nos encontramos com algu\u00e9m que n\u00e3o pergunte sobre os frades daqui. As pessoas querem saber como voc\u00eas est\u00e3o, relembram hist\u00f3rias e fatos marcantes, relatam o quanto querem bem a voc\u00eas e o quanto voc\u00eas s\u00e3o importantes na vida deles\u201d, partilhou.<\/p>\n<p><img loading=\"lazy\" class=\"alignnone size-full wp-image-245785\" src=\"https:\/\/franciscanos.org.br\/noticias\/wp-content\/uploads\/2023\/12\/braganca_12.jpg\" alt=\"\" width=\"1280\" height=\"577\" srcset=\"https:\/\/franciscanos.org.br\/noticias\/wp-content\/uploads\/2023\/12\/braganca_12.jpg 1280w, https:\/\/franciscanos.org.br\/noticias\/wp-content\/uploads\/2023\/12\/braganca_12-450x203.jpg 450w, https:\/\/franciscanos.org.br\/noticias\/wp-content\/uploads\/2023\/12\/braganca_12-1024x462.jpg 1024w, https:\/\/franciscanos.org.br\/noticias\/wp-content\/uploads\/2023\/12\/braganca_12-768x346.jpg 768w, https:\/\/franciscanos.org.br\/noticias\/wp-content\/uploads\/2023\/12\/braganca_12-150x68.jpg 150w\" sizes=\"(max-width: 1280px) 100vw, 1280px\" \/><\/p>\n<p>Ao final da reflex\u00e3o, o presidente fez quest\u00e3o de transmitir a sauda\u00e7\u00e3o expressa do Ministro Provincial, Frei Paulo Roberto Pereira que, no mesmo hor\u00e1rio, acolhia o pedido de renova\u00e7\u00e3o de votos tempor\u00e1rios dos confrades da Fraternidade S\u00e3o Boaventura, em Campo Largo (PR). Al\u00e9m de transmitir a sauda\u00e7\u00e3o, Frei Medella fez quest\u00e3o de abra\u00e7ar cada um dos confrades jubilandos logo depois da renova\u00e7\u00e3o dos compromissos da vida presbiteral ou da consagra\u00e7\u00e3o religiosa. Logo ap\u00f3s a celebra\u00e7\u00e3o, todos se confraternizaram num saboroso almo\u00e7o oferecido no espa\u00e7o de conviv\u00eancia da Fraternidade<\/p>\n<p><img loading=\"lazy\" class=\"alignnone size-full wp-image-245786\" src=\"https:\/\/franciscanos.org.br\/noticias\/wp-content\/uploads\/2023\/12\/braganca_08-1.jpg\" alt=\"\" width=\"1280\" height=\"604\" srcset=\"https:\/\/franciscanos.org.br\/noticias\/wp-content\/uploads\/2023\/12\/braganca_08-1.jpg 1280w, https:\/\/franciscanos.org.br\/noticias\/wp-content\/uploads\/2023\/12\/braganca_08-1-450x212.jpg 450w, https:\/\/franciscanos.org.br\/noticias\/wp-content\/uploads\/2023\/12\/braganca_08-1-1024x483.jpg 1024w, https:\/\/franciscanos.org.br\/noticias\/wp-content\/uploads\/2023\/12\/braganca_08-1-768x362.jpg 768w, https:\/\/franciscanos.org.br\/noticias\/wp-content\/uploads\/2023\/12\/braganca_08-1-150x71.jpg 150w\" sizes=\"(max-width: 1280px) 100vw, 1280px\" \/><\/p>\n<p>Confira a lista dos jubilandos do Regional de S\u00e3o Paulo que participaram da celebra\u00e7\u00e3o:<\/p>\n<p><strong>VIDA RELIGIOSA<\/strong><\/p>\n<p>74 anos &#8211; Frei Floriano Surian<\/p>\n<p>72 anos &#8211; Frei Odorico Decker<\/p>\n<p>71 anos &#8211; Frei Gamaliel Devigili<\/p>\n<p>65 anos &#8211; Frei Francisco Tomazi e Frei Jos\u00e9 Lino Zimmermann<\/p>\n<p>60 anos &#8211; Frei Ricardo Backes<\/p>\n<p>50 anos &#8211; Frei Celso Chiarelli<\/p>\n<p><strong>MINIST\u00c9RIO PRESBITERAL<\/strong><\/p>\n<p>50 anos &#8211; Frei Guido Moacir Scheidt, Frei Jos\u00e9 Ariovaldo da Silva e Frei Luiz Iakovacz (este \u00faltimo pertencente a outro regional, mas presente na celebra\u00e7\u00e3o)<\/p>\n<p>25 anos &#8211; Frei Raimundo Justiniano de Oliveira Castro<\/p>\n<hr \/>\n<p><em>Comunica\u00e7\u00e3o da Prov\u00edncia da Imaculada Concei\u00e7\u00e3o<\/em><\/p>\n<p>&nbsp;<\/p>\n","protected":false},"excerpt":{"rendered":"<p>Jubileus da Prov\u00edncia<\/p>\n","protected":false},"author":3,"featured_media":245777,"comment_status":"open","ping_status":"open","sticky":false,"template":"","format":"standard","meta":[],"categories":[1],"tags":[332],"acf":[],"yoast_head":"<!-- This site is optimized with the Yoast SEO plugin v19.2 - https:\/\/yoast.com\/wordpress\/plugins\/seo\/ -->\n<title>A inspira\u00e7\u00e3o do pres\u00e9pio para uma vida jubilar - Not\u00edcias - Franciscanos<\/title>\n<meta name=\"robots\" content=\"index, follow, max-snippet:-1, max-image-preview:large, max-video-preview:-1\" \/>\n<link rel=\"canonical\" href=\"https:\/\/franciscanos.org.br\/noticias\/a-inspiracao-do-presepio-para-uma-vida-jubilar.html\" \/>\n<meta property=\"og:locale\" content=\"pt_BR\" \/>\n<meta property=\"og:type\" content=\"article\" \/>\n<meta property=\"og:title\" content=\"A inspira\u00e7\u00e3o do pres\u00e9pio para uma vida jubilar - Not\u00edcias - Franciscanos\" \/>\n<meta property=\"og:description\" content=\"Jubileus da Prov\u00edncia\" \/>\n<meta property=\"og:url\" content=\"https:\/\/franciscanos.org.br\/noticias\/a-inspiracao-do-presepio-para-uma-vida-jubilar.html\" \/>\n<meta property=\"og:site_name\" content=\"Not\u00edcias - Franciscanos\" \/>\n<meta property=\"article:published_time\" content=\"2023-12-08T20:13:35+00:00\" \/>\n<meta property=\"og:image\" content=\"https:\/\/franciscanos.org.br\/noticias\/wp-content\/uploads\/2023\/12\/braganca_14.jpg\" \/>\n\t<meta property=\"og:image:width\" content=\"1280\" \/>\n\t<meta property=\"og:image:height\" content=\"720\" \/>\n\t<meta property=\"og:image:type\" content=\"image\/jpeg\" \/>\n<meta name=\"author\" content=\"moacir\" \/>\n<meta name=\"twitter:card\" content=\"summary_large_image\" \/>\n<meta name=\"twitter:label1\" content=\"Escrito por\" \/>\n\t<meta name=\"twitter:data1\" content=\"moacir\" \/>\n\t<meta name=\"twitter:label2\" content=\"Est. tempo de leitura\" \/>\n\t<meta name=\"twitter:data2\" content=\"6 minutos\" \/>\n<script type=\"application\/ld+json\" class=\"yoast-schema-graph\">{\"@context\":\"https:\/\/schema.org\",\"@graph\":[{\"@type\":\"WebSite\",\"@id\":\"https:\/\/franciscanos.org.br\/noticias\/#website\",\"url\":\"https:\/\/franciscanos.org.br\/noticias\/\",\"name\":\"Not\u00edcias - Franciscanos\",\"description\":\"Prov\u00edncia Franciscana da Imaculada Concei\u00e7\u00e3o do Brasil - Ordem dos Frades Menores - OFM\",\"potentialAction\":[{\"@type\":\"SearchAction\",\"target\":{\"@type\":\"EntryPoint\",\"urlTemplate\":\"https:\/\/franciscanos.org.br\/noticias\/?s={search_term_string}\"},\"query-input\":\"required name=search_term_string\"}],\"inLanguage\":\"pt-BR\"},{\"@type\":\"ImageObject\",\"inLanguage\":\"pt-BR\",\"@id\":\"https:\/\/franciscanos.org.br\/noticias\/a-inspiracao-do-presepio-para-uma-vida-jubilar.html#primaryimage\",\"url\":\"https:\/\/franciscanos.org.br\/noticias\/wp-content\/uploads\/2023\/12\/braganca_14.jpg\",\"contentUrl\":\"https:\/\/franciscanos.org.br\/noticias\/wp-content\/uploads\/2023\/12\/braganca_14.jpg\",\"width\":1280,\"height\":720},{\"@type\":\"WebPage\",\"@id\":\"https:\/\/franciscanos.org.br\/noticias\/a-inspiracao-do-presepio-para-uma-vida-jubilar.html#webpage\",\"url\":\"https:\/\/franciscanos.org.br\/noticias\/a-inspiracao-do-presepio-para-uma-vida-jubilar.html\",\"name\":\"A inspira\u00e7\u00e3o do pres\u00e9pio para uma vida jubilar - Not\u00edcias - Franciscanos\",\"isPartOf\":{\"@id\":\"https:\/\/franciscanos.org.br\/noticias\/#website\"},\"primaryImageOfPage\":{\"@id\":\"https:\/\/franciscanos.org.br\/noticias\/a-inspiracao-do-presepio-para-uma-vida-jubilar.html#primaryimage\"},\"datePublished\":\"2023-12-08T20:13:35+00:00\",\"dateModified\":\"2023-12-08T20:13:35+00:00\",\"author\":{\"@id\":\"https:\/\/franciscanos.org.br\/noticias\/#\/schema\/person\/b5c8cba458c330ccff548b056e95a5d4\"},\"breadcrumb\":{\"@id\":\"https:\/\/franciscanos.org.br\/noticias\/a-inspiracao-do-presepio-para-uma-vida-jubilar.html#breadcrumb\"},\"inLanguage\":\"pt-BR\",\"potentialAction\":[{\"@type\":\"ReadAction\",\"target\":[\"https:\/\/franciscanos.org.br\/noticias\/a-inspiracao-do-presepio-para-uma-vida-jubilar.html\"]}]},{\"@type\":\"BreadcrumbList\",\"@id\":\"https:\/\/franciscanos.org.br\/noticias\/a-inspiracao-do-presepio-para-uma-vida-jubilar.html#breadcrumb\",\"itemListElement\":[{\"@type\":\"ListItem\",\"position\":1,\"name\":\"Home\",\"item\":\"https:\/\/franciscanos.org.br\/noticias\"},{\"@type\":\"ListItem\",\"position\":2,\"name\":\"A inspira\u00e7\u00e3o do pres\u00e9pio para uma vida jubilar\"}]},{\"@type\":\"Person\",\"@id\":\"https:\/\/franciscanos.org.br\/noticias\/#\/schema\/person\/b5c8cba458c330ccff548b056e95a5d4\",\"name\":\"moacir\",\"image\":{\"@type\":\"ImageObject\",\"inLanguage\":\"pt-BR\",\"@id\":\"https:\/\/franciscanos.org.br\/noticias\/#\/schema\/person\/image\/\",\"url\":\"https:\/\/secure.gravatar.com\/avatar\/d08aa2ce4c8dd416d4479aa8536fcf64?s=96&d=mm&r=g\",\"contentUrl\":\"https:\/\/secure.gravatar.com\/avatar\/d08aa2ce4c8dd416d4479aa8536fcf64?s=96&d=mm&r=g\",\"caption\":\"moacir\"},\"url\":\"https:\/\/franciscanos.org.br\/noticias\/author\/moacir\"}]}<\/script>\n<!-- \/ Yoast SEO plugin. -->","yoast_head_json":{"title":"A inspira\u00e7\u00e3o do pres\u00e9pio para uma vida jubilar - Not\u00edcias - Franciscanos","robots":{"index":"index","follow":"follow","max-snippet":"max-snippet:-1","max-image-preview":"max-image-preview:large","max-video-preview":"max-video-preview:-1"},"canonical":"https:\/\/franciscanos.org.br\/noticias\/a-inspiracao-do-presepio-para-uma-vida-jubilar.html","og_locale":"pt_BR","og_type":"article","og_title":"A inspira\u00e7\u00e3o do pres\u00e9pio para uma vida jubilar - Not\u00edcias - Franciscanos","og_description":"Jubileus da Prov\u00edncia","og_url":"https:\/\/franciscanos.org.br\/noticias\/a-inspiracao-do-presepio-para-uma-vida-jubilar.html","og_site_name":"Not\u00edcias - Franciscanos","article_published_time":"2023-12-08T20:13:35+00:00","og_image":[{"width":1280,"height":720,"url":"https:\/\/franciscanos.org.br\/noticias\/wp-content\/uploads\/2023\/12\/braganca_14.jpg","type":"image\/jpeg"}],"author":"moacir","twitter_card":"summary_large_image","twitter_misc":{"Escrito por":"moacir","Est. tempo de leitura":"6 minutos"},"schema":{"@context":"https:\/\/schema.org","@graph":[{"@type":"WebSite","@id":"https:\/\/franciscanos.org.br\/noticias\/#website","url":"https:\/\/franciscanos.org.br\/noticias\/","name":"Not\u00edcias - Franciscanos","description":"Prov\u00edncia Franciscana da Imaculada Concei\u00e7\u00e3o do Brasil - Ordem dos Frades Menores - OFM","potentialAction":[{"@type":"SearchAction","target":{"@type":"EntryPoint","urlTemplate":"https:\/\/franciscanos.org.br\/noticias\/?s={search_term_string}"},"query-input":"required name=search_term_string"}],"inLanguage":"pt-BR"},{"@type":"ImageObject","inLanguage":"pt-BR","@id":"https:\/\/franciscanos.org.br\/noticias\/a-inspiracao-do-presepio-para-uma-vida-jubilar.html#primaryimage","url":"https:\/\/franciscanos.org.br\/noticias\/wp-content\/uploads\/2023\/12\/braganca_14.jpg","contentUrl":"https:\/\/franciscanos.org.br\/noticias\/wp-content\/uploads\/2023\/12\/braganca_14.jpg","width":1280,"height":720},{"@type":"WebPage","@id":"https:\/\/franciscanos.org.br\/noticias\/a-inspiracao-do-presepio-para-uma-vida-jubilar.html#webpage","url":"https:\/\/franciscanos.org.br\/noticias\/a-inspiracao-do-presepio-para-uma-vida-jubilar.html","name":"A inspira\u00e7\u00e3o do pres\u00e9pio para uma vida jubilar - Not\u00edcias - Franciscanos","isPartOf":{"@id":"https:\/\/franciscanos.org.br\/noticias\/#website"},"primaryImageOfPage":{"@id":"https:\/\/franciscanos.org.br\/noticias\/a-inspiracao-do-presepio-para-uma-vida-jubilar.html#primaryimage"},"datePublished":"2023-12-08T20:13:35+00:00","dateModified":"2023-12-08T20:13:35+00:00","author":{"@id":"https:\/\/franciscanos.org.br\/noticias\/#\/schema\/person\/b5c8cba458c330ccff548b056e95a5d4"},"breadcrumb":{"@id":"https:\/\/franciscanos.org.br\/noticias\/a-inspiracao-do-presepio-para-uma-vida-jubilar.html#breadcrumb"},"inLanguage":"pt-BR","potentialAction":[{"@type":"ReadAction","target":["https:\/\/franciscanos.org.br\/noticias\/a-inspiracao-do-presepio-para-uma-vida-jubilar.html"]}]},{"@type":"BreadcrumbList","@id":"https:\/\/franciscanos.org.br\/noticias\/a-inspiracao-do-presepio-para-uma-vida-jubilar.html#breadcrumb","itemListElement":[{"@type":"ListItem","position":1,"name":"Home","item":"https:\/\/franciscanos.org.br\/noticias"},{"@type":"ListItem","position":2,"name":"A inspira\u00e7\u00e3o do pres\u00e9pio para uma vida jubilar"}]},{"@type":"Person","@id":"https:\/\/franciscanos.org.br\/noticias\/#\/schema\/person\/b5c8cba458c330ccff548b056e95a5d4","name":"moacir","image":{"@type":"ImageObject","inLanguage":"pt-BR","@id":"https:\/\/franciscanos.org.br\/noticias\/#\/schema\/person\/image\/","url":"https:\/\/secure.gravatar.com\/avatar\/d08aa2ce4c8dd416d4479aa8536fcf64?s=96&d=mm&r=g","contentUrl":"https:\/\/secure.gravatar.com\/avatar\/d08aa2ce4c8dd416d4479aa8536fcf64?s=96&d=mm&r=g","caption":"moacir"},"url":"https:\/\/franciscanos.org.br\/noticias\/author\/moacir"}]}},"_links":{"self":[{"href":"https:\/\/franciscanos.org.br\/noticias\/wp-json\/wp\/v2\/posts\/245776"}],"collection":[{"href":"https:\/\/franciscanos.org.br\/noticias\/wp-json\/wp\/v2\/posts"}],"about":[{"href":"https:\/\/franciscanos.org.br\/noticias\/wp-json\/wp\/v2\/types\/post"}],"author":[{"embeddable":true,"href":"https:\/\/franciscanos.org.br\/noticias\/wp-json\/wp\/v2\/users\/3"}],"replies":[{"embeddable":true,"href":"https:\/\/franciscanos.org.br\/noticias\/wp-json\/wp\/v2\/comments?post=245776"}],"version-history":[{"count":1,"href":"https:\/\/franciscanos.org.br\/noticias\/wp-json\/wp\/v2\/posts\/245776\/revisions"}],"predecessor-version":[{"id":245787,"href":"https:\/\/franciscanos.org.br\/noticias\/wp-json\/wp\/v2\/posts\/245776\/revisions\/245787"}],"wp:featuredmedia":[{"embeddable":true,"href":"https:\/\/franciscanos.org.br\/noticias\/wp-json\/wp\/v2\/media\/245777"}],"wp:attachment":[{"href":"https:\/\/franciscanos.org.br\/noticias\/wp-json\/wp\/v2\/media?parent=245776"}],"wp:term":[{"taxonomy":"category","embeddable":true,"href":"https:\/\/franciscanos.org.br\/noticias\/wp-json\/wp\/v2\/categories?post=245776"},{"taxonomy":"post_tag","embeddable":true,"href":"https:\/\/franciscanos.org.br\/noticias\/wp-json\/wp\/v2\/tags?post=245776"}],"curies":[{"name":"wp","href":"https:\/\/api.w.org\/{rel}","templated":true}]}}