{"id":245746,"date":"2023-12-08T14:15:11","date_gmt":"2023-12-08T17:15:11","guid":{"rendered":"https:\/\/franciscanos.org.br\/noticias\/?p=245746"},"modified":"2025-03-10T15:52:55","modified_gmt":"2025-03-10T18:52:55","slug":"alcancar-o-evangelho-pleno-a-partir-da-fraternidade-ensina-frei-paulo","status":"publish","type":"post","link":"https:\/\/franciscanos.org.br\/noticias\/alcancar-o-evangelho-pleno-a-partir-da-fraternidade-ensina-frei-paulo.html","title":{"rendered":"\u201cAlcan\u00e7ar o Evangelho pleno, a partir da Fraternidade\u201d, ensina Frei Paulo"},"content":{"rendered":"<p><img loading=\"lazy\" class=\"alignnone size-full wp-image-245747\" src=\"https:\/\/franciscanos.org.br\/noticias\/wp-content\/uploads\/2023\/12\/renovapetropolis_10.jpg\" alt=\"\" width=\"1280\" height=\"720\" srcset=\"https:\/\/franciscanos.org.br\/noticias\/wp-content\/uploads\/2023\/12\/renovapetropolis_10.jpg 1280w, https:\/\/franciscanos.org.br\/noticias\/wp-content\/uploads\/2023\/12\/renovapetropolis_10-450x253.jpg 450w, https:\/\/franciscanos.org.br\/noticias\/wp-content\/uploads\/2023\/12\/renovapetropolis_10-1024x576.jpg 1024w, https:\/\/franciscanos.org.br\/noticias\/wp-content\/uploads\/2023\/12\/renovapetropolis_10-768x432.jpg 768w, https:\/\/franciscanos.org.br\/noticias\/wp-content\/uploads\/2023\/12\/renovapetropolis_10-150x84.jpg 150w\" sizes=\"(max-width: 1280px) 100vw, 1280px\" \/><\/p>\n<p><strong>Petr\u00f3polis (RJ)<\/strong> &#8211; Reunida na Igreja do Sagrado Cora\u00e7\u00e3o de Jesus, em Petr\u00f3polis, \u00e0s 18 horas do dia 6 de dezembro, a Fraternidade do Sagrado celebrava junto com a comunidade local a Renova\u00e7\u00e3o anual dos Votos Tempor\u00e1rios de cinco frades. S\u00e3o eles: Frei Elias Hebo Lu\u00eds, Frei Franklin Matheus da Costa, Frei Gabriel Nogueira Alves, Frei Jo\u00e3o Pedro Pessoa Lima e Frei Pedro Isa\u00edas Luisa Vitangui, na presen\u00e7a do Ministro Provincial e presidente da celebra\u00e7\u00e3o, Frei Paulo Roberto Pereira.<\/p>\n<p>Passados os ritos iniciais, no momento da homilia, Frei Paulo iniciou saudando os frades que comp\u00f5em a equipe de forma\u00e7\u00e3o como de costume, bem como aos demais presentes na celebra\u00e7\u00e3o. A seguir, destacou:<\/p>\n<p><img loading=\"lazy\" class=\"alignnone size-full wp-image-245748\" src=\"https:\/\/franciscanos.org.br\/noticias\/wp-content\/uploads\/2023\/12\/renovapetropolis_13.jpg\" alt=\"\" width=\"1280\" height=\"960\" srcset=\"https:\/\/franciscanos.org.br\/noticias\/wp-content\/uploads\/2023\/12\/renovapetropolis_13.jpg 1280w, https:\/\/franciscanos.org.br\/noticias\/wp-content\/uploads\/2023\/12\/renovapetropolis_13-450x338.jpg 450w, https:\/\/franciscanos.org.br\/noticias\/wp-content\/uploads\/2023\/12\/renovapetropolis_13-1024x768.jpg 1024w, https:\/\/franciscanos.org.br\/noticias\/wp-content\/uploads\/2023\/12\/renovapetropolis_13-768x576.jpg 768w, https:\/\/franciscanos.org.br\/noticias\/wp-content\/uploads\/2023\/12\/renovapetropolis_13-150x113.jpg 150w, https:\/\/franciscanos.org.br\/noticias\/wp-content\/uploads\/2023\/12\/renovapetropolis_13-600x450.jpg 600w\" sizes=\"(max-width: 1280px) 100vw, 1280px\" \/><\/p>\n\n\t\t<style type=\"text\/css\">\n\t\t\t#gallery-1 {\n\t\t\t\tmargin: auto;\n\t\t\t}\n\t\t\t#gallery-1 .gallery-item {\n\t\t\t\tfloat: left;\n\t\t\t\tmargin-top: 10px;\n\t\t\t\ttext-align: center;\n\t\t\t\twidth: 12%;\n\t\t\t}\n\t\t\t#gallery-1 img {\n\t\t\t\tborder: 2px solid #cfcfcf;\n\t\t\t}\n\t\t\t#gallery-1 .gallery-caption {\n\t\t\t\tmargin-left: 0;\n\t\t\t}\n\t\t\t\/* see gallery_shortcode() in wp-includes\/media.php *\/\n\t\t<\/style>\n\t\t<div id='gallery-1' class='gallery galleryid-245746 gallery-columns-8 gallery-size-thumbnail'><dl class='gallery-item'>\n\t\t\t<dt class='gallery-icon landscape'>\n\t\t\t\t<a href='https:\/\/franciscanos.org.br\/noticias\/wp-content\/uploads\/2023\/12\/renovapetropolis_01.jpg'><img width=\"300\" height=\"300\" src=\"https:\/\/franciscanos.org.br\/noticias\/wp-content\/uploads\/2023\/12\/renovapetropolis_01-300x300.jpg\" class=\"attachment-thumbnail size-thumbnail\" alt=\"\" loading=\"lazy\" srcset=\"https:\/\/franciscanos.org.br\/noticias\/wp-content\/uploads\/2023\/12\/renovapetropolis_01-300x300.jpg 300w, https:\/\/franciscanos.org.br\/noticias\/wp-content\/uploads\/2023\/12\/renovapetropolis_01-100x100.jpg 100w\" sizes=\"(max-width: 300px) 100vw, 300px\" \/><\/a>\n\t\t\t<\/dt><\/dl><dl class='gallery-item'>\n\t\t\t<dt class='gallery-icon landscape'>\n\t\t\t\t<a href='https:\/\/franciscanos.org.br\/noticias\/wp-content\/uploads\/2023\/12\/renovapetropolis_02.jpg'><img width=\"300\" height=\"300\" src=\"https:\/\/franciscanos.org.br\/noticias\/wp-content\/uploads\/2023\/12\/renovapetropolis_02-300x300.jpg\" class=\"attachment-thumbnail size-thumbnail\" alt=\"\" loading=\"lazy\" srcset=\"https:\/\/franciscanos.org.br\/noticias\/wp-content\/uploads\/2023\/12\/renovapetropolis_02-300x300.jpg 300w, https:\/\/franciscanos.org.br\/noticias\/wp-content\/uploads\/2023\/12\/renovapetropolis_02-100x100.jpg 100w\" sizes=\"(max-width: 300px) 100vw, 300px\" \/><\/a>\n\t\t\t<\/dt><\/dl><dl class='gallery-item'>\n\t\t\t<dt class='gallery-icon landscape'>\n\t\t\t\t<a href='https:\/\/franciscanos.org.br\/noticias\/wp-content\/uploads\/2023\/12\/renovapetropolis_03.jpg'><img width=\"300\" height=\"300\" src=\"https:\/\/franciscanos.org.br\/noticias\/wp-content\/uploads\/2023\/12\/renovapetropolis_03-300x300.jpg\" class=\"attachment-thumbnail size-thumbnail\" alt=\"\" loading=\"lazy\" srcset=\"https:\/\/franciscanos.org.br\/noticias\/wp-content\/uploads\/2023\/12\/renovapetropolis_03-300x300.jpg 300w, https:\/\/franciscanos.org.br\/noticias\/wp-content\/uploads\/2023\/12\/renovapetropolis_03-100x100.jpg 100w\" sizes=\"(max-width: 300px) 100vw, 300px\" \/><\/a>\n\t\t\t<\/dt><\/dl><dl class='gallery-item'>\n\t\t\t<dt class='gallery-icon landscape'>\n\t\t\t\t<a href='https:\/\/franciscanos.org.br\/noticias\/wp-content\/uploads\/2023\/12\/renovapetropolis_05.jpg'><img width=\"300\" height=\"300\" src=\"https:\/\/franciscanos.org.br\/noticias\/wp-content\/uploads\/2023\/12\/renovapetropolis_05-300x300.jpg\" class=\"attachment-thumbnail size-thumbnail\" alt=\"\" loading=\"lazy\" srcset=\"https:\/\/franciscanos.org.br\/noticias\/wp-content\/uploads\/2023\/12\/renovapetropolis_05-300x300.jpg 300w, https:\/\/franciscanos.org.br\/noticias\/wp-content\/uploads\/2023\/12\/renovapetropolis_05-100x100.jpg 100w\" sizes=\"(max-width: 300px) 100vw, 300px\" \/><\/a>\n\t\t\t<\/dt><\/dl><dl class='gallery-item'>\n\t\t\t<dt class='gallery-icon landscape'>\n\t\t\t\t<a href='https:\/\/franciscanos.org.br\/noticias\/wp-content\/uploads\/2023\/12\/renovapetropolis_06.jpg'><img width=\"300\" height=\"300\" src=\"https:\/\/franciscanos.org.br\/noticias\/wp-content\/uploads\/2023\/12\/renovapetropolis_06-300x300.jpg\" class=\"attachment-thumbnail size-thumbnail\" alt=\"\" loading=\"lazy\" srcset=\"https:\/\/franciscanos.org.br\/noticias\/wp-content\/uploads\/2023\/12\/renovapetropolis_06-300x300.jpg 300w, https:\/\/franciscanos.org.br\/noticias\/wp-content\/uploads\/2023\/12\/renovapetropolis_06-100x100.jpg 100w\" sizes=\"(max-width: 300px) 100vw, 300px\" \/><\/a>\n\t\t\t<\/dt><\/dl><dl class='gallery-item'>\n\t\t\t<dt class='gallery-icon landscape'>\n\t\t\t\t<a href='https:\/\/franciscanos.org.br\/noticias\/wp-content\/uploads\/2023\/12\/renovapetropolis_07.jpg'><img width=\"300\" height=\"300\" src=\"https:\/\/franciscanos.org.br\/noticias\/wp-content\/uploads\/2023\/12\/renovapetropolis_07-300x300.jpg\" class=\"attachment-thumbnail size-thumbnail\" alt=\"\" loading=\"lazy\" srcset=\"https:\/\/franciscanos.org.br\/noticias\/wp-content\/uploads\/2023\/12\/renovapetropolis_07-300x300.jpg 300w, https:\/\/franciscanos.org.br\/noticias\/wp-content\/uploads\/2023\/12\/renovapetropolis_07-100x100.jpg 100w\" sizes=\"(max-width: 300px) 100vw, 300px\" \/><\/a>\n\t\t\t<\/dt><\/dl><dl class='gallery-item'>\n\t\t\t<dt class='gallery-icon landscape'>\n\t\t\t\t<a href='https:\/\/franciscanos.org.br\/noticias\/wp-content\/uploads\/2023\/12\/renovapetropolis_09-1.jpg'><img width=\"300\" height=\"300\" src=\"https:\/\/franciscanos.org.br\/noticias\/wp-content\/uploads\/2023\/12\/renovapetropolis_09-1-300x300.jpg\" class=\"attachment-thumbnail size-thumbnail\" alt=\"\" loading=\"lazy\" srcset=\"https:\/\/franciscanos.org.br\/noticias\/wp-content\/uploads\/2023\/12\/renovapetropolis_09-1-300x300.jpg 300w, https:\/\/franciscanos.org.br\/noticias\/wp-content\/uploads\/2023\/12\/renovapetropolis_09-1-100x100.jpg 100w\" sizes=\"(max-width: 300px) 100vw, 300px\" \/><\/a>\n\t\t\t<\/dt><\/dl><dl class='gallery-item'>\n\t\t\t<dt class='gallery-icon landscape'>\n\t\t\t\t<a href='https:\/\/franciscanos.org.br\/noticias\/wp-content\/uploads\/2023\/12\/renovapetropolis_16.jpg'><img width=\"300\" height=\"300\" src=\"https:\/\/franciscanos.org.br\/noticias\/wp-content\/uploads\/2023\/12\/renovapetropolis_16-300x300.jpg\" class=\"attachment-thumbnail size-thumbnail\" alt=\"\" loading=\"lazy\" srcset=\"https:\/\/franciscanos.org.br\/noticias\/wp-content\/uploads\/2023\/12\/renovapetropolis_16-300x300.jpg 300w, https:\/\/franciscanos.org.br\/noticias\/wp-content\/uploads\/2023\/12\/renovapetropolis_16-100x100.jpg 100w\" sizes=\"(max-width: 300px) 100vw, 300px\" \/><\/a>\n\t\t\t<\/dt><\/dl><br style=\"clear: both\" \/>\n\t\t<\/div>\n\n<p><em>(toque nas imagens menores para ampli\u00e1-las)<\/em><\/p>\n<p>\u201cNeste tempo em que estamos vivendo na expectativa da renova\u00e7\u00e3o dos votos desses nossos cinco irm\u00e3os, [&#8230;] terei a alegria de transmitir aos jovens Frades a esperan\u00e7a neles depositada. N\u00e3o a esperan\u00e7a de nos substituir na nossa velhice, n\u00e3o a esperan\u00e7a que voc\u00eas trazem, mas sim a esperan\u00e7a que voc\u00eas trazem nos olhos. Isso para n\u00f3s \u00e9 muito importante. Diante de um vocacionado, diante de um frade jovem, n\u00f3s, os Frades que estamos na estrada h\u00e1 mais tempo, n\u00e3o temos s\u00f3 a certeza de que seremos bem cuidados na velhice, n\u00f3s temos a garantia de que aquilo em que cremos \u00e9 pass\u00edvel de ser crido por mais gente, e crido com vigor, crido com criatividade, crido com disposi\u00e7\u00e3o. Isso nos anima a todos\u201d.<\/p>\n<p><img loading=\"lazy\" class=\"alignnone size-full wp-image-245749\" src=\"https:\/\/franciscanos.org.br\/noticias\/wp-content\/uploads\/2023\/12\/renovapetropolis_15.jpg\" alt=\"\" width=\"1280\" height=\"960\" srcset=\"https:\/\/franciscanos.org.br\/noticias\/wp-content\/uploads\/2023\/12\/renovapetropolis_15.jpg 1280w, https:\/\/franciscanos.org.br\/noticias\/wp-content\/uploads\/2023\/12\/renovapetropolis_15-450x338.jpg 450w, https:\/\/franciscanos.org.br\/noticias\/wp-content\/uploads\/2023\/12\/renovapetropolis_15-1024x768.jpg 1024w, https:\/\/franciscanos.org.br\/noticias\/wp-content\/uploads\/2023\/12\/renovapetropolis_15-768x576.jpg 768w, https:\/\/franciscanos.org.br\/noticias\/wp-content\/uploads\/2023\/12\/renovapetropolis_15-150x113.jpg 150w, https:\/\/franciscanos.org.br\/noticias\/wp-content\/uploads\/2023\/12\/renovapetropolis_15-600x450.jpg 600w\" sizes=\"(max-width: 1280px) 100vw, 1280px\" \/><\/p>\n<p><strong>A REGRA: TESTEMUNHO DA FRATERNIDADE<\/strong><\/p>\n<p>Recordando tamb\u00e9m outra motiva\u00e7\u00e3o para a Celebra\u00e7\u00e3o da Renova\u00e7\u00e3o dos Votos, relembrou outro fato importante a todo franciscano: o ano jubilar dos 800 anos da aprova\u00e7\u00e3o da Regra de Vida dos Frades Menores. Essa Regra, inspirada no Evangelho e enraizada nos ensinamentos de S\u00e3o Francisco, orientando ao testemunho do reino de Deus. Neste per\u00edodo especial, os frades t\u00eam renovado seus votos junto \u00e0 Fam\u00edlia Franciscana, como destacado pelo Papa Francisco na celebra\u00e7\u00e3o deste Jubileu, enfatizando a import\u00e2ncia de redescobrir a beleza da evangeliza\u00e7\u00e3o.<\/p>\n<p><img loading=\"lazy\" class=\"alignnone size-full wp-image-245750\" src=\"https:\/\/franciscanos.org.br\/noticias\/wp-content\/uploads\/2023\/12\/renovapetropolis_14.jpg\" alt=\"\" width=\"1280\" height=\"960\" srcset=\"https:\/\/franciscanos.org.br\/noticias\/wp-content\/uploads\/2023\/12\/renovapetropolis_14.jpg 1280w, https:\/\/franciscanos.org.br\/noticias\/wp-content\/uploads\/2023\/12\/renovapetropolis_14-450x338.jpg 450w, https:\/\/franciscanos.org.br\/noticias\/wp-content\/uploads\/2023\/12\/renovapetropolis_14-1024x768.jpg 1024w, https:\/\/franciscanos.org.br\/noticias\/wp-content\/uploads\/2023\/12\/renovapetropolis_14-768x576.jpg 768w, https:\/\/franciscanos.org.br\/noticias\/wp-content\/uploads\/2023\/12\/renovapetropolis_14-150x113.jpg 150w, https:\/\/franciscanos.org.br\/noticias\/wp-content\/uploads\/2023\/12\/renovapetropolis_14-600x450.jpg 600w\" sizes=\"(max-width: 1280px) 100vw, 1280px\" \/><\/p>\n<p>\u201cRenovar os votos, portanto, nos coloca nesta dimens\u00e3o. N\u00f3s, a partir da Fraternidade, cultivando a minoridade, partimos do Evangelho e queremos alcan\u00e7ar o Evangelho pleno. Essa dimens\u00e3o que n\u00f3s, nesta Celebra\u00e7\u00e3o, queremos ressaltar e agradecer a Deus que nos chamou para trilhar este caminho, viver a partir do Evangelho, semear as sementes do reino e j\u00e1 acolh\u00ea-las, n\u00e3o por nosso m\u00e9rito, mas j\u00e1 acolh\u00ea-las porque Deus \u00e9 generoso e bom, e nos faz capazes de perceber o reino acontecendo em nosso meio\u201d.<\/p>\n<p><img loading=\"lazy\" class=\"alignnone size-full wp-image-245751\" src=\"https:\/\/franciscanos.org.br\/noticias\/wp-content\/uploads\/2023\/12\/renovapetropolis_09.jpg\" alt=\"\" width=\"1280\" height=\"960\" srcset=\"https:\/\/franciscanos.org.br\/noticias\/wp-content\/uploads\/2023\/12\/renovapetropolis_09.jpg 1280w, https:\/\/franciscanos.org.br\/noticias\/wp-content\/uploads\/2023\/12\/renovapetropolis_09-450x338.jpg 450w, https:\/\/franciscanos.org.br\/noticias\/wp-content\/uploads\/2023\/12\/renovapetropolis_09-1024x768.jpg 1024w, https:\/\/franciscanos.org.br\/noticias\/wp-content\/uploads\/2023\/12\/renovapetropolis_09-768x576.jpg 768w, https:\/\/franciscanos.org.br\/noticias\/wp-content\/uploads\/2023\/12\/renovapetropolis_09-150x113.jpg 150w, https:\/\/franciscanos.org.br\/noticias\/wp-content\/uploads\/2023\/12\/renovapetropolis_09-600x450.jpg 600w\" sizes=\"(max-width: 1280px) 100vw, 1280px\" \/><\/p>\n<p><strong>O ADVENTO E MARIA: COMO BEM VIVER A VOCA\u00c7\u00c3O<\/strong><\/p>\n<p>O frade, continuou dizendo que o per\u00edodo do Advento, bem como a proximidade com a solenidade da Imaculada Concei\u00e7\u00e3o de Nossa Senhora indicam como viver uma vida consagrada, seguindo o exemplo da Virgem do Advento, que acolheu e deu \u00e0 luz o Salvador, sendo modelo para aqueles que se dedicam ao Senhor. A festa da Imaculada \u00e9 um incentivo para essa renova\u00e7\u00e3o, mas o tempo do Advento, representado pelas velas acesas progressivamente, nos chama \u00e0 vigil\u00e2ncia e \u00e0 aten\u00e7\u00e3o aos sinais do reino de Deus. Devemos ser vigilantes, conscientes de nossa dedica\u00e7\u00e3o ao reino tanto pelos votos quanto pelos compromissos batismais.<\/p>\n<p><img loading=\"lazy\" class=\"alignnone size-full wp-image-245753\" src=\"https:\/\/franciscanos.org.br\/noticias\/wp-content\/uploads\/2023\/12\/renovapetropolis_18.jpg\" alt=\"\" width=\"1280\" height=\"960\" srcset=\"https:\/\/franciscanos.org.br\/noticias\/wp-content\/uploads\/2023\/12\/renovapetropolis_18.jpg 1280w, https:\/\/franciscanos.org.br\/noticias\/wp-content\/uploads\/2023\/12\/renovapetropolis_18-450x338.jpg 450w, https:\/\/franciscanos.org.br\/noticias\/wp-content\/uploads\/2023\/12\/renovapetropolis_18-1024x768.jpg 1024w, https:\/\/franciscanos.org.br\/noticias\/wp-content\/uploads\/2023\/12\/renovapetropolis_18-768x576.jpg 768w, https:\/\/franciscanos.org.br\/noticias\/wp-content\/uploads\/2023\/12\/renovapetropolis_18-150x113.jpg 150w, https:\/\/franciscanos.org.br\/noticias\/wp-content\/uploads\/2023\/12\/renovapetropolis_18-600x450.jpg 600w\" sizes=\"(max-width: 1280px) 100vw, 1280px\" \/><\/p>\n<p>\u201cE, no Advento, somos brindados com textos b\u00edblicos muito fortes, como esta palavra do profeta Isa\u00edas \u2013 destacando a liturgia do dia \u2013 falando de um grande banquete que o Senhor vai oferecer no alto do monte. O tempo do Advento recorda a todos que Deus cumpre o que promete. E n\u00f3s, ao fazermos votos, tamb\u00e9m prometemos. A parte de Deus j\u00e1 se realiza, a saciedade, a plenitude, a completude. Esse \u00e9 o modo de Deus ser e a parte dele na Alian\u00e7a, ele sempre cumpre, porque ele \u00e9 a fidelidade. E n\u00f3s, quando ousamos prometer, ter tamb\u00e9m essas coisas, devemos nos comprometer\u201d.<\/p>\n<p><img loading=\"lazy\" class=\"alignnone size-full wp-image-245755\" src=\"https:\/\/franciscanos.org.br\/noticias\/wp-content\/uploads\/2023\/12\/renovapetropolis_19.jpg\" alt=\"\" width=\"1280\" height=\"768\" srcset=\"https:\/\/franciscanos.org.br\/noticias\/wp-content\/uploads\/2023\/12\/renovapetropolis_19.jpg 1280w, https:\/\/franciscanos.org.br\/noticias\/wp-content\/uploads\/2023\/12\/renovapetropolis_19-450x270.jpg 450w, https:\/\/franciscanos.org.br\/noticias\/wp-content\/uploads\/2023\/12\/renovapetropolis_19-1024x614.jpg 1024w, https:\/\/franciscanos.org.br\/noticias\/wp-content\/uploads\/2023\/12\/renovapetropolis_19-768x461.jpg 768w, https:\/\/franciscanos.org.br\/noticias\/wp-content\/uploads\/2023\/12\/renovapetropolis_19-150x90.jpg 150w\" sizes=\"(max-width: 1280px) 100vw, 1280px\" \/><\/p>\n<p>Frei Paulo seguiu afirmando que o tempo do Advento \u00e9 a confirma\u00e7\u00e3o da promessa de Deus, o tempo da vigil\u00e2ncia n\u00e3o se fundamenta na incerteza, mas sim de que o reino j\u00e1 est\u00e1 entre n\u00f3s: \u201cEsta \u00e9 a nossa convic\u00e7\u00e3o, e a parte de Deus no trato j\u00e1 foi cumprida, falta-nos cumprir a nossa exist\u00eancia\u201d. E continua: \u201cTodos n\u00f3s somos convidados a reafirmar o nosso passo e assumir o nosso compromisso de cumprir a nossa parte do trato. E a\u00ed, ent\u00e3o, o Evangelho nos ajuda a entender qual ser\u00e1 a nossa parte: &#8216;Tenho pena deste povo que est\u00e1 tr\u00eas dias sem comer. N\u00e3o quero dispens\u00e1-los para que eles mesmos se virem e deem de comer.&#8217; Vamos dar de comer. Essa \u00e9 a parte que Jesus nos provoca. Se n\u00f3s todos desejamos e desejamos saciedade, se desejamos ser sinal da plenitude da realiza\u00e7\u00e3o do reino da promessa de Deus cumprida, n\u00f3s professamos o Evangelho e queremos a partir dele evangelizar, trazer o reino para bem perto de n\u00f3s, \u00e9 necess\u00e1rio esfor\u00e7armo-nos para que todos tenham p\u00e3o, tenham vida em abund\u00e2ncia, renovar os votos, assumir de novo a regra como n\u00f3s fizemos\u201d.<\/p>\n<p>Concluindo a reflex\u00e3o, Frei Paulo disse que ao longo deste ano os frades foram convidados, por meio da celebra\u00e7\u00e3o do Oitavo Centen\u00e1rio da Regra a reviver o dom do batismo, a dizerem novamente ao Senhor: conte comigo, quero fazer a minha parte neste trato. \u201cQue esse seja um firme desejo de todos e de cada um de n\u00f3s para que a nossa vida recupere o sabor, que n\u00f3s sejamos s\u00e1bios nas nossas escolhas e nas nossas decis\u00f5es!&#8221;<\/p>\n<p><img loading=\"lazy\" class=\"alignnone size-full wp-image-245754\" src=\"https:\/\/franciscanos.org.br\/noticias\/wp-content\/uploads\/2023\/12\/renovapetropolis_21.jpg\" alt=\"\" width=\"1080\" height=\"1440\" srcset=\"https:\/\/franciscanos.org.br\/noticias\/wp-content\/uploads\/2023\/12\/renovapetropolis_21.jpg 810w, https:\/\/franciscanos.org.br\/noticias\/wp-content\/uploads\/2023\/12\/renovapetropolis_21-338x450.jpg 338w, https:\/\/franciscanos.org.br\/noticias\/wp-content\/uploads\/2023\/12\/renovapetropolis_21-768x1024.jpg 768w, https:\/\/franciscanos.org.br\/noticias\/wp-content\/uploads\/2023\/12\/renovapetropolis_21-150x200.jpg 150w\" sizes=\"(max-width: 1080px) 100vw, 1080px\" \/><\/p>\n<p><strong>A RENOVA\u00c7\u00c3O<\/strong><\/p>\n<p>No momento seguinte, chamados pelo nome, os cinco frades se puseram diante da fraternidade, ali presente, e realizaram o pedido ao Ministro Provincial por viver mais um ano em obedi\u00eancia castidade e sem nada de pr\u00f3prio, conforme exprime a Regra de Vida dos Frades Menores. E de livre e espont\u00e2nea vontade, prometeram mais uma vez os votos acima citados, bem como observar fielmente esta regra, entregando-se mais uma vez a esta Fraternidade, de todo o cora\u00e7\u00e3o, pedindo a a\u00e7\u00e3o do Esp\u00edrito Santo para cumprirem tal compromisso, assim como, guiados pelo exemplo de Maria Imaculada, de S\u00e3o Francisco, todos os santos e o aux\u00edlio dos demais irm\u00e3os, ao longo deste ano eles possam continuar tendendo a perfei\u00e7\u00e3o evang\u00e9lica, no servi\u00e7o a Deus, a Igreja e a toda humanidade.<\/p>\n<p>Frei Paulo, mais uma vez, agradeceu a decis\u00e3o dos frades em reafirmarem o seu compromisso com a forma de vida dos Frades Menores e destacou que a renova\u00e7\u00e3o deste sim possa ser um exemplo para que surjam novas voca\u00e7\u00f5es em nossas fam\u00edlias e comunidades.<\/p>\n<p><img loading=\"lazy\" class=\"alignnone size-full wp-image-245752\" src=\"https:\/\/franciscanos.org.br\/noticias\/wp-content\/uploads\/2023\/12\/renovapetropolis_23.jpg\" alt=\"\" width=\"1280\" height=\"797\" srcset=\"https:\/\/franciscanos.org.br\/noticias\/wp-content\/uploads\/2023\/12\/renovapetropolis_23.jpg 1280w, https:\/\/franciscanos.org.br\/noticias\/wp-content\/uploads\/2023\/12\/renovapetropolis_23-450x280.jpg 450w, https:\/\/franciscanos.org.br\/noticias\/wp-content\/uploads\/2023\/12\/renovapetropolis_23-1024x638.jpg 1024w, https:\/\/franciscanos.org.br\/noticias\/wp-content\/uploads\/2023\/12\/renovapetropolis_23-768x478.jpg 768w, https:\/\/franciscanos.org.br\/noticias\/wp-content\/uploads\/2023\/12\/renovapetropolis_23-150x93.jpg 150w\" sizes=\"(max-width: 1280px) 100vw, 1280px\" \/><\/p>\n<p><strong>RETIRO PARA A RENOVA\u00c7\u00c3O<\/strong><\/p>\n<p>A Celebra\u00e7\u00e3o Eucar\u00edstica, na qual aconteceu a Renova\u00e7\u00e3o dos Votos Tempor\u00e1rios, foi o ponto culminante dos \u00faltimos quatro dias para os frades em forma\u00e7\u00e3o do tempo da Teologia.<\/p>\n<p>Assessorados pelo confrade Est\u00eav\u00e3o Ottenbreit, desde a tarde de domingo, dia 3 de dezembro, os jovens frades vinham refletindo por meio de textos e imagens sobre a vida de Francisco acerca da atualidade da Regra dos Frades Menores, que completou seus 800 anos no \u00faltimo dia 29 de novembro, e a exemplo deste mesmo Francisco de Assis, n\u00e3o simplesmente imitando-o em gestos como o seu despojamento, ou, a reconstru\u00e7\u00e3o da igrejinha da Porci\u00fancula, mas de modo a saber \u201cdecodificar\u201d de fato o que Francisco nos aponta em seus escritos, atualizando o carisma para o hoje da hist\u00f3ria. Tornando o movimento franciscano presente e sendo resposta \u00e0s crises atuais que a sociedade enfrenta, a maneira de ser de cada um dos irm\u00e3os que se decidem a seguir esta forma de vida.<\/p>\n<hr \/>\n<p><em>\u00a0Frei Bruno Cez\u00e1rio, OFM (texto), e Frei Jo\u00e3o Manoel Zechinatto, OFM (fotos).<\/em><\/p>\n<p><img loading=\"lazy\" class=\"alignnone size-full wp-image-245756\" src=\"https:\/\/franciscanos.org.br\/noticias\/wp-content\/uploads\/2023\/12\/renovapetropolis_22.jpg\" alt=\"\" width=\"1280\" height=\"1270\" srcset=\"https:\/\/franciscanos.org.br\/noticias\/wp-content\/uploads\/2023\/12\/renovapetropolis_22.jpg 1089w, https:\/\/franciscanos.org.br\/noticias\/wp-content\/uploads\/2023\/12\/renovapetropolis_22-450x446.jpg 450w, https:\/\/franciscanos.org.br\/noticias\/wp-content\/uploads\/2023\/12\/renovapetropolis_22-1024x1016.jpg 1024w, https:\/\/franciscanos.org.br\/noticias\/wp-content\/uploads\/2023\/12\/renovapetropolis_22-768x762.jpg 768w, https:\/\/franciscanos.org.br\/noticias\/wp-content\/uploads\/2023\/12\/renovapetropolis_22-150x149.jpg 150w, https:\/\/franciscanos.org.br\/noticias\/wp-content\/uploads\/2023\/12\/renovapetropolis_22-100x100.jpg 100w\" sizes=\"(max-width: 1280px) 100vw, 1280px\" \/><\/p>\n<hr \/>\n<p><img loading=\"lazy\" class=\"alignnone size-full wp-image-245757\" src=\"https:\/\/franciscanos.org.br\/noticias\/wp-content\/uploads\/2023\/12\/profissao_regra.jpg\" alt=\"\" width=\"1280\" height=\"960\" srcset=\"https:\/\/franciscanos.org.br\/noticias\/wp-content\/uploads\/2023\/12\/profissao_regra.jpg 1280w, https:\/\/franciscanos.org.br\/noticias\/wp-content\/uploads\/2023\/12\/profissao_regra-450x338.jpg 450w, https:\/\/franciscanos.org.br\/noticias\/wp-content\/uploads\/2023\/12\/profissao_regra-1024x768.jpg 1024w, https:\/\/franciscanos.org.br\/noticias\/wp-content\/uploads\/2023\/12\/profissao_regra-768x576.jpg 768w, https:\/\/franciscanos.org.br\/noticias\/wp-content\/uploads\/2023\/12\/profissao_regra-150x113.jpg 150w, https:\/\/franciscanos.org.br\/noticias\/wp-content\/uploads\/2023\/12\/profissao_regra-600x450.jpg 600w\" sizes=\"(max-width: 1280px) 100vw, 1280px\" \/><\/p>\n<h2>Petr\u00f3polis: Celebra\u00e7\u00e3o da Fam\u00edlia Franciscana pelo Jubileu de 800 anos da Regra<\/h2>\n<p>Na noite de quarta-feira, dia 29 de novembro, a Fam\u00edlia Franciscana em Petr\u00f3polis, reuniu-se no convento da Irm\u00e3s Franciscanas de Nossa Senhora do Amparo para a celebra\u00e7\u00e3o do Jubileu de 800 anos da aprova\u00e7\u00e3o da Regra de Vida do Frades Menores. O grupo foi representado pelos frades da Fraternidade do Sagrado Cora\u00e7\u00e3o de Jesus, membros da Fraternidade da Ordem Franciscana Secular ligada \u00e0 Par\u00f3quia do Sagrado, as Irm\u00e3s Franciscanas de Nossa Senhora dos Anjos (Mosela), simpatizantes do carisma, bem como as irm\u00e3s que recepcionavam a todos em seu convento.<\/p>\n<p>Partilhando primeiramente das mesas da palavra e da Eucaristia, tendo \u00e0 frente da celebra\u00e7\u00e3o os frades Almir Ribeiro Guimar\u00e3es e Gilberto da Silva como presidentes da liturgia.<\/p>\n<p>Logo ap\u00f3s, a convite de Irm\u00e3 Jailda Rocha Caetite, cfa, todos os presentes a partilharem tamb\u00e9m o p\u00e3o de cada dia em um momento de descontra\u00e7\u00e3o, preparado pelas anfitri\u00e3s, conduzindo uma din\u00e2mica com premia\u00e7\u00f5es a quem se despusesse a cumprir com algumas tarefas sorteadas previamente.<\/p>\n<hr \/>\n<p><em>Texto e fotos: Frei Bruno Cez\u00e1rio, OFM<\/em><\/p>\n","protected":false},"excerpt":{"rendered":"<p>Renova\u00e7\u00e3o dos Votos em Petr\u00f3polis<\/p>\n","protected":false},"author":3,"featured_media":245747,"comment_status":"open","ping_status":"open","sticky":false,"template":"","format":"standard","meta":[],"categories":[1],"tags":[1152,2056],"acf":[],"yoast_head":"<!-- This site is optimized with the Yoast SEO plugin v19.2 - https:\/\/yoast.com\/wordpress\/plugins\/seo\/ -->\n<title>\u201cAlcan\u00e7ar o Evangelho pleno, a partir da Fraternidade\u201d, ensina Frei Paulo - Not\u00edcias - Franciscanos<\/title>\n<meta name=\"robots\" content=\"index, follow, max-snippet:-1, max-image-preview:large, max-video-preview:-1\" \/>\n<link rel=\"canonical\" href=\"https:\/\/franciscanos.org.br\/noticias\/alcancar-o-evangelho-pleno-a-partir-da-fraternidade-ensina-frei-paulo.html\" \/>\n<meta property=\"og:locale\" content=\"pt_BR\" \/>\n<meta property=\"og:type\" content=\"article\" \/>\n<meta property=\"og:title\" content=\"\u201cAlcan\u00e7ar o Evangelho pleno, a partir da Fraternidade\u201d, ensina Frei Paulo - Not\u00edcias - Franciscanos\" \/>\n<meta property=\"og:description\" content=\"Renova\u00e7\u00e3o dos Votos em Petr\u00f3polis\" \/>\n<meta property=\"og:url\" content=\"https:\/\/franciscanos.org.br\/noticias\/alcancar-o-evangelho-pleno-a-partir-da-fraternidade-ensina-frei-paulo.html\" \/>\n<meta property=\"og:site_name\" content=\"Not\u00edcias - Franciscanos\" \/>\n<meta property=\"article:published_time\" content=\"2023-12-08T17:15:11+00:00\" \/>\n<meta property=\"article:modified_time\" content=\"2025-03-10T18:52:55+00:00\" \/>\n<meta property=\"og:image\" content=\"https:\/\/franciscanos.org.br\/noticias\/wp-content\/uploads\/2023\/12\/renovapetropolis_10.jpg\" \/>\n\t<meta property=\"og:image:width\" content=\"1280\" \/>\n\t<meta property=\"og:image:height\" content=\"720\" \/>\n\t<meta property=\"og:image:type\" content=\"image\/jpeg\" \/>\n<meta name=\"author\" content=\"moacir\" \/>\n<meta name=\"twitter:card\" content=\"summary_large_image\" \/>\n<meta name=\"twitter:label1\" content=\"Escrito por\" \/>\n\t<meta name=\"twitter:data1\" content=\"moacir\" \/>\n\t<meta name=\"twitter:label2\" content=\"Est. tempo de leitura\" \/>\n\t<meta name=\"twitter:data2\" content=\"8 minutos\" \/>\n<script type=\"application\/ld+json\" class=\"yoast-schema-graph\">{\"@context\":\"https:\/\/schema.org\",\"@graph\":[{\"@type\":\"WebSite\",\"@id\":\"https:\/\/franciscanos.org.br\/noticias\/#website\",\"url\":\"https:\/\/franciscanos.org.br\/noticias\/\",\"name\":\"Not\u00edcias - Franciscanos\",\"description\":\"Prov\u00edncia Franciscana da Imaculada Concei\u00e7\u00e3o do Brasil - Ordem dos Frades Menores - OFM\",\"potentialAction\":[{\"@type\":\"SearchAction\",\"target\":{\"@type\":\"EntryPoint\",\"urlTemplate\":\"https:\/\/franciscanos.org.br\/noticias\/?s={search_term_string}\"},\"query-input\":\"required name=search_term_string\"}],\"inLanguage\":\"pt-BR\"},{\"@type\":\"ImageObject\",\"inLanguage\":\"pt-BR\",\"@id\":\"https:\/\/franciscanos.org.br\/noticias\/alcancar-o-evangelho-pleno-a-partir-da-fraternidade-ensina-frei-paulo.html#primaryimage\",\"url\":\"https:\/\/franciscanos.org.br\/noticias\/wp-content\/uploads\/2023\/12\/renovapetropolis_10.jpg\",\"contentUrl\":\"https:\/\/franciscanos.org.br\/noticias\/wp-content\/uploads\/2023\/12\/renovapetropolis_10.jpg\",\"width\":1280,\"height\":720},{\"@type\":\"WebPage\",\"@id\":\"https:\/\/franciscanos.org.br\/noticias\/alcancar-o-evangelho-pleno-a-partir-da-fraternidade-ensina-frei-paulo.html#webpage\",\"url\":\"https:\/\/franciscanos.org.br\/noticias\/alcancar-o-evangelho-pleno-a-partir-da-fraternidade-ensina-frei-paulo.html\",\"name\":\"\u201cAlcan\u00e7ar o Evangelho pleno, a partir da Fraternidade\u201d, ensina Frei Paulo - Not\u00edcias - Franciscanos\",\"isPartOf\":{\"@id\":\"https:\/\/franciscanos.org.br\/noticias\/#website\"},\"primaryImageOfPage\":{\"@id\":\"https:\/\/franciscanos.org.br\/noticias\/alcancar-o-evangelho-pleno-a-partir-da-fraternidade-ensina-frei-paulo.html#primaryimage\"},\"datePublished\":\"2023-12-08T17:15:11+00:00\",\"dateModified\":\"2025-03-10T18:52:55+00:00\",\"author\":{\"@id\":\"https:\/\/franciscanos.org.br\/noticias\/#\/schema\/person\/b5c8cba458c330ccff548b056e95a5d4\"},\"breadcrumb\":{\"@id\":\"https:\/\/franciscanos.org.br\/noticias\/alcancar-o-evangelho-pleno-a-partir-da-fraternidade-ensina-frei-paulo.html#breadcrumb\"},\"inLanguage\":\"pt-BR\",\"potentialAction\":[{\"@type\":\"ReadAction\",\"target\":[\"https:\/\/franciscanos.org.br\/noticias\/alcancar-o-evangelho-pleno-a-partir-da-fraternidade-ensina-frei-paulo.html\"]}]},{\"@type\":\"BreadcrumbList\",\"@id\":\"https:\/\/franciscanos.org.br\/noticias\/alcancar-o-evangelho-pleno-a-partir-da-fraternidade-ensina-frei-paulo.html#breadcrumb\",\"itemListElement\":[{\"@type\":\"ListItem\",\"position\":1,\"name\":\"Home\",\"item\":\"https:\/\/franciscanos.org.br\/noticias\"},{\"@type\":\"ListItem\",\"position\":2,\"name\":\"\u201cAlcan\u00e7ar o Evangelho pleno, a partir da Fraternidade\u201d, ensina Frei Paulo\"}]},{\"@type\":\"Person\",\"@id\":\"https:\/\/franciscanos.org.br\/noticias\/#\/schema\/person\/b5c8cba458c330ccff548b056e95a5d4\",\"name\":\"moacir\",\"image\":{\"@type\":\"ImageObject\",\"inLanguage\":\"pt-BR\",\"@id\":\"https:\/\/franciscanos.org.br\/noticias\/#\/schema\/person\/image\/\",\"url\":\"https:\/\/secure.gravatar.com\/avatar\/d08aa2ce4c8dd416d4479aa8536fcf64?s=96&d=mm&r=g\",\"contentUrl\":\"https:\/\/secure.gravatar.com\/avatar\/d08aa2ce4c8dd416d4479aa8536fcf64?s=96&d=mm&r=g\",\"caption\":\"moacir\"},\"url\":\"https:\/\/franciscanos.org.br\/noticias\/author\/moacir\"}]}<\/script>\n<!-- \/ Yoast SEO plugin. -->","yoast_head_json":{"title":"\u201cAlcan\u00e7ar o Evangelho pleno, a partir da Fraternidade\u201d, ensina Frei Paulo - Not\u00edcias - Franciscanos","robots":{"index":"index","follow":"follow","max-snippet":"max-snippet:-1","max-image-preview":"max-image-preview:large","max-video-preview":"max-video-preview:-1"},"canonical":"https:\/\/franciscanos.org.br\/noticias\/alcancar-o-evangelho-pleno-a-partir-da-fraternidade-ensina-frei-paulo.html","og_locale":"pt_BR","og_type":"article","og_title":"\u201cAlcan\u00e7ar o Evangelho pleno, a partir da Fraternidade\u201d, ensina Frei Paulo - Not\u00edcias - Franciscanos","og_description":"Renova\u00e7\u00e3o dos Votos em Petr\u00f3polis","og_url":"https:\/\/franciscanos.org.br\/noticias\/alcancar-o-evangelho-pleno-a-partir-da-fraternidade-ensina-frei-paulo.html","og_site_name":"Not\u00edcias - Franciscanos","article_published_time":"2023-12-08T17:15:11+00:00","article_modified_time":"2025-03-10T18:52:55+00:00","og_image":[{"width":1280,"height":720,"url":"https:\/\/franciscanos.org.br\/noticias\/wp-content\/uploads\/2023\/12\/renovapetropolis_10.jpg","type":"image\/jpeg"}],"author":"moacir","twitter_card":"summary_large_image","twitter_misc":{"Escrito por":"moacir","Est. tempo de leitura":"8 minutos"},"schema":{"@context":"https:\/\/schema.org","@graph":[{"@type":"WebSite","@id":"https:\/\/franciscanos.org.br\/noticias\/#website","url":"https:\/\/franciscanos.org.br\/noticias\/","name":"Not\u00edcias - Franciscanos","description":"Prov\u00edncia Franciscana da Imaculada Concei\u00e7\u00e3o do Brasil - Ordem dos Frades Menores - OFM","potentialAction":[{"@type":"SearchAction","target":{"@type":"EntryPoint","urlTemplate":"https:\/\/franciscanos.org.br\/noticias\/?s={search_term_string}"},"query-input":"required name=search_term_string"}],"inLanguage":"pt-BR"},{"@type":"ImageObject","inLanguage":"pt-BR","@id":"https:\/\/franciscanos.org.br\/noticias\/alcancar-o-evangelho-pleno-a-partir-da-fraternidade-ensina-frei-paulo.html#primaryimage","url":"https:\/\/franciscanos.org.br\/noticias\/wp-content\/uploads\/2023\/12\/renovapetropolis_10.jpg","contentUrl":"https:\/\/franciscanos.org.br\/noticias\/wp-content\/uploads\/2023\/12\/renovapetropolis_10.jpg","width":1280,"height":720},{"@type":"WebPage","@id":"https:\/\/franciscanos.org.br\/noticias\/alcancar-o-evangelho-pleno-a-partir-da-fraternidade-ensina-frei-paulo.html#webpage","url":"https:\/\/franciscanos.org.br\/noticias\/alcancar-o-evangelho-pleno-a-partir-da-fraternidade-ensina-frei-paulo.html","name":"\u201cAlcan\u00e7ar o Evangelho pleno, a partir da Fraternidade\u201d, ensina Frei Paulo - Not\u00edcias - Franciscanos","isPartOf":{"@id":"https:\/\/franciscanos.org.br\/noticias\/#website"},"primaryImageOfPage":{"@id":"https:\/\/franciscanos.org.br\/noticias\/alcancar-o-evangelho-pleno-a-partir-da-fraternidade-ensina-frei-paulo.html#primaryimage"},"datePublished":"2023-12-08T17:15:11+00:00","dateModified":"2025-03-10T18:52:55+00:00","author":{"@id":"https:\/\/franciscanos.org.br\/noticias\/#\/schema\/person\/b5c8cba458c330ccff548b056e95a5d4"},"breadcrumb":{"@id":"https:\/\/franciscanos.org.br\/noticias\/alcancar-o-evangelho-pleno-a-partir-da-fraternidade-ensina-frei-paulo.html#breadcrumb"},"inLanguage":"pt-BR","potentialAction":[{"@type":"ReadAction","target":["https:\/\/franciscanos.org.br\/noticias\/alcancar-o-evangelho-pleno-a-partir-da-fraternidade-ensina-frei-paulo.html"]}]},{"@type":"BreadcrumbList","@id":"https:\/\/franciscanos.org.br\/noticias\/alcancar-o-evangelho-pleno-a-partir-da-fraternidade-ensina-frei-paulo.html#breadcrumb","itemListElement":[{"@type":"ListItem","position":1,"name":"Home","item":"https:\/\/franciscanos.org.br\/noticias"},{"@type":"ListItem","position":2,"name":"\u201cAlcan\u00e7ar o Evangelho pleno, a partir da Fraternidade\u201d, ensina Frei Paulo"}]},{"@type":"Person","@id":"https:\/\/franciscanos.org.br\/noticias\/#\/schema\/person\/b5c8cba458c330ccff548b056e95a5d4","name":"moacir","image":{"@type":"ImageObject","inLanguage":"pt-BR","@id":"https:\/\/franciscanos.org.br\/noticias\/#\/schema\/person\/image\/","url":"https:\/\/secure.gravatar.com\/avatar\/d08aa2ce4c8dd416d4479aa8536fcf64?s=96&d=mm&r=g","contentUrl":"https:\/\/secure.gravatar.com\/avatar\/d08aa2ce4c8dd416d4479aa8536fcf64?s=96&d=mm&r=g","caption":"moacir"},"url":"https:\/\/franciscanos.org.br\/noticias\/author\/moacir"}]}},"_links":{"self":[{"href":"https:\/\/franciscanos.org.br\/noticias\/wp-json\/wp\/v2\/posts\/245746"}],"collection":[{"href":"https:\/\/franciscanos.org.br\/noticias\/wp-json\/wp\/v2\/posts"}],"about":[{"href":"https:\/\/franciscanos.org.br\/noticias\/wp-json\/wp\/v2\/types\/post"}],"author":[{"embeddable":true,"href":"https:\/\/franciscanos.org.br\/noticias\/wp-json\/wp\/v2\/users\/3"}],"replies":[{"embeddable":true,"href":"https:\/\/franciscanos.org.br\/noticias\/wp-json\/wp\/v2\/comments?post=245746"}],"version-history":[{"count":1,"href":"https:\/\/franciscanos.org.br\/noticias\/wp-json\/wp\/v2\/posts\/245746\/revisions"}],"predecessor-version":[{"id":245766,"href":"https:\/\/franciscanos.org.br\/noticias\/wp-json\/wp\/v2\/posts\/245746\/revisions\/245766"}],"wp:featuredmedia":[{"embeddable":true,"href":"https:\/\/franciscanos.org.br\/noticias\/wp-json\/wp\/v2\/media\/245747"}],"wp:attachment":[{"href":"https:\/\/franciscanos.org.br\/noticias\/wp-json\/wp\/v2\/media?parent=245746"}],"wp:term":[{"taxonomy":"category","embeddable":true,"href":"https:\/\/franciscanos.org.br\/noticias\/wp-json\/wp\/v2\/categories?post=245746"},{"taxonomy":"post_tag","embeddable":true,"href":"https:\/\/franciscanos.org.br\/noticias\/wp-json\/wp\/v2\/tags?post=245746"}],"curies":[{"name":"wp","href":"https:\/\/api.w.org\/{rel}","templated":true}]}}