{"id":245733,"date":"2023-12-07T06:52:54","date_gmt":"2023-12-07T09:52:54","guid":{"rendered":"https:\/\/franciscanos.org.br\/noticias\/?p=245733"},"modified":"2023-12-07T06:56:13","modified_gmt":"2023-12-07T09:56:13","slug":"canarinhos-de-petropolis-recria-o-presepio-de-greccio-em-seu-concerto-especial-de-natal","status":"publish","type":"post","link":"https:\/\/franciscanos.org.br\/noticias\/canarinhos-de-petropolis-recria-o-presepio-de-greccio-em-seu-concerto-especial-de-natal.html","title":{"rendered":"Coral Canarinhos de Petr\u00f3polis recria o Pres\u00e9pio de Greccio em seu Concerto Especial de Natal"},"content":{"rendered":"<p><strong><img loading=\"lazy\" class=\"alignnone size-full wp-image-245734\" src=\"https:\/\/franciscanos.org.br\/noticias\/wp-content\/uploads\/2023\/12\/canarinhos_concerto_07.jpg\" alt=\"\" width=\"1280\" height=\"719\" srcset=\"https:\/\/franciscanos.org.br\/noticias\/wp-content\/uploads\/2023\/12\/canarinhos_concerto_07.jpg 1280w, https:\/\/franciscanos.org.br\/noticias\/wp-content\/uploads\/2023\/12\/canarinhos_concerto_07-450x253.jpg 450w, https:\/\/franciscanos.org.br\/noticias\/wp-content\/uploads\/2023\/12\/canarinhos_concerto_07-1024x575.jpg 1024w, https:\/\/franciscanos.org.br\/noticias\/wp-content\/uploads\/2023\/12\/canarinhos_concerto_07-768x431.jpg 768w, https:\/\/franciscanos.org.br\/noticias\/wp-content\/uploads\/2023\/12\/canarinhos_concerto_07-150x84.jpg 150w\" sizes=\"(max-width: 1280px) 100vw, 1280px\" \/><\/strong><\/p>\n<p>O Instituto dos Meninos Cantores de Petr\u00f3polis (IMCP), nas comemora\u00e7\u00f5es dos 800 anos do Pres\u00e9pio de Greccio, ir\u00e1 recriar a narrativa deste t\u00e3o importante evento da Espiritualidade Franciscana. Neste ano jubilar em que toda a Fam\u00edlia Franciscana est\u00e1 realizando a\u00e7\u00f5es e reflex\u00f5es sobre o tema do Pres\u00e9pio, t\u00e3o querido e importante a S\u00e3o Francisco, os Canarinhos prepararam um especial de Natal fazendo um mergulho no texto mais antigo que temos da narrativa deste evento. Trata-se de um trecho da obra\u00a0\u201cVida Primeira\u201d, do frade italiano Tom\u00e1s de Celano.<\/p>\n<p>O Concerto ocorrer\u00e1 dia 08 de dezembro, \u00e0s 19h30, na Igreja do Sagrado Cora\u00e7\u00e3o de Jesus, no centro da cidade de Petr\u00f3polis. A entrada ser\u00e1 gratuita! O Concerto tamb\u00e9m ser\u00e1 transmitido no canal do YouTube da Prov\u00edncia da Imaculada, a TvFranciscanos, pelas redes sociais dos Canarinhos e tamb\u00e9m da Par\u00f3quia do Sagrado.<\/p>\n<p>Este ser\u00e1 um Concerto In\u00e9dito que ser\u00e1 executado pelo Coral dos Meninos e pelo Coral das Meninas dos Canarinhos, sob Reg\u00eancia do Maestro dos Canarinhos e Diretor Art\u00edstico do IMCP, Marco Aur\u00e9lio Lischt. O texto de Tom\u00e1s de Celano ser\u00e1 lido e junto dele os Coralistas ir\u00e3o cantar in\u00fameras e cl\u00e1ssicas can\u00e7\u00f5es natalinas. Os Meninas e Meninas dos Corais ir\u00e3o, al\u00e9m de cantar, recriar na Igreja do Sagrado a cena narrada do texto do Pres\u00e9pio. A ideia \u00e9 junto com a m\u00fasica levar-nos a viver as emo\u00e7\u00f5es deste fato que ocorreu no Natal de 1223, na cidade de Greccio.<\/p>\n<p>Aos que moram em Petr\u00f3polis (RJ) ou nas cidades vizinhas, venham prestigiar esse emocionante Concerto, j\u00e1 em prepara\u00e7\u00e3o para o Natal do Senhor. Aos que est\u00e3o mais longe, acompanhe pelas nossas redes sociais!<\/p>\n<p>Neste tempo t\u00e3o oportuno e reflexivo, nada mais significativo do que deixar o pr\u00f3prio Pobrezinho de Assis, que tanto amou o Menino Deus, nos ajudar a adentrar no mist\u00e9rio da Encarna\u00e7\u00e3o do Senhor! Unindo m\u00fasica, arte e f\u00e9, o Instituto dos Meninos Cantores aguarda a todos para juntos fazermos de nossa vida uma nova Greccio, ou como ele mesmo queria, uma nova Bel\u00e9m!<\/p>\n<p>(Este Concerto conta com o apoio da Prefeitura Municipal de Petr\u00f3polis, do Conselho Municipal de Cultura e da Par\u00f3quia do Sagrado.)<\/p>\n<p><em>Frei Jo\u00e3o Manoel Zechinatto<\/em><\/p>\n<hr \/>\n<h2>Link para acompanhar no Canal dos Canarinhos:<\/h2>\n<p><iframe loading=\"lazy\" title=\"YouTube video player\" src=\"https:\/\/www.youtube.com\/embed\/yLepvYJt3xo?si=ffBuxXWq90OO46ZL\" width=\"100%\" height=\"500\" frameborder=\"0\" allowfullscreen=\"allowfullscreen\"><span data-mce-type=\"bookmark\" style=\"display: inline-block; width: 0px; overflow: hidden; line-height: 0;\" class=\"mce_SELRES_start\">\ufeff<\/span><span data-mce-type=\"bookmark\" style=\"display: inline-block; width: 0px; overflow: hidden; line-height: 0;\" class=\"mce_SELRES_start\">\ufeff<\/span><\/iframe><\/p>\n<p>&nbsp;<\/p>\n<h2>Link para acompanhar na TvFranciscanos:<\/h2>\n<p><iframe loading=\"lazy\" title=\"YouTube video player\" src=\"https:\/\/www.youtube.com\/embed\/JoiHFgIQjQc?si=BCdCGdTsy3lBoR5C\" width=\"100%\" height=\"500\" frameborder=\"0\" allowfullscreen=\"allowfullscreen\"><span data-mce-type=\"bookmark\" style=\"display: inline-block; width: 0px; overflow: hidden; line-height: 0;\" class=\"mce_SELRES_start\">\ufeff<\/span><\/iframe><\/p>\n","protected":false},"excerpt":{"rendered":"<p>Instituto dos Meninos Cantores de Petr\u00f3polis (IMCP)<\/p>\n","protected":false},"author":3,"featured_media":245734,"comment_status":"open","ping_status":"open","sticky":false,"template":"","format":"standard","meta":[],"categories":[1],"tags":[1378],"acf":[],"yoast_head":"<!-- This site is optimized with the Yoast SEO plugin v19.2 - https:\/\/yoast.com\/wordpress\/plugins\/seo\/ -->\n<title>Coral Canarinhos de Petr\u00f3polis recria o Pres\u00e9pio de Greccio em seu Concerto Especial de Natal - Not\u00edcias - Franciscanos<\/title>\n<meta name=\"robots\" content=\"index, follow, max-snippet:-1, max-image-preview:large, max-video-preview:-1\" \/>\n<link rel=\"canonical\" href=\"https:\/\/franciscanos.org.br\/noticias\/canarinhos-de-petropolis-recria-o-presepio-de-greccio-em-seu-concerto-especial-de-natal.html\" \/>\n<meta property=\"og:locale\" content=\"pt_BR\" \/>\n<meta property=\"og:type\" content=\"article\" \/>\n<meta property=\"og:title\" content=\"Coral Canarinhos de Petr\u00f3polis recria o Pres\u00e9pio de Greccio em seu Concerto Especial de Natal - Not\u00edcias - Franciscanos\" \/>\n<meta property=\"og:description\" content=\"Instituto dos Meninos Cantores de Petr\u00f3polis (IMCP)\" \/>\n<meta property=\"og:url\" content=\"https:\/\/franciscanos.org.br\/noticias\/canarinhos-de-petropolis-recria-o-presepio-de-greccio-em-seu-concerto-especial-de-natal.html\" \/>\n<meta property=\"og:site_name\" content=\"Not\u00edcias - Franciscanos\" \/>\n<meta property=\"article:published_time\" content=\"2023-12-07T09:52:54+00:00\" \/>\n<meta property=\"article:modified_time\" content=\"2023-12-07T09:56:13+00:00\" \/>\n<meta property=\"og:image\" content=\"https:\/\/franciscanos.org.br\/noticias\/wp-content\/uploads\/2023\/12\/canarinhos_concerto_07.jpg\" \/>\n\t<meta property=\"og:image:width\" content=\"1280\" \/>\n\t<meta property=\"og:image:height\" content=\"719\" \/>\n\t<meta property=\"og:image:type\" content=\"image\/jpeg\" \/>\n<meta name=\"author\" content=\"moacir\" \/>\n<meta name=\"twitter:card\" content=\"summary_large_image\" \/>\n<meta name=\"twitter:label1\" content=\"Escrito por\" \/>\n\t<meta name=\"twitter:data1\" content=\"moacir\" \/>\n\t<meta name=\"twitter:label2\" content=\"Est. tempo de leitura\" \/>\n\t<meta name=\"twitter:data2\" content=\"2 minutos\" \/>\n<script type=\"application\/ld+json\" class=\"yoast-schema-graph\">{\"@context\":\"https:\/\/schema.org\",\"@graph\":[{\"@type\":\"WebSite\",\"@id\":\"https:\/\/franciscanos.org.br\/noticias\/#website\",\"url\":\"https:\/\/franciscanos.org.br\/noticias\/\",\"name\":\"Not\u00edcias - Franciscanos\",\"description\":\"Prov\u00edncia Franciscana da Imaculada Concei\u00e7\u00e3o do Brasil - Ordem dos Frades Menores - OFM\",\"potentialAction\":[{\"@type\":\"SearchAction\",\"target\":{\"@type\":\"EntryPoint\",\"urlTemplate\":\"https:\/\/franciscanos.org.br\/noticias\/?s={search_term_string}\"},\"query-input\":\"required name=search_term_string\"}],\"inLanguage\":\"pt-BR\"},{\"@type\":\"ImageObject\",\"inLanguage\":\"pt-BR\",\"@id\":\"https:\/\/franciscanos.org.br\/noticias\/canarinhos-de-petropolis-recria-o-presepio-de-greccio-em-seu-concerto-especial-de-natal.html#primaryimage\",\"url\":\"https:\/\/franciscanos.org.br\/noticias\/wp-content\/uploads\/2023\/12\/canarinhos_concerto_07.jpg\",\"contentUrl\":\"https:\/\/franciscanos.org.br\/noticias\/wp-content\/uploads\/2023\/12\/canarinhos_concerto_07.jpg\",\"width\":1280,\"height\":719},{\"@type\":\"WebPage\",\"@id\":\"https:\/\/franciscanos.org.br\/noticias\/canarinhos-de-petropolis-recria-o-presepio-de-greccio-em-seu-concerto-especial-de-natal.html#webpage\",\"url\":\"https:\/\/franciscanos.org.br\/noticias\/canarinhos-de-petropolis-recria-o-presepio-de-greccio-em-seu-concerto-especial-de-natal.html\",\"name\":\"Coral Canarinhos de Petr\u00f3polis recria o Pres\u00e9pio de Greccio em seu Concerto Especial de Natal - Not\u00edcias - Franciscanos\",\"isPartOf\":{\"@id\":\"https:\/\/franciscanos.org.br\/noticias\/#website\"},\"primaryImageOfPage\":{\"@id\":\"https:\/\/franciscanos.org.br\/noticias\/canarinhos-de-petropolis-recria-o-presepio-de-greccio-em-seu-concerto-especial-de-natal.html#primaryimage\"},\"datePublished\":\"2023-12-07T09:52:54+00:00\",\"dateModified\":\"2023-12-07T09:56:13+00:00\",\"author\":{\"@id\":\"https:\/\/franciscanos.org.br\/noticias\/#\/schema\/person\/b5c8cba458c330ccff548b056e95a5d4\"},\"breadcrumb\":{\"@id\":\"https:\/\/franciscanos.org.br\/noticias\/canarinhos-de-petropolis-recria-o-presepio-de-greccio-em-seu-concerto-especial-de-natal.html#breadcrumb\"},\"inLanguage\":\"pt-BR\",\"potentialAction\":[{\"@type\":\"ReadAction\",\"target\":[\"https:\/\/franciscanos.org.br\/noticias\/canarinhos-de-petropolis-recria-o-presepio-de-greccio-em-seu-concerto-especial-de-natal.html\"]}]},{\"@type\":\"BreadcrumbList\",\"@id\":\"https:\/\/franciscanos.org.br\/noticias\/canarinhos-de-petropolis-recria-o-presepio-de-greccio-em-seu-concerto-especial-de-natal.html#breadcrumb\",\"itemListElement\":[{\"@type\":\"ListItem\",\"position\":1,\"name\":\"Home\",\"item\":\"https:\/\/franciscanos.org.br\/noticias\"},{\"@type\":\"ListItem\",\"position\":2,\"name\":\"Coral Canarinhos de Petr\u00f3polis recria o Pres\u00e9pio de Greccio em seu Concerto Especial de Natal\"}]},{\"@type\":\"Person\",\"@id\":\"https:\/\/franciscanos.org.br\/noticias\/#\/schema\/person\/b5c8cba458c330ccff548b056e95a5d4\",\"name\":\"moacir\",\"image\":{\"@type\":\"ImageObject\",\"inLanguage\":\"pt-BR\",\"@id\":\"https:\/\/franciscanos.org.br\/noticias\/#\/schema\/person\/image\/\",\"url\":\"https:\/\/secure.gravatar.com\/avatar\/d08aa2ce4c8dd416d4479aa8536fcf64?s=96&d=mm&r=g\",\"contentUrl\":\"https:\/\/secure.gravatar.com\/avatar\/d08aa2ce4c8dd416d4479aa8536fcf64?s=96&d=mm&r=g\",\"caption\":\"moacir\"},\"url\":\"https:\/\/franciscanos.org.br\/noticias\/author\/moacir\"}]}<\/script>\n<!-- \/ Yoast SEO plugin. -->","yoast_head_json":{"title":"Coral Canarinhos de Petr\u00f3polis recria o Pres\u00e9pio de Greccio em seu Concerto Especial de Natal - Not\u00edcias - Franciscanos","robots":{"index":"index","follow":"follow","max-snippet":"max-snippet:-1","max-image-preview":"max-image-preview:large","max-video-preview":"max-video-preview:-1"},"canonical":"https:\/\/franciscanos.org.br\/noticias\/canarinhos-de-petropolis-recria-o-presepio-de-greccio-em-seu-concerto-especial-de-natal.html","og_locale":"pt_BR","og_type":"article","og_title":"Coral Canarinhos de Petr\u00f3polis recria o Pres\u00e9pio de Greccio em seu Concerto Especial de Natal - Not\u00edcias - Franciscanos","og_description":"Instituto dos Meninos Cantores de Petr\u00f3polis (IMCP)","og_url":"https:\/\/franciscanos.org.br\/noticias\/canarinhos-de-petropolis-recria-o-presepio-de-greccio-em-seu-concerto-especial-de-natal.html","og_site_name":"Not\u00edcias - Franciscanos","article_published_time":"2023-12-07T09:52:54+00:00","article_modified_time":"2023-12-07T09:56:13+00:00","og_image":[{"width":1280,"height":719,"url":"https:\/\/franciscanos.org.br\/noticias\/wp-content\/uploads\/2023\/12\/canarinhos_concerto_07.jpg","type":"image\/jpeg"}],"author":"moacir","twitter_card":"summary_large_image","twitter_misc":{"Escrito por":"moacir","Est. tempo de leitura":"2 minutos"},"schema":{"@context":"https:\/\/schema.org","@graph":[{"@type":"WebSite","@id":"https:\/\/franciscanos.org.br\/noticias\/#website","url":"https:\/\/franciscanos.org.br\/noticias\/","name":"Not\u00edcias - Franciscanos","description":"Prov\u00edncia Franciscana da Imaculada Concei\u00e7\u00e3o do Brasil - Ordem dos Frades Menores - OFM","potentialAction":[{"@type":"SearchAction","target":{"@type":"EntryPoint","urlTemplate":"https:\/\/franciscanos.org.br\/noticias\/?s={search_term_string}"},"query-input":"required name=search_term_string"}],"inLanguage":"pt-BR"},{"@type":"ImageObject","inLanguage":"pt-BR","@id":"https:\/\/franciscanos.org.br\/noticias\/canarinhos-de-petropolis-recria-o-presepio-de-greccio-em-seu-concerto-especial-de-natal.html#primaryimage","url":"https:\/\/franciscanos.org.br\/noticias\/wp-content\/uploads\/2023\/12\/canarinhos_concerto_07.jpg","contentUrl":"https:\/\/franciscanos.org.br\/noticias\/wp-content\/uploads\/2023\/12\/canarinhos_concerto_07.jpg","width":1280,"height":719},{"@type":"WebPage","@id":"https:\/\/franciscanos.org.br\/noticias\/canarinhos-de-petropolis-recria-o-presepio-de-greccio-em-seu-concerto-especial-de-natal.html#webpage","url":"https:\/\/franciscanos.org.br\/noticias\/canarinhos-de-petropolis-recria-o-presepio-de-greccio-em-seu-concerto-especial-de-natal.html","name":"Coral Canarinhos de Petr\u00f3polis recria o Pres\u00e9pio de Greccio em seu Concerto Especial de Natal - Not\u00edcias - Franciscanos","isPartOf":{"@id":"https:\/\/franciscanos.org.br\/noticias\/#website"},"primaryImageOfPage":{"@id":"https:\/\/franciscanos.org.br\/noticias\/canarinhos-de-petropolis-recria-o-presepio-de-greccio-em-seu-concerto-especial-de-natal.html#primaryimage"},"datePublished":"2023-12-07T09:52:54+00:00","dateModified":"2023-12-07T09:56:13+00:00","author":{"@id":"https:\/\/franciscanos.org.br\/noticias\/#\/schema\/person\/b5c8cba458c330ccff548b056e95a5d4"},"breadcrumb":{"@id":"https:\/\/franciscanos.org.br\/noticias\/canarinhos-de-petropolis-recria-o-presepio-de-greccio-em-seu-concerto-especial-de-natal.html#breadcrumb"},"inLanguage":"pt-BR","potentialAction":[{"@type":"ReadAction","target":["https:\/\/franciscanos.org.br\/noticias\/canarinhos-de-petropolis-recria-o-presepio-de-greccio-em-seu-concerto-especial-de-natal.html"]}]},{"@type":"BreadcrumbList","@id":"https:\/\/franciscanos.org.br\/noticias\/canarinhos-de-petropolis-recria-o-presepio-de-greccio-em-seu-concerto-especial-de-natal.html#breadcrumb","itemListElement":[{"@type":"ListItem","position":1,"name":"Home","item":"https:\/\/franciscanos.org.br\/noticias"},{"@type":"ListItem","position":2,"name":"Coral Canarinhos de Petr\u00f3polis recria o Pres\u00e9pio de Greccio em seu Concerto Especial de Natal"}]},{"@type":"Person","@id":"https:\/\/franciscanos.org.br\/noticias\/#\/schema\/person\/b5c8cba458c330ccff548b056e95a5d4","name":"moacir","image":{"@type":"ImageObject","inLanguage":"pt-BR","@id":"https:\/\/franciscanos.org.br\/noticias\/#\/schema\/person\/image\/","url":"https:\/\/secure.gravatar.com\/avatar\/d08aa2ce4c8dd416d4479aa8536fcf64?s=96&d=mm&r=g","contentUrl":"https:\/\/secure.gravatar.com\/avatar\/d08aa2ce4c8dd416d4479aa8536fcf64?s=96&d=mm&r=g","caption":"moacir"},"url":"https:\/\/franciscanos.org.br\/noticias\/author\/moacir"}]}},"_links":{"self":[{"href":"https:\/\/franciscanos.org.br\/noticias\/wp-json\/wp\/v2\/posts\/245733"}],"collection":[{"href":"https:\/\/franciscanos.org.br\/noticias\/wp-json\/wp\/v2\/posts"}],"about":[{"href":"https:\/\/franciscanos.org.br\/noticias\/wp-json\/wp\/v2\/types\/post"}],"author":[{"embeddable":true,"href":"https:\/\/franciscanos.org.br\/noticias\/wp-json\/wp\/v2\/users\/3"}],"replies":[{"embeddable":true,"href":"https:\/\/franciscanos.org.br\/noticias\/wp-json\/wp\/v2\/comments?post=245733"}],"version-history":[{"count":4,"href":"https:\/\/franciscanos.org.br\/noticias\/wp-json\/wp\/v2\/posts\/245733\/revisions"}],"predecessor-version":[{"id":245738,"href":"https:\/\/franciscanos.org.br\/noticias\/wp-json\/wp\/v2\/posts\/245733\/revisions\/245738"}],"wp:featuredmedia":[{"embeddable":true,"href":"https:\/\/franciscanos.org.br\/noticias\/wp-json\/wp\/v2\/media\/245734"}],"wp:attachment":[{"href":"https:\/\/franciscanos.org.br\/noticias\/wp-json\/wp\/v2\/media?parent=245733"}],"wp:term":[{"taxonomy":"category","embeddable":true,"href":"https:\/\/franciscanos.org.br\/noticias\/wp-json\/wp\/v2\/categories?post=245733"},{"taxonomy":"post_tag","embeddable":true,"href":"https:\/\/franciscanos.org.br\/noticias\/wp-json\/wp\/v2\/tags?post=245733"}],"curies":[{"name":"wp","href":"https:\/\/api.w.org\/{rel}","templated":true}]}}