{"id":245718,"date":"2023-12-05T08:56:48","date_gmt":"2023-12-05T11:56:48","guid":{"rendered":"https:\/\/franciscanos.org.br\/noticias\/?p=245718"},"modified":"2023-12-05T08:56:48","modified_gmt":"2023-12-05T11:56:48","slug":"ver-com-os-olhos-do-corpo-a-pobreza-em-que-jesus-quis-nascer","status":"publish","type":"post","link":"https:\/\/franciscanos.org.br\/noticias\/ver-com-os-olhos-do-corpo-a-pobreza-em-que-jesus-quis-nascer.html","title":{"rendered":"Ver com os olhos do corpo a pobreza em que Jesus quis nascer"},"content":{"rendered":"<p><img loading=\"lazy\" class=\"alignnone size-full wp-image-245719\" src=\"https:\/\/franciscanos.org.br\/noticias\/wp-content\/uploads\/2023\/12\/greccio05.jpg\" alt=\"\" width=\"1280\" height=\"720\" srcset=\"https:\/\/franciscanos.org.br\/noticias\/wp-content\/uploads\/2023\/12\/greccio05.jpg 1280w, https:\/\/franciscanos.org.br\/noticias\/wp-content\/uploads\/2023\/12\/greccio05-450x253.jpg 450w, https:\/\/franciscanos.org.br\/noticias\/wp-content\/uploads\/2023\/12\/greccio05-1024x576.jpg 1024w, https:\/\/franciscanos.org.br\/noticias\/wp-content\/uploads\/2023\/12\/greccio05-768x432.jpg 768w, https:\/\/franciscanos.org.br\/noticias\/wp-content\/uploads\/2023\/12\/greccio05-150x84.jpg 150w\" sizes=\"(max-width: 1280px) 100vw, 1280px\" \/><\/p>\n<p>Frei Cesare Vaiani, OFM, Definidor Geral e integrante da Comiss\u00e3o da Fam\u00edlia Franciscana para o VIII Centen\u00e1rio Franciscano, descreve a peculiaridade do Natal em Greccio de S\u00e3o Francisco h\u00e1 800 anos.<\/p>\n<p><strong>Depois de ter celebrado a Regra (1223-2023), este ano celebramos tamb\u00e9m os 800 anos do Natal em Greccio.<\/strong><\/p>\n<p>Francisco quis celebrar aquela vig\u00edlia na noite de Natal, ver com os olhos do corpo (como ele mesmo escreve) as dificuldades e a pobreza em que Jesus quis nascer, e reconstruir de alguma forma a cena da Natividade de Jesus: uma caverna, o burro, o boi e um altar colocado sobre a manjedoura com feno. \u00c9 interessante notar que naquela noite a celebra\u00e7\u00e3o da Eucaristia ocupa um lugar central, porque, segundo Francisco, cada vez que se celebra a Eucaristia se repete o mist\u00e9rio da Encarna\u00e7\u00e3o, porque Deus est\u00e1 presente num peda\u00e7o de p\u00e3o e em um pouco de vinho, como estava presente na noite de Bel\u00e9m. \u00c9 por isso que no Natal de Greccio n\u00e3o h\u00e1 est\u00e1tuas, mas sim celebra-se a Eucaristia. A outra bela intui\u00e7\u00e3o do Natal em Greccio \u00e9 a alegria e a beleza que Francisco reconhece e reconstr\u00f3i a partir da pobreza de Jesus: nasce uma \u201cest\u00e9tica da pobreza\u201d que nos faz admirar aquela pobreza essencial como lugar de manifesta\u00e7\u00e3o da beleza. N\u00e3o a beleza do mundo, mas uma beleza mais profunda e verdadeira.<\/p>\n<p><strong>A aprova\u00e7\u00e3o da Regra e o Natal em Greccio: Pode dar-nos a sua opini\u00e3o sobre que rela\u00e7\u00e3o existe entre estes dois acontecimentos?<\/strong><\/p>\n<p>Em primeiro lugar, creio que devemos ser prudentes na hora de afirmar uma rela\u00e7\u00e3o temporal e hist\u00f3rica entre ambos os acontecimentos, porque os especialistas nos dizem que a Regra foi certamente aprovada pelo Papa em 29 de novembro de 1223, mas passaram-se meses antes que a Bula oficial fosse finalizada e chegasse \u00e0s m\u00e3os de Francisco (diz-se que em mar\u00e7o de 1224).<\/p>\n<p>Neste caso, n\u00e3o haveria rela\u00e7\u00e3o imediata entre a recep\u00e7\u00e3o \u201cmaterial\u201d da Regra aprovada e o Natal em Greccio. Contudo, podemos dizer que, se a intui\u00e7\u00e3o central da Regra \u00e9 viver o Evangelho, ent\u00e3o o Natal em Greccio \u00e9 uma encena\u00e7\u00e3o, no sentido mais elevado do termo, uma dramatiza\u00e7\u00e3o de um epis\u00f3dio central dos relatos evang\u00e9licos. Essa paix\u00e3o pelo Evangelho a ser vivido, a concretizar-se, que anima a Regra Bulada e que anima toda a vida de Francisco, encontra-se de forma exemplar neste epis\u00f3dio da sua vida.<\/p>\n<hr \/>\n<p><strong>Fonte<\/strong>: <a href=\"http:\/\/www.ofm.org\">www.ofm.org<\/a><\/p>\n","protected":false},"excerpt":{"rendered":"<p>800 anos do Natal em Greccio<\/p>\n","protected":false},"author":3,"featured_media":245719,"comment_status":"open","ping_status":"open","sticky":false,"template":"","format":"standard","meta":[],"categories":[1],"tags":[1556],"acf":[],"yoast_head":"<!-- This site is optimized with the Yoast SEO plugin v19.2 - https:\/\/yoast.com\/wordpress\/plugins\/seo\/ -->\n<title>Ver com os olhos do corpo a pobreza em que Jesus quis nascer - Not\u00edcias - Franciscanos<\/title>\n<meta name=\"robots\" content=\"index, follow, max-snippet:-1, max-image-preview:large, max-video-preview:-1\" \/>\n<link rel=\"canonical\" href=\"https:\/\/franciscanos.org.br\/noticias\/ver-com-os-olhos-do-corpo-a-pobreza-em-que-jesus-quis-nascer.html\" \/>\n<meta property=\"og:locale\" content=\"pt_BR\" \/>\n<meta property=\"og:type\" content=\"article\" \/>\n<meta property=\"og:title\" content=\"Ver com os olhos do corpo a pobreza em que Jesus quis nascer - Not\u00edcias - Franciscanos\" \/>\n<meta property=\"og:description\" content=\"800 anos do Natal em Greccio\" \/>\n<meta property=\"og:url\" content=\"https:\/\/franciscanos.org.br\/noticias\/ver-com-os-olhos-do-corpo-a-pobreza-em-que-jesus-quis-nascer.html\" \/>\n<meta property=\"og:site_name\" content=\"Not\u00edcias - Franciscanos\" \/>\n<meta property=\"article:published_time\" content=\"2023-12-05T11:56:48+00:00\" \/>\n<meta property=\"og:image\" content=\"https:\/\/franciscanos.org.br\/noticias\/wp-content\/uploads\/2023\/12\/greccio05.jpg\" \/>\n\t<meta property=\"og:image:width\" content=\"1280\" \/>\n\t<meta property=\"og:image:height\" content=\"720\" \/>\n\t<meta property=\"og:image:type\" content=\"image\/jpeg\" \/>\n<meta name=\"author\" content=\"moacir\" \/>\n<meta name=\"twitter:card\" content=\"summary_large_image\" \/>\n<meta name=\"twitter:label1\" content=\"Escrito por\" \/>\n\t<meta name=\"twitter:data1\" content=\"moacir\" \/>\n\t<meta name=\"twitter:label2\" content=\"Est. tempo de leitura\" \/>\n\t<meta name=\"twitter:data2\" content=\"2 minutos\" \/>\n<script type=\"application\/ld+json\" class=\"yoast-schema-graph\">{\"@context\":\"https:\/\/schema.org\",\"@graph\":[{\"@type\":\"WebSite\",\"@id\":\"https:\/\/franciscanos.org.br\/noticias\/#website\",\"url\":\"https:\/\/franciscanos.org.br\/noticias\/\",\"name\":\"Not\u00edcias - Franciscanos\",\"description\":\"Prov\u00edncia Franciscana da Imaculada Concei\u00e7\u00e3o do Brasil - Ordem dos Frades Menores - OFM\",\"potentialAction\":[{\"@type\":\"SearchAction\",\"target\":{\"@type\":\"EntryPoint\",\"urlTemplate\":\"https:\/\/franciscanos.org.br\/noticias\/?s={search_term_string}\"},\"query-input\":\"required name=search_term_string\"}],\"inLanguage\":\"pt-BR\"},{\"@type\":\"ImageObject\",\"inLanguage\":\"pt-BR\",\"@id\":\"https:\/\/franciscanos.org.br\/noticias\/ver-com-os-olhos-do-corpo-a-pobreza-em-que-jesus-quis-nascer.html#primaryimage\",\"url\":\"https:\/\/franciscanos.org.br\/noticias\/wp-content\/uploads\/2023\/12\/greccio05.jpg\",\"contentUrl\":\"https:\/\/franciscanos.org.br\/noticias\/wp-content\/uploads\/2023\/12\/greccio05.jpg\",\"width\":1280,\"height\":720},{\"@type\":\"WebPage\",\"@id\":\"https:\/\/franciscanos.org.br\/noticias\/ver-com-os-olhos-do-corpo-a-pobreza-em-que-jesus-quis-nascer.html#webpage\",\"url\":\"https:\/\/franciscanos.org.br\/noticias\/ver-com-os-olhos-do-corpo-a-pobreza-em-que-jesus-quis-nascer.html\",\"name\":\"Ver com os olhos do corpo a pobreza em que Jesus quis nascer - Not\u00edcias - Franciscanos\",\"isPartOf\":{\"@id\":\"https:\/\/franciscanos.org.br\/noticias\/#website\"},\"primaryImageOfPage\":{\"@id\":\"https:\/\/franciscanos.org.br\/noticias\/ver-com-os-olhos-do-corpo-a-pobreza-em-que-jesus-quis-nascer.html#primaryimage\"},\"datePublished\":\"2023-12-05T11:56:48+00:00\",\"dateModified\":\"2023-12-05T11:56:48+00:00\",\"author\":{\"@id\":\"https:\/\/franciscanos.org.br\/noticias\/#\/schema\/person\/b5c8cba458c330ccff548b056e95a5d4\"},\"breadcrumb\":{\"@id\":\"https:\/\/franciscanos.org.br\/noticias\/ver-com-os-olhos-do-corpo-a-pobreza-em-que-jesus-quis-nascer.html#breadcrumb\"},\"inLanguage\":\"pt-BR\",\"potentialAction\":[{\"@type\":\"ReadAction\",\"target\":[\"https:\/\/franciscanos.org.br\/noticias\/ver-com-os-olhos-do-corpo-a-pobreza-em-que-jesus-quis-nascer.html\"]}]},{\"@type\":\"BreadcrumbList\",\"@id\":\"https:\/\/franciscanos.org.br\/noticias\/ver-com-os-olhos-do-corpo-a-pobreza-em-que-jesus-quis-nascer.html#breadcrumb\",\"itemListElement\":[{\"@type\":\"ListItem\",\"position\":1,\"name\":\"Home\",\"item\":\"https:\/\/franciscanos.org.br\/noticias\"},{\"@type\":\"ListItem\",\"position\":2,\"name\":\"Ver com os olhos do corpo a pobreza em que Jesus quis nascer\"}]},{\"@type\":\"Person\",\"@id\":\"https:\/\/franciscanos.org.br\/noticias\/#\/schema\/person\/b5c8cba458c330ccff548b056e95a5d4\",\"name\":\"moacir\",\"image\":{\"@type\":\"ImageObject\",\"inLanguage\":\"pt-BR\",\"@id\":\"https:\/\/franciscanos.org.br\/noticias\/#\/schema\/person\/image\/\",\"url\":\"https:\/\/secure.gravatar.com\/avatar\/d08aa2ce4c8dd416d4479aa8536fcf64?s=96&d=mm&r=g\",\"contentUrl\":\"https:\/\/secure.gravatar.com\/avatar\/d08aa2ce4c8dd416d4479aa8536fcf64?s=96&d=mm&r=g\",\"caption\":\"moacir\"},\"url\":\"https:\/\/franciscanos.org.br\/noticias\/author\/moacir\"}]}<\/script>\n<!-- \/ Yoast SEO plugin. -->","yoast_head_json":{"title":"Ver com os olhos do corpo a pobreza em que Jesus quis nascer - Not\u00edcias - Franciscanos","robots":{"index":"index","follow":"follow","max-snippet":"max-snippet:-1","max-image-preview":"max-image-preview:large","max-video-preview":"max-video-preview:-1"},"canonical":"https:\/\/franciscanos.org.br\/noticias\/ver-com-os-olhos-do-corpo-a-pobreza-em-que-jesus-quis-nascer.html","og_locale":"pt_BR","og_type":"article","og_title":"Ver com os olhos do corpo a pobreza em que Jesus quis nascer - Not\u00edcias - Franciscanos","og_description":"800 anos do Natal em Greccio","og_url":"https:\/\/franciscanos.org.br\/noticias\/ver-com-os-olhos-do-corpo-a-pobreza-em-que-jesus-quis-nascer.html","og_site_name":"Not\u00edcias - Franciscanos","article_published_time":"2023-12-05T11:56:48+00:00","og_image":[{"width":1280,"height":720,"url":"https:\/\/franciscanos.org.br\/noticias\/wp-content\/uploads\/2023\/12\/greccio05.jpg","type":"image\/jpeg"}],"author":"moacir","twitter_card":"summary_large_image","twitter_misc":{"Escrito por":"moacir","Est. tempo de leitura":"2 minutos"},"schema":{"@context":"https:\/\/schema.org","@graph":[{"@type":"WebSite","@id":"https:\/\/franciscanos.org.br\/noticias\/#website","url":"https:\/\/franciscanos.org.br\/noticias\/","name":"Not\u00edcias - Franciscanos","description":"Prov\u00edncia Franciscana da Imaculada Concei\u00e7\u00e3o do Brasil - Ordem dos Frades Menores - OFM","potentialAction":[{"@type":"SearchAction","target":{"@type":"EntryPoint","urlTemplate":"https:\/\/franciscanos.org.br\/noticias\/?s={search_term_string}"},"query-input":"required name=search_term_string"}],"inLanguage":"pt-BR"},{"@type":"ImageObject","inLanguage":"pt-BR","@id":"https:\/\/franciscanos.org.br\/noticias\/ver-com-os-olhos-do-corpo-a-pobreza-em-que-jesus-quis-nascer.html#primaryimage","url":"https:\/\/franciscanos.org.br\/noticias\/wp-content\/uploads\/2023\/12\/greccio05.jpg","contentUrl":"https:\/\/franciscanos.org.br\/noticias\/wp-content\/uploads\/2023\/12\/greccio05.jpg","width":1280,"height":720},{"@type":"WebPage","@id":"https:\/\/franciscanos.org.br\/noticias\/ver-com-os-olhos-do-corpo-a-pobreza-em-que-jesus-quis-nascer.html#webpage","url":"https:\/\/franciscanos.org.br\/noticias\/ver-com-os-olhos-do-corpo-a-pobreza-em-que-jesus-quis-nascer.html","name":"Ver com os olhos do corpo a pobreza em que Jesus quis nascer - Not\u00edcias - Franciscanos","isPartOf":{"@id":"https:\/\/franciscanos.org.br\/noticias\/#website"},"primaryImageOfPage":{"@id":"https:\/\/franciscanos.org.br\/noticias\/ver-com-os-olhos-do-corpo-a-pobreza-em-que-jesus-quis-nascer.html#primaryimage"},"datePublished":"2023-12-05T11:56:48+00:00","dateModified":"2023-12-05T11:56:48+00:00","author":{"@id":"https:\/\/franciscanos.org.br\/noticias\/#\/schema\/person\/b5c8cba458c330ccff548b056e95a5d4"},"breadcrumb":{"@id":"https:\/\/franciscanos.org.br\/noticias\/ver-com-os-olhos-do-corpo-a-pobreza-em-que-jesus-quis-nascer.html#breadcrumb"},"inLanguage":"pt-BR","potentialAction":[{"@type":"ReadAction","target":["https:\/\/franciscanos.org.br\/noticias\/ver-com-os-olhos-do-corpo-a-pobreza-em-que-jesus-quis-nascer.html"]}]},{"@type":"BreadcrumbList","@id":"https:\/\/franciscanos.org.br\/noticias\/ver-com-os-olhos-do-corpo-a-pobreza-em-que-jesus-quis-nascer.html#breadcrumb","itemListElement":[{"@type":"ListItem","position":1,"name":"Home","item":"https:\/\/franciscanos.org.br\/noticias"},{"@type":"ListItem","position":2,"name":"Ver com os olhos do corpo a pobreza em que Jesus quis nascer"}]},{"@type":"Person","@id":"https:\/\/franciscanos.org.br\/noticias\/#\/schema\/person\/b5c8cba458c330ccff548b056e95a5d4","name":"moacir","image":{"@type":"ImageObject","inLanguage":"pt-BR","@id":"https:\/\/franciscanos.org.br\/noticias\/#\/schema\/person\/image\/","url":"https:\/\/secure.gravatar.com\/avatar\/d08aa2ce4c8dd416d4479aa8536fcf64?s=96&d=mm&r=g","contentUrl":"https:\/\/secure.gravatar.com\/avatar\/d08aa2ce4c8dd416d4479aa8536fcf64?s=96&d=mm&r=g","caption":"moacir"},"url":"https:\/\/franciscanos.org.br\/noticias\/author\/moacir"}]}},"_links":{"self":[{"href":"https:\/\/franciscanos.org.br\/noticias\/wp-json\/wp\/v2\/posts\/245718"}],"collection":[{"href":"https:\/\/franciscanos.org.br\/noticias\/wp-json\/wp\/v2\/posts"}],"about":[{"href":"https:\/\/franciscanos.org.br\/noticias\/wp-json\/wp\/v2\/types\/post"}],"author":[{"embeddable":true,"href":"https:\/\/franciscanos.org.br\/noticias\/wp-json\/wp\/v2\/users\/3"}],"replies":[{"embeddable":true,"href":"https:\/\/franciscanos.org.br\/noticias\/wp-json\/wp\/v2\/comments?post=245718"}],"version-history":[{"count":1,"href":"https:\/\/franciscanos.org.br\/noticias\/wp-json\/wp\/v2\/posts\/245718\/revisions"}],"predecessor-version":[{"id":245720,"href":"https:\/\/franciscanos.org.br\/noticias\/wp-json\/wp\/v2\/posts\/245718\/revisions\/245720"}],"wp:featuredmedia":[{"embeddable":true,"href":"https:\/\/franciscanos.org.br\/noticias\/wp-json\/wp\/v2\/media\/245719"}],"wp:attachment":[{"href":"https:\/\/franciscanos.org.br\/noticias\/wp-json\/wp\/v2\/media?parent=245718"}],"wp:term":[{"taxonomy":"category","embeddable":true,"href":"https:\/\/franciscanos.org.br\/noticias\/wp-json\/wp\/v2\/categories?post=245718"},{"taxonomy":"post_tag","embeddable":true,"href":"https:\/\/franciscanos.org.br\/noticias\/wp-json\/wp\/v2\/tags?post=245718"}],"curies":[{"name":"wp","href":"https:\/\/api.w.org\/{rel}","templated":true}]}}