{"id":245671,"date":"2023-12-04T07:29:54","date_gmt":"2023-12-04T10:29:54","guid":{"rendered":"https:\/\/franciscanos.org.br\/noticias\/?p=245671"},"modified":"2023-12-04T07:34:27","modified_gmt":"2023-12-04T10:34:27","slug":"coral-dos-canarinhos-de-petropolis-recebe-17-novos-meninos-cantores","status":"publish","type":"post","link":"https:\/\/franciscanos.org.br\/noticias\/coral-dos-canarinhos-de-petropolis-recebe-17-novos-meninos-cantores.html","title":{"rendered":"Coral dos Canarinhos de Petr\u00f3polis recebe 17 novos Meninos Cantores"},"content":{"rendered":"<p><img loading=\"lazy\" class=\"alignnone size-full wp-image-245672\" src=\"https:\/\/franciscanos.org.br\/noticias\/wp-content\/uploads\/2023\/12\/canarinhos_01.jpg\" alt=\"\" width=\"1280\" height=\"720\" srcset=\"https:\/\/franciscanos.org.br\/noticias\/wp-content\/uploads\/2023\/12\/canarinhos_01.jpg 1280w, https:\/\/franciscanos.org.br\/noticias\/wp-content\/uploads\/2023\/12\/canarinhos_01-450x253.jpg 450w, https:\/\/franciscanos.org.br\/noticias\/wp-content\/uploads\/2023\/12\/canarinhos_01-1024x576.jpg 1024w, https:\/\/franciscanos.org.br\/noticias\/wp-content\/uploads\/2023\/12\/canarinhos_01-768x432.jpg 768w, https:\/\/franciscanos.org.br\/noticias\/wp-content\/uploads\/2023\/12\/canarinhos_01-150x84.jpg 150w\" sizes=\"(max-width: 1280px) 100vw, 1280px\" \/><\/p>\n<p>Na manh\u00e3 do Primeiro Domingo do Advento e in\u00edcio do novo Ano Lit\u00fargico, 03 de dezembro, o Coral dos Canarinhos de Petr\u00f3polis comemorou, com grande alegria, a Investidura de 17 novos Meninos Cantores.<\/p>\n<p>Depois de um ano como Aprendizes dos Canarinhos, estes meninos, com firme decis\u00e3o, aceitaram o convite de continuar no Instituto dos Meninos Cantores de Petr\u00f3polis (IMCP), agora, como coralistas do Coral de Meninos mais antigo do Brasil.<\/p>\n<p>A Celebra\u00e7\u00e3o foi presidida pelo Presidente do IMCP e Definidor Provincial, Frei Marcos Antonio de Andrade. Na prociss\u00e3o de entrada, os novos meninos cantores entraram pelo corredor central da Igreja do Sagrado, acompanhados de seus Padrinhos, nesta rica e bela celebra\u00e7\u00e3o de Ingresso ao Coral. Frei Marcos deu as boas vindas a todos e disse que esta era uma manh\u00e3 muito especial e importante para a nossa Igreja e para o nosso Coral dos Canarinhos.<\/p>\n<p><img loading=\"lazy\" class=\"alignnone size-full wp-image-245673\" src=\"https:\/\/franciscanos.org.br\/noticias\/wp-content\/uploads\/2023\/12\/canarinhos_05.jpg\" alt=\"\" width=\"1280\" height=\"922\" srcset=\"https:\/\/franciscanos.org.br\/noticias\/wp-content\/uploads\/2023\/12\/canarinhos_05.jpg 1280w, https:\/\/franciscanos.org.br\/noticias\/wp-content\/uploads\/2023\/12\/canarinhos_05-450x324.jpg 450w, https:\/\/franciscanos.org.br\/noticias\/wp-content\/uploads\/2023\/12\/canarinhos_05-1024x738.jpg 1024w, https:\/\/franciscanos.org.br\/noticias\/wp-content\/uploads\/2023\/12\/canarinhos_05-768x553.jpg 768w, https:\/\/franciscanos.org.br\/noticias\/wp-content\/uploads\/2023\/12\/canarinhos_05-150x108.jpg 150w\" sizes=\"(max-width: 1280px) 100vw, 1280px\" \/><\/p>\n<p><img loading=\"lazy\" class=\"alignnone size-full wp-image-245674\" src=\"https:\/\/franciscanos.org.br\/noticias\/wp-content\/uploads\/2023\/12\/canarinhos_09.jpg\" alt=\"\" width=\"1280\" height=\"719\" srcset=\"https:\/\/franciscanos.org.br\/noticias\/wp-content\/uploads\/2023\/12\/canarinhos_09.jpg 1280w, https:\/\/franciscanos.org.br\/noticias\/wp-content\/uploads\/2023\/12\/canarinhos_09-450x253.jpg 450w, https:\/\/franciscanos.org.br\/noticias\/wp-content\/uploads\/2023\/12\/canarinhos_09-1024x575.jpg 1024w, https:\/\/franciscanos.org.br\/noticias\/wp-content\/uploads\/2023\/12\/canarinhos_09-768x431.jpg 768w, https:\/\/franciscanos.org.br\/noticias\/wp-content\/uploads\/2023\/12\/canarinhos_09-150x84.jpg 150w\" sizes=\"(max-width: 1280px) 100vw, 1280px\" \/><\/p>\n<p>Ap\u00f3s a Proclama\u00e7\u00e3o do Evangelho, o Maestro do Coral dos Canarinhos e Diretor Art\u00edstico do IMCP, Marco Aur\u00e9lio Lischt, fez a chamada dos futuros meninos cantores, ao serem chamados pelo nome, os mesmos ficaram de p\u00e9 e responderam: \u201cPresente!\u201d Depois, questionados pelo Presidente da Celebra\u00e7\u00e3o sobre qual o pedido deles \u00e0 Igreja, eles responderam: \u201cDesejamos receber a veste coral dos Meninos Cantores\u201d. Acolhidos ent\u00e3o por Frei Marcos, eles e toda a comunidade exclamaram a alegria por este momento com um firme: \u201cGra\u00e7as a Deus!\u201d<\/p>\n<p>Em sua homilia, Frei Marcos lembrou deste profundo e rico tempo do Advento, tempo que inicia um novo Ano Lit\u00fargico na Igreja: \u201cIrm\u00e3os e irm\u00e3s, estamos iniciando um tempo de prepara\u00e7\u00e3o e espera para a vinda do Senhor. E Ele vem como uma crian\u00e7a! Vem para se fazer como um de n\u00f3s, um Deus que escolhe se encarnar, descer e tornar-se igual a n\u00f3s. Por isso, n\u00e3o h\u00e1 nenhum deus como o nosso Deus! Um Deus que veio como uma crian\u00e7a, que veio nos trazer a Esperan\u00e7a de uma vida nova! \u00c9 por isso que neste tempo de Advento acendemos as velas, por isso que temos luzes nas \u00e1rvores e nas nossas casas. Todos estamos \u00e0 espera deste Deus que vem, que age na hist\u00f3ria e est\u00e1 presente no meio das nossas vidas. O tempo do Advento fala do mist\u00e9rio de toda a vida humana: passado presente e futuro! Um Deus que veio, que vem e que vir\u00e1!\u201d<\/p>\n<p><img loading=\"lazy\" class=\"alignnone size-full wp-image-245675\" src=\"https:\/\/franciscanos.org.br\/noticias\/wp-content\/uploads\/2023\/12\/canarinhos_07.jpg\" alt=\"\" width=\"1280\" height=\"1080\" srcset=\"https:\/\/franciscanos.org.br\/noticias\/wp-content\/uploads\/2023\/12\/canarinhos_07.jpg 1280w, https:\/\/franciscanos.org.br\/noticias\/wp-content\/uploads\/2023\/12\/canarinhos_07-450x380.jpg 450w, https:\/\/franciscanos.org.br\/noticias\/wp-content\/uploads\/2023\/12\/canarinhos_07-1024x864.jpg 1024w, https:\/\/franciscanos.org.br\/noticias\/wp-content\/uploads\/2023\/12\/canarinhos_07-768x648.jpg 768w, https:\/\/franciscanos.org.br\/noticias\/wp-content\/uploads\/2023\/12\/canarinhos_07-150x127.jpg 150w\" sizes=\"(max-width: 1280px) 100vw, 1280px\" \/><\/p>\n<p>E dirigindo-se aos meninos, Frei Marcos ressaltou a grande import\u00e2ncia da miss\u00e3o que os mesmos assumem neste dia: \u201choje, caros meninos, voc\u00eas assumem uma importante miss\u00e3o, que \u00e9 a de cantar os louvores de Deus e a Deus! Os louvores em vosso nome e em nome de todos n\u00f3s. Porque Deus escuta os mais pequeninos! Voc\u00eas, portanto, t\u00eam a miss\u00e3o de tocar o cora\u00e7\u00e3o de Deus no clamor do seu povo e de toda a Igreja. Que nesta investidura de voc\u00eas, dezessete novos Meninos Cantores, possa a for\u00e7a do Senhor e a nossa ora\u00e7\u00e3o ajud\u00e1-los na grande e bela miss\u00e3o que aqui se inicia\u201d, concluiu Frei Marcos.<\/p>\n<p><img loading=\"lazy\" class=\"alignnone size-full wp-image-245676\" src=\"https:\/\/franciscanos.org.br\/noticias\/wp-content\/uploads\/2023\/12\/canarinhos_08.jpg\" alt=\"\" width=\"1280\" height=\"800\" srcset=\"https:\/\/franciscanos.org.br\/noticias\/wp-content\/uploads\/2023\/12\/canarinhos_08.jpg 1280w, https:\/\/franciscanos.org.br\/noticias\/wp-content\/uploads\/2023\/12\/canarinhos_08-450x281.jpg 450w, https:\/\/franciscanos.org.br\/noticias\/wp-content\/uploads\/2023\/12\/canarinhos_08-1024x640.jpg 1024w, https:\/\/franciscanos.org.br\/noticias\/wp-content\/uploads\/2023\/12\/canarinhos_08-768x480.jpg 768w, https:\/\/franciscanos.org.br\/noticias\/wp-content\/uploads\/2023\/12\/canarinhos_08-150x94.jpg 150w\" sizes=\"(max-width: 1280px) 100vw, 1280px\" \/><\/p>\n<p>Seguindo o Rito da Investidura; as vestes, o crucifixo e o livro de cantos foram aben\u00e7oados. Depois, cada menino, de joelhos, diante do Celebrante, recebeu a sobrepeliz branca, o crucifixo e o livro de cantos. Por fim, receberam um abra\u00e7o de Frei Marcos que os desejou a Paz do Senhor. Terminado este momento, Frei Marcos chamou-os \u00e0 frente do altar e os novos Meninos Cantores foram aplaudidos por toda a Comunidade.<\/p>\n<p>A Celebra\u00e7\u00e3o seguiu normalmente. Ap\u00f3s o momento da Comunh\u00e3o, o Maestro, Marco Aur\u00e9lio Lischt, convidou que os novos coralistas se unissem ao Coral para juntos cantarem o canto \u201cThe time is coming\u201d do m\u00fasico Jeremy Rawson. Ao se unirem ao coral, os novos meninos cantores receberam a pasta do Coral das m\u00e3os da gestora do IMCP, Rose de Mello.<\/p>\n<p><img loading=\"lazy\" class=\"alignnone size-full wp-image-245677\" src=\"https:\/\/franciscanos.org.br\/noticias\/wp-content\/uploads\/2023\/12\/canarinhos_11.jpg\" alt=\"\" width=\"1280\" height=\"960\" srcset=\"https:\/\/franciscanos.org.br\/noticias\/wp-content\/uploads\/2023\/12\/canarinhos_11.jpg 1280w, https:\/\/franciscanos.org.br\/noticias\/wp-content\/uploads\/2023\/12\/canarinhos_11-450x338.jpg 450w, https:\/\/franciscanos.org.br\/noticias\/wp-content\/uploads\/2023\/12\/canarinhos_11-1024x768.jpg 1024w, https:\/\/franciscanos.org.br\/noticias\/wp-content\/uploads\/2023\/12\/canarinhos_11-768x576.jpg 768w, https:\/\/franciscanos.org.br\/noticias\/wp-content\/uploads\/2023\/12\/canarinhos_11-150x113.jpg 150w, https:\/\/franciscanos.org.br\/noticias\/wp-content\/uploads\/2023\/12\/canarinhos_11-600x450.jpg 600w\" sizes=\"(max-width: 1280px) 100vw, 1280px\" \/><\/p>\n<p>Terminada a celebra\u00e7\u00e3o, o Coral dos Canarinhos tirou a tradicional foto de sua nova forma\u00e7\u00e3o aos p\u00e9s da imagem do Sagrado Cora\u00e7\u00e3o de Jesus. Depois, coralistas e familiares reuniram-se no Sal\u00e3o S\u00e3o Francisco para um momento de confraterniza\u00e7\u00e3o nesta feliz acolhida destes novos Meninos Cantores.<\/p>\n<hr \/>\n<p><em>Frei Jo\u00e3o Manoel Zechinatto<\/em><\/p>\n<p><img loading=\"lazy\" class=\"alignnone size-full wp-image-245678\" src=\"https:\/\/franciscanos.org.br\/noticias\/wp-content\/uploads\/2023\/12\/canarinhos_02.jpg\" alt=\"\" width=\"1280\" height=\"816\" srcset=\"https:\/\/franciscanos.org.br\/noticias\/wp-content\/uploads\/2023\/12\/canarinhos_02.jpg 1280w, https:\/\/franciscanos.org.br\/noticias\/wp-content\/uploads\/2023\/12\/canarinhos_02-450x287.jpg 450w, https:\/\/franciscanos.org.br\/noticias\/wp-content\/uploads\/2023\/12\/canarinhos_02-1024x653.jpg 1024w, https:\/\/franciscanos.org.br\/noticias\/wp-content\/uploads\/2023\/12\/canarinhos_02-768x490.jpg 768w, https:\/\/franciscanos.org.br\/noticias\/wp-content\/uploads\/2023\/12\/canarinhos_02-150x96.jpg 150w\" sizes=\"(max-width: 1280px) 100vw, 1280px\" \/><\/p>\n","protected":false},"excerpt":{"rendered":"<p>Coral dos Canarinhos de Petr\u00f3polis<\/p>\n","protected":false},"author":3,"featured_media":245680,"comment_status":"open","ping_status":"open","sticky":false,"template":"","format":"standard","meta":[],"categories":[1],"tags":[1378],"acf":[],"yoast_head":"<!-- This site is optimized with the Yoast SEO plugin v19.2 - https:\/\/yoast.com\/wordpress\/plugins\/seo\/ -->\n<title>Coral dos Canarinhos de Petr\u00f3polis recebe 17 novos Meninos Cantores - Not\u00edcias - Franciscanos<\/title>\n<meta name=\"robots\" content=\"index, follow, max-snippet:-1, max-image-preview:large, max-video-preview:-1\" \/>\n<link rel=\"canonical\" href=\"https:\/\/franciscanos.org.br\/noticias\/coral-dos-canarinhos-de-petropolis-recebe-17-novos-meninos-cantores.html\" \/>\n<meta property=\"og:locale\" content=\"pt_BR\" \/>\n<meta property=\"og:type\" content=\"article\" \/>\n<meta property=\"og:title\" content=\"Coral dos Canarinhos de Petr\u00f3polis recebe 17 novos Meninos Cantores - Not\u00edcias - Franciscanos\" \/>\n<meta property=\"og:description\" content=\"Coral dos Canarinhos de Petr\u00f3polis\" \/>\n<meta property=\"og:url\" content=\"https:\/\/franciscanos.org.br\/noticias\/coral-dos-canarinhos-de-petropolis-recebe-17-novos-meninos-cantores.html\" \/>\n<meta property=\"og:site_name\" content=\"Not\u00edcias - Franciscanos\" \/>\n<meta property=\"article:published_time\" content=\"2023-12-04T10:29:54+00:00\" \/>\n<meta property=\"article:modified_time\" content=\"2023-12-04T10:34:27+00:00\" \/>\n<meta property=\"og:image\" content=\"https:\/\/franciscanos.org.br\/noticias\/wp-content\/uploads\/2023\/12\/CANARINHOS_p.jpg\" \/>\n\t<meta property=\"og:image:width\" content=\"800\" \/>\n\t<meta property=\"og:image:height\" content=\"500\" \/>\n\t<meta property=\"og:image:type\" content=\"image\/jpeg\" \/>\n<meta name=\"author\" content=\"moacir\" \/>\n<meta name=\"twitter:card\" content=\"summary_large_image\" \/>\n<meta name=\"twitter:label1\" content=\"Escrito por\" \/>\n\t<meta name=\"twitter:data1\" content=\"moacir\" \/>\n\t<meta name=\"twitter:label2\" content=\"Est. tempo de leitura\" \/>\n\t<meta name=\"twitter:data2\" content=\"4 minutos\" \/>\n<script type=\"application\/ld+json\" class=\"yoast-schema-graph\">{\"@context\":\"https:\/\/schema.org\",\"@graph\":[{\"@type\":\"WebSite\",\"@id\":\"https:\/\/franciscanos.org.br\/noticias\/#website\",\"url\":\"https:\/\/franciscanos.org.br\/noticias\/\",\"name\":\"Not\u00edcias - Franciscanos\",\"description\":\"Prov\u00edncia Franciscana da Imaculada Concei\u00e7\u00e3o do Brasil - Ordem dos Frades Menores - OFM\",\"potentialAction\":[{\"@type\":\"SearchAction\",\"target\":{\"@type\":\"EntryPoint\",\"urlTemplate\":\"https:\/\/franciscanos.org.br\/noticias\/?s={search_term_string}\"},\"query-input\":\"required name=search_term_string\"}],\"inLanguage\":\"pt-BR\"},{\"@type\":\"ImageObject\",\"inLanguage\":\"pt-BR\",\"@id\":\"https:\/\/franciscanos.org.br\/noticias\/coral-dos-canarinhos-de-petropolis-recebe-17-novos-meninos-cantores.html#primaryimage\",\"url\":\"https:\/\/franciscanos.org.br\/noticias\/wp-content\/uploads\/2023\/12\/CANARINHOS_p.jpg\",\"contentUrl\":\"https:\/\/franciscanos.org.br\/noticias\/wp-content\/uploads\/2023\/12\/CANARINHOS_p.jpg\",\"width\":800,\"height\":500},{\"@type\":\"WebPage\",\"@id\":\"https:\/\/franciscanos.org.br\/noticias\/coral-dos-canarinhos-de-petropolis-recebe-17-novos-meninos-cantores.html#webpage\",\"url\":\"https:\/\/franciscanos.org.br\/noticias\/coral-dos-canarinhos-de-petropolis-recebe-17-novos-meninos-cantores.html\",\"name\":\"Coral dos Canarinhos de Petr\u00f3polis recebe 17 novos Meninos Cantores - Not\u00edcias - Franciscanos\",\"isPartOf\":{\"@id\":\"https:\/\/franciscanos.org.br\/noticias\/#website\"},\"primaryImageOfPage\":{\"@id\":\"https:\/\/franciscanos.org.br\/noticias\/coral-dos-canarinhos-de-petropolis-recebe-17-novos-meninos-cantores.html#primaryimage\"},\"datePublished\":\"2023-12-04T10:29:54+00:00\",\"dateModified\":\"2023-12-04T10:34:27+00:00\",\"author\":{\"@id\":\"https:\/\/franciscanos.org.br\/noticias\/#\/schema\/person\/b5c8cba458c330ccff548b056e95a5d4\"},\"breadcrumb\":{\"@id\":\"https:\/\/franciscanos.org.br\/noticias\/coral-dos-canarinhos-de-petropolis-recebe-17-novos-meninos-cantores.html#breadcrumb\"},\"inLanguage\":\"pt-BR\",\"potentialAction\":[{\"@type\":\"ReadAction\",\"target\":[\"https:\/\/franciscanos.org.br\/noticias\/coral-dos-canarinhos-de-petropolis-recebe-17-novos-meninos-cantores.html\"]}]},{\"@type\":\"BreadcrumbList\",\"@id\":\"https:\/\/franciscanos.org.br\/noticias\/coral-dos-canarinhos-de-petropolis-recebe-17-novos-meninos-cantores.html#breadcrumb\",\"itemListElement\":[{\"@type\":\"ListItem\",\"position\":1,\"name\":\"Home\",\"item\":\"https:\/\/franciscanos.org.br\/noticias\"},{\"@type\":\"ListItem\",\"position\":2,\"name\":\"Coral dos Canarinhos de Petr\u00f3polis recebe 17 novos Meninos Cantores\"}]},{\"@type\":\"Person\",\"@id\":\"https:\/\/franciscanos.org.br\/noticias\/#\/schema\/person\/b5c8cba458c330ccff548b056e95a5d4\",\"name\":\"moacir\",\"image\":{\"@type\":\"ImageObject\",\"inLanguage\":\"pt-BR\",\"@id\":\"https:\/\/franciscanos.org.br\/noticias\/#\/schema\/person\/image\/\",\"url\":\"https:\/\/secure.gravatar.com\/avatar\/d08aa2ce4c8dd416d4479aa8536fcf64?s=96&d=mm&r=g\",\"contentUrl\":\"https:\/\/secure.gravatar.com\/avatar\/d08aa2ce4c8dd416d4479aa8536fcf64?s=96&d=mm&r=g\",\"caption\":\"moacir\"},\"url\":\"https:\/\/franciscanos.org.br\/noticias\/author\/moacir\"}]}<\/script>\n<!-- \/ Yoast SEO plugin. -->","yoast_head_json":{"title":"Coral dos Canarinhos de Petr\u00f3polis recebe 17 novos Meninos Cantores - Not\u00edcias - Franciscanos","robots":{"index":"index","follow":"follow","max-snippet":"max-snippet:-1","max-image-preview":"max-image-preview:large","max-video-preview":"max-video-preview:-1"},"canonical":"https:\/\/franciscanos.org.br\/noticias\/coral-dos-canarinhos-de-petropolis-recebe-17-novos-meninos-cantores.html","og_locale":"pt_BR","og_type":"article","og_title":"Coral dos Canarinhos de Petr\u00f3polis recebe 17 novos Meninos Cantores - Not\u00edcias - Franciscanos","og_description":"Coral dos Canarinhos de Petr\u00f3polis","og_url":"https:\/\/franciscanos.org.br\/noticias\/coral-dos-canarinhos-de-petropolis-recebe-17-novos-meninos-cantores.html","og_site_name":"Not\u00edcias - Franciscanos","article_published_time":"2023-12-04T10:29:54+00:00","article_modified_time":"2023-12-04T10:34:27+00:00","og_image":[{"width":800,"height":500,"url":"https:\/\/franciscanos.org.br\/noticias\/wp-content\/uploads\/2023\/12\/CANARINHOS_p.jpg","type":"image\/jpeg"}],"author":"moacir","twitter_card":"summary_large_image","twitter_misc":{"Escrito por":"moacir","Est. tempo de leitura":"4 minutos"},"schema":{"@context":"https:\/\/schema.org","@graph":[{"@type":"WebSite","@id":"https:\/\/franciscanos.org.br\/noticias\/#website","url":"https:\/\/franciscanos.org.br\/noticias\/","name":"Not\u00edcias - Franciscanos","description":"Prov\u00edncia Franciscana da Imaculada Concei\u00e7\u00e3o do Brasil - Ordem dos Frades Menores - OFM","potentialAction":[{"@type":"SearchAction","target":{"@type":"EntryPoint","urlTemplate":"https:\/\/franciscanos.org.br\/noticias\/?s={search_term_string}"},"query-input":"required name=search_term_string"}],"inLanguage":"pt-BR"},{"@type":"ImageObject","inLanguage":"pt-BR","@id":"https:\/\/franciscanos.org.br\/noticias\/coral-dos-canarinhos-de-petropolis-recebe-17-novos-meninos-cantores.html#primaryimage","url":"https:\/\/franciscanos.org.br\/noticias\/wp-content\/uploads\/2023\/12\/CANARINHOS_p.jpg","contentUrl":"https:\/\/franciscanos.org.br\/noticias\/wp-content\/uploads\/2023\/12\/CANARINHOS_p.jpg","width":800,"height":500},{"@type":"WebPage","@id":"https:\/\/franciscanos.org.br\/noticias\/coral-dos-canarinhos-de-petropolis-recebe-17-novos-meninos-cantores.html#webpage","url":"https:\/\/franciscanos.org.br\/noticias\/coral-dos-canarinhos-de-petropolis-recebe-17-novos-meninos-cantores.html","name":"Coral dos Canarinhos de Petr\u00f3polis recebe 17 novos Meninos Cantores - Not\u00edcias - Franciscanos","isPartOf":{"@id":"https:\/\/franciscanos.org.br\/noticias\/#website"},"primaryImageOfPage":{"@id":"https:\/\/franciscanos.org.br\/noticias\/coral-dos-canarinhos-de-petropolis-recebe-17-novos-meninos-cantores.html#primaryimage"},"datePublished":"2023-12-04T10:29:54+00:00","dateModified":"2023-12-04T10:34:27+00:00","author":{"@id":"https:\/\/franciscanos.org.br\/noticias\/#\/schema\/person\/b5c8cba458c330ccff548b056e95a5d4"},"breadcrumb":{"@id":"https:\/\/franciscanos.org.br\/noticias\/coral-dos-canarinhos-de-petropolis-recebe-17-novos-meninos-cantores.html#breadcrumb"},"inLanguage":"pt-BR","potentialAction":[{"@type":"ReadAction","target":["https:\/\/franciscanos.org.br\/noticias\/coral-dos-canarinhos-de-petropolis-recebe-17-novos-meninos-cantores.html"]}]},{"@type":"BreadcrumbList","@id":"https:\/\/franciscanos.org.br\/noticias\/coral-dos-canarinhos-de-petropolis-recebe-17-novos-meninos-cantores.html#breadcrumb","itemListElement":[{"@type":"ListItem","position":1,"name":"Home","item":"https:\/\/franciscanos.org.br\/noticias"},{"@type":"ListItem","position":2,"name":"Coral dos Canarinhos de Petr\u00f3polis recebe 17 novos Meninos Cantores"}]},{"@type":"Person","@id":"https:\/\/franciscanos.org.br\/noticias\/#\/schema\/person\/b5c8cba458c330ccff548b056e95a5d4","name":"moacir","image":{"@type":"ImageObject","inLanguage":"pt-BR","@id":"https:\/\/franciscanos.org.br\/noticias\/#\/schema\/person\/image\/","url":"https:\/\/secure.gravatar.com\/avatar\/d08aa2ce4c8dd416d4479aa8536fcf64?s=96&d=mm&r=g","contentUrl":"https:\/\/secure.gravatar.com\/avatar\/d08aa2ce4c8dd416d4479aa8536fcf64?s=96&d=mm&r=g","caption":"moacir"},"url":"https:\/\/franciscanos.org.br\/noticias\/author\/moacir"}]}},"_links":{"self":[{"href":"https:\/\/franciscanos.org.br\/noticias\/wp-json\/wp\/v2\/posts\/245671"}],"collection":[{"href":"https:\/\/franciscanos.org.br\/noticias\/wp-json\/wp\/v2\/posts"}],"about":[{"href":"https:\/\/franciscanos.org.br\/noticias\/wp-json\/wp\/v2\/types\/post"}],"author":[{"embeddable":true,"href":"https:\/\/franciscanos.org.br\/noticias\/wp-json\/wp\/v2\/users\/3"}],"replies":[{"embeddable":true,"href":"https:\/\/franciscanos.org.br\/noticias\/wp-json\/wp\/v2\/comments?post=245671"}],"version-history":[{"count":1,"href":"https:\/\/franciscanos.org.br\/noticias\/wp-json\/wp\/v2\/posts\/245671\/revisions"}],"predecessor-version":[{"id":245679,"href":"https:\/\/franciscanos.org.br\/noticias\/wp-json\/wp\/v2\/posts\/245671\/revisions\/245679"}],"wp:featuredmedia":[{"embeddable":true,"href":"https:\/\/franciscanos.org.br\/noticias\/wp-json\/wp\/v2\/media\/245680"}],"wp:attachment":[{"href":"https:\/\/franciscanos.org.br\/noticias\/wp-json\/wp\/v2\/media?parent=245671"}],"wp:term":[{"taxonomy":"category","embeddable":true,"href":"https:\/\/franciscanos.org.br\/noticias\/wp-json\/wp\/v2\/categories?post=245671"},{"taxonomy":"post_tag","embeddable":true,"href":"https:\/\/franciscanos.org.br\/noticias\/wp-json\/wp\/v2\/tags?post=245671"}],"curies":[{"name":"wp","href":"https:\/\/api.w.org\/{rel}","templated":true}]}}