{"id":245655,"date":"2023-12-18T00:02:29","date_gmt":"2023-12-18T03:02:29","guid":{"rendered":"https:\/\/franciscanos.org.br\/noticias\/?p=245655"},"modified":"2023-12-18T08:42:41","modified_gmt":"2023-12-18T11:42:41","slug":"800-anos-de-greccio-comeca-a-indulgencia-plenaria-em-8-de-dezembro","status":"publish","type":"post","link":"https:\/\/franciscanos.org.br\/noticias\/800-anos-de-greccio-comeca-a-indulgencia-plenaria-em-8-de-dezembro.html","title":{"rendered":"800 anos de Greccio: Come\u00e7a a Indulg\u00eancia Plen\u00e1ria"},"content":{"rendered":"<p><img loading=\"lazy\" class=\"alignnone size-full wp-image-245656\" src=\"https:\/\/franciscanos.org.br\/noticias\/wp-content\/uploads\/2023\/12\/GRECCIO.jpg\" alt=\"\" width=\"1287\" height=\"638\" srcset=\"https:\/\/franciscanos.org.br\/noticias\/wp-content\/uploads\/2023\/12\/GRECCIO.jpg 1287w, https:\/\/franciscanos.org.br\/noticias\/wp-content\/uploads\/2023\/12\/GRECCIO-450x223.jpg 450w, https:\/\/franciscanos.org.br\/noticias\/wp-content\/uploads\/2023\/12\/GRECCIO-1024x508.jpg 1024w, https:\/\/franciscanos.org.br\/noticias\/wp-content\/uploads\/2023\/12\/GRECCIO-768x381.jpg 768w, https:\/\/franciscanos.org.br\/noticias\/wp-content\/uploads\/2023\/12\/GRECCIO-150x74.jpg 150w\" sizes=\"(max-width: 1287px) 100vw, 1287px\" \/><\/p>\n<p>Por ocasi\u00e3o do 800\u00ba anivers\u00e1rio do \u201cNatal de Greccio\u201d, a Penitenci\u00e1ria Apost\u00f3lica concedeu indulg\u00eancia plen\u00e1ria a todos os fi\u00e9is que, de 8 de dezembro de 2023 (solenidade da Imaculada Concei\u00e7\u00e3o da Bem-Aventurada Virgem Maria) a 2 de fevereiro de 2024 (festa da Apresenta\u00e7\u00e3o no Templo de Nosso Senhor Jesus Cristo) visitarem um pres\u00e9pio numa igreja confiada aos frades franciscanos de todo o mundo.<\/p>\n<p>A Fam\u00edlia Franciscana encaminhou o pedido ao Santo Padre no passado dia 17 de abril, \u201cpara promover a renova\u00e7\u00e3o espiritual dos fi\u00e9is e aumentar a vida de gra\u00e7a\u201d, l\u00ea-se na peti\u00e7\u00e3o enviada \u00e0 Penitenci\u00e1ria Apost\u00f3lica. \u201cAo parar em ora\u00e7\u00e3o diante dos pres\u00e9pios, os fi\u00e9is podem obter a indulg\u00eancia plen\u00e1ria nas condi\u00e7\u00f5es habituais. Da mesma forma, aqueles que est\u00e3o doentes ou incapazes de participar fisicamente podem igualmente beneficiar-se do dom da indulg\u00eancia plen\u00e1ria, oferecendo os seus sofrimentos ao Senhor ou realizando pr\u00e1ticas de piedade\u201d.<\/p>\n<p>Al\u00e9m das igrejas franciscanas da Prov\u00edncia da Imaculada Concei\u00e7\u00e3o dos Frades Menores, os fi\u00e9is podem visitar todas as igrejas sob os cuidados pastorais da Fam\u00edlia Franciscana.<\/p>\n<h2 style=\"text-align: center;\"><strong>INDULG\u00caNCIA DE GRECCIO<\/strong><\/h2>\n<h2 style=\"text-align: center;\"><strong><em>promo\u00e7\u00e3o da gra\u00e7a e aux\u00edlio pastoral<\/em><\/strong><\/h2>\n<p>Como \u00e9 de conhecimento de todos, o Papa Francisco, atrav\u00e9s da Penitenciaria Apost\u00f3lica, concedeu, a pedido dos superiores da Fam\u00edlia Franciscana, a possibilidade de que, nas igrejas ligadas aos conventos e casas religiosas franciscanos e sob seus cuidados pastorais em todo o mundo, todos os fi\u00e9is que se colocarem diante de um pres\u00e9pio exposto e ali se entregarem a um tempo de devota ora\u00e7\u00e3o, poder\u00e3o lucrar a gra\u00e7a da <strong>Indulg\u00eancia Plen\u00e1ria de Greccio<\/strong>. Tal gra\u00e7a ser\u00e1 concedida entre os dias <strong>8 de dezembro de 2023<\/strong> (Solenidade da Imaculada Concei\u00e7\u00e3o da Bem-aventurada Virgem Maria) <strong>e 2 de fevereiro de 2024<\/strong> (Festa da Apresenta\u00e7\u00e3o do Senhor).<\/p>\n<p>As j\u00e1 conhecidas disposi\u00e7\u00f5es para a aquisi\u00e7\u00e3o da Indulg\u00eancia de Greccio, al\u00e9m da <strong>visita a uma igreja franciscana e um momento de ora\u00e7\u00e3o diante do pres\u00e9pio<\/strong>, s\u00e3o:<\/p>\n<ul>\n<li>celebrar a <strong>Confiss\u00e3o sacramental<\/strong>;<\/li>\n<li>participar da <strong>sagrada Comunh\u00e3o<\/strong>, preferencialmente na Santa Missa;<\/li>\n<li>rezar pelas <strong>inten\u00e7\u00f5es do Papa<\/strong>, sugerindo-se o Pai Nosso e a Ave Maria, mas podendo ser qualquer ora\u00e7\u00e3o \u00e0 escolha do fiel.<\/li>\n<\/ul>\n<p>Importa recordar que estas disposi\u00e7\u00f5es n\u00e3o precisam, necessariamente, ser cumpridas no dia da visita \u00e0 igreja e ao pres\u00e9pio, mas podendo ser algum tempo antes ou depois \u2013 cerca de 20 dias.<\/p>\n<p>Estas s\u00e3o as disposi\u00e7\u00f5es pr\u00e1ticas que, certamente, sem a devida consci\u00eancia e instru\u00e7\u00e3o, podem se tornar meras regras a serem cumpridas passo-a-passo sem que sejam assumidas como um modo de viver o processo de convers\u00e3o ao Evangelho, de identifica\u00e7\u00e3o com a vida de Jesus e transforma\u00e7\u00e3o da pessoa \u00e0 semelhan\u00e7a com Deus, especialmente no seu modo de estabelecer rela\u00e7\u00e3o com a humanidade marcado pelo <strong>amor<\/strong>, <strong>miseric\u00f3rdia<\/strong> e <strong>comunh\u00e3o<\/strong>. N\u00e3o sem motivo, as tr\u00eas disposi\u00e7\u00f5es para lucrar a Indulg\u00eancia Plen\u00e1ria se relacionam com estas tr\u00eas dimens\u00f5es.<\/p>\n<p>Assim, para auxiliar na a\u00e7\u00e3o evangelizadora em nossas presen\u00e7as, de modo que a promo\u00e7\u00e3o da gra\u00e7a da Indulg\u00eancia de Greccio seja marcada por uma consciente e saud\u00e1vel experi\u00eancia crist\u00e3, importa ressaltar alguns aspectos da doutrina sobre as indulg\u00eancias.<\/p>\n<p>Nas indulg\u00eancias se manifesta a plenitude da miseric\u00f3rdia do Pai, que vem ao encontro de todos com o seu amor, manifesto principalmente no perd\u00e3o das culpas. Este perd\u00e3o \u00e9 concedido ordinariamente por meio do sacramento da Penit\u00eancia quando o fiel celebra sua confiss\u00e3o sacramental. Isso porque o pecado grave separa o fiel da vida da gra\u00e7a com Deus, n\u00e3o porque Deus o puna, mas porque o fiel assim escolheu viver, afastando-se da santidade a que \u00e9 chamado. A Igreja, ao ser dotada por Cristo com a gra\u00e7a de perdoar em seu nome, \u00e9 no mundo, a presen\u00e7a viva do Seu amor que se inclina sobre toda a fraqueza humana para a acolher no abra\u00e7o da sua miseric\u00f3rdia aqueles que O buscam.<\/p>\n<p>O sacramento da Penit\u00eancia oferece ao pecador uma nova possibilidade de se converter e ser inserido novamente na plena participa\u00e7\u00e3o da vida da Igreja. Perdoado, ele recupera a comunh\u00e3o com o Pai e com a Igreja, especialmente com a retomada da participa\u00e7\u00e3o da Eucaristia. Entretanto, a Igreja est\u00e1 convencida de que o perd\u00e3o, concedido gratuitamente por Deus, implica como consequ\u00eancia uma real mudan\u00e7a de vida, o compromisso de progressivamente romper com o mal interior renovando a pr\u00f3pria exist\u00eancia. <strong>O ato sacramental, deste modo, deve ser acompanhado por um ato existencial<\/strong>. Se o sacramento da Penit\u00eancia perdoa a culpa diante da decis\u00e3o de pecar, a indulg\u00eancia auxiliar\u00e1 na <strong>cura da pena temporal consequente do pecado<\/strong>, que se d\u00e1 pelo compromisso e busca do fiel pela convers\u00e3o, mas que \u00e9 auxiliada pela gra\u00e7a de Deus que n\u00e3o nos deixa sozinhos nesta caminhada.<\/p>\n<p>Importa reafirmar este \u00faltimo aspecto. O fiel n\u00e3o est\u00e1 sozinho em seu caminho de convers\u00e3o. Em Cristo e por Cristo, a sua vida encontra-se ligada por um v\u00ednculo misterioso \u00e0 vida de todos os outros crist\u00e3os na unidade do Corpo m\u00edstico de Cristo. Se Cristo, atrav\u00e9s da Igreja, nos concede o aux\u00edlio sobrenatural no processo de convers\u00e3o atrav\u00e9s das indulg\u00eancias, elas n\u00e3o s\u00e3o lucradas apenas em favor de um \u00fanico indiv\u00edduo, mas se tornam patrim\u00f4nio de bens espirituais a ser compartilhado por todos os membros da Igreja em virtude do qual a santidade de um \u00e9 de proveito aos outros numa medida muito superior ao dano que o pecado de um p\u00f4de causar aos demais. H\u00e1 pessoas que deixam atr\u00e1s de si uma esp\u00e9cie de saldo de amor, sofrimento suportado, pureza e verdade, que atrai e sustenta os outros. Cada passo neste caminho de convers\u00e3o, portanto, \u00e9 possibilidade de aux\u00edlio \u00e0s outras pessoas em seu pr\u00f3prio processo de convers\u00e3o.<\/p>\n<p><strong>Uma imagem<\/strong> que ilustra bem o suficiente esta doutrina \u00e9 a de um belo vitral que enche os olhos de todos que o contemplam e que, por algum motivo, algu\u00e9m decide arremessar uma pedra e destruir parte da obra de arte. A decis\u00e3o e o gesto foi individual, mas o dano atingiu a contempla\u00e7\u00e3o de todos. Uma vez arrependido de seu ato, aquele que provocou o estrago se disp\u00f5e a pedir perd\u00e3o ao Dono do vitral que, movido pela bondade, n\u00e3o se nega a perdo\u00e1-lo. Entretanto, a cura da culpa n\u00e3o significa, ainda, que o dano causado foi reparado. Aquele que se arrependeu far\u00e1 uso do que lhe for poss\u00edvel para consertar o vitral e restaurar sua beleza. Ciente de que as ferramentas do Dono do vitral s\u00e3o as mais adequadas e mais eficientes para o trabalho, far\u00e1 uso das mesmas para alcan\u00e7ar seu intento, n\u00e3o por obriga\u00e7\u00e3o, mas por querer ver a plena beleza do vitral outra vez n\u00e3o apenas para seus olhos, mas para todos. E seus esfor\u00e7os, assim como toda sua hist\u00f3ria de transforma\u00e7\u00e3o, ser\u00e1 testemunho e contributo a todos que dela souberem, sendo beneficiados n\u00e3o somente por poder contemplar a beleza da obra de arte outra vez, mas tamb\u00e9m por saberem, agora, que \u00e9 poss\u00edvel restaurar os danos que cada um possa, por sua vez, ter provocado e do qual se arrepende.<\/p>\n<p>A partir destes aspectos torna-se evidente que <strong>as indulg\u00eancias n\u00e3o s\u00e3o atos a serem cumpridos <em>pro forma<\/em> em vista de um bem exclusivo e m\u00e1gico, mas express\u00e3o graciosa daquilo que todos buscamos viver e testemunhar quando livremente decidimos ser e permanecer membros da Igreja e disc\u00edpulos de Jesus Cristo.<\/strong><\/p>\n<p>Na pr\u00e1tica pastoral, a fim de n\u00e3o se incentivar uma piedade pouco saud\u00e1vel e por demais intimista, seria aconselh\u00e1vel dedicar algum tempo a explicar o que a Igreja entende por indulg\u00eancias e, talvez ajude, reafirmar que estas s\u00e3o apenas uma das pr\u00e1ticas poss\u00edveis \u00e0 caminhada crist\u00e3. Certamente, aqueles que as praticam e buscam gozam do aux\u00edlio divino por adotarem para si as pr\u00e1ticas propostas pela Igreja Universal a todos os seus membros, todas elas capazes de conceder indulg\u00eancias como a ora\u00e7\u00e3o do ter\u00e7o, a leitura e medita\u00e7\u00e3o da Palavra de Deus, a visita ao cemit\u00e9rio e a ora\u00e7\u00e3o pelos fi\u00e9is defuntos, assim como outras obras de miseric\u00f3rdia&#8230;<\/p>\n<p>Portanto, a Indulg\u00eancia de Greccio, assim como outras formas de participar da gra\u00e7a das indulg\u00eancias, \u00e9 rica oportunidade, express\u00e3o da generosa miss\u00e3o salv\u00edfica de Cristo da qual a Igreja participa, concedida aos fi\u00e9is para prosseguir em sua caminhada de convers\u00e3o de vida em fidelidade \u00e0 voca\u00e7\u00e3o de santidade que todos partilhamos pelo Batismo e muito querida e desejada por nosso Ser\u00e1fico Pai S\u00e3o Francisco de Assis para todos os homens e mulheres do mundo.<\/p>\n<p><img loading=\"lazy\" class=\"alignnone size-full wp-image-245657\" src=\"https:\/\/franciscanos.org.br\/noticias\/wp-content\/uploads\/2023\/12\/decreto_Indulgenza_plenaria_Natale_di_Greccio.jpg\" alt=\"\" width=\"1920\" height=\"1357\" srcset=\"https:\/\/franciscanos.org.br\/noticias\/wp-content\/uploads\/2023\/12\/decreto_Indulgenza_plenaria_Natale_di_Greccio.jpg 1528w, https:\/\/franciscanos.org.br\/noticias\/wp-content\/uploads\/2023\/12\/decreto_Indulgenza_plenaria_Natale_di_Greccio-450x318.jpg 450w, https:\/\/franciscanos.org.br\/noticias\/wp-content\/uploads\/2023\/12\/decreto_Indulgenza_plenaria_Natale_di_Greccio-1024x724.jpg 1024w, https:\/\/franciscanos.org.br\/noticias\/wp-content\/uploads\/2023\/12\/decreto_Indulgenza_plenaria_Natale_di_Greccio-768x543.jpg 768w, https:\/\/franciscanos.org.br\/noticias\/wp-content\/uploads\/2023\/12\/decreto_Indulgenza_plenaria_Natale_di_Greccio-1536x1086.jpg 1536w, https:\/\/franciscanos.org.br\/noticias\/wp-content\/uploads\/2023\/12\/decreto_Indulgenza_plenaria_Natale_di_Greccio-150x106.jpg 150w, https:\/\/franciscanos.org.br\/noticias\/wp-content\/uploads\/2023\/12\/decreto_Indulgenza_plenaria_Natale_di_Greccio-460x325.jpg 460w\" sizes=\"(max-width: 1920px) 100vw, 1920px\" \/><\/p>\n<h2>O decreto<\/h2>\n<p>Prot. N. 03142\/2023-413\/23\/I<br \/>\nDECRETO<br \/>\nA Penitenciaria Apost\u00f3lica, desejando incrementar a piedade dos fi\u00e9is e a salva\u00e7\u00e3o das almas, em virtudes das faculdades a ela concedidas de modo especial\u00edssimo por Sua Santidade, Francisco, Nosso Pai em Cristo e pela Divina Provid\u00eancia, Papa, levando em considera\u00e7\u00e3o as s\u00faplicas recentemente apresentadas pelos Reverend\u00edssimos Padres Ministros Gerais da Confer\u00eancia da Fam\u00edlia<br \/>\nFranciscana, no octingent\u00e9simo anivers\u00e1rio da representa\u00e7\u00e3o do Pres\u00e9pio que S\u00e3o Francisco criou por primeira vez em Greccio no ano de 1223, recorrendo aos celestes tesouros da Igreja, concede benignamente a Indulg\u00eancia Plen\u00e1ria seguindo as condi\u00e7\u00f5es habituais (Confiss\u00e3o sacramental, Comunh\u00e3o eucar\u00edstica e ora\u00e7\u00e3o segundo as inten\u00e7\u00f5es do Santo Padre) a ser lucrada pelos fi\u00e9is arrependidos e movidos pelo amor Divino, a partir da Solenidade da Imaculada Concei\u00e7\u00e3o da Beata Virgem Maria, dia 8 de dezembro de 2023, at\u00e9 o dia solene da Apresenta\u00e7\u00e3o do Senhor, no dia 2 de<br \/>\nfevereiro de 2024, que podem ser aplicadas, em modo de sufr\u00e1gio, tamb\u00e9m pelas almas dos fi\u00e9is que est\u00e3o no Purgat\u00f3rio, se visitam como peregrinos qualquer Igreja franciscana em todo o mundo, em grupo ou individualmente, e participem devotamente aos ritos jubilares, ou pelo menos que contemplem o Pres\u00e9pio a\u00ed preparado, transcorrendo um per\u00edodo de tempo em pia medita\u00e7\u00e3o, concluindo com o<br \/>\nPater Noster, o S\u00edmbolo da F\u00e9 e as invoca\u00e7\u00f5es \u00e0 Sagrada Fam\u00edlia de Jesus, Maria, Jos\u00e9 e S\u00e3o Francisco de Assis.<\/p>\n<p>Os anci\u00e3os, enfermos e aqueles que por grave motivo n\u00e3o podem sair de casa, poder\u00e3o igualmente lucrar a Indulg\u00eancia Plen\u00e1ria se, com o completo desapego de cora\u00e7\u00e3o de qualquer pecado e com a inten\u00e7\u00e3o de cumprir, assim que seja poss\u00edvel, as tr\u00eas condi\u00e7\u00f5es habituais, participem espiritualmente das celebra\u00e7\u00f5es jubilares, com a oferta a Deus misericordioso das suas ora\u00e7\u00f5es, dores e sofrimentos da pr\u00f3pria vida.<br \/>\nPara que o acesso ao perd\u00e3o divino, por meio da Igreja, se realize de maneira mais abundante, esta Penitenciaria exorta vivamente aos Padres da Fam\u00edlia Franciscana que se esforcem com \u00e2nimo resoluto e generoso \u00e0s celebra\u00e7\u00f5es da Penit\u00eancia.<\/p>\n<p style=\"padding-left: 40px;\">O presente Decreto \u00e9 v\u00e1lido, n\u00e3o obstante quaisquer disposi\u00e7\u00f5es em contr\u00e1rio daquilo que foi escrito.<\/p>\n<p style=\"padding-left: 40px;\">Dado em Roma, na sede da Penitenciaria Apost\u00f3lica, no dia 14 de novembro do ano do Senhor de MMXXIII.<\/p>\n<h2><strong>IGREJAS E CONVENTOS DA PROV\u00cdNCIA FRANCISCANA DA IMACULADA CONCEI\u00c7\u00c3O<\/strong><\/h2>\n<p><span style=\"color: #ff0000;\"><strong>EM S\u00c3O PAULO<\/strong><\/span><\/p>\n<p><strong>PAR\u00d3QUIA S\u00c3O FRANCISCO DE ASSIS<br \/>\n<\/strong>Rua Borges Lagoa, 1209 \u2013 A<\/p>\n<p>Vila Clementino<br \/>\nS\u00e3o Paulo \u2013 SP<br \/>\nCEP. 04038-033<\/p>\n<p><strong>CONVENTO E SANTU\u00c1RIO S\u00c3O FRANCISCO<\/strong><br \/>\nLargo S\u00e3o Francisco, 133 \u2013 Centro<br \/>\nCEP: 01005-010<\/p>\n<p><strong>PAR\u00d3QUIA SANTO ANT\u00d4NIO DO PARI<\/strong><br \/>\nPra\u00e7a Padre Bento, s\/n, Pari<br \/>\nS\u00e3o Paulo \u2013 SP<br \/>\nCEP: 03031-050<\/p>\n<p><strong>PAR\u00d3QUIA BOM JESUS DOS AFLITOS<\/strong><br \/>\nRua P\u00e9ricles Pilar, 80<br \/>\nSorocaba \u2013 SP<br \/>\nCEP. 18020-100<\/p>\n<p><strong>FRATERNIDADE E POSTULANTADO FREI GALV\u00c3O<\/strong><br \/>\nAv. Integra\u00e7\u00e3o, 151<br \/>\nGuaratinguet\u00e1 \u2013 SP<br \/>\nCEP. 12522-030<\/p>\n<p><strong>SANTU\u00c1RIO FREI GALV\u00c3O<\/strong><br \/>\nAv. Jos\u00e9 Pereira da Cruz, 53<br \/>\nJardim do Vale I<br \/>\nGuaratinguet\u00e1 \u2013 SP<br \/>\nCEP 12519-411<\/p>\n<p><strong>PAR\u00d3QUIA SANTO ANT\u00d4NIO<\/strong><br \/>\nRua Afonso Simonetti, 11-40<br \/>\nBauru \u2013 SP<br \/>\nCEP. 17060-456<\/p>\n<p><strong>FRATERNIDADE DO SEMIN\u00c1RIO SANTO ANT\u00d4NIO<\/strong><br \/>\nEstrada de Piratininga, km 4<br \/>\nAcesso Frei Greg\u00f3rio Jonhscher<br \/>\nAgudos \u2013 SP<br \/>\nCEP. 17120-000<\/p>\n<p><strong><span style=\"color: #ff0000;\">NO ESP\u00cdRITO SANTO<\/span><\/strong><\/p>\n<p><strong>PAR\u00d3QUIA SANTA CLARA DE ASSIS<\/strong><br \/>\nRua Joaquim Lucas Sobrinho, n\u00ba 55<br \/>\nBairro de S\u00e3o Vicente \u2013 Colatina (ES)<br \/>\nCEP. 29700-433<\/p>\n<p><strong>PAR\u00d3QUIA NOSSA SENHORA DO ROS\u00c1RIO<\/strong><br \/>\nVILA VELHA \u2013 ES<br \/>\nRua Cabo Aylson Sim\u00f5es, 762<br \/>\nVila Velha \u2013 ES<br \/>\nCEP: 29107-034<\/p>\n<p><strong>CONVENTO DA PENHA<\/strong><br \/>\nRua Vasco Coutinho, s\/n \u2013 Prainha<br \/>\nCEP: 29100-231<br \/>\nVila Velha (ES)<\/p>\n<p><strong><span style=\"color: #ff0000;\">NO RIO DE JANEIRO<\/span><\/strong><\/p>\n<p><strong>PAR\u00d3QUIA S\u00c3O JO\u00c3O BATISTA<\/strong><br \/>\nPra\u00e7a Get\u00falio Vargas, s\/n<br \/>\nS\u00e3o Jo\u00e3o de Meriti<br \/>\nCEP. 25520-580<\/p>\n<p><strong>PAR\u00d3QUIA DO SAGRADO CORA\u00c7\u00c3O DE JESUS<\/strong><br \/>\nRua Montecaseros, 95 \u2013 CEP 25685-005<br \/>\nPetr\u00f3polis \u2013 RJ<br \/>\nCEP 25689-900<\/p>\n<p><strong>PAR\u00d3QUIA NOSSA SENHORA DA BOA VIAGEM<\/strong><br \/>\nEstrada da G\u00e1vea, 445 \u2013 Bairro da Rocinha<br \/>\nCEP 22451-265<\/p>\n<p><strong>CONVENTO SANTO ANT\u00d4NIO<\/strong><br \/>\nLargo da Carioca, s\/n \u2013 Centro<br \/>\nCEP. 20050-020<br \/>\nRio de Janeiro \u2013 RJ<\/p>\n<p><strong>PAR\u00d3QUIA PORCI\u00daNCULA DE SANT&#8217;ANA<\/strong><br \/>\nAvenida Roberto Silveira, 265 \u2013 Icara\u00ed<br \/>\nNiter\u00f3i \u2013 RJ<br \/>\nCEP: 24230-151<\/p>\n<p><strong>PAR\u00d3QUIA NOSSA SENHORA APARECIDA<\/strong><br \/>\nAv. Mirandela, 773<br \/>\nCEP. 26520-331<br \/>\nNil\u00f3polis \u2013 RJ<\/p>\n<p><strong>PAR\u00d3QUIA SANTA CLARA DE ASSIS<\/strong><br \/>\nRua Batista de Oliveira, Q. 68, L.04<br \/>\nCEP: 25266-210<br \/>\nVila Ema \u2013 Imbari\u00ea<br \/>\nDuque de Caxias \u2013 RJ<\/p>\n<p><strong>PAR\u00d3QUIA S\u00c3O FRANCISCO DE ASSIS<\/strong><br \/>\nPra\u00e7a Carmem Domingos Pinto<br \/>\nLote 5, Quadra 2, Campos El\u00edseos<br \/>\nDuque de Caxias (RJ)<br \/>\nCEP. 25225-174<\/p>\n<p><strong><span style=\"color: #ff0000;\">NO PARAN\u00c1<\/span><\/strong><\/p>\n<p><strong>PAR\u00d3QUIA BOM JESUS DOS PERD\u00d5ES<\/strong><br \/>\nPra\u00e7a Rui Barbosa, 149 \u2013 Centro<br \/>\nCep 85301-420<br \/>\nCuritiba \u2013 PR<br \/>\nFone: (41) 3281-7700<\/p>\n<p><strong>PAR\u00d3QUIA S\u00c3O PEDRO AP\u00d3STOLO<\/strong><br \/>\nRua Tocantins, 2265<br \/>\nCEP. 85501-272<\/p>\n<p>P<strong>AR\u00d3QUIA S\u00c3O FRANCISCO DE ASSIS<\/strong><br \/>\nEndere\u00e7o: Av. 15 de Novembro, 3593<br \/>\nCEP. 85560-000<br \/>\nChopinzinho \u2013 PR<\/p>\n<p><span style=\"color: #ff0000;\"><strong>EM SANTA CATARINA<\/strong><\/span><\/p>\n<p><strong>PAR\u00d3QUIA IMACULADA CONCEI\u00c7\u00c3O<\/strong><br \/>\nPra\u00e7a da Rep\u00fablica, s\/n<br \/>\nCuritibanos \u2013 SC<br \/>\nCEP: 89520-000<\/p>\n<p><strong>PAR\u00d3QUIA SANTO AMARO DA IMPERATRIZ<\/strong><br \/>\nPra\u00e7a S\u00e3o Francisco, 50<br \/>\nCEP. 88140-000<br \/>\nSanto Amaro da Imperatriz \u2013 SC<\/p>\n<p><strong>PAR\u00d3QUIA S\u00c3O FRANCISCO DE ASSIS<\/strong><br \/>\nRua Frei Bruno, s\/n, Centro<br \/>\nRodeio \u2013 SC<br \/>\nCEP. 89136-000<\/p>\n<p><strong>PAR\u00d3QUIA S\u00c3O JO\u00c3O BATISTA<\/strong><br \/>\nRua Rui Barbosa, 160<br \/>\nCEP. 89609-000<br \/>\nLuzerna \u2013 SC<\/p>\n<p><strong>CONVENTO PATROC\u00cdNIO DE S\u00c3O JOS\u00c9<\/strong><br \/>\nRua Lauro M\u00fcller, 298<br \/>\nCEP: 88501-130<br \/>\nLages \u2013 SC<\/p>\n<p><strong>PAR\u00d3QUIA S\u00c3O LUIZ GONZAGA<\/strong><br \/>\nRua da Matriz, 54<br \/>\nXAXIM \u2013 SC<br \/>\nCEP. 89825-000<\/p>\n<p><strong>PAR\u00d3QUIA SANTO EST\u00caV\u00c3O<\/strong><br \/>\nPra\u00e7a Frei Gabriel, 148<br \/>\nCEP: 88400-000<br \/>\nItuporanga &#8211; SC<\/p>\n<p><strong>PAR\u00d3QUIA SANTO ANT\u00d4NIO<\/strong><br \/>\nRua Padre Schuler, 81<br \/>\nFlorian\u00f3polis \u2013 SC<br \/>\nCEP. 88010-310<\/p>\n<p><strong>PAR\u00d3QUIA PATROC\u00cdNIO DE S\u00c3O JOS\u00c9<\/strong><br \/>\nRua Igua\u00e7u, 790<br \/>\nCEP. 89840-000<br \/>\nCoronel Freitas \u2013 SC<\/p>\n<p><strong>PAR\u00d3QUIA SANTA IN\u00caS<\/strong><br \/>\nRua 1400, 492<br \/>\nCEP. 88330-530<br \/>\nBalne\u00e1rio Cambori\u00fa \u2013 SC<\/p>\n<p><strong>PAR\u00d3QUIA S\u00c3O PEDRO AP\u00d3STOLO<\/strong><br \/>\nRua Aristiliano Ramos, s\/n<br \/>\nGaspar \u2013 SC<\/p>\n<p>P<strong>AR\u00d3QUIA NOSSA SENHORA DO ROS\u00c1RIO<\/strong><br \/>\nCONC\u00d3RDIA \u2013 SC<br \/>\nRua Marechal Deodoro, 473<br \/>\nCEP. 89700-000<\/p>\n<p><strong>PAR\u00d3QUIA NOSSA SENHORA APARECIDA<\/strong><br \/>\nRua Paris, 150 \u2013 Itoupava Norte<br \/>\nCEP. 89052-510<br \/>\nBlumenau \u2013 SC<\/p>\n","protected":false},"excerpt":{"rendered":"<p>800 anos de Greccio<\/p>\n","protected":false},"author":3,"featured_media":245656,"comment_status":"open","ping_status":"open","sticky":false,"template":"","format":"standard","meta":[],"categories":[1],"tags":[1556],"acf":[],"yoast_head":"<!-- This site is optimized with the Yoast SEO plugin v19.2 - https:\/\/yoast.com\/wordpress\/plugins\/seo\/ -->\n<title>800 anos de Greccio: Come\u00e7a a Indulg\u00eancia Plen\u00e1ria - Not\u00edcias - Franciscanos<\/title>\n<meta name=\"robots\" content=\"index, follow, max-snippet:-1, max-image-preview:large, max-video-preview:-1\" \/>\n<link rel=\"canonical\" href=\"https:\/\/franciscanos.org.br\/noticias\/800-anos-de-greccio-comeca-a-indulgencia-plenaria-em-8-de-dezembro.html\" \/>\n<meta property=\"og:locale\" content=\"pt_BR\" \/>\n<meta property=\"og:type\" content=\"article\" \/>\n<meta property=\"og:title\" content=\"800 anos de Greccio: Come\u00e7a a Indulg\u00eancia Plen\u00e1ria - Not\u00edcias - Franciscanos\" \/>\n<meta property=\"og:description\" content=\"800 anos de Greccio\" \/>\n<meta property=\"og:url\" content=\"https:\/\/franciscanos.org.br\/noticias\/800-anos-de-greccio-comeca-a-indulgencia-plenaria-em-8-de-dezembro.html\" \/>\n<meta property=\"og:site_name\" content=\"Not\u00edcias - Franciscanos\" \/>\n<meta property=\"article:published_time\" content=\"2023-12-18T03:02:29+00:00\" \/>\n<meta property=\"article:modified_time\" content=\"2023-12-18T11:42:41+00:00\" \/>\n<meta property=\"og:image\" content=\"https:\/\/franciscanos.org.br\/noticias\/wp-content\/uploads\/2023\/12\/GRECCIO.jpg\" \/>\n\t<meta property=\"og:image:width\" content=\"1287\" \/>\n\t<meta property=\"og:image:height\" content=\"638\" \/>\n\t<meta property=\"og:image:type\" content=\"image\/jpeg\" \/>\n<meta name=\"author\" content=\"moacir\" \/>\n<meta name=\"twitter:card\" content=\"summary_large_image\" \/>\n<meta name=\"twitter:label1\" content=\"Escrito por\" \/>\n\t<meta name=\"twitter:data1\" content=\"moacir\" \/>\n\t<meta name=\"twitter:label2\" content=\"Est. tempo de leitura\" \/>\n\t<meta name=\"twitter:data2\" content=\"13 minutos\" \/>\n<script type=\"application\/ld+json\" class=\"yoast-schema-graph\">{\"@context\":\"https:\/\/schema.org\",\"@graph\":[{\"@type\":\"WebSite\",\"@id\":\"https:\/\/franciscanos.org.br\/noticias\/#website\",\"url\":\"https:\/\/franciscanos.org.br\/noticias\/\",\"name\":\"Not\u00edcias - Franciscanos\",\"description\":\"Prov\u00edncia Franciscana da Imaculada Concei\u00e7\u00e3o do Brasil - Ordem dos Frades Menores - OFM\",\"potentialAction\":[{\"@type\":\"SearchAction\",\"target\":{\"@type\":\"EntryPoint\",\"urlTemplate\":\"https:\/\/franciscanos.org.br\/noticias\/?s={search_term_string}\"},\"query-input\":\"required name=search_term_string\"}],\"inLanguage\":\"pt-BR\"},{\"@type\":\"ImageObject\",\"inLanguage\":\"pt-BR\",\"@id\":\"https:\/\/franciscanos.org.br\/noticias\/800-anos-de-greccio-comeca-a-indulgencia-plenaria-em-8-de-dezembro.html#primaryimage\",\"url\":\"https:\/\/franciscanos.org.br\/noticias\/wp-content\/uploads\/2023\/12\/GRECCIO.jpg\",\"contentUrl\":\"https:\/\/franciscanos.org.br\/noticias\/wp-content\/uploads\/2023\/12\/GRECCIO.jpg\",\"width\":1287,\"height\":638},{\"@type\":\"WebPage\",\"@id\":\"https:\/\/franciscanos.org.br\/noticias\/800-anos-de-greccio-comeca-a-indulgencia-plenaria-em-8-de-dezembro.html#webpage\",\"url\":\"https:\/\/franciscanos.org.br\/noticias\/800-anos-de-greccio-comeca-a-indulgencia-plenaria-em-8-de-dezembro.html\",\"name\":\"800 anos de Greccio: Come\u00e7a a Indulg\u00eancia Plen\u00e1ria - Not\u00edcias - Franciscanos\",\"isPartOf\":{\"@id\":\"https:\/\/franciscanos.org.br\/noticias\/#website\"},\"primaryImageOfPage\":{\"@id\":\"https:\/\/franciscanos.org.br\/noticias\/800-anos-de-greccio-comeca-a-indulgencia-plenaria-em-8-de-dezembro.html#primaryimage\"},\"datePublished\":\"2023-12-18T03:02:29+00:00\",\"dateModified\":\"2023-12-18T11:42:41+00:00\",\"author\":{\"@id\":\"https:\/\/franciscanos.org.br\/noticias\/#\/schema\/person\/b5c8cba458c330ccff548b056e95a5d4\"},\"breadcrumb\":{\"@id\":\"https:\/\/franciscanos.org.br\/noticias\/800-anos-de-greccio-comeca-a-indulgencia-plenaria-em-8-de-dezembro.html#breadcrumb\"},\"inLanguage\":\"pt-BR\",\"potentialAction\":[{\"@type\":\"ReadAction\",\"target\":[\"https:\/\/franciscanos.org.br\/noticias\/800-anos-de-greccio-comeca-a-indulgencia-plenaria-em-8-de-dezembro.html\"]}]},{\"@type\":\"BreadcrumbList\",\"@id\":\"https:\/\/franciscanos.org.br\/noticias\/800-anos-de-greccio-comeca-a-indulgencia-plenaria-em-8-de-dezembro.html#breadcrumb\",\"itemListElement\":[{\"@type\":\"ListItem\",\"position\":1,\"name\":\"Home\",\"item\":\"https:\/\/franciscanos.org.br\/noticias\"},{\"@type\":\"ListItem\",\"position\":2,\"name\":\"800 anos de Greccio: Come\u00e7a a Indulg\u00eancia Plen\u00e1ria\"}]},{\"@type\":\"Person\",\"@id\":\"https:\/\/franciscanos.org.br\/noticias\/#\/schema\/person\/b5c8cba458c330ccff548b056e95a5d4\",\"name\":\"moacir\",\"image\":{\"@type\":\"ImageObject\",\"inLanguage\":\"pt-BR\",\"@id\":\"https:\/\/franciscanos.org.br\/noticias\/#\/schema\/person\/image\/\",\"url\":\"https:\/\/secure.gravatar.com\/avatar\/d08aa2ce4c8dd416d4479aa8536fcf64?s=96&d=mm&r=g\",\"contentUrl\":\"https:\/\/secure.gravatar.com\/avatar\/d08aa2ce4c8dd416d4479aa8536fcf64?s=96&d=mm&r=g\",\"caption\":\"moacir\"},\"url\":\"https:\/\/franciscanos.org.br\/noticias\/author\/moacir\"}]}<\/script>\n<!-- \/ Yoast SEO plugin. -->","yoast_head_json":{"title":"800 anos de Greccio: Come\u00e7a a Indulg\u00eancia Plen\u00e1ria - Not\u00edcias - Franciscanos","robots":{"index":"index","follow":"follow","max-snippet":"max-snippet:-1","max-image-preview":"max-image-preview:large","max-video-preview":"max-video-preview:-1"},"canonical":"https:\/\/franciscanos.org.br\/noticias\/800-anos-de-greccio-comeca-a-indulgencia-plenaria-em-8-de-dezembro.html","og_locale":"pt_BR","og_type":"article","og_title":"800 anos de Greccio: Come\u00e7a a Indulg\u00eancia Plen\u00e1ria - Not\u00edcias - Franciscanos","og_description":"800 anos de Greccio","og_url":"https:\/\/franciscanos.org.br\/noticias\/800-anos-de-greccio-comeca-a-indulgencia-plenaria-em-8-de-dezembro.html","og_site_name":"Not\u00edcias - Franciscanos","article_published_time":"2023-12-18T03:02:29+00:00","article_modified_time":"2023-12-18T11:42:41+00:00","og_image":[{"width":1287,"height":638,"url":"https:\/\/franciscanos.org.br\/noticias\/wp-content\/uploads\/2023\/12\/GRECCIO.jpg","type":"image\/jpeg"}],"author":"moacir","twitter_card":"summary_large_image","twitter_misc":{"Escrito por":"moacir","Est. tempo de leitura":"13 minutos"},"schema":{"@context":"https:\/\/schema.org","@graph":[{"@type":"WebSite","@id":"https:\/\/franciscanos.org.br\/noticias\/#website","url":"https:\/\/franciscanos.org.br\/noticias\/","name":"Not\u00edcias - Franciscanos","description":"Prov\u00edncia Franciscana da Imaculada Concei\u00e7\u00e3o do Brasil - Ordem dos Frades Menores - OFM","potentialAction":[{"@type":"SearchAction","target":{"@type":"EntryPoint","urlTemplate":"https:\/\/franciscanos.org.br\/noticias\/?s={search_term_string}"},"query-input":"required name=search_term_string"}],"inLanguage":"pt-BR"},{"@type":"ImageObject","inLanguage":"pt-BR","@id":"https:\/\/franciscanos.org.br\/noticias\/800-anos-de-greccio-comeca-a-indulgencia-plenaria-em-8-de-dezembro.html#primaryimage","url":"https:\/\/franciscanos.org.br\/noticias\/wp-content\/uploads\/2023\/12\/GRECCIO.jpg","contentUrl":"https:\/\/franciscanos.org.br\/noticias\/wp-content\/uploads\/2023\/12\/GRECCIO.jpg","width":1287,"height":638},{"@type":"WebPage","@id":"https:\/\/franciscanos.org.br\/noticias\/800-anos-de-greccio-comeca-a-indulgencia-plenaria-em-8-de-dezembro.html#webpage","url":"https:\/\/franciscanos.org.br\/noticias\/800-anos-de-greccio-comeca-a-indulgencia-plenaria-em-8-de-dezembro.html","name":"800 anos de Greccio: Come\u00e7a a Indulg\u00eancia Plen\u00e1ria - Not\u00edcias - Franciscanos","isPartOf":{"@id":"https:\/\/franciscanos.org.br\/noticias\/#website"},"primaryImageOfPage":{"@id":"https:\/\/franciscanos.org.br\/noticias\/800-anos-de-greccio-comeca-a-indulgencia-plenaria-em-8-de-dezembro.html#primaryimage"},"datePublished":"2023-12-18T03:02:29+00:00","dateModified":"2023-12-18T11:42:41+00:00","author":{"@id":"https:\/\/franciscanos.org.br\/noticias\/#\/schema\/person\/b5c8cba458c330ccff548b056e95a5d4"},"breadcrumb":{"@id":"https:\/\/franciscanos.org.br\/noticias\/800-anos-de-greccio-comeca-a-indulgencia-plenaria-em-8-de-dezembro.html#breadcrumb"},"inLanguage":"pt-BR","potentialAction":[{"@type":"ReadAction","target":["https:\/\/franciscanos.org.br\/noticias\/800-anos-de-greccio-comeca-a-indulgencia-plenaria-em-8-de-dezembro.html"]}]},{"@type":"BreadcrumbList","@id":"https:\/\/franciscanos.org.br\/noticias\/800-anos-de-greccio-comeca-a-indulgencia-plenaria-em-8-de-dezembro.html#breadcrumb","itemListElement":[{"@type":"ListItem","position":1,"name":"Home","item":"https:\/\/franciscanos.org.br\/noticias"},{"@type":"ListItem","position":2,"name":"800 anos de Greccio: Come\u00e7a a Indulg\u00eancia Plen\u00e1ria"}]},{"@type":"Person","@id":"https:\/\/franciscanos.org.br\/noticias\/#\/schema\/person\/b5c8cba458c330ccff548b056e95a5d4","name":"moacir","image":{"@type":"ImageObject","inLanguage":"pt-BR","@id":"https:\/\/franciscanos.org.br\/noticias\/#\/schema\/person\/image\/","url":"https:\/\/secure.gravatar.com\/avatar\/d08aa2ce4c8dd416d4479aa8536fcf64?s=96&d=mm&r=g","contentUrl":"https:\/\/secure.gravatar.com\/avatar\/d08aa2ce4c8dd416d4479aa8536fcf64?s=96&d=mm&r=g","caption":"moacir"},"url":"https:\/\/franciscanos.org.br\/noticias\/author\/moacir"}]}},"_links":{"self":[{"href":"https:\/\/franciscanos.org.br\/noticias\/wp-json\/wp\/v2\/posts\/245655"}],"collection":[{"href":"https:\/\/franciscanos.org.br\/noticias\/wp-json\/wp\/v2\/posts"}],"about":[{"href":"https:\/\/franciscanos.org.br\/noticias\/wp-json\/wp\/v2\/types\/post"}],"author":[{"embeddable":true,"href":"https:\/\/franciscanos.org.br\/noticias\/wp-json\/wp\/v2\/users\/3"}],"replies":[{"embeddable":true,"href":"https:\/\/franciscanos.org.br\/noticias\/wp-json\/wp\/v2\/comments?post=245655"}],"version-history":[{"count":6,"href":"https:\/\/franciscanos.org.br\/noticias\/wp-json\/wp\/v2\/posts\/245655\/revisions"}],"predecessor-version":[{"id":245741,"href":"https:\/\/franciscanos.org.br\/noticias\/wp-json\/wp\/v2\/posts\/245655\/revisions\/245741"}],"wp:featuredmedia":[{"embeddable":true,"href":"https:\/\/franciscanos.org.br\/noticias\/wp-json\/wp\/v2\/media\/245656"}],"wp:attachment":[{"href":"https:\/\/franciscanos.org.br\/noticias\/wp-json\/wp\/v2\/media?parent=245655"}],"wp:term":[{"taxonomy":"category","embeddable":true,"href":"https:\/\/franciscanos.org.br\/noticias\/wp-json\/wp\/v2\/categories?post=245655"},{"taxonomy":"post_tag","embeddable":true,"href":"https:\/\/franciscanos.org.br\/noticias\/wp-json\/wp\/v2\/tags?post=245655"}],"curies":[{"name":"wp","href":"https:\/\/api.w.org\/{rel}","templated":true}]}}