{"id":245635,"date":"2023-11-30T09:19:48","date_gmt":"2023-11-30T12:19:48","guid":{"rendered":"https:\/\/franciscanos.org.br\/noticias\/?p=245635"},"modified":"2023-11-30T09:20:01","modified_gmt":"2023-11-30T12:20:01","slug":"papa-francisco-a-igreja-e-mulher-devemos-desmasculiniza-la","status":"publish","type":"post","link":"https:\/\/franciscanos.org.br\/noticias\/papa-francisco-a-igreja-e-mulher-devemos-desmasculiniza-la.html","title":{"rendered":"Papa Francisco: a Igreja \u00e9 &#8220;mulher&#8221;, devemos &#8220;desmasculiniz\u00e1-la&#8221;"},"content":{"rendered":"<div id=\"attachment_245636\" style=\"width: 987px\" class=\"wp-caption alignnone\"><img aria-describedby=\"caption-attachment-245636\" loading=\"lazy\" class=\"wp-image-245636\" src=\"https:\/\/franciscanos.org.br\/noticias\/wp-content\/uploads\/2023\/11\/papa_3011.jpeg\" alt=\"\" width=\"977\" height=\"550\" srcset=\"https:\/\/franciscanos.org.br\/noticias\/wp-content\/uploads\/2023\/11\/papa_3011.jpeg 750w, https:\/\/franciscanos.org.br\/noticias\/wp-content\/uploads\/2023\/11\/papa_3011-450x253.jpeg 450w, https:\/\/franciscanos.org.br\/noticias\/wp-content\/uploads\/2023\/11\/papa_3011-150x84.jpeg 150w\" sizes=\"(max-width: 977px) 100vw, 977px\" \/><p id=\"caption-attachment-245636\" class=\"wp-caption-text\"><em>O Papa em audi\u00eancia com os membros da Comiss\u00e3o Teol\u00f3gica Internacional (Vatican Media)<\/em><\/p><\/div>\n<p>&#8220;A Igreja \u00e9 mulher&#8221;. E &#8220;um dos grandes pecados que cometemos \u00e9 &#8216;masculinizar&#8217; a Igreja&#8221;. Devemos &#8220;desmasculiniz\u00e1-la&#8221; e faz\u00ea-lo a partir da teologia. O Papa se reuniu com os membros da Comiss\u00e3o Teol\u00f3gica Internacional, o \u00f3rg\u00e3o criado por Paulo VI na ent\u00e3o Congrega\u00e7\u00e3o para a Doutrina da F\u00e9 em 1969 &#8211; uma proposta da primeira assembleia do S\u00ednodo dos Bispos &#8211; para ajud\u00e1-la a examinar as quest\u00f5es doutrin\u00e1rias mais importantes.<\/p>\n<p><strong>A capacidade das mulheres para a reflex\u00e3o teol\u00f3gica<\/strong><br \/>\nRecuperando-se da inflama\u00e7\u00e3o em seus pulm\u00f5es, o Papa entregou o discurso preparado: &#8220;H\u00e1 um belo discurso aqui com aspectos teol\u00f3gicos, mas do jeito que estou, \u00e9 melhor n\u00e3o l\u00ea-lo&#8221;, disse Francisco. De modo espont\u00e2neo, no entanto, o Santo Padre compartilhou alguns pensamentos para reiterar a import\u00e2ncia da reflex\u00e3o teol\u00f3gica e agradecer \u00e0 Comiss\u00e3o por seu trabalho. O Papa fez quest\u00e3o de expressar uma observa\u00e7\u00e3o: &#8220;perdoem minha sinceridade!&#8221; &#8211; devido \u00e0 escassa presen\u00e7a de mulheres no grupo: &#8220;Uma, duas, tr\u00eas, quatro mulheres: coitadas! Elas est\u00e3o sozinhas! Ah, desculpe-me: cinco! Mas, quanto a isso, devemos seguir em frente.&#8221;<\/p>\n<p>As mulheres &#8220;t\u00eam uma capacidade de reflex\u00e3o teol\u00f3gica diferente da que n\u00f3s homens temos&#8221;, enfatizou o Papa, lembrando seus estudos dos livros de &#8220;uma boa mulher alem\u00e3&#8221;, a fil\u00f3sofa e escritora Hanna-Barbara Gerl, sobre Romano Guardini. &#8220;Ela havia estudado essa hist\u00f3ria e a teologia dessa mulher n\u00e3o \u00e9 t\u00e3o profunda, mas \u00e9 bela, \u00e9 criativa&#8221;.<\/p>\n<p><strong>O pecado de &#8220;masculinizar&#8221; a Igreja<\/strong><br \/>\nA &#8220;dimens\u00e3o feminina da Igreja&#8221;, acrescentou o Pont\u00edfice, ainda falando de improviso, &#8220;tamb\u00e9m estar\u00e1 no centro dos pr\u00f3ximos trabalhos do C9&#8221;, o grupo de cardeais que auxilia o Papa no governo da Igreja. O t\u00f3pico \u00e9, portanto, central porque &#8220;a Igreja \u00e9 mulher&#8221;.<\/p>\n<p>\u201cSe n\u00e3o entendermos o que \u00e9 uma mulher, o que \u00e9 a teologia de uma mulher, nunca entenderemos o que \u00e9 a Igreja. Um dos grandes pecados que cometemos foi &#8220;masculinizar&#8221; a Igreja.\u201d<\/p>\n<p><strong>Princ\u00edpio petrino e mariano<\/strong><br \/>\n&#8220;Isso n\u00e3o \u00e9 resolvido pela via ministerial; isso \u00e9 outra coisa&#8221;, enfatizou o Papa Francisco, referindo-se \u00e0s discuss\u00f5es sobre o sacerd\u00f3cio feminino. &#8220;\u00c9 solucionado pela via m\u00edstica, pela via real&#8221;, afirmou. Em seguida, o Papa refor\u00e7ou o &#8220;princ\u00edpio petrino e o princ\u00edpio mariano&#8221; da matriz balthasariana que lhe deu &#8220;tanta luz&#8221;. &#8220;Pode-se discutir isso, mas os dois princ\u00edpios est\u00e3o l\u00e1. \u00c9 mais importante o mariano do que o petrino, porque h\u00e1 a Igreja como noiva, a Igreja como mulher, sem se tornar masculina&#8221;, observou Francisco.<\/p>\n<p>\u201cE voc\u00eas podem se perguntar: para que serve esse discurso? N\u00e3o apenas para dizer que devemos ter mais mulheres aqui &#8211; este \u00e9 um ponto &#8211; mas para ajud\u00e1-los a refletir. A Igreja \u00e9 mulher, a Igreja \u00e9 noiva. E essa \u00e9 uma tarefa que pe\u00e7o a voc\u00eas, por favor. Desmasculinizem a Igreja.\u201d<\/p>\n<p>&#8220;Obrigado pelo que voc\u00eas fazem&#8221;, reitera o Papa, ao final, recitando com os presentes um Pai Nosso &#8220;cada um em sua l\u00edngua&#8221; e pedindo, como de costume, ora\u00e7\u00f5es: &#8220;Rezem por mim. Rezem a favor, n\u00e3o contra, porque este trabalho n\u00e3o \u00e9 f\u00e1cil&#8221;.<\/p>\n<p><strong>Convers\u00e3o mission\u00e1ria da Igreja<\/strong><br \/>\nNo discurso entregue aos membros da comiss\u00e3o, o Papa reflete sobre \u201co chamado a dedicar toda a energia do cora\u00e7\u00e3o e da mente a uma convers\u00e3o mission\u00e1ria da Igreja&#8221;. Francisco, destaca a mensagem contida em sua Carta dirigida ao novo Prefeito do Dicast\u00e9rio para a Doutrina da F\u00e9: &#8220;Precisamos de um modo de pensar que saiba apresentar de forma convincente um Deus que ama, que perdoa, que salva, que liberta, que promove as pessoas e as convoca para o servi\u00e7o fraterno&#8221; (1\u00ba de julho de 2023).<\/p>\n<p><strong>Uma teologia de baixo para cima<\/strong><br \/>\nO pedido do Papa aos membros da comiss\u00e3o \u00e9 para que se encarreguem, de forma qualificada, por meio da proposta de uma teologia evangelizadora, na promo\u00e7\u00e3o do di\u00e1logo com o mundo da cultura.<\/p>\n<p>\u201cE \u00e9 essencial que voc\u00eas, te\u00f3logos, fa\u00e7am isso em sintonia com o Povo de Deus, eu diria &#8220;de baixo para cima&#8221;, ou seja, com um olhar privilegiado para os pobres e os simples, e ao mesmo tempo se colocando &#8220;de joelhos&#8221;, porque a teologia nasce da adora\u00e7\u00e3o a Deus.\u201d<\/p>\n<p><strong>1700 anos do Conc\u00edlio de Nic\u00e9ia<\/strong><br \/>\nAo encorajar a continua\u00e7\u00e3o dos estudos sobre o Conc\u00edlio de Nic\u00e9ia, que no Jubileu de 2025 completar\u00e1 1700 anos, Francisco compartilha tr\u00eas motivos que tornam a redescoberta de Nic\u00e9ia promissora. O primeiro \u00e9 o motivo espiritual: \u201cem Nic\u00e9ia, a f\u00e9 foi professada em Jesus, o \u00fanico Filho do Pai: Aquele que se tornou homem por n\u00f3s e para nossa salva\u00e7\u00e3o \u00e9 Deus de Deus, luz da luz. Cabe aos te\u00f3logos espalhar novos e surpreendentes lampejos da luz eterna de Cristo na casa da Igreja e na escurid\u00e3o do mundo,\u201d ressalta o Pont\u00edfice.<\/p>\n<p><strong>Sinodalidade e ecumenismo<\/strong><br \/>\nO segundo motivo \u00e9 o sinodal. O Papa recorda que \u201co primeiro Conc\u00edlio ecum\u00eanico foi celebrado na Nic\u00e9ia, no qual a Igreja p\u00f4de expressar sua natureza, sua f\u00e9, sua miss\u00e3o, para ser sinal e instrumento da \u00edntima uni\u00e3o com Deus e da unidade de todo o g\u00eanero humano&#8221;.<\/p>\n<p>&#8220;A sinodalidade \u00e9 o caminho, o modo de traduzir em atitudes de comunh\u00e3o e processos de participa\u00e7\u00e3o a din\u00e2mica trinit\u00e1ria com a qual Deus, por meio de Cristo e no sopro do Esp\u00edrito Santo, vem ao encontro da humanidade. Aos te\u00f3logos \u00e9 confiada a grande responsabilidade de liberar a riqueza dessa maravilhosa energia humanizadora&#8221;.<\/p>\n<p>E por fim, o terceiro motivo que o Papa apresenta \u00e9 a ecum\u00eanica: \u201cComo n\u00e3o lembrar a extraordin\u00e1ria relev\u00e2ncia desse anivers\u00e1rio para a jornada rumo \u00e0 plena unidade crist\u00e3? N\u00e3o somente o S\u00edmbolo de Nic\u00e9ia une os disc\u00edpulos de Jesus, mas precisamente em 2025, providencialmente, a data da celebra\u00e7\u00e3o da P\u00e1scoa coincidir\u00e1 para todas as denomina\u00e7\u00f5es crist\u00e3s. Como seria belo se isso marcasse o in\u00edcio concreto de uma celebra\u00e7\u00e3o sempre comum da P\u00e1scoa!\u201d<\/p>\n<p>Francisco finaliza agradecendo a comiss\u00e3o pelos esfor\u00e7os realizados e encoraja \u201ca continuar os trabalhos para que a luz do Evangelho e da comunh\u00e3o possa brilhar mais intensamente&#8221;.<\/p>\n<hr \/>\n<p><em>Fonte: Vatican News<\/em><\/p>\n","protected":false},"excerpt":{"rendered":"<p>Audi\u00eancia com o Papa<\/p>\n","protected":false},"author":3,"featured_media":245636,"comment_status":"open","ping_status":"open","sticky":false,"template":"","format":"standard","meta":[],"categories":[1428],"tags":[55],"acf":[],"yoast_head":"<!-- This site is optimized with the Yoast SEO plugin v19.2 - https:\/\/yoast.com\/wordpress\/plugins\/seo\/ -->\n<title>Papa Francisco: a Igreja \u00e9 &quot;mulher&quot;, devemos &quot;desmasculiniz\u00e1-la&quot; - Not\u00edcias - Franciscanos<\/title>\n<meta name=\"robots\" content=\"index, follow, max-snippet:-1, max-image-preview:large, max-video-preview:-1\" \/>\n<link rel=\"canonical\" href=\"https:\/\/franciscanos.org.br\/noticias\/papa-francisco-a-igreja-e-mulher-devemos-desmasculiniza-la.html\" \/>\n<meta property=\"og:locale\" content=\"pt_BR\" \/>\n<meta property=\"og:type\" content=\"article\" \/>\n<meta property=\"og:title\" content=\"Papa Francisco: a Igreja \u00e9 &quot;mulher&quot;, devemos &quot;desmasculiniz\u00e1-la&quot; - Not\u00edcias - Franciscanos\" \/>\n<meta property=\"og:description\" content=\"Audi\u00eancia com o Papa\" \/>\n<meta property=\"og:url\" content=\"https:\/\/franciscanos.org.br\/noticias\/papa-francisco-a-igreja-e-mulher-devemos-desmasculiniza-la.html\" \/>\n<meta property=\"og:site_name\" content=\"Not\u00edcias - Franciscanos\" \/>\n<meta property=\"article:published_time\" content=\"2023-11-30T12:19:48+00:00\" \/>\n<meta property=\"article:modified_time\" content=\"2023-11-30T12:20:01+00:00\" \/>\n<meta property=\"og:image\" content=\"https:\/\/franciscanos.org.br\/noticias\/wp-content\/uploads\/2023\/11\/papa_3011.jpeg\" \/>\n\t<meta property=\"og:image:width\" content=\"750\" \/>\n\t<meta property=\"og:image:height\" content=\"422\" \/>\n\t<meta property=\"og:image:type\" content=\"image\/jpeg\" \/>\n<meta name=\"author\" content=\"moacir\" \/>\n<meta name=\"twitter:card\" content=\"summary_large_image\" \/>\n<meta name=\"twitter:label1\" content=\"Escrito por\" \/>\n\t<meta name=\"twitter:data1\" content=\"moacir\" \/>\n\t<meta name=\"twitter:label2\" content=\"Est. tempo de leitura\" \/>\n\t<meta name=\"twitter:data2\" content=\"5 minutos\" \/>\n<script type=\"application\/ld+json\" class=\"yoast-schema-graph\">{\"@context\":\"https:\/\/schema.org\",\"@graph\":[{\"@type\":\"WebSite\",\"@id\":\"https:\/\/franciscanos.org.br\/noticias\/#website\",\"url\":\"https:\/\/franciscanos.org.br\/noticias\/\",\"name\":\"Not\u00edcias - Franciscanos\",\"description\":\"Prov\u00edncia Franciscana da Imaculada Concei\u00e7\u00e3o do Brasil - Ordem dos Frades Menores - OFM\",\"potentialAction\":[{\"@type\":\"SearchAction\",\"target\":{\"@type\":\"EntryPoint\",\"urlTemplate\":\"https:\/\/franciscanos.org.br\/noticias\/?s={search_term_string}\"},\"query-input\":\"required name=search_term_string\"}],\"inLanguage\":\"pt-BR\"},{\"@type\":\"ImageObject\",\"inLanguage\":\"pt-BR\",\"@id\":\"https:\/\/franciscanos.org.br\/noticias\/papa-francisco-a-igreja-e-mulher-devemos-desmasculiniza-la.html#primaryimage\",\"url\":\"https:\/\/franciscanos.org.br\/noticias\/wp-content\/uploads\/2023\/11\/papa_3011.jpeg\",\"contentUrl\":\"https:\/\/franciscanos.org.br\/noticias\/wp-content\/uploads\/2023\/11\/papa_3011.jpeg\",\"width\":750,\"height\":422},{\"@type\":\"WebPage\",\"@id\":\"https:\/\/franciscanos.org.br\/noticias\/papa-francisco-a-igreja-e-mulher-devemos-desmasculiniza-la.html#webpage\",\"url\":\"https:\/\/franciscanos.org.br\/noticias\/papa-francisco-a-igreja-e-mulher-devemos-desmasculiniza-la.html\",\"name\":\"Papa Francisco: a Igreja \u00e9 \\\"mulher\\\", devemos \\\"desmasculiniz\u00e1-la\\\" - Not\u00edcias - Franciscanos\",\"isPartOf\":{\"@id\":\"https:\/\/franciscanos.org.br\/noticias\/#website\"},\"primaryImageOfPage\":{\"@id\":\"https:\/\/franciscanos.org.br\/noticias\/papa-francisco-a-igreja-e-mulher-devemos-desmasculiniza-la.html#primaryimage\"},\"datePublished\":\"2023-11-30T12:19:48+00:00\",\"dateModified\":\"2023-11-30T12:20:01+00:00\",\"author\":{\"@id\":\"https:\/\/franciscanos.org.br\/noticias\/#\/schema\/person\/b5c8cba458c330ccff548b056e95a5d4\"},\"breadcrumb\":{\"@id\":\"https:\/\/franciscanos.org.br\/noticias\/papa-francisco-a-igreja-e-mulher-devemos-desmasculiniza-la.html#breadcrumb\"},\"inLanguage\":\"pt-BR\",\"potentialAction\":[{\"@type\":\"ReadAction\",\"target\":[\"https:\/\/franciscanos.org.br\/noticias\/papa-francisco-a-igreja-e-mulher-devemos-desmasculiniza-la.html\"]}]},{\"@type\":\"BreadcrumbList\",\"@id\":\"https:\/\/franciscanos.org.br\/noticias\/papa-francisco-a-igreja-e-mulher-devemos-desmasculiniza-la.html#breadcrumb\",\"itemListElement\":[{\"@type\":\"ListItem\",\"position\":1,\"name\":\"Home\",\"item\":\"https:\/\/franciscanos.org.br\/noticias\"},{\"@type\":\"ListItem\",\"position\":2,\"name\":\"Papa Francisco: a Igreja \u00e9 &#8220;mulher&#8221;, devemos &#8220;desmasculiniz\u00e1-la&#8221;\"}]},{\"@type\":\"Person\",\"@id\":\"https:\/\/franciscanos.org.br\/noticias\/#\/schema\/person\/b5c8cba458c330ccff548b056e95a5d4\",\"name\":\"moacir\",\"image\":{\"@type\":\"ImageObject\",\"inLanguage\":\"pt-BR\",\"@id\":\"https:\/\/franciscanos.org.br\/noticias\/#\/schema\/person\/image\/\",\"url\":\"https:\/\/secure.gravatar.com\/avatar\/d08aa2ce4c8dd416d4479aa8536fcf64?s=96&d=mm&r=g\",\"contentUrl\":\"https:\/\/secure.gravatar.com\/avatar\/d08aa2ce4c8dd416d4479aa8536fcf64?s=96&d=mm&r=g\",\"caption\":\"moacir\"},\"url\":\"https:\/\/franciscanos.org.br\/noticias\/author\/moacir\"}]}<\/script>\n<!-- \/ Yoast SEO plugin. -->","yoast_head_json":{"title":"Papa Francisco: a Igreja \u00e9 \"mulher\", devemos \"desmasculiniz\u00e1-la\" - Not\u00edcias - Franciscanos","robots":{"index":"index","follow":"follow","max-snippet":"max-snippet:-1","max-image-preview":"max-image-preview:large","max-video-preview":"max-video-preview:-1"},"canonical":"https:\/\/franciscanos.org.br\/noticias\/papa-francisco-a-igreja-e-mulher-devemos-desmasculiniza-la.html","og_locale":"pt_BR","og_type":"article","og_title":"Papa Francisco: a Igreja \u00e9 \"mulher\", devemos \"desmasculiniz\u00e1-la\" - Not\u00edcias - Franciscanos","og_description":"Audi\u00eancia com o Papa","og_url":"https:\/\/franciscanos.org.br\/noticias\/papa-francisco-a-igreja-e-mulher-devemos-desmasculiniza-la.html","og_site_name":"Not\u00edcias - Franciscanos","article_published_time":"2023-11-30T12:19:48+00:00","article_modified_time":"2023-11-30T12:20:01+00:00","og_image":[{"width":750,"height":422,"url":"https:\/\/franciscanos.org.br\/noticias\/wp-content\/uploads\/2023\/11\/papa_3011.jpeg","type":"image\/jpeg"}],"author":"moacir","twitter_card":"summary_large_image","twitter_misc":{"Escrito por":"moacir","Est. tempo de leitura":"5 minutos"},"schema":{"@context":"https:\/\/schema.org","@graph":[{"@type":"WebSite","@id":"https:\/\/franciscanos.org.br\/noticias\/#website","url":"https:\/\/franciscanos.org.br\/noticias\/","name":"Not\u00edcias - Franciscanos","description":"Prov\u00edncia Franciscana da Imaculada Concei\u00e7\u00e3o do Brasil - Ordem dos Frades Menores - OFM","potentialAction":[{"@type":"SearchAction","target":{"@type":"EntryPoint","urlTemplate":"https:\/\/franciscanos.org.br\/noticias\/?s={search_term_string}"},"query-input":"required name=search_term_string"}],"inLanguage":"pt-BR"},{"@type":"ImageObject","inLanguage":"pt-BR","@id":"https:\/\/franciscanos.org.br\/noticias\/papa-francisco-a-igreja-e-mulher-devemos-desmasculiniza-la.html#primaryimage","url":"https:\/\/franciscanos.org.br\/noticias\/wp-content\/uploads\/2023\/11\/papa_3011.jpeg","contentUrl":"https:\/\/franciscanos.org.br\/noticias\/wp-content\/uploads\/2023\/11\/papa_3011.jpeg","width":750,"height":422},{"@type":"WebPage","@id":"https:\/\/franciscanos.org.br\/noticias\/papa-francisco-a-igreja-e-mulher-devemos-desmasculiniza-la.html#webpage","url":"https:\/\/franciscanos.org.br\/noticias\/papa-francisco-a-igreja-e-mulher-devemos-desmasculiniza-la.html","name":"Papa Francisco: a Igreja \u00e9 \"mulher\", devemos \"desmasculiniz\u00e1-la\" - Not\u00edcias - Franciscanos","isPartOf":{"@id":"https:\/\/franciscanos.org.br\/noticias\/#website"},"primaryImageOfPage":{"@id":"https:\/\/franciscanos.org.br\/noticias\/papa-francisco-a-igreja-e-mulher-devemos-desmasculiniza-la.html#primaryimage"},"datePublished":"2023-11-30T12:19:48+00:00","dateModified":"2023-11-30T12:20:01+00:00","author":{"@id":"https:\/\/franciscanos.org.br\/noticias\/#\/schema\/person\/b5c8cba458c330ccff548b056e95a5d4"},"breadcrumb":{"@id":"https:\/\/franciscanos.org.br\/noticias\/papa-francisco-a-igreja-e-mulher-devemos-desmasculiniza-la.html#breadcrumb"},"inLanguage":"pt-BR","potentialAction":[{"@type":"ReadAction","target":["https:\/\/franciscanos.org.br\/noticias\/papa-francisco-a-igreja-e-mulher-devemos-desmasculiniza-la.html"]}]},{"@type":"BreadcrumbList","@id":"https:\/\/franciscanos.org.br\/noticias\/papa-francisco-a-igreja-e-mulher-devemos-desmasculiniza-la.html#breadcrumb","itemListElement":[{"@type":"ListItem","position":1,"name":"Home","item":"https:\/\/franciscanos.org.br\/noticias"},{"@type":"ListItem","position":2,"name":"Papa Francisco: a Igreja \u00e9 &#8220;mulher&#8221;, devemos &#8220;desmasculiniz\u00e1-la&#8221;"}]},{"@type":"Person","@id":"https:\/\/franciscanos.org.br\/noticias\/#\/schema\/person\/b5c8cba458c330ccff548b056e95a5d4","name":"moacir","image":{"@type":"ImageObject","inLanguage":"pt-BR","@id":"https:\/\/franciscanos.org.br\/noticias\/#\/schema\/person\/image\/","url":"https:\/\/secure.gravatar.com\/avatar\/d08aa2ce4c8dd416d4479aa8536fcf64?s=96&d=mm&r=g","contentUrl":"https:\/\/secure.gravatar.com\/avatar\/d08aa2ce4c8dd416d4479aa8536fcf64?s=96&d=mm&r=g","caption":"moacir"},"url":"https:\/\/franciscanos.org.br\/noticias\/author\/moacir"}]}},"_links":{"self":[{"href":"https:\/\/franciscanos.org.br\/noticias\/wp-json\/wp\/v2\/posts\/245635"}],"collection":[{"href":"https:\/\/franciscanos.org.br\/noticias\/wp-json\/wp\/v2\/posts"}],"about":[{"href":"https:\/\/franciscanos.org.br\/noticias\/wp-json\/wp\/v2\/types\/post"}],"author":[{"embeddable":true,"href":"https:\/\/franciscanos.org.br\/noticias\/wp-json\/wp\/v2\/users\/3"}],"replies":[{"embeddable":true,"href":"https:\/\/franciscanos.org.br\/noticias\/wp-json\/wp\/v2\/comments?post=245635"}],"version-history":[{"count":2,"href":"https:\/\/franciscanos.org.br\/noticias\/wp-json\/wp\/v2\/posts\/245635\/revisions"}],"predecessor-version":[{"id":245638,"href":"https:\/\/franciscanos.org.br\/noticias\/wp-json\/wp\/v2\/posts\/245635\/revisions\/245638"}],"wp:featuredmedia":[{"embeddable":true,"href":"https:\/\/franciscanos.org.br\/noticias\/wp-json\/wp\/v2\/media\/245636"}],"wp:attachment":[{"href":"https:\/\/franciscanos.org.br\/noticias\/wp-json\/wp\/v2\/media?parent=245635"}],"wp:term":[{"taxonomy":"category","embeddable":true,"href":"https:\/\/franciscanos.org.br\/noticias\/wp-json\/wp\/v2\/categories?post=245635"},{"taxonomy":"post_tag","embeddable":true,"href":"https:\/\/franciscanos.org.br\/noticias\/wp-json\/wp\/v2\/tags?post=245635"}],"curies":[{"name":"wp","href":"https:\/\/api.w.org\/{rel}","templated":true}]}}