{"id":245630,"date":"2023-11-30T07:39:47","date_gmt":"2023-11-30T10:39:47","guid":{"rendered":"https:\/\/franciscanos.org.br\/noticias\/?p=245630"},"modified":"2023-11-30T07:42:29","modified_gmt":"2023-11-30T10:42:29","slug":"projeto-academico-presta-consultoria-gratuita-para-85-empresas-em-2023","status":"publish","type":"post","link":"https:\/\/franciscanos.org.br\/noticias\/projeto-academico-presta-consultoria-gratuita-para-85-empresas-em-2023.html","title":{"rendered":"Projeto acad\u00eamico presta consultoria gratuita para 85 empresas em 2023"},"content":{"rendered":"<p><img loading=\"lazy\" class=\"alignnone size-full wp-image-245631\" src=\"https:\/\/franciscanos.org.br\/noticias\/wp-content\/uploads\/2023\/11\/01.jpg\" alt=\"\" width=\"1280\" height=\"720\" srcset=\"https:\/\/franciscanos.org.br\/noticias\/wp-content\/uploads\/2023\/11\/01.jpg 1280w, https:\/\/franciscanos.org.br\/noticias\/wp-content\/uploads\/2023\/11\/01-450x253.jpg 450w, https:\/\/franciscanos.org.br\/noticias\/wp-content\/uploads\/2023\/11\/01-1024x576.jpg 1024w, https:\/\/franciscanos.org.br\/noticias\/wp-content\/uploads\/2023\/11\/01-768x432.jpg 768w, https:\/\/franciscanos.org.br\/noticias\/wp-content\/uploads\/2023\/11\/01-150x84.jpg 150w\" sizes=\"(max-width: 1280px) 100vw, 1280px\" \/><\/p>\n<p>Quatrocentos e dezessete estudantes de gradua\u00e7\u00e3o e p\u00f3s-gradua\u00e7\u00e3o da FAE Centro Universit\u00e1rio desenvolveram um diagn\u00f3stico das principais dificuldades de 85 pequenas e microempresas de Curitiba (PR) e regi\u00e3o. O servi\u00e7o gratuito prestado, com supervis\u00e3o de professores, faz parte do projeto Consultoria Solid\u00e1ria, desenvolvido pela FAE em parceria com Sebrae\/PR e a Fecom\u00e9rcio PR. Na segunda-feira, 27 de novembro, as institui\u00e7\u00f5es celebraram a conclus\u00e3o das atividades da segunda edi\u00e7\u00e3o com um balan\u00e7o positivo dos servi\u00e7os prestados.<\/p>\n<p>Evento contou com a apresenta\u00e7\u00e3o de quatro equipes sobre o processo de consultoria nos pequenos neg\u00f3cios. Fotos: Heron Godoy.<br \/>\nO Consultoria Solid\u00e1ria alia benef\u00edcios tanto para estudantes como para quem empreende: os alunos t\u00eam a oportunidade de experimentar na pr\u00e1tica o que aprendem na teoria com as consultorias gratuitas; e os empres\u00e1rios melhoram seus neg\u00f3cios com as dicas dos acad\u00eamicos, que s\u00e3o supervisionados pelos professores da FAE e recebem consultoria do Sebrae\/PR e da Fecom\u00e9rcio PR. As \u00e1reas de atua\u00e7\u00e3o v\u00e3o desde gest\u00e3o e planejamento financeiro at\u00e9 marketing \u2013 a depender da necessidade de cada empresa.<\/p>\n<p>Os participantes do evento sinalizaram o crescimento do Consultoria Solid\u00e1ria tanto no aumento do n\u00famero de alunos envolvidos como do n\u00famero de empresas beneficiadas. Participaram alunos da FAE de nove cursos (Administra\u00e7\u00e3o, Ci\u00eancias Cont\u00e1beis, Ci\u00eancia de Dados para Neg\u00f3cios, Ci\u00eancias Econ\u00f4micas, Comunica\u00e7\u00e3o Digital, Gest\u00e3o Comercial, Gest\u00e3o Financeira, Gest\u00e3o de Recursos Humanos e Log\u00edstica).<\/p>\n<p>Uma das equipes da segunda edi\u00e7\u00e3o, do curso de Administra\u00e7\u00e3o, prestou consultoria para a A\u00e7ucena Floricultura, de Colombo (PR). Com base no diagn\u00f3stico desenvolvido pelas alunas Ana Fl\u00e1via Falcone, Beatriz Francesca Voluz, Eduarda Akemi e Luciana Miho, percebeu-se que as principais dificuldades da empresa eram queda nas vendas em determinados per\u00edodos, falta de organiza\u00e7\u00e3o financeira, precifica\u00e7\u00e3o inadequada, aus\u00eancia de processos mais bem definidos e comunica\u00e7\u00e3o ineficaz.<\/p>\n<p>De posse do diagn\u00f3stico, as estudantes puderam elaborar um plano de a\u00e7\u00e3o para a empresa, com planejamento das atividades, acompanhamento das vendas para saber que tipos de plantas estavam sendo comercializados em determinadas \u00e9pocas, bem como desenvolver pesquisas para conhecer melhor o perfil do cliente da empresa. As propriet\u00e1rias da A\u00e7ucena, Kimberlly Zagiski e Julia Geus, contaram que h\u00e1 muito tempo enfrentavam dificuldades.<\/p>\n<div id=\"attachment_245632\" style=\"width: 1290px\" class=\"wp-caption alignnone\"><img aria-describedby=\"caption-attachment-245632\" loading=\"lazy\" class=\"wp-image-245632 size-full\" src=\"https:\/\/franciscanos.org.br\/noticias\/wp-content\/uploads\/2023\/11\/mannes.jpg\" alt=\"\" width=\"1280\" height=\"720\" srcset=\"https:\/\/franciscanos.org.br\/noticias\/wp-content\/uploads\/2023\/11\/mannes.jpg 1280w, https:\/\/franciscanos.org.br\/noticias\/wp-content\/uploads\/2023\/11\/mannes-450x253.jpg 450w, https:\/\/franciscanos.org.br\/noticias\/wp-content\/uploads\/2023\/11\/mannes-1024x576.jpg 1024w, https:\/\/franciscanos.org.br\/noticias\/wp-content\/uploads\/2023\/11\/mannes-768x432.jpg 768w, https:\/\/franciscanos.org.br\/noticias\/wp-content\/uploads\/2023\/11\/mannes-150x84.jpg 150w\" sizes=\"(max-width: 1280px) 100vw, 1280px\" \/><p id=\"caption-attachment-245632\" class=\"wp-caption-text\"><em>Frei Jo\u00e3o Mannes, presidente do Grupo Educacional Bom Jesus.<\/em><\/p><\/div>\n<p>\u201cN\u00f3s nos atent\u00e1vamos a coisas maiores e n\u00e3o pens\u00e1vamos que as menores, mais simples, seriam fundamentais. A equipe da FAE vem nos ajudando muito nisso\u201d, disse Kimberlly.<\/p>\n<p>De acordo com o professor da FAE e gestor operacional do Consultoria Solid\u00e1ria, Valter Pereira Francisco Filho, o projeto vem trazendo impactos positivos \u2013 tanto para empresas como para os estudantes \u2013 e agora est\u00e1 ainda mais significativo devido ao aumento do n\u00famero de participantes \u2013 de alunos, cursos e empres\u00e1rios.<\/p>\n<p>\u201cO projeto traz uma proposta de valor para as organiza\u00e7\u00f5es e, consequentemente, para a sociedade. Temos no meio acad\u00eamico uma grande capacidade para desenvolver as solu\u00e7\u00f5es de que os empreendedores precisam\u201d, afirmou.<\/p>\n<p>Ele ressaltou, ainda, que o principal a se considerar \u00e9 o aprendizado aliado \u00e0s transforma\u00e7\u00f5es na sociedade por meio dos empreendedores que veem melhorias nos seus neg\u00f3cios ap\u00f3s as consultorias.<\/p>\n<p>Gest\u00e3o e Neg\u00f3cios<br \/>\nO diretor-superintendente do Sebrae\/PR, Vitor Roberto Tioqueta, destacou a import\u00e2ncia do projeto Consultoria Solid\u00e1ria no sentido de que os empreendedores t\u00eam essa necessidade, constantemente.<\/p>\n<p>\u201cN\u00e3o se trata apenas de uma consultoria, mas sim de uma prepara\u00e7\u00e3o para o futuro dos alunos. O projeto une a teoria aprendida em sala de aula com a pr\u00e1tica e a viv\u00eancia junto com quem empreende. Mais conhecimento e gest\u00e3o impactam em empresas mais competitivas\u201d, destacou.<\/p>\n<p>O presidente da Fecom\u00e9rcio PR e vice-governador do Paran\u00e1, Darci Piana, lembrou que passou pelos bancos universit\u00e1rios da FAE, estudando Ci\u00eancias Econ\u00f4micas. Ele destacou que projetos como o de consultoria j\u00e1 eram desenvolvidos naquela \u00e9poca e que ainda representam muito para os empreendedores. Piana disse que, ao ajudar os empres\u00e1rios, automaticamente se contribui para o desenvolvimento econ\u00f4mico do pa\u00eds.<\/p>\n<p>\u201cO Consultoria Solid\u00e1ria \u00e9 fundamental para auxiliar essas empresas, que geram muitos empregos e a sustentabilidade de muitas fam\u00edlias. Um projeto como esse n\u00e3o tem pre\u00e7o, n\u00e3o s\u00f3 pelo que os estudantes aprendem, mas tamb\u00e9m para todas as empresas envolvidas\u201d, afirmou.<\/p>\n<p>Tamb\u00e9m participaram o diretor de Administra\u00e7\u00e3o e Finan\u00e7as do Sebrae\/PR, superintendente da Fecom\u00e9rcio, Luiz Gabardo Martins, o coordenador de Desenvolvimento Empresarial da Fecom\u00e9rcio, Rodrigo Schmidt, e o assessor da presid\u00eancia do \u00f3rg\u00e3o, Edson Guariza e Jos\u00e9 Gava Neto.<\/p>\n<p>O presidente do Grupo Educacional Bom Jesus, Frei Jo\u00e3o Mannes, afirmou que \u201c\u00e9 muito bom quando grandes institui\u00e7\u00f5es, movidas pelo esp\u00edrito da solidariedade, se unem em projetos que beneficiam toda a sociedade\u201d.<\/p>\n<p>O diretor-geral do Grupo Educacional e reitor da FAE, Jorge Ap\u00f3stolos Siarcos, ressaltou que o aprendizado para os alunos \u00e9 de extrema valia, al\u00e9m da contribui\u00e7\u00e3o para quem move o pa\u00eds.<\/p>\n<p>\u201cSabemos que os micro e pequenos empreendedores \u00e9 que levam a economia do pa\u00eds para a frente. Ent\u00e3o temos muito orgulho desse projeto\u201d, reiterou. Frei Claudino, coordenador do FAE Social, real\u00e7ou \u201co quanto o Projeto oportunizou aos alunos aprendizagens e, principalmente, viv\u00eancia do esp\u00edrito fraterno e solid\u00e1rio, junto \u00e0s empresas beneficiadas\u201d.<\/p>\n<hr \/>\n<p><em>Assessoria de imprensa da FAE e ASN PR<\/em><\/p>\n","protected":false},"excerpt":{"rendered":"<p>FAE Centro Universit\u00e1rio<\/p>\n","protected":false},"author":3,"featured_media":245631,"comment_status":"open","ping_status":"open","sticky":false,"template":"","format":"standard","meta":[],"categories":[1],"tags":[2186],"acf":[],"yoast_head":"<!-- This site is optimized with the Yoast SEO plugin v19.2 - https:\/\/yoast.com\/wordpress\/plugins\/seo\/ -->\n<title>Projeto acad\u00eamico presta consultoria gratuita para 85 empresas em 2023 - Not\u00edcias - Franciscanos<\/title>\n<meta name=\"robots\" content=\"index, follow, max-snippet:-1, max-image-preview:large, max-video-preview:-1\" \/>\n<link rel=\"canonical\" href=\"https:\/\/franciscanos.org.br\/noticias\/projeto-academico-presta-consultoria-gratuita-para-85-empresas-em-2023.html\" \/>\n<meta property=\"og:locale\" content=\"pt_BR\" \/>\n<meta property=\"og:type\" content=\"article\" \/>\n<meta property=\"og:title\" content=\"Projeto acad\u00eamico presta consultoria gratuita para 85 empresas em 2023 - Not\u00edcias - Franciscanos\" \/>\n<meta property=\"og:description\" content=\"FAE Centro Universit\u00e1rio\" \/>\n<meta property=\"og:url\" content=\"https:\/\/franciscanos.org.br\/noticias\/projeto-academico-presta-consultoria-gratuita-para-85-empresas-em-2023.html\" \/>\n<meta property=\"og:site_name\" content=\"Not\u00edcias - Franciscanos\" \/>\n<meta property=\"article:published_time\" content=\"2023-11-30T10:39:47+00:00\" \/>\n<meta property=\"article:modified_time\" content=\"2023-11-30T10:42:29+00:00\" \/>\n<meta property=\"og:image\" content=\"https:\/\/franciscanos.org.br\/noticias\/wp-content\/uploads\/2023\/11\/01.jpg\" \/>\n\t<meta property=\"og:image:width\" content=\"1280\" \/>\n\t<meta property=\"og:image:height\" content=\"720\" \/>\n\t<meta property=\"og:image:type\" content=\"image\/jpeg\" \/>\n<meta name=\"author\" content=\"moacir\" \/>\n<meta name=\"twitter:card\" content=\"summary_large_image\" \/>\n<meta name=\"twitter:label1\" content=\"Escrito por\" \/>\n\t<meta name=\"twitter:data1\" content=\"moacir\" \/>\n\t<meta name=\"twitter:label2\" content=\"Est. tempo de leitura\" \/>\n\t<meta name=\"twitter:data2\" content=\"5 minutos\" \/>\n<script type=\"application\/ld+json\" class=\"yoast-schema-graph\">{\"@context\":\"https:\/\/schema.org\",\"@graph\":[{\"@type\":\"WebSite\",\"@id\":\"https:\/\/franciscanos.org.br\/noticias\/#website\",\"url\":\"https:\/\/franciscanos.org.br\/noticias\/\",\"name\":\"Not\u00edcias - Franciscanos\",\"description\":\"Prov\u00edncia Franciscana da Imaculada Concei\u00e7\u00e3o do Brasil - Ordem dos Frades Menores - OFM\",\"potentialAction\":[{\"@type\":\"SearchAction\",\"target\":{\"@type\":\"EntryPoint\",\"urlTemplate\":\"https:\/\/franciscanos.org.br\/noticias\/?s={search_term_string}\"},\"query-input\":\"required name=search_term_string\"}],\"inLanguage\":\"pt-BR\"},{\"@type\":\"ImageObject\",\"inLanguage\":\"pt-BR\",\"@id\":\"https:\/\/franciscanos.org.br\/noticias\/projeto-academico-presta-consultoria-gratuita-para-85-empresas-em-2023.html#primaryimage\",\"url\":\"https:\/\/franciscanos.org.br\/noticias\/wp-content\/uploads\/2023\/11\/01.jpg\",\"contentUrl\":\"https:\/\/franciscanos.org.br\/noticias\/wp-content\/uploads\/2023\/11\/01.jpg\",\"width\":1280,\"height\":720},{\"@type\":\"WebPage\",\"@id\":\"https:\/\/franciscanos.org.br\/noticias\/projeto-academico-presta-consultoria-gratuita-para-85-empresas-em-2023.html#webpage\",\"url\":\"https:\/\/franciscanos.org.br\/noticias\/projeto-academico-presta-consultoria-gratuita-para-85-empresas-em-2023.html\",\"name\":\"Projeto acad\u00eamico presta consultoria gratuita para 85 empresas em 2023 - Not\u00edcias - Franciscanos\",\"isPartOf\":{\"@id\":\"https:\/\/franciscanos.org.br\/noticias\/#website\"},\"primaryImageOfPage\":{\"@id\":\"https:\/\/franciscanos.org.br\/noticias\/projeto-academico-presta-consultoria-gratuita-para-85-empresas-em-2023.html#primaryimage\"},\"datePublished\":\"2023-11-30T10:39:47+00:00\",\"dateModified\":\"2023-11-30T10:42:29+00:00\",\"author\":{\"@id\":\"https:\/\/franciscanos.org.br\/noticias\/#\/schema\/person\/b5c8cba458c330ccff548b056e95a5d4\"},\"breadcrumb\":{\"@id\":\"https:\/\/franciscanos.org.br\/noticias\/projeto-academico-presta-consultoria-gratuita-para-85-empresas-em-2023.html#breadcrumb\"},\"inLanguage\":\"pt-BR\",\"potentialAction\":[{\"@type\":\"ReadAction\",\"target\":[\"https:\/\/franciscanos.org.br\/noticias\/projeto-academico-presta-consultoria-gratuita-para-85-empresas-em-2023.html\"]}]},{\"@type\":\"BreadcrumbList\",\"@id\":\"https:\/\/franciscanos.org.br\/noticias\/projeto-academico-presta-consultoria-gratuita-para-85-empresas-em-2023.html#breadcrumb\",\"itemListElement\":[{\"@type\":\"ListItem\",\"position\":1,\"name\":\"Home\",\"item\":\"https:\/\/franciscanos.org.br\/noticias\"},{\"@type\":\"ListItem\",\"position\":2,\"name\":\"Projeto acad\u00eamico presta consultoria gratuita para 85 empresas em 2023\"}]},{\"@type\":\"Person\",\"@id\":\"https:\/\/franciscanos.org.br\/noticias\/#\/schema\/person\/b5c8cba458c330ccff548b056e95a5d4\",\"name\":\"moacir\",\"image\":{\"@type\":\"ImageObject\",\"inLanguage\":\"pt-BR\",\"@id\":\"https:\/\/franciscanos.org.br\/noticias\/#\/schema\/person\/image\/\",\"url\":\"https:\/\/secure.gravatar.com\/avatar\/d08aa2ce4c8dd416d4479aa8536fcf64?s=96&d=mm&r=g\",\"contentUrl\":\"https:\/\/secure.gravatar.com\/avatar\/d08aa2ce4c8dd416d4479aa8536fcf64?s=96&d=mm&r=g\",\"caption\":\"moacir\"},\"url\":\"https:\/\/franciscanos.org.br\/noticias\/author\/moacir\"}]}<\/script>\n<!-- \/ Yoast SEO plugin. -->","yoast_head_json":{"title":"Projeto acad\u00eamico presta consultoria gratuita para 85 empresas em 2023 - Not\u00edcias - Franciscanos","robots":{"index":"index","follow":"follow","max-snippet":"max-snippet:-1","max-image-preview":"max-image-preview:large","max-video-preview":"max-video-preview:-1"},"canonical":"https:\/\/franciscanos.org.br\/noticias\/projeto-academico-presta-consultoria-gratuita-para-85-empresas-em-2023.html","og_locale":"pt_BR","og_type":"article","og_title":"Projeto acad\u00eamico presta consultoria gratuita para 85 empresas em 2023 - Not\u00edcias - Franciscanos","og_description":"FAE Centro Universit\u00e1rio","og_url":"https:\/\/franciscanos.org.br\/noticias\/projeto-academico-presta-consultoria-gratuita-para-85-empresas-em-2023.html","og_site_name":"Not\u00edcias - Franciscanos","article_published_time":"2023-11-30T10:39:47+00:00","article_modified_time":"2023-11-30T10:42:29+00:00","og_image":[{"width":1280,"height":720,"url":"https:\/\/franciscanos.org.br\/noticias\/wp-content\/uploads\/2023\/11\/01.jpg","type":"image\/jpeg"}],"author":"moacir","twitter_card":"summary_large_image","twitter_misc":{"Escrito por":"moacir","Est. tempo de leitura":"5 minutos"},"schema":{"@context":"https:\/\/schema.org","@graph":[{"@type":"WebSite","@id":"https:\/\/franciscanos.org.br\/noticias\/#website","url":"https:\/\/franciscanos.org.br\/noticias\/","name":"Not\u00edcias - Franciscanos","description":"Prov\u00edncia Franciscana da Imaculada Concei\u00e7\u00e3o do Brasil - Ordem dos Frades Menores - OFM","potentialAction":[{"@type":"SearchAction","target":{"@type":"EntryPoint","urlTemplate":"https:\/\/franciscanos.org.br\/noticias\/?s={search_term_string}"},"query-input":"required name=search_term_string"}],"inLanguage":"pt-BR"},{"@type":"ImageObject","inLanguage":"pt-BR","@id":"https:\/\/franciscanos.org.br\/noticias\/projeto-academico-presta-consultoria-gratuita-para-85-empresas-em-2023.html#primaryimage","url":"https:\/\/franciscanos.org.br\/noticias\/wp-content\/uploads\/2023\/11\/01.jpg","contentUrl":"https:\/\/franciscanos.org.br\/noticias\/wp-content\/uploads\/2023\/11\/01.jpg","width":1280,"height":720},{"@type":"WebPage","@id":"https:\/\/franciscanos.org.br\/noticias\/projeto-academico-presta-consultoria-gratuita-para-85-empresas-em-2023.html#webpage","url":"https:\/\/franciscanos.org.br\/noticias\/projeto-academico-presta-consultoria-gratuita-para-85-empresas-em-2023.html","name":"Projeto acad\u00eamico presta consultoria gratuita para 85 empresas em 2023 - Not\u00edcias - Franciscanos","isPartOf":{"@id":"https:\/\/franciscanos.org.br\/noticias\/#website"},"primaryImageOfPage":{"@id":"https:\/\/franciscanos.org.br\/noticias\/projeto-academico-presta-consultoria-gratuita-para-85-empresas-em-2023.html#primaryimage"},"datePublished":"2023-11-30T10:39:47+00:00","dateModified":"2023-11-30T10:42:29+00:00","author":{"@id":"https:\/\/franciscanos.org.br\/noticias\/#\/schema\/person\/b5c8cba458c330ccff548b056e95a5d4"},"breadcrumb":{"@id":"https:\/\/franciscanos.org.br\/noticias\/projeto-academico-presta-consultoria-gratuita-para-85-empresas-em-2023.html#breadcrumb"},"inLanguage":"pt-BR","potentialAction":[{"@type":"ReadAction","target":["https:\/\/franciscanos.org.br\/noticias\/projeto-academico-presta-consultoria-gratuita-para-85-empresas-em-2023.html"]}]},{"@type":"BreadcrumbList","@id":"https:\/\/franciscanos.org.br\/noticias\/projeto-academico-presta-consultoria-gratuita-para-85-empresas-em-2023.html#breadcrumb","itemListElement":[{"@type":"ListItem","position":1,"name":"Home","item":"https:\/\/franciscanos.org.br\/noticias"},{"@type":"ListItem","position":2,"name":"Projeto acad\u00eamico presta consultoria gratuita para 85 empresas em 2023"}]},{"@type":"Person","@id":"https:\/\/franciscanos.org.br\/noticias\/#\/schema\/person\/b5c8cba458c330ccff548b056e95a5d4","name":"moacir","image":{"@type":"ImageObject","inLanguage":"pt-BR","@id":"https:\/\/franciscanos.org.br\/noticias\/#\/schema\/person\/image\/","url":"https:\/\/secure.gravatar.com\/avatar\/d08aa2ce4c8dd416d4479aa8536fcf64?s=96&d=mm&r=g","contentUrl":"https:\/\/secure.gravatar.com\/avatar\/d08aa2ce4c8dd416d4479aa8536fcf64?s=96&d=mm&r=g","caption":"moacir"},"url":"https:\/\/franciscanos.org.br\/noticias\/author\/moacir"}]}},"_links":{"self":[{"href":"https:\/\/franciscanos.org.br\/noticias\/wp-json\/wp\/v2\/posts\/245630"}],"collection":[{"href":"https:\/\/franciscanos.org.br\/noticias\/wp-json\/wp\/v2\/posts"}],"about":[{"href":"https:\/\/franciscanos.org.br\/noticias\/wp-json\/wp\/v2\/types\/post"}],"author":[{"embeddable":true,"href":"https:\/\/franciscanos.org.br\/noticias\/wp-json\/wp\/v2\/users\/3"}],"replies":[{"embeddable":true,"href":"https:\/\/franciscanos.org.br\/noticias\/wp-json\/wp\/v2\/comments?post=245630"}],"version-history":[{"count":2,"href":"https:\/\/franciscanos.org.br\/noticias\/wp-json\/wp\/v2\/posts\/245630\/revisions"}],"predecessor-version":[{"id":245634,"href":"https:\/\/franciscanos.org.br\/noticias\/wp-json\/wp\/v2\/posts\/245630\/revisions\/245634"}],"wp:featuredmedia":[{"embeddable":true,"href":"https:\/\/franciscanos.org.br\/noticias\/wp-json\/wp\/v2\/media\/245631"}],"wp:attachment":[{"href":"https:\/\/franciscanos.org.br\/noticias\/wp-json\/wp\/v2\/media?parent=245630"}],"wp:term":[{"taxonomy":"category","embeddable":true,"href":"https:\/\/franciscanos.org.br\/noticias\/wp-json\/wp\/v2\/categories?post=245630"},{"taxonomy":"post_tag","embeddable":true,"href":"https:\/\/franciscanos.org.br\/noticias\/wp-json\/wp\/v2\/tags?post=245630"}],"curies":[{"name":"wp","href":"https:\/\/api.w.org\/{rel}","templated":true}]}}