{"id":245622,"date":"2023-11-30T07:10:02","date_gmt":"2023-11-30T10:10:02","guid":{"rendered":"https:\/\/franciscanos.org.br\/noticias\/?p=245622"},"modified":"2023-11-30T07:14:07","modified_gmt":"2023-11-30T10:14:07","slug":"papa-a-familia-franciscana-evento-historico-para-reavivar-em-todos-voces-o-mesmo-espirito-que-inspirou-francisco-de-assis","status":"publish","type":"post","link":"https:\/\/franciscanos.org.br\/noticias\/papa-a-familia-franciscana-evento-historico-para-reavivar-em-todos-voces-o-mesmo-espirito-que-inspirou-francisco-de-assis.html","title":{"rendered":"Papa \u00e0 Fam\u00edlia Franciscana: evento hist\u00f3rico para reavivar o mesmo esp\u00edrito que inspirou Francisco de Assis"},"content":{"rendered":"<div id=\"attachment_245623\" style=\"width: 1099px\" class=\"wp-caption alignnone\"><img aria-describedby=\"caption-attachment-245623\" loading=\"lazy\" class=\"wp-image-245623\" src=\"https:\/\/franciscanos.org.br\/noticias\/wp-content\/uploads\/2023\/11\/papa.jpeg\" alt=\"\" width=\"1089\" height=\"613\" srcset=\"https:\/\/franciscanos.org.br\/noticias\/wp-content\/uploads\/2023\/11\/papa.jpeg 750w, https:\/\/franciscanos.org.br\/noticias\/wp-content\/uploads\/2023\/11\/papa-450x253.jpeg 450w, https:\/\/franciscanos.org.br\/noticias\/wp-content\/uploads\/2023\/11\/papa-150x84.jpeg 150w\" sizes=\"(max-width: 1089px) 100vw, 1089px\" \/><p id=\"caption-attachment-245623\" class=\"wp-caption-text\"><em>O Papa diante do t\u00famulo de S\u00e3o Francisco de Assis (Vatican Media)<\/em><\/p><\/div>\n<p><em>AOS MEMBROS DA FAM\u00cdLIA FRANCISCANA<\/em><\/p>\n<p>Queridos Irm\u00e3os e Irm\u00e3s,<\/p>\n<p>\u00c9 com alegria no cora\u00e7\u00e3o que desejo fazer-lhes chegar a minha sauda\u00e7\u00e3o e felicita\u00e7\u00e3o nessa ocasi\u00e3o t\u00e3o importante para a inteira Fam\u00edlia Franciscana, da qual desde o princ\u00edpio do meu Minist\u00e9rio Petrino sinto a viva presen\u00e7a orante e proximidade filial. O VIII centen\u00e1rio da confirma\u00e7\u00e3o da Regra dos Frades Menores, por parte do Papa Hon\u00f3rio III na Bas\u00edlica do Latr\u00e3o, ocorrida no dia 29 de novembro de 1223, \u00e9 uma ocasi\u00e3o prop\u00edcia n\u00e3o somente para recordar um evento hist\u00f3rico, mas sobretudo para reavivar em todos voc\u00eas o mesmo esp\u00edrito que inspirou Francisco de Assis a despojar-se de tudo, e dar origem a uma forma de vida \u00fanica e fascinante, que \u00e9 enraizada no Evangelho e vivida sem glosas. Que este jubileu possa ser para cada um o tempo de um renascimento interior, de um renovado envio mission\u00e1rio da Igreja que chama a sair ao encontro do mundo, l\u00e1 onde tantos irm\u00e3os e irm\u00e3s precisam ser consolados, amados e cuidados.<\/p>\n<p>Portanto, movido por tais sentimentos, desejo entregar-lhes algumas exorta\u00e7\u00f5es que nascem pr\u00f3prio das palavras do Pobrezinho de Assis, o qual prop\u00f5e aos seus frades de: \u201c[&#8230;] observar a pobreza e a humildade e o santo Evangelho de Nosso Senhor Jesus Cristo [&#8230;]\u201d (Regra Bulada XII,5Observar o santo Evangelho A Regra Bulada de fato come\u00e7a e termina fazendo refer\u00eancia expl\u00edcita ao Evangelho. As express\u00f5es de abertura s\u00e3o uma s\u00edntese iluminadora da inteira Regra: \u201cA Regra e vida dos Frades Menores \u00e9 essa: observar o santo Evangelho de Nosso Senhor Jesus Cristo, vivendo em obedi\u00eancia, sem propriedade e em castidade\u201d (Regra Bulada I,2).<\/p>\n<p>Em S\u00e3o Francisco o Evangelho sempre ocupou um lugar central na sua exist\u00eancia; a Igreja, ao aprovar o seu prop\u00f3sito, confia a ele e tamb\u00e9m a todos os franciscanos a Regra, que n\u00e3o exprime somente a intui\u00e7\u00e3o espiritual de um Fundador, mas que transmite verdadeiramente uma forma de vida. \u00c9 uma mensagem de alegria que sempre fiz quest\u00e3o de indicar, pois \u201cenche o cora\u00e7\u00e3o e a vida daqueles que se encontram com Jesus\u201d (<em>Evangelii gaudium<\/em> n.1).<\/p>\n<p>\u00c9 urgente, portanto, retornar aos fundamentos de um empenho crist\u00e3o e batismal, capaz de deixar-se inspirar, em cada escolha, pela Palavra do Senhor: Cristo \u00e9 o ponto focal da vossa espiritualidade! Sejam homens e mulheres que verdadeiramente aprendam na sua escola \u201cregra e vida\u201d!<\/p>\n<p><strong>Obedi\u00eancia \u00e0 Igreja<\/strong><br \/>\nCar\u00edssimos, para viver os ensinamentos do Mestre \u00e9 necess\u00e1rio permanecer na Igreja. Francisco manifesta isso de maneira decidida, pois, na frase introdut\u00f3ria que descreve a vontade de seguir os conselhos evang\u00e9licos acrescenta logo em seguida palavras sugestivas e singulares, seja no conte\u00fado como na linguagem: \u201cFrei Francisco promete obedi\u00eancia e rever\u00eancia ao senhor Papa Hon\u00f3rio e a seus sucessores canonicamente eleitos e \u00e0 Igreja Romana. E os demais irm\u00e3os estejam obrigados a obedecer a Frei Francisco e a seus sucessores\u201d (Regra Bulada I, 3-4).<\/p>\n<p>Nesse v\u00ednculo de \u201cobedi\u00eancia e rever\u00eancia\u201d ao Papa e \u00e0 Igreja de Roma, ele reconheceu um elemento essencial para a fidelidade ao chamado e para receber Cristo na Eucaristia; eis porque declara sem hesitar a perten\u00e7a imprescind\u00edvel \u00e0 Igreja. Portanto, vivam o esp\u00edrito da Regra na escuta e no di\u00e1logo, como o caminho sinodal sugere de cumprir. Sustentem firmemente a Igreja, restaurem-na com o exemplo e o testemunho, mesmo quando isso parecer custar muito!<\/p>\n<p><strong>Andar pelo mundo<\/strong><br \/>\nPor fim, desejo retomar a intui\u00e7\u00e3o, sempre presente na Regra Bulada, de andar pelo mundo. Intervindo em primeira pessoa, assim o Pai Ser\u00e1fico afirma: \u201cAconselho, todavia, admoesto e exorto a meus irm\u00e3os no Senhor Jesus Cristo que, quando v\u00e3o pelo mundo, n\u00e3o discutam nem alterquem com palavras nem julguem os outros; mas sejam mansos, pac\u00edficos e modestos, brandos e humildes, falando de todos honestamente, como conv\u00e9m. [&#8230;] Em qualquer casa em que entrarem, digam primeiramente: Paz a esta casa [&#8230;]\u201d (Regra Bulada III, 11-14).<\/p>\n<p>Andar pelo mundo para voc\u00eas, irm\u00e3s e irm\u00e3os franciscanos significa realizar concretamente a voca\u00e7\u00e3o itinerante em um estilo de fraternidade e de vida pac\u00edfica, sem discuss\u00f5es ou disputas, entre si ou com os outros, dando testemunho de \u201cminoridade\u201d, com mansid\u00e3o e docilidade, anunciando a paz do Senhor e confiando-se \u00e0 sua provid\u00eancia: este \u00e9 um programa especial de evangeliza\u00e7\u00e3o, poss\u00edvel para todos.<\/p>\n<p>Nessa perspectiva, \u00e9 importante redescobrir a beleza da evangeliza\u00e7\u00e3o tipicamente franciscana, que nasce de uma fraternidade para promover a fraternidade; de fato, ser\u00e1 o testemunho de vida que falar\u00e1, o amor doado no servi\u00e7o \u00e9 a maior forma de an\u00fancio. Reencontrem, portanto, a for\u00e7a em tal peculiar voca\u00e7\u00e3o, pr\u00f3pria dos \u201cmenores\u201d e dos \u201cpobres\u201d, que voc\u00eas s\u00e3o chamados a viver por desejo e perten\u00e7a. Isso lhes \u00e9 dado por Francisco na sua Regra e estou convencido de que est\u00e1 em sintonia com o convite que direciono \u00e0 Comunidade crist\u00e3 de ser \u201cIgreja em sa\u00edda\u201d: \u201cFiel ao modelo do Mestre, \u00e9 vital que hoje a Igreja saia para anunciar o Evangelho a todos, em todos os lugares, em todas as ocasi\u00f5es, sem demora, sem repugn\u00e2ncias e sem medo. A alegria do Evangelho \u00e9 para todo o povo, n\u00e3o se pode excluir ningu\u00e9m\u201d (<em>Evangelii gaudium<\/em> n. 23)<\/p>\n<p>E por isso lhes digo: n\u00e3o temam andar pelo mundo em \u201cfraternidade\u201d e em \u201cminoridade\u201d compartilhando a bem-aventuran\u00e7a da pobreza, tornando-se signo evang\u00e9lico eloquente e mostrando ao nosso tempo, marcado infelizmente por guerras e conflitos, por ego\u00edsmos de todos os tipos e l\u00f3gicas de explora\u00e7\u00e3o do meio- ambiente e dos pobres, que o Evangelho \u00e9 verdadeiramente a boa not\u00edcia para o homem, que o ajuda a reencontrar o melhor caminho para a constru\u00e7\u00e3o de uma nova humanidade, com a coragem de direcionar-se a Jesus, que \u201cde rico que era, tornou-se pobre por causa de v\u00f3s, para que vos torneis ricos, por sua pobreza\u201d (cf. 2Cor 8,9).<\/p>\n<p>Car\u00edssimos Irm\u00e3os e Irm\u00e3s, confio a voc\u00eas a miss\u00e3o de descobrir os caminhos certos a serem percorridos para poder assim corresponder com aud\u00e1cia e fidelidade ao carisma recebido. Ao recordar os acontecimentos fundamentais e importantes para a numerosa Fam\u00edlia Franciscana, invoco a intercess\u00e3o da Virgem Maria e dos Santos Francisco e Clara de Assis e lhes concedo a minha Ben\u00e7\u00e3o, pedindo, por favor, que continuem rezando por mim.<\/p>\n<p>&nbsp;<\/p>\n<p><em>Dado em Roma, em S\u00e3o Jo\u00e3o de Latr\u00e3o, 9 de novembro de 2023<\/em><\/p>\n<p><em>Anivers\u00e1rio da Dedica\u00e7\u00e3o da Bas\u00edlica de Latr\u00e3o, Catedral de Roma.<\/em><\/p>\n<p><img loading=\"lazy\" class=\"alignnone wp-image-245624\" src=\"https:\/\/franciscanos.org.br\/noticias\/wp-content\/uploads\/2023\/11\/assinatura.png\" alt=\"\" width=\"348\" height=\"84\" srcset=\"https:\/\/franciscanos.org.br\/noticias\/wp-content\/uploads\/2023\/11\/assinatura.png 456w, https:\/\/franciscanos.org.br\/noticias\/wp-content\/uploads\/2023\/11\/assinatura-450x109.png 450w, https:\/\/franciscanos.org.br\/noticias\/wp-content\/uploads\/2023\/11\/assinatura-150x36.png 150w\" sizes=\"(max-width: 348px) 100vw, 348px\" \/><\/p>\n<p>&nbsp;<\/p>\n","protected":false},"excerpt":{"rendered":"<p>800 anos da Regra de Vida da Ordem Franciscana<\/p>\n","protected":false},"author":3,"featured_media":245623,"comment_status":"open","ping_status":"open","sticky":false,"template":"","format":"standard","meta":[],"categories":[1],"tags":[55],"acf":[],"yoast_head":"<!-- This site is optimized with the Yoast SEO plugin v19.2 - https:\/\/yoast.com\/wordpress\/plugins\/seo\/ -->\n<title>Papa \u00e0 Fam\u00edlia Franciscana: evento hist\u00f3rico para reavivar o mesmo esp\u00edrito que inspirou Francisco de Assis - Not\u00edcias - Franciscanos<\/title>\n<meta name=\"robots\" content=\"index, follow, max-snippet:-1, max-image-preview:large, max-video-preview:-1\" \/>\n<link rel=\"canonical\" href=\"https:\/\/franciscanos.org.br\/noticias\/papa-a-familia-franciscana-evento-historico-para-reavivar-em-todos-voces-o-mesmo-espirito-que-inspirou-francisco-de-assis.html\" \/>\n<meta property=\"og:locale\" content=\"pt_BR\" \/>\n<meta property=\"og:type\" content=\"article\" \/>\n<meta property=\"og:title\" content=\"Papa \u00e0 Fam\u00edlia Franciscana: evento hist\u00f3rico para reavivar o mesmo esp\u00edrito que inspirou Francisco de Assis - Not\u00edcias - Franciscanos\" \/>\n<meta property=\"og:description\" content=\"800 anos da Regra de Vida da Ordem Franciscana\" \/>\n<meta property=\"og:url\" content=\"https:\/\/franciscanos.org.br\/noticias\/papa-a-familia-franciscana-evento-historico-para-reavivar-em-todos-voces-o-mesmo-espirito-que-inspirou-francisco-de-assis.html\" \/>\n<meta property=\"og:site_name\" content=\"Not\u00edcias - Franciscanos\" \/>\n<meta property=\"article:published_time\" content=\"2023-11-30T10:10:02+00:00\" \/>\n<meta property=\"article:modified_time\" content=\"2023-11-30T10:14:07+00:00\" \/>\n<meta property=\"og:image\" content=\"https:\/\/franciscanos.org.br\/noticias\/wp-content\/uploads\/2023\/11\/papa.jpeg\" \/>\n\t<meta property=\"og:image:width\" content=\"750\" \/>\n\t<meta property=\"og:image:height\" content=\"422\" \/>\n\t<meta property=\"og:image:type\" content=\"image\/jpeg\" \/>\n<meta name=\"author\" content=\"moacir\" \/>\n<meta name=\"twitter:card\" content=\"summary_large_image\" \/>\n<meta name=\"twitter:label1\" content=\"Escrito por\" \/>\n\t<meta name=\"twitter:data1\" content=\"moacir\" \/>\n\t<meta name=\"twitter:label2\" content=\"Est. tempo de leitura\" \/>\n\t<meta name=\"twitter:data2\" content=\"6 minutos\" \/>\n<script type=\"application\/ld+json\" class=\"yoast-schema-graph\">{\"@context\":\"https:\/\/schema.org\",\"@graph\":[{\"@type\":\"WebSite\",\"@id\":\"https:\/\/franciscanos.org.br\/noticias\/#website\",\"url\":\"https:\/\/franciscanos.org.br\/noticias\/\",\"name\":\"Not\u00edcias - Franciscanos\",\"description\":\"Prov\u00edncia Franciscana da Imaculada Concei\u00e7\u00e3o do Brasil - Ordem dos Frades Menores - OFM\",\"potentialAction\":[{\"@type\":\"SearchAction\",\"target\":{\"@type\":\"EntryPoint\",\"urlTemplate\":\"https:\/\/franciscanos.org.br\/noticias\/?s={search_term_string}\"},\"query-input\":\"required name=search_term_string\"}],\"inLanguage\":\"pt-BR\"},{\"@type\":\"ImageObject\",\"inLanguage\":\"pt-BR\",\"@id\":\"https:\/\/franciscanos.org.br\/noticias\/papa-a-familia-franciscana-evento-historico-para-reavivar-em-todos-voces-o-mesmo-espirito-que-inspirou-francisco-de-assis.html#primaryimage\",\"url\":\"https:\/\/franciscanos.org.br\/noticias\/wp-content\/uploads\/2023\/11\/papa.jpeg\",\"contentUrl\":\"https:\/\/franciscanos.org.br\/noticias\/wp-content\/uploads\/2023\/11\/papa.jpeg\",\"width\":750,\"height\":422},{\"@type\":\"WebPage\",\"@id\":\"https:\/\/franciscanos.org.br\/noticias\/papa-a-familia-franciscana-evento-historico-para-reavivar-em-todos-voces-o-mesmo-espirito-que-inspirou-francisco-de-assis.html#webpage\",\"url\":\"https:\/\/franciscanos.org.br\/noticias\/papa-a-familia-franciscana-evento-historico-para-reavivar-em-todos-voces-o-mesmo-espirito-que-inspirou-francisco-de-assis.html\",\"name\":\"Papa \u00e0 Fam\u00edlia Franciscana: evento hist\u00f3rico para reavivar o mesmo esp\u00edrito que inspirou Francisco de Assis - Not\u00edcias - Franciscanos\",\"isPartOf\":{\"@id\":\"https:\/\/franciscanos.org.br\/noticias\/#website\"},\"primaryImageOfPage\":{\"@id\":\"https:\/\/franciscanos.org.br\/noticias\/papa-a-familia-franciscana-evento-historico-para-reavivar-em-todos-voces-o-mesmo-espirito-que-inspirou-francisco-de-assis.html#primaryimage\"},\"datePublished\":\"2023-11-30T10:10:02+00:00\",\"dateModified\":\"2023-11-30T10:14:07+00:00\",\"author\":{\"@id\":\"https:\/\/franciscanos.org.br\/noticias\/#\/schema\/person\/b5c8cba458c330ccff548b056e95a5d4\"},\"breadcrumb\":{\"@id\":\"https:\/\/franciscanos.org.br\/noticias\/papa-a-familia-franciscana-evento-historico-para-reavivar-em-todos-voces-o-mesmo-espirito-que-inspirou-francisco-de-assis.html#breadcrumb\"},\"inLanguage\":\"pt-BR\",\"potentialAction\":[{\"@type\":\"ReadAction\",\"target\":[\"https:\/\/franciscanos.org.br\/noticias\/papa-a-familia-franciscana-evento-historico-para-reavivar-em-todos-voces-o-mesmo-espirito-que-inspirou-francisco-de-assis.html\"]}]},{\"@type\":\"BreadcrumbList\",\"@id\":\"https:\/\/franciscanos.org.br\/noticias\/papa-a-familia-franciscana-evento-historico-para-reavivar-em-todos-voces-o-mesmo-espirito-que-inspirou-francisco-de-assis.html#breadcrumb\",\"itemListElement\":[{\"@type\":\"ListItem\",\"position\":1,\"name\":\"Home\",\"item\":\"https:\/\/franciscanos.org.br\/noticias\"},{\"@type\":\"ListItem\",\"position\":2,\"name\":\"Papa \u00e0 Fam\u00edlia Franciscana: evento hist\u00f3rico para reavivar o mesmo esp\u00edrito que inspirou Francisco de Assis\"}]},{\"@type\":\"Person\",\"@id\":\"https:\/\/franciscanos.org.br\/noticias\/#\/schema\/person\/b5c8cba458c330ccff548b056e95a5d4\",\"name\":\"moacir\",\"image\":{\"@type\":\"ImageObject\",\"inLanguage\":\"pt-BR\",\"@id\":\"https:\/\/franciscanos.org.br\/noticias\/#\/schema\/person\/image\/\",\"url\":\"https:\/\/secure.gravatar.com\/avatar\/d08aa2ce4c8dd416d4479aa8536fcf64?s=96&d=mm&r=g\",\"contentUrl\":\"https:\/\/secure.gravatar.com\/avatar\/d08aa2ce4c8dd416d4479aa8536fcf64?s=96&d=mm&r=g\",\"caption\":\"moacir\"},\"url\":\"https:\/\/franciscanos.org.br\/noticias\/author\/moacir\"}]}<\/script>\n<!-- \/ Yoast SEO plugin. -->","yoast_head_json":{"title":"Papa \u00e0 Fam\u00edlia Franciscana: evento hist\u00f3rico para reavivar o mesmo esp\u00edrito que inspirou Francisco de Assis - Not\u00edcias - Franciscanos","robots":{"index":"index","follow":"follow","max-snippet":"max-snippet:-1","max-image-preview":"max-image-preview:large","max-video-preview":"max-video-preview:-1"},"canonical":"https:\/\/franciscanos.org.br\/noticias\/papa-a-familia-franciscana-evento-historico-para-reavivar-em-todos-voces-o-mesmo-espirito-que-inspirou-francisco-de-assis.html","og_locale":"pt_BR","og_type":"article","og_title":"Papa \u00e0 Fam\u00edlia Franciscana: evento hist\u00f3rico para reavivar o mesmo esp\u00edrito que inspirou Francisco de Assis - Not\u00edcias - Franciscanos","og_description":"800 anos da Regra de Vida da Ordem Franciscana","og_url":"https:\/\/franciscanos.org.br\/noticias\/papa-a-familia-franciscana-evento-historico-para-reavivar-em-todos-voces-o-mesmo-espirito-que-inspirou-francisco-de-assis.html","og_site_name":"Not\u00edcias - Franciscanos","article_published_time":"2023-11-30T10:10:02+00:00","article_modified_time":"2023-11-30T10:14:07+00:00","og_image":[{"width":750,"height":422,"url":"https:\/\/franciscanos.org.br\/noticias\/wp-content\/uploads\/2023\/11\/papa.jpeg","type":"image\/jpeg"}],"author":"moacir","twitter_card":"summary_large_image","twitter_misc":{"Escrito por":"moacir","Est. tempo de leitura":"6 minutos"},"schema":{"@context":"https:\/\/schema.org","@graph":[{"@type":"WebSite","@id":"https:\/\/franciscanos.org.br\/noticias\/#website","url":"https:\/\/franciscanos.org.br\/noticias\/","name":"Not\u00edcias - Franciscanos","description":"Prov\u00edncia Franciscana da Imaculada Concei\u00e7\u00e3o do Brasil - Ordem dos Frades Menores - OFM","potentialAction":[{"@type":"SearchAction","target":{"@type":"EntryPoint","urlTemplate":"https:\/\/franciscanos.org.br\/noticias\/?s={search_term_string}"},"query-input":"required name=search_term_string"}],"inLanguage":"pt-BR"},{"@type":"ImageObject","inLanguage":"pt-BR","@id":"https:\/\/franciscanos.org.br\/noticias\/papa-a-familia-franciscana-evento-historico-para-reavivar-em-todos-voces-o-mesmo-espirito-que-inspirou-francisco-de-assis.html#primaryimage","url":"https:\/\/franciscanos.org.br\/noticias\/wp-content\/uploads\/2023\/11\/papa.jpeg","contentUrl":"https:\/\/franciscanos.org.br\/noticias\/wp-content\/uploads\/2023\/11\/papa.jpeg","width":750,"height":422},{"@type":"WebPage","@id":"https:\/\/franciscanos.org.br\/noticias\/papa-a-familia-franciscana-evento-historico-para-reavivar-em-todos-voces-o-mesmo-espirito-que-inspirou-francisco-de-assis.html#webpage","url":"https:\/\/franciscanos.org.br\/noticias\/papa-a-familia-franciscana-evento-historico-para-reavivar-em-todos-voces-o-mesmo-espirito-que-inspirou-francisco-de-assis.html","name":"Papa \u00e0 Fam\u00edlia Franciscana: evento hist\u00f3rico para reavivar o mesmo esp\u00edrito que inspirou Francisco de Assis - Not\u00edcias - Franciscanos","isPartOf":{"@id":"https:\/\/franciscanos.org.br\/noticias\/#website"},"primaryImageOfPage":{"@id":"https:\/\/franciscanos.org.br\/noticias\/papa-a-familia-franciscana-evento-historico-para-reavivar-em-todos-voces-o-mesmo-espirito-que-inspirou-francisco-de-assis.html#primaryimage"},"datePublished":"2023-11-30T10:10:02+00:00","dateModified":"2023-11-30T10:14:07+00:00","author":{"@id":"https:\/\/franciscanos.org.br\/noticias\/#\/schema\/person\/b5c8cba458c330ccff548b056e95a5d4"},"breadcrumb":{"@id":"https:\/\/franciscanos.org.br\/noticias\/papa-a-familia-franciscana-evento-historico-para-reavivar-em-todos-voces-o-mesmo-espirito-que-inspirou-francisco-de-assis.html#breadcrumb"},"inLanguage":"pt-BR","potentialAction":[{"@type":"ReadAction","target":["https:\/\/franciscanos.org.br\/noticias\/papa-a-familia-franciscana-evento-historico-para-reavivar-em-todos-voces-o-mesmo-espirito-que-inspirou-francisco-de-assis.html"]}]},{"@type":"BreadcrumbList","@id":"https:\/\/franciscanos.org.br\/noticias\/papa-a-familia-franciscana-evento-historico-para-reavivar-em-todos-voces-o-mesmo-espirito-que-inspirou-francisco-de-assis.html#breadcrumb","itemListElement":[{"@type":"ListItem","position":1,"name":"Home","item":"https:\/\/franciscanos.org.br\/noticias"},{"@type":"ListItem","position":2,"name":"Papa \u00e0 Fam\u00edlia Franciscana: evento hist\u00f3rico para reavivar o mesmo esp\u00edrito que inspirou Francisco de Assis"}]},{"@type":"Person","@id":"https:\/\/franciscanos.org.br\/noticias\/#\/schema\/person\/b5c8cba458c330ccff548b056e95a5d4","name":"moacir","image":{"@type":"ImageObject","inLanguage":"pt-BR","@id":"https:\/\/franciscanos.org.br\/noticias\/#\/schema\/person\/image\/","url":"https:\/\/secure.gravatar.com\/avatar\/d08aa2ce4c8dd416d4479aa8536fcf64?s=96&d=mm&r=g","contentUrl":"https:\/\/secure.gravatar.com\/avatar\/d08aa2ce4c8dd416d4479aa8536fcf64?s=96&d=mm&r=g","caption":"moacir"},"url":"https:\/\/franciscanos.org.br\/noticias\/author\/moacir"}]}},"_links":{"self":[{"href":"https:\/\/franciscanos.org.br\/noticias\/wp-json\/wp\/v2\/posts\/245622"}],"collection":[{"href":"https:\/\/franciscanos.org.br\/noticias\/wp-json\/wp\/v2\/posts"}],"about":[{"href":"https:\/\/franciscanos.org.br\/noticias\/wp-json\/wp\/v2\/types\/post"}],"author":[{"embeddable":true,"href":"https:\/\/franciscanos.org.br\/noticias\/wp-json\/wp\/v2\/users\/3"}],"replies":[{"embeddable":true,"href":"https:\/\/franciscanos.org.br\/noticias\/wp-json\/wp\/v2\/comments?post=245622"}],"version-history":[{"count":5,"href":"https:\/\/franciscanos.org.br\/noticias\/wp-json\/wp\/v2\/posts\/245622\/revisions"}],"predecessor-version":[{"id":245629,"href":"https:\/\/franciscanos.org.br\/noticias\/wp-json\/wp\/v2\/posts\/245622\/revisions\/245629"}],"wp:featuredmedia":[{"embeddable":true,"href":"https:\/\/franciscanos.org.br\/noticias\/wp-json\/wp\/v2\/media\/245623"}],"wp:attachment":[{"href":"https:\/\/franciscanos.org.br\/noticias\/wp-json\/wp\/v2\/media?parent=245622"}],"wp:term":[{"taxonomy":"category","embeddable":true,"href":"https:\/\/franciscanos.org.br\/noticias\/wp-json\/wp\/v2\/categories?post=245622"},{"taxonomy":"post_tag","embeddable":true,"href":"https:\/\/franciscanos.org.br\/noticias\/wp-json\/wp\/v2\/tags?post=245622"}],"curies":[{"name":"wp","href":"https:\/\/api.w.org\/{rel}","templated":true}]}}