{"id":245619,"date":"2023-11-29T07:17:28","date_gmt":"2023-11-29T10:17:28","guid":{"rendered":"https:\/\/franciscanos.org.br\/noticias\/?p=245619"},"modified":"2023-11-29T07:17:28","modified_gmt":"2023-11-29T10:17:28","slug":"plena-de-vida-a-regra-de-sao-francisco-hoje-novo-livro-de-frei-massimo-fusarelli","status":"publish","type":"post","link":"https:\/\/franciscanos.org.br\/noticias\/plena-de-vida-a-regra-de-sao-francisco-hoje-novo-livro-de-frei-massimo-fusarelli.html","title":{"rendered":"\u201cPlena de vida. A Regra de S\u00e3o Francisco hoje\u201d, novo livro de Frei Massimo Fusarelli"},"content":{"rendered":"<p><img loading=\"lazy\" class=\"alignnone size-full wp-image-245620\" src=\"https:\/\/franciscanos.org.br\/noticias\/wp-content\/uploads\/2023\/11\/regra_livro_11.jpg\" alt=\"\" width=\"1280\" height=\"720\" srcset=\"https:\/\/franciscanos.org.br\/noticias\/wp-content\/uploads\/2023\/11\/regra_livro_11.jpg 1280w, https:\/\/franciscanos.org.br\/noticias\/wp-content\/uploads\/2023\/11\/regra_livro_11-450x253.jpg 450w, https:\/\/franciscanos.org.br\/noticias\/wp-content\/uploads\/2023\/11\/regra_livro_11-1024x576.jpg 1024w, https:\/\/franciscanos.org.br\/noticias\/wp-content\/uploads\/2023\/11\/regra_livro_11-768x432.jpg 768w, https:\/\/franciscanos.org.br\/noticias\/wp-content\/uploads\/2023\/11\/regra_livro_11-150x84.jpg 150w\" sizes=\"(max-width: 1280px) 100vw, 1280px\" \/><\/p>\n<p>Foi publicado pela Edi\u00e7\u00e3o S\u00e3o Paulo, como parte da s\u00e9rie &#8220;Itiner\u00e1rio Franciscano&#8221;, o livro \u201cPlena de vida. A Regra de S\u00e3o Francisco hoje\u201d, escrita por Frei Massimo Fusarelli, Ministro Geral da OFM.<br \/>\nPrecisamente no ano do 800\u00ba anivers\u00e1rio da Regra (1223 \u2013 2023), Frei Massimo convida quem n\u00e3o a conhece a ler alguns trechos dela, a aprofund\u00e1-la, para descobrir um texto que ainda hoje continua a provocar, a inspirar, a infundir inspira\u00e7\u00e3o para uma escolha de vida plena.<\/p>\n<p>Os dois primeiros cap\u00edtulos narram o processo que levou Francisco a escrever pontos comuns que uniram um movimento que crescia vertiginosamente em n\u00famero: todos foram atra\u00eddos pela escolha radical de vida do Pobre Homem de Assis! E como todos os acontecimentos que n\u00e3o s\u00e3o est\u00e1ticos, mas din\u00e2micos, este tamb\u00e9m teve as suas dificuldades.<\/p>\n<p>O terceiro cap\u00edtulo entra no corpo da Regra, tentando \u00abl\u00ea-la como uma poss\u00edvel \u201cregra\u201d, isto \u00e9, uma orienta\u00e7\u00e3o de vida tamb\u00e9m para n\u00f3s, mulheres e homens do s\u00e9culo XXI. N\u00e3o \u00e9 f\u00e1cil, mas tentamos\u201d, escreve Frei Massimo.<\/p>\n<p>Assim reconstitu\u00edmos os 12 Cap\u00edtulos da Regra, procurando em cada um deles o \u201ccora\u00e7\u00e3o pulsante\u201d para torn\u00e1-la atual no nosso tempo: n\u00e3o uma seguran\u00e7a fixa, mas uma \u201corienta\u00e7\u00e3o\u201d que possa dar \u201cluz e sal \u00e0 vida, orientando-a ao Evangelho, para viver as situa\u00e7\u00f5es sempre novas que a exist\u00eancia nos coloca, especialmente hoje\u201d.<\/p>\n<p>A s\u00e9rie \u201cItiner\u00e1rios Franciscanos\u201d re\u00fane volumes que cobre toda a hist\u00f3ria crist\u00e3 do Santo de Assis, escrita por figuras de autoridade do franciscanismo contempor\u00e2neo. Cada epis\u00f3dio da vida de Francisco \u00e9 contado com especial aten\u00e7\u00e3o aos dias de hoje, para mostrar como a sua profecia ainda \u00e9 muito relevante para a exist\u00eancia de cada um de n\u00f3s.<br \/>\nUm caminho de regenera\u00e7\u00e3o e de reflex\u00e3o para todos, precioso para o tempo do Advento.<\/p>\n<hr \/>\n<p style=\"padding-left: 40px;\"><em>Cheio de vida<\/em><br \/>\n<em>A Regra de S\u00e3o Francisco hoje<\/em><br \/>\n<em>Por Massimo Fusarelli OFM<\/em><br \/>\n<em>Edizioni San Paolo, 110 p\u00e1ginas. 2023<\/em><br \/>\n<em>www.edicolasanpaolo.it<\/em><\/p>\n","protected":false},"excerpt":{"rendered":"<p>Livro do Ministro Geral<\/p>\n","protected":false},"author":3,"featured_media":245620,"comment_status":"open","ping_status":"open","sticky":false,"template":"","format":"standard","meta":[],"categories":[1],"tags":[2013],"acf":[],"yoast_head":"<!-- This site is optimized with the Yoast SEO plugin v19.2 - https:\/\/yoast.com\/wordpress\/plugins\/seo\/ -->\n<title>\u201cPlena de vida. A Regra de S\u00e3o Francisco hoje\u201d, novo livro de Frei Massimo Fusarelli - Not\u00edcias - Franciscanos<\/title>\n<meta name=\"robots\" content=\"index, follow, max-snippet:-1, max-image-preview:large, max-video-preview:-1\" \/>\n<link rel=\"canonical\" href=\"https:\/\/franciscanos.org.br\/noticias\/plena-de-vida-a-regra-de-sao-francisco-hoje-novo-livro-de-frei-massimo-fusarelli.html\" \/>\n<meta property=\"og:locale\" content=\"pt_BR\" \/>\n<meta property=\"og:type\" content=\"article\" \/>\n<meta property=\"og:title\" content=\"\u201cPlena de vida. A Regra de S\u00e3o Francisco hoje\u201d, novo livro de Frei Massimo Fusarelli - Not\u00edcias - Franciscanos\" \/>\n<meta property=\"og:description\" content=\"Livro do Ministro Geral\" \/>\n<meta property=\"og:url\" content=\"https:\/\/franciscanos.org.br\/noticias\/plena-de-vida-a-regra-de-sao-francisco-hoje-novo-livro-de-frei-massimo-fusarelli.html\" \/>\n<meta property=\"og:site_name\" content=\"Not\u00edcias - Franciscanos\" \/>\n<meta property=\"article:published_time\" content=\"2023-11-29T10:17:28+00:00\" \/>\n<meta property=\"og:image\" content=\"https:\/\/franciscanos.org.br\/noticias\/wp-content\/uploads\/2023\/11\/regra_livro_11.jpg\" \/>\n\t<meta property=\"og:image:width\" content=\"1280\" \/>\n\t<meta property=\"og:image:height\" content=\"720\" \/>\n\t<meta property=\"og:image:type\" content=\"image\/jpeg\" \/>\n<meta name=\"author\" content=\"moacir\" \/>\n<meta name=\"twitter:card\" content=\"summary_large_image\" \/>\n<meta name=\"twitter:label1\" content=\"Escrito por\" \/>\n\t<meta name=\"twitter:data1\" content=\"moacir\" \/>\n\t<meta name=\"twitter:label2\" content=\"Est. tempo de leitura\" \/>\n\t<meta name=\"twitter:data2\" content=\"2 minutos\" \/>\n<script type=\"application\/ld+json\" class=\"yoast-schema-graph\">{\"@context\":\"https:\/\/schema.org\",\"@graph\":[{\"@type\":\"WebSite\",\"@id\":\"https:\/\/franciscanos.org.br\/noticias\/#website\",\"url\":\"https:\/\/franciscanos.org.br\/noticias\/\",\"name\":\"Not\u00edcias - Franciscanos\",\"description\":\"Prov\u00edncia Franciscana da Imaculada Concei\u00e7\u00e3o do Brasil - Ordem dos Frades Menores - OFM\",\"potentialAction\":[{\"@type\":\"SearchAction\",\"target\":{\"@type\":\"EntryPoint\",\"urlTemplate\":\"https:\/\/franciscanos.org.br\/noticias\/?s={search_term_string}\"},\"query-input\":\"required name=search_term_string\"}],\"inLanguage\":\"pt-BR\"},{\"@type\":\"ImageObject\",\"inLanguage\":\"pt-BR\",\"@id\":\"https:\/\/franciscanos.org.br\/noticias\/plena-de-vida-a-regra-de-sao-francisco-hoje-novo-livro-de-frei-massimo-fusarelli.html#primaryimage\",\"url\":\"https:\/\/franciscanos.org.br\/noticias\/wp-content\/uploads\/2023\/11\/regra_livro_11.jpg\",\"contentUrl\":\"https:\/\/franciscanos.org.br\/noticias\/wp-content\/uploads\/2023\/11\/regra_livro_11.jpg\",\"width\":1280,\"height\":720},{\"@type\":\"WebPage\",\"@id\":\"https:\/\/franciscanos.org.br\/noticias\/plena-de-vida-a-regra-de-sao-francisco-hoje-novo-livro-de-frei-massimo-fusarelli.html#webpage\",\"url\":\"https:\/\/franciscanos.org.br\/noticias\/plena-de-vida-a-regra-de-sao-francisco-hoje-novo-livro-de-frei-massimo-fusarelli.html\",\"name\":\"\u201cPlena de vida. A Regra de S\u00e3o Francisco hoje\u201d, novo livro de Frei Massimo Fusarelli - Not\u00edcias - Franciscanos\",\"isPartOf\":{\"@id\":\"https:\/\/franciscanos.org.br\/noticias\/#website\"},\"primaryImageOfPage\":{\"@id\":\"https:\/\/franciscanos.org.br\/noticias\/plena-de-vida-a-regra-de-sao-francisco-hoje-novo-livro-de-frei-massimo-fusarelli.html#primaryimage\"},\"datePublished\":\"2023-11-29T10:17:28+00:00\",\"dateModified\":\"2023-11-29T10:17:28+00:00\",\"author\":{\"@id\":\"https:\/\/franciscanos.org.br\/noticias\/#\/schema\/person\/b5c8cba458c330ccff548b056e95a5d4\"},\"breadcrumb\":{\"@id\":\"https:\/\/franciscanos.org.br\/noticias\/plena-de-vida-a-regra-de-sao-francisco-hoje-novo-livro-de-frei-massimo-fusarelli.html#breadcrumb\"},\"inLanguage\":\"pt-BR\",\"potentialAction\":[{\"@type\":\"ReadAction\",\"target\":[\"https:\/\/franciscanos.org.br\/noticias\/plena-de-vida-a-regra-de-sao-francisco-hoje-novo-livro-de-frei-massimo-fusarelli.html\"]}]},{\"@type\":\"BreadcrumbList\",\"@id\":\"https:\/\/franciscanos.org.br\/noticias\/plena-de-vida-a-regra-de-sao-francisco-hoje-novo-livro-de-frei-massimo-fusarelli.html#breadcrumb\",\"itemListElement\":[{\"@type\":\"ListItem\",\"position\":1,\"name\":\"Home\",\"item\":\"https:\/\/franciscanos.org.br\/noticias\"},{\"@type\":\"ListItem\",\"position\":2,\"name\":\"\u201cPlena de vida. A Regra de S\u00e3o Francisco hoje\u201d, novo livro de Frei Massimo Fusarelli\"}]},{\"@type\":\"Person\",\"@id\":\"https:\/\/franciscanos.org.br\/noticias\/#\/schema\/person\/b5c8cba458c330ccff548b056e95a5d4\",\"name\":\"moacir\",\"image\":{\"@type\":\"ImageObject\",\"inLanguage\":\"pt-BR\",\"@id\":\"https:\/\/franciscanos.org.br\/noticias\/#\/schema\/person\/image\/\",\"url\":\"https:\/\/secure.gravatar.com\/avatar\/d08aa2ce4c8dd416d4479aa8536fcf64?s=96&d=mm&r=g\",\"contentUrl\":\"https:\/\/secure.gravatar.com\/avatar\/d08aa2ce4c8dd416d4479aa8536fcf64?s=96&d=mm&r=g\",\"caption\":\"moacir\"},\"url\":\"https:\/\/franciscanos.org.br\/noticias\/author\/moacir\"}]}<\/script>\n<!-- \/ Yoast SEO plugin. -->","yoast_head_json":{"title":"\u201cPlena de vida. A Regra de S\u00e3o Francisco hoje\u201d, novo livro de Frei Massimo Fusarelli - Not\u00edcias - Franciscanos","robots":{"index":"index","follow":"follow","max-snippet":"max-snippet:-1","max-image-preview":"max-image-preview:large","max-video-preview":"max-video-preview:-1"},"canonical":"https:\/\/franciscanos.org.br\/noticias\/plena-de-vida-a-regra-de-sao-francisco-hoje-novo-livro-de-frei-massimo-fusarelli.html","og_locale":"pt_BR","og_type":"article","og_title":"\u201cPlena de vida. A Regra de S\u00e3o Francisco hoje\u201d, novo livro de Frei Massimo Fusarelli - Not\u00edcias - Franciscanos","og_description":"Livro do Ministro Geral","og_url":"https:\/\/franciscanos.org.br\/noticias\/plena-de-vida-a-regra-de-sao-francisco-hoje-novo-livro-de-frei-massimo-fusarelli.html","og_site_name":"Not\u00edcias - Franciscanos","article_published_time":"2023-11-29T10:17:28+00:00","og_image":[{"width":1280,"height":720,"url":"https:\/\/franciscanos.org.br\/noticias\/wp-content\/uploads\/2023\/11\/regra_livro_11.jpg","type":"image\/jpeg"}],"author":"moacir","twitter_card":"summary_large_image","twitter_misc":{"Escrito por":"moacir","Est. tempo de leitura":"2 minutos"},"schema":{"@context":"https:\/\/schema.org","@graph":[{"@type":"WebSite","@id":"https:\/\/franciscanos.org.br\/noticias\/#website","url":"https:\/\/franciscanos.org.br\/noticias\/","name":"Not\u00edcias - Franciscanos","description":"Prov\u00edncia Franciscana da Imaculada Concei\u00e7\u00e3o do Brasil - Ordem dos Frades Menores - OFM","potentialAction":[{"@type":"SearchAction","target":{"@type":"EntryPoint","urlTemplate":"https:\/\/franciscanos.org.br\/noticias\/?s={search_term_string}"},"query-input":"required name=search_term_string"}],"inLanguage":"pt-BR"},{"@type":"ImageObject","inLanguage":"pt-BR","@id":"https:\/\/franciscanos.org.br\/noticias\/plena-de-vida-a-regra-de-sao-francisco-hoje-novo-livro-de-frei-massimo-fusarelli.html#primaryimage","url":"https:\/\/franciscanos.org.br\/noticias\/wp-content\/uploads\/2023\/11\/regra_livro_11.jpg","contentUrl":"https:\/\/franciscanos.org.br\/noticias\/wp-content\/uploads\/2023\/11\/regra_livro_11.jpg","width":1280,"height":720},{"@type":"WebPage","@id":"https:\/\/franciscanos.org.br\/noticias\/plena-de-vida-a-regra-de-sao-francisco-hoje-novo-livro-de-frei-massimo-fusarelli.html#webpage","url":"https:\/\/franciscanos.org.br\/noticias\/plena-de-vida-a-regra-de-sao-francisco-hoje-novo-livro-de-frei-massimo-fusarelli.html","name":"\u201cPlena de vida. A Regra de S\u00e3o Francisco hoje\u201d, novo livro de Frei Massimo Fusarelli - Not\u00edcias - Franciscanos","isPartOf":{"@id":"https:\/\/franciscanos.org.br\/noticias\/#website"},"primaryImageOfPage":{"@id":"https:\/\/franciscanos.org.br\/noticias\/plena-de-vida-a-regra-de-sao-francisco-hoje-novo-livro-de-frei-massimo-fusarelli.html#primaryimage"},"datePublished":"2023-11-29T10:17:28+00:00","dateModified":"2023-11-29T10:17:28+00:00","author":{"@id":"https:\/\/franciscanos.org.br\/noticias\/#\/schema\/person\/b5c8cba458c330ccff548b056e95a5d4"},"breadcrumb":{"@id":"https:\/\/franciscanos.org.br\/noticias\/plena-de-vida-a-regra-de-sao-francisco-hoje-novo-livro-de-frei-massimo-fusarelli.html#breadcrumb"},"inLanguage":"pt-BR","potentialAction":[{"@type":"ReadAction","target":["https:\/\/franciscanos.org.br\/noticias\/plena-de-vida-a-regra-de-sao-francisco-hoje-novo-livro-de-frei-massimo-fusarelli.html"]}]},{"@type":"BreadcrumbList","@id":"https:\/\/franciscanos.org.br\/noticias\/plena-de-vida-a-regra-de-sao-francisco-hoje-novo-livro-de-frei-massimo-fusarelli.html#breadcrumb","itemListElement":[{"@type":"ListItem","position":1,"name":"Home","item":"https:\/\/franciscanos.org.br\/noticias"},{"@type":"ListItem","position":2,"name":"\u201cPlena de vida. A Regra de S\u00e3o Francisco hoje\u201d, novo livro de Frei Massimo Fusarelli"}]},{"@type":"Person","@id":"https:\/\/franciscanos.org.br\/noticias\/#\/schema\/person\/b5c8cba458c330ccff548b056e95a5d4","name":"moacir","image":{"@type":"ImageObject","inLanguage":"pt-BR","@id":"https:\/\/franciscanos.org.br\/noticias\/#\/schema\/person\/image\/","url":"https:\/\/secure.gravatar.com\/avatar\/d08aa2ce4c8dd416d4479aa8536fcf64?s=96&d=mm&r=g","contentUrl":"https:\/\/secure.gravatar.com\/avatar\/d08aa2ce4c8dd416d4479aa8536fcf64?s=96&d=mm&r=g","caption":"moacir"},"url":"https:\/\/franciscanos.org.br\/noticias\/author\/moacir"}]}},"_links":{"self":[{"href":"https:\/\/franciscanos.org.br\/noticias\/wp-json\/wp\/v2\/posts\/245619"}],"collection":[{"href":"https:\/\/franciscanos.org.br\/noticias\/wp-json\/wp\/v2\/posts"}],"about":[{"href":"https:\/\/franciscanos.org.br\/noticias\/wp-json\/wp\/v2\/types\/post"}],"author":[{"embeddable":true,"href":"https:\/\/franciscanos.org.br\/noticias\/wp-json\/wp\/v2\/users\/3"}],"replies":[{"embeddable":true,"href":"https:\/\/franciscanos.org.br\/noticias\/wp-json\/wp\/v2\/comments?post=245619"}],"version-history":[{"count":1,"href":"https:\/\/franciscanos.org.br\/noticias\/wp-json\/wp\/v2\/posts\/245619\/revisions"}],"predecessor-version":[{"id":245621,"href":"https:\/\/franciscanos.org.br\/noticias\/wp-json\/wp\/v2\/posts\/245619\/revisions\/245621"}],"wp:featuredmedia":[{"embeddable":true,"href":"https:\/\/franciscanos.org.br\/noticias\/wp-json\/wp\/v2\/media\/245620"}],"wp:attachment":[{"href":"https:\/\/franciscanos.org.br\/noticias\/wp-json\/wp\/v2\/media?parent=245619"}],"wp:term":[{"taxonomy":"category","embeddable":true,"href":"https:\/\/franciscanos.org.br\/noticias\/wp-json\/wp\/v2\/categories?post=245619"},{"taxonomy":"post_tag","embeddable":true,"href":"https:\/\/franciscanos.org.br\/noticias\/wp-json\/wp\/v2\/tags?post=245619"}],"curies":[{"name":"wp","href":"https:\/\/api.w.org\/{rel}","templated":true}]}}