{"id":245604,"date":"2023-11-29T00:25:53","date_gmt":"2023-11-29T03:25:53","guid":{"rendered":"https:\/\/franciscanos.org.br\/noticias\/?p=245604"},"modified":"2023-11-29T06:53:51","modified_gmt":"2023-11-29T09:53:51","slug":"nos-800-anos-da-regra-ordem-franciscana-celebra-festa-de-todos-os-santos-da-ordem-serafica","status":"publish","type":"post","link":"https:\/\/franciscanos.org.br\/noticias\/nos-800-anos-da-regra-ordem-franciscana-celebra-festa-de-todos-os-santos-da-ordem-serafica.html","title":{"rendered":"Neste dia 29, Ordem Franciscana celebra 800 anos da Regra e festa de Todos os Santos da Ordem Ser\u00e1fica"},"content":{"rendered":"<div id=\"attachment_245605\" style=\"width: 1303px\" class=\"wp-caption alignnone\"><img aria-describedby=\"caption-attachment-245605\" loading=\"lazy\" class=\"wp-image-245605 size-full\" src=\"https:\/\/franciscanos.org.br\/noticias\/wp-content\/uploads\/2023\/11\/ordem.jpg\" alt=\"\" width=\"1293\" height=\"653\" srcset=\"https:\/\/franciscanos.org.br\/noticias\/wp-content\/uploads\/2023\/11\/ordem.jpg 1293w, https:\/\/franciscanos.org.br\/noticias\/wp-content\/uploads\/2023\/11\/ordem-450x227.jpg 450w, https:\/\/franciscanos.org.br\/noticias\/wp-content\/uploads\/2023\/11\/ordem-1024x517.jpg 1024w, https:\/\/franciscanos.org.br\/noticias\/wp-content\/uploads\/2023\/11\/ordem-768x388.jpg 768w, https:\/\/franciscanos.org.br\/noticias\/wp-content\/uploads\/2023\/11\/ordem-150x76.jpg 150w\" sizes=\"(max-width: 1293px) 100vw, 1293px\" \/><p id=\"caption-attachment-245605\" class=\"wp-caption-text\"><em>Painel da igreja da Pontificia Universit\u00e0 Antonianum em Roma<\/em><\/p><\/div>\n<p>Este ano, no dia 29 de novembro, a Festa de Todos os Santos da Fam\u00edlia Franciscana coincide com o 800\u00ba anivers\u00e1rio da aprova\u00e7\u00e3o da Regra Bulada da Ordem pelas m\u00e3os de Hon\u00f3rio III. &#8220;Os seus santos filhos \u2013 lemos no Missal Ser\u00e1fico \u2013 de primeira, segunda e terceira Ordem, pertencem a todas as condi\u00e7\u00f5es sociais e a todos os povos. H\u00e1 m\u00e1rtires, m\u00e9dicos, sacerdotes, religiosos, leigos, virgens, mulheres santas&#8230; Uma imensa multid\u00e3o reuniu-se em torno do grande Pobrezinho, \u201cportador do sinal do Deus vivo\u201d.<\/p>\n<p>800 anos em que tantas mulheres e homens compartilharam e viveram o projeto de Francisco, acolhendo a Deus sem reservas, observando o Evangelho na obedi\u00eancia, sem nada de pr\u00f3prio e em castidade, transformando-se em pessoas capazes de amar generosamente o pr\u00f3ximo.<\/p>\n<p>S\u00e3o Boaventura escreve em sua <em>\u201cApologia pauperum\u201d<\/em>, ap\u00f3s uma breve explica\u00e7\u00e3o das Bem-Aventuran\u00e7as:<\/p>\n<p>&#8220;[&#8230;] Francisco, patriarca dos pobres, que prop\u00f5e no in\u00edcio da sua Regra os tr\u00eas pedras angulares da vida religiosa: &#8216;A Regra dos Irm\u00e3os Menores consiste em viver o Santo Evangelho de Jesus Cristo, na obedi\u00eancia, pobreza e castidade\u201d. E depois recomenda tr\u00eas outras coisas, que integram e de certo modo completam as anteriores: \u201cReflitam os irm\u00e3os que devem desejar mais do que tudo possuir o esp\u00edrito do Senhor e agir segundo a sua santa vontade; que devem saber orar a Deus com cora\u00e7\u00e3o puro e possuir humildade e paci\u00eancia nas tribula\u00e7\u00f5es e doen\u00e7as; que devem ter uma predile\u00e7\u00e3o especial por aqueles que nos perseguem, desprezam e insultam\u201d.<\/p>\n<p>Com esta advert\u00eancia, Francisco prop\u00f5e em primeiro lugar a eleva\u00e7\u00e3o de toda a\u00e7\u00e3o em Deus; depois recomenda a aceita\u00e7\u00e3o alegre de todas as tribula\u00e7\u00f5es e a caridade primorosa e ativa para com o pr\u00f3ximo.<\/p>\n<p>Desta forma, o homem perfeito com os tr\u00eas votos crucifica-se ao mundo e com as tr\u00eas recomenda\u00e7\u00f5es sucessivas conforma-se a Deus, para que com as seis asas ser\u00e1ficas se desapegue para sempre das coisas deste mundo e penetre no divino.<\/p>\n<p>Foi digno que Cristo, na apari\u00e7\u00e3o ser\u00e1fica, tenha impresso os seus estigmas, como selo de confirma\u00e7\u00e3o e autenticidade, na carne sagrada deste Pobrezinho, que observou e ensinou a perfei\u00e7\u00e3o evang\u00e9lica na forma mais genu\u00edna, para que, no nevoeiro perigoso dos \u00faltimos tempos, foi-nos oferecido um sinal claro que iluminava o caminho para a perfei\u00e7\u00e3o. Com a condi\u00e7\u00e3o, por\u00e9m, de aprendermos a n\u00e3o desejar o que d\u00e1 honra e prest\u00edgio, mas a preferir as coisas humildes e escondidas.<\/p>\n<p>Em virtude do nosso batismo, todos somos chamados \u00e0 santidade, como nos recorda o Papa Francisco na sua Exorta\u00e7\u00e3o Apost\u00f3lica<em> \u201cGaudete et Exsultate\u201d<\/em>; Seguindo os passos de Francisco, de Clara e de todos os santos franciscanos, deixemos que o Esp\u00edrito Santo nos guie no nosso tempo e transforme tudo o que parece ordin\u00e1rio, ou \u00e0s vezes descart\u00e1vel, em algo extraordin\u00e1rio e precioso aos olhos de Deus e do pr\u00f3ximo.<\/p>\n<p>Boa festa a todos!<\/p>\n<hr \/>\n<p><em>Fonte: www.ofm.org<\/em><\/p>\n","protected":false},"excerpt":{"rendered":"<p>OFM<\/p>\n","protected":false},"author":3,"featured_media":245605,"comment_status":"open","ping_status":"open","sticky":false,"template":"","format":"standard","meta":[],"categories":[1],"tags":[128],"acf":[],"yoast_head":"<!-- This site is optimized with the Yoast SEO plugin v19.2 - https:\/\/yoast.com\/wordpress\/plugins\/seo\/ -->\n<title>Neste dia 29, Ordem Franciscana celebra 800 anos da Regra e festa de Todos os Santos da Ordem Ser\u00e1fica - Not\u00edcias - Franciscanos<\/title>\n<meta name=\"robots\" content=\"index, follow, max-snippet:-1, max-image-preview:large, max-video-preview:-1\" \/>\n<link rel=\"canonical\" href=\"https:\/\/franciscanos.org.br\/noticias\/nos-800-anos-da-regra-ordem-franciscana-celebra-festa-de-todos-os-santos-da-ordem-serafica.html\" \/>\n<meta property=\"og:locale\" content=\"pt_BR\" \/>\n<meta property=\"og:type\" content=\"article\" \/>\n<meta property=\"og:title\" content=\"Neste dia 29, Ordem Franciscana celebra 800 anos da Regra e festa de Todos os Santos da Ordem Ser\u00e1fica - Not\u00edcias - Franciscanos\" \/>\n<meta property=\"og:description\" content=\"OFM\" \/>\n<meta property=\"og:url\" content=\"https:\/\/franciscanos.org.br\/noticias\/nos-800-anos-da-regra-ordem-franciscana-celebra-festa-de-todos-os-santos-da-ordem-serafica.html\" \/>\n<meta property=\"og:site_name\" content=\"Not\u00edcias - Franciscanos\" \/>\n<meta property=\"article:published_time\" content=\"2023-11-29T03:25:53+00:00\" \/>\n<meta property=\"article:modified_time\" content=\"2023-11-29T09:53:51+00:00\" \/>\n<meta property=\"og:image\" content=\"https:\/\/franciscanos.org.br\/noticias\/wp-content\/uploads\/2023\/11\/ordem-1024x517.jpg\" \/>\n\t<meta property=\"og:image:width\" content=\"1024\" \/>\n\t<meta property=\"og:image:height\" content=\"517\" \/>\n\t<meta property=\"og:image:type\" content=\"image\/jpeg\" \/>\n<meta name=\"author\" content=\"moacir\" \/>\n<meta name=\"twitter:card\" content=\"summary_large_image\" \/>\n<meta name=\"twitter:label1\" content=\"Escrito por\" \/>\n\t<meta name=\"twitter:data1\" content=\"moacir\" \/>\n\t<meta name=\"twitter:label2\" content=\"Est. tempo de leitura\" \/>\n\t<meta name=\"twitter:data2\" content=\"3 minutos\" \/>\n<script type=\"application\/ld+json\" class=\"yoast-schema-graph\">{\"@context\":\"https:\/\/schema.org\",\"@graph\":[{\"@type\":\"WebSite\",\"@id\":\"https:\/\/franciscanos.org.br\/noticias\/#website\",\"url\":\"https:\/\/franciscanos.org.br\/noticias\/\",\"name\":\"Not\u00edcias - Franciscanos\",\"description\":\"Prov\u00edncia Franciscana da Imaculada Concei\u00e7\u00e3o do Brasil - Ordem dos Frades Menores - OFM\",\"potentialAction\":[{\"@type\":\"SearchAction\",\"target\":{\"@type\":\"EntryPoint\",\"urlTemplate\":\"https:\/\/franciscanos.org.br\/noticias\/?s={search_term_string}\"},\"query-input\":\"required name=search_term_string\"}],\"inLanguage\":\"pt-BR\"},{\"@type\":\"ImageObject\",\"inLanguage\":\"pt-BR\",\"@id\":\"https:\/\/franciscanos.org.br\/noticias\/nos-800-anos-da-regra-ordem-franciscana-celebra-festa-de-todos-os-santos-da-ordem-serafica.html#primaryimage\",\"url\":\"https:\/\/franciscanos.org.br\/noticias\/wp-content\/uploads\/2023\/11\/ordem.jpg\",\"contentUrl\":\"https:\/\/franciscanos.org.br\/noticias\/wp-content\/uploads\/2023\/11\/ordem.jpg\",\"width\":1293,\"height\":653},{\"@type\":\"WebPage\",\"@id\":\"https:\/\/franciscanos.org.br\/noticias\/nos-800-anos-da-regra-ordem-franciscana-celebra-festa-de-todos-os-santos-da-ordem-serafica.html#webpage\",\"url\":\"https:\/\/franciscanos.org.br\/noticias\/nos-800-anos-da-regra-ordem-franciscana-celebra-festa-de-todos-os-santos-da-ordem-serafica.html\",\"name\":\"Neste dia 29, Ordem Franciscana celebra 800 anos da Regra e festa de Todos os Santos da Ordem Ser\u00e1fica - Not\u00edcias - Franciscanos\",\"isPartOf\":{\"@id\":\"https:\/\/franciscanos.org.br\/noticias\/#website\"},\"primaryImageOfPage\":{\"@id\":\"https:\/\/franciscanos.org.br\/noticias\/nos-800-anos-da-regra-ordem-franciscana-celebra-festa-de-todos-os-santos-da-ordem-serafica.html#primaryimage\"},\"datePublished\":\"2023-11-29T03:25:53+00:00\",\"dateModified\":\"2023-11-29T09:53:51+00:00\",\"author\":{\"@id\":\"https:\/\/franciscanos.org.br\/noticias\/#\/schema\/person\/b5c8cba458c330ccff548b056e95a5d4\"},\"breadcrumb\":{\"@id\":\"https:\/\/franciscanos.org.br\/noticias\/nos-800-anos-da-regra-ordem-franciscana-celebra-festa-de-todos-os-santos-da-ordem-serafica.html#breadcrumb\"},\"inLanguage\":\"pt-BR\",\"potentialAction\":[{\"@type\":\"ReadAction\",\"target\":[\"https:\/\/franciscanos.org.br\/noticias\/nos-800-anos-da-regra-ordem-franciscana-celebra-festa-de-todos-os-santos-da-ordem-serafica.html\"]}]},{\"@type\":\"BreadcrumbList\",\"@id\":\"https:\/\/franciscanos.org.br\/noticias\/nos-800-anos-da-regra-ordem-franciscana-celebra-festa-de-todos-os-santos-da-ordem-serafica.html#breadcrumb\",\"itemListElement\":[{\"@type\":\"ListItem\",\"position\":1,\"name\":\"Home\",\"item\":\"https:\/\/franciscanos.org.br\/noticias\"},{\"@type\":\"ListItem\",\"position\":2,\"name\":\"Neste dia 29, Ordem Franciscana celebra 800 anos da Regra e festa de Todos os Santos da Ordem Ser\u00e1fica\"}]},{\"@type\":\"Person\",\"@id\":\"https:\/\/franciscanos.org.br\/noticias\/#\/schema\/person\/b5c8cba458c330ccff548b056e95a5d4\",\"name\":\"moacir\",\"image\":{\"@type\":\"ImageObject\",\"inLanguage\":\"pt-BR\",\"@id\":\"https:\/\/franciscanos.org.br\/noticias\/#\/schema\/person\/image\/\",\"url\":\"https:\/\/secure.gravatar.com\/avatar\/d08aa2ce4c8dd416d4479aa8536fcf64?s=96&d=mm&r=g\",\"contentUrl\":\"https:\/\/secure.gravatar.com\/avatar\/d08aa2ce4c8dd416d4479aa8536fcf64?s=96&d=mm&r=g\",\"caption\":\"moacir\"},\"url\":\"https:\/\/franciscanos.org.br\/noticias\/author\/moacir\"}]}<\/script>\n<!-- \/ Yoast SEO plugin. -->","yoast_head_json":{"title":"Neste dia 29, Ordem Franciscana celebra 800 anos da Regra e festa de Todos os Santos da Ordem Ser\u00e1fica - Not\u00edcias - Franciscanos","robots":{"index":"index","follow":"follow","max-snippet":"max-snippet:-1","max-image-preview":"max-image-preview:large","max-video-preview":"max-video-preview:-1"},"canonical":"https:\/\/franciscanos.org.br\/noticias\/nos-800-anos-da-regra-ordem-franciscana-celebra-festa-de-todos-os-santos-da-ordem-serafica.html","og_locale":"pt_BR","og_type":"article","og_title":"Neste dia 29, Ordem Franciscana celebra 800 anos da Regra e festa de Todos os Santos da Ordem Ser\u00e1fica - Not\u00edcias - Franciscanos","og_description":"OFM","og_url":"https:\/\/franciscanos.org.br\/noticias\/nos-800-anos-da-regra-ordem-franciscana-celebra-festa-de-todos-os-santos-da-ordem-serafica.html","og_site_name":"Not\u00edcias - Franciscanos","article_published_time":"2023-11-29T03:25:53+00:00","article_modified_time":"2023-11-29T09:53:51+00:00","og_image":[{"width":1024,"height":517,"url":"https:\/\/franciscanos.org.br\/noticias\/wp-content\/uploads\/2023\/11\/ordem-1024x517.jpg","type":"image\/jpeg"}],"author":"moacir","twitter_card":"summary_large_image","twitter_misc":{"Escrito por":"moacir","Est. tempo de leitura":"3 minutos"},"schema":{"@context":"https:\/\/schema.org","@graph":[{"@type":"WebSite","@id":"https:\/\/franciscanos.org.br\/noticias\/#website","url":"https:\/\/franciscanos.org.br\/noticias\/","name":"Not\u00edcias - Franciscanos","description":"Prov\u00edncia Franciscana da Imaculada Concei\u00e7\u00e3o do Brasil - Ordem dos Frades Menores - OFM","potentialAction":[{"@type":"SearchAction","target":{"@type":"EntryPoint","urlTemplate":"https:\/\/franciscanos.org.br\/noticias\/?s={search_term_string}"},"query-input":"required name=search_term_string"}],"inLanguage":"pt-BR"},{"@type":"ImageObject","inLanguage":"pt-BR","@id":"https:\/\/franciscanos.org.br\/noticias\/nos-800-anos-da-regra-ordem-franciscana-celebra-festa-de-todos-os-santos-da-ordem-serafica.html#primaryimage","url":"https:\/\/franciscanos.org.br\/noticias\/wp-content\/uploads\/2023\/11\/ordem.jpg","contentUrl":"https:\/\/franciscanos.org.br\/noticias\/wp-content\/uploads\/2023\/11\/ordem.jpg","width":1293,"height":653},{"@type":"WebPage","@id":"https:\/\/franciscanos.org.br\/noticias\/nos-800-anos-da-regra-ordem-franciscana-celebra-festa-de-todos-os-santos-da-ordem-serafica.html#webpage","url":"https:\/\/franciscanos.org.br\/noticias\/nos-800-anos-da-regra-ordem-franciscana-celebra-festa-de-todos-os-santos-da-ordem-serafica.html","name":"Neste dia 29, Ordem Franciscana celebra 800 anos da Regra e festa de Todos os Santos da Ordem Ser\u00e1fica - Not\u00edcias - Franciscanos","isPartOf":{"@id":"https:\/\/franciscanos.org.br\/noticias\/#website"},"primaryImageOfPage":{"@id":"https:\/\/franciscanos.org.br\/noticias\/nos-800-anos-da-regra-ordem-franciscana-celebra-festa-de-todos-os-santos-da-ordem-serafica.html#primaryimage"},"datePublished":"2023-11-29T03:25:53+00:00","dateModified":"2023-11-29T09:53:51+00:00","author":{"@id":"https:\/\/franciscanos.org.br\/noticias\/#\/schema\/person\/b5c8cba458c330ccff548b056e95a5d4"},"breadcrumb":{"@id":"https:\/\/franciscanos.org.br\/noticias\/nos-800-anos-da-regra-ordem-franciscana-celebra-festa-de-todos-os-santos-da-ordem-serafica.html#breadcrumb"},"inLanguage":"pt-BR","potentialAction":[{"@type":"ReadAction","target":["https:\/\/franciscanos.org.br\/noticias\/nos-800-anos-da-regra-ordem-franciscana-celebra-festa-de-todos-os-santos-da-ordem-serafica.html"]}]},{"@type":"BreadcrumbList","@id":"https:\/\/franciscanos.org.br\/noticias\/nos-800-anos-da-regra-ordem-franciscana-celebra-festa-de-todos-os-santos-da-ordem-serafica.html#breadcrumb","itemListElement":[{"@type":"ListItem","position":1,"name":"Home","item":"https:\/\/franciscanos.org.br\/noticias"},{"@type":"ListItem","position":2,"name":"Neste dia 29, Ordem Franciscana celebra 800 anos da Regra e festa de Todos os Santos da Ordem Ser\u00e1fica"}]},{"@type":"Person","@id":"https:\/\/franciscanos.org.br\/noticias\/#\/schema\/person\/b5c8cba458c330ccff548b056e95a5d4","name":"moacir","image":{"@type":"ImageObject","inLanguage":"pt-BR","@id":"https:\/\/franciscanos.org.br\/noticias\/#\/schema\/person\/image\/","url":"https:\/\/secure.gravatar.com\/avatar\/d08aa2ce4c8dd416d4479aa8536fcf64?s=96&d=mm&r=g","contentUrl":"https:\/\/secure.gravatar.com\/avatar\/d08aa2ce4c8dd416d4479aa8536fcf64?s=96&d=mm&r=g","caption":"moacir"},"url":"https:\/\/franciscanos.org.br\/noticias\/author\/moacir"}]}},"_links":{"self":[{"href":"https:\/\/franciscanos.org.br\/noticias\/wp-json\/wp\/v2\/posts\/245604"}],"collection":[{"href":"https:\/\/franciscanos.org.br\/noticias\/wp-json\/wp\/v2\/posts"}],"about":[{"href":"https:\/\/franciscanos.org.br\/noticias\/wp-json\/wp\/v2\/types\/post"}],"author":[{"embeddable":true,"href":"https:\/\/franciscanos.org.br\/noticias\/wp-json\/wp\/v2\/users\/3"}],"replies":[{"embeddable":true,"href":"https:\/\/franciscanos.org.br\/noticias\/wp-json\/wp\/v2\/comments?post=245604"}],"version-history":[{"count":4,"href":"https:\/\/franciscanos.org.br\/noticias\/wp-json\/wp\/v2\/posts\/245604\/revisions"}],"predecessor-version":[{"id":245610,"href":"https:\/\/franciscanos.org.br\/noticias\/wp-json\/wp\/v2\/posts\/245604\/revisions\/245610"}],"wp:featuredmedia":[{"embeddable":true,"href":"https:\/\/franciscanos.org.br\/noticias\/wp-json\/wp\/v2\/media\/245605"}],"wp:attachment":[{"href":"https:\/\/franciscanos.org.br\/noticias\/wp-json\/wp\/v2\/media?parent=245604"}],"wp:term":[{"taxonomy":"category","embeddable":true,"href":"https:\/\/franciscanos.org.br\/noticias\/wp-json\/wp\/v2\/categories?post=245604"},{"taxonomy":"post_tag","embeddable":true,"href":"https:\/\/franciscanos.org.br\/noticias\/wp-json\/wp\/v2\/tags?post=245604"}],"curies":[{"name":"wp","href":"https:\/\/api.w.org\/{rel}","templated":true}]}}