{"id":245597,"date":"2023-11-27T07:03:26","date_gmt":"2023-11-27T10:03:26","guid":{"rendered":"https:\/\/franciscanos.org.br\/noticias\/?p=245597"},"modified":"2023-11-27T07:03:26","modified_gmt":"2023-11-27T10:03:26","slug":"frades-com-ate-10-anos-de-profissao-solene-se-reunem-em-agudos-para-retiro","status":"publish","type":"post","link":"https:\/\/franciscanos.org.br\/noticias\/frades-com-ate-10-anos-de-profissao-solene-se-reunem-em-agudos-para-retiro.html","title":{"rendered":"Frades com at\u00e9 10 anos de profiss\u00e3o solene se re\u00fanem em Agudos para retiro"},"content":{"rendered":"<p><img loading=\"lazy\" class=\"alignnone size-full wp-image-245598\" src=\"https:\/\/franciscanos.org.br\/noticias\/wp-content\/uploads\/2023\/11\/retiro_2711.jpg\" alt=\"\" width=\"1280\" height=\"720\" srcset=\"https:\/\/franciscanos.org.br\/noticias\/wp-content\/uploads\/2023\/11\/retiro_2711.jpg 1280w, https:\/\/franciscanos.org.br\/noticias\/wp-content\/uploads\/2023\/11\/retiro_2711-450x253.jpg 450w, https:\/\/franciscanos.org.br\/noticias\/wp-content\/uploads\/2023\/11\/retiro_2711-1024x576.jpg 1024w, https:\/\/franciscanos.org.br\/noticias\/wp-content\/uploads\/2023\/11\/retiro_2711-768x432.jpg 768w, https:\/\/franciscanos.org.br\/noticias\/wp-content\/uploads\/2023\/11\/retiro_2711-150x84.jpg 150w\" sizes=\"(max-width: 1280px) 100vw, 1280px\" \/><\/p>\n<p>As institui\u00e7\u00f5es podem se valer da din\u00e2mica de dividir os seus membros por grupos de interesse para facilitar as inst\u00e2ncias de anima\u00e7\u00e3o. Isso tem em vista tamb\u00e9m a organiza\u00e7\u00e3o de assuntos comuns, a facilita\u00e7\u00e3o de processos, a averba\u00e7\u00e3o de solicita\u00e7\u00f5es. Com a Ordem dos Frades Menores n\u00e3o \u00e9 diferente. O grupo chamado Sub-10, que comp\u00f5e os frades que tem at\u00e9 10 anos de profiss\u00e3o solene, \u00e9 institu\u00eddo na Ordem como faixa et\u00e1ria a se encontrar periodicamente, uma vez que s\u00e3o aqueles irm\u00e3os que d\u00e3o os primeiros passos no tempo de profiss\u00e3o perp\u00e9tua.<\/p>\n<p>Al\u00e9m de fazer vir \u00e0 tona quest\u00f5es comuns, e n\u00e3o menos importante, facilitar o aprofundamento da amizade j\u00e1 existente nesta parcela de frades que conviveu muitas vezes durante o processo de forma\u00e7\u00e3o inicial, os encontros sub-10 querem ser um mergulho no carisma a partir do olhar dos mais jovens. E para isso a fraternidade provincial se valeu de um retiro anual focado nestes irm\u00e3os, que aconteceu entre os dias 20 a 24 de novembro de 2023 em Agudos\/SP, na Fraternidade do Semin\u00e1rio Santo Ant\u00f4nio. 16 irm\u00e3os desta faixa et\u00e1ria conseguiram se fazer presentes, contando com a orienta\u00e7\u00e3o do pregador Frei Jonas Nogueira, mineiro, da Prov\u00edncia Santa Cruz.<\/p>\n<p><img loading=\"lazy\" class=\"alignnone size-full wp-image-245599\" src=\"https:\/\/franciscanos.org.br\/noticias\/wp-content\/uploads\/2023\/11\/retiro_2711_1.jpg\" alt=\"\" width=\"1280\" height=\"748\" srcset=\"https:\/\/franciscanos.org.br\/noticias\/wp-content\/uploads\/2023\/11\/retiro_2711_1.jpg 1280w, https:\/\/franciscanos.org.br\/noticias\/wp-content\/uploads\/2023\/11\/retiro_2711_1-450x263.jpg 450w, https:\/\/franciscanos.org.br\/noticias\/wp-content\/uploads\/2023\/11\/retiro_2711_1-1024x598.jpg 1024w, https:\/\/franciscanos.org.br\/noticias\/wp-content\/uploads\/2023\/11\/retiro_2711_1-768x449.jpg 768w, https:\/\/franciscanos.org.br\/noticias\/wp-content\/uploads\/2023\/11\/retiro_2711_1-150x88.jpg 150w\" sizes=\"(max-width: 1280px) 100vw, 1280px\" \/><\/p>\n<p>O pregador oportunamente se valeu de alguns textos m\u00edsticos e a partilha de reflex\u00f5es pessoais \u00e0 luz da espiritualidade crist\u00e3 para enfatizar temas caros aos frades, tais como: o processo de ruptura; a viv\u00eancia dos conselhos evang\u00e9licos de sem nada de pr\u00f3prio, obedi\u00eancia e castidade; a centralidade da pessoa de Cristo e o necess\u00e1rio dom do amor como fonte de consagra\u00e7\u00e3o. Somados aos encontros em grupo, foram ben\u00e9ficos os tempos de deserto, que multiplicados, asseguraram uma reflex\u00e3o pessoal para cada frade. Os momentos de partilha, devo\u00e7\u00f5es, celebra\u00e7\u00f5es eucar\u00edsticas, refei\u00e7\u00f5es e conv\u00edvio acresceram o bom andamento do retiro. O encerramento do encontro se deu com uma avalia\u00e7\u00e3o onde se salientou a import\u00e2ncia de ocasi\u00f5es tais como essa e tamb\u00e9m algumas indica\u00e7\u00f5es de uma participa\u00e7\u00e3o efetiva deste grupo no Cap\u00edtulo Provincial de 2024.<\/p>\n<hr \/>\n<p><em>Frei Gabriel Dellandrea<\/em><\/p>\n<p><img loading=\"lazy\" class=\"alignnone size-full wp-image-245600\" src=\"https:\/\/franciscanos.org.br\/noticias\/wp-content\/uploads\/2023\/11\/retiro_2711_2.jpg\" alt=\"\" width=\"1280\" height=\"850\" srcset=\"https:\/\/franciscanos.org.br\/noticias\/wp-content\/uploads\/2023\/11\/retiro_2711_2.jpg 1280w, https:\/\/franciscanos.org.br\/noticias\/wp-content\/uploads\/2023\/11\/retiro_2711_2-450x299.jpg 450w, https:\/\/franciscanos.org.br\/noticias\/wp-content\/uploads\/2023\/11\/retiro_2711_2-1024x680.jpg 1024w, https:\/\/franciscanos.org.br\/noticias\/wp-content\/uploads\/2023\/11\/retiro_2711_2-768x510.jpg 768w, https:\/\/franciscanos.org.br\/noticias\/wp-content\/uploads\/2023\/11\/retiro_2711_2-150x100.jpg 150w\" sizes=\"(max-width: 1280px) 100vw, 1280px\" \/><\/p>\n","protected":false},"excerpt":{"rendered":"<p>Forma\u00e7\u00e3o Permanente<\/p>\n","protected":false},"author":3,"featured_media":245598,"comment_status":"open","ping_status":"open","sticky":false,"template":"","format":"standard","meta":[],"categories":[1],"tags":[497],"acf":[],"yoast_head":"<!-- This site is optimized with the Yoast SEO plugin v19.2 - https:\/\/yoast.com\/wordpress\/plugins\/seo\/ -->\n<title>Frades com at\u00e9 10 anos de profiss\u00e3o solene se re\u00fanem em Agudos para retiro - Not\u00edcias - Franciscanos<\/title>\n<meta name=\"robots\" content=\"index, follow, max-snippet:-1, max-image-preview:large, max-video-preview:-1\" \/>\n<link rel=\"canonical\" href=\"https:\/\/franciscanos.org.br\/noticias\/frades-com-ate-10-anos-de-profissao-solene-se-reunem-em-agudos-para-retiro.html\" \/>\n<meta property=\"og:locale\" content=\"pt_BR\" \/>\n<meta property=\"og:type\" content=\"article\" \/>\n<meta property=\"og:title\" content=\"Frades com at\u00e9 10 anos de profiss\u00e3o solene se re\u00fanem em Agudos para retiro - Not\u00edcias - Franciscanos\" \/>\n<meta property=\"og:description\" content=\"Forma\u00e7\u00e3o Permanente\" \/>\n<meta property=\"og:url\" content=\"https:\/\/franciscanos.org.br\/noticias\/frades-com-ate-10-anos-de-profissao-solene-se-reunem-em-agudos-para-retiro.html\" \/>\n<meta property=\"og:site_name\" content=\"Not\u00edcias - Franciscanos\" \/>\n<meta property=\"article:published_time\" content=\"2023-11-27T10:03:26+00:00\" \/>\n<meta property=\"og:image\" content=\"https:\/\/franciscanos.org.br\/noticias\/wp-content\/uploads\/2023\/11\/retiro_2711.jpg\" \/>\n\t<meta property=\"og:image:width\" content=\"1280\" \/>\n\t<meta property=\"og:image:height\" content=\"720\" \/>\n\t<meta property=\"og:image:type\" content=\"image\/jpeg\" \/>\n<meta name=\"author\" content=\"moacir\" \/>\n<meta name=\"twitter:card\" content=\"summary_large_image\" \/>\n<meta name=\"twitter:label1\" content=\"Escrito por\" \/>\n\t<meta name=\"twitter:data1\" content=\"moacir\" \/>\n\t<meta name=\"twitter:label2\" content=\"Est. tempo de leitura\" \/>\n\t<meta name=\"twitter:data2\" content=\"2 minutos\" \/>\n<script type=\"application\/ld+json\" class=\"yoast-schema-graph\">{\"@context\":\"https:\/\/schema.org\",\"@graph\":[{\"@type\":\"WebSite\",\"@id\":\"https:\/\/franciscanos.org.br\/noticias\/#website\",\"url\":\"https:\/\/franciscanos.org.br\/noticias\/\",\"name\":\"Not\u00edcias - Franciscanos\",\"description\":\"Prov\u00edncia Franciscana da Imaculada Concei\u00e7\u00e3o do Brasil - Ordem dos Frades Menores - OFM\",\"potentialAction\":[{\"@type\":\"SearchAction\",\"target\":{\"@type\":\"EntryPoint\",\"urlTemplate\":\"https:\/\/franciscanos.org.br\/noticias\/?s={search_term_string}\"},\"query-input\":\"required name=search_term_string\"}],\"inLanguage\":\"pt-BR\"},{\"@type\":\"ImageObject\",\"inLanguage\":\"pt-BR\",\"@id\":\"https:\/\/franciscanos.org.br\/noticias\/frades-com-ate-10-anos-de-profissao-solene-se-reunem-em-agudos-para-retiro.html#primaryimage\",\"url\":\"https:\/\/franciscanos.org.br\/noticias\/wp-content\/uploads\/2023\/11\/retiro_2711.jpg\",\"contentUrl\":\"https:\/\/franciscanos.org.br\/noticias\/wp-content\/uploads\/2023\/11\/retiro_2711.jpg\",\"width\":1280,\"height\":720},{\"@type\":\"WebPage\",\"@id\":\"https:\/\/franciscanos.org.br\/noticias\/frades-com-ate-10-anos-de-profissao-solene-se-reunem-em-agudos-para-retiro.html#webpage\",\"url\":\"https:\/\/franciscanos.org.br\/noticias\/frades-com-ate-10-anos-de-profissao-solene-se-reunem-em-agudos-para-retiro.html\",\"name\":\"Frades com at\u00e9 10 anos de profiss\u00e3o solene se re\u00fanem em Agudos para retiro - Not\u00edcias - Franciscanos\",\"isPartOf\":{\"@id\":\"https:\/\/franciscanos.org.br\/noticias\/#website\"},\"primaryImageOfPage\":{\"@id\":\"https:\/\/franciscanos.org.br\/noticias\/frades-com-ate-10-anos-de-profissao-solene-se-reunem-em-agudos-para-retiro.html#primaryimage\"},\"datePublished\":\"2023-11-27T10:03:26+00:00\",\"dateModified\":\"2023-11-27T10:03:26+00:00\",\"author\":{\"@id\":\"https:\/\/franciscanos.org.br\/noticias\/#\/schema\/person\/b5c8cba458c330ccff548b056e95a5d4\"},\"breadcrumb\":{\"@id\":\"https:\/\/franciscanos.org.br\/noticias\/frades-com-ate-10-anos-de-profissao-solene-se-reunem-em-agudos-para-retiro.html#breadcrumb\"},\"inLanguage\":\"pt-BR\",\"potentialAction\":[{\"@type\":\"ReadAction\",\"target\":[\"https:\/\/franciscanos.org.br\/noticias\/frades-com-ate-10-anos-de-profissao-solene-se-reunem-em-agudos-para-retiro.html\"]}]},{\"@type\":\"BreadcrumbList\",\"@id\":\"https:\/\/franciscanos.org.br\/noticias\/frades-com-ate-10-anos-de-profissao-solene-se-reunem-em-agudos-para-retiro.html#breadcrumb\",\"itemListElement\":[{\"@type\":\"ListItem\",\"position\":1,\"name\":\"Home\",\"item\":\"https:\/\/franciscanos.org.br\/noticias\"},{\"@type\":\"ListItem\",\"position\":2,\"name\":\"Frades com at\u00e9 10 anos de profiss\u00e3o solene se re\u00fanem em Agudos para retiro\"}]},{\"@type\":\"Person\",\"@id\":\"https:\/\/franciscanos.org.br\/noticias\/#\/schema\/person\/b5c8cba458c330ccff548b056e95a5d4\",\"name\":\"moacir\",\"image\":{\"@type\":\"ImageObject\",\"inLanguage\":\"pt-BR\",\"@id\":\"https:\/\/franciscanos.org.br\/noticias\/#\/schema\/person\/image\/\",\"url\":\"https:\/\/secure.gravatar.com\/avatar\/d08aa2ce4c8dd416d4479aa8536fcf64?s=96&d=mm&r=g\",\"contentUrl\":\"https:\/\/secure.gravatar.com\/avatar\/d08aa2ce4c8dd416d4479aa8536fcf64?s=96&d=mm&r=g\",\"caption\":\"moacir\"},\"url\":\"https:\/\/franciscanos.org.br\/noticias\/author\/moacir\"}]}<\/script>\n<!-- \/ Yoast SEO plugin. -->","yoast_head_json":{"title":"Frades com at\u00e9 10 anos de profiss\u00e3o solene se re\u00fanem em Agudos para retiro - Not\u00edcias - Franciscanos","robots":{"index":"index","follow":"follow","max-snippet":"max-snippet:-1","max-image-preview":"max-image-preview:large","max-video-preview":"max-video-preview:-1"},"canonical":"https:\/\/franciscanos.org.br\/noticias\/frades-com-ate-10-anos-de-profissao-solene-se-reunem-em-agudos-para-retiro.html","og_locale":"pt_BR","og_type":"article","og_title":"Frades com at\u00e9 10 anos de profiss\u00e3o solene se re\u00fanem em Agudos para retiro - Not\u00edcias - Franciscanos","og_description":"Forma\u00e7\u00e3o Permanente","og_url":"https:\/\/franciscanos.org.br\/noticias\/frades-com-ate-10-anos-de-profissao-solene-se-reunem-em-agudos-para-retiro.html","og_site_name":"Not\u00edcias - Franciscanos","article_published_time":"2023-11-27T10:03:26+00:00","og_image":[{"width":1280,"height":720,"url":"https:\/\/franciscanos.org.br\/noticias\/wp-content\/uploads\/2023\/11\/retiro_2711.jpg","type":"image\/jpeg"}],"author":"moacir","twitter_card":"summary_large_image","twitter_misc":{"Escrito por":"moacir","Est. tempo de leitura":"2 minutos"},"schema":{"@context":"https:\/\/schema.org","@graph":[{"@type":"WebSite","@id":"https:\/\/franciscanos.org.br\/noticias\/#website","url":"https:\/\/franciscanos.org.br\/noticias\/","name":"Not\u00edcias - Franciscanos","description":"Prov\u00edncia Franciscana da Imaculada Concei\u00e7\u00e3o do Brasil - Ordem dos Frades Menores - OFM","potentialAction":[{"@type":"SearchAction","target":{"@type":"EntryPoint","urlTemplate":"https:\/\/franciscanos.org.br\/noticias\/?s={search_term_string}"},"query-input":"required name=search_term_string"}],"inLanguage":"pt-BR"},{"@type":"ImageObject","inLanguage":"pt-BR","@id":"https:\/\/franciscanos.org.br\/noticias\/frades-com-ate-10-anos-de-profissao-solene-se-reunem-em-agudos-para-retiro.html#primaryimage","url":"https:\/\/franciscanos.org.br\/noticias\/wp-content\/uploads\/2023\/11\/retiro_2711.jpg","contentUrl":"https:\/\/franciscanos.org.br\/noticias\/wp-content\/uploads\/2023\/11\/retiro_2711.jpg","width":1280,"height":720},{"@type":"WebPage","@id":"https:\/\/franciscanos.org.br\/noticias\/frades-com-ate-10-anos-de-profissao-solene-se-reunem-em-agudos-para-retiro.html#webpage","url":"https:\/\/franciscanos.org.br\/noticias\/frades-com-ate-10-anos-de-profissao-solene-se-reunem-em-agudos-para-retiro.html","name":"Frades com at\u00e9 10 anos de profiss\u00e3o solene se re\u00fanem em Agudos para retiro - Not\u00edcias - Franciscanos","isPartOf":{"@id":"https:\/\/franciscanos.org.br\/noticias\/#website"},"primaryImageOfPage":{"@id":"https:\/\/franciscanos.org.br\/noticias\/frades-com-ate-10-anos-de-profissao-solene-se-reunem-em-agudos-para-retiro.html#primaryimage"},"datePublished":"2023-11-27T10:03:26+00:00","dateModified":"2023-11-27T10:03:26+00:00","author":{"@id":"https:\/\/franciscanos.org.br\/noticias\/#\/schema\/person\/b5c8cba458c330ccff548b056e95a5d4"},"breadcrumb":{"@id":"https:\/\/franciscanos.org.br\/noticias\/frades-com-ate-10-anos-de-profissao-solene-se-reunem-em-agudos-para-retiro.html#breadcrumb"},"inLanguage":"pt-BR","potentialAction":[{"@type":"ReadAction","target":["https:\/\/franciscanos.org.br\/noticias\/frades-com-ate-10-anos-de-profissao-solene-se-reunem-em-agudos-para-retiro.html"]}]},{"@type":"BreadcrumbList","@id":"https:\/\/franciscanos.org.br\/noticias\/frades-com-ate-10-anos-de-profissao-solene-se-reunem-em-agudos-para-retiro.html#breadcrumb","itemListElement":[{"@type":"ListItem","position":1,"name":"Home","item":"https:\/\/franciscanos.org.br\/noticias"},{"@type":"ListItem","position":2,"name":"Frades com at\u00e9 10 anos de profiss\u00e3o solene se re\u00fanem em Agudos para retiro"}]},{"@type":"Person","@id":"https:\/\/franciscanos.org.br\/noticias\/#\/schema\/person\/b5c8cba458c330ccff548b056e95a5d4","name":"moacir","image":{"@type":"ImageObject","inLanguage":"pt-BR","@id":"https:\/\/franciscanos.org.br\/noticias\/#\/schema\/person\/image\/","url":"https:\/\/secure.gravatar.com\/avatar\/d08aa2ce4c8dd416d4479aa8536fcf64?s=96&d=mm&r=g","contentUrl":"https:\/\/secure.gravatar.com\/avatar\/d08aa2ce4c8dd416d4479aa8536fcf64?s=96&d=mm&r=g","caption":"moacir"},"url":"https:\/\/franciscanos.org.br\/noticias\/author\/moacir"}]}},"_links":{"self":[{"href":"https:\/\/franciscanos.org.br\/noticias\/wp-json\/wp\/v2\/posts\/245597"}],"collection":[{"href":"https:\/\/franciscanos.org.br\/noticias\/wp-json\/wp\/v2\/posts"}],"about":[{"href":"https:\/\/franciscanos.org.br\/noticias\/wp-json\/wp\/v2\/types\/post"}],"author":[{"embeddable":true,"href":"https:\/\/franciscanos.org.br\/noticias\/wp-json\/wp\/v2\/users\/3"}],"replies":[{"embeddable":true,"href":"https:\/\/franciscanos.org.br\/noticias\/wp-json\/wp\/v2\/comments?post=245597"}],"version-history":[{"count":1,"href":"https:\/\/franciscanos.org.br\/noticias\/wp-json\/wp\/v2\/posts\/245597\/revisions"}],"predecessor-version":[{"id":245601,"href":"https:\/\/franciscanos.org.br\/noticias\/wp-json\/wp\/v2\/posts\/245597\/revisions\/245601"}],"wp:featuredmedia":[{"embeddable":true,"href":"https:\/\/franciscanos.org.br\/noticias\/wp-json\/wp\/v2\/media\/245598"}],"wp:attachment":[{"href":"https:\/\/franciscanos.org.br\/noticias\/wp-json\/wp\/v2\/media?parent=245597"}],"wp:term":[{"taxonomy":"category","embeddable":true,"href":"https:\/\/franciscanos.org.br\/noticias\/wp-json\/wp\/v2\/categories?post=245597"},{"taxonomy":"post_tag","embeddable":true,"href":"https:\/\/franciscanos.org.br\/noticias\/wp-json\/wp\/v2\/tags?post=245597"}],"curies":[{"name":"wp","href":"https:\/\/api.w.org\/{rel}","templated":true}]}}