{"id":245581,"date":"2023-11-29T00:08:31","date_gmt":"2023-11-29T03:08:31","guid":{"rendered":"https:\/\/franciscanos.org.br\/noticias\/?p=245581"},"modified":"2023-11-29T06:45:39","modified_gmt":"2023-11-29T09:45:39","slug":"frei-cesare-vaiani-fala-sobre-o-jubileu-da-regra-bulada-a-ser-celebrado-no-dia-29-de-novembro","status":"publish","type":"post","link":"https:\/\/franciscanos.org.br\/noticias\/frei-cesare-vaiani-fala-sobre-o-jubileu-da-regra-bulada-a-ser-celebrado-no-dia-29-de-novembro.html","title":{"rendered":"Frei Cesare Vaiani fala sobre o Jubileu da Regra Bulada a ser celebrado no dia 29 de novembro"},"content":{"rendered":"<p><img loading=\"lazy\" class=\"alignnone size-full wp-image-245582\" src=\"https:\/\/franciscanos.org.br\/noticias\/wp-content\/uploads\/2023\/11\/cesar.jpg\" alt=\"\" width=\"1280\" height=\"720\" srcset=\"https:\/\/franciscanos.org.br\/noticias\/wp-content\/uploads\/2023\/11\/cesar.jpg 1280w, https:\/\/franciscanos.org.br\/noticias\/wp-content\/uploads\/2023\/11\/cesar-450x253.jpg 450w, https:\/\/franciscanos.org.br\/noticias\/wp-content\/uploads\/2023\/11\/cesar-1024x576.jpg 1024w, https:\/\/franciscanos.org.br\/noticias\/wp-content\/uploads\/2023\/11\/cesar-768x432.jpg 768w, https:\/\/franciscanos.org.br\/noticias\/wp-content\/uploads\/2023\/11\/cesar-150x84.jpg 150w\" sizes=\"(max-width: 1280px) 100vw, 1280px\" \/><\/p>\n<p>No dia 29 de novembro de 2023 ser\u00e1 realizada a celebra\u00e7\u00e3o para toda a Fam\u00edlia Franciscana pelos 800 anos da Regra, organizada na Bas\u00edlica de S\u00e3o Jo\u00e3o de Latr\u00e3o, em Roma. Uma celebra\u00e7\u00e3o na qual estar\u00e3o presentes os Ministros Gerais da Fam\u00edlia Franciscana e que quer recordar a aprova\u00e7\u00e3o da Regra ocorrida em S\u00e3o Jo\u00e3o de Latr\u00e3o, onde ent\u00e3o residia o Papa. A celebra\u00e7\u00e3o tamb\u00e9m ser\u00e1 transmitida ao vivo pelo site <a href=\"http:\/\/www.centenarifancescani.org\">www.centenarifancescani.org<\/a>.<\/p>\n<p>Por ocasi\u00e3o do VIII centen\u00e1rio da Regra Bulada da Ordem dos Frades Menores, o site da Ordem dos Frades Menores (<a href=\"http:\/\/www.ofm.org\">www.ofm.org<\/a>) entrevistou Frei Cesare Vaiani, OFM, Definidor Geral e membro da Comiss\u00e3o da Fam\u00edlia Franciscana para o VIII Centen\u00e1rio Franciscano.<\/p>\n<p><strong>Frei Cesare, a Regra foi aprovada em 29 de novembro de 1223. Depois de 800 anos, o que o senhor diz hoje aos franciscanos de todo o mundo?<\/strong><\/p>\n<p>O sentido deste Centen\u00e1rio, especialmente para n\u00f3s, frades, que ainda hoje nos comprometemos a viver a Regra, \u00e9 redescobrir o que se diz em poucas palavras no in\u00edcio: A regra e a vida dos frades menores \u00e9 esta: observar o Santo Evangelho do nosso Senhor Jesus Cristo, vivendo na obedi\u00eancia, sem nada de pr\u00f3prio e na castidade. Na sua conclus\u00e3o retoma esta centralidade do Evangelho, afirmando que queremos sempre ser humildes e submissos aos p\u00e9s da Santa Igreja para observar o Santo Evangelho como prometemos. Acredito que a intui\u00e7\u00e3o de que a Regra \u00e9 uma pr\u00e1tica do Evangelho \u00e9 o significado mais importante do Centen\u00e1rio para n\u00f3s, franciscanos.<\/p>\n<p><strong>O caminho que levou Francisco \u00e0 Regra n\u00e3o foi isento de tens\u00f5es internas na fraternidade. Pode falar-nos sobre isso?<\/strong><\/p>\n<p>A Regra Bulada foi precedida por uma hist\u00f3ria de muitos anos, a partir de 1209, quando Francisco com seus frades foi ao Papa para ter sua forma de vida aprovada: nessa ocasi\u00e3o recebeu apenas aprova\u00e7\u00e3o oral, verbal.<\/p>\n<p>Depois, todos os anos, aquele pequeno texto que Francisco trouxera era submetido ao Cap\u00edtulo de Pentecostes, a uma revis\u00e3o dos frades reunidos, na qual se acrescentavam afirma\u00e7\u00f5es, frases, \u201cartigos novos\u201d, dir\u00edamos hoje, fruto da verifica\u00e7\u00e3o de que aconteceu em cada Cap\u00edtulo. E assim essas poucas palavras simples tornaram-se os 24 cap\u00edtulos que temos na chamada Regra n\u00e3o bulada de 1221. N\u00e3o sabemos por que esse texto n\u00e3o foi proposto para aprova\u00e7\u00e3o papal: provavelmente a pr\u00f3pria C\u00faria Romana fez saber que se tratava de um texto demasiado longo, pouco convencional para uma Regra; provavelmente houve um pedido de um texto mais curto e um pouco mais jur\u00eddico.<\/p>\n<p>O pr\u00f3prio Francisco foi encarregado da reda\u00e7\u00e3o deste novo texto, at\u00e9 porque ningu\u00e9m poderia pensar que algu\u00e9m, al\u00e9m dele, pudesse ter uma participa\u00e7\u00e3o nele. Nesta reda\u00e7\u00e3o, realizada em Fonte Colombo [prov\u00edncia de Rieti, It\u00e1lia], segundo a tradi\u00e7\u00e3o foi ajudado por Frei Le\u00e3o, seu secret\u00e1rio nos \u00faltimos anos e amigo, por um certo Frei Bonizzo de Bolonha, de quem sabemos quase nada, e certamente tamb\u00e9m pelo Cardeal Ugolino, porque ele mesmo, depois de se tornar Papa [<em>Greg\u00f3rio IX, ndr<\/em>.], o declarou na bula <em>Quo elongati<\/em> que escreveu alguns anos ap\u00f3s a morte de S\u00e3o Francisco. Houve outras consultas, como narram as fontes biogr\u00e1ficas, que falam tamb\u00e9m do protesto dos frades ministros contra Francisco e a Regra que ele estava escrevendo. Depois de todos estes acontecimentos, certamente acompanhados tamb\u00e9m de uma certa tens\u00e3o, em 1223 &#8211; provavelmente no Pentecostes de 1223 -, o texto de Francisco foi apresentado, novamente revisto, aprovado pelo Cap\u00edtulo e apresentado \u00e0 C\u00faria Romana. O Papa aprovou-o em 29 de novembro de 1223.<\/p>\n<p><strong>A Comiss\u00e3o\u00a0 da Fam\u00edlia Franciscana trabalha h\u00e1 um ano nestes Centen\u00e1rios: voc\u00ea pode nos dar uma primeira avalia\u00e7\u00e3o desta experi\u00eancia colaborativa? E quais novidades para o futuro?<\/strong><\/p>\n<p>A Comiss\u00e3o da qual tamb\u00e9m fa\u00e7o parte come\u00e7ou enviando um texto que pretendia apoiar toda a Fam\u00edlia Franciscana na celebra\u00e7\u00e3o, intitulado: Um Centen\u00e1rio dividido e celebrado em v\u00e1rios centen\u00e1rios. Oferece diretrizes e conte\u00fados para a celebra\u00e7\u00e3o de cada um dos quatro anos que celebraremos de 2023 a 2026.<\/p>\n<p>Se h\u00e1 algo que temos em comum como Fam\u00edlia Franciscana \u00e9 S\u00e3o Francisco e os Centen\u00e1rios. Neste sentido n\u00e3o s\u00e3o exclusivos dos Frades Menores, dos Capuchinhos, dos Conventuais, da Ordem Terceira Regular, da Ordem Franciscana Secular ou dos v\u00e1rios institutos femininos e masculinos da Ordem Terceira regular; isto \u00e9, n\u00e3o \u00e9 exclusivo de um \u00fanico componente da Fam\u00edlia Franciscana. O Centen\u00e1rio de S\u00e3o Francisco \u00e9 algo que nos une naturalmente. Celebr\u00e1-lo juntos ser\u00e1 um sinal de colabora\u00e7\u00e3o, de unidade, e acreditamos que se um dos resultados destes Centen\u00e1rios for aumentar a capacidade de colabora\u00e7\u00e3o entre os diferentes componentes da Fam\u00edlia Franciscana, \u00f3timo! J\u00e1 teremos alcan\u00e7ado um \u00f3timo resultado. Esperamos que seja uma oportunidade para redescobrir a nossa colabora\u00e7\u00e3o.<\/p>\n<hr \/>\n<p><em>Fonte: www.ofm.org<\/em><\/p>\n<p>&nbsp;<\/p>\n","protected":false},"excerpt":{"rendered":"<p>Entrevista<\/p>\n","protected":false},"author":3,"featured_media":245582,"comment_status":"open","ping_status":"open","sticky":false,"template":"","format":"standard","meta":[],"categories":[1],"tags":[2050],"acf":[],"yoast_head":"<!-- This site is optimized with the Yoast SEO plugin v19.2 - https:\/\/yoast.com\/wordpress\/plugins\/seo\/ -->\n<title>Frei Cesare Vaiani fala sobre o Jubileu da Regra Bulada a ser celebrado no dia 29 de novembro - Not\u00edcias - Franciscanos<\/title>\n<meta name=\"robots\" content=\"index, follow, max-snippet:-1, max-image-preview:large, max-video-preview:-1\" \/>\n<link rel=\"canonical\" href=\"https:\/\/franciscanos.org.br\/noticias\/frei-cesare-vaiani-fala-sobre-o-jubileu-da-regra-bulada-a-ser-celebrado-no-dia-29-de-novembro.html\" \/>\n<meta property=\"og:locale\" content=\"pt_BR\" \/>\n<meta property=\"og:type\" content=\"article\" \/>\n<meta property=\"og:title\" content=\"Frei Cesare Vaiani fala sobre o Jubileu da Regra Bulada a ser celebrado no dia 29 de novembro - Not\u00edcias - Franciscanos\" \/>\n<meta property=\"og:description\" content=\"Entrevista\" \/>\n<meta property=\"og:url\" content=\"https:\/\/franciscanos.org.br\/noticias\/frei-cesare-vaiani-fala-sobre-o-jubileu-da-regra-bulada-a-ser-celebrado-no-dia-29-de-novembro.html\" \/>\n<meta property=\"og:site_name\" content=\"Not\u00edcias - Franciscanos\" \/>\n<meta property=\"article:published_time\" content=\"2023-11-29T03:08:31+00:00\" \/>\n<meta property=\"article:modified_time\" content=\"2023-11-29T09:45:39+00:00\" \/>\n<meta property=\"og:image\" content=\"https:\/\/franciscanos.org.br\/noticias\/wp-content\/uploads\/2023\/11\/cesar.jpg\" \/>\n\t<meta property=\"og:image:width\" content=\"1280\" \/>\n\t<meta property=\"og:image:height\" content=\"720\" \/>\n\t<meta property=\"og:image:type\" content=\"image\/jpeg\" \/>\n<meta name=\"author\" content=\"moacir\" \/>\n<meta name=\"twitter:card\" content=\"summary_large_image\" \/>\n<meta name=\"twitter:label1\" content=\"Escrito por\" \/>\n\t<meta name=\"twitter:data1\" content=\"moacir\" \/>\n\t<meta name=\"twitter:label2\" content=\"Est. tempo de leitura\" \/>\n\t<meta name=\"twitter:data2\" content=\"4 minutos\" \/>\n<script type=\"application\/ld+json\" class=\"yoast-schema-graph\">{\"@context\":\"https:\/\/schema.org\",\"@graph\":[{\"@type\":\"WebSite\",\"@id\":\"https:\/\/franciscanos.org.br\/noticias\/#website\",\"url\":\"https:\/\/franciscanos.org.br\/noticias\/\",\"name\":\"Not\u00edcias - Franciscanos\",\"description\":\"Prov\u00edncia Franciscana da Imaculada Concei\u00e7\u00e3o do Brasil - Ordem dos Frades Menores - OFM\",\"potentialAction\":[{\"@type\":\"SearchAction\",\"target\":{\"@type\":\"EntryPoint\",\"urlTemplate\":\"https:\/\/franciscanos.org.br\/noticias\/?s={search_term_string}\"},\"query-input\":\"required name=search_term_string\"}],\"inLanguage\":\"pt-BR\"},{\"@type\":\"ImageObject\",\"inLanguage\":\"pt-BR\",\"@id\":\"https:\/\/franciscanos.org.br\/noticias\/frei-cesare-vaiani-fala-sobre-o-jubileu-da-regra-bulada-a-ser-celebrado-no-dia-29-de-novembro.html#primaryimage\",\"url\":\"https:\/\/franciscanos.org.br\/noticias\/wp-content\/uploads\/2023\/11\/cesar.jpg\",\"contentUrl\":\"https:\/\/franciscanos.org.br\/noticias\/wp-content\/uploads\/2023\/11\/cesar.jpg\",\"width\":1280,\"height\":720},{\"@type\":\"WebPage\",\"@id\":\"https:\/\/franciscanos.org.br\/noticias\/frei-cesare-vaiani-fala-sobre-o-jubileu-da-regra-bulada-a-ser-celebrado-no-dia-29-de-novembro.html#webpage\",\"url\":\"https:\/\/franciscanos.org.br\/noticias\/frei-cesare-vaiani-fala-sobre-o-jubileu-da-regra-bulada-a-ser-celebrado-no-dia-29-de-novembro.html\",\"name\":\"Frei Cesare Vaiani fala sobre o Jubileu da Regra Bulada a ser celebrado no dia 29 de novembro - Not\u00edcias - Franciscanos\",\"isPartOf\":{\"@id\":\"https:\/\/franciscanos.org.br\/noticias\/#website\"},\"primaryImageOfPage\":{\"@id\":\"https:\/\/franciscanos.org.br\/noticias\/frei-cesare-vaiani-fala-sobre-o-jubileu-da-regra-bulada-a-ser-celebrado-no-dia-29-de-novembro.html#primaryimage\"},\"datePublished\":\"2023-11-29T03:08:31+00:00\",\"dateModified\":\"2023-11-29T09:45:39+00:00\",\"author\":{\"@id\":\"https:\/\/franciscanos.org.br\/noticias\/#\/schema\/person\/b5c8cba458c330ccff548b056e95a5d4\"},\"breadcrumb\":{\"@id\":\"https:\/\/franciscanos.org.br\/noticias\/frei-cesare-vaiani-fala-sobre-o-jubileu-da-regra-bulada-a-ser-celebrado-no-dia-29-de-novembro.html#breadcrumb\"},\"inLanguage\":\"pt-BR\",\"potentialAction\":[{\"@type\":\"ReadAction\",\"target\":[\"https:\/\/franciscanos.org.br\/noticias\/frei-cesare-vaiani-fala-sobre-o-jubileu-da-regra-bulada-a-ser-celebrado-no-dia-29-de-novembro.html\"]}]},{\"@type\":\"BreadcrumbList\",\"@id\":\"https:\/\/franciscanos.org.br\/noticias\/frei-cesare-vaiani-fala-sobre-o-jubileu-da-regra-bulada-a-ser-celebrado-no-dia-29-de-novembro.html#breadcrumb\",\"itemListElement\":[{\"@type\":\"ListItem\",\"position\":1,\"name\":\"Home\",\"item\":\"https:\/\/franciscanos.org.br\/noticias\"},{\"@type\":\"ListItem\",\"position\":2,\"name\":\"Frei Cesare Vaiani fala sobre o Jubileu da Regra Bulada a ser celebrado no dia 29 de novembro\"}]},{\"@type\":\"Person\",\"@id\":\"https:\/\/franciscanos.org.br\/noticias\/#\/schema\/person\/b5c8cba458c330ccff548b056e95a5d4\",\"name\":\"moacir\",\"image\":{\"@type\":\"ImageObject\",\"inLanguage\":\"pt-BR\",\"@id\":\"https:\/\/franciscanos.org.br\/noticias\/#\/schema\/person\/image\/\",\"url\":\"https:\/\/secure.gravatar.com\/avatar\/d08aa2ce4c8dd416d4479aa8536fcf64?s=96&d=mm&r=g\",\"contentUrl\":\"https:\/\/secure.gravatar.com\/avatar\/d08aa2ce4c8dd416d4479aa8536fcf64?s=96&d=mm&r=g\",\"caption\":\"moacir\"},\"url\":\"https:\/\/franciscanos.org.br\/noticias\/author\/moacir\"}]}<\/script>\n<!-- \/ Yoast SEO plugin. -->","yoast_head_json":{"title":"Frei Cesare Vaiani fala sobre o Jubileu da Regra Bulada a ser celebrado no dia 29 de novembro - Not\u00edcias - Franciscanos","robots":{"index":"index","follow":"follow","max-snippet":"max-snippet:-1","max-image-preview":"max-image-preview:large","max-video-preview":"max-video-preview:-1"},"canonical":"https:\/\/franciscanos.org.br\/noticias\/frei-cesare-vaiani-fala-sobre-o-jubileu-da-regra-bulada-a-ser-celebrado-no-dia-29-de-novembro.html","og_locale":"pt_BR","og_type":"article","og_title":"Frei Cesare Vaiani fala sobre o Jubileu da Regra Bulada a ser celebrado no dia 29 de novembro - Not\u00edcias - Franciscanos","og_description":"Entrevista","og_url":"https:\/\/franciscanos.org.br\/noticias\/frei-cesare-vaiani-fala-sobre-o-jubileu-da-regra-bulada-a-ser-celebrado-no-dia-29-de-novembro.html","og_site_name":"Not\u00edcias - Franciscanos","article_published_time":"2023-11-29T03:08:31+00:00","article_modified_time":"2023-11-29T09:45:39+00:00","og_image":[{"width":1280,"height":720,"url":"https:\/\/franciscanos.org.br\/noticias\/wp-content\/uploads\/2023\/11\/cesar.jpg","type":"image\/jpeg"}],"author":"moacir","twitter_card":"summary_large_image","twitter_misc":{"Escrito por":"moacir","Est. tempo de leitura":"4 minutos"},"schema":{"@context":"https:\/\/schema.org","@graph":[{"@type":"WebSite","@id":"https:\/\/franciscanos.org.br\/noticias\/#website","url":"https:\/\/franciscanos.org.br\/noticias\/","name":"Not\u00edcias - Franciscanos","description":"Prov\u00edncia Franciscana da Imaculada Concei\u00e7\u00e3o do Brasil - Ordem dos Frades Menores - OFM","potentialAction":[{"@type":"SearchAction","target":{"@type":"EntryPoint","urlTemplate":"https:\/\/franciscanos.org.br\/noticias\/?s={search_term_string}"},"query-input":"required name=search_term_string"}],"inLanguage":"pt-BR"},{"@type":"ImageObject","inLanguage":"pt-BR","@id":"https:\/\/franciscanos.org.br\/noticias\/frei-cesare-vaiani-fala-sobre-o-jubileu-da-regra-bulada-a-ser-celebrado-no-dia-29-de-novembro.html#primaryimage","url":"https:\/\/franciscanos.org.br\/noticias\/wp-content\/uploads\/2023\/11\/cesar.jpg","contentUrl":"https:\/\/franciscanos.org.br\/noticias\/wp-content\/uploads\/2023\/11\/cesar.jpg","width":1280,"height":720},{"@type":"WebPage","@id":"https:\/\/franciscanos.org.br\/noticias\/frei-cesare-vaiani-fala-sobre-o-jubileu-da-regra-bulada-a-ser-celebrado-no-dia-29-de-novembro.html#webpage","url":"https:\/\/franciscanos.org.br\/noticias\/frei-cesare-vaiani-fala-sobre-o-jubileu-da-regra-bulada-a-ser-celebrado-no-dia-29-de-novembro.html","name":"Frei Cesare Vaiani fala sobre o Jubileu da Regra Bulada a ser celebrado no dia 29 de novembro - Not\u00edcias - Franciscanos","isPartOf":{"@id":"https:\/\/franciscanos.org.br\/noticias\/#website"},"primaryImageOfPage":{"@id":"https:\/\/franciscanos.org.br\/noticias\/frei-cesare-vaiani-fala-sobre-o-jubileu-da-regra-bulada-a-ser-celebrado-no-dia-29-de-novembro.html#primaryimage"},"datePublished":"2023-11-29T03:08:31+00:00","dateModified":"2023-11-29T09:45:39+00:00","author":{"@id":"https:\/\/franciscanos.org.br\/noticias\/#\/schema\/person\/b5c8cba458c330ccff548b056e95a5d4"},"breadcrumb":{"@id":"https:\/\/franciscanos.org.br\/noticias\/frei-cesare-vaiani-fala-sobre-o-jubileu-da-regra-bulada-a-ser-celebrado-no-dia-29-de-novembro.html#breadcrumb"},"inLanguage":"pt-BR","potentialAction":[{"@type":"ReadAction","target":["https:\/\/franciscanos.org.br\/noticias\/frei-cesare-vaiani-fala-sobre-o-jubileu-da-regra-bulada-a-ser-celebrado-no-dia-29-de-novembro.html"]}]},{"@type":"BreadcrumbList","@id":"https:\/\/franciscanos.org.br\/noticias\/frei-cesare-vaiani-fala-sobre-o-jubileu-da-regra-bulada-a-ser-celebrado-no-dia-29-de-novembro.html#breadcrumb","itemListElement":[{"@type":"ListItem","position":1,"name":"Home","item":"https:\/\/franciscanos.org.br\/noticias"},{"@type":"ListItem","position":2,"name":"Frei Cesare Vaiani fala sobre o Jubileu da Regra Bulada a ser celebrado no dia 29 de novembro"}]},{"@type":"Person","@id":"https:\/\/franciscanos.org.br\/noticias\/#\/schema\/person\/b5c8cba458c330ccff548b056e95a5d4","name":"moacir","image":{"@type":"ImageObject","inLanguage":"pt-BR","@id":"https:\/\/franciscanos.org.br\/noticias\/#\/schema\/person\/image\/","url":"https:\/\/secure.gravatar.com\/avatar\/d08aa2ce4c8dd416d4479aa8536fcf64?s=96&d=mm&r=g","contentUrl":"https:\/\/secure.gravatar.com\/avatar\/d08aa2ce4c8dd416d4479aa8536fcf64?s=96&d=mm&r=g","caption":"moacir"},"url":"https:\/\/franciscanos.org.br\/noticias\/author\/moacir"}]}},"_links":{"self":[{"href":"https:\/\/franciscanos.org.br\/noticias\/wp-json\/wp\/v2\/posts\/245581"}],"collection":[{"href":"https:\/\/franciscanos.org.br\/noticias\/wp-json\/wp\/v2\/posts"}],"about":[{"href":"https:\/\/franciscanos.org.br\/noticias\/wp-json\/wp\/v2\/types\/post"}],"author":[{"embeddable":true,"href":"https:\/\/franciscanos.org.br\/noticias\/wp-json\/wp\/v2\/users\/3"}],"replies":[{"embeddable":true,"href":"https:\/\/franciscanos.org.br\/noticias\/wp-json\/wp\/v2\/comments?post=245581"}],"version-history":[{"count":2,"href":"https:\/\/franciscanos.org.br\/noticias\/wp-json\/wp\/v2\/posts\/245581\/revisions"}],"predecessor-version":[{"id":245609,"href":"https:\/\/franciscanos.org.br\/noticias\/wp-json\/wp\/v2\/posts\/245581\/revisions\/245609"}],"wp:featuredmedia":[{"embeddable":true,"href":"https:\/\/franciscanos.org.br\/noticias\/wp-json\/wp\/v2\/media\/245582"}],"wp:attachment":[{"href":"https:\/\/franciscanos.org.br\/noticias\/wp-json\/wp\/v2\/media?parent=245581"}],"wp:term":[{"taxonomy":"category","embeddable":true,"href":"https:\/\/franciscanos.org.br\/noticias\/wp-json\/wp\/v2\/categories?post=245581"},{"taxonomy":"post_tag","embeddable":true,"href":"https:\/\/franciscanos.org.br\/noticias\/wp-json\/wp\/v2\/tags?post=245581"}],"curies":[{"name":"wp","href":"https:\/\/api.w.org\/{rel}","templated":true}]}}