{"id":245574,"date":"2023-11-21T09:18:20","date_gmt":"2023-11-21T12:18:20","guid":{"rendered":"https:\/\/franciscanos.org.br\/noticias\/?p=245574"},"modified":"2023-11-21T09:18:20","modified_gmt":"2023-11-21T12:18:20","slug":"papa-francisco-o-meu-presepio","status":"publish","type":"post","link":"https:\/\/franciscanos.org.br\/noticias\/papa-francisco-o-meu-presepio.html","title":{"rendered":"Papa Francisco: O meu Pres\u00e9pio"},"content":{"rendered":"<div id=\"attachment_245575\" style=\"width: 1290px\" class=\"wp-caption alignnone\"><img aria-describedby=\"caption-attachment-245575\" loading=\"lazy\" class=\"wp-image-245575 size-full\" src=\"https:\/\/franciscanos.org.br\/noticias\/wp-content\/uploads\/2023\/11\/papa_01.jpg\" alt=\"\" width=\"1280\" height=\"720\" srcset=\"https:\/\/franciscanos.org.br\/noticias\/wp-content\/uploads\/2023\/11\/papa_01.jpg 1280w, https:\/\/franciscanos.org.br\/noticias\/wp-content\/uploads\/2023\/11\/papa_01-450x253.jpg 450w, https:\/\/franciscanos.org.br\/noticias\/wp-content\/uploads\/2023\/11\/papa_01-1024x576.jpg 1024w, https:\/\/franciscanos.org.br\/noticias\/wp-content\/uploads\/2023\/11\/papa_01-768x432.jpg 768w, https:\/\/franciscanos.org.br\/noticias\/wp-content\/uploads\/2023\/11\/papa_01-150x84.jpg 150w\" sizes=\"(max-width: 1280px) 100vw, 1280px\" \/><p id=\"caption-attachment-245575\" class=\"wp-caption-text\">Imagem: Vatican Media<\/p><\/div>\n<p><em>Nesta ter\u00e7a-feira, 21 de novembro, ser\u00e1 publicado em italiano o livro do Papa Francisco \u201cIl mio Presepe. Vi racconto i personaggi del Natale\u201d (O meu Pres\u00e9pio. Conto a voc\u00eas sobre os personagens do Natal, publicado em portugu\u00eas pela Princ\u00edpia Editora, Ld\u00aa, em co-edi\u00e7\u00e3o com a Livraria Editora Vaticana). O livro tamb\u00e9m estar\u00e1 dispon\u00edvel em franc\u00eas, ingl\u00eas, alem\u00e3o, espanhol, esloveno. Publicamos a introdu\u00e7\u00e3o escrita pelo Santo Padre.<\/em><\/p>\n<hr \/>\n<p>Duas vezes desejei ir a Greccio.<\/p>\n<p>A primeira, para conhecer o lugar onde Sa\u0303o Francisco de Assis inventou o prese\u0301pio, que tambe\u0301m marcou a minha infa\u0302ncia: em casa dos meus pais, em Buenos Aires, estava sempre presente este si\u0301mbolo do Natal, mais ate\u0301 do que a a\u0301rvore.<\/p>\n<p>Da segunda vez voltei de boa vontade a esta localidade, hoje situada na provi\u0301ncia de Rieti, para assinar a carta aposto\u0301lica Admirabile Signum sobre o sentido e o significado do prese\u0301pio nos nossos dias.<\/p>\n<p>Em ambas as ocasio\u0303es senti libertar-se uma emoc\u0327a\u0303o especial da gruta onde podemos admirar um fresco medieval que retrata a noite de Bele\u0301m e a de Greccio, que o artista po\u0303e como que em paralelo.<\/p>\n<p>A emoc\u0327a\u0303o daquela visa\u0303o leva-me a aprofundar o miste\u0301rio crista\u0303o que gosta de se esconder dentro daquilo que e\u0301 infinitamente pequeno.<\/p>\n<p>Com efeito, a encarnac\u0327a\u0303o de Jesus Cristo continua a ser o corac\u0327a\u0303o da revelac\u0327a\u0303o de Deus, mesmo quando facilmente se torna discreta a ponto de passar despercebida.<\/p>\n<p>A pequenez e\u0301, de facto, o caminho para encontrar Deus.<\/p>\n<p>\u2022 O meu prese\u0301pio \u2013 Vou falar-vos das personagens do Natal \u2022<\/p>\n<p>Num epita\u0301fio comemorativo de Santo Ina\u0301cio de Loyola diz-se: \u00abNon coerceri a maximo, sed contineri a minimo, divinum est\u00bb NT. E\u0301 divino ter ideais que na\u0303o sejam limitados por nada do que existe, mas ideais que, ao mesmo tempo, se contenham e sejam vividos nas coisas mais pequenas da vida. Em suma, na\u0303o vale a pena assustar-se com as coisas grandes, importa antes andar em frente e reparar sempre nas coisas mais pequenas.<\/p>\n<p>E\u0301 por esta raza\u0303o que salvaguardar o espi\u0301rito do prese\u0301pio se tor- na uma imersa\u0303o salutar na presenc\u0327a de Deus, que se manifesta nas pequenas coisas, por vezes banais e repetitivas, do quotidiano. Saber renunciar a\u0300quilo que seduz, mas leva por maus caminhos, e escolher os caminhos de Deus e\u0301 a tarefa que nos espera. Para este efeito, o dis- cernimento e\u0301 um grande dom e nunca nos devemos cansar de o pedir na orac\u0327a\u0303o. No prese\u0301pio, os pastores sa\u0303o aqueles que acolhem a surpresa de Deus e vivem com espanto o encontro com Ele, adorando-O: na pequenez reconhecem o rosto de Deus. Humanamente, somos todos impelidos a procurar a grandeza, mas e\u0301 um dom saber encontra\u0301- -la de verdade: conseguir encontrar a grandeza naquela pequenez que Deus tanto ama.<\/p>\n<p>Em janeiro de 2016 encontrei-me com jovens de Rieti precisa- mente no Oa\u0301sis do Menino Jesus, pouco acima do Santua\u0301rio do Prese\u0301pio. Recordei-lhes enta\u0303o, e recordo hoje a todos, que sa\u0303o dois os sinais que, no Natal, nos guiam para reconhecer Jesus. Um e\u0301 o ce\u0301u cheio de estrelas. Sa\u0303o tantas, infinitas, mas entre todas brilha uma especial, que impele os Magos a deixar as suas casas e a iniciar uma viagem, um caminho que na\u0303o sabem aonde os vai levar. Acontece o mesmo na nossa vida: em certo momento, uma \u00abestrela\u00bb especial convida-nos a tomar uma decisa\u0303o, a fazer uma escolha, a iniciar um caminho. Devemos pedir a Deus com forc\u0327a que nos mostre essa estrela que nos impele para ale\u0301m dos nossos ha\u0301bitos, porque essa estrela levar-nos-a\u0301 a contemplar Jesus, aquele Menino nascido em Bele\u0301m que quer a nossa felicidade plena.<\/p>\n<p>Naquela noite que se tornou santa pelo nascimento do Salvador encontramos um outro sinal poderoso: a pequenez de Deus. Os anjos mostram aos pastores um menino nascido numa manjedoura. Na\u0303o um sinal de poder, de autossuficie\u0302ncia ou de soberba. Na\u0303o. O Deus eterno reduz-Se a Si pro\u0301prio a um ser humano indefeso, pobre, humilde. Deus rebaixou-Se para que no\u0301s possamos caminhar com Ele e para que Ele possa po\u0302r-Se ao nosso lado; Deus na\u0303o quer po\u0302r-Se acima ou longe de no\u0301s.<\/p>\n<p>Espanto e maravilha sa\u0303o os dois sentimentos que emocionam todos, pequenos e grandes, perante o prese\u0301pio, que e\u0301 como um Evangelho vivo que transborda das pa\u0301ginas da Sagrada Escritura. Na\u0303o inte- ressa como se arranja o prese\u0301pio, se e\u0301 sempre igual ou diferente todos os anos; o que importa e\u0301 que ele fale a\u0300 nossa vida.<\/p>\n<p>O primeiro bio\u0301grafo de Sa\u0303o Francisco, Tommaso da Celano, descreve a noite de Natal de 1223, cujo oitavo centena\u0301rio festejamos este ano. Quando Francisco chegou, encontrou o berc\u0327o com a palha, a vaca e o burrinho. As pessoas que acorreram manifestaram uma alegria indescriti\u0301vel, nunca antes experimentada, perante aquela cena de Natal. Depois o sacerdote celebrou solenemente a Eucaristia sobre a manjedoura, mostrando assim a ligac\u0327a\u0303o entre a Encarnac\u0327a\u0303o do Filho de Deus e a Eucaristia. Em Greccio na\u0303o existia enta\u0303o nenhuma figura: o prese\u0301pio foi feito e vivido pelos pro\u0301prios presentes.<\/p>\n<p>Estou certo de que o primeiro prese\u0301pio, que realizou uma grande obra de evangelizac\u0327a\u0303o, pode ocasionar ainda hoje espanto e maravilha. Assim, o que Sa\u0303o Francisco realizou com a simplicidade daquele gesto permanece nos nossos dias uma forma genui\u0301na da beleza da nossa fe\u0301.<\/p>\n<p><strong>Francisco<\/strong><\/p>\n<p><strong>Cidade do Vaticano, 27 de setembro de 2023<\/strong><\/p>\n<p>*Em portugu\u00eas, o livro foi lan\u00e7ado pela Princ\u00edpia Editora, Ld\u00aa<\/p>\n<hr \/>\n<p><em>Fonte: Vatican News<\/em><\/p>\n","protected":false},"excerpt":{"rendered":"<p>Papa Francisco<\/p>\n","protected":false},"author":3,"featured_media":245575,"comment_status":"open","ping_status":"open","sticky":false,"template":"","format":"standard","meta":[],"categories":[1428],"tags":[55],"acf":[],"yoast_head":"<!-- This site is optimized with the Yoast SEO plugin v19.2 - https:\/\/yoast.com\/wordpress\/plugins\/seo\/ -->\n<title>Papa Francisco: O meu Pres\u00e9pio - Not\u00edcias - Franciscanos<\/title>\n<meta name=\"robots\" content=\"index, follow, max-snippet:-1, max-image-preview:large, max-video-preview:-1\" \/>\n<link rel=\"canonical\" href=\"https:\/\/franciscanos.org.br\/noticias\/papa-francisco-o-meu-presepio.html\" \/>\n<meta property=\"og:locale\" content=\"pt_BR\" \/>\n<meta property=\"og:type\" content=\"article\" \/>\n<meta property=\"og:title\" content=\"Papa Francisco: O meu Pres\u00e9pio - Not\u00edcias - Franciscanos\" \/>\n<meta property=\"og:description\" content=\"Papa Francisco\" \/>\n<meta property=\"og:url\" content=\"https:\/\/franciscanos.org.br\/noticias\/papa-francisco-o-meu-presepio.html\" \/>\n<meta property=\"og:site_name\" content=\"Not\u00edcias - Franciscanos\" \/>\n<meta property=\"article:published_time\" content=\"2023-11-21T12:18:20+00:00\" \/>\n<meta property=\"og:image\" content=\"https:\/\/franciscanos.org.br\/noticias\/wp-content\/uploads\/2023\/11\/papa_01.jpg\" \/>\n\t<meta property=\"og:image:width\" content=\"1280\" \/>\n\t<meta property=\"og:image:height\" content=\"720\" \/>\n\t<meta property=\"og:image:type\" content=\"image\/jpeg\" \/>\n<meta name=\"author\" content=\"moacir\" \/>\n<meta name=\"twitter:card\" content=\"summary_large_image\" \/>\n<meta name=\"twitter:label1\" content=\"Escrito por\" \/>\n\t<meta name=\"twitter:data1\" content=\"moacir\" \/>\n\t<meta name=\"twitter:label2\" content=\"Est. tempo de leitura\" \/>\n\t<meta name=\"twitter:data2\" content=\"5 minutos\" \/>\n<script type=\"application\/ld+json\" class=\"yoast-schema-graph\">{\"@context\":\"https:\/\/schema.org\",\"@graph\":[{\"@type\":\"WebSite\",\"@id\":\"https:\/\/franciscanos.org.br\/noticias\/#website\",\"url\":\"https:\/\/franciscanos.org.br\/noticias\/\",\"name\":\"Not\u00edcias - Franciscanos\",\"description\":\"Prov\u00edncia Franciscana da Imaculada Concei\u00e7\u00e3o do Brasil - Ordem dos Frades Menores - OFM\",\"potentialAction\":[{\"@type\":\"SearchAction\",\"target\":{\"@type\":\"EntryPoint\",\"urlTemplate\":\"https:\/\/franciscanos.org.br\/noticias\/?s={search_term_string}\"},\"query-input\":\"required name=search_term_string\"}],\"inLanguage\":\"pt-BR\"},{\"@type\":\"ImageObject\",\"inLanguage\":\"pt-BR\",\"@id\":\"https:\/\/franciscanos.org.br\/noticias\/papa-francisco-o-meu-presepio.html#primaryimage\",\"url\":\"https:\/\/franciscanos.org.br\/noticias\/wp-content\/uploads\/2023\/11\/papa_01.jpg\",\"contentUrl\":\"https:\/\/franciscanos.org.br\/noticias\/wp-content\/uploads\/2023\/11\/papa_01.jpg\",\"width\":1280,\"height\":720},{\"@type\":\"WebPage\",\"@id\":\"https:\/\/franciscanos.org.br\/noticias\/papa-francisco-o-meu-presepio.html#webpage\",\"url\":\"https:\/\/franciscanos.org.br\/noticias\/papa-francisco-o-meu-presepio.html\",\"name\":\"Papa Francisco: O meu Pres\u00e9pio - Not\u00edcias - Franciscanos\",\"isPartOf\":{\"@id\":\"https:\/\/franciscanos.org.br\/noticias\/#website\"},\"primaryImageOfPage\":{\"@id\":\"https:\/\/franciscanos.org.br\/noticias\/papa-francisco-o-meu-presepio.html#primaryimage\"},\"datePublished\":\"2023-11-21T12:18:20+00:00\",\"dateModified\":\"2023-11-21T12:18:20+00:00\",\"author\":{\"@id\":\"https:\/\/franciscanos.org.br\/noticias\/#\/schema\/person\/b5c8cba458c330ccff548b056e95a5d4\"},\"breadcrumb\":{\"@id\":\"https:\/\/franciscanos.org.br\/noticias\/papa-francisco-o-meu-presepio.html#breadcrumb\"},\"inLanguage\":\"pt-BR\",\"potentialAction\":[{\"@type\":\"ReadAction\",\"target\":[\"https:\/\/franciscanos.org.br\/noticias\/papa-francisco-o-meu-presepio.html\"]}]},{\"@type\":\"BreadcrumbList\",\"@id\":\"https:\/\/franciscanos.org.br\/noticias\/papa-francisco-o-meu-presepio.html#breadcrumb\",\"itemListElement\":[{\"@type\":\"ListItem\",\"position\":1,\"name\":\"Home\",\"item\":\"https:\/\/franciscanos.org.br\/noticias\"},{\"@type\":\"ListItem\",\"position\":2,\"name\":\"Papa Francisco: O meu Pres\u00e9pio\"}]},{\"@type\":\"Person\",\"@id\":\"https:\/\/franciscanos.org.br\/noticias\/#\/schema\/person\/b5c8cba458c330ccff548b056e95a5d4\",\"name\":\"moacir\",\"image\":{\"@type\":\"ImageObject\",\"inLanguage\":\"pt-BR\",\"@id\":\"https:\/\/franciscanos.org.br\/noticias\/#\/schema\/person\/image\/\",\"url\":\"https:\/\/secure.gravatar.com\/avatar\/d08aa2ce4c8dd416d4479aa8536fcf64?s=96&d=mm&r=g\",\"contentUrl\":\"https:\/\/secure.gravatar.com\/avatar\/d08aa2ce4c8dd416d4479aa8536fcf64?s=96&d=mm&r=g\",\"caption\":\"moacir\"},\"url\":\"https:\/\/franciscanos.org.br\/noticias\/author\/moacir\"}]}<\/script>\n<!-- \/ Yoast SEO plugin. -->","yoast_head_json":{"title":"Papa Francisco: O meu Pres\u00e9pio - Not\u00edcias - Franciscanos","robots":{"index":"index","follow":"follow","max-snippet":"max-snippet:-1","max-image-preview":"max-image-preview:large","max-video-preview":"max-video-preview:-1"},"canonical":"https:\/\/franciscanos.org.br\/noticias\/papa-francisco-o-meu-presepio.html","og_locale":"pt_BR","og_type":"article","og_title":"Papa Francisco: O meu Pres\u00e9pio - Not\u00edcias - Franciscanos","og_description":"Papa Francisco","og_url":"https:\/\/franciscanos.org.br\/noticias\/papa-francisco-o-meu-presepio.html","og_site_name":"Not\u00edcias - Franciscanos","article_published_time":"2023-11-21T12:18:20+00:00","og_image":[{"width":1280,"height":720,"url":"https:\/\/franciscanos.org.br\/noticias\/wp-content\/uploads\/2023\/11\/papa_01.jpg","type":"image\/jpeg"}],"author":"moacir","twitter_card":"summary_large_image","twitter_misc":{"Escrito por":"moacir","Est. tempo de leitura":"5 minutos"},"schema":{"@context":"https:\/\/schema.org","@graph":[{"@type":"WebSite","@id":"https:\/\/franciscanos.org.br\/noticias\/#website","url":"https:\/\/franciscanos.org.br\/noticias\/","name":"Not\u00edcias - Franciscanos","description":"Prov\u00edncia Franciscana da Imaculada Concei\u00e7\u00e3o do Brasil - Ordem dos Frades Menores - OFM","potentialAction":[{"@type":"SearchAction","target":{"@type":"EntryPoint","urlTemplate":"https:\/\/franciscanos.org.br\/noticias\/?s={search_term_string}"},"query-input":"required name=search_term_string"}],"inLanguage":"pt-BR"},{"@type":"ImageObject","inLanguage":"pt-BR","@id":"https:\/\/franciscanos.org.br\/noticias\/papa-francisco-o-meu-presepio.html#primaryimage","url":"https:\/\/franciscanos.org.br\/noticias\/wp-content\/uploads\/2023\/11\/papa_01.jpg","contentUrl":"https:\/\/franciscanos.org.br\/noticias\/wp-content\/uploads\/2023\/11\/papa_01.jpg","width":1280,"height":720},{"@type":"WebPage","@id":"https:\/\/franciscanos.org.br\/noticias\/papa-francisco-o-meu-presepio.html#webpage","url":"https:\/\/franciscanos.org.br\/noticias\/papa-francisco-o-meu-presepio.html","name":"Papa Francisco: O meu Pres\u00e9pio - Not\u00edcias - Franciscanos","isPartOf":{"@id":"https:\/\/franciscanos.org.br\/noticias\/#website"},"primaryImageOfPage":{"@id":"https:\/\/franciscanos.org.br\/noticias\/papa-francisco-o-meu-presepio.html#primaryimage"},"datePublished":"2023-11-21T12:18:20+00:00","dateModified":"2023-11-21T12:18:20+00:00","author":{"@id":"https:\/\/franciscanos.org.br\/noticias\/#\/schema\/person\/b5c8cba458c330ccff548b056e95a5d4"},"breadcrumb":{"@id":"https:\/\/franciscanos.org.br\/noticias\/papa-francisco-o-meu-presepio.html#breadcrumb"},"inLanguage":"pt-BR","potentialAction":[{"@type":"ReadAction","target":["https:\/\/franciscanos.org.br\/noticias\/papa-francisco-o-meu-presepio.html"]}]},{"@type":"BreadcrumbList","@id":"https:\/\/franciscanos.org.br\/noticias\/papa-francisco-o-meu-presepio.html#breadcrumb","itemListElement":[{"@type":"ListItem","position":1,"name":"Home","item":"https:\/\/franciscanos.org.br\/noticias"},{"@type":"ListItem","position":2,"name":"Papa Francisco: O meu Pres\u00e9pio"}]},{"@type":"Person","@id":"https:\/\/franciscanos.org.br\/noticias\/#\/schema\/person\/b5c8cba458c330ccff548b056e95a5d4","name":"moacir","image":{"@type":"ImageObject","inLanguage":"pt-BR","@id":"https:\/\/franciscanos.org.br\/noticias\/#\/schema\/person\/image\/","url":"https:\/\/secure.gravatar.com\/avatar\/d08aa2ce4c8dd416d4479aa8536fcf64?s=96&d=mm&r=g","contentUrl":"https:\/\/secure.gravatar.com\/avatar\/d08aa2ce4c8dd416d4479aa8536fcf64?s=96&d=mm&r=g","caption":"moacir"},"url":"https:\/\/franciscanos.org.br\/noticias\/author\/moacir"}]}},"_links":{"self":[{"href":"https:\/\/franciscanos.org.br\/noticias\/wp-json\/wp\/v2\/posts\/245574"}],"collection":[{"href":"https:\/\/franciscanos.org.br\/noticias\/wp-json\/wp\/v2\/posts"}],"about":[{"href":"https:\/\/franciscanos.org.br\/noticias\/wp-json\/wp\/v2\/types\/post"}],"author":[{"embeddable":true,"href":"https:\/\/franciscanos.org.br\/noticias\/wp-json\/wp\/v2\/users\/3"}],"replies":[{"embeddable":true,"href":"https:\/\/franciscanos.org.br\/noticias\/wp-json\/wp\/v2\/comments?post=245574"}],"version-history":[{"count":1,"href":"https:\/\/franciscanos.org.br\/noticias\/wp-json\/wp\/v2\/posts\/245574\/revisions"}],"predecessor-version":[{"id":245576,"href":"https:\/\/franciscanos.org.br\/noticias\/wp-json\/wp\/v2\/posts\/245574\/revisions\/245576"}],"wp:featuredmedia":[{"embeddable":true,"href":"https:\/\/franciscanos.org.br\/noticias\/wp-json\/wp\/v2\/media\/245575"}],"wp:attachment":[{"href":"https:\/\/franciscanos.org.br\/noticias\/wp-json\/wp\/v2\/media?parent=245574"}],"wp:term":[{"taxonomy":"category","embeddable":true,"href":"https:\/\/franciscanos.org.br\/noticias\/wp-json\/wp\/v2\/categories?post=245574"},{"taxonomy":"post_tag","embeddable":true,"href":"https:\/\/franciscanos.org.br\/noticias\/wp-json\/wp\/v2\/tags?post=245574"}],"curies":[{"name":"wp","href":"https:\/\/api.w.org\/{rel}","templated":true}]}}