{"id":245507,"date":"2023-11-19T08:08:49","date_gmt":"2023-11-19T11:08:49","guid":{"rendered":"https:\/\/franciscanos.org.br\/noticias\/?p=245507"},"modified":"2023-11-19T15:16:53","modified_gmt":"2023-11-19T18:16:53","slug":"enfrentar-o-escandalo-da-pobreza-com-o-amor-a-caridade-e-a-partilha-do-pao-indica-papa-francisco","status":"publish","type":"post","link":"https:\/\/franciscanos.org.br\/noticias\/enfrentar-o-escandalo-da-pobreza-com-o-amor-a-caridade-e-a-partilha-do-pao-indica-papa-francisco.html","title":{"rendered":"Papa: Enfrentar o esc\u00e2ndalo da pobreza com o amor, a caridade e a partilha do p\u00e3o"},"content":{"rendered":"<div id=\"attachment_245508\" style=\"width: 1510px\" class=\"wp-caption alignnone\"><img aria-describedby=\"caption-attachment-245508\" loading=\"lazy\" class=\"wp-image-245508 size-full\" src=\"https:\/\/franciscanos.org.br\/noticias\/wp-content\/uploads\/2023\/11\/pobre_2023_19.jpeg\" alt=\"\" width=\"1500\" height=\"844\" srcset=\"https:\/\/franciscanos.org.br\/noticias\/wp-content\/uploads\/2023\/11\/pobre_2023_19.jpeg 1500w, https:\/\/franciscanos.org.br\/noticias\/wp-content\/uploads\/2023\/11\/pobre_2023_19-450x253.jpeg 450w, https:\/\/franciscanos.org.br\/noticias\/wp-content\/uploads\/2023\/11\/pobre_2023_19-1024x576.jpeg 1024w, https:\/\/franciscanos.org.br\/noticias\/wp-content\/uploads\/2023\/11\/pobre_2023_19-768x432.jpeg 768w, https:\/\/franciscanos.org.br\/noticias\/wp-content\/uploads\/2023\/11\/pobre_2023_19-150x84.jpeg 150w\" sizes=\"(max-width: 1500px) 100vw, 1500px\" \/><p id=\"caption-attachment-245508\" class=\"wp-caption-text\"><em>Imagem: Vatican Media<\/em><\/p><\/div>\n<p>Homilia do Santo Padre na Missa do VII Dia Mundial dos Pobres:<\/p>\n<p>Tr\u00eas homens veem-se na posse duma enorme riqueza, gra\u00e7as \u00e0 generosidade do seu senhor, que est\u00e1 de sa\u00edda para uma longa viagem. Um dia, por\u00e9m, vai regressar e convocar\u00e1 aqueles servos, esperando poder alegrar-se com eles pela forma como entretanto fizeram render os seus bens. Assim, a par\u00e1bola que ouvimos (cf. Mt 25, 14-30) convida-nos a deter-nos em dois percursos: a viagem de Jesus e a viagem da nossa vida.<\/p>\n<p>A viagem de Jesus. No in\u00edcio da par\u00e1bola, Ele fala de \u00abum homem que, ao partir para fora, chamou os seus servos e confiou-lhes os seus bens\u00bb (25, 14). Esta viagem faz pensar no pr\u00f3prio mist\u00e9rio de Cristo, Deus feito homem, com a sua ressurrei\u00e7\u00e3o e ascens\u00e3o ao C\u00e9u. Com efeito, Ele que desceu do seio do Pai para vir ao encontro da humanidade, morrendo, destruiu a morte e, ressuscitando, retornou ao Pai. Assim Jesus, tendo terminado a sua exist\u00eancia terrena, realiza a \u00abviagem de regresso\u00bb para junto do Pai. Mas, antes de partir, confiou-nos os seus bens, os seus talentos, um verdadeiro \u00abcapital\u00bb: deixou a Si mesmo na Eucaristia, a sua Palavra de vida, a sua santa M\u00e3e como nossa M\u00e3e, e distribuiu os dons do Esp\u00edrito Santo para podermos continuar a sua obra no mundo. Tais \u00abtalentos\u00bb s\u00e3o concedidos \u00aba cada qual \u2013 especifica o Evangelho \u2013 segundo a sua capacidade\u00bb (25, 15) e, naturalmente, para uma miss\u00e3o pessoal que o Senhor nos confia na vida quotidiana, na sociedade e na Igreja. O mesmo afirma o ap\u00f3stolo Paulo: \u00aba cada um de n\u00f3s foi dada a gra\u00e7a, segundo a medida do dom de Cristo. Por isso se diz: Ao subir \u00e0s alturas, levou cativos em cativeiro, deu d\u00e1divas aos homens\u00bb (Ef 4, 7-8).<\/p>\n<p>Mas, voltemos a fixar o olhar em Jesus, que recebeu tudo das m\u00e3os do Pai, mas n\u00e3o reteve para Si esta riqueza, \u00abn\u00e3o considerou um privil\u00e9gio ser igual a Deus, mas esvaziou-Se a Si mesmo, tomando a condi\u00e7\u00e3o de servo\u00bb (Flp 2, 6-7). Revestiu-Se da nossa fr\u00e1gil humanidade, cuidou como bom samaritano das nossas feridas, fez-Se pobre para nos enriquecer com a vida divina (cf. 2 Cor 8, 9), subiu \u00e0 cruz. A Ele, que n\u00e3o tinha pecado, \u00abDeus o fez pecado por n\u00f3s\u00bb (2 Cor 5, 21), em nosso favor. Jesus viveu em nosso favor. Foi isto que animou a sua viagem pelo mundo, antes de voltar ao Pai.<\/p>\n<p>Mas a par\u00e1bola de hoje diz-nos ainda que \u00abvoltou o senhor daqueles servos e pediu-lhes contas\u00bb (Mt 25, 19). Com efeito, \u00e0 primeira viagem rumo ao Pai, seguir-se-\u00e1 outra que Jesus h\u00e1 de realizar no fim dos tempos, quando voltar na gl\u00f3ria e quiser encontrar-nos de novo, para \u00abfazer um balan\u00e7o\u00bb da hist\u00f3ria e introduzir-nos na alegria da vida eterna. Por isso devemos perguntar-nos: Como nos encontrar\u00e1 o Senhor, quando voltar? Como me apresentarei ao encontro com Ele?<\/p>\n<p>Esta pergunta leva-nos ao segundo momento: a viagem da nossa vida. Que estrada estamos n\u00f3s a percorrer: a de Jesus que Se fez dom ou a estrada do ego\u00edsmo? A par\u00e1bola diz-nos que cada um de n\u00f3s recebeu os \u00abtalentos\u00bb, segundo as pr\u00f3prias capacidades e possibilidades. Mas, aten\u00e7\u00e3o, n\u00e3o nos deixemos enganar pela linguagem habitual! Aqui n\u00e3o se trata das capacidades pessoais, mas \u2013 como diz\u00edamos \u2013 dos bens do Senhor, daquilo que Cristo nos deixou ao regressar ao Pai. Com eles, deu-nos o seu Esp\u00edrito, no qual nos tornamos filhos de Deus e gra\u00e7as ao qual podemos dedicar a nossa vida a dar testemunho do Evangelho e construir o Reino de Deus. O grande \u00abcapital\u00bb, que foi colocado nas nossas m\u00e3os, \u00e9 o amor do Senhor, fundamento da nossa vida e for\u00e7a do nosso caminho.<\/p>\n<p>Por isso devemos perguntar-nos: Que fa\u00e7o eu dum dom t\u00e3o grande ao longo da viagem da minha vida? A par\u00e1bola diz-nos que os dois primeiros servos multiplicam o dom recebido, enquanto o terceiro, em vez de confiar no seu senhor, tem medo dele e fica como que paralisado, n\u00e3o arrisca, n\u00e3o se empenha, acabando por enterrar o talento. Isto aplica-se tamb\u00e9m a n\u00f3s: podemos multiplicar o que recebemos, fazendo da vida uma oferta de amor pelos outros, ou ent\u00e3o podemos viver bloqueados por uma falsa imagem de Deus e, com medo, esconder debaixo da terra o tesouro que recebemos, pensando s\u00f3 em n\u00f3s mesmos, sem nos apaixonarmos por nada al\u00e9m das nossas comodidades e interesses, sem nos comprometermos.<\/p>\n<p>Pois bem, meus irm\u00e3os e irm\u00e3s! Neste Dia Mundial dos Pobres, a par\u00e1bola dos talentos \u00e9 uma advert\u00eancia para verificar com que esp\u00edrito estamos a enfrentar a viagem da vida. Recebemos do Senhor o dom do seu amor e somos chamados a tornar-nos dom para os outros. O amor com que Jesus cuidou de n\u00f3s, o azeite da miseric\u00f3rdia e da compaix\u00e3o com que tratou as nossas feridas, a chama do Esp\u00edrito com que abriu os nossos cora\u00e7\u00f5es \u00e0 alegria e \u00e0 esperan\u00e7a, s\u00e3o bens que n\u00e3o podemos guardar s\u00f3 para n\u00f3s, administrar \u00e0 nossa vontade ou esconder debaixo da terra. Cumulados de dons, somos chamados a fazer-nos dom. As imagens usadas pela par\u00e1bola s\u00e3o muito eloquentes: se n\u00e3o multiplicarmos o amor ao nosso redor, a vida some-se nas trevas; se n\u00e3o colocarmos em circula\u00e7\u00e3o os talentos recebidos, a exist\u00eancia acaba debaixo da terra, ou seja, como se j\u00e1 estiv\u00e9ssemos mortos (cf. 25, 25.30).<\/p>\n<p>Por isso pensemos nas in\u00fameras pobrezas materiais, culturais e espirituais do nosso mundo, nas exist\u00eancias feridas que povoam as nossas cidades, nos pobres tornados invis\u00edveis, cujo grito de dor \u00e9 sufocado pela indiferen\u00e7a geral duma sociedade atarefada e distra\u00edda. Pensemos em quantos est\u00e3o oprimidos, cansados, marginalizados, nas v\u00edtimas das guerras e naqueles que deixam a sua terra arriscando a vida; naqueles que est\u00e3o sem p\u00e3o, sem trabalho e sem esperan\u00e7a. Quando se pensa nesta multid\u00e3o imensa de pobres, a mensagem do Evangelho resulta clara: n\u00e3o enterremos os bens do Senhor! Ponhamos em circula\u00e7\u00e3o a caridade, partilhemos o nosso p\u00e3o, multipliquemos o amor! A pobreza \u00e9 um esc\u00e2ndalo. Quando o Senhor voltar, pedir-nos-\u00e1 contas e \u2013 como escreve Santo Ambr\u00f3sio \u2013 dir-nos-\u00e1: \u00abPorqu\u00ea tolerastes que tantos pobres morressem de fome, quando dispunhas de ouro com o qual obter alimento para lhes dar? Porqu\u00ea tantos escravos foram vendidos e maltratados pelos inimigos, sem que ningu\u00e9m fizesse nada para os resgatar?\u00bb (As Obriga\u00e7\u00f5es dos Ministros: PL 16, 148-149).<\/p>\n<p>Rezemos para que cada um, segundo o dom recebido e a miss\u00e3o que lhe foi confiada, se comprometa a \u00abp\u00f4r a render a caridade\u00bb e a aproximar-se de qualquer pobre. Rezemos para que tamb\u00e9m n\u00f3s, no termo da nossa viagem, depois de ter acolhido Cristo nestes irm\u00e3os e irm\u00e3s com quem Ele pr\u00f3prio Se identificou (cf. Mt 25, 40), possamos ouvir dizer-nos: \u00abMuito bem, servo bom e fiel (\u2026). Entra no gozo do teu senhor\u00bb (Mt 25, 21).<\/p>\n<hr \/>\n<h2>Francisco almo\u00e7a com os pobres para um momento inesquec\u00edvel de amizade<\/h2>\n<p>Esperaram que terminasse a ora\u00e7\u00e3o do Angelus e depois encontraram-no, cumprimentaram-no e sentaram-se \u00e0 mesa com ele. Os pobres e os seus acompanhantes, mais de 1200 pessoas no total, lotaram a Sala Paulo VI, transformada para a ocasi\u00e3o num amplo e inusitado restaurante, para o habitual almo\u00e7o com Francisco, por ocasi\u00e3o do Dia Mundial dos Pobres celebrado neste XXXIII Domingo do Tempo Comum. Antes de iniciar, o Papa deu a sua b\u00ean\u00e7\u00e3o, agradecendo a Deus pelo \u201cmomento de amizade, todos juntos\u201d, pela refei\u00e7\u00e3o, por quem a preparou.<\/p>\n<p>As mesas postas, decoradas com flores brancas e amarelas, serviram de cen\u00e1rio para fotografias e selfies que eternizaram um momento inesquec\u00edvel de acolhimento, aten\u00e7\u00e3o, carinho e amor para com todos aqueles que no resto do ano vivem nas ruas na indiferen\u00e7a da cidade \u200b\u200be que hoje dividiram a mesa com o Pont\u00edfice.<\/p>\n<p>Um almo\u00e7o organizado pelo Dicast\u00e9rio para o Servi\u00e7o da Caridade e oferecido este ano pelos Hot\u00e9is Hilton, com um menu dedicado a todos, mesmo aqueles que n\u00e3o s\u00e3o crist\u00e3os e, portanto, obrigados a observar certas normas alimentares segundo sua religi\u00e3o.<\/p>\n<p>E assim depois dos canelones recheados com ricota romana DOP e espinafres ao molho Parmigiano Reggiano DOP, pudeam saborear as alm\u00f4ndegas de carnes brancas salteadas com creme de tomate San Marzano e manjeric\u00e3o com pur\u00e9 de couve-flor, para finalizar com as sobremesas: Tiramisu e doces.<br \/>\nAntes de deixar a Sala Paulo VI, Francisco aben\u00e7oou e agradeceu a todos os que contribu\u00edram para organizar e servir o almo\u00e7o num clima de grande festa, aos que ajudaram materialmente para que este pudesse acontecer e, naturalmente, a todos os presentes que partilharam o mesmo esp\u00edrito.<\/p>\n<hr \/>\n<p><em>Fonte: Vatican News<\/em><\/p>\n","protected":false},"excerpt":{"rendered":"<p>Santa Missa do VII Dia Mundial dos Pobres<\/p>\n","protected":false},"author":3,"featured_media":245508,"comment_status":"open","ping_status":"open","sticky":false,"template":"","format":"standard","meta":[],"categories":[1428],"tags":[1114],"acf":[],"yoast_head":"<!-- This site is optimized with the Yoast SEO plugin v19.2 - https:\/\/yoast.com\/wordpress\/plugins\/seo\/ -->\n<title>Papa: Enfrentar o esc\u00e2ndalo da pobreza com o amor, a caridade e a partilha do p\u00e3o - Not\u00edcias - Franciscanos<\/title>\n<meta name=\"robots\" content=\"index, follow, max-snippet:-1, max-image-preview:large, max-video-preview:-1\" \/>\n<link rel=\"canonical\" href=\"https:\/\/franciscanos.org.br\/noticias\/enfrentar-o-escandalo-da-pobreza-com-o-amor-a-caridade-e-a-partilha-do-pao-indica-papa-francisco.html\" \/>\n<meta property=\"og:locale\" content=\"pt_BR\" \/>\n<meta property=\"og:type\" content=\"article\" \/>\n<meta property=\"og:title\" content=\"Papa: Enfrentar o esc\u00e2ndalo da pobreza com o amor, a caridade e a partilha do p\u00e3o - Not\u00edcias - Franciscanos\" \/>\n<meta property=\"og:description\" content=\"Santa Missa do VII Dia Mundial dos Pobres\" \/>\n<meta property=\"og:url\" content=\"https:\/\/franciscanos.org.br\/noticias\/enfrentar-o-escandalo-da-pobreza-com-o-amor-a-caridade-e-a-partilha-do-pao-indica-papa-francisco.html\" \/>\n<meta property=\"og:site_name\" content=\"Not\u00edcias - Franciscanos\" \/>\n<meta property=\"article:published_time\" content=\"2023-11-19T11:08:49+00:00\" \/>\n<meta property=\"article:modified_time\" content=\"2023-11-19T18:16:53+00:00\" \/>\n<meta property=\"og:image\" content=\"https:\/\/franciscanos.org.br\/noticias\/wp-content\/uploads\/2023\/11\/pobre_2023_19.jpeg\" \/>\n\t<meta property=\"og:image:width\" content=\"1500\" \/>\n\t<meta property=\"og:image:height\" content=\"844\" \/>\n\t<meta property=\"og:image:type\" content=\"image\/jpeg\" \/>\n<meta name=\"author\" content=\"moacir\" \/>\n<meta name=\"twitter:card\" content=\"summary_large_image\" \/>\n<meta name=\"twitter:label1\" content=\"Escrito por\" \/>\n\t<meta name=\"twitter:data1\" content=\"moacir\" \/>\n\t<meta name=\"twitter:label2\" content=\"Est. tempo de leitura\" \/>\n\t<meta name=\"twitter:data2\" content=\"8 minutos\" \/>\n<script type=\"application\/ld+json\" class=\"yoast-schema-graph\">{\"@context\":\"https:\/\/schema.org\",\"@graph\":[{\"@type\":\"WebSite\",\"@id\":\"https:\/\/franciscanos.org.br\/noticias\/#website\",\"url\":\"https:\/\/franciscanos.org.br\/noticias\/\",\"name\":\"Not\u00edcias - Franciscanos\",\"description\":\"Prov\u00edncia Franciscana da Imaculada Concei\u00e7\u00e3o do Brasil - Ordem dos Frades Menores - OFM\",\"potentialAction\":[{\"@type\":\"SearchAction\",\"target\":{\"@type\":\"EntryPoint\",\"urlTemplate\":\"https:\/\/franciscanos.org.br\/noticias\/?s={search_term_string}\"},\"query-input\":\"required name=search_term_string\"}],\"inLanguage\":\"pt-BR\"},{\"@type\":\"ImageObject\",\"inLanguage\":\"pt-BR\",\"@id\":\"https:\/\/franciscanos.org.br\/noticias\/enfrentar-o-escandalo-da-pobreza-com-o-amor-a-caridade-e-a-partilha-do-pao-indica-papa-francisco.html#primaryimage\",\"url\":\"https:\/\/franciscanos.org.br\/noticias\/wp-content\/uploads\/2023\/11\/pobre_2023_19.jpeg\",\"contentUrl\":\"https:\/\/franciscanos.org.br\/noticias\/wp-content\/uploads\/2023\/11\/pobre_2023_19.jpeg\",\"width\":1500,\"height\":844},{\"@type\":\"WebPage\",\"@id\":\"https:\/\/franciscanos.org.br\/noticias\/enfrentar-o-escandalo-da-pobreza-com-o-amor-a-caridade-e-a-partilha-do-pao-indica-papa-francisco.html#webpage\",\"url\":\"https:\/\/franciscanos.org.br\/noticias\/enfrentar-o-escandalo-da-pobreza-com-o-amor-a-caridade-e-a-partilha-do-pao-indica-papa-francisco.html\",\"name\":\"Papa: Enfrentar o esc\u00e2ndalo da pobreza com o amor, a caridade e a partilha do p\u00e3o - Not\u00edcias - Franciscanos\",\"isPartOf\":{\"@id\":\"https:\/\/franciscanos.org.br\/noticias\/#website\"},\"primaryImageOfPage\":{\"@id\":\"https:\/\/franciscanos.org.br\/noticias\/enfrentar-o-escandalo-da-pobreza-com-o-amor-a-caridade-e-a-partilha-do-pao-indica-papa-francisco.html#primaryimage\"},\"datePublished\":\"2023-11-19T11:08:49+00:00\",\"dateModified\":\"2023-11-19T18:16:53+00:00\",\"author\":{\"@id\":\"https:\/\/franciscanos.org.br\/noticias\/#\/schema\/person\/b5c8cba458c330ccff548b056e95a5d4\"},\"breadcrumb\":{\"@id\":\"https:\/\/franciscanos.org.br\/noticias\/enfrentar-o-escandalo-da-pobreza-com-o-amor-a-caridade-e-a-partilha-do-pao-indica-papa-francisco.html#breadcrumb\"},\"inLanguage\":\"pt-BR\",\"potentialAction\":[{\"@type\":\"ReadAction\",\"target\":[\"https:\/\/franciscanos.org.br\/noticias\/enfrentar-o-escandalo-da-pobreza-com-o-amor-a-caridade-e-a-partilha-do-pao-indica-papa-francisco.html\"]}]},{\"@type\":\"BreadcrumbList\",\"@id\":\"https:\/\/franciscanos.org.br\/noticias\/enfrentar-o-escandalo-da-pobreza-com-o-amor-a-caridade-e-a-partilha-do-pao-indica-papa-francisco.html#breadcrumb\",\"itemListElement\":[{\"@type\":\"ListItem\",\"position\":1,\"name\":\"Home\",\"item\":\"https:\/\/franciscanos.org.br\/noticias\"},{\"@type\":\"ListItem\",\"position\":2,\"name\":\"Papa: Enfrentar o esc\u00e2ndalo da pobreza com o amor, a caridade e a partilha do p\u00e3o\"}]},{\"@type\":\"Person\",\"@id\":\"https:\/\/franciscanos.org.br\/noticias\/#\/schema\/person\/b5c8cba458c330ccff548b056e95a5d4\",\"name\":\"moacir\",\"image\":{\"@type\":\"ImageObject\",\"inLanguage\":\"pt-BR\",\"@id\":\"https:\/\/franciscanos.org.br\/noticias\/#\/schema\/person\/image\/\",\"url\":\"https:\/\/secure.gravatar.com\/avatar\/d08aa2ce4c8dd416d4479aa8536fcf64?s=96&d=mm&r=g\",\"contentUrl\":\"https:\/\/secure.gravatar.com\/avatar\/d08aa2ce4c8dd416d4479aa8536fcf64?s=96&d=mm&r=g\",\"caption\":\"moacir\"},\"url\":\"https:\/\/franciscanos.org.br\/noticias\/author\/moacir\"}]}<\/script>\n<!-- \/ Yoast SEO plugin. -->","yoast_head_json":{"title":"Papa: Enfrentar o esc\u00e2ndalo da pobreza com o amor, a caridade e a partilha do p\u00e3o - Not\u00edcias - Franciscanos","robots":{"index":"index","follow":"follow","max-snippet":"max-snippet:-1","max-image-preview":"max-image-preview:large","max-video-preview":"max-video-preview:-1"},"canonical":"https:\/\/franciscanos.org.br\/noticias\/enfrentar-o-escandalo-da-pobreza-com-o-amor-a-caridade-e-a-partilha-do-pao-indica-papa-francisco.html","og_locale":"pt_BR","og_type":"article","og_title":"Papa: Enfrentar o esc\u00e2ndalo da pobreza com o amor, a caridade e a partilha do p\u00e3o - Not\u00edcias - Franciscanos","og_description":"Santa Missa do VII Dia Mundial dos Pobres","og_url":"https:\/\/franciscanos.org.br\/noticias\/enfrentar-o-escandalo-da-pobreza-com-o-amor-a-caridade-e-a-partilha-do-pao-indica-papa-francisco.html","og_site_name":"Not\u00edcias - Franciscanos","article_published_time":"2023-11-19T11:08:49+00:00","article_modified_time":"2023-11-19T18:16:53+00:00","og_image":[{"width":1500,"height":844,"url":"https:\/\/franciscanos.org.br\/noticias\/wp-content\/uploads\/2023\/11\/pobre_2023_19.jpeg","type":"image\/jpeg"}],"author":"moacir","twitter_card":"summary_large_image","twitter_misc":{"Escrito por":"moacir","Est. tempo de leitura":"8 minutos"},"schema":{"@context":"https:\/\/schema.org","@graph":[{"@type":"WebSite","@id":"https:\/\/franciscanos.org.br\/noticias\/#website","url":"https:\/\/franciscanos.org.br\/noticias\/","name":"Not\u00edcias - Franciscanos","description":"Prov\u00edncia Franciscana da Imaculada Concei\u00e7\u00e3o do Brasil - Ordem dos Frades Menores - OFM","potentialAction":[{"@type":"SearchAction","target":{"@type":"EntryPoint","urlTemplate":"https:\/\/franciscanos.org.br\/noticias\/?s={search_term_string}"},"query-input":"required name=search_term_string"}],"inLanguage":"pt-BR"},{"@type":"ImageObject","inLanguage":"pt-BR","@id":"https:\/\/franciscanos.org.br\/noticias\/enfrentar-o-escandalo-da-pobreza-com-o-amor-a-caridade-e-a-partilha-do-pao-indica-papa-francisco.html#primaryimage","url":"https:\/\/franciscanos.org.br\/noticias\/wp-content\/uploads\/2023\/11\/pobre_2023_19.jpeg","contentUrl":"https:\/\/franciscanos.org.br\/noticias\/wp-content\/uploads\/2023\/11\/pobre_2023_19.jpeg","width":1500,"height":844},{"@type":"WebPage","@id":"https:\/\/franciscanos.org.br\/noticias\/enfrentar-o-escandalo-da-pobreza-com-o-amor-a-caridade-e-a-partilha-do-pao-indica-papa-francisco.html#webpage","url":"https:\/\/franciscanos.org.br\/noticias\/enfrentar-o-escandalo-da-pobreza-com-o-amor-a-caridade-e-a-partilha-do-pao-indica-papa-francisco.html","name":"Papa: Enfrentar o esc\u00e2ndalo da pobreza com o amor, a caridade e a partilha do p\u00e3o - Not\u00edcias - Franciscanos","isPartOf":{"@id":"https:\/\/franciscanos.org.br\/noticias\/#website"},"primaryImageOfPage":{"@id":"https:\/\/franciscanos.org.br\/noticias\/enfrentar-o-escandalo-da-pobreza-com-o-amor-a-caridade-e-a-partilha-do-pao-indica-papa-francisco.html#primaryimage"},"datePublished":"2023-11-19T11:08:49+00:00","dateModified":"2023-11-19T18:16:53+00:00","author":{"@id":"https:\/\/franciscanos.org.br\/noticias\/#\/schema\/person\/b5c8cba458c330ccff548b056e95a5d4"},"breadcrumb":{"@id":"https:\/\/franciscanos.org.br\/noticias\/enfrentar-o-escandalo-da-pobreza-com-o-amor-a-caridade-e-a-partilha-do-pao-indica-papa-francisco.html#breadcrumb"},"inLanguage":"pt-BR","potentialAction":[{"@type":"ReadAction","target":["https:\/\/franciscanos.org.br\/noticias\/enfrentar-o-escandalo-da-pobreza-com-o-amor-a-caridade-e-a-partilha-do-pao-indica-papa-francisco.html"]}]},{"@type":"BreadcrumbList","@id":"https:\/\/franciscanos.org.br\/noticias\/enfrentar-o-escandalo-da-pobreza-com-o-amor-a-caridade-e-a-partilha-do-pao-indica-papa-francisco.html#breadcrumb","itemListElement":[{"@type":"ListItem","position":1,"name":"Home","item":"https:\/\/franciscanos.org.br\/noticias"},{"@type":"ListItem","position":2,"name":"Papa: Enfrentar o esc\u00e2ndalo da pobreza com o amor, a caridade e a partilha do p\u00e3o"}]},{"@type":"Person","@id":"https:\/\/franciscanos.org.br\/noticias\/#\/schema\/person\/b5c8cba458c330ccff548b056e95a5d4","name":"moacir","image":{"@type":"ImageObject","inLanguage":"pt-BR","@id":"https:\/\/franciscanos.org.br\/noticias\/#\/schema\/person\/image\/","url":"https:\/\/secure.gravatar.com\/avatar\/d08aa2ce4c8dd416d4479aa8536fcf64?s=96&d=mm&r=g","contentUrl":"https:\/\/secure.gravatar.com\/avatar\/d08aa2ce4c8dd416d4479aa8536fcf64?s=96&d=mm&r=g","caption":"moacir"},"url":"https:\/\/franciscanos.org.br\/noticias\/author\/moacir"}]}},"_links":{"self":[{"href":"https:\/\/franciscanos.org.br\/noticias\/wp-json\/wp\/v2\/posts\/245507"}],"collection":[{"href":"https:\/\/franciscanos.org.br\/noticias\/wp-json\/wp\/v2\/posts"}],"about":[{"href":"https:\/\/franciscanos.org.br\/noticias\/wp-json\/wp\/v2\/types\/post"}],"author":[{"embeddable":true,"href":"https:\/\/franciscanos.org.br\/noticias\/wp-json\/wp\/v2\/users\/3"}],"replies":[{"embeddable":true,"href":"https:\/\/franciscanos.org.br\/noticias\/wp-json\/wp\/v2\/comments?post=245507"}],"version-history":[{"count":3,"href":"https:\/\/franciscanos.org.br\/noticias\/wp-json\/wp\/v2\/posts\/245507\/revisions"}],"predecessor-version":[{"id":245522,"href":"https:\/\/franciscanos.org.br\/noticias\/wp-json\/wp\/v2\/posts\/245507\/revisions\/245522"}],"wp:featuredmedia":[{"embeddable":true,"href":"https:\/\/franciscanos.org.br\/noticias\/wp-json\/wp\/v2\/media\/245508"}],"wp:attachment":[{"href":"https:\/\/franciscanos.org.br\/noticias\/wp-json\/wp\/v2\/media?parent=245507"}],"wp:term":[{"taxonomy":"category","embeddable":true,"href":"https:\/\/franciscanos.org.br\/noticias\/wp-json\/wp\/v2\/categories?post=245507"},{"taxonomy":"post_tag","embeddable":true,"href":"https:\/\/franciscanos.org.br\/noticias\/wp-json\/wp\/v2\/tags?post=245507"}],"curies":[{"name":"wp","href":"https:\/\/api.w.org\/{rel}","templated":true}]}}