{"id":245493,"date":"2023-11-16T13:53:16","date_gmt":"2023-11-16T16:53:16","guid":{"rendered":"https:\/\/franciscanos.org.br\/noticias\/?p=245493"},"modified":"2023-11-16T15:12:33","modified_gmt":"2023-11-16T18:12:33","slug":"mais-de-60-jovens-fazem-a-experiencia-de-subir-o-cruzeiro-em-marilandia","status":"publish","type":"post","link":"https:\/\/franciscanos.org.br\/noticias\/mais-de-60-jovens-fazem-a-experiencia-de-subir-o-cruzeiro-em-marilandia.html","title":{"rendered":"Mais de 60 jovens fazem a experi\u00eancia de subir o Cruzeiro em Maril\u00e2ndia"},"content":{"rendered":"<p><img loading=\"lazy\" class=\"alignnone size-full wp-image-245494\" src=\"https:\/\/franciscanos.org.br\/noticias\/wp-content\/uploads\/2023\/11\/colatina_01.jpg\" alt=\"\" width=\"1280\" height=\"720\" srcset=\"https:\/\/franciscanos.org.br\/noticias\/wp-content\/uploads\/2023\/11\/colatina_01.jpg 1280w, https:\/\/franciscanos.org.br\/noticias\/wp-content\/uploads\/2023\/11\/colatina_01-450x253.jpg 450w, https:\/\/franciscanos.org.br\/noticias\/wp-content\/uploads\/2023\/11\/colatina_01-1024x576.jpg 1024w, https:\/\/franciscanos.org.br\/noticias\/wp-content\/uploads\/2023\/11\/colatina_01-768x432.jpg 768w, https:\/\/franciscanos.org.br\/noticias\/wp-content\/uploads\/2023\/11\/colatina_01-150x84.jpg 150w\" sizes=\"(max-width: 1280px) 100vw, 1280px\" \/><\/p>\n<p><strong>Maril\u00e2ndia (ES)<\/strong> \u2013 No feriado da Proclama\u00e7\u00e3o da Rep\u00fablica, 15 de novembro, mais de 60 jovens franciscanos da Par\u00f3quia Santa Clara de Colatina (ES) subiram a Pedra do Cruzeiro de Alto Liberdade, situado na cidade vizinha de Maril\u00e2ndia. Para chegar ao Cruzeiro foi preciso subir 2.166 degraus, al\u00e9m de percorrer trechos com estrada de terra e cal\u00e7amento. A altitude chega a 700 metros e a vista \u00e9 deslumbrante!<\/p>\n<p>Organizado pela Pastoral da Juventude da Par\u00f3quia Santa Clara, esta foi a segunda edi\u00e7\u00e3o do evento que come\u00e7ou em 2022. Este ano, os jovens madrugaram e sa\u00edram ainda \u00e0s 3h da manh\u00e3 para come\u00e7ar a subida que teve in\u00edcio \u00e0s 5h. O p\u00e1roco Frei Pedro de Oliveira e Frei Augusto Luiz Gabriel acompanharam a juventude franciscana que em apenas um dia de inscri\u00e7\u00f5es abertas lotaram todas as vagas.<\/p>\n<p><img loading=\"lazy\" class=\"alignnone size-full wp-image-245495\" src=\"https:\/\/franciscanos.org.br\/noticias\/wp-content\/uploads\/2023\/11\/colatina_02.jpg\" alt=\"\" width=\"1280\" height=\"960\" srcset=\"https:\/\/franciscanos.org.br\/noticias\/wp-content\/uploads\/2023\/11\/colatina_02.jpg 1280w, https:\/\/franciscanos.org.br\/noticias\/wp-content\/uploads\/2023\/11\/colatina_02-450x338.jpg 450w, https:\/\/franciscanos.org.br\/noticias\/wp-content\/uploads\/2023\/11\/colatina_02-1024x768.jpg 1024w, https:\/\/franciscanos.org.br\/noticias\/wp-content\/uploads\/2023\/11\/colatina_02-768x576.jpg 768w, https:\/\/franciscanos.org.br\/noticias\/wp-content\/uploads\/2023\/11\/colatina_02-150x113.jpg 150w, https:\/\/franciscanos.org.br\/noticias\/wp-content\/uploads\/2023\/11\/colatina_02-600x450.jpg 600w\" sizes=\"(max-width: 1280px) 100vw, 1280px\" \/><\/p>\n<p>J\u00e1 no p\u00e9 do morro, Frei Pedro conduziu a ora\u00e7\u00e3o inicial e manifestou a alegria de receber tantos jovens e inclusive pessoas de outras par\u00f3quias. Lembrou que cada um tem seu ritmo e que mais importante do que a chegada \u00e9 o peregrinar juntos, como fraternidade e irm\u00e3os. E assim come\u00e7ou a subida que durou aproximadamente duas horas. Apesar da onda de calor que assola o pa\u00eds, a cada degrau percorrido encontrava-se um clima mais ameno, favorecendo a caminhada.<\/p>\n<p>Durante uma das pausas, conversamos com o senhor Gilber Bona, natural de Santo Hil\u00e1rio, Maril\u00e2ndia, de 63 anos. Ele contribuiu com a constru\u00e7\u00e3o da \u00faltima cruz e sobe o Cruzeiro com frequ\u00eancia. \u201cA primeira cruz foi de madeira, a segunda de ferro, a terceira de cimento \u2013 derrubada por um raio -, e a quarta novamente de cimento sendo inaugurada em 1989, com 13 metros de altura que pode ser vista de longe\u201d, contou. Segundo ele, durante o per\u00edodo de constru\u00e7\u00e3o da 4\u00aa cruz, todos os s\u00e1bados uma comunidade da redondeza se reunia e fazia mutir\u00e3o para construir.<\/p>\n<p>Entre c\u00e2nticos, ora\u00e7\u00f5es, partilhas e muita contempla\u00e7\u00e3o, de um a um, os jovens foram chegando no topo da Pedra e avistando a cruz. Ap\u00f3s uma subida de mais de dois mil degraus certamente o esfor\u00e7o f\u00edsico envolvido foi recompensado pela vista panor\u00e2mica l\u00e1 de cima, proporcionando assim uma experi\u00eancia desafiadora e gratificante.<\/p>\n<p><img loading=\"lazy\" class=\"alignnone size-full wp-image-245496\" src=\"https:\/\/franciscanos.org.br\/noticias\/wp-content\/uploads\/2023\/11\/colatina_03.jpg\" alt=\"\" width=\"1280\" height=\"960\" srcset=\"https:\/\/franciscanos.org.br\/noticias\/wp-content\/uploads\/2023\/11\/colatina_03.jpg 1280w, https:\/\/franciscanos.org.br\/noticias\/wp-content\/uploads\/2023\/11\/colatina_03-450x338.jpg 450w, https:\/\/franciscanos.org.br\/noticias\/wp-content\/uploads\/2023\/11\/colatina_03-1024x768.jpg 1024w, https:\/\/franciscanos.org.br\/noticias\/wp-content\/uploads\/2023\/11\/colatina_03-768x576.jpg 768w, https:\/\/franciscanos.org.br\/noticias\/wp-content\/uploads\/2023\/11\/colatina_03-150x113.jpg 150w, https:\/\/franciscanos.org.br\/noticias\/wp-content\/uploads\/2023\/11\/colatina_03-600x450.jpg 600w\" sizes=\"(max-width: 1280px) 100vw, 1280px\" \/><\/p>\n<p><img loading=\"lazy\" class=\"alignnone size-full wp-image-245497\" src=\"https:\/\/franciscanos.org.br\/noticias\/wp-content\/uploads\/2023\/11\/colatina_04.jpg\" alt=\"\" width=\"1280\" height=\"960\" srcset=\"https:\/\/franciscanos.org.br\/noticias\/wp-content\/uploads\/2023\/11\/colatina_04.jpg 1280w, https:\/\/franciscanos.org.br\/noticias\/wp-content\/uploads\/2023\/11\/colatina_04-450x338.jpg 450w, https:\/\/franciscanos.org.br\/noticias\/wp-content\/uploads\/2023\/11\/colatina_04-1024x768.jpg 1024w, https:\/\/franciscanos.org.br\/noticias\/wp-content\/uploads\/2023\/11\/colatina_04-768x576.jpg 768w, https:\/\/franciscanos.org.br\/noticias\/wp-content\/uploads\/2023\/11\/colatina_04-150x113.jpg 150w, https:\/\/franciscanos.org.br\/noticias\/wp-content\/uploads\/2023\/11\/colatina_04-600x450.jpg 600w\" sizes=\"(max-width: 1280px) 100vw, 1280px\" \/><\/p>\n<p>O jovem Matheus Goldner, de 18 anos, subiu o Cruzeiro pela primeira vez. Para ele, foi uma experi\u00eancia gratificante. \u201cGosto dessas aventuras e caminhadas. A vis\u00e3o daqui de cima compensa muito a subida e vale muito a pena\u201d, partilhou. \u201cSempre que poss\u00edvel, se conecte com a natureza. Esta \u00e9 uma forma de nos libertarmos dos problemas do dia a dia, \u00e9 uma forma de liberar a mente com uma vis\u00e3o tranquila, ar fresco e puro\u201d, aconselhou.<\/p>\n<p>Outro destaque desta edi\u00e7\u00e3o foi a participa\u00e7\u00e3o do casal sra. Rita, de 66 anos, e do sr. Jo\u00e3o, de 69 anos. Para eles, este ano a experi\u00eancia foi mais proveitosa pois n\u00e3o teve chuva. \u201cPe\u00e7o a Deus que ano que vem eu possa vir novamente com essa juventude animada. Eu sou ministra da Par\u00f3quia e \u00e9 muito bonito ver o engajamento deles e se Deus quiser vamos caminhar novamente juntos\u201d, frisou Rita.<\/p>\n<p>Daniel Mendes, de 37 anos, foi um dos primeiros a chegar e tamb\u00e9m \u00e9 da Coordena\u00e7\u00e3o Pastoral da Juventude. Para ele, a experi\u00eancia foi fant\u00e1stica e desafiadora. \u201cO que vale a pena \u00e9 quando chegamos aqui em cima e temos essa vista maravilhosa que Deus fez para n\u00f3s\u201d disse e definiu em uma palavra esse momento: experi\u00eancia.<\/p>\n<p><img loading=\"lazy\" class=\"alignnone size-full wp-image-245498\" src=\"https:\/\/franciscanos.org.br\/noticias\/wp-content\/uploads\/2023\/11\/colatina_05.jpg\" alt=\"\" width=\"1280\" height=\"960\" srcset=\"https:\/\/franciscanos.org.br\/noticias\/wp-content\/uploads\/2023\/11\/colatina_05.jpg 1280w, https:\/\/franciscanos.org.br\/noticias\/wp-content\/uploads\/2023\/11\/colatina_05-450x338.jpg 450w, https:\/\/franciscanos.org.br\/noticias\/wp-content\/uploads\/2023\/11\/colatina_05-1024x768.jpg 1024w, https:\/\/franciscanos.org.br\/noticias\/wp-content\/uploads\/2023\/11\/colatina_05-768x576.jpg 768w, https:\/\/franciscanos.org.br\/noticias\/wp-content\/uploads\/2023\/11\/colatina_05-150x113.jpg 150w, https:\/\/franciscanos.org.br\/noticias\/wp-content\/uploads\/2023\/11\/colatina_05-600x450.jpg 600w\" sizes=\"(max-width: 1280px) 100vw, 1280px\" \/><\/p>\n<p>\u201cEste ano estamos com um n\u00famero grande de participantes. Foi uma subida tranquila, com um pessoal coerente, parceiro, um preocupado com o outro. Pegamos um clima agrad\u00e1vel aqui em cima com uma conviv\u00eancia bacana\u201d, revelou Frei Pedro que define essa experi\u00eancia como: \u2018O c\u00e9u \u00e9 o limite\u2019.<\/p>\n<p>\u201cCom o cora\u00e7\u00e3o cheio de gratid\u00e3o vivi uma das experi\u00eancias mais dif\u00edceis e incr\u00edveis da minha vida. Conhecer esse Cruzeiro me fez vencer meus limites e me deu a oportunidade de conhecer pessoas maravilhosas. Jovens super cheios de for\u00e7a e coragem. Conheci os franciscanos da Par\u00f3quia Santa Clara, pessoas cheias de amor e companheirismo. Obrigada meu Deus por esse momento, obrigada meu Deus por estar comigo e pela oportunidade de estar ao lado de pessoas maravilhosas! \u00c9 cansativo, \u00e9 desafiador mas no final tudo vale a pena\u201d, destacou a jovem Fernanda Mercier de Oliveira Tessarolo, que participa na Par\u00f3quia vizinha de S\u00e3o Silvano.<\/p>\n<p>E assim, ap\u00f3s a chegada de todos os participantes, os freis conduziram um momento de ora\u00e7\u00e3o aos p\u00e9s da cruz.<\/p>\n<p>Certamente a subida a Pedra do Cruzeiro proporcionou mem\u00f3rias duradouras e uma sensa\u00e7\u00e3o de miss\u00e3o cumprida que n\u00e3o ficar\u00e1 registrada apenas nas fotografias, mas no cora\u00e7\u00e3o de todos aqueles que se colocaram \u00e0 disposi\u00e7\u00e3o para se conectar com Deus por meio da natureza, vivendo uma experi\u00eancia nova.<\/p>\n<p><img loading=\"lazy\" class=\"alignnone size-full wp-image-245499\" src=\"https:\/\/franciscanos.org.br\/noticias\/wp-content\/uploads\/2023\/11\/colatina_06.jpg\" alt=\"\" width=\"1280\" height=\"960\" srcset=\"https:\/\/franciscanos.org.br\/noticias\/wp-content\/uploads\/2023\/11\/colatina_06.jpg 1280w, https:\/\/franciscanos.org.br\/noticias\/wp-content\/uploads\/2023\/11\/colatina_06-450x338.jpg 450w, https:\/\/franciscanos.org.br\/noticias\/wp-content\/uploads\/2023\/11\/colatina_06-1024x768.jpg 1024w, https:\/\/franciscanos.org.br\/noticias\/wp-content\/uploads\/2023\/11\/colatina_06-768x576.jpg 768w, https:\/\/franciscanos.org.br\/noticias\/wp-content\/uploads\/2023\/11\/colatina_06-150x113.jpg 150w, https:\/\/franciscanos.org.br\/noticias\/wp-content\/uploads\/2023\/11\/colatina_06-600x450.jpg 600w\" sizes=\"(max-width: 1280px) 100vw, 1280px\" \/><\/p>\n<p>Quer saber mais detalhes? Ou\u00e7a o podcast com entrevistas e veja um \u2018resum\u00e3o\u2019 em v\u00eddeo.<\/p>\n<p><iframe loading=\"lazy\" style=\"border-radius: 12px;\" src=\"https:\/\/open.spotify.com\/embed\/episode\/5UpxcWymnfNxa4iypXECW4?utm_source=generator\" width=\"100%\" height=\"352\" frameborder=\"0\" allowfullscreen=\"allowfullscreen\"><\/iframe><\/p>\n<p><iframe loading=\"lazy\" title=\"YouTube video player\" src=\"https:\/\/www.youtube.com\/embed\/asSuoPYTvU4?si=Ke5o5AirlRz8lBxp\" width=\"100%\" height=\"480\" frameborder=\"0\" allowfullscreen=\"allowfullscreen\"><\/iframe><\/p>\n<hr \/>\n<p><em>Frei Augusto Luiz Gabriel<\/em><\/p>\n","protected":false},"excerpt":{"rendered":"<p>Par\u00f3quia Santa Clara de Colatina<\/p>\n","protected":false},"author":3,"featured_media":245494,"comment_status":"open","ping_status":"open","sticky":false,"template":"","format":"standard","meta":[],"categories":[1],"tags":[1896],"acf":[],"yoast_head":"<!-- This site is optimized with the Yoast SEO plugin v19.2 - https:\/\/yoast.com\/wordpress\/plugins\/seo\/ -->\n<title>Mais de 60 jovens fazem a experi\u00eancia de subir o Cruzeiro em Maril\u00e2ndia - Not\u00edcias - Franciscanos<\/title>\n<meta name=\"robots\" content=\"index, follow, max-snippet:-1, max-image-preview:large, max-video-preview:-1\" \/>\n<link rel=\"canonical\" href=\"https:\/\/franciscanos.org.br\/noticias\/mais-de-60-jovens-fazem-a-experiencia-de-subir-o-cruzeiro-em-marilandia.html\" \/>\n<meta property=\"og:locale\" content=\"pt_BR\" \/>\n<meta property=\"og:type\" content=\"article\" \/>\n<meta property=\"og:title\" content=\"Mais de 60 jovens fazem a experi\u00eancia de subir o Cruzeiro em Maril\u00e2ndia - Not\u00edcias - Franciscanos\" \/>\n<meta property=\"og:description\" content=\"Par\u00f3quia Santa Clara de Colatina\" \/>\n<meta property=\"og:url\" content=\"https:\/\/franciscanos.org.br\/noticias\/mais-de-60-jovens-fazem-a-experiencia-de-subir-o-cruzeiro-em-marilandia.html\" \/>\n<meta property=\"og:site_name\" content=\"Not\u00edcias - Franciscanos\" \/>\n<meta property=\"article:published_time\" content=\"2023-11-16T16:53:16+00:00\" \/>\n<meta property=\"article:modified_time\" content=\"2023-11-16T18:12:33+00:00\" \/>\n<meta property=\"og:image\" content=\"https:\/\/franciscanos.org.br\/noticias\/wp-content\/uploads\/2023\/11\/colatina_01.jpg\" \/>\n\t<meta property=\"og:image:width\" content=\"1280\" \/>\n\t<meta property=\"og:image:height\" content=\"720\" \/>\n\t<meta property=\"og:image:type\" content=\"image\/jpeg\" \/>\n<meta name=\"author\" content=\"moacir\" \/>\n<meta name=\"twitter:card\" content=\"summary_large_image\" \/>\n<meta name=\"twitter:label1\" content=\"Escrito por\" \/>\n\t<meta name=\"twitter:data1\" content=\"moacir\" \/>\n\t<meta name=\"twitter:label2\" content=\"Est. tempo de leitura\" \/>\n\t<meta name=\"twitter:data2\" content=\"4 minutos\" \/>\n<script type=\"application\/ld+json\" class=\"yoast-schema-graph\">{\"@context\":\"https:\/\/schema.org\",\"@graph\":[{\"@type\":\"WebSite\",\"@id\":\"https:\/\/franciscanos.org.br\/noticias\/#website\",\"url\":\"https:\/\/franciscanos.org.br\/noticias\/\",\"name\":\"Not\u00edcias - Franciscanos\",\"description\":\"Prov\u00edncia Franciscana da Imaculada Concei\u00e7\u00e3o do Brasil - Ordem dos Frades Menores - OFM\",\"potentialAction\":[{\"@type\":\"SearchAction\",\"target\":{\"@type\":\"EntryPoint\",\"urlTemplate\":\"https:\/\/franciscanos.org.br\/noticias\/?s={search_term_string}\"},\"query-input\":\"required name=search_term_string\"}],\"inLanguage\":\"pt-BR\"},{\"@type\":\"ImageObject\",\"inLanguage\":\"pt-BR\",\"@id\":\"https:\/\/franciscanos.org.br\/noticias\/mais-de-60-jovens-fazem-a-experiencia-de-subir-o-cruzeiro-em-marilandia.html#primaryimage\",\"url\":\"https:\/\/franciscanos.org.br\/noticias\/wp-content\/uploads\/2023\/11\/colatina_01.jpg\",\"contentUrl\":\"https:\/\/franciscanos.org.br\/noticias\/wp-content\/uploads\/2023\/11\/colatina_01.jpg\",\"width\":1280,\"height\":720},{\"@type\":\"WebPage\",\"@id\":\"https:\/\/franciscanos.org.br\/noticias\/mais-de-60-jovens-fazem-a-experiencia-de-subir-o-cruzeiro-em-marilandia.html#webpage\",\"url\":\"https:\/\/franciscanos.org.br\/noticias\/mais-de-60-jovens-fazem-a-experiencia-de-subir-o-cruzeiro-em-marilandia.html\",\"name\":\"Mais de 60 jovens fazem a experi\u00eancia de subir o Cruzeiro em Maril\u00e2ndia - Not\u00edcias - Franciscanos\",\"isPartOf\":{\"@id\":\"https:\/\/franciscanos.org.br\/noticias\/#website\"},\"primaryImageOfPage\":{\"@id\":\"https:\/\/franciscanos.org.br\/noticias\/mais-de-60-jovens-fazem-a-experiencia-de-subir-o-cruzeiro-em-marilandia.html#primaryimage\"},\"datePublished\":\"2023-11-16T16:53:16+00:00\",\"dateModified\":\"2023-11-16T18:12:33+00:00\",\"author\":{\"@id\":\"https:\/\/franciscanos.org.br\/noticias\/#\/schema\/person\/b5c8cba458c330ccff548b056e95a5d4\"},\"breadcrumb\":{\"@id\":\"https:\/\/franciscanos.org.br\/noticias\/mais-de-60-jovens-fazem-a-experiencia-de-subir-o-cruzeiro-em-marilandia.html#breadcrumb\"},\"inLanguage\":\"pt-BR\",\"potentialAction\":[{\"@type\":\"ReadAction\",\"target\":[\"https:\/\/franciscanos.org.br\/noticias\/mais-de-60-jovens-fazem-a-experiencia-de-subir-o-cruzeiro-em-marilandia.html\"]}]},{\"@type\":\"BreadcrumbList\",\"@id\":\"https:\/\/franciscanos.org.br\/noticias\/mais-de-60-jovens-fazem-a-experiencia-de-subir-o-cruzeiro-em-marilandia.html#breadcrumb\",\"itemListElement\":[{\"@type\":\"ListItem\",\"position\":1,\"name\":\"Home\",\"item\":\"https:\/\/franciscanos.org.br\/noticias\"},{\"@type\":\"ListItem\",\"position\":2,\"name\":\"Mais de 60 jovens fazem a experi\u00eancia de subir o Cruzeiro em Maril\u00e2ndia\"}]},{\"@type\":\"Person\",\"@id\":\"https:\/\/franciscanos.org.br\/noticias\/#\/schema\/person\/b5c8cba458c330ccff548b056e95a5d4\",\"name\":\"moacir\",\"image\":{\"@type\":\"ImageObject\",\"inLanguage\":\"pt-BR\",\"@id\":\"https:\/\/franciscanos.org.br\/noticias\/#\/schema\/person\/image\/\",\"url\":\"https:\/\/secure.gravatar.com\/avatar\/d08aa2ce4c8dd416d4479aa8536fcf64?s=96&d=mm&r=g\",\"contentUrl\":\"https:\/\/secure.gravatar.com\/avatar\/d08aa2ce4c8dd416d4479aa8536fcf64?s=96&d=mm&r=g\",\"caption\":\"moacir\"},\"url\":\"https:\/\/franciscanos.org.br\/noticias\/author\/moacir\"}]}<\/script>\n<!-- \/ Yoast SEO plugin. -->","yoast_head_json":{"title":"Mais de 60 jovens fazem a experi\u00eancia de subir o Cruzeiro em Maril\u00e2ndia - Not\u00edcias - Franciscanos","robots":{"index":"index","follow":"follow","max-snippet":"max-snippet:-1","max-image-preview":"max-image-preview:large","max-video-preview":"max-video-preview:-1"},"canonical":"https:\/\/franciscanos.org.br\/noticias\/mais-de-60-jovens-fazem-a-experiencia-de-subir-o-cruzeiro-em-marilandia.html","og_locale":"pt_BR","og_type":"article","og_title":"Mais de 60 jovens fazem a experi\u00eancia de subir o Cruzeiro em Maril\u00e2ndia - Not\u00edcias - Franciscanos","og_description":"Par\u00f3quia Santa Clara de Colatina","og_url":"https:\/\/franciscanos.org.br\/noticias\/mais-de-60-jovens-fazem-a-experiencia-de-subir-o-cruzeiro-em-marilandia.html","og_site_name":"Not\u00edcias - Franciscanos","article_published_time":"2023-11-16T16:53:16+00:00","article_modified_time":"2023-11-16T18:12:33+00:00","og_image":[{"width":1280,"height":720,"url":"https:\/\/franciscanos.org.br\/noticias\/wp-content\/uploads\/2023\/11\/colatina_01.jpg","type":"image\/jpeg"}],"author":"moacir","twitter_card":"summary_large_image","twitter_misc":{"Escrito por":"moacir","Est. tempo de leitura":"4 minutos"},"schema":{"@context":"https:\/\/schema.org","@graph":[{"@type":"WebSite","@id":"https:\/\/franciscanos.org.br\/noticias\/#website","url":"https:\/\/franciscanos.org.br\/noticias\/","name":"Not\u00edcias - Franciscanos","description":"Prov\u00edncia Franciscana da Imaculada Concei\u00e7\u00e3o do Brasil - Ordem dos Frades Menores - OFM","potentialAction":[{"@type":"SearchAction","target":{"@type":"EntryPoint","urlTemplate":"https:\/\/franciscanos.org.br\/noticias\/?s={search_term_string}"},"query-input":"required name=search_term_string"}],"inLanguage":"pt-BR"},{"@type":"ImageObject","inLanguage":"pt-BR","@id":"https:\/\/franciscanos.org.br\/noticias\/mais-de-60-jovens-fazem-a-experiencia-de-subir-o-cruzeiro-em-marilandia.html#primaryimage","url":"https:\/\/franciscanos.org.br\/noticias\/wp-content\/uploads\/2023\/11\/colatina_01.jpg","contentUrl":"https:\/\/franciscanos.org.br\/noticias\/wp-content\/uploads\/2023\/11\/colatina_01.jpg","width":1280,"height":720},{"@type":"WebPage","@id":"https:\/\/franciscanos.org.br\/noticias\/mais-de-60-jovens-fazem-a-experiencia-de-subir-o-cruzeiro-em-marilandia.html#webpage","url":"https:\/\/franciscanos.org.br\/noticias\/mais-de-60-jovens-fazem-a-experiencia-de-subir-o-cruzeiro-em-marilandia.html","name":"Mais de 60 jovens fazem a experi\u00eancia de subir o Cruzeiro em Maril\u00e2ndia - Not\u00edcias - Franciscanos","isPartOf":{"@id":"https:\/\/franciscanos.org.br\/noticias\/#website"},"primaryImageOfPage":{"@id":"https:\/\/franciscanos.org.br\/noticias\/mais-de-60-jovens-fazem-a-experiencia-de-subir-o-cruzeiro-em-marilandia.html#primaryimage"},"datePublished":"2023-11-16T16:53:16+00:00","dateModified":"2023-11-16T18:12:33+00:00","author":{"@id":"https:\/\/franciscanos.org.br\/noticias\/#\/schema\/person\/b5c8cba458c330ccff548b056e95a5d4"},"breadcrumb":{"@id":"https:\/\/franciscanos.org.br\/noticias\/mais-de-60-jovens-fazem-a-experiencia-de-subir-o-cruzeiro-em-marilandia.html#breadcrumb"},"inLanguage":"pt-BR","potentialAction":[{"@type":"ReadAction","target":["https:\/\/franciscanos.org.br\/noticias\/mais-de-60-jovens-fazem-a-experiencia-de-subir-o-cruzeiro-em-marilandia.html"]}]},{"@type":"BreadcrumbList","@id":"https:\/\/franciscanos.org.br\/noticias\/mais-de-60-jovens-fazem-a-experiencia-de-subir-o-cruzeiro-em-marilandia.html#breadcrumb","itemListElement":[{"@type":"ListItem","position":1,"name":"Home","item":"https:\/\/franciscanos.org.br\/noticias"},{"@type":"ListItem","position":2,"name":"Mais de 60 jovens fazem a experi\u00eancia de subir o Cruzeiro em Maril\u00e2ndia"}]},{"@type":"Person","@id":"https:\/\/franciscanos.org.br\/noticias\/#\/schema\/person\/b5c8cba458c330ccff548b056e95a5d4","name":"moacir","image":{"@type":"ImageObject","inLanguage":"pt-BR","@id":"https:\/\/franciscanos.org.br\/noticias\/#\/schema\/person\/image\/","url":"https:\/\/secure.gravatar.com\/avatar\/d08aa2ce4c8dd416d4479aa8536fcf64?s=96&d=mm&r=g","contentUrl":"https:\/\/secure.gravatar.com\/avatar\/d08aa2ce4c8dd416d4479aa8536fcf64?s=96&d=mm&r=g","caption":"moacir"},"url":"https:\/\/franciscanos.org.br\/noticias\/author\/moacir"}]}},"_links":{"self":[{"href":"https:\/\/franciscanos.org.br\/noticias\/wp-json\/wp\/v2\/posts\/245493"}],"collection":[{"href":"https:\/\/franciscanos.org.br\/noticias\/wp-json\/wp\/v2\/posts"}],"about":[{"href":"https:\/\/franciscanos.org.br\/noticias\/wp-json\/wp\/v2\/types\/post"}],"author":[{"embeddable":true,"href":"https:\/\/franciscanos.org.br\/noticias\/wp-json\/wp\/v2\/users\/3"}],"replies":[{"embeddable":true,"href":"https:\/\/franciscanos.org.br\/noticias\/wp-json\/wp\/v2\/comments?post=245493"}],"version-history":[{"count":2,"href":"https:\/\/franciscanos.org.br\/noticias\/wp-json\/wp\/v2\/posts\/245493\/revisions"}],"predecessor-version":[{"id":245501,"href":"https:\/\/franciscanos.org.br\/noticias\/wp-json\/wp\/v2\/posts\/245493\/revisions\/245501"}],"wp:featuredmedia":[{"embeddable":true,"href":"https:\/\/franciscanos.org.br\/noticias\/wp-json\/wp\/v2\/media\/245494"}],"wp:attachment":[{"href":"https:\/\/franciscanos.org.br\/noticias\/wp-json\/wp\/v2\/media?parent=245493"}],"wp:term":[{"taxonomy":"category","embeddable":true,"href":"https:\/\/franciscanos.org.br\/noticias\/wp-json\/wp\/v2\/categories?post=245493"},{"taxonomy":"post_tag","embeddable":true,"href":"https:\/\/franciscanos.org.br\/noticias\/wp-json\/wp\/v2\/tags?post=245493"}],"curies":[{"name":"wp","href":"https:\/\/api.w.org\/{rel}","templated":true}]}}