{"id":245488,"date":"2023-11-16T11:20:59","date_gmt":"2023-11-16T14:20:59","guid":{"rendered":"https:\/\/franciscanos.org.br\/noticias\/?p=245488"},"modified":"2023-11-16T11:20:59","modified_gmt":"2023-11-16T14:20:59","slug":"papa-francisco-aos-sacerdotes-nao-sejam-empregados-do-sagrado","status":"publish","type":"post","link":"https:\/\/franciscanos.org.br\/noticias\/papa-francisco-aos-sacerdotes-nao-sejam-empregados-do-sagrado.html","title":{"rendered":"Papa Francisco aos sacerdotes: n\u00e3o sejam empregados do sagrado"},"content":{"rendered":"<div id=\"attachment_245489\" style=\"width: 1290px\" class=\"wp-caption alignnone\"><img aria-describedby=\"caption-attachment-245489\" loading=\"lazy\" class=\"wp-image-245489 size-full\" src=\"https:\/\/franciscanos.org.br\/noticias\/wp-content\/uploads\/2023\/11\/papa_sacerdotes_16.jpg\" alt=\"\" width=\"1280\" height=\"720\" srcset=\"https:\/\/franciscanos.org.br\/noticias\/wp-content\/uploads\/2023\/11\/papa_sacerdotes_16.jpg 1280w, https:\/\/franciscanos.org.br\/noticias\/wp-content\/uploads\/2023\/11\/papa_sacerdotes_16-450x253.jpg 450w, https:\/\/franciscanos.org.br\/noticias\/wp-content\/uploads\/2023\/11\/papa_sacerdotes_16-1024x576.jpg 1024w, https:\/\/franciscanos.org.br\/noticias\/wp-content\/uploads\/2023\/11\/papa_sacerdotes_16-768x432.jpg 768w, https:\/\/franciscanos.org.br\/noticias\/wp-content\/uploads\/2023\/11\/papa_sacerdotes_16-150x84.jpg 150w\" sizes=\"(max-width: 1280px) 100vw, 1280px\" \/><p id=\"caption-attachment-245489\" class=\"wp-caption-text\"><em>Imagem: Vatican Media<\/em><\/p><\/div>\n<p>O Papa recebeu os participantes do encontro anual de sacerdotes hisp\u00e2nicos dos Estados Unidos nesta manh\u00e3, 16 de novembro, no Vaticano. O Pont\u00edfice destacou a import\u00e2ncia da abertura da Igreja como uma casa acolhedora para todos e incentivou os presentes a mergulharem no conhecimento de Cristo, e reiterou a import\u00e2ncia de viver em um esp\u00edrito constante de servi\u00e7o para cuidar especialmente dos mais fr\u00e1geis.<\/p>\n<p><strong>Aten\u00e7\u00e3o ao \u201crefinamento eclesi\u00e1stico\u201d<\/strong><\/p>\n<p>Francisco recomenda cautela contra a tenta\u00e7\u00e3o do &#8220;refinamento eclesi\u00e1stico&#8221; desprovido de abertura para o povo, e destaca: &#8220;isso n\u00e3o \u00e9 bom&#8221;. O Pont\u00edfice convida a olhar para Cristo, mais do que para qualquer outro livro de refer\u00eancia. Nas palavras de Santa Teresa de Jesus, Ele \u00e9 o &#8220;livro vivo&#8221; e, portanto, \u00e9 na pessoa de Jesus &#8220;o livro&#8221; que devemos nos inspirar continuamente no apostolado. Em seguida, insiste na necessidade de dedicar tempo \u00e0 medita\u00e7\u00e3o das Escrituras, especialmente recuperando o sentido da adora\u00e7\u00e3o:<\/p>\n<p>&#8220;Devemos encontrar o Senhor no sil\u00eancio da adora\u00e7\u00e3o. Se eu perguntasse agora quantas horas de adora\u00e7\u00e3o voc\u00ea faz por semana, esse seria um bom teste. Vou fazer a pergunta, mas cada um responde dentro de si. N\u00e3o, porque \u00e9 um esfor\u00e7o muito grande, porque isso aqui, porque aquilo ali. Se voc\u00ea n\u00e3o reza, se n\u00e3o adora, sua vida vale pouco.&#8221;<\/p>\n<p><strong>Exemplos concretos que servem de inspira\u00e7\u00e3o<\/strong><\/p>\n<p>Alguns dos santos que se especializaram neste aspecto, no sil\u00eancio diante do Tabern\u00e1culo, recordou o Papa, s\u00e3o o Beato Carlo Acutis e S\u00e3o Manuel Gonz\u00e1les, duas figuras que foram escolhidas como patronos do Congresso Eucar\u00edstico Nacional nos EUA, que est\u00e1 sendo preparado para o pr\u00f3ximo ano.<\/p>\n<p>Francisco, ao refletir sobre uma catequese de S\u00e3o Manuel Gonz\u00e1les, responde \u00e0s perguntas feitas pelos sacerdotes sobre seu apostolado contempor\u00e2neo. \u201cO exemplo a seguir \u00e9 o das mulheres diante da cruz de Jesus\u201d:<br \/>\n\u201cO mesmo desamparo, o mesmo desejo de agir contra a injusti\u00e7a que as santas mulheres experimentaram naquele momento, n\u00f3s podemos experimentar diante dos problemas dos imigrantes, do fechamento de certas autoridades civis e religiosas, dos desafios da interculturalidade, da complexidade da proclama\u00e7\u00e3o, de tantas coisas.\u201d<\/p>\n<p><strong>O sacerdote n\u00e3o \u00e9 um empregado do sagrado<\/strong><\/p>\n<p>O Santo tamb\u00e9m exorta os sacerdotes a n\u00e3o se &#8220;acomodarem&#8221; em um trabalho &#8220;clerical&#8221;, presos a hor\u00e1rios fixos: \u201cpor favor, primeiro as pessoas, depois o hor\u00e1rio, n\u00e3o se tornem funcion\u00e1rios do sagrado, que \u00e9 o perigo dessa cultura, revejam sua dedica\u00e7\u00e3o \u00e0s pessoas, sua abertura de cora\u00e7\u00e3o\u201d.<\/p>\n<p>O exemplo do Beato Carlo Acutis, que se refere a eucaristia como a &#8220;estrada para o c\u00e9u&#8221;, e o modelo das obras sociais e apost\u00f3licas de S\u00e3o Gonz\u00e1lez, diz o Papa, \u201cajudam no caminho de fidelidade, const\u00e2ncia e confian\u00e7a em Deus, que completa a obra de seus filhos\u201d.<\/p>\n<p>Para Francisco, \u00e9 necess\u00e1rio executar um trabalho pastoral sem reservas, sem desprendimento, sem esquemas pr\u00e9-fabricados: &#8220;o que um padre pode fazer come\u00e7a hoje, com a simples ora\u00e7\u00e3o, a palavra amiga, a acolhida fraterna e o trabalho perseverante&#8221;.<\/p>\n<p>\u201cIrm\u00e3os, n\u00e3o confiem apenas em grandes ideias, nem em propostas pastorais bem delineadas; elas me assustam quando v\u00eam com todos esses programas pastorais para que outros os implementem, e n\u00e3o eu. N\u00e3o fique procurando culpados. \u2018N\u00e3o deu certo porque a culpa \u00e9 dele, eu n\u00e3o fiz nada\u2019. Entreguem-se ao Senhor que os chamou para se doarem, e s\u00f3 lhes pede fidelidade e const\u00e2ncia.\u201d<\/p>\n<p><strong>Busquem a si mesmos na humildade pastoral<\/strong><\/p>\n<p>Na conclus\u00e3o de seu discurso o Papa pediu aos sacerdotes que se mantenham longe da tenta\u00e7\u00e3o de serem \u201calpinistas sociais e eclesiais\u201d, e ofereceu o exemplo das &#8220;unhas sujas&#8221;:<\/p>\n<p>\u201cN\u00e3o tenha unhas sujas, mas unhas limpas, porque as unhas ficam sujas quando o padre come\u00e7a a escalar. Quer subir para aquele cargo, para aquela par\u00f3quia, para aquela posi\u00e7\u00e3o can\u00f4nica, e ent\u00e3o a promo\u00e7\u00e3o humana compensa a gratuidade da proclama\u00e7\u00e3o. Se voc\u00eas perderem isso, o sentido da gratuidade, ser\u00e3o padres pobres que perderam a esperan\u00e7a de suas vidas. Sempre recuperem o chamado de Jesus para servir, colocando-se \u00e0 disposi\u00e7\u00e3o dos outros. N\u00e3o tenham as unhas sujas para escalar, n\u00e3o. Porque quando se chega ao topo, o que se v\u00ea \u00e9 bastante indecente, nem quero dizer!\u201d<\/p>\n<hr \/>\n<p><em>Fonte: Vatican News (textio de Thulio Fonseca)<\/em><\/p>\n","protected":false},"excerpt":{"rendered":"<p>Audi\u00eancia papal<\/p>\n","protected":false},"author":3,"featured_media":245489,"comment_status":"open","ping_status":"open","sticky":false,"template":"","format":"standard","meta":[],"categories":[1428],"tags":[55],"acf":[],"yoast_head":"<!-- This site is optimized with the Yoast SEO plugin v19.2 - https:\/\/yoast.com\/wordpress\/plugins\/seo\/ -->\n<title>Papa Francisco aos sacerdotes: n\u00e3o sejam empregados do sagrado - Not\u00edcias - Franciscanos<\/title>\n<meta name=\"robots\" content=\"index, follow, max-snippet:-1, max-image-preview:large, max-video-preview:-1\" \/>\n<link rel=\"canonical\" href=\"https:\/\/franciscanos.org.br\/noticias\/papa-francisco-aos-sacerdotes-nao-sejam-empregados-do-sagrado.html\" \/>\n<meta property=\"og:locale\" content=\"pt_BR\" \/>\n<meta property=\"og:type\" content=\"article\" \/>\n<meta property=\"og:title\" content=\"Papa Francisco aos sacerdotes: n\u00e3o sejam empregados do sagrado - Not\u00edcias - Franciscanos\" \/>\n<meta property=\"og:description\" content=\"Audi\u00eancia papal\" \/>\n<meta property=\"og:url\" content=\"https:\/\/franciscanos.org.br\/noticias\/papa-francisco-aos-sacerdotes-nao-sejam-empregados-do-sagrado.html\" \/>\n<meta property=\"og:site_name\" content=\"Not\u00edcias - Franciscanos\" \/>\n<meta property=\"article:published_time\" content=\"2023-11-16T14:20:59+00:00\" \/>\n<meta property=\"og:image\" content=\"https:\/\/franciscanos.org.br\/noticias\/wp-content\/uploads\/2023\/11\/papa_sacerdotes_16.jpg\" \/>\n\t<meta property=\"og:image:width\" content=\"1280\" \/>\n\t<meta property=\"og:image:height\" content=\"720\" \/>\n\t<meta property=\"og:image:type\" content=\"image\/jpeg\" \/>\n<meta name=\"author\" content=\"moacir\" \/>\n<meta name=\"twitter:card\" content=\"summary_large_image\" \/>\n<meta name=\"twitter:label1\" content=\"Escrito por\" \/>\n\t<meta name=\"twitter:data1\" content=\"moacir\" \/>\n\t<meta name=\"twitter:label2\" content=\"Est. tempo de leitura\" \/>\n\t<meta name=\"twitter:data2\" content=\"4 minutos\" \/>\n<script type=\"application\/ld+json\" class=\"yoast-schema-graph\">{\"@context\":\"https:\/\/schema.org\",\"@graph\":[{\"@type\":\"WebSite\",\"@id\":\"https:\/\/franciscanos.org.br\/noticias\/#website\",\"url\":\"https:\/\/franciscanos.org.br\/noticias\/\",\"name\":\"Not\u00edcias - Franciscanos\",\"description\":\"Prov\u00edncia Franciscana da Imaculada Concei\u00e7\u00e3o do Brasil - Ordem dos Frades Menores - OFM\",\"potentialAction\":[{\"@type\":\"SearchAction\",\"target\":{\"@type\":\"EntryPoint\",\"urlTemplate\":\"https:\/\/franciscanos.org.br\/noticias\/?s={search_term_string}\"},\"query-input\":\"required name=search_term_string\"}],\"inLanguage\":\"pt-BR\"},{\"@type\":\"ImageObject\",\"inLanguage\":\"pt-BR\",\"@id\":\"https:\/\/franciscanos.org.br\/noticias\/papa-francisco-aos-sacerdotes-nao-sejam-empregados-do-sagrado.html#primaryimage\",\"url\":\"https:\/\/franciscanos.org.br\/noticias\/wp-content\/uploads\/2023\/11\/papa_sacerdotes_16.jpg\",\"contentUrl\":\"https:\/\/franciscanos.org.br\/noticias\/wp-content\/uploads\/2023\/11\/papa_sacerdotes_16.jpg\",\"width\":1280,\"height\":720},{\"@type\":\"WebPage\",\"@id\":\"https:\/\/franciscanos.org.br\/noticias\/papa-francisco-aos-sacerdotes-nao-sejam-empregados-do-sagrado.html#webpage\",\"url\":\"https:\/\/franciscanos.org.br\/noticias\/papa-francisco-aos-sacerdotes-nao-sejam-empregados-do-sagrado.html\",\"name\":\"Papa Francisco aos sacerdotes: n\u00e3o sejam empregados do sagrado - Not\u00edcias - Franciscanos\",\"isPartOf\":{\"@id\":\"https:\/\/franciscanos.org.br\/noticias\/#website\"},\"primaryImageOfPage\":{\"@id\":\"https:\/\/franciscanos.org.br\/noticias\/papa-francisco-aos-sacerdotes-nao-sejam-empregados-do-sagrado.html#primaryimage\"},\"datePublished\":\"2023-11-16T14:20:59+00:00\",\"dateModified\":\"2023-11-16T14:20:59+00:00\",\"author\":{\"@id\":\"https:\/\/franciscanos.org.br\/noticias\/#\/schema\/person\/b5c8cba458c330ccff548b056e95a5d4\"},\"breadcrumb\":{\"@id\":\"https:\/\/franciscanos.org.br\/noticias\/papa-francisco-aos-sacerdotes-nao-sejam-empregados-do-sagrado.html#breadcrumb\"},\"inLanguage\":\"pt-BR\",\"potentialAction\":[{\"@type\":\"ReadAction\",\"target\":[\"https:\/\/franciscanos.org.br\/noticias\/papa-francisco-aos-sacerdotes-nao-sejam-empregados-do-sagrado.html\"]}]},{\"@type\":\"BreadcrumbList\",\"@id\":\"https:\/\/franciscanos.org.br\/noticias\/papa-francisco-aos-sacerdotes-nao-sejam-empregados-do-sagrado.html#breadcrumb\",\"itemListElement\":[{\"@type\":\"ListItem\",\"position\":1,\"name\":\"Home\",\"item\":\"https:\/\/franciscanos.org.br\/noticias\"},{\"@type\":\"ListItem\",\"position\":2,\"name\":\"Papa Francisco aos sacerdotes: n\u00e3o sejam empregados do sagrado\"}]},{\"@type\":\"Person\",\"@id\":\"https:\/\/franciscanos.org.br\/noticias\/#\/schema\/person\/b5c8cba458c330ccff548b056e95a5d4\",\"name\":\"moacir\",\"image\":{\"@type\":\"ImageObject\",\"inLanguage\":\"pt-BR\",\"@id\":\"https:\/\/franciscanos.org.br\/noticias\/#\/schema\/person\/image\/\",\"url\":\"https:\/\/secure.gravatar.com\/avatar\/d08aa2ce4c8dd416d4479aa8536fcf64?s=96&d=mm&r=g\",\"contentUrl\":\"https:\/\/secure.gravatar.com\/avatar\/d08aa2ce4c8dd416d4479aa8536fcf64?s=96&d=mm&r=g\",\"caption\":\"moacir\"},\"url\":\"https:\/\/franciscanos.org.br\/noticias\/author\/moacir\"}]}<\/script>\n<!-- \/ Yoast SEO plugin. -->","yoast_head_json":{"title":"Papa Francisco aos sacerdotes: n\u00e3o sejam empregados do sagrado - Not\u00edcias - Franciscanos","robots":{"index":"index","follow":"follow","max-snippet":"max-snippet:-1","max-image-preview":"max-image-preview:large","max-video-preview":"max-video-preview:-1"},"canonical":"https:\/\/franciscanos.org.br\/noticias\/papa-francisco-aos-sacerdotes-nao-sejam-empregados-do-sagrado.html","og_locale":"pt_BR","og_type":"article","og_title":"Papa Francisco aos sacerdotes: n\u00e3o sejam empregados do sagrado - Not\u00edcias - Franciscanos","og_description":"Audi\u00eancia papal","og_url":"https:\/\/franciscanos.org.br\/noticias\/papa-francisco-aos-sacerdotes-nao-sejam-empregados-do-sagrado.html","og_site_name":"Not\u00edcias - Franciscanos","article_published_time":"2023-11-16T14:20:59+00:00","og_image":[{"width":1280,"height":720,"url":"https:\/\/franciscanos.org.br\/noticias\/wp-content\/uploads\/2023\/11\/papa_sacerdotes_16.jpg","type":"image\/jpeg"}],"author":"moacir","twitter_card":"summary_large_image","twitter_misc":{"Escrito por":"moacir","Est. tempo de leitura":"4 minutos"},"schema":{"@context":"https:\/\/schema.org","@graph":[{"@type":"WebSite","@id":"https:\/\/franciscanos.org.br\/noticias\/#website","url":"https:\/\/franciscanos.org.br\/noticias\/","name":"Not\u00edcias - Franciscanos","description":"Prov\u00edncia Franciscana da Imaculada Concei\u00e7\u00e3o do Brasil - Ordem dos Frades Menores - OFM","potentialAction":[{"@type":"SearchAction","target":{"@type":"EntryPoint","urlTemplate":"https:\/\/franciscanos.org.br\/noticias\/?s={search_term_string}"},"query-input":"required name=search_term_string"}],"inLanguage":"pt-BR"},{"@type":"ImageObject","inLanguage":"pt-BR","@id":"https:\/\/franciscanos.org.br\/noticias\/papa-francisco-aos-sacerdotes-nao-sejam-empregados-do-sagrado.html#primaryimage","url":"https:\/\/franciscanos.org.br\/noticias\/wp-content\/uploads\/2023\/11\/papa_sacerdotes_16.jpg","contentUrl":"https:\/\/franciscanos.org.br\/noticias\/wp-content\/uploads\/2023\/11\/papa_sacerdotes_16.jpg","width":1280,"height":720},{"@type":"WebPage","@id":"https:\/\/franciscanos.org.br\/noticias\/papa-francisco-aos-sacerdotes-nao-sejam-empregados-do-sagrado.html#webpage","url":"https:\/\/franciscanos.org.br\/noticias\/papa-francisco-aos-sacerdotes-nao-sejam-empregados-do-sagrado.html","name":"Papa Francisco aos sacerdotes: n\u00e3o sejam empregados do sagrado - Not\u00edcias - Franciscanos","isPartOf":{"@id":"https:\/\/franciscanos.org.br\/noticias\/#website"},"primaryImageOfPage":{"@id":"https:\/\/franciscanos.org.br\/noticias\/papa-francisco-aos-sacerdotes-nao-sejam-empregados-do-sagrado.html#primaryimage"},"datePublished":"2023-11-16T14:20:59+00:00","dateModified":"2023-11-16T14:20:59+00:00","author":{"@id":"https:\/\/franciscanos.org.br\/noticias\/#\/schema\/person\/b5c8cba458c330ccff548b056e95a5d4"},"breadcrumb":{"@id":"https:\/\/franciscanos.org.br\/noticias\/papa-francisco-aos-sacerdotes-nao-sejam-empregados-do-sagrado.html#breadcrumb"},"inLanguage":"pt-BR","potentialAction":[{"@type":"ReadAction","target":["https:\/\/franciscanos.org.br\/noticias\/papa-francisco-aos-sacerdotes-nao-sejam-empregados-do-sagrado.html"]}]},{"@type":"BreadcrumbList","@id":"https:\/\/franciscanos.org.br\/noticias\/papa-francisco-aos-sacerdotes-nao-sejam-empregados-do-sagrado.html#breadcrumb","itemListElement":[{"@type":"ListItem","position":1,"name":"Home","item":"https:\/\/franciscanos.org.br\/noticias"},{"@type":"ListItem","position":2,"name":"Papa Francisco aos sacerdotes: n\u00e3o sejam empregados do sagrado"}]},{"@type":"Person","@id":"https:\/\/franciscanos.org.br\/noticias\/#\/schema\/person\/b5c8cba458c330ccff548b056e95a5d4","name":"moacir","image":{"@type":"ImageObject","inLanguage":"pt-BR","@id":"https:\/\/franciscanos.org.br\/noticias\/#\/schema\/person\/image\/","url":"https:\/\/secure.gravatar.com\/avatar\/d08aa2ce4c8dd416d4479aa8536fcf64?s=96&d=mm&r=g","contentUrl":"https:\/\/secure.gravatar.com\/avatar\/d08aa2ce4c8dd416d4479aa8536fcf64?s=96&d=mm&r=g","caption":"moacir"},"url":"https:\/\/franciscanos.org.br\/noticias\/author\/moacir"}]}},"_links":{"self":[{"href":"https:\/\/franciscanos.org.br\/noticias\/wp-json\/wp\/v2\/posts\/245488"}],"collection":[{"href":"https:\/\/franciscanos.org.br\/noticias\/wp-json\/wp\/v2\/posts"}],"about":[{"href":"https:\/\/franciscanos.org.br\/noticias\/wp-json\/wp\/v2\/types\/post"}],"author":[{"embeddable":true,"href":"https:\/\/franciscanos.org.br\/noticias\/wp-json\/wp\/v2\/users\/3"}],"replies":[{"embeddable":true,"href":"https:\/\/franciscanos.org.br\/noticias\/wp-json\/wp\/v2\/comments?post=245488"}],"version-history":[{"count":1,"href":"https:\/\/franciscanos.org.br\/noticias\/wp-json\/wp\/v2\/posts\/245488\/revisions"}],"predecessor-version":[{"id":245490,"href":"https:\/\/franciscanos.org.br\/noticias\/wp-json\/wp\/v2\/posts\/245488\/revisions\/245490"}],"wp:featuredmedia":[{"embeddable":true,"href":"https:\/\/franciscanos.org.br\/noticias\/wp-json\/wp\/v2\/media\/245489"}],"wp:attachment":[{"href":"https:\/\/franciscanos.org.br\/noticias\/wp-json\/wp\/v2\/media?parent=245488"}],"wp:term":[{"taxonomy":"category","embeddable":true,"href":"https:\/\/franciscanos.org.br\/noticias\/wp-json\/wp\/v2\/categories?post=245488"},{"taxonomy":"post_tag","embeddable":true,"href":"https:\/\/franciscanos.org.br\/noticias\/wp-json\/wp\/v2\/tags?post=245488"}],"curies":[{"name":"wp","href":"https:\/\/api.w.org\/{rel}","templated":true}]}}