{"id":245473,"date":"2023-11-14T10:47:25","date_gmt":"2023-11-14T13:47:25","guid":{"rendered":"https:\/\/franciscanos.org.br\/noticias\/?p=245473"},"modified":"2023-11-14T10:47:44","modified_gmt":"2023-11-14T13:47:44","slug":"convento-da-penha-vai-lancar-trenzinho-das-alegrias-nesta-quarta","status":"publish","type":"post","link":"https:\/\/franciscanos.org.br\/noticias\/convento-da-penha-vai-lancar-trenzinho-das-alegrias-nesta-quarta.html","title":{"rendered":"Convento da Penha vai lan\u00e7ar \u201cTrenzinho das Alegrias\u201d nesta quarta"},"content":{"rendered":"<p><img loading=\"lazy\" class=\"alignnone size-full wp-image-245474\" src=\"https:\/\/franciscanos.org.br\/noticias\/wp-content\/uploads\/2023\/11\/penha_trem_14.jpg\" alt=\"\" width=\"1280\" height=\"720\" srcset=\"https:\/\/franciscanos.org.br\/noticias\/wp-content\/uploads\/2023\/11\/penha_trem_14.jpg 1280w, https:\/\/franciscanos.org.br\/noticias\/wp-content\/uploads\/2023\/11\/penha_trem_14-450x253.jpg 450w, https:\/\/franciscanos.org.br\/noticias\/wp-content\/uploads\/2023\/11\/penha_trem_14-1024x576.jpg 1024w, https:\/\/franciscanos.org.br\/noticias\/wp-content\/uploads\/2023\/11\/penha_trem_14-768x432.jpg 768w, https:\/\/franciscanos.org.br\/noticias\/wp-content\/uploads\/2023\/11\/penha_trem_14-150x84.jpg 150w\" sizes=\"(max-width: 1280px) 100vw, 1280px\" \/><\/p>\n<p>Com muita satisfa\u00e7\u00e3o, o Convento da Penha vai lan\u00e7ar mais um meio de transporte para acesso ao Campinho: o Trenzinho das Alegrias. Trata-se de um ve\u00edculo com o formato de um vag\u00e3o de trem e tem como principal objetivo proporcionar aos visitantes, um passeio contemplativo. O evento de lan\u00e7amento ser\u00e1 nesta quarta-feira (15\/11).<\/p>\n<p>A ideia \u00e9 que os passageiros do Trenzinho (especialmente as crian\u00e7as) possam embarcar numa viagem pela hist\u00f3ria, pelas belezas naturais e encantadoras do Convento, al\u00e9m de se divertirem com um trajeto mais voltado para o turismo religioso.<\/p>\n<p>A passagem para acesso ao Trenzinho custa R$ 10 (subida ou descida) e poder\u00e1 ser adquirida na portaria do Convento, onde tamb\u00e9m \u00e9 poss\u00edvel comprar bilhetes para transporte das vans. Para subir e descer de Trenzinho, o passageiro vai pagar R$20.<\/p>\n<p>O funcionamento do Trenzinho ser\u00e1 especialmente aos s\u00e1bados, domingos e feriados, mas os Freis do Convento j\u00e1 analisam a possibilidade do ve\u00edculo rodar todos os dias. Para dezembro, per\u00edodo em que o Santu\u00e1rio recebe um n\u00famero elevado de visitantes, a expectativa \u00e9 que o Trenzinho realize diversas viagens todos os dias e n\u00e3o apenas aos finais de semana.<\/p>\n<p>Frei Djalmo Fuck, Guardi\u00e3o e Reitor do Convento, enfatiza que o passeio vai possibilitar aos passageiros um contato com a natureza e com a hist\u00f3ria. \u201cO Trenzinho tem a finalidade de proporcionar aos turistas, um contato direto com a natureza, com a beleza da cria\u00e7\u00e3o de Deus. Depois, num segundo momento, as pessoas v\u00e3o conhecer mais sobre a nossa hist\u00f3ria, sobre a presen\u00e7a franciscana desde 1558. Essa viagem, que deve durar um pouco mais de 10 minutos, ser\u00e1 um passeio contemplativo. Essa \u00e9 a motiva\u00e7\u00e3o principal. Viajar num passeio contemplando a presen\u00e7a de Deus na natureza e na cria\u00e7\u00e3o que S\u00e3o Francisco tanto nos ensinou a amar\u201d, destaca.<\/p>\n<p>O Guardi\u00e3o ainda ressalta que a iniciativa de constru\u00e7\u00e3o do Trenzinho partiu da pr\u00f3pria fraternidade e faz parte de uma s\u00e9rie de a\u00e7\u00f5es que visam uma melhor acolhida. \u201cGeralmente os grandes monumentos ou cidades tur\u00edsticas sempre possuem muitos atrativos. Em muitos lugares j\u00e1 existem \u2018trenzinhos\u2019. Isso faz com que o visitante queira voltar. A partir disso, n\u00f3s estamos promovendo v\u00e1rias a\u00e7\u00f5es para acolher melhor nossos visitantes e essa a\u00e7\u00e3o \u00e9 uma delas\u201d.<\/p>\n<p>O evento de lan\u00e7amento do \u201cTrenzinho das Alegrias\u201d vai acontecer nesta quarta-feira (feriado da Proclama\u00e7\u00e3o da Rep\u00fablica), partir das 9h no Campinho. Todos os freis estar\u00e3o presentes e juntos v\u00e3o rezar, aben\u00e7oar e fazer um \u201cpasseio inaugural\u201d que vai abrir os trabalhos da \u201clocomotiva aben\u00e7oada\u201d.<\/p>\n<hr \/>\n<p><em>Fonte: site Convento da Penha<\/em><\/p>\n","protected":false},"excerpt":{"rendered":"<p>Convento da Penha<\/p>\n","protected":false},"author":3,"featured_media":245474,"comment_status":"open","ping_status":"open","sticky":false,"template":"","format":"standard","meta":[],"categories":[1],"tags":[248],"acf":[],"yoast_head":"<!-- This site is optimized with the Yoast SEO plugin v19.2 - https:\/\/yoast.com\/wordpress\/plugins\/seo\/ -->\n<title>Convento da Penha vai lan\u00e7ar \u201cTrenzinho das Alegrias\u201d nesta quarta - Not\u00edcias - Franciscanos<\/title>\n<meta name=\"robots\" content=\"index, follow, max-snippet:-1, max-image-preview:large, max-video-preview:-1\" \/>\n<link rel=\"canonical\" href=\"https:\/\/franciscanos.org.br\/noticias\/convento-da-penha-vai-lancar-trenzinho-das-alegrias-nesta-quarta.html\" \/>\n<meta property=\"og:locale\" content=\"pt_BR\" \/>\n<meta property=\"og:type\" content=\"article\" \/>\n<meta property=\"og:title\" content=\"Convento da Penha vai lan\u00e7ar \u201cTrenzinho das Alegrias\u201d nesta quarta - Not\u00edcias - Franciscanos\" \/>\n<meta property=\"og:description\" content=\"Convento da Penha\" \/>\n<meta property=\"og:url\" content=\"https:\/\/franciscanos.org.br\/noticias\/convento-da-penha-vai-lancar-trenzinho-das-alegrias-nesta-quarta.html\" \/>\n<meta property=\"og:site_name\" content=\"Not\u00edcias - Franciscanos\" \/>\n<meta property=\"article:published_time\" content=\"2023-11-14T13:47:25+00:00\" \/>\n<meta property=\"article:modified_time\" content=\"2023-11-14T13:47:44+00:00\" \/>\n<meta property=\"og:image\" content=\"https:\/\/franciscanos.org.br\/noticias\/wp-content\/uploads\/2023\/11\/penha_trem_14.jpg\" \/>\n\t<meta property=\"og:image:width\" content=\"1280\" \/>\n\t<meta property=\"og:image:height\" content=\"720\" \/>\n\t<meta property=\"og:image:type\" content=\"image\/jpeg\" \/>\n<meta name=\"author\" content=\"moacir\" \/>\n<meta name=\"twitter:card\" content=\"summary_large_image\" \/>\n<meta name=\"twitter:label1\" content=\"Escrito por\" \/>\n\t<meta name=\"twitter:data1\" content=\"moacir\" \/>\n\t<meta name=\"twitter:label2\" content=\"Est. tempo de leitura\" \/>\n\t<meta name=\"twitter:data2\" content=\"2 minutos\" \/>\n<script type=\"application\/ld+json\" class=\"yoast-schema-graph\">{\"@context\":\"https:\/\/schema.org\",\"@graph\":[{\"@type\":\"WebSite\",\"@id\":\"https:\/\/franciscanos.org.br\/noticias\/#website\",\"url\":\"https:\/\/franciscanos.org.br\/noticias\/\",\"name\":\"Not\u00edcias - Franciscanos\",\"description\":\"Prov\u00edncia Franciscana da Imaculada Concei\u00e7\u00e3o do Brasil - Ordem dos Frades Menores - OFM\",\"potentialAction\":[{\"@type\":\"SearchAction\",\"target\":{\"@type\":\"EntryPoint\",\"urlTemplate\":\"https:\/\/franciscanos.org.br\/noticias\/?s={search_term_string}\"},\"query-input\":\"required name=search_term_string\"}],\"inLanguage\":\"pt-BR\"},{\"@type\":\"ImageObject\",\"inLanguage\":\"pt-BR\",\"@id\":\"https:\/\/franciscanos.org.br\/noticias\/convento-da-penha-vai-lancar-trenzinho-das-alegrias-nesta-quarta.html#primaryimage\",\"url\":\"https:\/\/franciscanos.org.br\/noticias\/wp-content\/uploads\/2023\/11\/penha_trem_14.jpg\",\"contentUrl\":\"https:\/\/franciscanos.org.br\/noticias\/wp-content\/uploads\/2023\/11\/penha_trem_14.jpg\",\"width\":1280,\"height\":720},{\"@type\":\"WebPage\",\"@id\":\"https:\/\/franciscanos.org.br\/noticias\/convento-da-penha-vai-lancar-trenzinho-das-alegrias-nesta-quarta.html#webpage\",\"url\":\"https:\/\/franciscanos.org.br\/noticias\/convento-da-penha-vai-lancar-trenzinho-das-alegrias-nesta-quarta.html\",\"name\":\"Convento da Penha vai lan\u00e7ar \u201cTrenzinho das Alegrias\u201d nesta quarta - Not\u00edcias - Franciscanos\",\"isPartOf\":{\"@id\":\"https:\/\/franciscanos.org.br\/noticias\/#website\"},\"primaryImageOfPage\":{\"@id\":\"https:\/\/franciscanos.org.br\/noticias\/convento-da-penha-vai-lancar-trenzinho-das-alegrias-nesta-quarta.html#primaryimage\"},\"datePublished\":\"2023-11-14T13:47:25+00:00\",\"dateModified\":\"2023-11-14T13:47:44+00:00\",\"author\":{\"@id\":\"https:\/\/franciscanos.org.br\/noticias\/#\/schema\/person\/b5c8cba458c330ccff548b056e95a5d4\"},\"breadcrumb\":{\"@id\":\"https:\/\/franciscanos.org.br\/noticias\/convento-da-penha-vai-lancar-trenzinho-das-alegrias-nesta-quarta.html#breadcrumb\"},\"inLanguage\":\"pt-BR\",\"potentialAction\":[{\"@type\":\"ReadAction\",\"target\":[\"https:\/\/franciscanos.org.br\/noticias\/convento-da-penha-vai-lancar-trenzinho-das-alegrias-nesta-quarta.html\"]}]},{\"@type\":\"BreadcrumbList\",\"@id\":\"https:\/\/franciscanos.org.br\/noticias\/convento-da-penha-vai-lancar-trenzinho-das-alegrias-nesta-quarta.html#breadcrumb\",\"itemListElement\":[{\"@type\":\"ListItem\",\"position\":1,\"name\":\"Home\",\"item\":\"https:\/\/franciscanos.org.br\/noticias\"},{\"@type\":\"ListItem\",\"position\":2,\"name\":\"Convento da Penha vai lan\u00e7ar \u201cTrenzinho das Alegrias\u201d nesta quarta\"}]},{\"@type\":\"Person\",\"@id\":\"https:\/\/franciscanos.org.br\/noticias\/#\/schema\/person\/b5c8cba458c330ccff548b056e95a5d4\",\"name\":\"moacir\",\"image\":{\"@type\":\"ImageObject\",\"inLanguage\":\"pt-BR\",\"@id\":\"https:\/\/franciscanos.org.br\/noticias\/#\/schema\/person\/image\/\",\"url\":\"https:\/\/secure.gravatar.com\/avatar\/d08aa2ce4c8dd416d4479aa8536fcf64?s=96&d=mm&r=g\",\"contentUrl\":\"https:\/\/secure.gravatar.com\/avatar\/d08aa2ce4c8dd416d4479aa8536fcf64?s=96&d=mm&r=g\",\"caption\":\"moacir\"},\"url\":\"https:\/\/franciscanos.org.br\/noticias\/author\/moacir\"}]}<\/script>\n<!-- \/ Yoast SEO plugin. -->","yoast_head_json":{"title":"Convento da Penha vai lan\u00e7ar \u201cTrenzinho das Alegrias\u201d nesta quarta - Not\u00edcias - Franciscanos","robots":{"index":"index","follow":"follow","max-snippet":"max-snippet:-1","max-image-preview":"max-image-preview:large","max-video-preview":"max-video-preview:-1"},"canonical":"https:\/\/franciscanos.org.br\/noticias\/convento-da-penha-vai-lancar-trenzinho-das-alegrias-nesta-quarta.html","og_locale":"pt_BR","og_type":"article","og_title":"Convento da Penha vai lan\u00e7ar \u201cTrenzinho das Alegrias\u201d nesta quarta - Not\u00edcias - Franciscanos","og_description":"Convento da Penha","og_url":"https:\/\/franciscanos.org.br\/noticias\/convento-da-penha-vai-lancar-trenzinho-das-alegrias-nesta-quarta.html","og_site_name":"Not\u00edcias - Franciscanos","article_published_time":"2023-11-14T13:47:25+00:00","article_modified_time":"2023-11-14T13:47:44+00:00","og_image":[{"width":1280,"height":720,"url":"https:\/\/franciscanos.org.br\/noticias\/wp-content\/uploads\/2023\/11\/penha_trem_14.jpg","type":"image\/jpeg"}],"author":"moacir","twitter_card":"summary_large_image","twitter_misc":{"Escrito por":"moacir","Est. tempo de leitura":"2 minutos"},"schema":{"@context":"https:\/\/schema.org","@graph":[{"@type":"WebSite","@id":"https:\/\/franciscanos.org.br\/noticias\/#website","url":"https:\/\/franciscanos.org.br\/noticias\/","name":"Not\u00edcias - Franciscanos","description":"Prov\u00edncia Franciscana da Imaculada Concei\u00e7\u00e3o do Brasil - Ordem dos Frades Menores - OFM","potentialAction":[{"@type":"SearchAction","target":{"@type":"EntryPoint","urlTemplate":"https:\/\/franciscanos.org.br\/noticias\/?s={search_term_string}"},"query-input":"required name=search_term_string"}],"inLanguage":"pt-BR"},{"@type":"ImageObject","inLanguage":"pt-BR","@id":"https:\/\/franciscanos.org.br\/noticias\/convento-da-penha-vai-lancar-trenzinho-das-alegrias-nesta-quarta.html#primaryimage","url":"https:\/\/franciscanos.org.br\/noticias\/wp-content\/uploads\/2023\/11\/penha_trem_14.jpg","contentUrl":"https:\/\/franciscanos.org.br\/noticias\/wp-content\/uploads\/2023\/11\/penha_trem_14.jpg","width":1280,"height":720},{"@type":"WebPage","@id":"https:\/\/franciscanos.org.br\/noticias\/convento-da-penha-vai-lancar-trenzinho-das-alegrias-nesta-quarta.html#webpage","url":"https:\/\/franciscanos.org.br\/noticias\/convento-da-penha-vai-lancar-trenzinho-das-alegrias-nesta-quarta.html","name":"Convento da Penha vai lan\u00e7ar \u201cTrenzinho das Alegrias\u201d nesta quarta - Not\u00edcias - Franciscanos","isPartOf":{"@id":"https:\/\/franciscanos.org.br\/noticias\/#website"},"primaryImageOfPage":{"@id":"https:\/\/franciscanos.org.br\/noticias\/convento-da-penha-vai-lancar-trenzinho-das-alegrias-nesta-quarta.html#primaryimage"},"datePublished":"2023-11-14T13:47:25+00:00","dateModified":"2023-11-14T13:47:44+00:00","author":{"@id":"https:\/\/franciscanos.org.br\/noticias\/#\/schema\/person\/b5c8cba458c330ccff548b056e95a5d4"},"breadcrumb":{"@id":"https:\/\/franciscanos.org.br\/noticias\/convento-da-penha-vai-lancar-trenzinho-das-alegrias-nesta-quarta.html#breadcrumb"},"inLanguage":"pt-BR","potentialAction":[{"@type":"ReadAction","target":["https:\/\/franciscanos.org.br\/noticias\/convento-da-penha-vai-lancar-trenzinho-das-alegrias-nesta-quarta.html"]}]},{"@type":"BreadcrumbList","@id":"https:\/\/franciscanos.org.br\/noticias\/convento-da-penha-vai-lancar-trenzinho-das-alegrias-nesta-quarta.html#breadcrumb","itemListElement":[{"@type":"ListItem","position":1,"name":"Home","item":"https:\/\/franciscanos.org.br\/noticias"},{"@type":"ListItem","position":2,"name":"Convento da Penha vai lan\u00e7ar \u201cTrenzinho das Alegrias\u201d nesta quarta"}]},{"@type":"Person","@id":"https:\/\/franciscanos.org.br\/noticias\/#\/schema\/person\/b5c8cba458c330ccff548b056e95a5d4","name":"moacir","image":{"@type":"ImageObject","inLanguage":"pt-BR","@id":"https:\/\/franciscanos.org.br\/noticias\/#\/schema\/person\/image\/","url":"https:\/\/secure.gravatar.com\/avatar\/d08aa2ce4c8dd416d4479aa8536fcf64?s=96&d=mm&r=g","contentUrl":"https:\/\/secure.gravatar.com\/avatar\/d08aa2ce4c8dd416d4479aa8536fcf64?s=96&d=mm&r=g","caption":"moacir"},"url":"https:\/\/franciscanos.org.br\/noticias\/author\/moacir"}]}},"_links":{"self":[{"href":"https:\/\/franciscanos.org.br\/noticias\/wp-json\/wp\/v2\/posts\/245473"}],"collection":[{"href":"https:\/\/franciscanos.org.br\/noticias\/wp-json\/wp\/v2\/posts"}],"about":[{"href":"https:\/\/franciscanos.org.br\/noticias\/wp-json\/wp\/v2\/types\/post"}],"author":[{"embeddable":true,"href":"https:\/\/franciscanos.org.br\/noticias\/wp-json\/wp\/v2\/users\/3"}],"replies":[{"embeddable":true,"href":"https:\/\/franciscanos.org.br\/noticias\/wp-json\/wp\/v2\/comments?post=245473"}],"version-history":[{"count":1,"href":"https:\/\/franciscanos.org.br\/noticias\/wp-json\/wp\/v2\/posts\/245473\/revisions"}],"predecessor-version":[{"id":245475,"href":"https:\/\/franciscanos.org.br\/noticias\/wp-json\/wp\/v2\/posts\/245473\/revisions\/245475"}],"wp:featuredmedia":[{"embeddable":true,"href":"https:\/\/franciscanos.org.br\/noticias\/wp-json\/wp\/v2\/media\/245474"}],"wp:attachment":[{"href":"https:\/\/franciscanos.org.br\/noticias\/wp-json\/wp\/v2\/media?parent=245473"}],"wp:term":[{"taxonomy":"category","embeddable":true,"href":"https:\/\/franciscanos.org.br\/noticias\/wp-json\/wp\/v2\/categories?post=245473"},{"taxonomy":"post_tag","embeddable":true,"href":"https:\/\/franciscanos.org.br\/noticias\/wp-json\/wp\/v2\/tags?post=245473"}],"curies":[{"name":"wp","href":"https:\/\/api.w.org\/{rel}","templated":true}]}}