{"id":245467,"date":"2023-11-14T09:28:40","date_gmt":"2023-11-14T12:28:40","guid":{"rendered":"https:\/\/franciscanos.org.br\/noticias\/?p=245467"},"modified":"2023-11-14T09:28:40","modified_gmt":"2023-11-14T12:28:40","slug":"sermao-do-senhor-na-montanha-entre-os-lancamentos-da-editora-vozes","status":"publish","type":"post","link":"https:\/\/franciscanos.org.br\/noticias\/sermao-do-senhor-na-montanha-entre-os-lancamentos-da-editora-vozes.html","title":{"rendered":"&#8220;Serm\u00e3o do Senhor na montanha&#8221;, entre os lan\u00e7amentos da Editora Vozes"},"content":{"rendered":"<p><img loading=\"lazy\" class=\"alignnone size-full wp-image-245469\" src=\"https:\/\/franciscanos.org.br\/noticias\/wp-content\/uploads\/2023\/11\/Vozes-1280.jpg\" alt=\"\" width=\"1280\" height=\"720\" srcset=\"https:\/\/franciscanos.org.br\/noticias\/wp-content\/uploads\/2023\/11\/Vozes-1280.jpg 1280w, https:\/\/franciscanos.org.br\/noticias\/wp-content\/uploads\/2023\/11\/Vozes-1280-450x253.jpg 450w, https:\/\/franciscanos.org.br\/noticias\/wp-content\/uploads\/2023\/11\/Vozes-1280-1024x576.jpg 1024w, https:\/\/franciscanos.org.br\/noticias\/wp-content\/uploads\/2023\/11\/Vozes-1280-768x432.jpg 768w, https:\/\/franciscanos.org.br\/noticias\/wp-content\/uploads\/2023\/11\/Vozes-1280-150x84.jpg 150w\" sizes=\"(max-width: 1280px) 100vw, 1280px\" \/><\/p>\n<h3><strong>Serm\u00e3o do Senhor na montanha<\/strong><\/h3>\n<p>Ao longo dos s\u00e9culos, O serm\u00e3o do Senhor na montanha tem sido fonte de inspira\u00e7\u00e3o para pr\u00e1ticas admir\u00e1veis. E j\u00e1 foi comentado v\u00e1rias vezes at\u00e9 hoje.<\/p>\n<p>Um dos coment\u00e1rios mais antigos e influentes sobre o Serm\u00e3o da Montanha \u00e9 de Santo Agostinho (354-430). Este tratado foi conclu\u00eddo antes do ano 396. Agostinho ainda n\u00e3o era bispo naquela \u00e9poca e n\u00e3o precisava pregar com tanta frequ\u00eancia.<\/p>\n<p>Nesta obra pode-se discernir alguns tra\u00e7os pastorais do ent\u00e3o ainda jovem sacerdote. O prop\u00f3sito de Agostinho neste tratado era ajudar seus leitores e ouvintes a levar o texto do evangelho t\u00e3o a s\u00e9rio que eles viveriam como homens s\u00e1bios que constru\u00edram suas casas sobre a rocha. \u00c9 not\u00e1vel que tantas passagens neste coment\u00e1rio do final do s\u00e9culo IV at\u00e9 o in\u00edcio do s\u00e9culo XXI ainda tenham significado at\u00e9 hoje.<\/p>\n<hr \/>\n<h3><strong>Caderno de espiritualidade \u2013 Vencer o cansa\u00e7o e reencontrar o prazer de viver<\/strong><\/h3>\n<p>Voc\u00ea provavelmente j\u00e1 ouviu falar sobre o burnout.<\/p>\n<p>Muitas pessoas dizem que est\u00e3o passando por isso, mas na maioria das vezes est\u00e3o apenas se sentindo cansadas. Mas o burnout vai al\u00e9m de um cansa\u00e7o comum, \u00e9 algo mais profundo, que afeta o nosso corpo, emo\u00e7\u00f5es e mente.<\/p>\n<p>Este livro oferece sugest\u00f5es pr\u00e1ticas para ajudar voc\u00ea a entender essa confus\u00e3o e lidar com o seu pr\u00f3prio cansa\u00e7o.<\/p>\n<hr \/>\n<h3><strong>Tratado sobre a liberdade da vontade<\/strong><\/h3>\n<p>Arthur Schopenhauer mergulha no cerne de uma quest\u00e3o filos\u00f3fica central: somos verdadeiramente livres em nossas escolhas? Com profundidade e clareza, Schopenhauer desafia as concep\u00e7\u00f5es convencionais de livre-arb\u00edtrio, explorando a natureza da vontade humana e revelando as limita\u00e7\u00f5es que nos aprisionam. Nesta obra provocativa, o autor nos conduz confrontando as no\u00e7\u00f5es de determinismo e responsabilidade individual.<\/p>\n<p>Prepare-se para questionar suas pr\u00f3prias no\u00e7\u00f5es de liberdade enquanto Schopenhauer desvela as complexidades da condi\u00e7\u00e3o humana e nos leva a refletir sobre o verdadeiro significado de ser livre. Uma leitura que desafia as certezas e desperta a curiosidade sobre as engrenagens ocultas que impulsionam nossas a\u00e7\u00f5es.<\/p>\n<p>Uma obra essencial de Arthur Schopenhauer, em que o fil\u00f3sofo alem\u00e3o aborda a quest\u00e3o fundamental da liberdade humana. Neste livro, Schopenhauer examina a natureza da vontade e argumenta que, embora possamos ter a ilus\u00e3o da liberdade, somos, em \u00faltima an\u00e1lise, escravos de nossos desejos e impulsos inconscientes. Explorando a rela\u00e7\u00e3o entre determinismo e livre-arb\u00edtrio, o autor desafia as no\u00e7\u00f5es tradicionais de escolha e responsabilidade individual. Com argumentos perspicazes e uma vis\u00e3o sombria da condi\u00e7\u00e3o humana, Schopenhauer nos convida a repensar nossa compreens\u00e3o da liberdade e a confrontar a inevitabilidade de nossa pr\u00f3pria vontade.<\/p>\n<hr \/>\n<h3><strong>Hist\u00f3ria do pensamento chin\u00eas<\/strong><\/h3>\n<p>A maioria dos ocidentais desconhece a tradi\u00e7\u00e3o intelectual da China ou tem apenas um conhecimento parcial e reduzido de certos aspectos religiosos ou de uns poucos pensadores. As \u201ccem escolas de pensamento\u201d que floresceram h\u00e1 tempos nos oferecem seus frutos nestas p\u00e1ginas. Quanto melhor as conhecermos, mais f\u00e1cil ser\u00e1 a comunica\u00e7\u00e3o com essa grande parte da humanidade que, todavia, parece t\u00e3o distante. A riqueza da hist\u00f3ria intelectual chinesa proporciona uma diversidade \u00fanica que nos ajudar\u00e1 a compreender melhor o mundo que nos rodeia. As refer\u00eancias ao pensamento universal da filosofia chinesa n\u00e3o podem continuar sendo esquecidas por mais tempo.<\/p>\n<p>Nesta s\u00edntese magistral \u2013 \u00fatil n\u00e3o somente para especialistas, mas para todos os interessados por este assunto \u2013 da evolu\u00e7\u00e3o do pensamento chin\u00eas desde a dinastia Shang do segundo mil\u00eanio antes da nossa era at\u00e9 o movimento de 4 de maio de 1919, que marca de vez a ruptura com o passado e a renova\u00e7\u00e3o deste pensamento, Anne Cheng nos oferece uma descri\u00e7\u00e3o riqu\u00edssima em detalhes sobre as principais etapas e as mais fortes influ\u00eancias que constitu\u00edram a hist\u00f3ria chinesa em seus mais de quatro mil anos.<\/p>\n<hr \/>\n<h3><strong>Viver Buda, viver Cristo<\/strong><\/h3>\n<p>Buda e Cristo deixaram um legado de ensinamentos e de pr\u00e1ticas que moldaram a vida de bilh\u00f5es de pessoas ao longo de mais de dois mil\u00eanios. Se eles se encontrassem na estrada, hoje, o que cada um pensaria das vis\u00f5es e das pr\u00e1ticas espirituais do outro? Thich Nhat Hanh faz sua contribui\u00e7\u00e3o a um di\u00e1logo de d\u00e9cadas entre duas grandes tradi\u00e7\u00f5es contemplativas \u2013 o budismo e o cristianismo \u2013 e traz ao cristianismo uma aprecia\u00e7\u00e3o de sua beleza que s\u00f3 poderia ser transmitida por um estranho. Em prosa l\u00facida e meditativa, ele explora a encruzilhada de compaix\u00e3o e santidade em que as duas tradi\u00e7\u00f5es se encontram.<\/p>\n<p>Em Viver Buda, viver Cristo, Hanh nos convida a transcender as barreiras religiosas e a encontrar a ess\u00eancia do amor, da compaix\u00e3o e da compreens\u00e3o presentes tanto no budismo quanto no cristianismo.<\/p>\n<p>Com uma linguagem simples e acess\u00edvel, ele explora as semelhan\u00e7as fundamentais entre essas duas tradi\u00e7\u00f5es, destacando os valores universais que nos conectam como seres humanos. Ao longo das p\u00e1ginas, o autor nos presenteia com ensinamentos atemporais e pr\u00e1ticas meditativas que nos auxiliam a cultivar a paz interior e a viver de forma mais plena e consciente.<\/p>\n<hr \/>\n<h3><strong>A vida feliz<\/strong><\/h3>\n<p>Luc Ferry nos conduz atrav\u00e9s de uma jornada reflexiva, imergindo nas profundezas do conhecimento ancestral e das doutrinas laicas que permeiam nosso existir. Com sagacidade, ele examina a ess\u00eancia da exist\u00eancia humana, incitando-nos a questionar a pr\u00f3pria natureza da felicidade e da viv\u00eancia plena.<\/p>\n<p>O autor delineia uma epopeia de significado, rejeitando a superficialidade das solu\u00e7\u00f5es ef\u00eameras, e nos incita a enfrentar a responsabilidade inerente \u00e0 condi\u00e7\u00e3o humana. Ele proclama que a felicidade genu\u00edna n\u00e3o se encontra em meros arroubos fugazes, mas sim na conex\u00e3o intr\u00ednseca com os princ\u00edpios da moralidade e do autoconhecimento.<\/p>\n<p>Luc Ferry, com sua habilidade orat\u00f3ria, consegue extrapolar os limites da nossa percep\u00e7\u00e3o cotidiana, revelando virtudes da simplicidade e do equil\u00edbrio.<\/p>\n<hr \/>\n<h3><strong>A crise da narra\u00e7\u00e3o<\/strong><\/h3>\n<p>Atualmente, fala-se muito em narrativas. Paradoxalmente, o uso inflacion\u00e1rio de narrativas revela uma crise narrativa. Em meio a um barulhento storytelling, h\u00e1 um v\u00e1cuo narrativo que se manifesta como um vazio de sentido e como desorienta\u00e7\u00e3o. Nem o storytelling nem a guinada narrativa ser\u00e3o capazes de ocasionar o retorno da narra\u00e7\u00e3o. A tematiza\u00e7\u00e3o espec\u00edfica de um objeto e sua transforma\u00e7\u00e3o em um objeto de pesquisa popular pressup\u00f5e uma profunda aliena\u00e7\u00e3o. O forte apelo \u00e0s narrativas aponta para sua disfun\u00e7\u00e3o.<\/p>\n<p>Em um mundo saturado de informa\u00e7\u00f5es fragmentadas, a narrativa est\u00e1 em crise. Com uma an\u00e1lise aguda e perspicaz, Han examina como a sociedade contempor\u00e2nea est\u00e1 perdendo a capacidade de criar e apreciar narrativas significativas. Explorando os impactos desse fen\u00f4meno na cultura, na pol\u00edtica e na tecnologia, ele revela os desafios e as consequ\u00eancias da era p\u00f3s-narrativa.<\/p>\n<p>Por isso, este texto \u00e9 uma leitura essencial para aqueles que desejam compreender a crise atual da narrativa e seu impacto em nossa percep\u00e7\u00e3o de mundo.<\/p>\n<hr \/>\n<p style=\"padding-left: 40px;\">Todos esses produtos podem ser adquiridos pelos sites<br \/>\n<a href=\"http:\/\/www.livrariavozes.com.br\/\">www.livrariavozes.com.br<\/a><br \/>\n<a href=\"http:\/\/vozes.com.br\/\">http:\/\/vozes.com.br<\/a><\/p>\n<p style=\"padding-left: 40px;\">E-mail:\u00a0<a href=\"mailto:contato@vozes.com.br\">contato@vozes.com.br<\/a><\/p>\n<p style=\"padding-left: 40px;\">Tel.\u00a011 3101 8451<\/p>\n<p style=\"padding-left: 40px;\"><em><strong>Editora Vozes<\/strong><\/em><\/p>\n<p>&nbsp;<\/p>\n","protected":false},"excerpt":{"rendered":"<p>Editora Vozes<\/p>\n","protected":false},"author":7,"featured_media":245468,"comment_status":"open","ping_status":"open","sticky":false,"template":"","format":"standard","meta":[],"categories":[1],"tags":[238],"acf":[],"yoast_head":"<!-- This site is optimized with the Yoast SEO plugin v19.2 - https:\/\/yoast.com\/wordpress\/plugins\/seo\/ -->\n<title>&quot;Serm\u00e3o do Senhor na montanha&quot;, entre os lan\u00e7amentos da Editora Vozes - Not\u00edcias - Franciscanos<\/title>\n<meta name=\"robots\" content=\"index, follow, max-snippet:-1, max-image-preview:large, max-video-preview:-1\" \/>\n<link rel=\"canonical\" href=\"https:\/\/franciscanos.org.br\/noticias\/sermao-do-senhor-na-montanha-entre-os-lancamentos-da-editora-vozes.html\" \/>\n<meta property=\"og:locale\" content=\"pt_BR\" \/>\n<meta property=\"og:type\" content=\"article\" \/>\n<meta property=\"og:title\" content=\"&quot;Serm\u00e3o do Senhor na montanha&quot;, entre os lan\u00e7amentos da Editora Vozes - Not\u00edcias - Franciscanos\" \/>\n<meta property=\"og:description\" content=\"Editora Vozes\" \/>\n<meta property=\"og:url\" content=\"https:\/\/franciscanos.org.br\/noticias\/sermao-do-senhor-na-montanha-entre-os-lancamentos-da-editora-vozes.html\" \/>\n<meta property=\"og:site_name\" content=\"Not\u00edcias - Franciscanos\" \/>\n<meta property=\"article:published_time\" content=\"2023-11-14T12:28:40+00:00\" \/>\n<meta property=\"og:image\" content=\"https:\/\/franciscanos.org.br\/noticias\/wp-content\/uploads\/2023\/11\/Vozes-800.jpg\" \/>\n\t<meta property=\"og:image:width\" content=\"800\" \/>\n\t<meta property=\"og:image:height\" content=\"550\" \/>\n\t<meta property=\"og:image:type\" content=\"image\/jpeg\" \/>\n<meta name=\"author\" content=\"jovenal\" \/>\n<meta name=\"twitter:card\" content=\"summary_large_image\" \/>\n<meta name=\"twitter:label1\" content=\"Escrito por\" \/>\n\t<meta name=\"twitter:data1\" content=\"jovenal\" \/>\n\t<meta name=\"twitter:label2\" content=\"Est. tempo de leitura\" \/>\n\t<meta name=\"twitter:data2\" content=\"6 minutos\" \/>\n<script type=\"application\/ld+json\" class=\"yoast-schema-graph\">{\"@context\":\"https:\/\/schema.org\",\"@graph\":[{\"@type\":\"WebSite\",\"@id\":\"https:\/\/franciscanos.org.br\/noticias\/#website\",\"url\":\"https:\/\/franciscanos.org.br\/noticias\/\",\"name\":\"Not\u00edcias - Franciscanos\",\"description\":\"Prov\u00edncia Franciscana da Imaculada Concei\u00e7\u00e3o do Brasil - Ordem dos Frades Menores - OFM\",\"potentialAction\":[{\"@type\":\"SearchAction\",\"target\":{\"@type\":\"EntryPoint\",\"urlTemplate\":\"https:\/\/franciscanos.org.br\/noticias\/?s={search_term_string}\"},\"query-input\":\"required name=search_term_string\"}],\"inLanguage\":\"pt-BR\"},{\"@type\":\"ImageObject\",\"inLanguage\":\"pt-BR\",\"@id\":\"https:\/\/franciscanos.org.br\/noticias\/sermao-do-senhor-na-montanha-entre-os-lancamentos-da-editora-vozes.html#primaryimage\",\"url\":\"https:\/\/franciscanos.org.br\/noticias\/wp-content\/uploads\/2023\/11\/Vozes-800.jpg\",\"contentUrl\":\"https:\/\/franciscanos.org.br\/noticias\/wp-content\/uploads\/2023\/11\/Vozes-800.jpg\",\"width\":800,\"height\":550},{\"@type\":\"WebPage\",\"@id\":\"https:\/\/franciscanos.org.br\/noticias\/sermao-do-senhor-na-montanha-entre-os-lancamentos-da-editora-vozes.html#webpage\",\"url\":\"https:\/\/franciscanos.org.br\/noticias\/sermao-do-senhor-na-montanha-entre-os-lancamentos-da-editora-vozes.html\",\"name\":\"\\\"Serm\u00e3o do Senhor na montanha\\\", entre os lan\u00e7amentos da Editora Vozes - Not\u00edcias - Franciscanos\",\"isPartOf\":{\"@id\":\"https:\/\/franciscanos.org.br\/noticias\/#website\"},\"primaryImageOfPage\":{\"@id\":\"https:\/\/franciscanos.org.br\/noticias\/sermao-do-senhor-na-montanha-entre-os-lancamentos-da-editora-vozes.html#primaryimage\"},\"datePublished\":\"2023-11-14T12:28:40+00:00\",\"dateModified\":\"2023-11-14T12:28:40+00:00\",\"author\":{\"@id\":\"https:\/\/franciscanos.org.br\/noticias\/#\/schema\/person\/c3a26b08313dd1772495ce300ab257cc\"},\"breadcrumb\":{\"@id\":\"https:\/\/franciscanos.org.br\/noticias\/sermao-do-senhor-na-montanha-entre-os-lancamentos-da-editora-vozes.html#breadcrumb\"},\"inLanguage\":\"pt-BR\",\"potentialAction\":[{\"@type\":\"ReadAction\",\"target\":[\"https:\/\/franciscanos.org.br\/noticias\/sermao-do-senhor-na-montanha-entre-os-lancamentos-da-editora-vozes.html\"]}]},{\"@type\":\"BreadcrumbList\",\"@id\":\"https:\/\/franciscanos.org.br\/noticias\/sermao-do-senhor-na-montanha-entre-os-lancamentos-da-editora-vozes.html#breadcrumb\",\"itemListElement\":[{\"@type\":\"ListItem\",\"position\":1,\"name\":\"Home\",\"item\":\"https:\/\/franciscanos.org.br\/noticias\"},{\"@type\":\"ListItem\",\"position\":2,\"name\":\"&#8220;Serm\u00e3o do Senhor na montanha&#8221;, entre os lan\u00e7amentos da Editora Vozes\"}]},{\"@type\":\"Person\",\"@id\":\"https:\/\/franciscanos.org.br\/noticias\/#\/schema\/person\/c3a26b08313dd1772495ce300ab257cc\",\"name\":\"jovenal\",\"image\":{\"@type\":\"ImageObject\",\"inLanguage\":\"pt-BR\",\"@id\":\"https:\/\/franciscanos.org.br\/noticias\/#\/schema\/person\/image\/\",\"url\":\"https:\/\/secure.gravatar.com\/avatar\/e94509f531086e2eaf97e72f29ea00f9?s=96&d=mm&r=g\",\"contentUrl\":\"https:\/\/secure.gravatar.com\/avatar\/e94509f531086e2eaf97e72f29ea00f9?s=96&d=mm&r=g\",\"caption\":\"jovenal\"},\"url\":\"https:\/\/franciscanos.org.br\/noticias\/author\/jovenal\"}]}<\/script>\n<!-- \/ Yoast SEO plugin. -->","yoast_head_json":{"title":"\"Serm\u00e3o do Senhor na montanha\", entre os lan\u00e7amentos da Editora Vozes - Not\u00edcias - Franciscanos","robots":{"index":"index","follow":"follow","max-snippet":"max-snippet:-1","max-image-preview":"max-image-preview:large","max-video-preview":"max-video-preview:-1"},"canonical":"https:\/\/franciscanos.org.br\/noticias\/sermao-do-senhor-na-montanha-entre-os-lancamentos-da-editora-vozes.html","og_locale":"pt_BR","og_type":"article","og_title":"\"Serm\u00e3o do Senhor na montanha\", entre os lan\u00e7amentos da Editora Vozes - Not\u00edcias - Franciscanos","og_description":"Editora Vozes","og_url":"https:\/\/franciscanos.org.br\/noticias\/sermao-do-senhor-na-montanha-entre-os-lancamentos-da-editora-vozes.html","og_site_name":"Not\u00edcias - Franciscanos","article_published_time":"2023-11-14T12:28:40+00:00","og_image":[{"width":800,"height":550,"url":"https:\/\/franciscanos.org.br\/noticias\/wp-content\/uploads\/2023\/11\/Vozes-800.jpg","type":"image\/jpeg"}],"author":"jovenal","twitter_card":"summary_large_image","twitter_misc":{"Escrito por":"jovenal","Est. tempo de leitura":"6 minutos"},"schema":{"@context":"https:\/\/schema.org","@graph":[{"@type":"WebSite","@id":"https:\/\/franciscanos.org.br\/noticias\/#website","url":"https:\/\/franciscanos.org.br\/noticias\/","name":"Not\u00edcias - Franciscanos","description":"Prov\u00edncia Franciscana da Imaculada Concei\u00e7\u00e3o do Brasil - Ordem dos Frades Menores - OFM","potentialAction":[{"@type":"SearchAction","target":{"@type":"EntryPoint","urlTemplate":"https:\/\/franciscanos.org.br\/noticias\/?s={search_term_string}"},"query-input":"required name=search_term_string"}],"inLanguage":"pt-BR"},{"@type":"ImageObject","inLanguage":"pt-BR","@id":"https:\/\/franciscanos.org.br\/noticias\/sermao-do-senhor-na-montanha-entre-os-lancamentos-da-editora-vozes.html#primaryimage","url":"https:\/\/franciscanos.org.br\/noticias\/wp-content\/uploads\/2023\/11\/Vozes-800.jpg","contentUrl":"https:\/\/franciscanos.org.br\/noticias\/wp-content\/uploads\/2023\/11\/Vozes-800.jpg","width":800,"height":550},{"@type":"WebPage","@id":"https:\/\/franciscanos.org.br\/noticias\/sermao-do-senhor-na-montanha-entre-os-lancamentos-da-editora-vozes.html#webpage","url":"https:\/\/franciscanos.org.br\/noticias\/sermao-do-senhor-na-montanha-entre-os-lancamentos-da-editora-vozes.html","name":"\"Serm\u00e3o do Senhor na montanha\", entre os lan\u00e7amentos da Editora Vozes - Not\u00edcias - Franciscanos","isPartOf":{"@id":"https:\/\/franciscanos.org.br\/noticias\/#website"},"primaryImageOfPage":{"@id":"https:\/\/franciscanos.org.br\/noticias\/sermao-do-senhor-na-montanha-entre-os-lancamentos-da-editora-vozes.html#primaryimage"},"datePublished":"2023-11-14T12:28:40+00:00","dateModified":"2023-11-14T12:28:40+00:00","author":{"@id":"https:\/\/franciscanos.org.br\/noticias\/#\/schema\/person\/c3a26b08313dd1772495ce300ab257cc"},"breadcrumb":{"@id":"https:\/\/franciscanos.org.br\/noticias\/sermao-do-senhor-na-montanha-entre-os-lancamentos-da-editora-vozes.html#breadcrumb"},"inLanguage":"pt-BR","potentialAction":[{"@type":"ReadAction","target":["https:\/\/franciscanos.org.br\/noticias\/sermao-do-senhor-na-montanha-entre-os-lancamentos-da-editora-vozes.html"]}]},{"@type":"BreadcrumbList","@id":"https:\/\/franciscanos.org.br\/noticias\/sermao-do-senhor-na-montanha-entre-os-lancamentos-da-editora-vozes.html#breadcrumb","itemListElement":[{"@type":"ListItem","position":1,"name":"Home","item":"https:\/\/franciscanos.org.br\/noticias"},{"@type":"ListItem","position":2,"name":"&#8220;Serm\u00e3o do Senhor na montanha&#8221;, entre os lan\u00e7amentos da Editora Vozes"}]},{"@type":"Person","@id":"https:\/\/franciscanos.org.br\/noticias\/#\/schema\/person\/c3a26b08313dd1772495ce300ab257cc","name":"jovenal","image":{"@type":"ImageObject","inLanguage":"pt-BR","@id":"https:\/\/franciscanos.org.br\/noticias\/#\/schema\/person\/image\/","url":"https:\/\/secure.gravatar.com\/avatar\/e94509f531086e2eaf97e72f29ea00f9?s=96&d=mm&r=g","contentUrl":"https:\/\/secure.gravatar.com\/avatar\/e94509f531086e2eaf97e72f29ea00f9?s=96&d=mm&r=g","caption":"jovenal"},"url":"https:\/\/franciscanos.org.br\/noticias\/author\/jovenal"}]}},"_links":{"self":[{"href":"https:\/\/franciscanos.org.br\/noticias\/wp-json\/wp\/v2\/posts\/245467"}],"collection":[{"href":"https:\/\/franciscanos.org.br\/noticias\/wp-json\/wp\/v2\/posts"}],"about":[{"href":"https:\/\/franciscanos.org.br\/noticias\/wp-json\/wp\/v2\/types\/post"}],"author":[{"embeddable":true,"href":"https:\/\/franciscanos.org.br\/noticias\/wp-json\/wp\/v2\/users\/7"}],"replies":[{"embeddable":true,"href":"https:\/\/franciscanos.org.br\/noticias\/wp-json\/wp\/v2\/comments?post=245467"}],"version-history":[{"count":3,"href":"https:\/\/franciscanos.org.br\/noticias\/wp-json\/wp\/v2\/posts\/245467\/revisions"}],"predecessor-version":[{"id":245472,"href":"https:\/\/franciscanos.org.br\/noticias\/wp-json\/wp\/v2\/posts\/245467\/revisions\/245472"}],"wp:featuredmedia":[{"embeddable":true,"href":"https:\/\/franciscanos.org.br\/noticias\/wp-json\/wp\/v2\/media\/245468"}],"wp:attachment":[{"href":"https:\/\/franciscanos.org.br\/noticias\/wp-json\/wp\/v2\/media?parent=245467"}],"wp:term":[{"taxonomy":"category","embeddable":true,"href":"https:\/\/franciscanos.org.br\/noticias\/wp-json\/wp\/v2\/categories?post=245467"},{"taxonomy":"post_tag","embeddable":true,"href":"https:\/\/franciscanos.org.br\/noticias\/wp-json\/wp\/v2\/tags?post=245467"}],"curies":[{"name":"wp","href":"https:\/\/api.w.org\/{rel}","templated":true}]}}