{"id":245464,"date":"2023-11-13T09:21:34","date_gmt":"2023-11-13T12:21:34","guid":{"rendered":"https:\/\/franciscanos.org.br\/noticias\/?p=245464"},"modified":"2023-11-13T09:21:34","modified_gmt":"2023-11-13T12:21:34","slug":"frei-vanildo-zugno-a-esperanca-e-que-com-a-acao-do-papa-toda-a-igreja-se-torne-mais-franciscana","status":"publish","type":"post","link":"https:\/\/franciscanos.org.br\/noticias\/frei-vanildo-zugno-a-esperanca-e-que-com-a-acao-do-papa-toda-a-igreja-se-torne-mais-franciscana.html","title":{"rendered":"Frei Vanildo Zugno: \u201cA esperan\u00e7a \u00e9 que, com a a\u00e7\u00e3o do Papa, toda a Igreja se torne mais franciscana\u201d"},"content":{"rendered":"<p><img loading=\"lazy\" class=\"alignnone size-full wp-image-245465\" src=\"https:\/\/franciscanos.org.br\/noticias\/wp-content\/uploads\/2023\/11\/vanildo_1311.jpg\" alt=\"\" width=\"1280\" height=\"720\" srcset=\"https:\/\/franciscanos.org.br\/noticias\/wp-content\/uploads\/2023\/11\/vanildo_1311.jpg 1280w, https:\/\/franciscanos.org.br\/noticias\/wp-content\/uploads\/2023\/11\/vanildo_1311-450x253.jpg 450w, https:\/\/franciscanos.org.br\/noticias\/wp-content\/uploads\/2023\/11\/vanildo_1311-1024x576.jpg 1024w, https:\/\/franciscanos.org.br\/noticias\/wp-content\/uploads\/2023\/11\/vanildo_1311-768x432.jpg 768w, https:\/\/franciscanos.org.br\/noticias\/wp-content\/uploads\/2023\/11\/vanildo_1311-150x84.jpg 150w\" sizes=\"(max-width: 1280px) 100vw, 1280px\" \/><\/p>\n<p><em>Na semana de 5 a 10 de novembro, o 1\u00ba Congresso Franciscano de Irm\u00e3os Leigos, realizado em S\u00e3o Paulo (SP), \u00a0teve como assessor Frei Vanildo Luiz Zugno, frade capuchinho da Prov\u00edncia Franciscana do Rio Grande do Sul. Natural de Veran\u00f3polis (RS), tem 57 anos e ingressou na Ordem em 1985, onde fez sua forma\u00e7\u00e3o na \u00e1rea Filos\u00f3fico-Teol\u00f3gica. \u00c9 doutor em Teologia pelas Faculdades EST, de S\u00e3o Leopoldo. &#8220;Exerci a doc\u00eancia teol\u00f3gica durante 23 anos. Junto com ela, sempre me dediquei \u00e0 forma\u00e7\u00e3o pastoral de leigos e leigas e da Vida Religiosa Consagrada. Minha decis\u00e3o pela vida capuchinha se deu pelo contato constante que, desde a inf\u00e2ncia, tive com os frades que administravam a Par\u00f3quia do lugar onde nasci e pelo contato com o Semin\u00e1rio Ser\u00e1fico que ali existia&#8221;, contou Frei Vanildo. Nesta entrevista, um pouco de de seu pensamento que os Irm\u00e3os Leigos conheceram nestes dias.<\/em><\/p>\n<p><strong>Acompanhe:<\/strong><\/p>\n<p><strong>Site Franciscanos &#8211; \u00a0Como se deu sua decis\u00e3o de ser irm\u00e3o leigo?<\/strong><\/p>\n<p><strong>Frei Vanildo &#8211; <\/strong>Minha op\u00e7\u00e3o pela vida laical se deu em decorr\u00eancia do aprofundamento do que \u00e9 ser franciscano. Pouco a pouco, na medida em que avan\u00e7ava no processo formativo, foi-se formando em mim a consci\u00eancia da op\u00e7\u00e3o de Francisco de Assis na Igreja e na sociedade e, a partir dela, a op\u00e7\u00e3o por servir a Deus nesta forma de vida laical.<\/p>\n<p><strong>Site Franciscanos &#8211; Qual seu trabalho na CRB Nacional?<\/strong><\/p>\n<p><strong>Frei Vanildo &#8211; <\/strong>Atualmente estou servindo \u00e0 Vida Religiosa Consagrada, desempenhando a fun\u00e7\u00e3o de Assessor Executivo do Setor de Forma\u00e7\u00e3o Continuada e editor da <em>Revista Converg\u00eancia<\/em>. As duas atividades confluem em torno \u00e0 forma\u00e7\u00e3o dos religiosos e religiosas que j\u00e1 tomaram o caminho definitivo nesta forma de vida. Organizar e coordenar cursos e eventos, assessorar em demandas que est\u00e3o a meu alcance e tamb\u00e9m orientar e facilitar as atividades de forma\u00e7\u00e3o dos Regionais das Congrega\u00e7\u00f5es e Ordens e membros da CRB \u00e9 a minha atividade.<\/p>\n<p><strong>Site Franciscanos &#8211; \u00a0Qual o papel de ser irm\u00e3o na Ordem?<\/strong><\/p>\n<p><strong>Frei Vanildo<\/strong> &#8211; A Ordem dos Frades Menores Capuchinhos, assim como as outras Ordens franciscanas, n\u00e3o s\u00e3o Ordens profissionais. A vida franciscana n\u00e3o \u00e9 um \u201cfazer\u201d, mas um \u201cser\u201d. Somos chamados a viver em fraternidade e dar testemunho do Evangelho de Nosso Senhor Jesus Cristo. Nessa compreens\u00e3o, qualquer op\u00e7\u00e3o profissional, desde que n\u00e3o fa\u00e7a mal \u00e0 nossa alma, como nos recomenda S\u00e3o Francisco na Regra, \u00e9 poss\u00edvel para um frade. Assim, que nenhum frade tem um papel espec\u00edfico a desempenhar a n\u00e3o ser o de viver como irm\u00e3o servindo a Deus e Seu Reino.<\/p>\n<p><strong>Site Franciscanos &#8211; \u00a0\u201cVinho novo em odres novos\u201d. O que essa frase tem a ver com a forma\u00e7\u00e3o religiosa<\/strong><strong>? Como voc\u00ea avalia a forma\u00e7\u00e3o para a VRC<\/strong><strong>?<\/strong><\/p>\n<p><strong>Frei Vanildo<\/strong> &#8211; Estamos em um tempo de mudan\u00e7as radicais na humanidade e na Igreja. Olhando o passado, sempre que transforma\u00e7\u00f5es deste quilate aconteceram, surgiram novas formas de Vida Religiosa Consagrada. Ou ent\u00e3o, as j\u00e1 existentes se refizeram para dar conta das novas realidades. Essas mudan\u00e7as sempre foram um processo doloroso e algumas formas de vida religiosa n\u00e3o as suportaram e desapareceram. Hoje estamos numa destas mudan\u00e7as. As formas de vida religiosa que n\u00e3o souberem se transformar para continuar, nos novos contextos, sendo sinais da Boa Nova, ir\u00e3o desaparecer. E, se permanecerem, ser\u00e3o apenas como pe\u00e7as de museus para serem observadas como uma curiosidade do passado, mas n\u00e3o como op\u00e7\u00f5es de vida a serem seguidas pelas novas gera\u00e7\u00f5es. A forma\u00e7\u00e3o tem um papel fundamental neste renascer. Ela tem a miss\u00e3o de preparar os candidatos e candidatas para estas novas realidades. Para isso \u00e9 preciso a renova\u00e7\u00e3o de conte\u00fados, m\u00e9todos, processos e linguagens. Precisa de formadores \u00e1geis e consistentes. \u00c1geis para perceber por onde v\u00e3o os novos caminhos e se dispor a trilh\u00e1-los. E consistentes para, nestas novas formas, manter vivo o carisma fundacional.<\/p>\n<p><strong>Site Franciscanos &#8211; \u00a0Como ser miss\u00e3o prof\u00e9tica neste mundo conturbado?<\/strong><\/p>\n<p><strong>Frei Vanildo<\/strong> &#8211; O Papa Francisco tem indicado quatro dimens\u00f5es fundamentais da profecia: o compromisso com a Casa Comum, com a Fraternidade Universal e a Amizade Social. E, para sustentar estas tr\u00eas, a Espiritualidade no quotidiano. Em outras palavras, restabelecer as rela\u00e7\u00f5es com Deus, com o pr\u00f3ximo, com o pr\u00f3ximo distante e com a cria\u00e7\u00e3o.<\/p>\n<p><strong>Site Franciscanos &#8211; \u00a0Falando para religiosas, o Papa disse: \u201cA consagrada \u00e9 m\u00e3e, deve ser m\u00e3e, n\u00e3o uma solteirona\u201d. Comente essa frase.<\/strong><\/p>\n<p><strong>Frei Vanildo &#8211;<\/strong> O Papa Francisco pronunciou essa frase num ambiente informal, numa conversa livre. E, infelizmente, penso eu, tomou uma figura preconceituosa do linguajar machista ao usar a express\u00e3o \u201csolteirona\u201d. \u00c9 uma express\u00e3o depreciativa da mulher, especialmente daquelas mulheres que, por op\u00e7\u00e3o ou press\u00e3o social, n\u00e3o casaram e n\u00e3o tiveram filhos. Todos podemos ter nossos deslizes lingu\u00edsticos, at\u00e9 o Papa! Mas o lado positivo \u2013 e isso o Papa comentou na \u201cAmoris Laetitia\u201d \u2013 \u00e9 que a op\u00e7\u00e3o pelo celibato e virgindade n\u00e3o pode ser a nega\u00e7\u00e3o ao amor, \u00e0 fecundidade. E isso vale tanto para religiosas mulheres como para religiosos homens. Se a op\u00e7\u00e3o por n\u00e3o casar for apenas um fechamento em si mesmo e n\u00e3o uma entrega da pr\u00f3pria vida para que outros tenham vida, ela n\u00e3o tem sentido crist\u00e3o, \u00e9 puro ego\u00edsmo.<\/p>\n<p><strong>Site Franciscanos &#8211; \u00a0Os franciscanos est\u00e3o aproveitando a divulga\u00e7\u00e3o que o Papa Francisco faz do carisma?<\/strong><\/p>\n<p><strong>Frei Vanildo<\/strong> &#8211; Acho que ainda n\u00e3o suficientemente. \u00c9 estranho que um jesu\u00edta seja hoje o maior divulgador daqueles elementos que s\u00e3o fundamentais no nosso modo de ser. A esperan\u00e7a \u00e9 que, com a a\u00e7\u00e3o do Papa, toda a Igreja se torne mais franciscana.<\/p>\n<p><strong>Site Franciscanos &#8211; \u00a0Como est\u00e3o as voca\u00e7\u00f5es nas institui\u00e7\u00f5es de vida religiosa consagrada?<\/strong><\/p>\n<p><strong>Frei Vanildo<\/strong> &#8211; H\u00e1 varia\u00e7\u00f5es muito grandes. Dependendo do lugar e das institui\u00e7\u00f5es, h\u00e1 mais ou menos pessoas que optam por esta forma de vida. H\u00e1 um fator demogr\u00e1fico que incide muito nas voca\u00e7\u00f5es. Regi\u00f5es com decrescimento demogr\u00e1fico, como o Sul do Brasil, tem, naturalmente, menos voca\u00e7\u00f5es. O Norte e o Nordeste, por terem uma popula\u00e7\u00e3o jovem maior, t\u00eam mais voca\u00e7\u00f5es. E h\u00e1 tamb\u00e9m o fator eclesial. Onde a Igreja \u00e9 viva e est\u00e1 presente na vida das pessoas, h\u00e1 mais voca\u00e7\u00f5es. Onde a Igreja se fecha em guetos sect\u00e1rios, h\u00e1 menos voca\u00e7\u00f5es. E assim para as Congrega\u00e7\u00f5es e Ordens religiosas: quando se fecham em suas pr\u00f3prias institui\u00e7\u00f5es e projetos, as voca\u00e7\u00f5es desaparecem. Quando se abrem para a miss\u00e3o e as necessidades dos mais pobres, a tend\u00eancia \u00e9 ter mais voca\u00e7\u00f5es. E h\u00e1 ainda o fator cultural: a Vida Religiosa Consagrada ainda \u00e9 culturalmente e, em alguns casos, at\u00e9 etnicamente, europeia. Ela ainda n\u00e3o mergulhou na realidade cultural do povo brasileiro. E pode pagar um pre\u00e7o alto por isso.<\/p>\n<p><strong>Site Franciscanos &#8211; \u00a0Por que o carisma franciscano n\u00e3o perde a atualidade?<\/strong><\/p>\n<p><strong>Frei Vanildo &#8211;<\/strong> O carisma franciscano \u00e9 sempre atual porque ele consegue colocar em rela\u00e7\u00e3o a ponta do sentimento humano com o modo de ser de Deus. Francisco de Assis viveu a sua experi\u00eancia de Deus a partir dos sofredores de seu tempo. E o Filho de Deus se fez humano para sanar os sofrimentos de todos os tempos. Todos os homens e mulheres que, em seu tempo, colocam a sua vida em sintonia e servi\u00e7o com as pessoas e criaturas sofredoras, seguem o caminho do Filho de Deus e, por isso, t\u00eam uma repercuss\u00e3o universal e atemporal.<\/p>\n<p><strong>Site Franciscanos &#8211; \u00a0Por que as pessoas preferem ficar com a parte rom\u00e2ntica do carisma franciscano e n\u00e3o com a parte dura e desafiadora<\/strong><strong>? Por que o \u201cFrancisco amigo dos animais\u201d \u00e9 mais aceito que o \u201cFrancisco amigo dos leprosos\u201d<\/strong><strong>?<\/strong><\/p>\n<p><strong>Frei Vanildo<\/strong> &#8211; Para Francisco, o amor n\u00e3o tem limites. Ele ama toda forma de vida porque a vida \u00e9 dada por Deus. Ele ama tanto o verme que rasteja como o querubim que lhe traz os estigmas. Nosso problema \u00e9 segmentar o amor, fragmentar a experi\u00eancia da salva\u00e7\u00e3o, selecionar nossa express\u00e3o de amor. Em outras palavras, temos a tenta\u00e7\u00e3o da heresia, da parcialidade, do partidarismo. E esquecemos a Totalidade de Deus, a universalidade de sua salva\u00e7\u00e3o. Precisamos resgatar o todo do amor de Deus que est\u00e1 em n\u00f3s e em toda a cria\u00e7\u00e3o.<\/p>\n<p><strong>Site Franciscanos &#8211; Hoje, Clara de Assis chegou ao seu lugar de honra na hist\u00f3ria franciscana<\/strong><strong>?<\/strong><\/p>\n<p><strong>Frei Vanildo<\/strong> &#8211; Infelizmente, n\u00e3o. A hist\u00f3ria foi escrita, maiormente, por homens. E a teologia franciscana continua sendo feita majoritariamente por homens. H\u00e1 raras, honrosas e esperan\u00e7adoras exce\u00e7\u00f5es. Mas precisamos todos, homens e mulheres que seguem a tradi\u00e7\u00e3o franciscana, ter em mente que, sem Clara, n\u00e3o haveria Francisco e sem Francisco n\u00e3o haveria Clara. Um completa o outro e vice-versa.<\/p>\n<p><strong>Site Franciscanos &#8211; \u00c9 poss\u00edvel os tr\u00eas ramos da Ordem Franciscana masculina se aproximarem mais?<\/strong><\/p>\n<p><strong>Frei Vanildo<\/strong> &#8211; N\u00e3o s\u00f3 \u00e9 poss\u00edvel, como \u00e9 necess\u00e1rio. E para isso n\u00e3o h\u00e1 necessidade de unifica\u00e7\u00e3o jur\u00eddica e institucional. Assim como na igreja sinodal, somos convidados a viver a unidade na diversidade. Juntos, cada um aportando sua pr\u00f3pria especificidade, podemos caminhar juntos para sermos testemunhas de Francisco e Clara.<\/p>\n<hr \/>\n<p><em>Entrevista a Moacir Beggo<\/em><\/p>\n","protected":false},"excerpt":{"rendered":"<p>Entrevista<\/p>\n","protected":false},"author":3,"featured_media":245465,"comment_status":"open","ping_status":"open","sticky":false,"template":"","format":"standard","meta":[],"categories":[758,1],"tags":[2175],"acf":[],"yoast_head":"<!-- This site is optimized with the Yoast SEO plugin v19.2 - https:\/\/yoast.com\/wordpress\/plugins\/seo\/ -->\n<title>Frei Vanildo Zugno: \u201cA esperan\u00e7a \u00e9 que, com a a\u00e7\u00e3o do Papa, toda a Igreja se torne mais franciscana\u201d - Not\u00edcias - Franciscanos<\/title>\n<meta name=\"robots\" content=\"index, follow, max-snippet:-1, max-image-preview:large, max-video-preview:-1\" \/>\n<link rel=\"canonical\" href=\"https:\/\/franciscanos.org.br\/noticias\/frei-vanildo-zugno-a-esperanca-e-que-com-a-acao-do-papa-toda-a-igreja-se-torne-mais-franciscana.html\" \/>\n<meta property=\"og:locale\" content=\"pt_BR\" \/>\n<meta property=\"og:type\" content=\"article\" \/>\n<meta property=\"og:title\" content=\"Frei Vanildo Zugno: \u201cA esperan\u00e7a \u00e9 que, com a a\u00e7\u00e3o do Papa, toda a Igreja se torne mais franciscana\u201d - Not\u00edcias - Franciscanos\" \/>\n<meta property=\"og:description\" content=\"Entrevista\" \/>\n<meta property=\"og:url\" content=\"https:\/\/franciscanos.org.br\/noticias\/frei-vanildo-zugno-a-esperanca-e-que-com-a-acao-do-papa-toda-a-igreja-se-torne-mais-franciscana.html\" \/>\n<meta property=\"og:site_name\" content=\"Not\u00edcias - Franciscanos\" \/>\n<meta property=\"article:published_time\" content=\"2023-11-13T12:21:34+00:00\" \/>\n<meta property=\"og:image\" content=\"https:\/\/franciscanos.org.br\/noticias\/wp-content\/uploads\/2023\/11\/vanildo_1311.jpg\" \/>\n\t<meta property=\"og:image:width\" content=\"1280\" \/>\n\t<meta property=\"og:image:height\" content=\"720\" \/>\n\t<meta property=\"og:image:type\" content=\"image\/jpeg\" \/>\n<meta name=\"author\" content=\"moacir\" \/>\n<meta name=\"twitter:card\" content=\"summary_large_image\" \/>\n<meta name=\"twitter:label1\" content=\"Escrito por\" \/>\n\t<meta name=\"twitter:data1\" content=\"moacir\" \/>\n\t<meta name=\"twitter:label2\" content=\"Est. tempo de leitura\" \/>\n\t<meta name=\"twitter:data2\" content=\"8 minutos\" \/>\n<script type=\"application\/ld+json\" class=\"yoast-schema-graph\">{\"@context\":\"https:\/\/schema.org\",\"@graph\":[{\"@type\":\"WebSite\",\"@id\":\"https:\/\/franciscanos.org.br\/noticias\/#website\",\"url\":\"https:\/\/franciscanos.org.br\/noticias\/\",\"name\":\"Not\u00edcias - Franciscanos\",\"description\":\"Prov\u00edncia Franciscana da Imaculada Concei\u00e7\u00e3o do Brasil - Ordem dos Frades Menores - OFM\",\"potentialAction\":[{\"@type\":\"SearchAction\",\"target\":{\"@type\":\"EntryPoint\",\"urlTemplate\":\"https:\/\/franciscanos.org.br\/noticias\/?s={search_term_string}\"},\"query-input\":\"required name=search_term_string\"}],\"inLanguage\":\"pt-BR\"},{\"@type\":\"ImageObject\",\"inLanguage\":\"pt-BR\",\"@id\":\"https:\/\/franciscanos.org.br\/noticias\/frei-vanildo-zugno-a-esperanca-e-que-com-a-acao-do-papa-toda-a-igreja-se-torne-mais-franciscana.html#primaryimage\",\"url\":\"https:\/\/franciscanos.org.br\/noticias\/wp-content\/uploads\/2023\/11\/vanildo_1311.jpg\",\"contentUrl\":\"https:\/\/franciscanos.org.br\/noticias\/wp-content\/uploads\/2023\/11\/vanildo_1311.jpg\",\"width\":1280,\"height\":720},{\"@type\":\"WebPage\",\"@id\":\"https:\/\/franciscanos.org.br\/noticias\/frei-vanildo-zugno-a-esperanca-e-que-com-a-acao-do-papa-toda-a-igreja-se-torne-mais-franciscana.html#webpage\",\"url\":\"https:\/\/franciscanos.org.br\/noticias\/frei-vanildo-zugno-a-esperanca-e-que-com-a-acao-do-papa-toda-a-igreja-se-torne-mais-franciscana.html\",\"name\":\"Frei Vanildo Zugno: \u201cA esperan\u00e7a \u00e9 que, com a a\u00e7\u00e3o do Papa, toda a Igreja se torne mais franciscana\u201d - Not\u00edcias - Franciscanos\",\"isPartOf\":{\"@id\":\"https:\/\/franciscanos.org.br\/noticias\/#website\"},\"primaryImageOfPage\":{\"@id\":\"https:\/\/franciscanos.org.br\/noticias\/frei-vanildo-zugno-a-esperanca-e-que-com-a-acao-do-papa-toda-a-igreja-se-torne-mais-franciscana.html#primaryimage\"},\"datePublished\":\"2023-11-13T12:21:34+00:00\",\"dateModified\":\"2023-11-13T12:21:34+00:00\",\"author\":{\"@id\":\"https:\/\/franciscanos.org.br\/noticias\/#\/schema\/person\/b5c8cba458c330ccff548b056e95a5d4\"},\"breadcrumb\":{\"@id\":\"https:\/\/franciscanos.org.br\/noticias\/frei-vanildo-zugno-a-esperanca-e-que-com-a-acao-do-papa-toda-a-igreja-se-torne-mais-franciscana.html#breadcrumb\"},\"inLanguage\":\"pt-BR\",\"potentialAction\":[{\"@type\":\"ReadAction\",\"target\":[\"https:\/\/franciscanos.org.br\/noticias\/frei-vanildo-zugno-a-esperanca-e-que-com-a-acao-do-papa-toda-a-igreja-se-torne-mais-franciscana.html\"]}]},{\"@type\":\"BreadcrumbList\",\"@id\":\"https:\/\/franciscanos.org.br\/noticias\/frei-vanildo-zugno-a-esperanca-e-que-com-a-acao-do-papa-toda-a-igreja-se-torne-mais-franciscana.html#breadcrumb\",\"itemListElement\":[{\"@type\":\"ListItem\",\"position\":1,\"name\":\"Home\",\"item\":\"https:\/\/franciscanos.org.br\/noticias\"},{\"@type\":\"ListItem\",\"position\":2,\"name\":\"Frei Vanildo Zugno: \u201cA esperan\u00e7a \u00e9 que, com a a\u00e7\u00e3o do Papa, toda a Igreja se torne mais franciscana\u201d\"}]},{\"@type\":\"Person\",\"@id\":\"https:\/\/franciscanos.org.br\/noticias\/#\/schema\/person\/b5c8cba458c330ccff548b056e95a5d4\",\"name\":\"moacir\",\"image\":{\"@type\":\"ImageObject\",\"inLanguage\":\"pt-BR\",\"@id\":\"https:\/\/franciscanos.org.br\/noticias\/#\/schema\/person\/image\/\",\"url\":\"https:\/\/secure.gravatar.com\/avatar\/d08aa2ce4c8dd416d4479aa8536fcf64?s=96&d=mm&r=g\",\"contentUrl\":\"https:\/\/secure.gravatar.com\/avatar\/d08aa2ce4c8dd416d4479aa8536fcf64?s=96&d=mm&r=g\",\"caption\":\"moacir\"},\"url\":\"https:\/\/franciscanos.org.br\/noticias\/author\/moacir\"}]}<\/script>\n<!-- \/ Yoast SEO plugin. -->","yoast_head_json":{"title":"Frei Vanildo Zugno: \u201cA esperan\u00e7a \u00e9 que, com a a\u00e7\u00e3o do Papa, toda a Igreja se torne mais franciscana\u201d - Not\u00edcias - Franciscanos","robots":{"index":"index","follow":"follow","max-snippet":"max-snippet:-1","max-image-preview":"max-image-preview:large","max-video-preview":"max-video-preview:-1"},"canonical":"https:\/\/franciscanos.org.br\/noticias\/frei-vanildo-zugno-a-esperanca-e-que-com-a-acao-do-papa-toda-a-igreja-se-torne-mais-franciscana.html","og_locale":"pt_BR","og_type":"article","og_title":"Frei Vanildo Zugno: \u201cA esperan\u00e7a \u00e9 que, com a a\u00e7\u00e3o do Papa, toda a Igreja se torne mais franciscana\u201d - Not\u00edcias - Franciscanos","og_description":"Entrevista","og_url":"https:\/\/franciscanos.org.br\/noticias\/frei-vanildo-zugno-a-esperanca-e-que-com-a-acao-do-papa-toda-a-igreja-se-torne-mais-franciscana.html","og_site_name":"Not\u00edcias - Franciscanos","article_published_time":"2023-11-13T12:21:34+00:00","og_image":[{"width":1280,"height":720,"url":"https:\/\/franciscanos.org.br\/noticias\/wp-content\/uploads\/2023\/11\/vanildo_1311.jpg","type":"image\/jpeg"}],"author":"moacir","twitter_card":"summary_large_image","twitter_misc":{"Escrito por":"moacir","Est. tempo de leitura":"8 minutos"},"schema":{"@context":"https:\/\/schema.org","@graph":[{"@type":"WebSite","@id":"https:\/\/franciscanos.org.br\/noticias\/#website","url":"https:\/\/franciscanos.org.br\/noticias\/","name":"Not\u00edcias - Franciscanos","description":"Prov\u00edncia Franciscana da Imaculada Concei\u00e7\u00e3o do Brasil - Ordem dos Frades Menores - OFM","potentialAction":[{"@type":"SearchAction","target":{"@type":"EntryPoint","urlTemplate":"https:\/\/franciscanos.org.br\/noticias\/?s={search_term_string}"},"query-input":"required name=search_term_string"}],"inLanguage":"pt-BR"},{"@type":"ImageObject","inLanguage":"pt-BR","@id":"https:\/\/franciscanos.org.br\/noticias\/frei-vanildo-zugno-a-esperanca-e-que-com-a-acao-do-papa-toda-a-igreja-se-torne-mais-franciscana.html#primaryimage","url":"https:\/\/franciscanos.org.br\/noticias\/wp-content\/uploads\/2023\/11\/vanildo_1311.jpg","contentUrl":"https:\/\/franciscanos.org.br\/noticias\/wp-content\/uploads\/2023\/11\/vanildo_1311.jpg","width":1280,"height":720},{"@type":"WebPage","@id":"https:\/\/franciscanos.org.br\/noticias\/frei-vanildo-zugno-a-esperanca-e-que-com-a-acao-do-papa-toda-a-igreja-se-torne-mais-franciscana.html#webpage","url":"https:\/\/franciscanos.org.br\/noticias\/frei-vanildo-zugno-a-esperanca-e-que-com-a-acao-do-papa-toda-a-igreja-se-torne-mais-franciscana.html","name":"Frei Vanildo Zugno: \u201cA esperan\u00e7a \u00e9 que, com a a\u00e7\u00e3o do Papa, toda a Igreja se torne mais franciscana\u201d - Not\u00edcias - Franciscanos","isPartOf":{"@id":"https:\/\/franciscanos.org.br\/noticias\/#website"},"primaryImageOfPage":{"@id":"https:\/\/franciscanos.org.br\/noticias\/frei-vanildo-zugno-a-esperanca-e-que-com-a-acao-do-papa-toda-a-igreja-se-torne-mais-franciscana.html#primaryimage"},"datePublished":"2023-11-13T12:21:34+00:00","dateModified":"2023-11-13T12:21:34+00:00","author":{"@id":"https:\/\/franciscanos.org.br\/noticias\/#\/schema\/person\/b5c8cba458c330ccff548b056e95a5d4"},"breadcrumb":{"@id":"https:\/\/franciscanos.org.br\/noticias\/frei-vanildo-zugno-a-esperanca-e-que-com-a-acao-do-papa-toda-a-igreja-se-torne-mais-franciscana.html#breadcrumb"},"inLanguage":"pt-BR","potentialAction":[{"@type":"ReadAction","target":["https:\/\/franciscanos.org.br\/noticias\/frei-vanildo-zugno-a-esperanca-e-que-com-a-acao-do-papa-toda-a-igreja-se-torne-mais-franciscana.html"]}]},{"@type":"BreadcrumbList","@id":"https:\/\/franciscanos.org.br\/noticias\/frei-vanildo-zugno-a-esperanca-e-que-com-a-acao-do-papa-toda-a-igreja-se-torne-mais-franciscana.html#breadcrumb","itemListElement":[{"@type":"ListItem","position":1,"name":"Home","item":"https:\/\/franciscanos.org.br\/noticias"},{"@type":"ListItem","position":2,"name":"Frei Vanildo Zugno: \u201cA esperan\u00e7a \u00e9 que, com a a\u00e7\u00e3o do Papa, toda a Igreja se torne mais franciscana\u201d"}]},{"@type":"Person","@id":"https:\/\/franciscanos.org.br\/noticias\/#\/schema\/person\/b5c8cba458c330ccff548b056e95a5d4","name":"moacir","image":{"@type":"ImageObject","inLanguage":"pt-BR","@id":"https:\/\/franciscanos.org.br\/noticias\/#\/schema\/person\/image\/","url":"https:\/\/secure.gravatar.com\/avatar\/d08aa2ce4c8dd416d4479aa8536fcf64?s=96&d=mm&r=g","contentUrl":"https:\/\/secure.gravatar.com\/avatar\/d08aa2ce4c8dd416d4479aa8536fcf64?s=96&d=mm&r=g","caption":"moacir"},"url":"https:\/\/franciscanos.org.br\/noticias\/author\/moacir"}]}},"_links":{"self":[{"href":"https:\/\/franciscanos.org.br\/noticias\/wp-json\/wp\/v2\/posts\/245464"}],"collection":[{"href":"https:\/\/franciscanos.org.br\/noticias\/wp-json\/wp\/v2\/posts"}],"about":[{"href":"https:\/\/franciscanos.org.br\/noticias\/wp-json\/wp\/v2\/types\/post"}],"author":[{"embeddable":true,"href":"https:\/\/franciscanos.org.br\/noticias\/wp-json\/wp\/v2\/users\/3"}],"replies":[{"embeddable":true,"href":"https:\/\/franciscanos.org.br\/noticias\/wp-json\/wp\/v2\/comments?post=245464"}],"version-history":[{"count":1,"href":"https:\/\/franciscanos.org.br\/noticias\/wp-json\/wp\/v2\/posts\/245464\/revisions"}],"predecessor-version":[{"id":245466,"href":"https:\/\/franciscanos.org.br\/noticias\/wp-json\/wp\/v2\/posts\/245464\/revisions\/245466"}],"wp:featuredmedia":[{"embeddable":true,"href":"https:\/\/franciscanos.org.br\/noticias\/wp-json\/wp\/v2\/media\/245465"}],"wp:attachment":[{"href":"https:\/\/franciscanos.org.br\/noticias\/wp-json\/wp\/v2\/media?parent=245464"}],"wp:term":[{"taxonomy":"category","embeddable":true,"href":"https:\/\/franciscanos.org.br\/noticias\/wp-json\/wp\/v2\/categories?post=245464"},{"taxonomy":"post_tag","embeddable":true,"href":"https:\/\/franciscanos.org.br\/noticias\/wp-json\/wp\/v2\/tags?post=245464"}],"curies":[{"name":"wp","href":"https:\/\/api.w.org\/{rel}","templated":true}]}}