{"id":245461,"date":"2023-11-12T11:21:44","date_gmt":"2023-11-12T14:21:44","guid":{"rendered":"https:\/\/franciscanos.org.br\/noticias\/?p=245461"},"modified":"2023-11-12T11:21:44","modified_gmt":"2023-11-12T14:21:44","slug":"angelus-menos-tempo-no-celular-mais-cuidado-com-a-vida-interior","status":"publish","type":"post","link":"https:\/\/franciscanos.org.br\/noticias\/angelus-menos-tempo-no-celular-mais-cuidado-com-a-vida-interior.html","title":{"rendered":"Angelus: menos tempo no celular, mais cuidado com a vida interior"},"content":{"rendered":"<div id=\"attachment_245462\" style=\"width: 1280px\" class=\"wp-caption alignnone\"><img aria-describedby=\"caption-attachment-245462\" loading=\"lazy\" class=\"wp-image-245462 size-full\" src=\"https:\/\/franciscanos.org.br\/noticias\/wp-content\/uploads\/2023\/11\/angelus_12.jpg\" alt=\"\" width=\"1270\" height=\"720\" srcset=\"https:\/\/franciscanos.org.br\/noticias\/wp-content\/uploads\/2023\/11\/angelus_12.jpg 1270w, https:\/\/franciscanos.org.br\/noticias\/wp-content\/uploads\/2023\/11\/angelus_12-450x255.jpg 450w, https:\/\/franciscanos.org.br\/noticias\/wp-content\/uploads\/2023\/11\/angelus_12-1024x581.jpg 1024w, https:\/\/franciscanos.org.br\/noticias\/wp-content\/uploads\/2023\/11\/angelus_12-768x435.jpg 768w, https:\/\/franciscanos.org.br\/noticias\/wp-content\/uploads\/2023\/11\/angelus_12-150x85.jpg 150w\" sizes=\"(max-width: 1270px) 100vw, 1270px\" \/><p id=\"caption-attachment-245462\" class=\"wp-caption-text\"><em>Imagem: Vatican Media<\/em><\/p><\/div>\n<p>\u201cViver \u00e9 isso: uma grande prepara\u00e7\u00e3o para o dia das n\u00fapcias, quando seremos chamados a sair para encontrar Aquele que nos ama acima de tudo, Jesus!\u201d<\/p>\n<p>O exemplo da sabedoria e da imprud\u00eancia, presente na par\u00e1bola das dez virgens, chamadas a sair ao encontro do noivo, foi o tema da reflex\u00e3o do Papa, no Angelus deste 32\u00ba Domingo do Tempo Comum. Ao dirigir-se aos milhares de fi\u00e9is e turistas reunidos na Pra\u00e7a S\u00e3o Pedro, em um domingo frio de outono, Francisco iniciou dizendo que este \u201cevangelho nos apresenta uma par\u00e1bola que diz respeito ao significado da vida de cada um\u201d.<\/p>\n<p>O Papa sublinha que, no texto presente no livro de S\u00e3o Mateus, cinco virgens s\u00e3o s\u00e1bias e cinco imprudentes, e convida os fi\u00e9is a refletirem sobre estas duas caracter\u00edsticas:<\/p>\n<p>\u201cTodas aquelas damas de honra est\u00e3o l\u00e1 para receber o noivo, ou seja, elas querem encontr\u00e1-lo, assim como n\u00f3s tamb\u00e9m desejamos a realiza\u00e7\u00e3o de uma vida feliz: a diferen\u00e7a entre sabedoria e imprud\u00eancia n\u00e3o est\u00e1, portanto, apenas na boa vontade, tampouco na pontualidade com que chegam ao encontro: todos est\u00e3o l\u00e1 com suas l\u00e2mpadas, esperando. A diferen\u00e7a entre as s\u00e1bias e as imprudentes \u00e9 outra: a prepara\u00e7\u00e3o.\u201d<\/p>\n<p>Francisco destaca que as s\u00e1bias juntamente com as suas l\u00e2mpadas, levaram tamb\u00e9m \u00f3leo, e as imprudentes, por outro lado, n\u00e3o o fizeram: \u201cAqui est\u00e1 a diferen\u00e7a: o \u00f3leo. E qual \u00e9 a caracter\u00edstica do \u00f3leo? O fato de n\u00e3o poder ser visto: est\u00e1 dentro das l\u00e2mpadas, n\u00e3o \u00e9 vis\u00edvel, mas sem ele as l\u00e2mpadas n\u00e3o iluminam\u201d.<\/p>\n<p><strong>O cuidado com a vida interior<\/strong><br \/>\n\u201cSe olharmos para n\u00f3s mesmos, perceberemos que nossa vida corre o mesmo risco: hoje estamos muito atentos \u00e0s apar\u00eancias, o importante \u00e9 cuidar bem da nossa imagem e causar uma boa impress\u00e3o diante dos outros. Mas Jesus diz que a sabedoria da vida est\u00e1 em outro aspecto: no cuidado com o que n\u00e3o podemos ver, mas que \u00e9 mais importante, porque est\u00e1 dentro de n\u00f3s. \u00c9 o cuidado com a vida interior.\u201d<\/p>\n<p>Segundo o Papa, essa aten\u00e7\u00e3o implica em \u201csaber como parar e ouvir o pr\u00f3prio cora\u00e7\u00e3o, vigiar os pensamentos e os sentimentos&#8221;. Significa saber abrir espa\u00e7o para o sil\u00eancio, ser capaz de ouvir.\u201d, e como um exemplo concreto cita um instrumento muito comum, o celular, e exorta principalmente os agentes pastorais:<\/p>\n<p>\u201cSignifica saber abrir m\u00e3o do tempo gasto em frente \u00e0 tela do celular para olhar a luz nos olhos dos outros, no pr\u00f3prio cora\u00e7\u00e3o, no olhar de Deus sobre n\u00f3s. Significa, especialmente para aqueles que desempenham um papel na Igreja, n\u00e3o se deixar aprisionar pelo ativismo, mas dedicar tempo ao Senhor, \u00e0 escuta de sua Palavra.\u201d<\/p>\n<p><strong>\u00c9 preciso dedicar tempo para a vida com Deus<\/strong><br \/>\n\u201cO Evangelho nos d\u00e1 o conselho certo para n\u00e3o negligenciarmos o \u00f3leo da vida interior\u201d continua Francisco, &#8220;o \u00f3leo da alma, que \u00e9 importante prepar\u00e1-lo.\u201d E recordando o exemplo das virgens que haviam se preparado bem, destaca:<\/p>\n<p>\u201cAssim \u00e9 para n\u00f3s: a vida interior n\u00e3o pode ser improvisada, n\u00e3o \u00e9 uma quest\u00e3o de um momento, de uma vez ou outra, de uma vez por todas; ela deve ser preparada dedicando um pouco de tempo todos os dias, com const\u00e2ncia, como se faz para tudo o que \u00e9 importante.\u201d<\/p>\n<p>O Pont\u00edfice, ao final de sua alocu\u00e7\u00e3o convida os fi\u00e9is a uma reflex\u00e3o:<\/p>\n<p>\u201cPodemos nos perguntar\u201d, indaga Francisco, \u201co que estou preparando neste momento da vida? Talvez eu esteja tentando fazer algumas economias, esteja pensando em uma casa ou em um carro novo, em projetos concretos&#8230; Essas s\u00e3o coisas boas. Mas ser\u00e1 que tamb\u00e9m estou pensando em dedicar tempo para cuidar do meu cora\u00e7\u00e3o, da ora\u00e7\u00e3o e do servi\u00e7o aos outros, ao Senhor, que \u00e9 a meta da vida? Enfim, como est\u00e1 o \u00f3leo da minha alma, estou nutrindo-o e mantendo-o bem?\u201d<\/p>\n<p>\u201cQue Nossa Senhora nos ajude a conservar o \u00f3leo da vida interior\u201d, concluiu o Papa.<\/p>\n<hr \/>\n<h3>Papa: estou pr\u00f3ximo dos que sofrem, palestinos e israelenses, vos abra\u00e7o neste momento sombrio<\/h3>\n<p>Da guerra civil no Sud\u00e3o, os pensamentos de Francisco, depois do Angelus deste domingo, 12 de novembro, se dirigem ao Oriente M\u00e9dio, onde est\u00e1 em curso um conflito sangrento. \u201cDiariamente\u201d, diz o Papa, \u201cmeus pensamentos se voltam para a situa\u00e7\u00e3o grav\u00edssima em Israel e na Palestina\u201d.<\/p>\n<p>\u201cEstou pr\u00f3ximo de todos aqueles que sofrem, palestinos e israelenses. Eu os abra\u00e7o neste momento de escurid\u00e3o. E rezo muito por eles. Que as armas parem, elas nunca trar\u00e3o paz, e que o conflito n\u00e3o se amplie! Chega! Chega irm\u00e3os! Chega!\u201d<\/p>\n<p><strong>Assist\u00eancia a Gaza e a liberta\u00e7\u00e3o de ref\u00e9ns<\/strong><br \/>\nE, mais uma vez, as palavras sinceras do Pont\u00edfice se referem \u00e0s condi\u00e7\u00f5es na Faixa de Gaza. Seu apelo \u00e9 para a sacralidade da vida humana, sem distin\u00e7\u00e3o.<\/p>\n<p>\u201cEm Gaza, os feridos devem ser socorridos imediatamente, os civis devem ser protegidos e mais ajuda humanit\u00e1ria deve ser levada a essa popula\u00e7\u00e3o exausta. Libertem os ref\u00e9ns, entre os quais h\u00e1 muitos idosos e crian\u00e7as. Todo ser humano, seja crist\u00e3o, judeu, mu\u00e7ulmano, de qualquer povo ou religi\u00e3o, todo ser humano \u00e9 sagrado, \u00e9 precioso aos olhos de Deus e tem o direito de viver em paz. N\u00e3o percamos a esperan\u00e7a: oremos e trabalhemos incansavelmente para que o senso de humanidade prevale\u00e7a sobre a dureza dos cora\u00e7\u00f5es.\u201d<\/p>\n<p><strong>Gaza, o hospital Shifa foi completamente destru\u00eddo<\/strong><br \/>\nAinda hoje, 12 de novembro, o ex\u00e9rcito israelense garantiu um corredor humanit\u00e1rio de sete horas para a popula\u00e7\u00e3o palestina que deseja se deslocar do norte para o sul da Faixa. O porta-voz militar Avichai Adraee disponibilizou essa informa\u00e7\u00e3o em atrav\u00e9s da rede social &#8220;X&#8221; em \u00e1rabe. Enquanto isso, &#8220;o pr\u00e9dio de dois andares da ala de doen\u00e7as card\u00edacas do hospital Shifa, em Gaza, foi completamente destru\u00eddo por um ataque a\u00e9reo&#8221;, disse o vice-ministro da Sa\u00fade, Youssef Abou Rich, \u00e0 ag\u00eancia de not\u00edcias Afp, culpando o ex\u00e9rcito israelense pelo ataque. O Programa das Na\u00e7\u00f5es Unidas para o Desenvolvimento (UNDP) relatou &#8220;um n\u00famero significativo de mortos e feridos&#8221; em um &#8220;bombardeio&#8221; \u00e0 sua sede na Cidade de Gaza, evacuada por seus funcion\u00e1rios e agora ocupada por centenas de palestinos desalojados. Um jovem palestino foi morto no vilarejo de Burqa (perto de Nablus, Cisjord\u00e2nia). O caso foi relatado pela ag\u00eancia de not\u00edcias Wafa.<\/p>\n<hr \/>\n<p><em>Fonte: Vatican News (texto Thulio Fonseca)<\/em><\/p>\n","protected":false},"excerpt":{"rendered":"<p>Angelus<\/p>\n","protected":false},"author":3,"featured_media":245462,"comment_status":"open","ping_status":"open","sticky":false,"template":"","format":"standard","meta":[],"categories":[1428],"tags":[403],"acf":[],"yoast_head":"<!-- This site is optimized with the Yoast SEO plugin v19.2 - https:\/\/yoast.com\/wordpress\/plugins\/seo\/ -->\n<title>Angelus: menos tempo no celular, mais cuidado com a vida interior - Not\u00edcias - Franciscanos<\/title>\n<meta name=\"robots\" content=\"index, follow, max-snippet:-1, max-image-preview:large, max-video-preview:-1\" \/>\n<link rel=\"canonical\" href=\"https:\/\/franciscanos.org.br\/noticias\/angelus-menos-tempo-no-celular-mais-cuidado-com-a-vida-interior.html\" \/>\n<meta property=\"og:locale\" content=\"pt_BR\" \/>\n<meta property=\"og:type\" content=\"article\" \/>\n<meta property=\"og:title\" content=\"Angelus: menos tempo no celular, mais cuidado com a vida interior - Not\u00edcias - Franciscanos\" \/>\n<meta property=\"og:description\" content=\"Angelus\" \/>\n<meta property=\"og:url\" content=\"https:\/\/franciscanos.org.br\/noticias\/angelus-menos-tempo-no-celular-mais-cuidado-com-a-vida-interior.html\" \/>\n<meta property=\"og:site_name\" content=\"Not\u00edcias - Franciscanos\" \/>\n<meta property=\"article:published_time\" content=\"2023-11-12T14:21:44+00:00\" \/>\n<meta property=\"og:image\" content=\"https:\/\/franciscanos.org.br\/noticias\/wp-content\/uploads\/2023\/11\/angelus_12.jpg\" \/>\n\t<meta property=\"og:image:width\" content=\"1270\" \/>\n\t<meta property=\"og:image:height\" content=\"720\" \/>\n\t<meta property=\"og:image:type\" content=\"image\/jpeg\" \/>\n<meta name=\"author\" content=\"moacir\" \/>\n<meta name=\"twitter:card\" content=\"summary_large_image\" \/>\n<meta name=\"twitter:label1\" content=\"Escrito por\" \/>\n\t<meta name=\"twitter:data1\" content=\"moacir\" \/>\n\t<meta name=\"twitter:label2\" content=\"Est. tempo de leitura\" \/>\n\t<meta name=\"twitter:data2\" content=\"6 minutos\" \/>\n<script type=\"application\/ld+json\" class=\"yoast-schema-graph\">{\"@context\":\"https:\/\/schema.org\",\"@graph\":[{\"@type\":\"WebSite\",\"@id\":\"https:\/\/franciscanos.org.br\/noticias\/#website\",\"url\":\"https:\/\/franciscanos.org.br\/noticias\/\",\"name\":\"Not\u00edcias - Franciscanos\",\"description\":\"Prov\u00edncia Franciscana da Imaculada Concei\u00e7\u00e3o do Brasil - Ordem dos Frades Menores - OFM\",\"potentialAction\":[{\"@type\":\"SearchAction\",\"target\":{\"@type\":\"EntryPoint\",\"urlTemplate\":\"https:\/\/franciscanos.org.br\/noticias\/?s={search_term_string}\"},\"query-input\":\"required name=search_term_string\"}],\"inLanguage\":\"pt-BR\"},{\"@type\":\"ImageObject\",\"inLanguage\":\"pt-BR\",\"@id\":\"https:\/\/franciscanos.org.br\/noticias\/angelus-menos-tempo-no-celular-mais-cuidado-com-a-vida-interior.html#primaryimage\",\"url\":\"https:\/\/franciscanos.org.br\/noticias\/wp-content\/uploads\/2023\/11\/angelus_12.jpg\",\"contentUrl\":\"https:\/\/franciscanos.org.br\/noticias\/wp-content\/uploads\/2023\/11\/angelus_12.jpg\",\"width\":1270,\"height\":720},{\"@type\":\"WebPage\",\"@id\":\"https:\/\/franciscanos.org.br\/noticias\/angelus-menos-tempo-no-celular-mais-cuidado-com-a-vida-interior.html#webpage\",\"url\":\"https:\/\/franciscanos.org.br\/noticias\/angelus-menos-tempo-no-celular-mais-cuidado-com-a-vida-interior.html\",\"name\":\"Angelus: menos tempo no celular, mais cuidado com a vida interior - Not\u00edcias - Franciscanos\",\"isPartOf\":{\"@id\":\"https:\/\/franciscanos.org.br\/noticias\/#website\"},\"primaryImageOfPage\":{\"@id\":\"https:\/\/franciscanos.org.br\/noticias\/angelus-menos-tempo-no-celular-mais-cuidado-com-a-vida-interior.html#primaryimage\"},\"datePublished\":\"2023-11-12T14:21:44+00:00\",\"dateModified\":\"2023-11-12T14:21:44+00:00\",\"author\":{\"@id\":\"https:\/\/franciscanos.org.br\/noticias\/#\/schema\/person\/b5c8cba458c330ccff548b056e95a5d4\"},\"breadcrumb\":{\"@id\":\"https:\/\/franciscanos.org.br\/noticias\/angelus-menos-tempo-no-celular-mais-cuidado-com-a-vida-interior.html#breadcrumb\"},\"inLanguage\":\"pt-BR\",\"potentialAction\":[{\"@type\":\"ReadAction\",\"target\":[\"https:\/\/franciscanos.org.br\/noticias\/angelus-menos-tempo-no-celular-mais-cuidado-com-a-vida-interior.html\"]}]},{\"@type\":\"BreadcrumbList\",\"@id\":\"https:\/\/franciscanos.org.br\/noticias\/angelus-menos-tempo-no-celular-mais-cuidado-com-a-vida-interior.html#breadcrumb\",\"itemListElement\":[{\"@type\":\"ListItem\",\"position\":1,\"name\":\"Home\",\"item\":\"https:\/\/franciscanos.org.br\/noticias\"},{\"@type\":\"ListItem\",\"position\":2,\"name\":\"Angelus: menos tempo no celular, mais cuidado com a vida interior\"}]},{\"@type\":\"Person\",\"@id\":\"https:\/\/franciscanos.org.br\/noticias\/#\/schema\/person\/b5c8cba458c330ccff548b056e95a5d4\",\"name\":\"moacir\",\"image\":{\"@type\":\"ImageObject\",\"inLanguage\":\"pt-BR\",\"@id\":\"https:\/\/franciscanos.org.br\/noticias\/#\/schema\/person\/image\/\",\"url\":\"https:\/\/secure.gravatar.com\/avatar\/d08aa2ce4c8dd416d4479aa8536fcf64?s=96&d=mm&r=g\",\"contentUrl\":\"https:\/\/secure.gravatar.com\/avatar\/d08aa2ce4c8dd416d4479aa8536fcf64?s=96&d=mm&r=g\",\"caption\":\"moacir\"},\"url\":\"https:\/\/franciscanos.org.br\/noticias\/author\/moacir\"}]}<\/script>\n<!-- \/ Yoast SEO plugin. -->","yoast_head_json":{"title":"Angelus: menos tempo no celular, mais cuidado com a vida interior - Not\u00edcias - Franciscanos","robots":{"index":"index","follow":"follow","max-snippet":"max-snippet:-1","max-image-preview":"max-image-preview:large","max-video-preview":"max-video-preview:-1"},"canonical":"https:\/\/franciscanos.org.br\/noticias\/angelus-menos-tempo-no-celular-mais-cuidado-com-a-vida-interior.html","og_locale":"pt_BR","og_type":"article","og_title":"Angelus: menos tempo no celular, mais cuidado com a vida interior - Not\u00edcias - Franciscanos","og_description":"Angelus","og_url":"https:\/\/franciscanos.org.br\/noticias\/angelus-menos-tempo-no-celular-mais-cuidado-com-a-vida-interior.html","og_site_name":"Not\u00edcias - Franciscanos","article_published_time":"2023-11-12T14:21:44+00:00","og_image":[{"width":1270,"height":720,"url":"https:\/\/franciscanos.org.br\/noticias\/wp-content\/uploads\/2023\/11\/angelus_12.jpg","type":"image\/jpeg"}],"author":"moacir","twitter_card":"summary_large_image","twitter_misc":{"Escrito por":"moacir","Est. tempo de leitura":"6 minutos"},"schema":{"@context":"https:\/\/schema.org","@graph":[{"@type":"WebSite","@id":"https:\/\/franciscanos.org.br\/noticias\/#website","url":"https:\/\/franciscanos.org.br\/noticias\/","name":"Not\u00edcias - Franciscanos","description":"Prov\u00edncia Franciscana da Imaculada Concei\u00e7\u00e3o do Brasil - Ordem dos Frades Menores - OFM","potentialAction":[{"@type":"SearchAction","target":{"@type":"EntryPoint","urlTemplate":"https:\/\/franciscanos.org.br\/noticias\/?s={search_term_string}"},"query-input":"required name=search_term_string"}],"inLanguage":"pt-BR"},{"@type":"ImageObject","inLanguage":"pt-BR","@id":"https:\/\/franciscanos.org.br\/noticias\/angelus-menos-tempo-no-celular-mais-cuidado-com-a-vida-interior.html#primaryimage","url":"https:\/\/franciscanos.org.br\/noticias\/wp-content\/uploads\/2023\/11\/angelus_12.jpg","contentUrl":"https:\/\/franciscanos.org.br\/noticias\/wp-content\/uploads\/2023\/11\/angelus_12.jpg","width":1270,"height":720},{"@type":"WebPage","@id":"https:\/\/franciscanos.org.br\/noticias\/angelus-menos-tempo-no-celular-mais-cuidado-com-a-vida-interior.html#webpage","url":"https:\/\/franciscanos.org.br\/noticias\/angelus-menos-tempo-no-celular-mais-cuidado-com-a-vida-interior.html","name":"Angelus: menos tempo no celular, mais cuidado com a vida interior - Not\u00edcias - Franciscanos","isPartOf":{"@id":"https:\/\/franciscanos.org.br\/noticias\/#website"},"primaryImageOfPage":{"@id":"https:\/\/franciscanos.org.br\/noticias\/angelus-menos-tempo-no-celular-mais-cuidado-com-a-vida-interior.html#primaryimage"},"datePublished":"2023-11-12T14:21:44+00:00","dateModified":"2023-11-12T14:21:44+00:00","author":{"@id":"https:\/\/franciscanos.org.br\/noticias\/#\/schema\/person\/b5c8cba458c330ccff548b056e95a5d4"},"breadcrumb":{"@id":"https:\/\/franciscanos.org.br\/noticias\/angelus-menos-tempo-no-celular-mais-cuidado-com-a-vida-interior.html#breadcrumb"},"inLanguage":"pt-BR","potentialAction":[{"@type":"ReadAction","target":["https:\/\/franciscanos.org.br\/noticias\/angelus-menos-tempo-no-celular-mais-cuidado-com-a-vida-interior.html"]}]},{"@type":"BreadcrumbList","@id":"https:\/\/franciscanos.org.br\/noticias\/angelus-menos-tempo-no-celular-mais-cuidado-com-a-vida-interior.html#breadcrumb","itemListElement":[{"@type":"ListItem","position":1,"name":"Home","item":"https:\/\/franciscanos.org.br\/noticias"},{"@type":"ListItem","position":2,"name":"Angelus: menos tempo no celular, mais cuidado com a vida interior"}]},{"@type":"Person","@id":"https:\/\/franciscanos.org.br\/noticias\/#\/schema\/person\/b5c8cba458c330ccff548b056e95a5d4","name":"moacir","image":{"@type":"ImageObject","inLanguage":"pt-BR","@id":"https:\/\/franciscanos.org.br\/noticias\/#\/schema\/person\/image\/","url":"https:\/\/secure.gravatar.com\/avatar\/d08aa2ce4c8dd416d4479aa8536fcf64?s=96&d=mm&r=g","contentUrl":"https:\/\/secure.gravatar.com\/avatar\/d08aa2ce4c8dd416d4479aa8536fcf64?s=96&d=mm&r=g","caption":"moacir"},"url":"https:\/\/franciscanos.org.br\/noticias\/author\/moacir"}]}},"_links":{"self":[{"href":"https:\/\/franciscanos.org.br\/noticias\/wp-json\/wp\/v2\/posts\/245461"}],"collection":[{"href":"https:\/\/franciscanos.org.br\/noticias\/wp-json\/wp\/v2\/posts"}],"about":[{"href":"https:\/\/franciscanos.org.br\/noticias\/wp-json\/wp\/v2\/types\/post"}],"author":[{"embeddable":true,"href":"https:\/\/franciscanos.org.br\/noticias\/wp-json\/wp\/v2\/users\/3"}],"replies":[{"embeddable":true,"href":"https:\/\/franciscanos.org.br\/noticias\/wp-json\/wp\/v2\/comments?post=245461"}],"version-history":[{"count":1,"href":"https:\/\/franciscanos.org.br\/noticias\/wp-json\/wp\/v2\/posts\/245461\/revisions"}],"predecessor-version":[{"id":245463,"href":"https:\/\/franciscanos.org.br\/noticias\/wp-json\/wp\/v2\/posts\/245461\/revisions\/245463"}],"wp:featuredmedia":[{"embeddable":true,"href":"https:\/\/franciscanos.org.br\/noticias\/wp-json\/wp\/v2\/media\/245462"}],"wp:attachment":[{"href":"https:\/\/franciscanos.org.br\/noticias\/wp-json\/wp\/v2\/media?parent=245461"}],"wp:term":[{"taxonomy":"category","embeddable":true,"href":"https:\/\/franciscanos.org.br\/noticias\/wp-json\/wp\/v2\/categories?post=245461"},{"taxonomy":"post_tag","embeddable":true,"href":"https:\/\/franciscanos.org.br\/noticias\/wp-json\/wp\/v2\/tags?post=245461"}],"curies":[{"name":"wp","href":"https:\/\/api.w.org\/{rel}","templated":true}]}}