{"id":245452,"date":"2023-11-11T08:40:07","date_gmt":"2023-11-11T11:40:07","guid":{"rendered":"https:\/\/franciscanos.org.br\/noticias\/?p=245452"},"modified":"2023-11-11T08:40:36","modified_gmt":"2023-11-11T11:40:36","slug":"ministro-provincial-encerra-o-congresso-de-irmaos-leigos-em-sao-paulo","status":"publish","type":"post","link":"https:\/\/franciscanos.org.br\/noticias\/ministro-provincial-encerra-o-congresso-de-irmaos-leigos-em-sao-paulo.html","title":{"rendered":"Ministro Provincial encerra o Congresso de Irm\u00e3os Leigos em S\u00e3o Paulo"},"content":{"rendered":"<p><img loading=\"lazy\" class=\"alignnone size-full wp-image-245457\" src=\"https:\/\/franciscanos.org.br\/noticias\/wp-content\/uploads\/2023\/11\/irmaos_11.jpg\" alt=\"\" width=\"1280\" height=\"720\" srcset=\"https:\/\/franciscanos.org.br\/noticias\/wp-content\/uploads\/2023\/11\/irmaos_11.jpg 1280w, https:\/\/franciscanos.org.br\/noticias\/wp-content\/uploads\/2023\/11\/irmaos_11-450x253.jpg 450w, https:\/\/franciscanos.org.br\/noticias\/wp-content\/uploads\/2023\/11\/irmaos_11-1024x576.jpg 1024w, https:\/\/franciscanos.org.br\/noticias\/wp-content\/uploads\/2023\/11\/irmaos_11-768x432.jpg 768w, https:\/\/franciscanos.org.br\/noticias\/wp-content\/uploads\/2023\/11\/irmaos_11-150x84.jpg 150w\" sizes=\"(max-width: 1280px) 100vw, 1280px\" \/><\/p>\n<p><strong>S\u00e3o Paulo (SP) &#8211;<\/strong> Terminou nesta sexta-feira, 10 de novembro, o 1\u00ba Congresso de Irm\u00e3os Leigos da nova Confer\u00eancia Franciscana do Brasil e Cone Sul, reunindo 30 frades desde o dia 5\/11 no Convento S\u00e3o Francisco, na regi\u00e3o central de S\u00e3o Paulo.<\/p>\n<p>O Ministro Provincial da Prov\u00edncia Franciscana da Imaculada Concei\u00e7\u00e3o, Frei Paulo Roberto Pereira, presidiu a Eucaristia neste encerramento dos trabalhos, festa de S\u00e3o Le\u00e3o Magno e, na sua homilia, deixou algumas provoca\u00e7\u00f5es, abrindo com isso o momento de partilha e avalia\u00e7\u00e3o do evento que se seguiu ap\u00f3s a celebra\u00e7\u00e3o.<\/p>\n<p>&#8220;A Igreja, para al\u00e9m das institui\u00e7\u00f5es que a sustentam, \u00e9 sinal evidente do Reino. Tristemente foi se perdendo essa compreens\u00e3o e por isso, ent\u00e3o, n\u00f3s resistimos \u00e0 institucionaliza\u00e7\u00e3o. E aqui eu quero com muita fraternidade oferecer uma possibilidade de reflex\u00e3o para a vida religiosa, para os consagrados que n\u00e3o s\u00e3o presb\u00edteros, mas s\u00e3o dons da Igreja para a Igreja&#8221;, abriu a reflex\u00e3o Fei Paulo.<\/p>\n<p><img loading=\"lazy\" class=\"alignnone size-full wp-image-245454\" src=\"https:\/\/franciscanos.org.br\/noticias\/wp-content\/uploads\/2023\/11\/irmaos_1111_2.jpg\" alt=\"\" width=\"1280\" height=\"853\" srcset=\"https:\/\/franciscanos.org.br\/noticias\/wp-content\/uploads\/2023\/11\/irmaos_1111_2.jpg 1280w, https:\/\/franciscanos.org.br\/noticias\/wp-content\/uploads\/2023\/11\/irmaos_1111_2-450x300.jpg 450w, https:\/\/franciscanos.org.br\/noticias\/wp-content\/uploads\/2023\/11\/irmaos_1111_2-1024x682.jpg 1024w, https:\/\/franciscanos.org.br\/noticias\/wp-content\/uploads\/2023\/11\/irmaos_1111_2-768x512.jpg 768w, https:\/\/franciscanos.org.br\/noticias\/wp-content\/uploads\/2023\/11\/irmaos_1111_2-150x100.jpg 150w\" sizes=\"(max-width: 1280px) 100vw, 1280px\" \/><\/p>\n<p>&#8220;A mim assusta, volta e meia, quando essa rela\u00e7\u00e3o n\u00e3o \u00e9 bem vivida, ent\u00e3o, Igreja \u00e9 coisa de padre? N\u00f3s, irm\u00e3os n\u00e3o temos nada a oferecer? Parece que \u00e9 um dem\u00e9rito. Ent\u00e3o, se a gente recorda a Confer\u00eancia de Aparecida, quando fala sobre as par\u00f3quias, insiste nisso. A par\u00f3quia, heran\u00e7a colonial, a par\u00f3quia que chegou a n\u00f3s como imposi\u00e7\u00e3o dos evangelizadores europeus, deve ser sempre nova e nos cabe para chegarmos onde o Evangelho precisa ir como diz S\u00e3o Paulo na primeira leitura. Ent\u00e3o, que a gente ven\u00e7a essa resist\u00eancia a partir da ideia de que, se nos \u00e9 dado o cuidado apost\u00f3lico, se n\u00f3s \u00e9 dado o m\u00e9todo de evangeliza\u00e7\u00e3o, que sup\u00f5e miss\u00f5es eclesiais e par\u00f3quias, como n\u00f3s, que n\u00e3o somos presb\u00edteros, como n\u00f3s que sendo presb\u00edteros sabemos que nossa identidade primeira \u00e9 a fraternidade, como n\u00f3s podemos estar nesses lugares tradicionais?&#8221;, disse Frei Paulo, como a primeira provoca\u00e7\u00e3o.<\/p>\n<p><img loading=\"lazy\" class=\"alignnone size-full wp-image-245458\" src=\"https:\/\/franciscanos.org.br\/noticias\/wp-content\/uploads\/2023\/11\/irmaos_12.jpg\" alt=\"\" width=\"1280\" height=\"853\" srcset=\"https:\/\/franciscanos.org.br\/noticias\/wp-content\/uploads\/2023\/11\/irmaos_12.jpg 1280w, https:\/\/franciscanos.org.br\/noticias\/wp-content\/uploads\/2023\/11\/irmaos_12-450x300.jpg 450w, https:\/\/franciscanos.org.br\/noticias\/wp-content\/uploads\/2023\/11\/irmaos_12-1024x682.jpg 1024w, https:\/\/franciscanos.org.br\/noticias\/wp-content\/uploads\/2023\/11\/irmaos_12-768x512.jpg 768w, https:\/\/franciscanos.org.br\/noticias\/wp-content\/uploads\/2023\/11\/irmaos_12-150x100.jpg 150w\" sizes=\"(max-width: 1280px) 100vw, 1280px\" \/><\/p>\n<div id=\"attachment_245456\" style=\"width: 1290px\" class=\"wp-caption alignnone\"><img aria-describedby=\"caption-attachment-245456\" loading=\"lazy\" class=\"wp-image-245456 size-full\" src=\"https:\/\/franciscanos.org.br\/noticias\/wp-content\/uploads\/2023\/11\/irmaos_1111_3.jpg\" alt=\"\" width=\"1280\" height=\"853\" srcset=\"https:\/\/franciscanos.org.br\/noticias\/wp-content\/uploads\/2023\/11\/irmaos_1111_3.jpg 1280w, https:\/\/franciscanos.org.br\/noticias\/wp-content\/uploads\/2023\/11\/irmaos_1111_3-450x300.jpg 450w, https:\/\/franciscanos.org.br\/noticias\/wp-content\/uploads\/2023\/11\/irmaos_1111_3-1024x682.jpg 1024w, https:\/\/franciscanos.org.br\/noticias\/wp-content\/uploads\/2023\/11\/irmaos_1111_3-768x512.jpg 768w, https:\/\/franciscanos.org.br\/noticias\/wp-content\/uploads\/2023\/11\/irmaos_1111_3-150x100.jpg 150w\" sizes=\"(max-width: 1280px) 100vw, 1280px\" \/><p id=\"caption-attachment-245456\" class=\"wp-caption-text\"><em>Frades oferecem os s\u00edmbolos da semana durante Ofert\u00f3rio, como o chimarr\u00e3o e as flores.<\/em><\/p><\/div>\n<p>Depois, citando o Evangelho, lembrou que a hist\u00f3ria do mau administrador (Lucas 16,1-8), contada por Jesus \u00e9 bastante controversa. &#8220;Alguns trechos, ali\u00e1s, do Evangelho nos desconcertam porque parece que elogiar o desonesto n\u00e3o \u00e9 t\u00e3o virtuoso assim. Ent\u00e3o isso eu tamb\u00e9m trago como provoca\u00e7\u00e3o&#8221;, indicou o celebrante. &#8220;Inicialmente ele reconhece as suas pr\u00f3prias fragilidades. A primeira ideia \u00e9 o reconhecimento das pr\u00f3prias fragilidades, reconhecimento das pr\u00f3prias limita\u00e7\u00f5es: &#8216;Sou fraco, tenho vergonha, eu n\u00e3o vou conseguir&#8217;. Reconhecer as fragilidades \u00e9 o primeiro passo para que a gente descubra estrat\u00e9gias para efetivamente viver. Porque o que est\u00e1 em jogo ali \u00e9 isso: como eu vou viver, como eu vou dar sentido ao meu levantar-se\u00a0 e ao meu deitar-se. Ent\u00e3o, nesse intervalo de vig\u00edlia, o que eu devo ser, o que eu devo fazer? Quais as op\u00e7\u00f5es que eu devo eleger? Ent\u00e3o essa \u00e9 a proposi\u00e7\u00e3o que sobra do Evangelho, e n\u00f3s temos a gra\u00e7a da intelig\u00eancia: viver inteligentemente \u00e9 o que nos distingue de todas as demais criaturas. Este \u00e9 o dom que n\u00f3s recebemos&#8221;, explicou, pedindo para ouvir esse trecho do Evangelho como um convite.<\/p>\n<p>&#8220;Eu tenho certeza que n\u00f3s, reunidos esses dias aqui em S\u00e3o Paulo, pudemos olhar para isso, as debilidades das nossas institui\u00e7\u00f5es, as debilidades dos nossos relacionamentos, as fragilidades da nossa forma de nos organizarmos. Tendo visto essas fragilidades, a pergunta \u00e9 essa: quais op\u00e7\u00f5es inteligentes n\u00f3s podemos fazer para viver. Nunca nos faltar\u00e1 a gra\u00e7a do Senhor&#8221;, concluiu.<\/p>\n<p><img loading=\"lazy\" class=\"alignnone size-full wp-image-245455\" src=\"https:\/\/franciscanos.org.br\/noticias\/wp-content\/uploads\/2023\/11\/irmaos_1111_4.jpg\" alt=\"\" width=\"1280\" height=\"853\" srcset=\"https:\/\/franciscanos.org.br\/noticias\/wp-content\/uploads\/2023\/11\/irmaos_1111_4.jpg 1280w, https:\/\/franciscanos.org.br\/noticias\/wp-content\/uploads\/2023\/11\/irmaos_1111_4-450x300.jpg 450w, https:\/\/franciscanos.org.br\/noticias\/wp-content\/uploads\/2023\/11\/irmaos_1111_4-1024x682.jpg 1024w, https:\/\/franciscanos.org.br\/noticias\/wp-content\/uploads\/2023\/11\/irmaos_1111_4-768x512.jpg 768w, https:\/\/franciscanos.org.br\/noticias\/wp-content\/uploads\/2023\/11\/irmaos_1111_4-150x100.jpg 150w\" sizes=\"(max-width: 1280px) 100vw, 1280px\" \/><\/p>\n<p>\u00c0s 10 horas, os frades seguiram para Guaratinguet\u00e1, a terra de Frei Galv\u00e3o no Vale do Para\u00edba (SP), onde chegaram para o almo\u00e7o no Postulantado Frei Galv\u00e3o, quando foram recepcionados pelo guardi\u00e3o Frei Jo\u00e3o Francisco da Silva. Ali, puderam conhecer a estrutura da casa de forma\u00e7\u00e3o e o local que \u00e9 o Centro de Acolhida dos Romeiros que v\u00eam a Aparecida e Guaratinguet\u00e1, que atualmente est\u00e1 com tr\u00eas exposi\u00e7\u00f5es: uma Franciscana e vocacional, uma de pres\u00e9pios homenageando Greccio 800 anos e uma sobre os t\u00edtulos de Maria. Na sequ\u00eancia, os frades foram at\u00e9 o Santu\u00e1rio Frei Galv\u00e3o, onde est\u00e1 a nova Fraternidade da Prov\u00edncia da Imaculada, cuidando e divulgando do carisma franciscano. O passeio terminou no &#8220;colo da M\u00e3e de Deus&#8221;, em Aparecida, a Padroeira do Brasil.<\/p>\n<hr \/>\n<p><em>Moacir Beggo<\/em><\/p>\n","protected":false},"excerpt":{"rendered":"<p>1\u00ba Congresso de Irm\u00e3os Leigos da Confer\u00eancia Franciscana do Brasil e Cone Sul<\/p>\n","protected":false},"author":3,"featured_media":0,"comment_status":"open","ping_status":"open","sticky":false,"template":"","format":"standard","meta":[],"categories":[1],"tags":[2175],"acf":[],"yoast_head":"<!-- This site is optimized with the Yoast SEO plugin v19.2 - https:\/\/yoast.com\/wordpress\/plugins\/seo\/ -->\n<title>Ministro Provincial encerra o Congresso de Irm\u00e3os Leigos em S\u00e3o Paulo - Not\u00edcias - Franciscanos<\/title>\n<meta name=\"robots\" content=\"index, follow, max-snippet:-1, max-image-preview:large, max-video-preview:-1\" \/>\n<link rel=\"canonical\" href=\"https:\/\/franciscanos.org.br\/noticias\/ministro-provincial-encerra-o-congresso-de-irmaos-leigos-em-sao-paulo.html\" \/>\n<meta property=\"og:locale\" content=\"pt_BR\" \/>\n<meta property=\"og:type\" content=\"article\" \/>\n<meta property=\"og:title\" content=\"Ministro Provincial encerra o Congresso de Irm\u00e3os Leigos em S\u00e3o Paulo - Not\u00edcias - Franciscanos\" \/>\n<meta property=\"og:description\" content=\"1\u00ba Congresso de Irm\u00e3os Leigos da Confer\u00eancia Franciscana do Brasil e Cone Sul\" \/>\n<meta property=\"og:url\" content=\"https:\/\/franciscanos.org.br\/noticias\/ministro-provincial-encerra-o-congresso-de-irmaos-leigos-em-sao-paulo.html\" \/>\n<meta property=\"og:site_name\" content=\"Not\u00edcias - Franciscanos\" \/>\n<meta property=\"article:published_time\" content=\"2023-11-11T11:40:07+00:00\" \/>\n<meta property=\"article:modified_time\" content=\"2023-11-11T11:40:36+00:00\" \/>\n<meta property=\"og:image\" content=\"https:\/\/franciscanos.org.br\/noticias\/wp-content\/uploads\/2023\/11\/irmaos_11.jpg\" \/>\n<meta name=\"author\" content=\"moacir\" \/>\n<meta name=\"twitter:card\" content=\"summary_large_image\" \/>\n<meta name=\"twitter:label1\" content=\"Escrito por\" \/>\n\t<meta name=\"twitter:data1\" content=\"moacir\" \/>\n\t<meta name=\"twitter:label2\" content=\"Est. tempo de leitura\" \/>\n\t<meta name=\"twitter:data2\" content=\"4 minutos\" \/>\n<script type=\"application\/ld+json\" class=\"yoast-schema-graph\">{\"@context\":\"https:\/\/schema.org\",\"@graph\":[{\"@type\":\"WebSite\",\"@id\":\"https:\/\/franciscanos.org.br\/noticias\/#website\",\"url\":\"https:\/\/franciscanos.org.br\/noticias\/\",\"name\":\"Not\u00edcias - Franciscanos\",\"description\":\"Prov\u00edncia Franciscana da Imaculada Concei\u00e7\u00e3o do Brasil - Ordem dos Frades Menores - OFM\",\"potentialAction\":[{\"@type\":\"SearchAction\",\"target\":{\"@type\":\"EntryPoint\",\"urlTemplate\":\"https:\/\/franciscanos.org.br\/noticias\/?s={search_term_string}\"},\"query-input\":\"required name=search_term_string\"}],\"inLanguage\":\"pt-BR\"},{\"@type\":\"ImageObject\",\"inLanguage\":\"pt-BR\",\"@id\":\"https:\/\/franciscanos.org.br\/noticias\/ministro-provincial-encerra-o-congresso-de-irmaos-leigos-em-sao-paulo.html#primaryimage\",\"url\":\"https:\/\/franciscanos.org.br\/noticias\/wp-content\/uploads\/2023\/11\/irmaos_11.jpg\",\"contentUrl\":\"https:\/\/franciscanos.org.br\/noticias\/wp-content\/uploads\/2023\/11\/irmaos_11.jpg\",\"width\":1280,\"height\":720},{\"@type\":\"WebPage\",\"@id\":\"https:\/\/franciscanos.org.br\/noticias\/ministro-provincial-encerra-o-congresso-de-irmaos-leigos-em-sao-paulo.html#webpage\",\"url\":\"https:\/\/franciscanos.org.br\/noticias\/ministro-provincial-encerra-o-congresso-de-irmaos-leigos-em-sao-paulo.html\",\"name\":\"Ministro Provincial encerra o Congresso de Irm\u00e3os Leigos em S\u00e3o Paulo - Not\u00edcias - Franciscanos\",\"isPartOf\":{\"@id\":\"https:\/\/franciscanos.org.br\/noticias\/#website\"},\"primaryImageOfPage\":{\"@id\":\"https:\/\/franciscanos.org.br\/noticias\/ministro-provincial-encerra-o-congresso-de-irmaos-leigos-em-sao-paulo.html#primaryimage\"},\"datePublished\":\"2023-11-11T11:40:07+00:00\",\"dateModified\":\"2023-11-11T11:40:36+00:00\",\"author\":{\"@id\":\"https:\/\/franciscanos.org.br\/noticias\/#\/schema\/person\/b5c8cba458c330ccff548b056e95a5d4\"},\"breadcrumb\":{\"@id\":\"https:\/\/franciscanos.org.br\/noticias\/ministro-provincial-encerra-o-congresso-de-irmaos-leigos-em-sao-paulo.html#breadcrumb\"},\"inLanguage\":\"pt-BR\",\"potentialAction\":[{\"@type\":\"ReadAction\",\"target\":[\"https:\/\/franciscanos.org.br\/noticias\/ministro-provincial-encerra-o-congresso-de-irmaos-leigos-em-sao-paulo.html\"]}]},{\"@type\":\"BreadcrumbList\",\"@id\":\"https:\/\/franciscanos.org.br\/noticias\/ministro-provincial-encerra-o-congresso-de-irmaos-leigos-em-sao-paulo.html#breadcrumb\",\"itemListElement\":[{\"@type\":\"ListItem\",\"position\":1,\"name\":\"Home\",\"item\":\"https:\/\/franciscanos.org.br\/noticias\"},{\"@type\":\"ListItem\",\"position\":2,\"name\":\"Ministro Provincial encerra o Congresso de Irm\u00e3os Leigos em S\u00e3o Paulo\"}]},{\"@type\":\"Person\",\"@id\":\"https:\/\/franciscanos.org.br\/noticias\/#\/schema\/person\/b5c8cba458c330ccff548b056e95a5d4\",\"name\":\"moacir\",\"image\":{\"@type\":\"ImageObject\",\"inLanguage\":\"pt-BR\",\"@id\":\"https:\/\/franciscanos.org.br\/noticias\/#\/schema\/person\/image\/\",\"url\":\"https:\/\/secure.gravatar.com\/avatar\/d08aa2ce4c8dd416d4479aa8536fcf64?s=96&d=mm&r=g\",\"contentUrl\":\"https:\/\/secure.gravatar.com\/avatar\/d08aa2ce4c8dd416d4479aa8536fcf64?s=96&d=mm&r=g\",\"caption\":\"moacir\"},\"url\":\"https:\/\/franciscanos.org.br\/noticias\/author\/moacir\"}]}<\/script>\n<!-- \/ Yoast SEO plugin. -->","yoast_head_json":{"title":"Ministro Provincial encerra o Congresso de Irm\u00e3os Leigos em S\u00e3o Paulo - Not\u00edcias - Franciscanos","robots":{"index":"index","follow":"follow","max-snippet":"max-snippet:-1","max-image-preview":"max-image-preview:large","max-video-preview":"max-video-preview:-1"},"canonical":"https:\/\/franciscanos.org.br\/noticias\/ministro-provincial-encerra-o-congresso-de-irmaos-leigos-em-sao-paulo.html","og_locale":"pt_BR","og_type":"article","og_title":"Ministro Provincial encerra o Congresso de Irm\u00e3os Leigos em S\u00e3o Paulo - Not\u00edcias - Franciscanos","og_description":"1\u00ba Congresso de Irm\u00e3os Leigos da Confer\u00eancia Franciscana do Brasil e Cone Sul","og_url":"https:\/\/franciscanos.org.br\/noticias\/ministro-provincial-encerra-o-congresso-de-irmaos-leigos-em-sao-paulo.html","og_site_name":"Not\u00edcias - Franciscanos","article_published_time":"2023-11-11T11:40:07+00:00","article_modified_time":"2023-11-11T11:40:36+00:00","og_image":[{"url":"https:\/\/franciscanos.org.br\/noticias\/wp-content\/uploads\/2023\/11\/irmaos_11.jpg"}],"author":"moacir","twitter_card":"summary_large_image","twitter_misc":{"Escrito por":"moacir","Est. tempo de leitura":"4 minutos"},"schema":{"@context":"https:\/\/schema.org","@graph":[{"@type":"WebSite","@id":"https:\/\/franciscanos.org.br\/noticias\/#website","url":"https:\/\/franciscanos.org.br\/noticias\/","name":"Not\u00edcias - Franciscanos","description":"Prov\u00edncia Franciscana da Imaculada Concei\u00e7\u00e3o do Brasil - Ordem dos Frades Menores - OFM","potentialAction":[{"@type":"SearchAction","target":{"@type":"EntryPoint","urlTemplate":"https:\/\/franciscanos.org.br\/noticias\/?s={search_term_string}"},"query-input":"required name=search_term_string"}],"inLanguage":"pt-BR"},{"@type":"ImageObject","inLanguage":"pt-BR","@id":"https:\/\/franciscanos.org.br\/noticias\/ministro-provincial-encerra-o-congresso-de-irmaos-leigos-em-sao-paulo.html#primaryimage","url":"https:\/\/franciscanos.org.br\/noticias\/wp-content\/uploads\/2023\/11\/irmaos_11.jpg","contentUrl":"https:\/\/franciscanos.org.br\/noticias\/wp-content\/uploads\/2023\/11\/irmaos_11.jpg","width":1280,"height":720},{"@type":"WebPage","@id":"https:\/\/franciscanos.org.br\/noticias\/ministro-provincial-encerra-o-congresso-de-irmaos-leigos-em-sao-paulo.html#webpage","url":"https:\/\/franciscanos.org.br\/noticias\/ministro-provincial-encerra-o-congresso-de-irmaos-leigos-em-sao-paulo.html","name":"Ministro Provincial encerra o Congresso de Irm\u00e3os Leigos em S\u00e3o Paulo - Not\u00edcias - Franciscanos","isPartOf":{"@id":"https:\/\/franciscanos.org.br\/noticias\/#website"},"primaryImageOfPage":{"@id":"https:\/\/franciscanos.org.br\/noticias\/ministro-provincial-encerra-o-congresso-de-irmaos-leigos-em-sao-paulo.html#primaryimage"},"datePublished":"2023-11-11T11:40:07+00:00","dateModified":"2023-11-11T11:40:36+00:00","author":{"@id":"https:\/\/franciscanos.org.br\/noticias\/#\/schema\/person\/b5c8cba458c330ccff548b056e95a5d4"},"breadcrumb":{"@id":"https:\/\/franciscanos.org.br\/noticias\/ministro-provincial-encerra-o-congresso-de-irmaos-leigos-em-sao-paulo.html#breadcrumb"},"inLanguage":"pt-BR","potentialAction":[{"@type":"ReadAction","target":["https:\/\/franciscanos.org.br\/noticias\/ministro-provincial-encerra-o-congresso-de-irmaos-leigos-em-sao-paulo.html"]}]},{"@type":"BreadcrumbList","@id":"https:\/\/franciscanos.org.br\/noticias\/ministro-provincial-encerra-o-congresso-de-irmaos-leigos-em-sao-paulo.html#breadcrumb","itemListElement":[{"@type":"ListItem","position":1,"name":"Home","item":"https:\/\/franciscanos.org.br\/noticias"},{"@type":"ListItem","position":2,"name":"Ministro Provincial encerra o Congresso de Irm\u00e3os Leigos em S\u00e3o Paulo"}]},{"@type":"Person","@id":"https:\/\/franciscanos.org.br\/noticias\/#\/schema\/person\/b5c8cba458c330ccff548b056e95a5d4","name":"moacir","image":{"@type":"ImageObject","inLanguage":"pt-BR","@id":"https:\/\/franciscanos.org.br\/noticias\/#\/schema\/person\/image\/","url":"https:\/\/secure.gravatar.com\/avatar\/d08aa2ce4c8dd416d4479aa8536fcf64?s=96&d=mm&r=g","contentUrl":"https:\/\/secure.gravatar.com\/avatar\/d08aa2ce4c8dd416d4479aa8536fcf64?s=96&d=mm&r=g","caption":"moacir"},"url":"https:\/\/franciscanos.org.br\/noticias\/author\/moacir"}]}},"_links":{"self":[{"href":"https:\/\/franciscanos.org.br\/noticias\/wp-json\/wp\/v2\/posts\/245452"}],"collection":[{"href":"https:\/\/franciscanos.org.br\/noticias\/wp-json\/wp\/v2\/posts"}],"about":[{"href":"https:\/\/franciscanos.org.br\/noticias\/wp-json\/wp\/v2\/types\/post"}],"author":[{"embeddable":true,"href":"https:\/\/franciscanos.org.br\/noticias\/wp-json\/wp\/v2\/users\/3"}],"replies":[{"embeddable":true,"href":"https:\/\/franciscanos.org.br\/noticias\/wp-json\/wp\/v2\/comments?post=245452"}],"version-history":[{"count":2,"href":"https:\/\/franciscanos.org.br\/noticias\/wp-json\/wp\/v2\/posts\/245452\/revisions"}],"predecessor-version":[{"id":245460,"href":"https:\/\/franciscanos.org.br\/noticias\/wp-json\/wp\/v2\/posts\/245452\/revisions\/245460"}],"wp:attachment":[{"href":"https:\/\/franciscanos.org.br\/noticias\/wp-json\/wp\/v2\/media?parent=245452"}],"wp:term":[{"taxonomy":"category","embeddable":true,"href":"https:\/\/franciscanos.org.br\/noticias\/wp-json\/wp\/v2\/categories?post=245452"},{"taxonomy":"post_tag","embeddable":true,"href":"https:\/\/franciscanos.org.br\/noticias\/wp-json\/wp\/v2\/tags?post=245452"}],"curies":[{"name":"wp","href":"https:\/\/api.w.org\/{rel}","templated":true}]}}