{"id":245441,"date":"2023-11-09T20:21:51","date_gmt":"2023-11-09T23:21:51","guid":{"rendered":"https:\/\/franciscanos.org.br\/noticias\/?p=245441"},"modified":"2023-11-09T20:21:51","modified_gmt":"2023-11-09T23:21:51","slug":"frei-vanildo-o-grande-desafio-hoje-e-atualizar-a-intuicao-de-francisco-e-clara","status":"publish","type":"post","link":"https:\/\/franciscanos.org.br\/noticias\/frei-vanildo-o-grande-desafio-hoje-e-atualizar-a-intuicao-de-francisco-e-clara.html","title":{"rendered":"Frei Vanildo: &#8220;O grande desafio hoje \u00e9 atualizar a intui\u00e7\u00e3o de Francisco e Clara&#8221;"},"content":{"rendered":"<p><img loading=\"lazy\" class=\"alignnone size-full wp-image-245442\" src=\"https:\/\/franciscanos.org.br\/noticias\/wp-content\/uploads\/2023\/11\/quartoddia_01.jpg\" alt=\"\" width=\"1280\" height=\"720\" srcset=\"https:\/\/franciscanos.org.br\/noticias\/wp-content\/uploads\/2023\/11\/quartoddia_01.jpg 1280w, https:\/\/franciscanos.org.br\/noticias\/wp-content\/uploads\/2023\/11\/quartoddia_01-450x253.jpg 450w, https:\/\/franciscanos.org.br\/noticias\/wp-content\/uploads\/2023\/11\/quartoddia_01-1024x576.jpg 1024w, https:\/\/franciscanos.org.br\/noticias\/wp-content\/uploads\/2023\/11\/quartoddia_01-768x432.jpg 768w, https:\/\/franciscanos.org.br\/noticias\/wp-content\/uploads\/2023\/11\/quartoddia_01-150x84.jpg 150w\" sizes=\"(max-width: 1280px) 100vw, 1280px\" \/><\/p>\n<p><strong>\u00a0<\/strong><strong>S\u00e3o Paulo (SP) &#8211;<\/strong> O \u00faltimo trabalho do assessor Frei Vanildo Luiz Zugno, OFMCap, no 1\u00ba Congresso de Irm\u00e3os Leigos, nesta quinta-feira (09\/11), no Convento S\u00e3o Francisco, na regi\u00e3o central de S\u00e3o Paulo, mirou o carisma franciscano e, numa din\u00e2mica que envolveu todos os frades, levou-os a reescreverem a Regra Bulada, que est\u00e1 celebrando seu Jubileu de 800 anos em 2023, para os tempos atuais.<\/p>\n<p>&#8220;O grande desafio para n\u00f3s seguidores de Francisco e Clara hoje \u00e9 tentar, ou fazer o poss\u00edvel, para atualizar aquela intui\u00e7\u00e3o que eles tiveram no seu tempo&#8221;, ressaltou Frei Vanildo.<\/p>\n<p><img loading=\"lazy\" class=\"alignnone size-full wp-image-245443\" src=\"https:\/\/franciscanos.org.br\/noticias\/wp-content\/uploads\/2023\/11\/quartodia_03.jpg\" alt=\"\" width=\"1280\" height=\"853\" srcset=\"https:\/\/franciscanos.org.br\/noticias\/wp-content\/uploads\/2023\/11\/quartodia_03.jpg 1280w, https:\/\/franciscanos.org.br\/noticias\/wp-content\/uploads\/2023\/11\/quartodia_03-450x300.jpg 450w, https:\/\/franciscanos.org.br\/noticias\/wp-content\/uploads\/2023\/11\/quartodia_03-1024x682.jpg 1024w, https:\/\/franciscanos.org.br\/noticias\/wp-content\/uploads\/2023\/11\/quartodia_03-768x512.jpg 768w, https:\/\/franciscanos.org.br\/noticias\/wp-content\/uploads\/2023\/11\/quartodia_03-150x100.jpg 150w\" sizes=\"(max-width: 1280px) 100vw, 1280px\" \/><\/p>\n<p>&#8220;No seu tempo, Francisco e Clara resgataram a ess\u00eancia do Evangelho e tentaram viv\u00ea-la naquelas circunst\u00e2ncias t\u00e3o dif\u00edceis, tanto sociais como eclesiais, renovando a vida religiosa, renovando a Igreja e dando um novo vigor ao caminho do Evangelho. A festa que celebramos hoje, da Bas\u00edlica de Latr\u00e3o, para n\u00f3s, franciscanos, \u00e9 muito significativa temos um relato do sonho do Papa que viu Francisco sustentando a Igreja para que ela n\u00e3o ca\u00edsse&#8221;, situou o frade.<\/p>\n<p>&#8220;Hoje, n\u00f3s estamos em tempo de S\u00e3o Francisco de Assis e Santa Clara, mas estamos em tempo de Papa Francisco, que tamb\u00e9m nos chama a este desafio de atualizar o Evangelho, de fazer nova a Igreja para que ela possa, de fato, no mundo ser sinal de vida e esperan\u00e7a n\u00e3o s\u00f3 para os cat\u00f3licos, n\u00e3o s\u00f3 para os crist\u00e3os, mas para toda a humanidade. E o Papa Francisco est\u00e1 fazendo isso em tr\u00eas eixos: a sinodalidade, a <em>Fratelli tutti<\/em>, ou seja, somos todos irm\u00e3os e irm\u00e3s, e para que isso aconte\u00e7a precisamos de uma Igreja em sa\u00edda para o mundo e em di\u00e1logo com toda a cria\u00e7\u00e3o&#8221;, explicou.<\/p>\n<p><img loading=\"lazy\" class=\"alignnone size-full wp-image-245444\" src=\"https:\/\/franciscanos.org.br\/noticias\/wp-content\/uploads\/2023\/11\/quartodia_05.jpg\" alt=\"\" width=\"1280\" height=\"853\" srcset=\"https:\/\/franciscanos.org.br\/noticias\/wp-content\/uploads\/2023\/11\/quartodia_05.jpg 1280w, https:\/\/franciscanos.org.br\/noticias\/wp-content\/uploads\/2023\/11\/quartodia_05-450x300.jpg 450w, https:\/\/franciscanos.org.br\/noticias\/wp-content\/uploads\/2023\/11\/quartodia_05-1024x682.jpg 1024w, https:\/\/franciscanos.org.br\/noticias\/wp-content\/uploads\/2023\/11\/quartodia_05-768x512.jpg 768w, https:\/\/franciscanos.org.br\/noticias\/wp-content\/uploads\/2023\/11\/quartodia_05-150x100.jpg 150w\" sizes=\"(max-width: 1280px) 100vw, 1280px\" \/><\/p>\n<p><img loading=\"lazy\" class=\"alignnone size-full wp-image-245445\" src=\"https:\/\/franciscanos.org.br\/noticias\/wp-content\/uploads\/2023\/11\/quartodia_04.jpg\" alt=\"\" width=\"1280\" height=\"853\" srcset=\"https:\/\/franciscanos.org.br\/noticias\/wp-content\/uploads\/2023\/11\/quartodia_04.jpg 1280w, https:\/\/franciscanos.org.br\/noticias\/wp-content\/uploads\/2023\/11\/quartodia_04-450x300.jpg 450w, https:\/\/franciscanos.org.br\/noticias\/wp-content\/uploads\/2023\/11\/quartodia_04-1024x682.jpg 1024w, https:\/\/franciscanos.org.br\/noticias\/wp-content\/uploads\/2023\/11\/quartodia_04-768x512.jpg 768w, https:\/\/franciscanos.org.br\/noticias\/wp-content\/uploads\/2023\/11\/quartodia_04-150x100.jpg 150w\" sizes=\"(max-width: 1280px) 100vw, 1280px\" \/><\/p>\n<p>Segundo ele, a <em>Laudato Si&#8217;<\/em> \u00e9 esse chamado a vivermos n\u00e3o s\u00f3 entre os humanos, mas com todas as criaturas. &#8220;Ou seja, s\u00e3o grandes desafios para n\u00f3s. N\u00e3o \u00e9 f\u00e1cil fazer essa atualiza\u00e7\u00e3o. S\u00e3o Francisco, no seu tempo, escreveu a Regra, a primeira que foi um caminho de constru\u00e7\u00e3o e que culminou na Regra aprovada pela Igreja, a qual n\u00f3s estamos celebrando o Jubileu, a chamada Regra Bulada. N\u00f3s precisamos como que reescrever essa Regra para os dias de hoje, com novos temas, com novas situa\u00e7\u00f5es que Francisco sequer imaginava, mas que est\u00e3o a\u00ed e exige de n\u00f3s uma resposta nossa, que afirmamos ser seguidores de Francisco e Clara&#8221;, prop\u00f4s.<\/p>\n<p>Falando sobre o Congresso de Irm\u00e3os Leigos da nova Confer\u00eancia Franciscana do Brasil e do Cone Sul, disse que foram dias de intensas viv\u00eancias, de intensa alegria, de desafios e reflex\u00e3o.<\/p>\n<p><img loading=\"lazy\" class=\"alignnone size-full wp-image-245450\" src=\"https:\/\/franciscanos.org.br\/noticias\/wp-content\/uploads\/2023\/11\/quartodia_10.jpg\" alt=\"\" width=\"1280\" height=\"853\" srcset=\"https:\/\/franciscanos.org.br\/noticias\/wp-content\/uploads\/2023\/11\/quartodia_10.jpg 1280w, https:\/\/franciscanos.org.br\/noticias\/wp-content\/uploads\/2023\/11\/quartodia_10-450x300.jpg 450w, https:\/\/franciscanos.org.br\/noticias\/wp-content\/uploads\/2023\/11\/quartodia_10-1024x682.jpg 1024w, https:\/\/franciscanos.org.br\/noticias\/wp-content\/uploads\/2023\/11\/quartodia_10-768x512.jpg 768w, https:\/\/franciscanos.org.br\/noticias\/wp-content\/uploads\/2023\/11\/quartodia_10-150x100.jpg 150w\" sizes=\"(max-width: 1280px) 100vw, 1280px\" \/><\/p>\n<p>Para a anfitri\u00e3 deste Congresso, a Prov\u00edncia da Imaculada Concei\u00e7\u00e3o, &#8220;eu deixaria uma mensagem de esperan\u00e7a, de confian\u00e7a, de que quem leva adiante o carisma franciscano n\u00e3o somos n\u00f3s. \u00c9 a gra\u00e7a de Deus que Ele nos concedeu e da qual n\u00f3s somos receptores e testemunhas. Coloquemos nossa vida, nossa exist\u00eancia a servi\u00e7o desse carisma e, certamente, viveremos n\u00f3s a Paz e o Bem, que Francisco e Clara tanto anunciaram e que n\u00f3s somos convidados a anunciar a todo mundo. Paz e bem a todo irm\u00e3o e a todos e todas que nos acompanharam atrav\u00e9s dos v\u00e1rios meios de comunica\u00e7\u00e3o da Prov\u00edncia da Imaculada&#8221;, desejou.<\/p>\n<p><img loading=\"lazy\" class=\"alignnone size-full wp-image-245446\" src=\"https:\/\/franciscanos.org.br\/noticias\/wp-content\/uploads\/2023\/11\/quartodia_08.jpg\" alt=\"\" width=\"1280\" height=\"853\" srcset=\"https:\/\/franciscanos.org.br\/noticias\/wp-content\/uploads\/2023\/11\/quartodia_08.jpg 1280w, https:\/\/franciscanos.org.br\/noticias\/wp-content\/uploads\/2023\/11\/quartodia_08-450x300.jpg 450w, https:\/\/franciscanos.org.br\/noticias\/wp-content\/uploads\/2023\/11\/quartodia_08-1024x682.jpg 1024w, https:\/\/franciscanos.org.br\/noticias\/wp-content\/uploads\/2023\/11\/quartodia_08-768x512.jpg 768w, https:\/\/franciscanos.org.br\/noticias\/wp-content\/uploads\/2023\/11\/quartodia_08-150x100.jpg 150w\" sizes=\"(max-width: 1280px) 100vw, 1280px\" \/><\/p>\n<h3><strong>A SEGUNDA EXPERI\u00caNCIA DO SEFRAS <\/strong><\/h3>\n<p>A Ora\u00e7\u00e3o da Manh\u00e3, com o tema &#8220;V\u00e3o por todo o mundo e deem frutos em abund\u00e2ncia&#8221;, recordou a semente que Deus colocou em cada um como fermentos na terra. &#8220;O gesto do sinal \u00e9 pensar naquela semente que n\u00e3o tenho, isto \u00e9, qual seria essa semente que me falta para a constru\u00e7\u00e3o do Reino de Deus?&#8221;. Com uma caixinha contendo sementes, cada um dos frades as depositou no ch\u00e3o.<\/p>\n<p><img loading=\"lazy\" class=\"alignnone size-full wp-image-245447\" src=\"https:\/\/franciscanos.org.br\/noticias\/wp-content\/uploads\/2023\/11\/quartodia_07.jpg\" alt=\"\" width=\"1280\" height=\"853\" srcset=\"https:\/\/franciscanos.org.br\/noticias\/wp-content\/uploads\/2023\/11\/quartodia_07.jpg 1280w, https:\/\/franciscanos.org.br\/noticias\/wp-content\/uploads\/2023\/11\/quartodia_07-450x300.jpg 450w, https:\/\/franciscanos.org.br\/noticias\/wp-content\/uploads\/2023\/11\/quartodia_07-1024x682.jpg 1024w, https:\/\/franciscanos.org.br\/noticias\/wp-content\/uploads\/2023\/11\/quartodia_07-768x512.jpg 768w, https:\/\/franciscanos.org.br\/noticias\/wp-content\/uploads\/2023\/11\/quartodia_07-150x100.jpg 150w\" sizes=\"(max-width: 1280px) 100vw, 1280px\" \/><\/p>\n<p>A manh\u00e3 desta quinta-feira foi reservada para a segunda experi\u00eancia nos projetos do Servi\u00e7o Franciscano de Solidariedade (SEFRAS). Divididos em grupos, eles passaram a manh\u00e3 nos servi\u00e7os \u00e0 popula\u00e7\u00e3o de rua, ao projeto de reciclagem, o Recifran, e no servi\u00e7o aos idosos.<\/p>\n<p>No \u201cCh\u00e1 do Padre\u201d, os frades ajudaram a montar o sal\u00e3o para o almo\u00e7o e tamb\u00e9m participaram da distribui\u00e7\u00e3o dos alimentos.<\/p>\n<p><img loading=\"lazy\" class=\"alignnone size-full wp-image-245448\" src=\"https:\/\/franciscanos.org.br\/noticias\/wp-content\/uploads\/2023\/11\/quartodia_06.jpg\" alt=\"\" width=\"1280\" height=\"853\" srcset=\"https:\/\/franciscanos.org.br\/noticias\/wp-content\/uploads\/2023\/11\/quartodia_06.jpg 1280w, https:\/\/franciscanos.org.br\/noticias\/wp-content\/uploads\/2023\/11\/quartodia_06-450x300.jpg 450w, https:\/\/franciscanos.org.br\/noticias\/wp-content\/uploads\/2023\/11\/quartodia_06-1024x682.jpg 1024w, https:\/\/franciscanos.org.br\/noticias\/wp-content\/uploads\/2023\/11\/quartodia_06-768x512.jpg 768w, https:\/\/franciscanos.org.br\/noticias\/wp-content\/uploads\/2023\/11\/quartodia_06-150x100.jpg 150w\" sizes=\"(max-width: 1280px) 100vw, 1280px\" \/><\/p>\n<p>&#8220;Esta manh\u00e3 tive a gra\u00e7a de &#8220;sair ao encontro&#8221; dos irm\u00e3os e irm\u00e3s que se encontram em situa\u00e7\u00e3o de rua. Eu me encontrei com um no projeto t\u00e3o franciscano, t\u00e3o humano, t\u00e3o evang\u00e9lico, entre muitos outros servi\u00e7os que oferecem de comer de uma maneira digna. Foi um encontro t\u00e3o profundo com o &#8220;Jesus carente&#8221; que no rosto do necessitado, uma vez mais, me disse: &#8216;Tenho fome, d\u00e1-me de comer&#8217;; \u00e9 um convite a n\u00e3o me manter indiferente ao clamor dos filhos de Deus que n\u00e3o t\u00eam nada e que tamb\u00e9m s\u00e3o meus irm\u00e3os. Agrade\u00e7o aos meus irm\u00e3os da Prov\u00edncia da Imaculada Concei\u00e7\u00e3o que, junto a tantos volunt\u00e1rios, no projeto \u2018Ch\u00e1 do Padre\u2019 do SEFRAS atualizam hoje o Evangelho de Jesus&#8221;, disse Frei Arnold <strong>(foto acima)<\/strong>, da Prov\u00edncia da Assun\u00e7\u00e3o da Sant\u00edssima Virgem do Rio da Prata da Argentina e Paraguai.<\/p>\n<div id=\"attachment_245449\" style=\"width: 1290px\" class=\"wp-caption alignnone\"><img aria-describedby=\"caption-attachment-245449\" loading=\"lazy\" class=\"wp-image-245449 size-full\" src=\"https:\/\/franciscanos.org.br\/noticias\/wp-content\/uploads\/2023\/11\/quartodia_09.jpg\" alt=\"\" width=\"1280\" height=\"853\" srcset=\"https:\/\/franciscanos.org.br\/noticias\/wp-content\/uploads\/2023\/11\/quartodia_09.jpg 1280w, https:\/\/franciscanos.org.br\/noticias\/wp-content\/uploads\/2023\/11\/quartodia_09-450x300.jpg 450w, https:\/\/franciscanos.org.br\/noticias\/wp-content\/uploads\/2023\/11\/quartodia_09-1024x682.jpg 1024w, https:\/\/franciscanos.org.br\/noticias\/wp-content\/uploads\/2023\/11\/quartodia_09-768x512.jpg 768w, https:\/\/franciscanos.org.br\/noticias\/wp-content\/uploads\/2023\/11\/quartodia_09-150x100.jpg 150w\" sizes=\"(max-width: 1280px) 100vw, 1280px\" \/><p id=\"caption-attachment-245449\" class=\"wp-caption-text\"><em>Frei Tiago Gomes Elias deixou o almo\u00e7o do &#8216;Ch\u00e1 do Padre&#8217; mais alegre.<\/em><\/p><\/div>\n<p>Nesta sexta-feira, \u00e0s 8h15, os Irm\u00e3os Leigos celebram a Missa de encerramento do Congresso e, em seguida, seguem para Aparecida e Guaratinguet\u00e1, onde visitar\u00e3o a Bas\u00edlica de Nossa Senhora Aparecida e a terra do primeiro santo brasileiro, Frei Galv\u00e3o.<\/p>\n<hr \/>\n<p><em>Moacir Beggo<\/em><\/p>\n","protected":false},"excerpt":{"rendered":"<p>1\u00ba Congresso de Irm\u00e3os Leigos<\/p>\n","protected":false},"author":3,"featured_media":245442,"comment_status":"open","ping_status":"open","sticky":false,"template":"","format":"standard","meta":[],"categories":[1],"tags":[2175],"acf":[],"yoast_head":"<!-- This site is optimized with the Yoast SEO plugin v19.2 - https:\/\/yoast.com\/wordpress\/plugins\/seo\/ -->\n<title>Frei Vanildo: &quot;O grande desafio hoje \u00e9 atualizar a intui\u00e7\u00e3o de Francisco e Clara&quot; - Not\u00edcias - Franciscanos<\/title>\n<meta name=\"robots\" content=\"index, follow, max-snippet:-1, max-image-preview:large, max-video-preview:-1\" \/>\n<link rel=\"canonical\" href=\"https:\/\/franciscanos.org.br\/noticias\/frei-vanildo-o-grande-desafio-hoje-e-atualizar-a-intuicao-de-francisco-e-clara.html\" \/>\n<meta property=\"og:locale\" content=\"pt_BR\" \/>\n<meta property=\"og:type\" content=\"article\" \/>\n<meta property=\"og:title\" content=\"Frei Vanildo: &quot;O grande desafio hoje \u00e9 atualizar a intui\u00e7\u00e3o de Francisco e Clara&quot; - Not\u00edcias - Franciscanos\" \/>\n<meta property=\"og:description\" content=\"1\u00ba Congresso de Irm\u00e3os Leigos\" \/>\n<meta property=\"og:url\" content=\"https:\/\/franciscanos.org.br\/noticias\/frei-vanildo-o-grande-desafio-hoje-e-atualizar-a-intuicao-de-francisco-e-clara.html\" \/>\n<meta property=\"og:site_name\" content=\"Not\u00edcias - Franciscanos\" \/>\n<meta property=\"article:published_time\" content=\"2023-11-09T23:21:51+00:00\" \/>\n<meta property=\"og:image\" content=\"https:\/\/franciscanos.org.br\/noticias\/wp-content\/uploads\/2023\/11\/quartoddia_01.jpg\" \/>\n\t<meta property=\"og:image:width\" content=\"1280\" \/>\n\t<meta property=\"og:image:height\" content=\"720\" \/>\n\t<meta property=\"og:image:type\" content=\"image\/jpeg\" \/>\n<meta name=\"author\" content=\"moacir\" \/>\n<meta name=\"twitter:card\" content=\"summary_large_image\" \/>\n<meta name=\"twitter:label1\" content=\"Escrito por\" \/>\n\t<meta name=\"twitter:data1\" content=\"moacir\" \/>\n\t<meta name=\"twitter:label2\" content=\"Est. tempo de leitura\" \/>\n\t<meta name=\"twitter:data2\" content=\"5 minutos\" \/>\n<script type=\"application\/ld+json\" class=\"yoast-schema-graph\">{\"@context\":\"https:\/\/schema.org\",\"@graph\":[{\"@type\":\"WebSite\",\"@id\":\"https:\/\/franciscanos.org.br\/noticias\/#website\",\"url\":\"https:\/\/franciscanos.org.br\/noticias\/\",\"name\":\"Not\u00edcias - Franciscanos\",\"description\":\"Prov\u00edncia Franciscana da Imaculada Concei\u00e7\u00e3o do Brasil - Ordem dos Frades Menores - OFM\",\"potentialAction\":[{\"@type\":\"SearchAction\",\"target\":{\"@type\":\"EntryPoint\",\"urlTemplate\":\"https:\/\/franciscanos.org.br\/noticias\/?s={search_term_string}\"},\"query-input\":\"required name=search_term_string\"}],\"inLanguage\":\"pt-BR\"},{\"@type\":\"ImageObject\",\"inLanguage\":\"pt-BR\",\"@id\":\"https:\/\/franciscanos.org.br\/noticias\/frei-vanildo-o-grande-desafio-hoje-e-atualizar-a-intuicao-de-francisco-e-clara.html#primaryimage\",\"url\":\"https:\/\/franciscanos.org.br\/noticias\/wp-content\/uploads\/2023\/11\/quartoddia_01.jpg\",\"contentUrl\":\"https:\/\/franciscanos.org.br\/noticias\/wp-content\/uploads\/2023\/11\/quartoddia_01.jpg\",\"width\":1280,\"height\":720},{\"@type\":\"WebPage\",\"@id\":\"https:\/\/franciscanos.org.br\/noticias\/frei-vanildo-o-grande-desafio-hoje-e-atualizar-a-intuicao-de-francisco-e-clara.html#webpage\",\"url\":\"https:\/\/franciscanos.org.br\/noticias\/frei-vanildo-o-grande-desafio-hoje-e-atualizar-a-intuicao-de-francisco-e-clara.html\",\"name\":\"Frei Vanildo: \\\"O grande desafio hoje \u00e9 atualizar a intui\u00e7\u00e3o de Francisco e Clara\\\" - Not\u00edcias - Franciscanos\",\"isPartOf\":{\"@id\":\"https:\/\/franciscanos.org.br\/noticias\/#website\"},\"primaryImageOfPage\":{\"@id\":\"https:\/\/franciscanos.org.br\/noticias\/frei-vanildo-o-grande-desafio-hoje-e-atualizar-a-intuicao-de-francisco-e-clara.html#primaryimage\"},\"datePublished\":\"2023-11-09T23:21:51+00:00\",\"dateModified\":\"2023-11-09T23:21:51+00:00\",\"author\":{\"@id\":\"https:\/\/franciscanos.org.br\/noticias\/#\/schema\/person\/b5c8cba458c330ccff548b056e95a5d4\"},\"breadcrumb\":{\"@id\":\"https:\/\/franciscanos.org.br\/noticias\/frei-vanildo-o-grande-desafio-hoje-e-atualizar-a-intuicao-de-francisco-e-clara.html#breadcrumb\"},\"inLanguage\":\"pt-BR\",\"potentialAction\":[{\"@type\":\"ReadAction\",\"target\":[\"https:\/\/franciscanos.org.br\/noticias\/frei-vanildo-o-grande-desafio-hoje-e-atualizar-a-intuicao-de-francisco-e-clara.html\"]}]},{\"@type\":\"BreadcrumbList\",\"@id\":\"https:\/\/franciscanos.org.br\/noticias\/frei-vanildo-o-grande-desafio-hoje-e-atualizar-a-intuicao-de-francisco-e-clara.html#breadcrumb\",\"itemListElement\":[{\"@type\":\"ListItem\",\"position\":1,\"name\":\"Home\",\"item\":\"https:\/\/franciscanos.org.br\/noticias\"},{\"@type\":\"ListItem\",\"position\":2,\"name\":\"Frei Vanildo: &#8220;O grande desafio hoje \u00e9 atualizar a intui\u00e7\u00e3o de Francisco e Clara&#8221;\"}]},{\"@type\":\"Person\",\"@id\":\"https:\/\/franciscanos.org.br\/noticias\/#\/schema\/person\/b5c8cba458c330ccff548b056e95a5d4\",\"name\":\"moacir\",\"image\":{\"@type\":\"ImageObject\",\"inLanguage\":\"pt-BR\",\"@id\":\"https:\/\/franciscanos.org.br\/noticias\/#\/schema\/person\/image\/\",\"url\":\"https:\/\/secure.gravatar.com\/avatar\/d08aa2ce4c8dd416d4479aa8536fcf64?s=96&d=mm&r=g\",\"contentUrl\":\"https:\/\/secure.gravatar.com\/avatar\/d08aa2ce4c8dd416d4479aa8536fcf64?s=96&d=mm&r=g\",\"caption\":\"moacir\"},\"url\":\"https:\/\/franciscanos.org.br\/noticias\/author\/moacir\"}]}<\/script>\n<!-- \/ Yoast SEO plugin. -->","yoast_head_json":{"title":"Frei Vanildo: \"O grande desafio hoje \u00e9 atualizar a intui\u00e7\u00e3o de Francisco e Clara\" - Not\u00edcias - Franciscanos","robots":{"index":"index","follow":"follow","max-snippet":"max-snippet:-1","max-image-preview":"max-image-preview:large","max-video-preview":"max-video-preview:-1"},"canonical":"https:\/\/franciscanos.org.br\/noticias\/frei-vanildo-o-grande-desafio-hoje-e-atualizar-a-intuicao-de-francisco-e-clara.html","og_locale":"pt_BR","og_type":"article","og_title":"Frei Vanildo: \"O grande desafio hoje \u00e9 atualizar a intui\u00e7\u00e3o de Francisco e Clara\" - Not\u00edcias - Franciscanos","og_description":"1\u00ba Congresso de Irm\u00e3os Leigos","og_url":"https:\/\/franciscanos.org.br\/noticias\/frei-vanildo-o-grande-desafio-hoje-e-atualizar-a-intuicao-de-francisco-e-clara.html","og_site_name":"Not\u00edcias - Franciscanos","article_published_time":"2023-11-09T23:21:51+00:00","og_image":[{"width":1280,"height":720,"url":"https:\/\/franciscanos.org.br\/noticias\/wp-content\/uploads\/2023\/11\/quartoddia_01.jpg","type":"image\/jpeg"}],"author":"moacir","twitter_card":"summary_large_image","twitter_misc":{"Escrito por":"moacir","Est. tempo de leitura":"5 minutos"},"schema":{"@context":"https:\/\/schema.org","@graph":[{"@type":"WebSite","@id":"https:\/\/franciscanos.org.br\/noticias\/#website","url":"https:\/\/franciscanos.org.br\/noticias\/","name":"Not\u00edcias - Franciscanos","description":"Prov\u00edncia Franciscana da Imaculada Concei\u00e7\u00e3o do Brasil - Ordem dos Frades Menores - OFM","potentialAction":[{"@type":"SearchAction","target":{"@type":"EntryPoint","urlTemplate":"https:\/\/franciscanos.org.br\/noticias\/?s={search_term_string}"},"query-input":"required name=search_term_string"}],"inLanguage":"pt-BR"},{"@type":"ImageObject","inLanguage":"pt-BR","@id":"https:\/\/franciscanos.org.br\/noticias\/frei-vanildo-o-grande-desafio-hoje-e-atualizar-a-intuicao-de-francisco-e-clara.html#primaryimage","url":"https:\/\/franciscanos.org.br\/noticias\/wp-content\/uploads\/2023\/11\/quartoddia_01.jpg","contentUrl":"https:\/\/franciscanos.org.br\/noticias\/wp-content\/uploads\/2023\/11\/quartoddia_01.jpg","width":1280,"height":720},{"@type":"WebPage","@id":"https:\/\/franciscanos.org.br\/noticias\/frei-vanildo-o-grande-desafio-hoje-e-atualizar-a-intuicao-de-francisco-e-clara.html#webpage","url":"https:\/\/franciscanos.org.br\/noticias\/frei-vanildo-o-grande-desafio-hoje-e-atualizar-a-intuicao-de-francisco-e-clara.html","name":"Frei Vanildo: \"O grande desafio hoje \u00e9 atualizar a intui\u00e7\u00e3o de Francisco e Clara\" - Not\u00edcias - Franciscanos","isPartOf":{"@id":"https:\/\/franciscanos.org.br\/noticias\/#website"},"primaryImageOfPage":{"@id":"https:\/\/franciscanos.org.br\/noticias\/frei-vanildo-o-grande-desafio-hoje-e-atualizar-a-intuicao-de-francisco-e-clara.html#primaryimage"},"datePublished":"2023-11-09T23:21:51+00:00","dateModified":"2023-11-09T23:21:51+00:00","author":{"@id":"https:\/\/franciscanos.org.br\/noticias\/#\/schema\/person\/b5c8cba458c330ccff548b056e95a5d4"},"breadcrumb":{"@id":"https:\/\/franciscanos.org.br\/noticias\/frei-vanildo-o-grande-desafio-hoje-e-atualizar-a-intuicao-de-francisco-e-clara.html#breadcrumb"},"inLanguage":"pt-BR","potentialAction":[{"@type":"ReadAction","target":["https:\/\/franciscanos.org.br\/noticias\/frei-vanildo-o-grande-desafio-hoje-e-atualizar-a-intuicao-de-francisco-e-clara.html"]}]},{"@type":"BreadcrumbList","@id":"https:\/\/franciscanos.org.br\/noticias\/frei-vanildo-o-grande-desafio-hoje-e-atualizar-a-intuicao-de-francisco-e-clara.html#breadcrumb","itemListElement":[{"@type":"ListItem","position":1,"name":"Home","item":"https:\/\/franciscanos.org.br\/noticias"},{"@type":"ListItem","position":2,"name":"Frei Vanildo: &#8220;O grande desafio hoje \u00e9 atualizar a intui\u00e7\u00e3o de Francisco e Clara&#8221;"}]},{"@type":"Person","@id":"https:\/\/franciscanos.org.br\/noticias\/#\/schema\/person\/b5c8cba458c330ccff548b056e95a5d4","name":"moacir","image":{"@type":"ImageObject","inLanguage":"pt-BR","@id":"https:\/\/franciscanos.org.br\/noticias\/#\/schema\/person\/image\/","url":"https:\/\/secure.gravatar.com\/avatar\/d08aa2ce4c8dd416d4479aa8536fcf64?s=96&d=mm&r=g","contentUrl":"https:\/\/secure.gravatar.com\/avatar\/d08aa2ce4c8dd416d4479aa8536fcf64?s=96&d=mm&r=g","caption":"moacir"},"url":"https:\/\/franciscanos.org.br\/noticias\/author\/moacir"}]}},"_links":{"self":[{"href":"https:\/\/franciscanos.org.br\/noticias\/wp-json\/wp\/v2\/posts\/245441"}],"collection":[{"href":"https:\/\/franciscanos.org.br\/noticias\/wp-json\/wp\/v2\/posts"}],"about":[{"href":"https:\/\/franciscanos.org.br\/noticias\/wp-json\/wp\/v2\/types\/post"}],"author":[{"embeddable":true,"href":"https:\/\/franciscanos.org.br\/noticias\/wp-json\/wp\/v2\/users\/3"}],"replies":[{"embeddable":true,"href":"https:\/\/franciscanos.org.br\/noticias\/wp-json\/wp\/v2\/comments?post=245441"}],"version-history":[{"count":1,"href":"https:\/\/franciscanos.org.br\/noticias\/wp-json\/wp\/v2\/posts\/245441\/revisions"}],"predecessor-version":[{"id":245451,"href":"https:\/\/franciscanos.org.br\/noticias\/wp-json\/wp\/v2\/posts\/245441\/revisions\/245451"}],"wp:featuredmedia":[{"embeddable":true,"href":"https:\/\/franciscanos.org.br\/noticias\/wp-json\/wp\/v2\/media\/245442"}],"wp:attachment":[{"href":"https:\/\/franciscanos.org.br\/noticias\/wp-json\/wp\/v2\/media?parent=245441"}],"wp:term":[{"taxonomy":"category","embeddable":true,"href":"https:\/\/franciscanos.org.br\/noticias\/wp-json\/wp\/v2\/categories?post=245441"},{"taxonomy":"post_tag","embeddable":true,"href":"https:\/\/franciscanos.org.br\/noticias\/wp-json\/wp\/v2\/tags?post=245441"}],"curies":[{"name":"wp","href":"https:\/\/api.w.org\/{rel}","templated":true}]}}