{"id":245420,"date":"2023-11-08T19:13:48","date_gmt":"2023-11-08T22:13:48","guid":{"rendered":"https:\/\/franciscanos.org.br\/noticias\/?p=245420"},"modified":"2023-11-08T19:15:51","modified_gmt":"2023-11-08T22:15:51","slug":"mensagem-do-ministro-geral-e-tres-verbos-aproximar-escutar-e-discernir-norteiam-o-dia-dos-irmaos-leigos","status":"publish","type":"post","link":"https:\/\/franciscanos.org.br\/noticias\/mensagem-do-ministro-geral-e-tres-verbos-aproximar-escutar-e-discernir-norteiam-o-dia-dos-irmaos-leigos.html","title":{"rendered":"Mensagem do Ministro Geral e tr\u00eas verbos &#8211; aproximar, escutar e discernir &#8211; norteiam o dia dos Irm\u00e3os Leigos\u00a0"},"content":{"rendered":"<p><img loading=\"lazy\" class=\"alignnone size-full wp-image-245421\" src=\"https:\/\/franciscanos.org.br\/noticias\/wp-content\/uploads\/2023\/11\/terceirodia_01.jpg\" alt=\"\" width=\"1280\" height=\"720\" srcset=\"https:\/\/franciscanos.org.br\/noticias\/wp-content\/uploads\/2023\/11\/terceirodia_01.jpg 1280w, https:\/\/franciscanos.org.br\/noticias\/wp-content\/uploads\/2023\/11\/terceirodia_01-450x253.jpg 450w, https:\/\/franciscanos.org.br\/noticias\/wp-content\/uploads\/2023\/11\/terceirodia_01-1024x576.jpg 1024w, https:\/\/franciscanos.org.br\/noticias\/wp-content\/uploads\/2023\/11\/terceirodia_01-768x432.jpg 768w, https:\/\/franciscanos.org.br\/noticias\/wp-content\/uploads\/2023\/11\/terceirodia_01-150x84.jpg 150w\" sizes=\"(max-width: 1280px) 100vw, 1280px\" \/><\/p>\n<p><strong>\u00a0<\/strong><strong>S\u00e3o Paulo (SP)<\/strong> &#8211; A carta do Ministro Geral, Frei Massimo Fusarelli, nesta quarta-feira (08\/11) aos Irm\u00e3os Leigos, reunidos no 1\u00ba Congresso da Confer\u00eancia Franciscana do Brasil e Cone Sul, lembrou que este encontro \u00e9 o &#8220;primeiro daqueles que o Cap\u00edtulo Geral de 2021 solicitou para toda a Ordem dos Frades Menores&#8221;. O Ministro Geral agradeceu do &#8220;fundo do cora\u00e7\u00e3o&#8221; por abrirem o caminho, que &#8220;n\u00e3o \u00e9 f\u00e1cil para todos os irm\u00e3os do mundo aceitarem e promoverem. No entanto, ele \u00e9 necess\u00e1rio!&#8221; (veja a \u00edntegra abaixo).<\/p>\n<p><img loading=\"lazy\" class=\"alignnone size-full wp-image-245422\" src=\"https:\/\/franciscanos.org.br\/noticias\/wp-content\/uploads\/2023\/11\/terceirodia_03.jpg\" alt=\"\" width=\"1280\" height=\"853\" srcset=\"https:\/\/franciscanos.org.br\/noticias\/wp-content\/uploads\/2023\/11\/terceirodia_03.jpg 1280w, https:\/\/franciscanos.org.br\/noticias\/wp-content\/uploads\/2023\/11\/terceirodia_03-450x300.jpg 450w, https:\/\/franciscanos.org.br\/noticias\/wp-content\/uploads\/2023\/11\/terceirodia_03-1024x682.jpg 1024w, https:\/\/franciscanos.org.br\/noticias\/wp-content\/uploads\/2023\/11\/terceirodia_03-768x512.jpg 768w, https:\/\/franciscanos.org.br\/noticias\/wp-content\/uploads\/2023\/11\/terceirodia_03-150x100.jpg 150w\" sizes=\"(max-width: 1280px) 100vw, 1280px\" \/><\/p>\n<p>No Salao S\u00e3o D\u00e2maso, no Convento S\u00e3o Francisco, no centro de S\u00e3o Paulo, o assessor deste evento, Frei Vanildo Luiz Zugno, OFMCap, levou os frades a partilharem a experi\u00eancia de encontro que fizeram com os irm\u00e3os migrantes, refugiados, moradores de rua, crian\u00e7as e idosos do Servi\u00e7o Franciscano de Solidariedade. Mas o ponto forte do dia foi a reflex\u00e3o sobre sinodalidade, a partir de tr\u00eas verbos que foram colocados pelo Papa Francisco na homilia da abertura do S\u00ednodo. &#8220;Ele nos convida a aproximar, escutar e discernir. Tr\u00eas verbos que s\u00e3o muito significativos para n\u00f3s, irm\u00e3os franciscanos, que queremos seguir Jesus Cristo no caminho de Francisco de Assis&#8221;, indicou o frade.<\/p>\n<p><img loading=\"lazy\" class=\"alignnone size-full wp-image-245423\" src=\"https:\/\/franciscanos.org.br\/noticias\/wp-content\/uploads\/2023\/11\/terceirodia_04.jpg\" alt=\"\" width=\"1280\" height=\"853\" srcset=\"https:\/\/franciscanos.org.br\/noticias\/wp-content\/uploads\/2023\/11\/terceirodia_04.jpg 1280w, https:\/\/franciscanos.org.br\/noticias\/wp-content\/uploads\/2023\/11\/terceirodia_04-450x300.jpg 450w, https:\/\/franciscanos.org.br\/noticias\/wp-content\/uploads\/2023\/11\/terceirodia_04-1024x682.jpg 1024w, https:\/\/franciscanos.org.br\/noticias\/wp-content\/uploads\/2023\/11\/terceirodia_04-768x512.jpg 768w, https:\/\/franciscanos.org.br\/noticias\/wp-content\/uploads\/2023\/11\/terceirodia_04-150x100.jpg 150w\" sizes=\"(max-width: 1280px) 100vw, 1280px\" \/><\/p>\n<p><img loading=\"lazy\" class=\"alignnone size-full wp-image-245425\" src=\"https:\/\/franciscanos.org.br\/noticias\/wp-content\/uploads\/2023\/11\/terceirodia_05.jpg\" alt=\"\" width=\"1280\" height=\"853\" srcset=\"https:\/\/franciscanos.org.br\/noticias\/wp-content\/uploads\/2023\/11\/terceirodia_05.jpg 1280w, https:\/\/franciscanos.org.br\/noticias\/wp-content\/uploads\/2023\/11\/terceirodia_05-450x300.jpg 450w, https:\/\/franciscanos.org.br\/noticias\/wp-content\/uploads\/2023\/11\/terceirodia_05-1024x682.jpg 1024w, https:\/\/franciscanos.org.br\/noticias\/wp-content\/uploads\/2023\/11\/terceirodia_05-768x512.jpg 768w, https:\/\/franciscanos.org.br\/noticias\/wp-content\/uploads\/2023\/11\/terceirodia_05-150x100.jpg 150w\" sizes=\"(max-width: 1280px) 100vw, 1280px\" \/><\/p>\n<p>O dia, contudo, come\u00e7ou com a Ora\u00e7\u00e3o da Manh\u00e3, com o tema &#8220;Cristo, \u00fanica fonte de miseric\u00f3rdia&#8221;: &#8220;Irm\u00e3os, hoje \u00e9 tempo de pedir perd\u00e3o ao Senhor pelas vezes que, atrav\u00e9s das nossas a\u00e7\u00f5es, ferimos de v\u00e1rias maneiras o carisma franciscano e, neste caso, o pr\u00f3prio Senhor&#8221;, rezaram. Esse gesto foi feito pelos frades escrevendo num peda\u00e7o de papel quando n\u00e3o foram fi\u00e9is ao que prometeram a Deus. No centro da capela, ao lado quadro da Regra de Vida dos Frades Menores, uma imagem de S\u00e3o Francisco e uma vela acesa, foi colocado um vaso para depositar o papel queimado com o que estava escrito.<\/p>\n<p>Frei Vanildo explicou que <strong>aproximar<\/strong> \u00e9 sair da nossa zona de conforto, de tranquilidade, e ir ao encontro daquelas pessoas que a\u00ed est\u00e3o da nossa sociedade e das quais ningu\u00e9m se aproxima. &#8220;Todo mundo passa ao lado, passa ao longe, desvia o olhar. Fazendo aquilo que Francisco de Assis fez em seu tempo. Eram os leprosos que eram jogados para fora da cidade, e todo mundo passava longe deles. E at\u00e9 colocavam uma sinetinha no leproso para que todos soubessem que ali estava e ningu\u00e9m se aproximasse dele. Francisco faz exatamente o contr\u00e1rio. Ele desce do cavalo, se aproxima e beija o leproso&#8221;, recordou.<\/p>\n<p><img loading=\"lazy\" class=\"alignnone size-full wp-image-245426\" src=\"https:\/\/franciscanos.org.br\/noticias\/wp-content\/uploads\/2023\/11\/terceirodia_07.jpg\" alt=\"\" width=\"1280\" height=\"853\" srcset=\"https:\/\/franciscanos.org.br\/noticias\/wp-content\/uploads\/2023\/11\/terceirodia_07.jpg 1280w, https:\/\/franciscanos.org.br\/noticias\/wp-content\/uploads\/2023\/11\/terceirodia_07-450x300.jpg 450w, https:\/\/franciscanos.org.br\/noticias\/wp-content\/uploads\/2023\/11\/terceirodia_07-1024x682.jpg 1024w, https:\/\/franciscanos.org.br\/noticias\/wp-content\/uploads\/2023\/11\/terceirodia_07-768x512.jpg 768w, https:\/\/franciscanos.org.br\/noticias\/wp-content\/uploads\/2023\/11\/terceirodia_07-150x100.jpg 150w\" sizes=\"(max-width: 1280px) 100vw, 1280px\" \/><\/p>\n<p>Para o assessor, hoje, nas nossas cidades, nossas estradas, no campo, h\u00e1 muitas pessoas das quais a sociedade evita olhar, evita se aproximar. &#8220;E a elas somos convidados a ir ao encontro, n\u00f3s, irm\u00e3os franciscanos, e toda a Igreja, porque isso n\u00e3o \u00e9 s\u00f3 para franciscanos e para irm\u00e3os leigos. E para toda Igreja e para todo crist\u00e3o. Porque esse foi o caminho que o pr\u00f3prio filho de Deus escolheu. Ele escolheu aproximar-se da humanidade, fazer-se humano, ele sentiu a nossa dor e sofrimento e veio ao nosso encontro&#8221;, disse Frei Vanildo.<\/p>\n<p>&#8220;E <strong>escutar<\/strong> n\u00e3o apenas com o ouvido. O que o Papa Francisco nos convida \u00e9 escutar com o cora\u00e7\u00e3o. \u00c9 um jeito diferente de escutar, n\u00e3o escutar buscando alguns m\u00e9todos, mas escutando o cora\u00e7\u00e3o do outro, compadecendo, sofrendo junto com o outro o seu sofrimento. N\u00e3o o nosso. Hoje existe muito aproximar-se para satisfazer-se a minha consci\u00eancia que se sente culpada diante de tantas pessoas que sofrem. N\u00e3o sou eu o centro. O outro \u00e9 o centro. E a par\u00e1bola do samaritano \u00e9 muito eloquente quando o jovem chega e pergunta para Jesus com o interesse da pr\u00f3pria salva\u00e7\u00e3o e Jesus diz: olha n\u00e3o pode buscar a pr\u00f3pria salva\u00e7\u00e3o. A gente tem se preocupar com salva\u00e7\u00e3o daquele que est\u00e1 ca\u00eddo \u00e0 beira do caminho&#8221;, acrescentou.<\/p>\n<p><img loading=\"lazy\" class=\"alignnone size-full wp-image-245427\" src=\"https:\/\/franciscanos.org.br\/noticias\/wp-content\/uploads\/2023\/11\/terceirodia_08.jpg\" alt=\"\" width=\"1280\" height=\"853\" srcset=\"https:\/\/franciscanos.org.br\/noticias\/wp-content\/uploads\/2023\/11\/terceirodia_08.jpg 1280w, https:\/\/franciscanos.org.br\/noticias\/wp-content\/uploads\/2023\/11\/terceirodia_08-450x300.jpg 450w, https:\/\/franciscanos.org.br\/noticias\/wp-content\/uploads\/2023\/11\/terceirodia_08-1024x682.jpg 1024w, https:\/\/franciscanos.org.br\/noticias\/wp-content\/uploads\/2023\/11\/terceirodia_08-768x512.jpg 768w, https:\/\/franciscanos.org.br\/noticias\/wp-content\/uploads\/2023\/11\/terceirodia_08-150x100.jpg 150w\" sizes=\"(max-width: 1280px) 100vw, 1280px\" \/><\/p>\n<p>Segundo Frei Vanildo, ter o cora\u00e7\u00e3o aberto para escutar o sentimento do sofrimento do outro e <strong>discernir<\/strong> qual \u00e9 o melhor caminho, qual \u00e9 o melhor modo de fazer isso. &#8220;H\u00e1 muitas solu\u00e7\u00f5es para os problemas que temos hoje na sociedade e \u00e9 preciso ter os olhos bem abertos, o cora\u00e7\u00e3o aberto e a mente aberta em muitas dimens\u00f5es. \u00c0s vezes, a dimens\u00e3o mais espiritual, perguntando-nos: o que Deus quer de mim hoje? E a\u00ed a Palavra de Deus \u00e9 a grande luz que pode nos ajudar nesse discernimento. A ora\u00e7\u00e3o \u00e9 outra grande luz que pode nos ajudar nesse discernimento&#8221;, explicou sobre o terceiro verbo.<\/p>\n<p>E ele ensinou: &#8220;Nunca podemos decidir sozinhos. Sempre quando vamos buscar uma decis\u00e3o, vamos nos colocar sob o olhar de Deus, vamos escutar o que Ele tem a nos dizer e a ora\u00e7\u00e3o \u00e9 o melhor caminho. \u00c9 o que sempre S\u00e3o Francisco fazia. Antes de qualquer decis\u00e3o, ele tomava um tempo para a ora\u00e7\u00e3o. \u00c9 o que o pr\u00f3prio Jesus fazia, quando ele sentia que era preciso buscar um caminho, ele se retirava para rezar em sil\u00eancio. A Palavra de Deus, a ora\u00e7\u00e3o e tamb\u00e9m a habilidade que Deus nos d\u00e1: a ci\u00eancia, o conhecimento, n\u00e3o podemos fazer as coisas \u00e0s cegas, achando que n\u00f3s sabemos tudo. Se tem uma pessoa doente, eu n\u00e3o sou m\u00e9dico, tenho que buscar algu\u00e9m que conhe\u00e7a a medicina. Se \u00e9 um problema jur\u00eddico, eu n\u00e3o sou advogado, eu n\u00e3o posso orientar se eu n\u00e3o tenho conhecimento legal. E assim em todos os \u00e2mbitos do conhecimento n\u00f3s precisamos buscar as luzes tamb\u00e9m da ci\u00eancia, principalmente buscar juntos. N\u00f3s n\u00e3o podemos achar que temos a solu\u00e7\u00e3o para tudo. Somos convidados sempre agir em comunidade, agir em Igreja, e agir como sociedade&#8221;.<\/p>\n<p><img loading=\"lazy\" class=\"alignnone size-full wp-image-245428\" src=\"https:\/\/franciscanos.org.br\/noticias\/wp-content\/uploads\/2023\/11\/terceirodia_09.jpg\" alt=\"\" width=\"1280\" height=\"853\" srcset=\"https:\/\/franciscanos.org.br\/noticias\/wp-content\/uploads\/2023\/11\/terceirodia_09.jpg 1280w, https:\/\/franciscanos.org.br\/noticias\/wp-content\/uploads\/2023\/11\/terceirodia_09-450x300.jpg 450w, https:\/\/franciscanos.org.br\/noticias\/wp-content\/uploads\/2023\/11\/terceirodia_09-1024x682.jpg 1024w, https:\/\/franciscanos.org.br\/noticias\/wp-content\/uploads\/2023\/11\/terceirodia_09-768x512.jpg 768w, https:\/\/franciscanos.org.br\/noticias\/wp-content\/uploads\/2023\/11\/terceirodia_09-150x100.jpg 150w\" sizes=\"(max-width: 1280px) 100vw, 1280px\" \/><\/p>\n<p><img loading=\"lazy\" class=\"alignnone size-full wp-image-245429\" src=\"https:\/\/franciscanos.org.br\/noticias\/wp-content\/uploads\/2023\/11\/terceirodia_11.jpg\" alt=\"\" width=\"1280\" height=\"853\" srcset=\"https:\/\/franciscanos.org.br\/noticias\/wp-content\/uploads\/2023\/11\/terceirodia_11.jpg 1280w, https:\/\/franciscanos.org.br\/noticias\/wp-content\/uploads\/2023\/11\/terceirodia_11-450x300.jpg 450w, https:\/\/franciscanos.org.br\/noticias\/wp-content\/uploads\/2023\/11\/terceirodia_11-1024x682.jpg 1024w, https:\/\/franciscanos.org.br\/noticias\/wp-content\/uploads\/2023\/11\/terceirodia_11-768x512.jpg 768w, https:\/\/franciscanos.org.br\/noticias\/wp-content\/uploads\/2023\/11\/terceirodia_11-150x100.jpg 150w\" sizes=\"(max-width: 1280px) 100vw, 1280px\" \/><\/p>\n<p>&#8220;Esses tr\u00eas verbos <strong>&#8211; aproximar, escutar e discernir<\/strong> &#8211; s\u00e3o palavras orientadoras do nosso agir e do nosso ser como irm\u00e3os, como frades e como crist\u00e3os&#8221;, concluiu Frei Vanildo.<\/p>\n<p>p\u00c0 tarde, Frei Vanildo ilustrou toda a reflex\u00e3o a partir dos textos franciscanos. Segundo ele, minoridade \u00e9 condi\u00e7\u00e3o para a fraternidade. &#8220;S\u00f3 quem vive a minoridade \u00e9 capaz de rela\u00e7\u00f5es fraternas&#8221;, lembrou.<\/p>\n<p>Nesse clima sinodal, os frades se encontraram na Noite Cultural, que agora tem uma diversidade maior com a amplia\u00e7\u00e3o da Confer\u00eancia. De regi\u00f5es e pa\u00edses, os frades compartilharam um pouco de sua cultura, de suas tradi\u00e7\u00f5es e costumes.<\/p>\n<p>Nesta quinta-feira, os frades voltam, de manh\u00e3, \u00e0 experi\u00eancia nos trabalhos do Servi\u00e7o Franciscano de Solidariedade e Frei Vanildo faz a sua \u00faltima reflex\u00e3o com os frades, levando-os a redigirem a Regra de Vida dos Frades Menores no contexto atual.<\/p>\n<p><img loading=\"lazy\" class=\"alignnone size-full wp-image-245430\" src=\"https:\/\/franciscanos.org.br\/noticias\/wp-content\/uploads\/2023\/11\/terceirodia_02.jpg\" alt=\"\" width=\"1280\" height=\"737\" srcset=\"https:\/\/franciscanos.org.br\/noticias\/wp-content\/uploads\/2023\/11\/terceirodia_02.jpg 1280w, https:\/\/franciscanos.org.br\/noticias\/wp-content\/uploads\/2023\/11\/terceirodia_02-450x259.jpg 450w, https:\/\/franciscanos.org.br\/noticias\/wp-content\/uploads\/2023\/11\/terceirodia_02-1024x590.jpg 1024w, https:\/\/franciscanos.org.br\/noticias\/wp-content\/uploads\/2023\/11\/terceirodia_02-768x442.jpg 768w, https:\/\/franciscanos.org.br\/noticias\/wp-content\/uploads\/2023\/11\/terceirodia_02-150x86.jpg 150w\" sizes=\"(max-width: 1280px) 100vw, 1280px\" \/><\/p>\n<hr \/>\n<h3><strong>\u00cdNTEGRA DA CARTA DO MINISTRO GERAL<\/strong><\/h3>\n<p><em>Ao Congresso de Irm\u00e3os Leigos da Confer\u00eancia Brasil-Cone Sul<\/em><br \/>\n<em>Roma, 8 de novembro de 2023<\/em><\/p>\n<p>Caros irm\u00e3os,<\/p>\n<p>que o Senhor lhes d\u00ea paz!<\/p>\n<p>Junto-me com alegria no encontro de voc\u00eas, que \u00e9 o primeiro daqueles que o Cap\u00edtulo Geral de 2021 solicitou para toda a Ordem. Agrade\u00e7o do fundo do cora\u00e7\u00e3o por abrirem o caminho, que n\u00e3o \u00e9 f\u00e1cil para todos os irm\u00e3os do mundo aceitarem e promoverem. No entanto, ele \u00e9 necess\u00e1rio! Por qu\u00ea?<\/p>\n<p>Tento compartilh\u00e1-lo com voc\u00eas.<\/p>\n<ol>\n<li>O encontro de irm\u00e3os religiosos \u00e9 vital para a fraternidade da Ordem, antes de tudo como uma mem\u00f3ria carism\u00e1tica. A nossa identidade fundamental \u00e9 a de sermos irm\u00e3os e menores: foi assim que recebemos o dom de viver o Evangelho e de anunci\u00e1-lo. Esta voca\u00e7\u00e3o \u00e9 aquilo que nos une e nos identifica como frades menores. A todos, e antes que um ou outro minist\u00e9rio. Convido-os a aprofundar isto.<\/li>\n<\/ol>\n<ol start=\"2\">\n<li>O encontro dos irm\u00e3os leigos \u00e9 importante para recordar a dimens\u00e3o laical da nossa vida evang\u00e9lica. N\u00e3o \u00e9 primordialmente o minist\u00e9rio ordenado, com a sua dimens\u00e3o de &#8220;separa\u00e7\u00e3o&#8221; e de sagrado, que nos define, mas sim a vida como tal, em contato com tudo o que \u00e9 humano, amando-a e aprendendo com isso. Aqui amadurece a abertura evang\u00e9lica para o que \u00e9 humano, incluindo a dimens\u00e3o do trabalho, a presen\u00e7a entre e com as pessoas, a corresponsabilidade com as mulheres e os homens do nosso tempo para as quest\u00f5es mais vitais de hoje, entre as quais a paz, a justi\u00e7a e o cuidado com a casa comum.<\/li>\n<\/ol>\n<ol start=\"3\">\n<li>O encontro dos religiosos irm\u00e3os e aquilo que frutificar nele pode ajudar a todos n\u00f3s a alcan\u00e7ar um contato renovado com a vida religiosa como tal, sem &#8220;acr\u00e9scimos&#8221;.<\/li>\n<\/ol>\n<p>Precisamos disto tamb\u00e9m para que n\u00f3s, os irm\u00e3os presb\u00edteros, consigamos viver duas voca\u00e7\u00f5es que permanecem diferentes e que devem aprender a viver em uma tens\u00e3o din\u00e2mica e criativa. Assim, precisamos uns dos outros para crescer na mesma voca\u00e7\u00e3o.<\/p>\n<p style=\"padding-left: 40px;\">Caros irm\u00e3os,<\/p>\n<p>Recomendo a voc\u00eas abrir um espa\u00e7o de escuta, de partilha, de olhar aberto, para ouvir o que o Esp\u00edrito est\u00e1 dizendo hoje \u00e0 Igreja e \u00e0 nossa fraternidade.<\/p>\n<p>Pe\u00e7o a voc\u00eas a ousadia de olhar com coragem o presente e o futuro, para que possamos viver a nossa vida com alegria e aud\u00e1cia.<\/p>\n<p>Convido voc\u00eas a testemunharem a gra\u00e7a de um caminho simples de Frades Menores, gasto na busca do Senhor, na fraternidade, como menores e pobres, capazes de caminhar entre e com os pequenos e os pobres de hoje, na miss\u00e3o de anunciar o Evangelho.<\/p>\n<p>Que o Senhor os acompanhe nesse caminho e proteja a todos n\u00f3s!<\/p>\n<p>Sa\u00fado-os fraternalmente com a B\u00ean\u00e7\u00e3o de S\u00e3o Francisco.<\/p>\n<p style=\"padding-left: 40px;\"><strong>Frei Massimo Fusarelli, ofm<\/strong><\/p>\n<p style=\"padding-left: 40px;\"><em>Ministro Geral<\/em><\/p>\n<hr \/>\n<p><em>Moacir Beggo<\/em><\/p>\n","protected":false},"excerpt":{"rendered":"<p>1\u00ba Congresso de Irm\u00e3os Leigos<\/p>\n","protected":false},"author":3,"featured_media":245421,"comment_status":"open","ping_status":"open","sticky":false,"template":"","format":"standard","meta":[],"categories":[1],"tags":[2175],"acf":[],"yoast_head":"<!-- This site is optimized with the Yoast SEO plugin v19.2 - https:\/\/yoast.com\/wordpress\/plugins\/seo\/ -->\n<title>Mensagem do Ministro Geral e tr\u00eas verbos - aproximar, escutar e discernir - norteiam o dia dos Irm\u00e3os Leigos\u00a0 - Not\u00edcias - Franciscanos<\/title>\n<meta name=\"robots\" content=\"index, follow, max-snippet:-1, max-image-preview:large, max-video-preview:-1\" \/>\n<link rel=\"canonical\" href=\"https:\/\/franciscanos.org.br\/noticias\/mensagem-do-ministro-geral-e-tres-verbos-aproximar-escutar-e-discernir-norteiam-o-dia-dos-irmaos-leigos.html\" \/>\n<meta property=\"og:locale\" content=\"pt_BR\" \/>\n<meta property=\"og:type\" content=\"article\" \/>\n<meta property=\"og:title\" content=\"Mensagem do Ministro Geral e tr\u00eas verbos - aproximar, escutar e discernir - norteiam o dia dos Irm\u00e3os Leigos\u00a0 - Not\u00edcias - Franciscanos\" \/>\n<meta property=\"og:description\" content=\"1\u00ba Congresso de Irm\u00e3os Leigos\" \/>\n<meta property=\"og:url\" content=\"https:\/\/franciscanos.org.br\/noticias\/mensagem-do-ministro-geral-e-tres-verbos-aproximar-escutar-e-discernir-norteiam-o-dia-dos-irmaos-leigos.html\" \/>\n<meta property=\"og:site_name\" content=\"Not\u00edcias - Franciscanos\" \/>\n<meta property=\"article:published_time\" content=\"2023-11-08T22:13:48+00:00\" \/>\n<meta property=\"article:modified_time\" content=\"2023-11-08T22:15:51+00:00\" \/>\n<meta property=\"og:image\" content=\"https:\/\/franciscanos.org.br\/noticias\/wp-content\/uploads\/2023\/11\/terceirodia_01.jpg\" \/>\n\t<meta property=\"og:image:width\" content=\"1280\" \/>\n\t<meta property=\"og:image:height\" content=\"720\" \/>\n\t<meta property=\"og:image:type\" content=\"image\/jpeg\" \/>\n<meta name=\"author\" content=\"moacir\" \/>\n<meta name=\"twitter:card\" content=\"summary_large_image\" \/>\n<meta name=\"twitter:label1\" content=\"Escrito por\" \/>\n\t<meta name=\"twitter:data1\" content=\"moacir\" \/>\n\t<meta name=\"twitter:label2\" content=\"Est. tempo de leitura\" \/>\n\t<meta name=\"twitter:data2\" content=\"8 minutos\" \/>\n<script type=\"application\/ld+json\" class=\"yoast-schema-graph\">{\"@context\":\"https:\/\/schema.org\",\"@graph\":[{\"@type\":\"WebSite\",\"@id\":\"https:\/\/franciscanos.org.br\/noticias\/#website\",\"url\":\"https:\/\/franciscanos.org.br\/noticias\/\",\"name\":\"Not\u00edcias - Franciscanos\",\"description\":\"Prov\u00edncia Franciscana da Imaculada Concei\u00e7\u00e3o do Brasil - Ordem dos Frades Menores - OFM\",\"potentialAction\":[{\"@type\":\"SearchAction\",\"target\":{\"@type\":\"EntryPoint\",\"urlTemplate\":\"https:\/\/franciscanos.org.br\/noticias\/?s={search_term_string}\"},\"query-input\":\"required name=search_term_string\"}],\"inLanguage\":\"pt-BR\"},{\"@type\":\"ImageObject\",\"inLanguage\":\"pt-BR\",\"@id\":\"https:\/\/franciscanos.org.br\/noticias\/mensagem-do-ministro-geral-e-tres-verbos-aproximar-escutar-e-discernir-norteiam-o-dia-dos-irmaos-leigos.html#primaryimage\",\"url\":\"https:\/\/franciscanos.org.br\/noticias\/wp-content\/uploads\/2023\/11\/terceirodia_01.jpg\",\"contentUrl\":\"https:\/\/franciscanos.org.br\/noticias\/wp-content\/uploads\/2023\/11\/terceirodia_01.jpg\",\"width\":1280,\"height\":720},{\"@type\":\"WebPage\",\"@id\":\"https:\/\/franciscanos.org.br\/noticias\/mensagem-do-ministro-geral-e-tres-verbos-aproximar-escutar-e-discernir-norteiam-o-dia-dos-irmaos-leigos.html#webpage\",\"url\":\"https:\/\/franciscanos.org.br\/noticias\/mensagem-do-ministro-geral-e-tres-verbos-aproximar-escutar-e-discernir-norteiam-o-dia-dos-irmaos-leigos.html\",\"name\":\"Mensagem do Ministro Geral e tr\u00eas verbos - aproximar, escutar e discernir - norteiam o dia dos Irm\u00e3os Leigos\u00a0 - Not\u00edcias - Franciscanos\",\"isPartOf\":{\"@id\":\"https:\/\/franciscanos.org.br\/noticias\/#website\"},\"primaryImageOfPage\":{\"@id\":\"https:\/\/franciscanos.org.br\/noticias\/mensagem-do-ministro-geral-e-tres-verbos-aproximar-escutar-e-discernir-norteiam-o-dia-dos-irmaos-leigos.html#primaryimage\"},\"datePublished\":\"2023-11-08T22:13:48+00:00\",\"dateModified\":\"2023-11-08T22:15:51+00:00\",\"author\":{\"@id\":\"https:\/\/franciscanos.org.br\/noticias\/#\/schema\/person\/b5c8cba458c330ccff548b056e95a5d4\"},\"breadcrumb\":{\"@id\":\"https:\/\/franciscanos.org.br\/noticias\/mensagem-do-ministro-geral-e-tres-verbos-aproximar-escutar-e-discernir-norteiam-o-dia-dos-irmaos-leigos.html#breadcrumb\"},\"inLanguage\":\"pt-BR\",\"potentialAction\":[{\"@type\":\"ReadAction\",\"target\":[\"https:\/\/franciscanos.org.br\/noticias\/mensagem-do-ministro-geral-e-tres-verbos-aproximar-escutar-e-discernir-norteiam-o-dia-dos-irmaos-leigos.html\"]}]},{\"@type\":\"BreadcrumbList\",\"@id\":\"https:\/\/franciscanos.org.br\/noticias\/mensagem-do-ministro-geral-e-tres-verbos-aproximar-escutar-e-discernir-norteiam-o-dia-dos-irmaos-leigos.html#breadcrumb\",\"itemListElement\":[{\"@type\":\"ListItem\",\"position\":1,\"name\":\"Home\",\"item\":\"https:\/\/franciscanos.org.br\/noticias\"},{\"@type\":\"ListItem\",\"position\":2,\"name\":\"Mensagem do Ministro Geral e tr\u00eas verbos &#8211; aproximar, escutar e discernir &#8211; norteiam o dia dos Irm\u00e3os Leigos\u00a0\"}]},{\"@type\":\"Person\",\"@id\":\"https:\/\/franciscanos.org.br\/noticias\/#\/schema\/person\/b5c8cba458c330ccff548b056e95a5d4\",\"name\":\"moacir\",\"image\":{\"@type\":\"ImageObject\",\"inLanguage\":\"pt-BR\",\"@id\":\"https:\/\/franciscanos.org.br\/noticias\/#\/schema\/person\/image\/\",\"url\":\"https:\/\/secure.gravatar.com\/avatar\/d08aa2ce4c8dd416d4479aa8536fcf64?s=96&d=mm&r=g\",\"contentUrl\":\"https:\/\/secure.gravatar.com\/avatar\/d08aa2ce4c8dd416d4479aa8536fcf64?s=96&d=mm&r=g\",\"caption\":\"moacir\"},\"url\":\"https:\/\/franciscanos.org.br\/noticias\/author\/moacir\"}]}<\/script>\n<!-- \/ Yoast SEO plugin. -->","yoast_head_json":{"title":"Mensagem do Ministro Geral e tr\u00eas verbos - aproximar, escutar e discernir - norteiam o dia dos Irm\u00e3os Leigos\u00a0 - Not\u00edcias - Franciscanos","robots":{"index":"index","follow":"follow","max-snippet":"max-snippet:-1","max-image-preview":"max-image-preview:large","max-video-preview":"max-video-preview:-1"},"canonical":"https:\/\/franciscanos.org.br\/noticias\/mensagem-do-ministro-geral-e-tres-verbos-aproximar-escutar-e-discernir-norteiam-o-dia-dos-irmaos-leigos.html","og_locale":"pt_BR","og_type":"article","og_title":"Mensagem do Ministro Geral e tr\u00eas verbos - aproximar, escutar e discernir - norteiam o dia dos Irm\u00e3os Leigos\u00a0 - Not\u00edcias - Franciscanos","og_description":"1\u00ba Congresso de Irm\u00e3os Leigos","og_url":"https:\/\/franciscanos.org.br\/noticias\/mensagem-do-ministro-geral-e-tres-verbos-aproximar-escutar-e-discernir-norteiam-o-dia-dos-irmaos-leigos.html","og_site_name":"Not\u00edcias - Franciscanos","article_published_time":"2023-11-08T22:13:48+00:00","article_modified_time":"2023-11-08T22:15:51+00:00","og_image":[{"width":1280,"height":720,"url":"https:\/\/franciscanos.org.br\/noticias\/wp-content\/uploads\/2023\/11\/terceirodia_01.jpg","type":"image\/jpeg"}],"author":"moacir","twitter_card":"summary_large_image","twitter_misc":{"Escrito por":"moacir","Est. tempo de leitura":"8 minutos"},"schema":{"@context":"https:\/\/schema.org","@graph":[{"@type":"WebSite","@id":"https:\/\/franciscanos.org.br\/noticias\/#website","url":"https:\/\/franciscanos.org.br\/noticias\/","name":"Not\u00edcias - Franciscanos","description":"Prov\u00edncia Franciscana da Imaculada Concei\u00e7\u00e3o do Brasil - Ordem dos Frades Menores - OFM","potentialAction":[{"@type":"SearchAction","target":{"@type":"EntryPoint","urlTemplate":"https:\/\/franciscanos.org.br\/noticias\/?s={search_term_string}"},"query-input":"required name=search_term_string"}],"inLanguage":"pt-BR"},{"@type":"ImageObject","inLanguage":"pt-BR","@id":"https:\/\/franciscanos.org.br\/noticias\/mensagem-do-ministro-geral-e-tres-verbos-aproximar-escutar-e-discernir-norteiam-o-dia-dos-irmaos-leigos.html#primaryimage","url":"https:\/\/franciscanos.org.br\/noticias\/wp-content\/uploads\/2023\/11\/terceirodia_01.jpg","contentUrl":"https:\/\/franciscanos.org.br\/noticias\/wp-content\/uploads\/2023\/11\/terceirodia_01.jpg","width":1280,"height":720},{"@type":"WebPage","@id":"https:\/\/franciscanos.org.br\/noticias\/mensagem-do-ministro-geral-e-tres-verbos-aproximar-escutar-e-discernir-norteiam-o-dia-dos-irmaos-leigos.html#webpage","url":"https:\/\/franciscanos.org.br\/noticias\/mensagem-do-ministro-geral-e-tres-verbos-aproximar-escutar-e-discernir-norteiam-o-dia-dos-irmaos-leigos.html","name":"Mensagem do Ministro Geral e tr\u00eas verbos - aproximar, escutar e discernir - norteiam o dia dos Irm\u00e3os Leigos\u00a0 - Not\u00edcias - Franciscanos","isPartOf":{"@id":"https:\/\/franciscanos.org.br\/noticias\/#website"},"primaryImageOfPage":{"@id":"https:\/\/franciscanos.org.br\/noticias\/mensagem-do-ministro-geral-e-tres-verbos-aproximar-escutar-e-discernir-norteiam-o-dia-dos-irmaos-leigos.html#primaryimage"},"datePublished":"2023-11-08T22:13:48+00:00","dateModified":"2023-11-08T22:15:51+00:00","author":{"@id":"https:\/\/franciscanos.org.br\/noticias\/#\/schema\/person\/b5c8cba458c330ccff548b056e95a5d4"},"breadcrumb":{"@id":"https:\/\/franciscanos.org.br\/noticias\/mensagem-do-ministro-geral-e-tres-verbos-aproximar-escutar-e-discernir-norteiam-o-dia-dos-irmaos-leigos.html#breadcrumb"},"inLanguage":"pt-BR","potentialAction":[{"@type":"ReadAction","target":["https:\/\/franciscanos.org.br\/noticias\/mensagem-do-ministro-geral-e-tres-verbos-aproximar-escutar-e-discernir-norteiam-o-dia-dos-irmaos-leigos.html"]}]},{"@type":"BreadcrumbList","@id":"https:\/\/franciscanos.org.br\/noticias\/mensagem-do-ministro-geral-e-tres-verbos-aproximar-escutar-e-discernir-norteiam-o-dia-dos-irmaos-leigos.html#breadcrumb","itemListElement":[{"@type":"ListItem","position":1,"name":"Home","item":"https:\/\/franciscanos.org.br\/noticias"},{"@type":"ListItem","position":2,"name":"Mensagem do Ministro Geral e tr\u00eas verbos &#8211; aproximar, escutar e discernir &#8211; norteiam o dia dos Irm\u00e3os Leigos\u00a0"}]},{"@type":"Person","@id":"https:\/\/franciscanos.org.br\/noticias\/#\/schema\/person\/b5c8cba458c330ccff548b056e95a5d4","name":"moacir","image":{"@type":"ImageObject","inLanguage":"pt-BR","@id":"https:\/\/franciscanos.org.br\/noticias\/#\/schema\/person\/image\/","url":"https:\/\/secure.gravatar.com\/avatar\/d08aa2ce4c8dd416d4479aa8536fcf64?s=96&d=mm&r=g","contentUrl":"https:\/\/secure.gravatar.com\/avatar\/d08aa2ce4c8dd416d4479aa8536fcf64?s=96&d=mm&r=g","caption":"moacir"},"url":"https:\/\/franciscanos.org.br\/noticias\/author\/moacir"}]}},"_links":{"self":[{"href":"https:\/\/franciscanos.org.br\/noticias\/wp-json\/wp\/v2\/posts\/245420"}],"collection":[{"href":"https:\/\/franciscanos.org.br\/noticias\/wp-json\/wp\/v2\/posts"}],"about":[{"href":"https:\/\/franciscanos.org.br\/noticias\/wp-json\/wp\/v2\/types\/post"}],"author":[{"embeddable":true,"href":"https:\/\/franciscanos.org.br\/noticias\/wp-json\/wp\/v2\/users\/3"}],"replies":[{"embeddable":true,"href":"https:\/\/franciscanos.org.br\/noticias\/wp-json\/wp\/v2\/comments?post=245420"}],"version-history":[{"count":3,"href":"https:\/\/franciscanos.org.br\/noticias\/wp-json\/wp\/v2\/posts\/245420\/revisions"}],"predecessor-version":[{"id":245433,"href":"https:\/\/franciscanos.org.br\/noticias\/wp-json\/wp\/v2\/posts\/245420\/revisions\/245433"}],"wp:featuredmedia":[{"embeddable":true,"href":"https:\/\/franciscanos.org.br\/noticias\/wp-json\/wp\/v2\/media\/245421"}],"wp:attachment":[{"href":"https:\/\/franciscanos.org.br\/noticias\/wp-json\/wp\/v2\/media?parent=245420"}],"wp:term":[{"taxonomy":"category","embeddable":true,"href":"https:\/\/franciscanos.org.br\/noticias\/wp-json\/wp\/v2\/categories?post=245420"},{"taxonomy":"post_tag","embeddable":true,"href":"https:\/\/franciscanos.org.br\/noticias\/wp-json\/wp\/v2\/tags?post=245420"}],"curies":[{"name":"wp","href":"https:\/\/api.w.org\/{rel}","templated":true}]}}