{"id":245417,"date":"2023-11-08T06:57:03","date_gmt":"2023-11-08T09:57:03","guid":{"rendered":"https:\/\/franciscanos.org.br\/noticias\/?p=245417"},"modified":"2023-11-08T06:57:03","modified_gmt":"2023-11-08T09:57:03","slug":"papa-o-equilibrio-de-um-cristao-esta-no-impulso-de-caridade","status":"publish","type":"post","link":"https:\/\/franciscanos.org.br\/noticias\/papa-o-equilibrio-de-um-cristao-esta-no-impulso-de-caridade.html","title":{"rendered":"Papa: o equil\u00edbrio de um crist\u00e3o est\u00e1 no impulso de caridade"},"content":{"rendered":"<div id=\"attachment_245418\" style=\"width: 1510px\" class=\"wp-caption alignnone\"><img aria-describedby=\"caption-attachment-245418\" loading=\"lazy\" class=\"wp-image-245418 size-full\" src=\"https:\/\/franciscanos.org.br\/noticias\/wp-content\/uploads\/2023\/11\/audiencia_08.jpeg\" alt=\"\" width=\"1500\" height=\"844\" srcset=\"https:\/\/franciscanos.org.br\/noticias\/wp-content\/uploads\/2023\/11\/audiencia_08.jpeg 1500w, https:\/\/franciscanos.org.br\/noticias\/wp-content\/uploads\/2023\/11\/audiencia_08-450x253.jpeg 450w, https:\/\/franciscanos.org.br\/noticias\/wp-content\/uploads\/2023\/11\/audiencia_08-1024x576.jpeg 1024w, https:\/\/franciscanos.org.br\/noticias\/wp-content\/uploads\/2023\/11\/audiencia_08-768x432.jpeg 768w, https:\/\/franciscanos.org.br\/noticias\/wp-content\/uploads\/2023\/11\/audiencia_08-150x84.jpeg 150w\" sizes=\"(max-width: 1500px) 100vw, 1500px\" \/><p id=\"caption-attachment-245418\" class=\"wp-caption-text\"><em>Imagem: Vatican Media<\/em><\/p><\/div>\n<p>Na catequese da Audi\u00eancia Geral, desta quarta-feira (08\/11), realizada na Pra\u00e7a S\u00e3o Pedro, o Papa Francisco falou sobre uma mulher francesa do s\u00e9culo XX: a vener\u00e1vel serva de Deus Madeleine Delbr\u00eal.<\/p>\n<p>Madeleine nasceu em 1904 e faleceu em 1964. &#8220;Foi assistente social, escritora e m\u00edstica, e viveu por mais de trinta anos na periferia pobre e oper\u00e1ria de Paris&#8221;, frisou o Papa em sua catequese. Deslumbrada com o encontro com o Senhor, ela escreveu: \u201cUma vez conhecida a palavra de Deus, n\u00e3o temos o direito de n\u00e3o a receber; uma vez recebida, n\u00e3o temos o direito de n\u00e3o a deixar encarnar em n\u00f3s, uma vez encarnada em n\u00f3s, n\u00e3o temos o direito de a guardar para n\u00f3s: a partir desse momento pertencemos \u00e0queles que a esperam\u201d.<\/p>\n<p>&#8220;Depois de uma adolesc\u00eancia vivida no agnosticismo, Madeleine conheceu o Senhor por volta dos vinte anos, impressionada pelo testemunho de alguns amigos. Ela ent\u00e3o sai em busca de Deus, dando voz a uma sede profunda que sentia dentro de si, e chega a compreender que aquele \u201cvazio que gritava dentro dela a sua ang\u00fastia\u201d era Deus que a procurava&#8221;, disse ainda o Papa.<\/p>\n<p>&#8220;A alegria da f\u00e9 leva-a a desenvolver uma op\u00e7\u00e3o de vida inteiramente entregue a Deus, no cora\u00e7\u00e3o da Igreja e no cora\u00e7\u00e3o do mundo, simplesmente partilhando em fraternidade a vida das &#8216;pessoas das ruas'&#8221;, sublinhou Francisco, acrescentando:<\/p>\n<p>Dirigindo-se poeticamente a Jesus, escreve: \u201cPara estar contigo no Teu caminho, \u00e9 preciso ir, mesmo quando a nossa pregui\u00e7a nos implora para ficar. Tu nos escolheste para permanecermos num estranho equil\u00edbrio, um equil\u00edbrio que pode ser estabelecido e mantido s\u00f3 em movimento, s\u00f3 num impulso. Um pouco como uma bicicleta, que n\u00e3o se segura sem girar [&#8230;] S\u00f3 nos mantemos em p\u00e9 avan\u00e7ando, movendo-nos, num impulso de caridade\u201d. \u00c9 o que ela chama de \u201cespiritualidade da bicicleta\u201d. Somente a caminho, na pista, vivemos no equil\u00edbrio da f\u00e9 que \u00e9 um desequil\u00edbrio, mas \u00e9 assim, como a bicicleta, se voc\u00ea para, cai.<\/p>\n<p>Segundo o Papa, Madeleine &#8220;tinha o cora\u00e7\u00e3o sempre em sa\u00edda, e se deixa desafiar pelo grito dos pobres. Ela sentia que o Deus Vivo do Evangelho deveria arder dentro de n\u00f3s at\u00e9 que levemos o seu nome \u00e0queles que ainda n\u00e3o o tenham encontrado&#8221;.<\/p>\n<p>Nesse esp\u00edrito, voltada para as convuls\u00f5es do mundo e para o grito dos pobres, Madeleine sente-se chamada a \u201cviver integralmente e ao p\u00e9 da letra o amor de Jesus, desde o azeite do Bom Samaritano at\u00e9 o vinagre do Calv\u00e1rio, dando-lhe assim amor por amor [&#8230;] para que, amando-o sem reservas e deixando-nos amar at\u00e9 ao fim, os dois grandes mandamentos da caridade se encarnem em n\u00f3s e n\u00e3o fa\u00e7am mais do que um\u201d.<\/p>\n<p>Madeleine Delbr\u00eal nos ensina ainda outra coisa: que evangelizando somos evangelizados. Por isso dizia, fazendo eco a S\u00e3o Paulo: \u201cai de mim, se eu n\u00e3o anunciar o Evangelho!\u201d. &#8220;Evangelizar evangeliza uma pessoa e esta \u00e9 uma doutrina bonita&#8221;, sublinhou Francisco.<\/p>\n<p>Olhando para este testemunho do Evangelho, tamb\u00e9m n\u00f3s aprendemos que em cada situa\u00e7\u00e3o e circunst\u00e2ncia pessoal ou social da nossa vida, o Senhor est\u00e1 presente e nos chama a viver o nosso tempo, a partilhar a vida dos outros, a misturar-nos nas alegrias e tristezas do mundo. Em particular, nos ensina que mesmo os ambientes secularizados nos ajudam \u00e0 convers\u00e3o, porque os contatos com os n\u00e3o-crentes provocam o crente a rever continuamente o seu modo de crer e a redescobrir a f\u00e9 na sua essencialidade.<\/p>\n<p>&#8220;Que Madeleine Delbr\u00eal nos ensine a viver esta f\u00e9 \u201cem movimento\u201d, por assim dizer, esta f\u00e9 fecunda de que cada ato de f\u00e9 se torne um ato de caridade no an\u00fancio do Evangelho&#8221;, concluiu o Papa.<\/p>\n<hr \/>\n<p><em>Fonte: Vatican News (texto de Mariangela Jaguraba)<\/em><\/p>\n","protected":false},"excerpt":{"rendered":"<p>Audi\u00eancia Geral<\/p>\n","protected":false},"author":3,"featured_media":245418,"comment_status":"open","ping_status":"open","sticky":false,"template":"","format":"standard","meta":[],"categories":[1428],"tags":[487],"acf":[],"yoast_head":"<!-- This site is optimized with the Yoast SEO plugin v19.2 - https:\/\/yoast.com\/wordpress\/plugins\/seo\/ -->\n<title>Papa: o equil\u00edbrio de um crist\u00e3o est\u00e1 no impulso de caridade - Not\u00edcias - Franciscanos<\/title>\n<meta name=\"robots\" content=\"index, follow, max-snippet:-1, max-image-preview:large, max-video-preview:-1\" \/>\n<link rel=\"canonical\" href=\"https:\/\/franciscanos.org.br\/noticias\/papa-o-equilibrio-de-um-cristao-esta-no-impulso-de-caridade.html\" \/>\n<meta property=\"og:locale\" content=\"pt_BR\" \/>\n<meta property=\"og:type\" content=\"article\" \/>\n<meta property=\"og:title\" content=\"Papa: o equil\u00edbrio de um crist\u00e3o est\u00e1 no impulso de caridade - Not\u00edcias - Franciscanos\" \/>\n<meta property=\"og:description\" content=\"Audi\u00eancia Geral\" \/>\n<meta property=\"og:url\" content=\"https:\/\/franciscanos.org.br\/noticias\/papa-o-equilibrio-de-um-cristao-esta-no-impulso-de-caridade.html\" \/>\n<meta property=\"og:site_name\" content=\"Not\u00edcias - Franciscanos\" \/>\n<meta property=\"article:published_time\" content=\"2023-11-08T09:57:03+00:00\" \/>\n<meta property=\"og:image\" content=\"https:\/\/franciscanos.org.br\/noticias\/wp-content\/uploads\/2023\/11\/audiencia_08.jpeg\" \/>\n\t<meta property=\"og:image:width\" content=\"1500\" \/>\n\t<meta property=\"og:image:height\" content=\"844\" \/>\n\t<meta property=\"og:image:type\" content=\"image\/jpeg\" \/>\n<meta name=\"author\" content=\"moacir\" \/>\n<meta name=\"twitter:card\" content=\"summary_large_image\" \/>\n<meta name=\"twitter:label1\" content=\"Escrito por\" \/>\n\t<meta name=\"twitter:data1\" content=\"moacir\" \/>\n\t<meta name=\"twitter:label2\" content=\"Est. tempo de leitura\" \/>\n\t<meta name=\"twitter:data2\" content=\"3 minutos\" \/>\n<script type=\"application\/ld+json\" class=\"yoast-schema-graph\">{\"@context\":\"https:\/\/schema.org\",\"@graph\":[{\"@type\":\"WebSite\",\"@id\":\"https:\/\/franciscanos.org.br\/noticias\/#website\",\"url\":\"https:\/\/franciscanos.org.br\/noticias\/\",\"name\":\"Not\u00edcias - Franciscanos\",\"description\":\"Prov\u00edncia Franciscana da Imaculada Concei\u00e7\u00e3o do Brasil - Ordem dos Frades Menores - OFM\",\"potentialAction\":[{\"@type\":\"SearchAction\",\"target\":{\"@type\":\"EntryPoint\",\"urlTemplate\":\"https:\/\/franciscanos.org.br\/noticias\/?s={search_term_string}\"},\"query-input\":\"required name=search_term_string\"}],\"inLanguage\":\"pt-BR\"},{\"@type\":\"ImageObject\",\"inLanguage\":\"pt-BR\",\"@id\":\"https:\/\/franciscanos.org.br\/noticias\/papa-o-equilibrio-de-um-cristao-esta-no-impulso-de-caridade.html#primaryimage\",\"url\":\"https:\/\/franciscanos.org.br\/noticias\/wp-content\/uploads\/2023\/11\/audiencia_08.jpeg\",\"contentUrl\":\"https:\/\/franciscanos.org.br\/noticias\/wp-content\/uploads\/2023\/11\/audiencia_08.jpeg\",\"width\":1500,\"height\":844},{\"@type\":\"WebPage\",\"@id\":\"https:\/\/franciscanos.org.br\/noticias\/papa-o-equilibrio-de-um-cristao-esta-no-impulso-de-caridade.html#webpage\",\"url\":\"https:\/\/franciscanos.org.br\/noticias\/papa-o-equilibrio-de-um-cristao-esta-no-impulso-de-caridade.html\",\"name\":\"Papa: o equil\u00edbrio de um crist\u00e3o est\u00e1 no impulso de caridade - Not\u00edcias - Franciscanos\",\"isPartOf\":{\"@id\":\"https:\/\/franciscanos.org.br\/noticias\/#website\"},\"primaryImageOfPage\":{\"@id\":\"https:\/\/franciscanos.org.br\/noticias\/papa-o-equilibrio-de-um-cristao-esta-no-impulso-de-caridade.html#primaryimage\"},\"datePublished\":\"2023-11-08T09:57:03+00:00\",\"dateModified\":\"2023-11-08T09:57:03+00:00\",\"author\":{\"@id\":\"https:\/\/franciscanos.org.br\/noticias\/#\/schema\/person\/b5c8cba458c330ccff548b056e95a5d4\"},\"breadcrumb\":{\"@id\":\"https:\/\/franciscanos.org.br\/noticias\/papa-o-equilibrio-de-um-cristao-esta-no-impulso-de-caridade.html#breadcrumb\"},\"inLanguage\":\"pt-BR\",\"potentialAction\":[{\"@type\":\"ReadAction\",\"target\":[\"https:\/\/franciscanos.org.br\/noticias\/papa-o-equilibrio-de-um-cristao-esta-no-impulso-de-caridade.html\"]}]},{\"@type\":\"BreadcrumbList\",\"@id\":\"https:\/\/franciscanos.org.br\/noticias\/papa-o-equilibrio-de-um-cristao-esta-no-impulso-de-caridade.html#breadcrumb\",\"itemListElement\":[{\"@type\":\"ListItem\",\"position\":1,\"name\":\"Home\",\"item\":\"https:\/\/franciscanos.org.br\/noticias\"},{\"@type\":\"ListItem\",\"position\":2,\"name\":\"Papa: o equil\u00edbrio de um crist\u00e3o est\u00e1 no impulso de caridade\"}]},{\"@type\":\"Person\",\"@id\":\"https:\/\/franciscanos.org.br\/noticias\/#\/schema\/person\/b5c8cba458c330ccff548b056e95a5d4\",\"name\":\"moacir\",\"image\":{\"@type\":\"ImageObject\",\"inLanguage\":\"pt-BR\",\"@id\":\"https:\/\/franciscanos.org.br\/noticias\/#\/schema\/person\/image\/\",\"url\":\"https:\/\/secure.gravatar.com\/avatar\/d08aa2ce4c8dd416d4479aa8536fcf64?s=96&d=mm&r=g\",\"contentUrl\":\"https:\/\/secure.gravatar.com\/avatar\/d08aa2ce4c8dd416d4479aa8536fcf64?s=96&d=mm&r=g\",\"caption\":\"moacir\"},\"url\":\"https:\/\/franciscanos.org.br\/noticias\/author\/moacir\"}]}<\/script>\n<!-- \/ Yoast SEO plugin. -->","yoast_head_json":{"title":"Papa: o equil\u00edbrio de um crist\u00e3o est\u00e1 no impulso de caridade - Not\u00edcias - Franciscanos","robots":{"index":"index","follow":"follow","max-snippet":"max-snippet:-1","max-image-preview":"max-image-preview:large","max-video-preview":"max-video-preview:-1"},"canonical":"https:\/\/franciscanos.org.br\/noticias\/papa-o-equilibrio-de-um-cristao-esta-no-impulso-de-caridade.html","og_locale":"pt_BR","og_type":"article","og_title":"Papa: o equil\u00edbrio de um crist\u00e3o est\u00e1 no impulso de caridade - Not\u00edcias - Franciscanos","og_description":"Audi\u00eancia Geral","og_url":"https:\/\/franciscanos.org.br\/noticias\/papa-o-equilibrio-de-um-cristao-esta-no-impulso-de-caridade.html","og_site_name":"Not\u00edcias - Franciscanos","article_published_time":"2023-11-08T09:57:03+00:00","og_image":[{"width":1500,"height":844,"url":"https:\/\/franciscanos.org.br\/noticias\/wp-content\/uploads\/2023\/11\/audiencia_08.jpeg","type":"image\/jpeg"}],"author":"moacir","twitter_card":"summary_large_image","twitter_misc":{"Escrito por":"moacir","Est. tempo de leitura":"3 minutos"},"schema":{"@context":"https:\/\/schema.org","@graph":[{"@type":"WebSite","@id":"https:\/\/franciscanos.org.br\/noticias\/#website","url":"https:\/\/franciscanos.org.br\/noticias\/","name":"Not\u00edcias - Franciscanos","description":"Prov\u00edncia Franciscana da Imaculada Concei\u00e7\u00e3o do Brasil - Ordem dos Frades Menores - OFM","potentialAction":[{"@type":"SearchAction","target":{"@type":"EntryPoint","urlTemplate":"https:\/\/franciscanos.org.br\/noticias\/?s={search_term_string}"},"query-input":"required name=search_term_string"}],"inLanguage":"pt-BR"},{"@type":"ImageObject","inLanguage":"pt-BR","@id":"https:\/\/franciscanos.org.br\/noticias\/papa-o-equilibrio-de-um-cristao-esta-no-impulso-de-caridade.html#primaryimage","url":"https:\/\/franciscanos.org.br\/noticias\/wp-content\/uploads\/2023\/11\/audiencia_08.jpeg","contentUrl":"https:\/\/franciscanos.org.br\/noticias\/wp-content\/uploads\/2023\/11\/audiencia_08.jpeg","width":1500,"height":844},{"@type":"WebPage","@id":"https:\/\/franciscanos.org.br\/noticias\/papa-o-equilibrio-de-um-cristao-esta-no-impulso-de-caridade.html#webpage","url":"https:\/\/franciscanos.org.br\/noticias\/papa-o-equilibrio-de-um-cristao-esta-no-impulso-de-caridade.html","name":"Papa: o equil\u00edbrio de um crist\u00e3o est\u00e1 no impulso de caridade - Not\u00edcias - Franciscanos","isPartOf":{"@id":"https:\/\/franciscanos.org.br\/noticias\/#website"},"primaryImageOfPage":{"@id":"https:\/\/franciscanos.org.br\/noticias\/papa-o-equilibrio-de-um-cristao-esta-no-impulso-de-caridade.html#primaryimage"},"datePublished":"2023-11-08T09:57:03+00:00","dateModified":"2023-11-08T09:57:03+00:00","author":{"@id":"https:\/\/franciscanos.org.br\/noticias\/#\/schema\/person\/b5c8cba458c330ccff548b056e95a5d4"},"breadcrumb":{"@id":"https:\/\/franciscanos.org.br\/noticias\/papa-o-equilibrio-de-um-cristao-esta-no-impulso-de-caridade.html#breadcrumb"},"inLanguage":"pt-BR","potentialAction":[{"@type":"ReadAction","target":["https:\/\/franciscanos.org.br\/noticias\/papa-o-equilibrio-de-um-cristao-esta-no-impulso-de-caridade.html"]}]},{"@type":"BreadcrumbList","@id":"https:\/\/franciscanos.org.br\/noticias\/papa-o-equilibrio-de-um-cristao-esta-no-impulso-de-caridade.html#breadcrumb","itemListElement":[{"@type":"ListItem","position":1,"name":"Home","item":"https:\/\/franciscanos.org.br\/noticias"},{"@type":"ListItem","position":2,"name":"Papa: o equil\u00edbrio de um crist\u00e3o est\u00e1 no impulso de caridade"}]},{"@type":"Person","@id":"https:\/\/franciscanos.org.br\/noticias\/#\/schema\/person\/b5c8cba458c330ccff548b056e95a5d4","name":"moacir","image":{"@type":"ImageObject","inLanguage":"pt-BR","@id":"https:\/\/franciscanos.org.br\/noticias\/#\/schema\/person\/image\/","url":"https:\/\/secure.gravatar.com\/avatar\/d08aa2ce4c8dd416d4479aa8536fcf64?s=96&d=mm&r=g","contentUrl":"https:\/\/secure.gravatar.com\/avatar\/d08aa2ce4c8dd416d4479aa8536fcf64?s=96&d=mm&r=g","caption":"moacir"},"url":"https:\/\/franciscanos.org.br\/noticias\/author\/moacir"}]}},"_links":{"self":[{"href":"https:\/\/franciscanos.org.br\/noticias\/wp-json\/wp\/v2\/posts\/245417"}],"collection":[{"href":"https:\/\/franciscanos.org.br\/noticias\/wp-json\/wp\/v2\/posts"}],"about":[{"href":"https:\/\/franciscanos.org.br\/noticias\/wp-json\/wp\/v2\/types\/post"}],"author":[{"embeddable":true,"href":"https:\/\/franciscanos.org.br\/noticias\/wp-json\/wp\/v2\/users\/3"}],"replies":[{"embeddable":true,"href":"https:\/\/franciscanos.org.br\/noticias\/wp-json\/wp\/v2\/comments?post=245417"}],"version-history":[{"count":1,"href":"https:\/\/franciscanos.org.br\/noticias\/wp-json\/wp\/v2\/posts\/245417\/revisions"}],"predecessor-version":[{"id":245419,"href":"https:\/\/franciscanos.org.br\/noticias\/wp-json\/wp\/v2\/posts\/245417\/revisions\/245419"}],"wp:featuredmedia":[{"embeddable":true,"href":"https:\/\/franciscanos.org.br\/noticias\/wp-json\/wp\/v2\/media\/245418"}],"wp:attachment":[{"href":"https:\/\/franciscanos.org.br\/noticias\/wp-json\/wp\/v2\/media?parent=245417"}],"wp:term":[{"taxonomy":"category","embeddable":true,"href":"https:\/\/franciscanos.org.br\/noticias\/wp-json\/wp\/v2\/categories?post=245417"},{"taxonomy":"post_tag","embeddable":true,"href":"https:\/\/franciscanos.org.br\/noticias\/wp-json\/wp\/v2\/tags?post=245417"}],"curies":[{"name":"wp","href":"https:\/\/api.w.org\/{rel}","templated":true}]}}