{"id":24538,"date":"2012-09-24T07:52:05","date_gmt":"2012-09-24T10:52:05","guid":{"rendered":"http:\/\/new.franciscanos.org.br\/?p=24538"},"modified":"2020-11-09T16:38:00","modified_gmt":"2020-11-09T19:38:00","slug":"fraternidade-nossa-senhora-aparecida-celebra-45-anos-de-vida-fraterna","status":"publish","type":"post","link":"https:\/\/franciscanos.org.br\/noticias\/fraternidade-nossa-senhora-aparecida-celebra-45-anos-de-vida-fraterna.html","title":{"rendered":"Fraternidade Nossa Senhora Aparecida celebra 45 anos de vida fraterna"},"content":{"rendered":"<p><strong><img loading=\"lazy\" class=\"alignright size-full wp-image-24540\" title=\"3447_240912\" src=\"http:\/\/franciscanos.org.br\/wp-content\/uploads\/2012\/09\/3447_240912.jpg\" alt=\"\" width=\"400\" height=\"300\" \/><\/strong>O domingo foi A\u00e7\u00e3o de Gra\u00e7as e de alegria para a Fraternidade Franciscana Secular Nossa Senhora Aparecida, de Nil\u00f3polis, na Baixada Fluminense (RJ), que comemorou com muita festa seus 45 anos de vida fraterna na Par\u00f3quia Nossa Senhora Aparecida. A celebra\u00e7\u00e3o foi prestigiada pelos paroquianos e irm\u00e3os da Ordem Franciscana Secular.<\/p>\n<p>Em sua homilia, o p\u00e1roco da Par\u00f3quia Nossa Senhora Aparecida e assistente da fraternidade, frei Paulo Santana, OFM, ressaltou a import\u00e2ncia da presen\u00e7a dos franciscanos seculares na diocese de Nova Igua\u00e7u, hoje com quatro fraternidades franciscanas seculares. Para frei Paulo, comemorar os 45 anos de vida da Fraternidade Nossa Senhora Aparecida, revela o frescor e vigor do carisma franciscano na Baixada Fluminense no an\u00fancio o Santo Evangelho, seguindo a Nosso Senhor Jesus Cristo nos passos de S\u00e3o Francisco, promovendo a paz e o bem em meio \u00e0 realidades em que est\u00e3o presentes sinais de morte.<\/p>\n<p>O amor incondicional a Deus e a perfei\u00e7\u00e3o no seguimento do Evangelho fizeram de S\u00e3o Francisco um Cristo redivivo, evangelicamente perfeito e universal, tornando-o uma refer\u00eancia n\u00e3o s\u00f3 entre os cat\u00f3licos, mas para os homens de diversas religi\u00f5es que nele reconhecem um modelo de vida. O amor alegre e misericordioso presente em seu cora\u00e7\u00e3o e na vida em fraternidades, sobretudo, entre os leprosos de sua \u00e9poca, foi amadurecido na identidade que construiu com o crucificado.<\/p>\n<p>Seu testemunho era alegre, simples, vibrante e todos desejavam segui-lo. Assim nasceu, em1221, aOrdem Terceira de S\u00e3o Francisco, hoje Ordem Franciscana Secular (OFS): fruto do desejo dos que estavam comprometidos no mundo por la\u00e7os de fam\u00edlia, mas que desejavam praticar, segundo o exemplo e ensino de S\u00e3o Francisco, a vida evang\u00e9lica na pobreza, na castidade, na paz, na caridade e na piedade cat\u00f3lica. A Ordem Franciscana Secular \u00e9 a mais antiga associa\u00e7\u00e3o de fi\u00e9is leigos que existe no mundo e a primeira aprovada pela Igreja.<\/p>\n<p>No momento de A\u00e7\u00e3o de Gra\u00e7as, o ministro local, M\u00e1rcio Bernardo Ramos, louvou ao Senhor pela gra\u00e7a da voca\u00e7\u00e3o franciscana e agradeceu a todos pela presen\u00e7a, manifestando sua gratid\u00e3o pela assist\u00eancia espiritual prestada pelo frei Paulo Santana, pelos irm\u00e3os falecidos que nos precederam na f\u00e9 e na viv\u00eancia do carisma franciscanos e pelo apoio e reconhecimento de toda a comunidade paroquial ao trabalho realizado pelos frades e pelos franciscanos seculares.<\/p>\n<p>O ministro local convidou ainda os admiradores de S\u00e3o Francisco para conhecerem o carisma franciscano e a Fraternidade Nossa Senhora Aparecida. A celebra\u00e7\u00e3o foi encerrada com a tradicional B\u00ean\u00e7\u00e3o de S\u00e3o Francisco.<\/p>\n<p>Ap\u00f3s a Santa Missa, a fraternidade brindou os irm\u00e3os com uma singela festa que contou com a presen\u00e7a da irm\u00e3 Maria dos Prazeres, a Prazeirinha, que \u00e9 \u00fanica irm\u00e3 viva do grupo que fundou a fraternidade, e, que por sua hist\u00f3ria de vida de dedica\u00e7\u00e3o ao carisma franciscano e a par\u00f3quia, foi convidada a repartir o bolo e servi-lo aos irm\u00e3os.<\/p>\n<p>Louvemos e bendizemos o Senhor que entre n\u00f3s faz maravilhas!<\/p>\n","protected":false},"excerpt":{"rendered":"<p>OFS<\/p>\n","protected":false},"author":1,"featured_media":213328,"comment_status":"closed","ping_status":"open","sticky":false,"template":"","format":"standard","meta":[],"categories":[1],"tags":[60],"acf":[],"yoast_head":"<!-- This site is optimized with the Yoast SEO plugin v19.2 - https:\/\/yoast.com\/wordpress\/plugins\/seo\/ -->\n<title>Fraternidade Nossa Senhora Aparecida celebra 45 anos de vida fraterna - Not\u00edcias - Franciscanos<\/title>\n<meta name=\"robots\" content=\"index, follow, max-snippet:-1, max-image-preview:large, max-video-preview:-1\" \/>\n<link rel=\"canonical\" href=\"https:\/\/franciscanos.org.br\/noticias\/fraternidade-nossa-senhora-aparecida-celebra-45-anos-de-vida-fraterna.html\" \/>\n<meta property=\"og:locale\" content=\"pt_BR\" \/>\n<meta property=\"og:type\" content=\"article\" \/>\n<meta property=\"og:title\" content=\"Fraternidade Nossa Senhora Aparecida celebra 45 anos de vida fraterna - Not\u00edcias - Franciscanos\" \/>\n<meta property=\"og:description\" content=\"OFS\" \/>\n<meta property=\"og:url\" content=\"https:\/\/franciscanos.org.br\/noticias\/fraternidade-nossa-senhora-aparecida-celebra-45-anos-de-vida-fraterna.html\" \/>\n<meta property=\"og:site_name\" content=\"Not\u00edcias - Franciscanos\" \/>\n<meta property=\"article:published_time\" content=\"2012-09-24T10:52:05+00:00\" \/>\n<meta property=\"article:modified_time\" content=\"2020-11-09T19:38:00+00:00\" \/>\n<meta property=\"og:image\" content=\"https:\/\/franciscanos.org.br\/noticias\/wp-content\/uploads\/2012\/09\/3447_240912.jpg\" \/>\n\t<meta property=\"og:image:width\" content=\"273\" \/>\n\t<meta property=\"og:image:height\" content=\"181\" \/>\n\t<meta property=\"og:image:type\" content=\"image\/jpeg\" \/>\n<meta name=\"author\" content=\"admin\" \/>\n<meta name=\"twitter:card\" content=\"summary_large_image\" \/>\n<meta name=\"twitter:label1\" content=\"Escrito por\" \/>\n\t<meta name=\"twitter:data1\" content=\"admin\" \/>\n\t<meta name=\"twitter:label2\" content=\"Est. tempo de leitura\" \/>\n\t<meta name=\"twitter:data2\" content=\"3 minutos\" \/>\n<script type=\"application\/ld+json\" class=\"yoast-schema-graph\">{\"@context\":\"https:\/\/schema.org\",\"@graph\":[{\"@type\":\"WebSite\",\"@id\":\"https:\/\/franciscanos.org.br\/noticias\/#website\",\"url\":\"https:\/\/franciscanos.org.br\/noticias\/\",\"name\":\"Not\u00edcias - Franciscanos\",\"description\":\"Prov\u00edncia Franciscana da Imaculada Concei\u00e7\u00e3o do Brasil - Ordem dos Frades Menores - OFM\",\"potentialAction\":[{\"@type\":\"SearchAction\",\"target\":{\"@type\":\"EntryPoint\",\"urlTemplate\":\"https:\/\/franciscanos.org.br\/noticias\/?s={search_term_string}\"},\"query-input\":\"required name=search_term_string\"}],\"inLanguage\":\"pt-BR\"},{\"@type\":\"ImageObject\",\"inLanguage\":\"pt-BR\",\"@id\":\"https:\/\/franciscanos.org.br\/noticias\/fraternidade-nossa-senhora-aparecida-celebra-45-anos-de-vida-fraterna.html#primaryimage\",\"url\":\"https:\/\/franciscanos.org.br\/noticias\/wp-content\/uploads\/2012\/09\/3447_240912.jpg\",\"contentUrl\":\"https:\/\/franciscanos.org.br\/noticias\/wp-content\/uploads\/2012\/09\/3447_240912.jpg\",\"width\":273,\"height\":181},{\"@type\":\"WebPage\",\"@id\":\"https:\/\/franciscanos.org.br\/noticias\/fraternidade-nossa-senhora-aparecida-celebra-45-anos-de-vida-fraterna.html#webpage\",\"url\":\"https:\/\/franciscanos.org.br\/noticias\/fraternidade-nossa-senhora-aparecida-celebra-45-anos-de-vida-fraterna.html\",\"name\":\"Fraternidade Nossa Senhora Aparecida celebra 45 anos de vida fraterna - Not\u00edcias - Franciscanos\",\"isPartOf\":{\"@id\":\"https:\/\/franciscanos.org.br\/noticias\/#website\"},\"primaryImageOfPage\":{\"@id\":\"https:\/\/franciscanos.org.br\/noticias\/fraternidade-nossa-senhora-aparecida-celebra-45-anos-de-vida-fraterna.html#primaryimage\"},\"datePublished\":\"2012-09-24T10:52:05+00:00\",\"dateModified\":\"2020-11-09T19:38:00+00:00\",\"author\":{\"@id\":\"https:\/\/franciscanos.org.br\/noticias\/#\/schema\/person\/b38fbf43118f02820bd932f2e4b14ad3\"},\"breadcrumb\":{\"@id\":\"https:\/\/franciscanos.org.br\/noticias\/fraternidade-nossa-senhora-aparecida-celebra-45-anos-de-vida-fraterna.html#breadcrumb\"},\"inLanguage\":\"pt-BR\",\"potentialAction\":[{\"@type\":\"ReadAction\",\"target\":[\"https:\/\/franciscanos.org.br\/noticias\/fraternidade-nossa-senhora-aparecida-celebra-45-anos-de-vida-fraterna.html\"]}]},{\"@type\":\"BreadcrumbList\",\"@id\":\"https:\/\/franciscanos.org.br\/noticias\/fraternidade-nossa-senhora-aparecida-celebra-45-anos-de-vida-fraterna.html#breadcrumb\",\"itemListElement\":[{\"@type\":\"ListItem\",\"position\":1,\"name\":\"Home\",\"item\":\"https:\/\/franciscanos.org.br\/noticias\"},{\"@type\":\"ListItem\",\"position\":2,\"name\":\"Fraternidade Nossa Senhora Aparecida celebra 45 anos de vida fraterna\"}]},{\"@type\":\"Person\",\"@id\":\"https:\/\/franciscanos.org.br\/noticias\/#\/schema\/person\/b38fbf43118f02820bd932f2e4b14ad3\",\"name\":\"admin\",\"image\":{\"@type\":\"ImageObject\",\"inLanguage\":\"pt-BR\",\"@id\":\"https:\/\/franciscanos.org.br\/noticias\/#\/schema\/person\/image\/\",\"url\":\"https:\/\/secure.gravatar.com\/avatar\/e8495742d34d0ba6448ea1c628263b3e?s=96&d=mm&r=g\",\"contentUrl\":\"https:\/\/secure.gravatar.com\/avatar\/e8495742d34d0ba6448ea1c628263b3e?s=96&d=mm&r=g\",\"caption\":\"admin\"},\"url\":\"https:\/\/franciscanos.org.br\/noticias\/author\/admin\"}]}<\/script>\n<!-- \/ Yoast SEO plugin. -->","yoast_head_json":{"title":"Fraternidade Nossa Senhora Aparecida celebra 45 anos de vida fraterna - Not\u00edcias - Franciscanos","robots":{"index":"index","follow":"follow","max-snippet":"max-snippet:-1","max-image-preview":"max-image-preview:large","max-video-preview":"max-video-preview:-1"},"canonical":"https:\/\/franciscanos.org.br\/noticias\/fraternidade-nossa-senhora-aparecida-celebra-45-anos-de-vida-fraterna.html","og_locale":"pt_BR","og_type":"article","og_title":"Fraternidade Nossa Senhora Aparecida celebra 45 anos de vida fraterna - Not\u00edcias - Franciscanos","og_description":"OFS","og_url":"https:\/\/franciscanos.org.br\/noticias\/fraternidade-nossa-senhora-aparecida-celebra-45-anos-de-vida-fraterna.html","og_site_name":"Not\u00edcias - Franciscanos","article_published_time":"2012-09-24T10:52:05+00:00","article_modified_time":"2020-11-09T19:38:00+00:00","og_image":[{"width":273,"height":181,"url":"https:\/\/franciscanos.org.br\/noticias\/wp-content\/uploads\/2012\/09\/3447_240912.jpg","type":"image\/jpeg"}],"author":"admin","twitter_card":"summary_large_image","twitter_misc":{"Escrito por":"admin","Est. tempo de leitura":"3 minutos"},"schema":{"@context":"https:\/\/schema.org","@graph":[{"@type":"WebSite","@id":"https:\/\/franciscanos.org.br\/noticias\/#website","url":"https:\/\/franciscanos.org.br\/noticias\/","name":"Not\u00edcias - Franciscanos","description":"Prov\u00edncia Franciscana da Imaculada Concei\u00e7\u00e3o do Brasil - Ordem dos Frades Menores - OFM","potentialAction":[{"@type":"SearchAction","target":{"@type":"EntryPoint","urlTemplate":"https:\/\/franciscanos.org.br\/noticias\/?s={search_term_string}"},"query-input":"required name=search_term_string"}],"inLanguage":"pt-BR"},{"@type":"ImageObject","inLanguage":"pt-BR","@id":"https:\/\/franciscanos.org.br\/noticias\/fraternidade-nossa-senhora-aparecida-celebra-45-anos-de-vida-fraterna.html#primaryimage","url":"https:\/\/franciscanos.org.br\/noticias\/wp-content\/uploads\/2012\/09\/3447_240912.jpg","contentUrl":"https:\/\/franciscanos.org.br\/noticias\/wp-content\/uploads\/2012\/09\/3447_240912.jpg","width":273,"height":181},{"@type":"WebPage","@id":"https:\/\/franciscanos.org.br\/noticias\/fraternidade-nossa-senhora-aparecida-celebra-45-anos-de-vida-fraterna.html#webpage","url":"https:\/\/franciscanos.org.br\/noticias\/fraternidade-nossa-senhora-aparecida-celebra-45-anos-de-vida-fraterna.html","name":"Fraternidade Nossa Senhora Aparecida celebra 45 anos de vida fraterna - Not\u00edcias - Franciscanos","isPartOf":{"@id":"https:\/\/franciscanos.org.br\/noticias\/#website"},"primaryImageOfPage":{"@id":"https:\/\/franciscanos.org.br\/noticias\/fraternidade-nossa-senhora-aparecida-celebra-45-anos-de-vida-fraterna.html#primaryimage"},"datePublished":"2012-09-24T10:52:05+00:00","dateModified":"2020-11-09T19:38:00+00:00","author":{"@id":"https:\/\/franciscanos.org.br\/noticias\/#\/schema\/person\/b38fbf43118f02820bd932f2e4b14ad3"},"breadcrumb":{"@id":"https:\/\/franciscanos.org.br\/noticias\/fraternidade-nossa-senhora-aparecida-celebra-45-anos-de-vida-fraterna.html#breadcrumb"},"inLanguage":"pt-BR","potentialAction":[{"@type":"ReadAction","target":["https:\/\/franciscanos.org.br\/noticias\/fraternidade-nossa-senhora-aparecida-celebra-45-anos-de-vida-fraterna.html"]}]},{"@type":"BreadcrumbList","@id":"https:\/\/franciscanos.org.br\/noticias\/fraternidade-nossa-senhora-aparecida-celebra-45-anos-de-vida-fraterna.html#breadcrumb","itemListElement":[{"@type":"ListItem","position":1,"name":"Home","item":"https:\/\/franciscanos.org.br\/noticias"},{"@type":"ListItem","position":2,"name":"Fraternidade Nossa Senhora Aparecida celebra 45 anos de vida fraterna"}]},{"@type":"Person","@id":"https:\/\/franciscanos.org.br\/noticias\/#\/schema\/person\/b38fbf43118f02820bd932f2e4b14ad3","name":"admin","image":{"@type":"ImageObject","inLanguage":"pt-BR","@id":"https:\/\/franciscanos.org.br\/noticias\/#\/schema\/person\/image\/","url":"https:\/\/secure.gravatar.com\/avatar\/e8495742d34d0ba6448ea1c628263b3e?s=96&d=mm&r=g","contentUrl":"https:\/\/secure.gravatar.com\/avatar\/e8495742d34d0ba6448ea1c628263b3e?s=96&d=mm&r=g","caption":"admin"},"url":"https:\/\/franciscanos.org.br\/noticias\/author\/admin"}]}},"_links":{"self":[{"href":"https:\/\/franciscanos.org.br\/noticias\/wp-json\/wp\/v2\/posts\/24538"}],"collection":[{"href":"https:\/\/franciscanos.org.br\/noticias\/wp-json\/wp\/v2\/posts"}],"about":[{"href":"https:\/\/franciscanos.org.br\/noticias\/wp-json\/wp\/v2\/types\/post"}],"author":[{"embeddable":true,"href":"https:\/\/franciscanos.org.br\/noticias\/wp-json\/wp\/v2\/users\/1"}],"replies":[{"embeddable":true,"href":"https:\/\/franciscanos.org.br\/noticias\/wp-json\/wp\/v2\/comments?post=24538"}],"version-history":[{"count":1,"href":"https:\/\/franciscanos.org.br\/noticias\/wp-json\/wp\/v2\/posts\/24538\/revisions"}],"predecessor-version":[{"id":229158,"href":"https:\/\/franciscanos.org.br\/noticias\/wp-json\/wp\/v2\/posts\/24538\/revisions\/229158"}],"wp:featuredmedia":[{"embeddable":true,"href":"https:\/\/franciscanos.org.br\/noticias\/wp-json\/wp\/v2\/media\/213328"}],"wp:attachment":[{"href":"https:\/\/franciscanos.org.br\/noticias\/wp-json\/wp\/v2\/media?parent=24538"}],"wp:term":[{"taxonomy":"category","embeddable":true,"href":"https:\/\/franciscanos.org.br\/noticias\/wp-json\/wp\/v2\/categories?post=24538"},{"taxonomy":"post_tag","embeddable":true,"href":"https:\/\/franciscanos.org.br\/noticias\/wp-json\/wp\/v2\/tags?post=24538"}],"curies":[{"name":"wp","href":"https:\/\/api.w.org\/{rel}","templated":true}]}}