{"id":245360,"date":"2023-11-03T08:47:16","date_gmt":"2023-11-03T11:47:16","guid":{"rendered":"https:\/\/franciscanos.org.br\/noticias\/?p=245360"},"modified":"2023-11-03T08:47:16","modified_gmt":"2023-11-03T11:47:16","slug":"voar-cair-ser-apanhado-novo-lancamento-de-henri-nouwen","status":"publish","type":"post","link":"https:\/\/franciscanos.org.br\/noticias\/voar-cair-ser-apanhado-novo-lancamento-de-henri-nouwen.html","title":{"rendered":"&#8220;Voar, cair, ser apanhado&#8221;, novo lan\u00e7amento de Henri Nouwen"},"content":{"rendered":"<p><img loading=\"lazy\" class=\"alignnone size-full wp-image-245364\" src=\"https:\/\/franciscanos.org.br\/noticias\/wp-content\/uploads\/2023\/11\/Vozes-1280-0311.jpg\" alt=\"\" width=\"1280\" height=\"720\" srcset=\"https:\/\/franciscanos.org.br\/noticias\/wp-content\/uploads\/2023\/11\/Vozes-1280-0311.jpg 1280w, https:\/\/franciscanos.org.br\/noticias\/wp-content\/uploads\/2023\/11\/Vozes-1280-0311-450x253.jpg 450w, https:\/\/franciscanos.org.br\/noticias\/wp-content\/uploads\/2023\/11\/Vozes-1280-0311-1024x576.jpg 1024w, https:\/\/franciscanos.org.br\/noticias\/wp-content\/uploads\/2023\/11\/Vozes-1280-0311-768x432.jpg 768w, https:\/\/franciscanos.org.br\/noticias\/wp-content\/uploads\/2023\/11\/Vozes-1280-0311-150x84.jpg 150w\" sizes=\"(max-width: 1280px) 100vw, 1280px\" \/><\/p>\n<p>&nbsp;<\/p>\n<h3><strong>Voar, cair, ser apanhado<\/strong><\/h3>\n<p>Todos os eventos aqui narrados realmente aconteceram, incluindo o resgate de Henri Nouwen por uma equipe de bombeiros, feito atrav\u00e9s de uma janela de hotel.<\/p>\n<p>Conhecido por suas obras sobre sabedoria espiritual, no entanto, foram os Flying Rodleighs que o inspiraram a criar um tipo diferente de livro. Quando faleceu subitamente, em 1996, Nouwen deixou algumas pistas desse novo e criativo projeto: um di\u00e1rio escrito durante as viagens com o grupo de trapezistas e v\u00e1rios outros registros, como coment\u00e1rios, reflex\u00f5es, notas e apontamentos.<\/p>\n<p>Henri Nouwen se apresenta como um tomador de risco espiritual transformado pela diversidade \u00e0 medida que aprendeu a ver o mundo atrav\u00e9s de muitas perspectivas, incluindo sua participa\u00e7\u00e3o no movimento dos Direitos Civis, sua vida em comunidade com pessoas com defici\u00eancia intelectual, seu crescimento pessoal por meio de amizades durante a epidemia de Aids dos anos de 1990 e outros encontros inesperados.<\/p>\n<p>Nesta hist\u00f3ria sobre voar, cair e ser apanhado, Nouwen nos convida a n\u00e3o ter medo de cair.<\/p>\n<hr \/>\n<h3><strong>Santo Agostinho: A doutrina crist\u00e3<\/strong><\/h3>\n<p>Com uma linguagem acess\u00edvel e uma abordagem clara, Santo Agostinho apresenta uma vis\u00e3o coerente e convincente da f\u00e9 crist\u00e3. Explora as quest\u00f5es mais profundas do cora\u00e7\u00e3o humano e as respostas que a f\u00e9 oferece para a busca de significado e prop\u00f3sito. O leitor \u00e9 convidado a embarcar em uma jornada espiritual de descoberta e compreens\u00e3o, encontrando orienta\u00e7\u00e3o para as perguntas mais desafiadoras da vida. Uma obra atemporal que continua a impactar e influenciar gera\u00e7\u00f5es de estudiosos e fi\u00e9is. Ao explorar as verdades essenciais da religi\u00e3o, Agostinho nos guia em dire\u00e7\u00e3o a uma compreens\u00e3o mais completa de Deus, de n\u00f3s mesmos e do mundo ao nosso redor.<\/p>\n<hr \/>\n<h3><strong>O entardecer do cristianismo<\/strong><\/h3>\n<p>Seria o entardecer do cristianismo um sinal iminente de seu fim? Na B\u00edblia, a noite marca o in\u00edcio de um novo dia. Este livro \u00e9 um convite a n\u00e3o perdermos o instante em que a primeira estrela desponta no c\u00e9u.<\/p>\n<p>Inspirado na met\u00e1fora junguiana que, a partir do trajeto do sol, compreende as fases da vida, Tom\u00e1\u0161 Hal\u00edk faz uma leitura instigante do cristianismo atual. A crise enfrentada pelas igrejas \u00e9 o kairos, tempo oportuno, no qual elas s\u00e3o convidadas a abandonar o egocentrismo e participar do Mist\u00e9rio de Cristo atuante na hist\u00f3ria.<\/p>\n<p>Nesse kairos, \u00e9 preciso ter coragem para abandonar a fixa\u00e7\u00e3o da Igreja em si mesma, representada pela obsess\u00e3o de certos grupos por uma forma institucional do passado e pela fixa\u00e7\u00e3o no superficial e na exterioridade. Sucumbir \u00e0 nostalgia de um amanhecer idealizado \u00e9 permanecer preso a uma forma estreita e muitas vezes mesquinha e imatura de cristianismo.<\/p>\n<p>\u00c9 compreens\u00edvel que muitos abandonem o cristianismo e a f\u00e9 num cen\u00e1rio em que a Igreja n\u00e3o oferece alternativa al\u00e9m da vis\u00e3o ancorada na saudade do amanhecer de sua hist\u00f3ria, marcada por reconstru\u00e7\u00e3o e imita\u00e7\u00e3o do passado.<\/p>\n<hr \/>\n<h3><strong>Hist\u00f3ria da alimenta\u00e7\u00e3o<\/strong><\/h3>\n<p>Nunca nossos sistemas alimentares foram t\u00e3o alterados como nos tempos em que vivemos. N\u00e3o s\u00f3 muitos sistemas de produ\u00e7\u00e3o est\u00e3o em transi\u00e7\u00e3o para novos modelos, mas o consumo est\u00e1 evoluindo para formas personalizadas cuja implementa\u00e7\u00e3o digital est\u00e1 acelerando.<\/p>\n<p>Nesta hist\u00f3ria da alimenta\u00e7\u00e3o, que decidiram n\u00e3o tratar como um continuum linear, Jean-Pierre Williot e Gilles Fumey percorrem todas as evolu\u00e7\u00f5es da cadeia alimentar nos diferentes continentes e mostram o quanto devemos rever nossas formas de pensar a alimenta\u00e7\u00e3o: mat\u00e9rias-primas, ind\u00fastria agroalimentar, mas tamb\u00e9m consumo em casa e fora dela.<\/p>\n<p>Estas s\u00e3o quest\u00f5es pol\u00edticas da alimenta\u00e7\u00e3o que pintam um panorama global e tem\u00e1tico num cen\u00e1rio de crise ecol\u00f3gica e fomes recorrentes. A abund\u00e2ncia, de fato, continua muito longe de ser a mais compartilhada do mundo.<\/p>\n<hr \/>\n<h5><strong>Atrav\u00e9s da lente da linguagem<\/strong><\/h5>\n<p>A linguagem reflete a cultura de uma sociedade? A nossa l\u00edngua materna \u00e9 uma lente atrav\u00e9s da qual percebemos o mundo? Podem l\u00ednguas diferentes levar seus falantes a pensamentos diferentes? Em <em>Atrav\u00e9s da lente da linguagem<\/em> o escritor Guy Deutscher ir\u00e1 convenc\u00ea-lo de que, ao contr\u00e1rio do consenso acad\u00eamico de hoje, a resposta a todas essas perguntas \u00e9 \u2013 sim. Este livro explora algumas das quest\u00f5es mais fascinantes e controversas sobre linguagem, cultura e mente humana numa deliciosa combina\u00e7\u00e3o de elementos de hist\u00f3ria cultural e ci\u00eancia popular.<\/p>\n<p>Uma obra-prima da erudi\u00e7\u00e3o lingu\u00edstica e, ao mesmo tempo, divertida, confronta a espinhosa quest\u00e3o de como \u2013 e se \u2013 a cultura molda a linguagem, e a linguagem, a cultura. A lingu\u00edstica h\u00e1 muito evita reivindicar qualquer liga\u00e7\u00e3o entre uma l\u00edngua e a cultura de seus falantes, o linguista Guy Deutscher ousou reabrir a quest\u00e3o. A cultura pode influenciar a linguagem \u2013 e vice-versa? L\u00ednguas diferentes podem levar seus falantes a pensamentos diferentes? Nossa experi\u00eancia do mundo poderia depender de nossa l\u00edngua ter uma palavra para \u201cazul\u201d?<\/p>\n<p>Desafiando o consenso de que os fundamentos da linguagem est\u00e3o embutidos em nossos genes e, portanto, universais, Deutscher demonstra que a linguagem, na verdade, reflete a cultura de maneira que \u00e9 tudo, menos trivial. Audacioso, encantador e inovador, Atrav\u00e9s da lente da linguagem \u00e9 um cl\u00e1ssico da descoberta intelectual.<\/p>\n<hr \/>\n<h3><strong>Teologia feminista negra<\/strong><\/h3>\n<p>Este livro nasce do movimento do feminismo negro, africano e decolonial, destacando vozes teol\u00f3gicas de mulheres invisibilizadas e subalternizadas. A teologia colonialista e eurocentrada \u00e9 confrontada pela promo\u00e7\u00e3o de uma aut\u00eantica liberta\u00e7\u00e3o de povos e culturas. Ao longo desta obra, h\u00e1 diversas perspectivas teol\u00f3gicas, moldadas tanto pelo contexto social, cultural e eclesial de cada autora quanto por experi\u00eancias de marginaliza\u00e7\u00e3o, resist\u00eancia e re-exist\u00eancia.<\/p>\n<p>\u00c9 uma importante oportunidade de conhecer te\u00f3logas do Sul global com suas novas epistemologias, criadoras de espa\u00e7os de cura e transforma\u00e7\u00e3o social e eclesial. Apesar de ocuparem posi\u00e7\u00f5es de destaque no \u00e2mbito teol\u00f3gico, essas mulheres ainda n\u00e3o recebem o reconhecimento merecido em muitos espa\u00e7os, tampouco s\u00e3o objeto de pesquisa acad\u00eamica.<\/p>\n<p>Superando o racismo epist\u00eamico que as invisibiliza, ocupam espa\u00e7os teol\u00f3gicos predominantemente masculinos, seja nas universidades, semin\u00e1rios ou na sociedade civil. Mesmo atuando no \u00e2mbito acad\u00eamico, as autoras s\u00e3o comprometidas em aplicar o conhecimento teol\u00f3gico no contexto social e eclesial, reafirmando a fun\u00e7\u00e3o social da teologia.<\/p>\n<p>Este \u00e9 um convite a que outras mulheres marginalizadas e invisibilizadas, especialmente negras e ind\u00edgenas, rompam o sil\u00eancio imposto pelas viol\u00eancias de g\u00eanero e racial.<\/p>\n<hr \/>\n<h3><strong>Nossa Senhora das L\u00e1grimas<\/strong><\/h3>\n<p>Nossa Senhora das L\u00e1grimas, uma das representa\u00e7\u00f5es de Maria, est\u00e1 relacionada \u00e0s apari\u00e7\u00f5es da Virgem Maria \u00e0 Irm\u00e3 Am\u00e1lia de Jesus Flagelado, solicitando que a religiosa propagasse sua medalha milagrosa e tamb\u00e9m sua coroa (ou ros\u00e1rio). A devo\u00e7\u00e3o est\u00e1 relacionada a curas milagrosas de doen\u00e7as graves como c\u00e2nceres e card\u00edacas, mentais e emocionais: ansiedade, depress\u00e3o e traumas. Este livrinho cont\u00e9m a hist\u00f3ria da devo\u00e7\u00e3o, novena, ora\u00e7\u00f5es, ladainha e a coroa\/ros\u00e1rio a ela dedicadas. Apresenta tamb\u00e9m breves passagens dos Salmos e dos Evangelhos, seguidas de uma ora\u00e7\u00e3o para o pedido da gra\u00e7a especial, que acompanham um Pai-nosso, uma Ave-Maria e um Gl\u00f3ria-ao-Pai.<\/p>\n<hr \/>\n<h3><strong>Individua\u00e7\u00e3o e narcisismo<\/strong><\/h3>\n<p>Os desenvolvimentos na psican\u00e1lise freudiana, em particular o trabalho de Kohut e de Winnicott, levaram a uma converg\u00eancia com a posi\u00e7\u00e3o junguiana. Em Individua\u00e7\u00e3o e narcisismo, Mario Jacoby tenta superar as dissimilitudes doutrinais entre as diferentes escolas de psicologia do profundo, embora leve em conta as abordagens caracter\u00edsticas de cada uma. Mediante exame minucioso da aut\u00eantica experi\u00eancia do si-mesmo, do processo de individua\u00e7\u00e3o, do narcisismo e do dist\u00farbio narcis\u00edstico da personalidade, Jacoby demonstra habilmente os benef\u00edcios de uma sinergia de ideias e t\u00e9cnicas para o analista profissional. Esta edi\u00e7\u00e3o cl\u00e1ssica inclui pref\u00e1cio de Kathrin Asper.<\/p>\n<p>No universo complexo da psicologia, poucos temas s\u00e3o t\u00e3o intrigantes e essenciais quanto a individua\u00e7\u00e3o e o narcisismo. Mario Jacoby mergulha profundamente nesses conceitos fundamentais, oferecendo uma valiosa compreens\u00e3o sobre a psique humana. Com clareza e profundidade, explora os caminhos da individua\u00e7\u00e3o, o processo de desenvolvimento da personalidade \u00fanica e integral. Convida-nos a compreender os mecanismos do narcisismo, desvendando suas manifesta\u00e7\u00f5es saud\u00e1veis e patol\u00f3gicas, e os desafios enfrentados por aqueles que buscam uma rela\u00e7\u00e3o saud\u00e1vel com o self.<\/p>\n<hr \/>\n<p style=\"padding-left: 40px;\">Todos esses produtos podem ser adquiridos pelos sites<br \/>\n<a href=\"http:\/\/www.livrariavozes.com.br\/\">www.livrariavozes.com.br<\/a><br \/>\n<a href=\"http:\/\/vozes.com.br\/\">http:\/\/vozes.com.br<\/a><\/p>\n<p style=\"padding-left: 40px;\">E-mail:\u00a0<a href=\"mailto:contato@vozes.com.br\">contato@vozes.com.br<\/a><\/p>\n<p style=\"padding-left: 40px;\">Tel.\u00a011 3101 8451<\/p>\n<p style=\"padding-left: 40px;\"><em><strong>Editora Vozes<\/strong><\/em><\/p>\n","protected":false},"excerpt":{"rendered":"<p>Editora Vozes<\/p>\n","protected":false},"author":7,"featured_media":245362,"comment_status":"open","ping_status":"open","sticky":false,"template":"","format":"standard","meta":[],"categories":[1],"tags":[238],"acf":[],"yoast_head":"<!-- This site is optimized with the Yoast SEO plugin v19.2 - https:\/\/yoast.com\/wordpress\/plugins\/seo\/ -->\n<title>&quot;Voar, cair, ser apanhado&quot;, novo lan\u00e7amento de Henri Nouwen - Not\u00edcias - Franciscanos<\/title>\n<meta name=\"robots\" content=\"index, follow, max-snippet:-1, max-image-preview:large, max-video-preview:-1\" \/>\n<link rel=\"canonical\" href=\"https:\/\/franciscanos.org.br\/noticias\/voar-cair-ser-apanhado-novo-lancamento-de-henri-nouwen.html\" \/>\n<meta property=\"og:locale\" content=\"pt_BR\" \/>\n<meta property=\"og:type\" content=\"article\" \/>\n<meta property=\"og:title\" content=\"&quot;Voar, cair, ser apanhado&quot;, novo lan\u00e7amento de Henri Nouwen - Not\u00edcias - Franciscanos\" \/>\n<meta property=\"og:description\" content=\"Editora Vozes\" \/>\n<meta property=\"og:url\" content=\"https:\/\/franciscanos.org.br\/noticias\/voar-cair-ser-apanhado-novo-lancamento-de-henri-nouwen.html\" \/>\n<meta property=\"og:site_name\" content=\"Not\u00edcias - Franciscanos\" \/>\n<meta property=\"article:published_time\" content=\"2023-11-03T11:47:16+00:00\" \/>\n<meta property=\"og:image\" content=\"https:\/\/franciscanos.org.br\/noticias\/wp-content\/uploads\/2023\/11\/Vozes-800-0311.jpg\" \/>\n\t<meta property=\"og:image:width\" content=\"800\" \/>\n\t<meta property=\"og:image:height\" content=\"550\" \/>\n\t<meta property=\"og:image:type\" content=\"image\/jpeg\" \/>\n<meta name=\"author\" content=\"jovenal\" \/>\n<meta name=\"twitter:card\" content=\"summary_large_image\" \/>\n<meta name=\"twitter:label1\" content=\"Escrito por\" \/>\n\t<meta name=\"twitter:data1\" content=\"jovenal\" \/>\n\t<meta name=\"twitter:label2\" content=\"Est. tempo de leitura\" \/>\n\t<meta name=\"twitter:data2\" content=\"7 minutos\" \/>\n<script type=\"application\/ld+json\" class=\"yoast-schema-graph\">{\"@context\":\"https:\/\/schema.org\",\"@graph\":[{\"@type\":\"WebSite\",\"@id\":\"https:\/\/franciscanos.org.br\/noticias\/#website\",\"url\":\"https:\/\/franciscanos.org.br\/noticias\/\",\"name\":\"Not\u00edcias - Franciscanos\",\"description\":\"Prov\u00edncia Franciscana da Imaculada Concei\u00e7\u00e3o do Brasil - Ordem dos Frades Menores - OFM\",\"potentialAction\":[{\"@type\":\"SearchAction\",\"target\":{\"@type\":\"EntryPoint\",\"urlTemplate\":\"https:\/\/franciscanos.org.br\/noticias\/?s={search_term_string}\"},\"query-input\":\"required name=search_term_string\"}],\"inLanguage\":\"pt-BR\"},{\"@type\":\"ImageObject\",\"inLanguage\":\"pt-BR\",\"@id\":\"https:\/\/franciscanos.org.br\/noticias\/voar-cair-ser-apanhado-novo-lancamento-de-henri-nouwen.html#primaryimage\",\"url\":\"https:\/\/franciscanos.org.br\/noticias\/wp-content\/uploads\/2023\/11\/Vozes-800-0311.jpg\",\"contentUrl\":\"https:\/\/franciscanos.org.br\/noticias\/wp-content\/uploads\/2023\/11\/Vozes-800-0311.jpg\",\"width\":800,\"height\":550},{\"@type\":\"WebPage\",\"@id\":\"https:\/\/franciscanos.org.br\/noticias\/voar-cair-ser-apanhado-novo-lancamento-de-henri-nouwen.html#webpage\",\"url\":\"https:\/\/franciscanos.org.br\/noticias\/voar-cair-ser-apanhado-novo-lancamento-de-henri-nouwen.html\",\"name\":\"\\\"Voar, cair, ser apanhado\\\", novo lan\u00e7amento de Henri Nouwen - Not\u00edcias - Franciscanos\",\"isPartOf\":{\"@id\":\"https:\/\/franciscanos.org.br\/noticias\/#website\"},\"primaryImageOfPage\":{\"@id\":\"https:\/\/franciscanos.org.br\/noticias\/voar-cair-ser-apanhado-novo-lancamento-de-henri-nouwen.html#primaryimage\"},\"datePublished\":\"2023-11-03T11:47:16+00:00\",\"dateModified\":\"2023-11-03T11:47:16+00:00\",\"author\":{\"@id\":\"https:\/\/franciscanos.org.br\/noticias\/#\/schema\/person\/c3a26b08313dd1772495ce300ab257cc\"},\"breadcrumb\":{\"@id\":\"https:\/\/franciscanos.org.br\/noticias\/voar-cair-ser-apanhado-novo-lancamento-de-henri-nouwen.html#breadcrumb\"},\"inLanguage\":\"pt-BR\",\"potentialAction\":[{\"@type\":\"ReadAction\",\"target\":[\"https:\/\/franciscanos.org.br\/noticias\/voar-cair-ser-apanhado-novo-lancamento-de-henri-nouwen.html\"]}]},{\"@type\":\"BreadcrumbList\",\"@id\":\"https:\/\/franciscanos.org.br\/noticias\/voar-cair-ser-apanhado-novo-lancamento-de-henri-nouwen.html#breadcrumb\",\"itemListElement\":[{\"@type\":\"ListItem\",\"position\":1,\"name\":\"Home\",\"item\":\"https:\/\/franciscanos.org.br\/noticias\"},{\"@type\":\"ListItem\",\"position\":2,\"name\":\"&#8220;Voar, cair, ser apanhado&#8221;, novo lan\u00e7amento de Henri Nouwen\"}]},{\"@type\":\"Person\",\"@id\":\"https:\/\/franciscanos.org.br\/noticias\/#\/schema\/person\/c3a26b08313dd1772495ce300ab257cc\",\"name\":\"jovenal\",\"image\":{\"@type\":\"ImageObject\",\"inLanguage\":\"pt-BR\",\"@id\":\"https:\/\/franciscanos.org.br\/noticias\/#\/schema\/person\/image\/\",\"url\":\"https:\/\/secure.gravatar.com\/avatar\/e94509f531086e2eaf97e72f29ea00f9?s=96&d=mm&r=g\",\"contentUrl\":\"https:\/\/secure.gravatar.com\/avatar\/e94509f531086e2eaf97e72f29ea00f9?s=96&d=mm&r=g\",\"caption\":\"jovenal\"},\"url\":\"https:\/\/franciscanos.org.br\/noticias\/author\/jovenal\"}]}<\/script>\n<!-- \/ Yoast SEO plugin. -->","yoast_head_json":{"title":"\"Voar, cair, ser apanhado\", novo lan\u00e7amento de Henri Nouwen - Not\u00edcias - Franciscanos","robots":{"index":"index","follow":"follow","max-snippet":"max-snippet:-1","max-image-preview":"max-image-preview:large","max-video-preview":"max-video-preview:-1"},"canonical":"https:\/\/franciscanos.org.br\/noticias\/voar-cair-ser-apanhado-novo-lancamento-de-henri-nouwen.html","og_locale":"pt_BR","og_type":"article","og_title":"\"Voar, cair, ser apanhado\", novo lan\u00e7amento de Henri Nouwen - Not\u00edcias - Franciscanos","og_description":"Editora Vozes","og_url":"https:\/\/franciscanos.org.br\/noticias\/voar-cair-ser-apanhado-novo-lancamento-de-henri-nouwen.html","og_site_name":"Not\u00edcias - Franciscanos","article_published_time":"2023-11-03T11:47:16+00:00","og_image":[{"width":800,"height":550,"url":"https:\/\/franciscanos.org.br\/noticias\/wp-content\/uploads\/2023\/11\/Vozes-800-0311.jpg","type":"image\/jpeg"}],"author":"jovenal","twitter_card":"summary_large_image","twitter_misc":{"Escrito por":"jovenal","Est. tempo de leitura":"7 minutos"},"schema":{"@context":"https:\/\/schema.org","@graph":[{"@type":"WebSite","@id":"https:\/\/franciscanos.org.br\/noticias\/#website","url":"https:\/\/franciscanos.org.br\/noticias\/","name":"Not\u00edcias - Franciscanos","description":"Prov\u00edncia Franciscana da Imaculada Concei\u00e7\u00e3o do Brasil - Ordem dos Frades Menores - OFM","potentialAction":[{"@type":"SearchAction","target":{"@type":"EntryPoint","urlTemplate":"https:\/\/franciscanos.org.br\/noticias\/?s={search_term_string}"},"query-input":"required name=search_term_string"}],"inLanguage":"pt-BR"},{"@type":"ImageObject","inLanguage":"pt-BR","@id":"https:\/\/franciscanos.org.br\/noticias\/voar-cair-ser-apanhado-novo-lancamento-de-henri-nouwen.html#primaryimage","url":"https:\/\/franciscanos.org.br\/noticias\/wp-content\/uploads\/2023\/11\/Vozes-800-0311.jpg","contentUrl":"https:\/\/franciscanos.org.br\/noticias\/wp-content\/uploads\/2023\/11\/Vozes-800-0311.jpg","width":800,"height":550},{"@type":"WebPage","@id":"https:\/\/franciscanos.org.br\/noticias\/voar-cair-ser-apanhado-novo-lancamento-de-henri-nouwen.html#webpage","url":"https:\/\/franciscanos.org.br\/noticias\/voar-cair-ser-apanhado-novo-lancamento-de-henri-nouwen.html","name":"\"Voar, cair, ser apanhado\", novo lan\u00e7amento de Henri Nouwen - Not\u00edcias - Franciscanos","isPartOf":{"@id":"https:\/\/franciscanos.org.br\/noticias\/#website"},"primaryImageOfPage":{"@id":"https:\/\/franciscanos.org.br\/noticias\/voar-cair-ser-apanhado-novo-lancamento-de-henri-nouwen.html#primaryimage"},"datePublished":"2023-11-03T11:47:16+00:00","dateModified":"2023-11-03T11:47:16+00:00","author":{"@id":"https:\/\/franciscanos.org.br\/noticias\/#\/schema\/person\/c3a26b08313dd1772495ce300ab257cc"},"breadcrumb":{"@id":"https:\/\/franciscanos.org.br\/noticias\/voar-cair-ser-apanhado-novo-lancamento-de-henri-nouwen.html#breadcrumb"},"inLanguage":"pt-BR","potentialAction":[{"@type":"ReadAction","target":["https:\/\/franciscanos.org.br\/noticias\/voar-cair-ser-apanhado-novo-lancamento-de-henri-nouwen.html"]}]},{"@type":"BreadcrumbList","@id":"https:\/\/franciscanos.org.br\/noticias\/voar-cair-ser-apanhado-novo-lancamento-de-henri-nouwen.html#breadcrumb","itemListElement":[{"@type":"ListItem","position":1,"name":"Home","item":"https:\/\/franciscanos.org.br\/noticias"},{"@type":"ListItem","position":2,"name":"&#8220;Voar, cair, ser apanhado&#8221;, novo lan\u00e7amento de Henri Nouwen"}]},{"@type":"Person","@id":"https:\/\/franciscanos.org.br\/noticias\/#\/schema\/person\/c3a26b08313dd1772495ce300ab257cc","name":"jovenal","image":{"@type":"ImageObject","inLanguage":"pt-BR","@id":"https:\/\/franciscanos.org.br\/noticias\/#\/schema\/person\/image\/","url":"https:\/\/secure.gravatar.com\/avatar\/e94509f531086e2eaf97e72f29ea00f9?s=96&d=mm&r=g","contentUrl":"https:\/\/secure.gravatar.com\/avatar\/e94509f531086e2eaf97e72f29ea00f9?s=96&d=mm&r=g","caption":"jovenal"},"url":"https:\/\/franciscanos.org.br\/noticias\/author\/jovenal"}]}},"_links":{"self":[{"href":"https:\/\/franciscanos.org.br\/noticias\/wp-json\/wp\/v2\/posts\/245360"}],"collection":[{"href":"https:\/\/franciscanos.org.br\/noticias\/wp-json\/wp\/v2\/posts"}],"about":[{"href":"https:\/\/franciscanos.org.br\/noticias\/wp-json\/wp\/v2\/types\/post"}],"author":[{"embeddable":true,"href":"https:\/\/franciscanos.org.br\/noticias\/wp-json\/wp\/v2\/users\/7"}],"replies":[{"embeddable":true,"href":"https:\/\/franciscanos.org.br\/noticias\/wp-json\/wp\/v2\/comments?post=245360"}],"version-history":[{"count":4,"href":"https:\/\/franciscanos.org.br\/noticias\/wp-json\/wp\/v2\/posts\/245360\/revisions"}],"predecessor-version":[{"id":245369,"href":"https:\/\/franciscanos.org.br\/noticias\/wp-json\/wp\/v2\/posts\/245360\/revisions\/245369"}],"wp:featuredmedia":[{"embeddable":true,"href":"https:\/\/franciscanos.org.br\/noticias\/wp-json\/wp\/v2\/media\/245362"}],"wp:attachment":[{"href":"https:\/\/franciscanos.org.br\/noticias\/wp-json\/wp\/v2\/media?parent=245360"}],"wp:term":[{"taxonomy":"category","embeddable":true,"href":"https:\/\/franciscanos.org.br\/noticias\/wp-json\/wp\/v2\/categories?post=245360"},{"taxonomy":"post_tag","embeddable":true,"href":"https:\/\/franciscanos.org.br\/noticias\/wp-json\/wp\/v2\/tags?post=245360"}],"curies":[{"name":"wp","href":"https:\/\/api.w.org\/{rel}","templated":true}]}}