{"id":245344,"date":"2023-10-27T11:08:45","date_gmt":"2023-10-27T14:08:45","guid":{"rendered":"https:\/\/franciscanos.org.br\/noticias\/?p=245344"},"modified":"2024-01-12T08:09:08","modified_gmt":"2024-01-12T11:09:08","slug":"clarissas-de-colatina-celebram-capitulo-eletivo-em-colatina","status":"publish","type":"post","link":"https:\/\/franciscanos.org.br\/noticias\/clarissas-de-colatina-celebram-capitulo-eletivo-em-colatina.html","title":{"rendered":"Clarissas de Colatina celebram Cap\u00edtulo Eletivo"},"content":{"rendered":"<p><img loading=\"lazy\" class=\"alignnone size-full wp-image-245345\" src=\"https:\/\/franciscanos.org.br\/noticias\/wp-content\/uploads\/2023\/11\/clarissas_01.jpg\" alt=\"\" width=\"1280\" height=\"720\" srcset=\"https:\/\/franciscanos.org.br\/noticias\/wp-content\/uploads\/2023\/11\/clarissas_01.jpg 1280w, https:\/\/franciscanos.org.br\/noticias\/wp-content\/uploads\/2023\/11\/clarissas_01-450x253.jpg 450w, https:\/\/franciscanos.org.br\/noticias\/wp-content\/uploads\/2023\/11\/clarissas_01-1024x576.jpg 1024w, https:\/\/franciscanos.org.br\/noticias\/wp-content\/uploads\/2023\/11\/clarissas_01-768x432.jpg 768w, https:\/\/franciscanos.org.br\/noticias\/wp-content\/uploads\/2023\/11\/clarissas_01-150x84.jpg 150w\" sizes=\"(max-width: 1280px) 100vw, 1280px\" \/><\/p>\n<p><strong>Colatina (ES) &#8211;<\/strong>\u00a0 O Mosteiro Sant\u00edssima Trindade, sem preju\u00edzo para a autonomia interna, est\u00e1 confiado \u00e0 vigil\u00e2ncia peculiar do bispo diocesano que exerce a solicitude pastoral da comunidade mon\u00e1stica, conforme norma do direito. A cada tr\u00eas anos, \u00e9 realizada a visita can\u00f4nica no mosteiro e quem preside esse momento \u00e9 o bispo diocesano.<\/p>\n<p>Assim de 17 a 20 de outubro, nosso querido bispo, dom Lauro S\u00e9rgio, esteve com toda a sua aten\u00e7\u00e3o voltada para as Irm\u00e3s Clarissas. Durante todos esses dias, dom Lauro celebrou a Santa Missa \u00e0s 7 horas na Capela do Mosteiro Sant\u00edssima Trindade, momento celebrativo aberto a todos os fi\u00e9is, devotos e o povo de modo geral que costuma frequentar as missas diariamente no mosteiro.<\/p>\n<p>De maneira muito prof\u00e9tica, dom Lauro S\u00e9rgio utilizou da Liturgia da Palavra para exortar, aconselhar e instruir as queridas irm\u00e3s em sua miss\u00e3o e voca\u00e7\u00e3o singular em nossa Igreja particular de Colatina. J\u00e1 no primeiro dia, nosso bispo trouxe de presente para a nossa comunidade o novo Missal Romano. Assim tivemos a gra\u00e7a de utiliz\u00e1-lo em todas as celebra\u00e7\u00f5es.<\/p>\n<p><strong>LINHA CONDUTORA<\/strong><\/p>\n<p>\u201cA vida consagrada \u00e9 uma hist\u00f3ria de amor, apaixonada pelo Senhor e pela humanidade. Na vida contemplativa, essa hist\u00f3ria constr\u00f3i-se, dia ap\u00f3s dia, atrav\u00e9s da busca apaixonada do rosto de Deus, na rela\u00e7\u00e3o \u00edntima com Ele. A Cristo Senhor, que nos amou primeiro e se entregou a Deus por n\u00f3s, v\u00f3s, mulheres contemplativas, respondeis com a oferta de toda a vossa vida, vivendo nEle e para Ele, para o louvor da sua gl\u00f3ria. Nessa din\u00e2mica de contempla\u00e7\u00e3o, sois voz da Igreja que incansavelmente louva, agradece, geme e suplica por toda a humanidade e, com a vossa ora\u00e7\u00e3o, sois colaboradoras do pr\u00f3prio Deus, e reergueis os membros vacilantes do seu corpo inef\u00e1vel.\u201d<\/p>\n<p>Essa verdade dos escritos de Santa Clara de Assis e a Constitui\u00e7\u00e3o Apost\u00f3lica\u00a0Vultum dei Quaerere\u00a0do Papa Francisco foram a linha condutora de toda a aten\u00e7\u00e3o dispensada por Dom Lauro, ao ouvir e atender cada uma das irm\u00e3s do mosteiro, que atualmente \u00e9 composto de 23 monjas.<\/p>\n<p><img loading=\"lazy\" class=\"alignnone size-full wp-image-245346\" src=\"https:\/\/franciscanos.org.br\/noticias\/wp-content\/uploads\/2023\/11\/clarissas_02.jpg\" alt=\"\" width=\"1024\" height=\"716\" srcset=\"https:\/\/franciscanos.org.br\/noticias\/wp-content\/uploads\/2023\/11\/clarissas_02.jpg 1024w, https:\/\/franciscanos.org.br\/noticias\/wp-content\/uploads\/2023\/11\/clarissas_02-450x315.jpg 450w, https:\/\/franciscanos.org.br\/noticias\/wp-content\/uploads\/2023\/11\/clarissas_02-768x537.jpg 768w, https:\/\/franciscanos.org.br\/noticias\/wp-content\/uploads\/2023\/11\/clarissas_02-150x105.jpg 150w, https:\/\/franciscanos.org.br\/noticias\/wp-content\/uploads\/2023\/11\/clarissas_02-474x332.jpg 474w\" sizes=\"(max-width: 1024px) 100vw, 1024px\" \/><\/p>\n<p><strong>HIST\u00d3RIAS DE VOCA\u00c7\u00c3O<\/strong><\/p>\n<p>Ao ouvir a hist\u00f3ria vocacional de cada irm\u00e3, dom Lauro enfatizou o \u201cn\u00e3o tenham medo\u201d e \u201cn\u00e3o se envergonhem do evangelho\u201d, forma de vida que as irm\u00e3s escolheram, segundo inspira\u00e7\u00e3o divina na vida de S\u00e3o Francisco e Santa Clara.<\/p>\n<p>Dom Lauro S\u00e9rgio participou ainda das ora\u00e7\u00f5es, do Of\u00edcio Divino, das refei\u00e7\u00f5es e do recreio com as irm\u00e3s e visitou todas as partes internas da clausura para tomar conhecimento do cotidiano da vida mon\u00e1stica. Nosso bispo teve tamb\u00e9m um momento muito edificante e feliz ao se encontrar com a \u201cvizinhan\u00e7a\u201d, pessoas que todos os dias est\u00e3o \u00e0s portas do mosteiro pedindo ajuda. Com eles, rezou, conversou e os aben\u00e7oou.<\/p>\n<p><strong>ELEI\u00c7\u00c3O<\/strong><\/p>\n<p>No \u00faltimo dia de visita can\u00f4nica, terminado o atendimento da comunidade, realizou-se o Cap\u00edtulo Eletivo (elei\u00e7\u00e3o). A convite de dom Lauro S\u00e9rgio, participou deste momento o frei Pedro de Oliveira, OFM, sacerdote franciscano da Fraternidade Santo Ant\u00f4nio de Santana Galv\u00e3o, da Par\u00f3quia Santa Clara de Assis, em Colatina, que atende tamb\u00e9m as Irm\u00e3s Clarissas.<\/p>\n<p>O resultado da elei\u00e7\u00e3o para o tri\u00eanio 2023\/2026 foi o seguinte:<\/p>\n<p><strong>Abadessa \u2013 Madre Maria Clara do Pai Eterno, osc<\/strong><\/p>\n<p>Vig\u00e1ria \u2013 Ir. Agnes Maria da Sagrada Fam\u00edlia, osc<\/p>\n<p><strong>Conselheiras:<\/strong><\/p>\n<p>Ir. Maria Teresinha do Menino Jesus, osc<\/p>\n<p>Ir. Maria Camila de S\u00e3o Miguel, osc<\/p>\n<p>Ir. Maria Francisca das Santas Chagas, osc<\/p>\n<p>Nossa gratid\u00e3o e a certeza de nossas ora\u00e7\u00f5es constantes ao nosso querido bispo dom Lauro S\u00e9rgio que, como um verdadeiro pastor e pai espiritual, conduziu esse momento t\u00e3o bonito, especial e significativo para as irm\u00e3s do Mosteiro Sant\u00edssima Trindade. \u00c0s irm\u00e3s eleitas, a certeza de nossas preces. Que saibam fazer da vida fraterna um sinal do evangelho vivo, seguindo o exemplo das primeiras comunidades crist\u00e3s procurando formar \u201cum s\u00f3 cora\u00e7\u00e3o e uma s\u00f3 alma\u201d, e tornar-se, assim, confiss\u00e3o e sinal da Sant\u00edssima Trindade (V.C. 21).<\/p>\n<hr \/>\n<p><em>Irm\u00e3s Clarissas de Colatina &#8211; ES<\/em><\/p>\n","protected":false},"excerpt":{"rendered":"<p>Irm\u00e3s Clarissas<\/p>\n","protected":false},"author":3,"featured_media":245345,"comment_status":"open","ping_status":"open","sticky":false,"template":"","format":"standard","meta":[],"categories":[1],"tags":[171],"acf":[],"yoast_head":"<!-- This site is optimized with the Yoast SEO plugin v19.2 - https:\/\/yoast.com\/wordpress\/plugins\/seo\/ -->\n<title>Clarissas de Colatina celebram Cap\u00edtulo Eletivo - Not\u00edcias - Franciscanos<\/title>\n<meta name=\"robots\" content=\"index, follow, max-snippet:-1, max-image-preview:large, max-video-preview:-1\" \/>\n<link rel=\"canonical\" href=\"https:\/\/franciscanos.org.br\/noticias\/clarissas-de-colatina-celebram-capitulo-eletivo-em-colatina.html\" \/>\n<meta property=\"og:locale\" content=\"pt_BR\" \/>\n<meta property=\"og:type\" content=\"article\" \/>\n<meta property=\"og:title\" content=\"Clarissas de Colatina celebram Cap\u00edtulo Eletivo - Not\u00edcias - Franciscanos\" \/>\n<meta property=\"og:description\" content=\"Irm\u00e3s Clarissas\" \/>\n<meta property=\"og:url\" content=\"https:\/\/franciscanos.org.br\/noticias\/clarissas-de-colatina-celebram-capitulo-eletivo-em-colatina.html\" \/>\n<meta property=\"og:site_name\" content=\"Not\u00edcias - Franciscanos\" \/>\n<meta property=\"article:published_time\" content=\"2023-10-27T14:08:45+00:00\" \/>\n<meta property=\"article:modified_time\" content=\"2024-01-12T11:09:08+00:00\" \/>\n<meta property=\"og:image\" content=\"https:\/\/franciscanos.org.br\/noticias\/wp-content\/uploads\/2023\/11\/clarissas_01.jpg\" \/>\n\t<meta property=\"og:image:width\" content=\"1280\" \/>\n\t<meta property=\"og:image:height\" content=\"720\" \/>\n\t<meta property=\"og:image:type\" content=\"image\/jpeg\" \/>\n<meta name=\"author\" content=\"moacir\" \/>\n<meta name=\"twitter:card\" content=\"summary_large_image\" \/>\n<meta name=\"twitter:label1\" content=\"Escrito por\" \/>\n\t<meta name=\"twitter:data1\" content=\"moacir\" \/>\n\t<meta name=\"twitter:label2\" content=\"Est. tempo de leitura\" \/>\n\t<meta name=\"twitter:data2\" content=\"4 minutos\" \/>\n<script type=\"application\/ld+json\" class=\"yoast-schema-graph\">{\"@context\":\"https:\/\/schema.org\",\"@graph\":[{\"@type\":\"WebSite\",\"@id\":\"https:\/\/franciscanos.org.br\/noticias\/#website\",\"url\":\"https:\/\/franciscanos.org.br\/noticias\/\",\"name\":\"Not\u00edcias - Franciscanos\",\"description\":\"Prov\u00edncia Franciscana da Imaculada Concei\u00e7\u00e3o do Brasil - Ordem dos Frades Menores - OFM\",\"potentialAction\":[{\"@type\":\"SearchAction\",\"target\":{\"@type\":\"EntryPoint\",\"urlTemplate\":\"https:\/\/franciscanos.org.br\/noticias\/?s={search_term_string}\"},\"query-input\":\"required name=search_term_string\"}],\"inLanguage\":\"pt-BR\"},{\"@type\":\"ImageObject\",\"inLanguage\":\"pt-BR\",\"@id\":\"https:\/\/franciscanos.org.br\/noticias\/clarissas-de-colatina-celebram-capitulo-eletivo-em-colatina.html#primaryimage\",\"url\":\"https:\/\/franciscanos.org.br\/noticias\/wp-content\/uploads\/2023\/11\/clarissas_01.jpg\",\"contentUrl\":\"https:\/\/franciscanos.org.br\/noticias\/wp-content\/uploads\/2023\/11\/clarissas_01.jpg\",\"width\":1280,\"height\":720},{\"@type\":\"WebPage\",\"@id\":\"https:\/\/franciscanos.org.br\/noticias\/clarissas-de-colatina-celebram-capitulo-eletivo-em-colatina.html#webpage\",\"url\":\"https:\/\/franciscanos.org.br\/noticias\/clarissas-de-colatina-celebram-capitulo-eletivo-em-colatina.html\",\"name\":\"Clarissas de Colatina celebram Cap\u00edtulo Eletivo - Not\u00edcias - Franciscanos\",\"isPartOf\":{\"@id\":\"https:\/\/franciscanos.org.br\/noticias\/#website\"},\"primaryImageOfPage\":{\"@id\":\"https:\/\/franciscanos.org.br\/noticias\/clarissas-de-colatina-celebram-capitulo-eletivo-em-colatina.html#primaryimage\"},\"datePublished\":\"2023-10-27T14:08:45+00:00\",\"dateModified\":\"2024-01-12T11:09:08+00:00\",\"author\":{\"@id\":\"https:\/\/franciscanos.org.br\/noticias\/#\/schema\/person\/b5c8cba458c330ccff548b056e95a5d4\"},\"breadcrumb\":{\"@id\":\"https:\/\/franciscanos.org.br\/noticias\/clarissas-de-colatina-celebram-capitulo-eletivo-em-colatina.html#breadcrumb\"},\"inLanguage\":\"pt-BR\",\"potentialAction\":[{\"@type\":\"ReadAction\",\"target\":[\"https:\/\/franciscanos.org.br\/noticias\/clarissas-de-colatina-celebram-capitulo-eletivo-em-colatina.html\"]}]},{\"@type\":\"BreadcrumbList\",\"@id\":\"https:\/\/franciscanos.org.br\/noticias\/clarissas-de-colatina-celebram-capitulo-eletivo-em-colatina.html#breadcrumb\",\"itemListElement\":[{\"@type\":\"ListItem\",\"position\":1,\"name\":\"Home\",\"item\":\"https:\/\/franciscanos.org.br\/noticias\"},{\"@type\":\"ListItem\",\"position\":2,\"name\":\"Clarissas de Colatina celebram Cap\u00edtulo Eletivo\"}]},{\"@type\":\"Person\",\"@id\":\"https:\/\/franciscanos.org.br\/noticias\/#\/schema\/person\/b5c8cba458c330ccff548b056e95a5d4\",\"name\":\"moacir\",\"image\":{\"@type\":\"ImageObject\",\"inLanguage\":\"pt-BR\",\"@id\":\"https:\/\/franciscanos.org.br\/noticias\/#\/schema\/person\/image\/\",\"url\":\"https:\/\/secure.gravatar.com\/avatar\/d08aa2ce4c8dd416d4479aa8536fcf64?s=96&d=mm&r=g\",\"contentUrl\":\"https:\/\/secure.gravatar.com\/avatar\/d08aa2ce4c8dd416d4479aa8536fcf64?s=96&d=mm&r=g\",\"caption\":\"moacir\"},\"url\":\"https:\/\/franciscanos.org.br\/noticias\/author\/moacir\"}]}<\/script>\n<!-- \/ Yoast SEO plugin. -->","yoast_head_json":{"title":"Clarissas de Colatina celebram Cap\u00edtulo Eletivo - Not\u00edcias - Franciscanos","robots":{"index":"index","follow":"follow","max-snippet":"max-snippet:-1","max-image-preview":"max-image-preview:large","max-video-preview":"max-video-preview:-1"},"canonical":"https:\/\/franciscanos.org.br\/noticias\/clarissas-de-colatina-celebram-capitulo-eletivo-em-colatina.html","og_locale":"pt_BR","og_type":"article","og_title":"Clarissas de Colatina celebram Cap\u00edtulo Eletivo - Not\u00edcias - Franciscanos","og_description":"Irm\u00e3s Clarissas","og_url":"https:\/\/franciscanos.org.br\/noticias\/clarissas-de-colatina-celebram-capitulo-eletivo-em-colatina.html","og_site_name":"Not\u00edcias - Franciscanos","article_published_time":"2023-10-27T14:08:45+00:00","article_modified_time":"2024-01-12T11:09:08+00:00","og_image":[{"width":1280,"height":720,"url":"https:\/\/franciscanos.org.br\/noticias\/wp-content\/uploads\/2023\/11\/clarissas_01.jpg","type":"image\/jpeg"}],"author":"moacir","twitter_card":"summary_large_image","twitter_misc":{"Escrito por":"moacir","Est. tempo de leitura":"4 minutos"},"schema":{"@context":"https:\/\/schema.org","@graph":[{"@type":"WebSite","@id":"https:\/\/franciscanos.org.br\/noticias\/#website","url":"https:\/\/franciscanos.org.br\/noticias\/","name":"Not\u00edcias - Franciscanos","description":"Prov\u00edncia Franciscana da Imaculada Concei\u00e7\u00e3o do Brasil - Ordem dos Frades Menores - OFM","potentialAction":[{"@type":"SearchAction","target":{"@type":"EntryPoint","urlTemplate":"https:\/\/franciscanos.org.br\/noticias\/?s={search_term_string}"},"query-input":"required name=search_term_string"}],"inLanguage":"pt-BR"},{"@type":"ImageObject","inLanguage":"pt-BR","@id":"https:\/\/franciscanos.org.br\/noticias\/clarissas-de-colatina-celebram-capitulo-eletivo-em-colatina.html#primaryimage","url":"https:\/\/franciscanos.org.br\/noticias\/wp-content\/uploads\/2023\/11\/clarissas_01.jpg","contentUrl":"https:\/\/franciscanos.org.br\/noticias\/wp-content\/uploads\/2023\/11\/clarissas_01.jpg","width":1280,"height":720},{"@type":"WebPage","@id":"https:\/\/franciscanos.org.br\/noticias\/clarissas-de-colatina-celebram-capitulo-eletivo-em-colatina.html#webpage","url":"https:\/\/franciscanos.org.br\/noticias\/clarissas-de-colatina-celebram-capitulo-eletivo-em-colatina.html","name":"Clarissas de Colatina celebram Cap\u00edtulo Eletivo - Not\u00edcias - Franciscanos","isPartOf":{"@id":"https:\/\/franciscanos.org.br\/noticias\/#website"},"primaryImageOfPage":{"@id":"https:\/\/franciscanos.org.br\/noticias\/clarissas-de-colatina-celebram-capitulo-eletivo-em-colatina.html#primaryimage"},"datePublished":"2023-10-27T14:08:45+00:00","dateModified":"2024-01-12T11:09:08+00:00","author":{"@id":"https:\/\/franciscanos.org.br\/noticias\/#\/schema\/person\/b5c8cba458c330ccff548b056e95a5d4"},"breadcrumb":{"@id":"https:\/\/franciscanos.org.br\/noticias\/clarissas-de-colatina-celebram-capitulo-eletivo-em-colatina.html#breadcrumb"},"inLanguage":"pt-BR","potentialAction":[{"@type":"ReadAction","target":["https:\/\/franciscanos.org.br\/noticias\/clarissas-de-colatina-celebram-capitulo-eletivo-em-colatina.html"]}]},{"@type":"BreadcrumbList","@id":"https:\/\/franciscanos.org.br\/noticias\/clarissas-de-colatina-celebram-capitulo-eletivo-em-colatina.html#breadcrumb","itemListElement":[{"@type":"ListItem","position":1,"name":"Home","item":"https:\/\/franciscanos.org.br\/noticias"},{"@type":"ListItem","position":2,"name":"Clarissas de Colatina celebram Cap\u00edtulo Eletivo"}]},{"@type":"Person","@id":"https:\/\/franciscanos.org.br\/noticias\/#\/schema\/person\/b5c8cba458c330ccff548b056e95a5d4","name":"moacir","image":{"@type":"ImageObject","inLanguage":"pt-BR","@id":"https:\/\/franciscanos.org.br\/noticias\/#\/schema\/person\/image\/","url":"https:\/\/secure.gravatar.com\/avatar\/d08aa2ce4c8dd416d4479aa8536fcf64?s=96&d=mm&r=g","contentUrl":"https:\/\/secure.gravatar.com\/avatar\/d08aa2ce4c8dd416d4479aa8536fcf64?s=96&d=mm&r=g","caption":"moacir"},"url":"https:\/\/franciscanos.org.br\/noticias\/author\/moacir"}]}},"_links":{"self":[{"href":"https:\/\/franciscanos.org.br\/noticias\/wp-json\/wp\/v2\/posts\/245344"}],"collection":[{"href":"https:\/\/franciscanos.org.br\/noticias\/wp-json\/wp\/v2\/posts"}],"about":[{"href":"https:\/\/franciscanos.org.br\/noticias\/wp-json\/wp\/v2\/types\/post"}],"author":[{"embeddable":true,"href":"https:\/\/franciscanos.org.br\/noticias\/wp-json\/wp\/v2\/users\/3"}],"replies":[{"embeddable":true,"href":"https:\/\/franciscanos.org.br\/noticias\/wp-json\/wp\/v2\/comments?post=245344"}],"version-history":[{"count":4,"href":"https:\/\/franciscanos.org.br\/noticias\/wp-json\/wp\/v2\/posts\/245344\/revisions"}],"predecessor-version":[{"id":246004,"href":"https:\/\/franciscanos.org.br\/noticias\/wp-json\/wp\/v2\/posts\/245344\/revisions\/246004"}],"wp:featuredmedia":[{"embeddable":true,"href":"https:\/\/franciscanos.org.br\/noticias\/wp-json\/wp\/v2\/media\/245345"}],"wp:attachment":[{"href":"https:\/\/franciscanos.org.br\/noticias\/wp-json\/wp\/v2\/media?parent=245344"}],"wp:term":[{"taxonomy":"category","embeddable":true,"href":"https:\/\/franciscanos.org.br\/noticias\/wp-json\/wp\/v2\/categories?post=245344"},{"taxonomy":"post_tag","embeddable":true,"href":"https:\/\/franciscanos.org.br\/noticias\/wp-json\/wp\/v2\/tags?post=245344"}],"curies":[{"name":"wp","href":"https:\/\/api.w.org\/{rel}","templated":true}]}}