{"id":245336,"date":"2023-10-31T15:02:58","date_gmt":"2023-10-31T18:02:58","guid":{"rendered":"https:\/\/franciscanos.org.br\/noticias\/?p=245336"},"modified":"2023-10-31T15:02:58","modified_gmt":"2023-10-31T18:02:58","slug":"em-florianopolis-a-quarta-missao-franciscana-fae","status":"publish","type":"post","link":"https:\/\/franciscanos.org.br\/noticias\/em-florianopolis-a-quarta-missao-franciscana-fae.html","title":{"rendered":"Em Florian\u00f3polis, a quarta Miss\u00e3o Franciscana FAE"},"content":{"rendered":"<p><img loading=\"lazy\" class=\"alignnone size-full wp-image-245337\" src=\"https:\/\/franciscanos.org.br\/noticias\/wp-content\/uploads\/2023\/10\/fae_01.jpg\" alt=\"\" width=\"1280\" height=\"720\" srcset=\"https:\/\/franciscanos.org.br\/noticias\/wp-content\/uploads\/2023\/10\/fae_01.jpg 1280w, https:\/\/franciscanos.org.br\/noticias\/wp-content\/uploads\/2023\/10\/fae_01-450x253.jpg 450w, https:\/\/franciscanos.org.br\/noticias\/wp-content\/uploads\/2023\/10\/fae_01-1024x576.jpg 1024w, https:\/\/franciscanos.org.br\/noticias\/wp-content\/uploads\/2023\/10\/fae_01-768x432.jpg 768w, https:\/\/franciscanos.org.br\/noticias\/wp-content\/uploads\/2023\/10\/fae_01-150x84.jpg 150w\" sizes=\"(max-width: 1280px) 100vw, 1280px\" \/><\/p>\n<p>Entre os dias 27 e 29 de outubro de 2023, a Pastoral Universit\u00e1ria da FAE Centro Universit\u00e1rio em parceria com a fraternidade da Par\u00f3quia Santo Ant\u00f4nio concretizaram a 4\u00aa edi\u00e7\u00e3o da Miss\u00e3o Franciscana FAE.<\/p>\n<p>A Miss\u00e3o Franciscana FAE \u00e9 atividade mission\u00e1ria religiosa e formativa que facilita e evidencia a import\u00e2ncia do di\u00e1logo entre as Frentes de Evangeliza\u00e7\u00e3o da Prov\u00edncia Franciscana da Imaculada Concei\u00e7ao do Brasil. Al\u00e9m disso, \u00e9 um trabalho que aproxima muitos jovens com o carisma franciscano. Logo, contribui para a forma\u00e7\u00e3o dessa comunidade acad\u00eamica, a partir de valores franciscanos, tendo em vista uma forma\u00e7\u00e3o mais humana e integral.<\/p>\n<p>As parcerias surgem do di\u00e1logo da Pastoral Universit\u00e1ria FAE com frades da Prov\u00edncia que atuam em \u00e2mbito paroquial. Nessa edi\u00e7\u00e3o, com muito amor, Frei Paulo Borges acolheu um grupo de 19 mission\u00e1rios da FAE Centro Universit\u00e1rio. Entre os mission\u00e1rios, dois frades estudantes, Frei Valter Quimbundo e Frei Jos\u00e9 Kapundi.<\/p>\n<p>O tema da 4\u00aa edi\u00e7\u00e3o da Miss\u00e3o Franciscana FAE, parte do ensinamento de S\u00e3o Francisco de Assis que diz: \u201cE depois que o Senhor meu deu irm\u00e3os ningu\u00e9m me mostrou o que eu deveria fazer, mas o Alt\u00edssimo mesmo me revelou que eu devia viver segundo a forma do Santo Evangelho.\u201d S\u00e3o Francisco de Assis<\/p>\n<p>Al\u00e9m do tema mencionado, os mission\u00e1rios puderam vivenciar a tem\u00e1tica das atividades propostas pela comunidade da Par\u00f3quia Santo Ant\u00f4nio. No dia 27, pode-se destacar a participa\u00e7\u00e3o dos mission\u00e1rios no Ato Penitencial e na Adora\u00e7\u00e3o ao Sant\u00edssimo. Um momento para focar na import\u00e2ncia mission\u00e1ria e no papel de cada um para o cuidado da casa comum e a Paz no mundo.<\/p>\n<p><img loading=\"lazy\" class=\"alignnone size-full wp-image-245338\" src=\"https:\/\/franciscanos.org.br\/noticias\/wp-content\/uploads\/2023\/10\/fae_03.jpg\" alt=\"\" width=\"1249\" height=\"1080\" srcset=\"https:\/\/franciscanos.org.br\/noticias\/wp-content\/uploads\/2023\/10\/fae_03.jpg 1249w, https:\/\/franciscanos.org.br\/noticias\/wp-content\/uploads\/2023\/10\/fae_03-450x389.jpg 450w, https:\/\/franciscanos.org.br\/noticias\/wp-content\/uploads\/2023\/10\/fae_03-1024x886.jpg 1024w, https:\/\/franciscanos.org.br\/noticias\/wp-content\/uploads\/2023\/10\/fae_03-768x664.jpg 768w, https:\/\/franciscanos.org.br\/noticias\/wp-content\/uploads\/2023\/10\/fae_03-150x130.jpg 150w\" sizes=\"(max-width: 1249px) 100vw, 1249px\" \/><\/p>\n<p>No dia 28, a partir da proposta do grupo de catequistas da Par\u00f3quia Santo Ant\u00f4nio, os mission\u00e1rios trabalham a tem\u00e1tica do \u201cCora\u00e7\u00e3o ardente, p\u00e9s a caminho\u201d, com crian\u00e7as, adolescentes, jovens adultos e adultos que frequentam a Par\u00f3quia. Momento oportuno onde trabalhou-se a import\u00e2ncia da autoestima, do di\u00e1logo e do respeito \u00e0 casa comum. Os mission\u00e1rios tamb\u00e9m tiveram a oportunidade de vivenciar din\u00e2micas de autoconhecimento e evangeliza\u00e7\u00e3o conduzidas pela equipe de catequistas da Par\u00f3quia.<\/p>\n<p>Ainda no dia 28, os mission\u00e1rios auxiliaram na liturgia da Missa realizada no Lar S\u00e3o Francisco, lar de idosos na regi\u00e3o de Florian\u00f3polis. Momento de muita f\u00e9 e intera\u00e7\u00e3o entre as gera\u00e7\u00f5es.<\/p>\n<p>Cabe ressaltar que em diversos momentos, as fam\u00edlias que acolheram os mission\u00e1rios em suas casas, para hospedagem, estiveram presentes se dedicando na organiza\u00e7\u00e3o da Miss\u00e3o Franciscana.<\/p>\n<p>E, para finalizar a 4\u00aa edi\u00e7\u00e3o da Miss\u00e3o Franciscana FAE, os mission\u00e1rios participaram da Missa de domingo (29). Frei Paulo Borges oportunizou aos mission\u00e1rios testemunhar momentos de muita f\u00e9 j\u00e1 vivenciados. Ainda, momentos de gratid\u00e3o pela Miss\u00e3o que foi realizada no \u00e2mbito da Par\u00f3quia Santo Ant\u00f4nio. O coordenador da Pastoral Universit\u00e1ria da FAE, Wellington Kihara, p\u00f4de relembrar a Alegria do Evangelho, o qual agradeceu a toda comunidade da Par\u00f3quia Santo Ant\u00f4nio, em especial o Frei Paulo Borges, por oportunizar aos mission\u00e1rios esse encontro com o Evangelho, e toda a Alegria que esse encontro proporciona.<\/p>\n<p><img loading=\"lazy\" class=\"alignnone size-full wp-image-245339\" src=\"https:\/\/franciscanos.org.br\/noticias\/wp-content\/uploads\/2023\/10\/fae_02.jpg\" alt=\"\" width=\"1280\" height=\"1089\" srcset=\"https:\/\/franciscanos.org.br\/noticias\/wp-content\/uploads\/2023\/10\/fae_02.jpg 1269w, https:\/\/franciscanos.org.br\/noticias\/wp-content\/uploads\/2023\/10\/fae_02-450x383.jpg 450w, https:\/\/franciscanos.org.br\/noticias\/wp-content\/uploads\/2023\/10\/fae_02-1024x871.jpg 1024w, https:\/\/franciscanos.org.br\/noticias\/wp-content\/uploads\/2023\/10\/fae_02-768x653.jpg 768w, https:\/\/franciscanos.org.br\/noticias\/wp-content\/uploads\/2023\/10\/fae_02-150x128.jpg 150w\" sizes=\"(max-width: 1280px) 100vw, 1280px\" \/><\/p>\n<p>\u00c9 importante destacar a participa\u00e7\u00e3o do Frei Valter Quimbundo e do Frei Jos\u00e9 Kapundi que acompanharam os alunos nessa caminhada de f\u00e9 e animaram a Miss\u00e3o com suas voca\u00e7\u00f5es e carisma.<\/p>\n<p>&#8220;Sem d\u00favida alguma, a visita da Pastoral universit\u00e1ria da FAE Curitiba, muito veio contribuir para a viv\u00eancia de uma igreja em sa\u00edda: jovens que se desligaram geograficamente e nossos Paroquianos que n\u00e3o mediram esfor\u00e7os para que todos os mission\u00e1rios(as) se sentissem bem-vindos e acolhido por todos. Eu como p\u00e1roco, senti uma grande felicidade em poder ver tudo fluindo bem e ver que h\u00e1 leigos comprometidos com o Reino de Deus. Que Deus aben\u00e7oe a todos em geral! Paz e Bem! \u201c(Frei Paulo Cezar Magalhaes Borges)<\/p>\n<hr \/>\n<p><em>Pastoral Universit\u00e1ria da FAE Centro Universit\u00e1rio<\/em><\/p>\n<p>&nbsp;<\/p>\n","protected":false},"excerpt":{"rendered":"<p>Miss\u00e3o Franciscana FAE<\/p>\n","protected":false},"author":3,"featured_media":245337,"comment_status":"open","ping_status":"open","sticky":false,"template":"","format":"standard","meta":[],"categories":[1],"tags":[548],"acf":[],"yoast_head":"<!-- This site is optimized with the Yoast SEO plugin v19.2 - https:\/\/yoast.com\/wordpress\/plugins\/seo\/ -->\n<title>Em Florian\u00f3polis, a quarta Miss\u00e3o Franciscana FAE - Not\u00edcias - Franciscanos<\/title>\n<meta name=\"robots\" content=\"index, follow, max-snippet:-1, max-image-preview:large, max-video-preview:-1\" \/>\n<link rel=\"canonical\" href=\"https:\/\/franciscanos.org.br\/noticias\/em-florianopolis-a-quarta-missao-franciscana-fae.html\" \/>\n<meta property=\"og:locale\" content=\"pt_BR\" \/>\n<meta property=\"og:type\" content=\"article\" \/>\n<meta property=\"og:title\" content=\"Em Florian\u00f3polis, a quarta Miss\u00e3o Franciscana FAE - Not\u00edcias - Franciscanos\" \/>\n<meta property=\"og:description\" content=\"Miss\u00e3o Franciscana FAE\" \/>\n<meta property=\"og:url\" content=\"https:\/\/franciscanos.org.br\/noticias\/em-florianopolis-a-quarta-missao-franciscana-fae.html\" \/>\n<meta property=\"og:site_name\" content=\"Not\u00edcias - Franciscanos\" \/>\n<meta property=\"article:published_time\" content=\"2023-10-31T18:02:58+00:00\" \/>\n<meta property=\"og:image\" content=\"https:\/\/franciscanos.org.br\/noticias\/wp-content\/uploads\/2023\/10\/fae_01.jpg\" \/>\n\t<meta property=\"og:image:width\" content=\"1280\" \/>\n\t<meta property=\"og:image:height\" content=\"720\" \/>\n\t<meta property=\"og:image:type\" content=\"image\/jpeg\" \/>\n<meta name=\"author\" content=\"moacir\" \/>\n<meta name=\"twitter:card\" content=\"summary_large_image\" \/>\n<meta name=\"twitter:label1\" content=\"Escrito por\" \/>\n\t<meta name=\"twitter:data1\" content=\"moacir\" \/>\n\t<meta name=\"twitter:label2\" content=\"Est. tempo de leitura\" \/>\n\t<meta name=\"twitter:data2\" content=\"3 minutos\" \/>\n<script type=\"application\/ld+json\" class=\"yoast-schema-graph\">{\"@context\":\"https:\/\/schema.org\",\"@graph\":[{\"@type\":\"WebSite\",\"@id\":\"https:\/\/franciscanos.org.br\/noticias\/#website\",\"url\":\"https:\/\/franciscanos.org.br\/noticias\/\",\"name\":\"Not\u00edcias - Franciscanos\",\"description\":\"Prov\u00edncia Franciscana da Imaculada Concei\u00e7\u00e3o do Brasil - Ordem dos Frades Menores - OFM\",\"potentialAction\":[{\"@type\":\"SearchAction\",\"target\":{\"@type\":\"EntryPoint\",\"urlTemplate\":\"https:\/\/franciscanos.org.br\/noticias\/?s={search_term_string}\"},\"query-input\":\"required name=search_term_string\"}],\"inLanguage\":\"pt-BR\"},{\"@type\":\"ImageObject\",\"inLanguage\":\"pt-BR\",\"@id\":\"https:\/\/franciscanos.org.br\/noticias\/em-florianopolis-a-quarta-missao-franciscana-fae.html#primaryimage\",\"url\":\"https:\/\/franciscanos.org.br\/noticias\/wp-content\/uploads\/2023\/10\/fae_01.jpg\",\"contentUrl\":\"https:\/\/franciscanos.org.br\/noticias\/wp-content\/uploads\/2023\/10\/fae_01.jpg\",\"width\":1280,\"height\":720},{\"@type\":\"WebPage\",\"@id\":\"https:\/\/franciscanos.org.br\/noticias\/em-florianopolis-a-quarta-missao-franciscana-fae.html#webpage\",\"url\":\"https:\/\/franciscanos.org.br\/noticias\/em-florianopolis-a-quarta-missao-franciscana-fae.html\",\"name\":\"Em Florian\u00f3polis, a quarta Miss\u00e3o Franciscana FAE - Not\u00edcias - Franciscanos\",\"isPartOf\":{\"@id\":\"https:\/\/franciscanos.org.br\/noticias\/#website\"},\"primaryImageOfPage\":{\"@id\":\"https:\/\/franciscanos.org.br\/noticias\/em-florianopolis-a-quarta-missao-franciscana-fae.html#primaryimage\"},\"datePublished\":\"2023-10-31T18:02:58+00:00\",\"dateModified\":\"2023-10-31T18:02:58+00:00\",\"author\":{\"@id\":\"https:\/\/franciscanos.org.br\/noticias\/#\/schema\/person\/b5c8cba458c330ccff548b056e95a5d4\"},\"breadcrumb\":{\"@id\":\"https:\/\/franciscanos.org.br\/noticias\/em-florianopolis-a-quarta-missao-franciscana-fae.html#breadcrumb\"},\"inLanguage\":\"pt-BR\",\"potentialAction\":[{\"@type\":\"ReadAction\",\"target\":[\"https:\/\/franciscanos.org.br\/noticias\/em-florianopolis-a-quarta-missao-franciscana-fae.html\"]}]},{\"@type\":\"BreadcrumbList\",\"@id\":\"https:\/\/franciscanos.org.br\/noticias\/em-florianopolis-a-quarta-missao-franciscana-fae.html#breadcrumb\",\"itemListElement\":[{\"@type\":\"ListItem\",\"position\":1,\"name\":\"Home\",\"item\":\"https:\/\/franciscanos.org.br\/noticias\"},{\"@type\":\"ListItem\",\"position\":2,\"name\":\"Em Florian\u00f3polis, a quarta Miss\u00e3o Franciscana FAE\"}]},{\"@type\":\"Person\",\"@id\":\"https:\/\/franciscanos.org.br\/noticias\/#\/schema\/person\/b5c8cba458c330ccff548b056e95a5d4\",\"name\":\"moacir\",\"image\":{\"@type\":\"ImageObject\",\"inLanguage\":\"pt-BR\",\"@id\":\"https:\/\/franciscanos.org.br\/noticias\/#\/schema\/person\/image\/\",\"url\":\"https:\/\/secure.gravatar.com\/avatar\/d08aa2ce4c8dd416d4479aa8536fcf64?s=96&d=mm&r=g\",\"contentUrl\":\"https:\/\/secure.gravatar.com\/avatar\/d08aa2ce4c8dd416d4479aa8536fcf64?s=96&d=mm&r=g\",\"caption\":\"moacir\"},\"url\":\"https:\/\/franciscanos.org.br\/noticias\/author\/moacir\"}]}<\/script>\n<!-- \/ Yoast SEO plugin. -->","yoast_head_json":{"title":"Em Florian\u00f3polis, a quarta Miss\u00e3o Franciscana FAE - Not\u00edcias - Franciscanos","robots":{"index":"index","follow":"follow","max-snippet":"max-snippet:-1","max-image-preview":"max-image-preview:large","max-video-preview":"max-video-preview:-1"},"canonical":"https:\/\/franciscanos.org.br\/noticias\/em-florianopolis-a-quarta-missao-franciscana-fae.html","og_locale":"pt_BR","og_type":"article","og_title":"Em Florian\u00f3polis, a quarta Miss\u00e3o Franciscana FAE - Not\u00edcias - Franciscanos","og_description":"Miss\u00e3o Franciscana FAE","og_url":"https:\/\/franciscanos.org.br\/noticias\/em-florianopolis-a-quarta-missao-franciscana-fae.html","og_site_name":"Not\u00edcias - Franciscanos","article_published_time":"2023-10-31T18:02:58+00:00","og_image":[{"width":1280,"height":720,"url":"https:\/\/franciscanos.org.br\/noticias\/wp-content\/uploads\/2023\/10\/fae_01.jpg","type":"image\/jpeg"}],"author":"moacir","twitter_card":"summary_large_image","twitter_misc":{"Escrito por":"moacir","Est. tempo de leitura":"3 minutos"},"schema":{"@context":"https:\/\/schema.org","@graph":[{"@type":"WebSite","@id":"https:\/\/franciscanos.org.br\/noticias\/#website","url":"https:\/\/franciscanos.org.br\/noticias\/","name":"Not\u00edcias - Franciscanos","description":"Prov\u00edncia Franciscana da Imaculada Concei\u00e7\u00e3o do Brasil - Ordem dos Frades Menores - OFM","potentialAction":[{"@type":"SearchAction","target":{"@type":"EntryPoint","urlTemplate":"https:\/\/franciscanos.org.br\/noticias\/?s={search_term_string}"},"query-input":"required name=search_term_string"}],"inLanguage":"pt-BR"},{"@type":"ImageObject","inLanguage":"pt-BR","@id":"https:\/\/franciscanos.org.br\/noticias\/em-florianopolis-a-quarta-missao-franciscana-fae.html#primaryimage","url":"https:\/\/franciscanos.org.br\/noticias\/wp-content\/uploads\/2023\/10\/fae_01.jpg","contentUrl":"https:\/\/franciscanos.org.br\/noticias\/wp-content\/uploads\/2023\/10\/fae_01.jpg","width":1280,"height":720},{"@type":"WebPage","@id":"https:\/\/franciscanos.org.br\/noticias\/em-florianopolis-a-quarta-missao-franciscana-fae.html#webpage","url":"https:\/\/franciscanos.org.br\/noticias\/em-florianopolis-a-quarta-missao-franciscana-fae.html","name":"Em Florian\u00f3polis, a quarta Miss\u00e3o Franciscana FAE - Not\u00edcias - Franciscanos","isPartOf":{"@id":"https:\/\/franciscanos.org.br\/noticias\/#website"},"primaryImageOfPage":{"@id":"https:\/\/franciscanos.org.br\/noticias\/em-florianopolis-a-quarta-missao-franciscana-fae.html#primaryimage"},"datePublished":"2023-10-31T18:02:58+00:00","dateModified":"2023-10-31T18:02:58+00:00","author":{"@id":"https:\/\/franciscanos.org.br\/noticias\/#\/schema\/person\/b5c8cba458c330ccff548b056e95a5d4"},"breadcrumb":{"@id":"https:\/\/franciscanos.org.br\/noticias\/em-florianopolis-a-quarta-missao-franciscana-fae.html#breadcrumb"},"inLanguage":"pt-BR","potentialAction":[{"@type":"ReadAction","target":["https:\/\/franciscanos.org.br\/noticias\/em-florianopolis-a-quarta-missao-franciscana-fae.html"]}]},{"@type":"BreadcrumbList","@id":"https:\/\/franciscanos.org.br\/noticias\/em-florianopolis-a-quarta-missao-franciscana-fae.html#breadcrumb","itemListElement":[{"@type":"ListItem","position":1,"name":"Home","item":"https:\/\/franciscanos.org.br\/noticias"},{"@type":"ListItem","position":2,"name":"Em Florian\u00f3polis, a quarta Miss\u00e3o Franciscana FAE"}]},{"@type":"Person","@id":"https:\/\/franciscanos.org.br\/noticias\/#\/schema\/person\/b5c8cba458c330ccff548b056e95a5d4","name":"moacir","image":{"@type":"ImageObject","inLanguage":"pt-BR","@id":"https:\/\/franciscanos.org.br\/noticias\/#\/schema\/person\/image\/","url":"https:\/\/secure.gravatar.com\/avatar\/d08aa2ce4c8dd416d4479aa8536fcf64?s=96&d=mm&r=g","contentUrl":"https:\/\/secure.gravatar.com\/avatar\/d08aa2ce4c8dd416d4479aa8536fcf64?s=96&d=mm&r=g","caption":"moacir"},"url":"https:\/\/franciscanos.org.br\/noticias\/author\/moacir"}]}},"_links":{"self":[{"href":"https:\/\/franciscanos.org.br\/noticias\/wp-json\/wp\/v2\/posts\/245336"}],"collection":[{"href":"https:\/\/franciscanos.org.br\/noticias\/wp-json\/wp\/v2\/posts"}],"about":[{"href":"https:\/\/franciscanos.org.br\/noticias\/wp-json\/wp\/v2\/types\/post"}],"author":[{"embeddable":true,"href":"https:\/\/franciscanos.org.br\/noticias\/wp-json\/wp\/v2\/users\/3"}],"replies":[{"embeddable":true,"href":"https:\/\/franciscanos.org.br\/noticias\/wp-json\/wp\/v2\/comments?post=245336"}],"version-history":[{"count":1,"href":"https:\/\/franciscanos.org.br\/noticias\/wp-json\/wp\/v2\/posts\/245336\/revisions"}],"predecessor-version":[{"id":245340,"href":"https:\/\/franciscanos.org.br\/noticias\/wp-json\/wp\/v2\/posts\/245336\/revisions\/245340"}],"wp:featuredmedia":[{"embeddable":true,"href":"https:\/\/franciscanos.org.br\/noticias\/wp-json\/wp\/v2\/media\/245337"}],"wp:attachment":[{"href":"https:\/\/franciscanos.org.br\/noticias\/wp-json\/wp\/v2\/media?parent=245336"}],"wp:term":[{"taxonomy":"category","embeddable":true,"href":"https:\/\/franciscanos.org.br\/noticias\/wp-json\/wp\/v2\/categories?post=245336"},{"taxonomy":"post_tag","embeddable":true,"href":"https:\/\/franciscanos.org.br\/noticias\/wp-json\/wp\/v2\/tags?post=245336"}],"curies":[{"name":"wp","href":"https:\/\/api.w.org\/{rel}","templated":true}]}}