{"id":245332,"date":"2023-10-31T14:16:52","date_gmt":"2023-10-31T17:16:52","guid":{"rendered":"https:\/\/franciscanos.org.br\/noticias\/?p=245332"},"modified":"2023-10-31T14:17:58","modified_gmt":"2023-10-31T17:17:58","slug":"francisco-ser-papa-e-um-processo-vai-se-tomando-consciencia-do-que-significa-ser-pastor","status":"publish","type":"post","link":"https:\/\/franciscanos.org.br\/noticias\/francisco-ser-papa-e-um-processo-vai-se-tomando-consciencia-do-que-significa-ser-pastor.html","title":{"rendered":"Francisco: ser Papa \u00e9 um processo. Vai-se tomando consci\u00eancia do que significa ser pastor"},"content":{"rendered":"<p><img loading=\"lazy\" class=\"alignnone size-full wp-image-245333\" src=\"https:\/\/franciscanos.org.br\/noticias\/wp-content\/uploads\/2023\/10\/oracao.jpg\" alt=\"\" width=\"1280\" height=\"720\" srcset=\"https:\/\/franciscanos.org.br\/noticias\/wp-content\/uploads\/2023\/10\/oracao.jpg 1280w, https:\/\/franciscanos.org.br\/noticias\/wp-content\/uploads\/2023\/10\/oracao-450x253.jpg 450w, https:\/\/franciscanos.org.br\/noticias\/wp-content\/uploads\/2023\/10\/oracao-1024x576.jpg 1024w, https:\/\/franciscanos.org.br\/noticias\/wp-content\/uploads\/2023\/10\/oracao-768x432.jpg 768w, https:\/\/franciscanos.org.br\/noticias\/wp-content\/uploads\/2023\/10\/oracao-150x84.jpg 150w\" sizes=\"(max-width: 1280px) 100vw, 1280px\" \/><\/p>\n<p>Na mensagem de v\u00eddeo do Papa Francisco com a inten\u00e7\u00e3o de ora\u00e7\u00e3o para o m\u00eas de novembro, o Santo Padre abre o seu cora\u00e7\u00e3o aos fi\u00e9is, pedindo-lhes ora\u00e7\u00f5es para que possa cumprir a sua miss\u00e3o.<\/p>\n<p>&#8220;Pe\u00e7am ao Senhor que me aben\u00e7oe&#8221;, afirma o Bispo de Roma antes de confessar: &#8220;A vossa ora\u00e7\u00e3o me d\u00e1 for\u00e7a e me ajuda a discernir e acompanhar a Igreja na escuta do Esp\u00edrito Santo&#8221;.<\/p>\n<p>O v\u00eddeo publicado pela Rede Mundial de Ora\u00e7\u00e3o do Papa, tem desta vez um tom \u00edntimo, pois tem como tema a inten\u00e7\u00e3o que corresponde a este m\u00eas: &#8220;Pelo Papa&#8221;.<\/p>\n<p><iframe loading=\"lazy\" title=\"YouTube video player\" src=\"https:\/\/www.youtube.com\/embed\/aHqpmdnSZAE?si=cr_Ka6JAhwWP1WAZ\" width=\"100%\" height=\"500\" frameborder=\"0\" allowfullscreen=\"allowfullscreen\"><span data-mce-type=\"bookmark\" style=\"display: inline-block; width: 0px; overflow: hidden; line-height: 0;\" class=\"mce_SELRES_start\">\ufeff<\/span><\/iframe><\/p>\n<p><strong>Um Papa &#8220;n\u00e3o perde a sua humanidade&#8221;<\/strong><br \/>\nAs imagens que acompanham as palavras do Santo Padre est\u00e3o tamb\u00e9m marcadas pelo tom intimista: uma esp\u00e9cie de narrativa do seu pontificado atrav\u00e9s das emo\u00e7\u00f5es. Al\u00e9m dos momentos mais conhecidos, como os primeiros instantes ap\u00f3s a sua elei\u00e7\u00e3o, h\u00e1 outros quase in\u00e9ditos, feitos de abra\u00e7os e ora\u00e7\u00f5es em diversas partes do mundo. Une-os a grande humanidade contagiosa do Papa Francisco, confirmada, mais uma vez, pela escolha da inten\u00e7\u00e3o de ora\u00e7\u00e3o para este m\u00eas e a mensagem que a acompanha.<\/p>\n<p>Por algu\u00e9m ser Papa, n\u00e3o perde a sua humanidade. Pelo contr\u00e1rio, a minha humanidade cada dia cresce mais com o povo santo e fiel de Deus. Porque ser Papa tamb\u00e9m \u00e9 um processo. Vai-se tomando consci\u00eancia do que significa ser pastor. E neste processo aprende a ser mais caridoso, mais misericordioso e, sobretudo, mais paciente, como o nosso Deus Pai, que \u00e9 t\u00e3o paciente.<\/p>\n<p>&#8220;Posso imaginar que todos os Papas, no in\u00edcio do seu pontificado, tiveram esse sentimento de medo, de vertigem, de quem sabe que vai ser julgado com dureza. Porque o Senhor aos Bispos vai pedir contas seriamente&#8221;, diz ainda Francisco no v\u00eddeo.<\/p>\n<p><strong>O Papa pede para ser julgado &#8220;com benevol\u00eancia&#8221;<\/strong><br \/>\nA seguir, o Papa se dirige a todas as pessoas que v\u00e3o ver e escutar a sua mensagem:<\/p>\n<p>Por favor, pe\u00e7o-lhes que julguem com benevol\u00eancia. E que rezem para que o Papa, seja ele quem for, hoje \u00e9 a minha vez, receba a ajuda do Esp\u00edrito Santo, seja d\u00f3cil a essa ajuda.<\/p>\n<p>Segundo a tradi\u00e7\u00e3o do Apostolado da Ora\u00e7\u00e3o, antigo nome da Rede Mundial de Ora\u00e7\u00e3o do Papa, desde 1879 os Papas confiam mensalmente uma inten\u00e7\u00e3o de ora\u00e7\u00e3o \u00e0 Igreja, por meio da Rede Mundial de Ora\u00e7\u00e3o do Papa. Neste m\u00eas, a inten\u00e7\u00e3o \u00e9 a seguinte: &#8220;Rezemos pelo Papa, para que no exerc\u00edcio da sua miss\u00e3o continue a acompanhar na f\u00e9 o rebanho a ele confiado por Jesus e sempre com a ajuda do Esp\u00edrito Santo&#8221;.<\/p>\n<p>O Papa conclui o v\u00eddeo com um toque de humor: &#8220;E rezem por mim. A meu favor&#8221;.<\/p>\n<hr \/>\n<p><em>Fonte: Vatican News<\/em><\/p>\n","protected":false},"excerpt":{"rendered":"<p>V\u00eddeo do Papa<\/p>\n","protected":false},"author":3,"featured_media":245333,"comment_status":"open","ping_status":"open","sticky":false,"template":"","format":"standard","meta":[],"categories":[1428],"tags":[542],"acf":[],"yoast_head":"<!-- This site is optimized with the Yoast SEO plugin v19.2 - https:\/\/yoast.com\/wordpress\/plugins\/seo\/ -->\n<title>Francisco: ser Papa \u00e9 um processo. Vai-se tomando consci\u00eancia do que significa ser pastor - Not\u00edcias - Franciscanos<\/title>\n<meta name=\"robots\" content=\"index, follow, max-snippet:-1, max-image-preview:large, max-video-preview:-1\" \/>\n<link rel=\"canonical\" href=\"https:\/\/franciscanos.org.br\/noticias\/francisco-ser-papa-e-um-processo-vai-se-tomando-consciencia-do-que-significa-ser-pastor.html\" \/>\n<meta property=\"og:locale\" content=\"pt_BR\" \/>\n<meta property=\"og:type\" content=\"article\" \/>\n<meta property=\"og:title\" content=\"Francisco: ser Papa \u00e9 um processo. Vai-se tomando consci\u00eancia do que significa ser pastor - Not\u00edcias - Franciscanos\" \/>\n<meta property=\"og:description\" content=\"V\u00eddeo do Papa\" \/>\n<meta property=\"og:url\" content=\"https:\/\/franciscanos.org.br\/noticias\/francisco-ser-papa-e-um-processo-vai-se-tomando-consciencia-do-que-significa-ser-pastor.html\" \/>\n<meta property=\"og:site_name\" content=\"Not\u00edcias - Franciscanos\" \/>\n<meta property=\"article:published_time\" content=\"2023-10-31T17:16:52+00:00\" \/>\n<meta property=\"article:modified_time\" content=\"2023-10-31T17:17:58+00:00\" \/>\n<meta property=\"og:image\" content=\"https:\/\/franciscanos.org.br\/noticias\/wp-content\/uploads\/2023\/10\/oracao.jpg\" \/>\n\t<meta property=\"og:image:width\" content=\"1280\" \/>\n\t<meta property=\"og:image:height\" content=\"720\" \/>\n\t<meta property=\"og:image:type\" content=\"image\/jpeg\" \/>\n<meta name=\"author\" content=\"moacir\" \/>\n<meta name=\"twitter:card\" content=\"summary_large_image\" \/>\n<meta name=\"twitter:label1\" content=\"Escrito por\" \/>\n\t<meta name=\"twitter:data1\" content=\"moacir\" \/>\n\t<meta name=\"twitter:label2\" content=\"Est. tempo de leitura\" \/>\n\t<meta name=\"twitter:data2\" content=\"2 minutos\" \/>\n<script type=\"application\/ld+json\" class=\"yoast-schema-graph\">{\"@context\":\"https:\/\/schema.org\",\"@graph\":[{\"@type\":\"WebSite\",\"@id\":\"https:\/\/franciscanos.org.br\/noticias\/#website\",\"url\":\"https:\/\/franciscanos.org.br\/noticias\/\",\"name\":\"Not\u00edcias - Franciscanos\",\"description\":\"Prov\u00edncia Franciscana da Imaculada Concei\u00e7\u00e3o do Brasil - Ordem dos Frades Menores - OFM\",\"potentialAction\":[{\"@type\":\"SearchAction\",\"target\":{\"@type\":\"EntryPoint\",\"urlTemplate\":\"https:\/\/franciscanos.org.br\/noticias\/?s={search_term_string}\"},\"query-input\":\"required name=search_term_string\"}],\"inLanguage\":\"pt-BR\"},{\"@type\":\"ImageObject\",\"inLanguage\":\"pt-BR\",\"@id\":\"https:\/\/franciscanos.org.br\/noticias\/francisco-ser-papa-e-um-processo-vai-se-tomando-consciencia-do-que-significa-ser-pastor.html#primaryimage\",\"url\":\"https:\/\/franciscanos.org.br\/noticias\/wp-content\/uploads\/2023\/10\/oracao.jpg\",\"contentUrl\":\"https:\/\/franciscanos.org.br\/noticias\/wp-content\/uploads\/2023\/10\/oracao.jpg\",\"width\":1280,\"height\":720},{\"@type\":\"WebPage\",\"@id\":\"https:\/\/franciscanos.org.br\/noticias\/francisco-ser-papa-e-um-processo-vai-se-tomando-consciencia-do-que-significa-ser-pastor.html#webpage\",\"url\":\"https:\/\/franciscanos.org.br\/noticias\/francisco-ser-papa-e-um-processo-vai-se-tomando-consciencia-do-que-significa-ser-pastor.html\",\"name\":\"Francisco: ser Papa \u00e9 um processo. Vai-se tomando consci\u00eancia do que significa ser pastor - Not\u00edcias - Franciscanos\",\"isPartOf\":{\"@id\":\"https:\/\/franciscanos.org.br\/noticias\/#website\"},\"primaryImageOfPage\":{\"@id\":\"https:\/\/franciscanos.org.br\/noticias\/francisco-ser-papa-e-um-processo-vai-se-tomando-consciencia-do-que-significa-ser-pastor.html#primaryimage\"},\"datePublished\":\"2023-10-31T17:16:52+00:00\",\"dateModified\":\"2023-10-31T17:17:58+00:00\",\"author\":{\"@id\":\"https:\/\/franciscanos.org.br\/noticias\/#\/schema\/person\/b5c8cba458c330ccff548b056e95a5d4\"},\"breadcrumb\":{\"@id\":\"https:\/\/franciscanos.org.br\/noticias\/francisco-ser-papa-e-um-processo-vai-se-tomando-consciencia-do-que-significa-ser-pastor.html#breadcrumb\"},\"inLanguage\":\"pt-BR\",\"potentialAction\":[{\"@type\":\"ReadAction\",\"target\":[\"https:\/\/franciscanos.org.br\/noticias\/francisco-ser-papa-e-um-processo-vai-se-tomando-consciencia-do-que-significa-ser-pastor.html\"]}]},{\"@type\":\"BreadcrumbList\",\"@id\":\"https:\/\/franciscanos.org.br\/noticias\/francisco-ser-papa-e-um-processo-vai-se-tomando-consciencia-do-que-significa-ser-pastor.html#breadcrumb\",\"itemListElement\":[{\"@type\":\"ListItem\",\"position\":1,\"name\":\"Home\",\"item\":\"https:\/\/franciscanos.org.br\/noticias\"},{\"@type\":\"ListItem\",\"position\":2,\"name\":\"Francisco: ser Papa \u00e9 um processo. Vai-se tomando consci\u00eancia do que significa ser pastor\"}]},{\"@type\":\"Person\",\"@id\":\"https:\/\/franciscanos.org.br\/noticias\/#\/schema\/person\/b5c8cba458c330ccff548b056e95a5d4\",\"name\":\"moacir\",\"image\":{\"@type\":\"ImageObject\",\"inLanguage\":\"pt-BR\",\"@id\":\"https:\/\/franciscanos.org.br\/noticias\/#\/schema\/person\/image\/\",\"url\":\"https:\/\/secure.gravatar.com\/avatar\/d08aa2ce4c8dd416d4479aa8536fcf64?s=96&d=mm&r=g\",\"contentUrl\":\"https:\/\/secure.gravatar.com\/avatar\/d08aa2ce4c8dd416d4479aa8536fcf64?s=96&d=mm&r=g\",\"caption\":\"moacir\"},\"url\":\"https:\/\/franciscanos.org.br\/noticias\/author\/moacir\"}]}<\/script>\n<!-- \/ Yoast SEO plugin. -->","yoast_head_json":{"title":"Francisco: ser Papa \u00e9 um processo. Vai-se tomando consci\u00eancia do que significa ser pastor - Not\u00edcias - Franciscanos","robots":{"index":"index","follow":"follow","max-snippet":"max-snippet:-1","max-image-preview":"max-image-preview:large","max-video-preview":"max-video-preview:-1"},"canonical":"https:\/\/franciscanos.org.br\/noticias\/francisco-ser-papa-e-um-processo-vai-se-tomando-consciencia-do-que-significa-ser-pastor.html","og_locale":"pt_BR","og_type":"article","og_title":"Francisco: ser Papa \u00e9 um processo. Vai-se tomando consci\u00eancia do que significa ser pastor - Not\u00edcias - Franciscanos","og_description":"V\u00eddeo do Papa","og_url":"https:\/\/franciscanos.org.br\/noticias\/francisco-ser-papa-e-um-processo-vai-se-tomando-consciencia-do-que-significa-ser-pastor.html","og_site_name":"Not\u00edcias - Franciscanos","article_published_time":"2023-10-31T17:16:52+00:00","article_modified_time":"2023-10-31T17:17:58+00:00","og_image":[{"width":1280,"height":720,"url":"https:\/\/franciscanos.org.br\/noticias\/wp-content\/uploads\/2023\/10\/oracao.jpg","type":"image\/jpeg"}],"author":"moacir","twitter_card":"summary_large_image","twitter_misc":{"Escrito por":"moacir","Est. tempo de leitura":"2 minutos"},"schema":{"@context":"https:\/\/schema.org","@graph":[{"@type":"WebSite","@id":"https:\/\/franciscanos.org.br\/noticias\/#website","url":"https:\/\/franciscanos.org.br\/noticias\/","name":"Not\u00edcias - Franciscanos","description":"Prov\u00edncia Franciscana da Imaculada Concei\u00e7\u00e3o do Brasil - Ordem dos Frades Menores - OFM","potentialAction":[{"@type":"SearchAction","target":{"@type":"EntryPoint","urlTemplate":"https:\/\/franciscanos.org.br\/noticias\/?s={search_term_string}"},"query-input":"required name=search_term_string"}],"inLanguage":"pt-BR"},{"@type":"ImageObject","inLanguage":"pt-BR","@id":"https:\/\/franciscanos.org.br\/noticias\/francisco-ser-papa-e-um-processo-vai-se-tomando-consciencia-do-que-significa-ser-pastor.html#primaryimage","url":"https:\/\/franciscanos.org.br\/noticias\/wp-content\/uploads\/2023\/10\/oracao.jpg","contentUrl":"https:\/\/franciscanos.org.br\/noticias\/wp-content\/uploads\/2023\/10\/oracao.jpg","width":1280,"height":720},{"@type":"WebPage","@id":"https:\/\/franciscanos.org.br\/noticias\/francisco-ser-papa-e-um-processo-vai-se-tomando-consciencia-do-que-significa-ser-pastor.html#webpage","url":"https:\/\/franciscanos.org.br\/noticias\/francisco-ser-papa-e-um-processo-vai-se-tomando-consciencia-do-que-significa-ser-pastor.html","name":"Francisco: ser Papa \u00e9 um processo. Vai-se tomando consci\u00eancia do que significa ser pastor - Not\u00edcias - Franciscanos","isPartOf":{"@id":"https:\/\/franciscanos.org.br\/noticias\/#website"},"primaryImageOfPage":{"@id":"https:\/\/franciscanos.org.br\/noticias\/francisco-ser-papa-e-um-processo-vai-se-tomando-consciencia-do-que-significa-ser-pastor.html#primaryimage"},"datePublished":"2023-10-31T17:16:52+00:00","dateModified":"2023-10-31T17:17:58+00:00","author":{"@id":"https:\/\/franciscanos.org.br\/noticias\/#\/schema\/person\/b5c8cba458c330ccff548b056e95a5d4"},"breadcrumb":{"@id":"https:\/\/franciscanos.org.br\/noticias\/francisco-ser-papa-e-um-processo-vai-se-tomando-consciencia-do-que-significa-ser-pastor.html#breadcrumb"},"inLanguage":"pt-BR","potentialAction":[{"@type":"ReadAction","target":["https:\/\/franciscanos.org.br\/noticias\/francisco-ser-papa-e-um-processo-vai-se-tomando-consciencia-do-que-significa-ser-pastor.html"]}]},{"@type":"BreadcrumbList","@id":"https:\/\/franciscanos.org.br\/noticias\/francisco-ser-papa-e-um-processo-vai-se-tomando-consciencia-do-que-significa-ser-pastor.html#breadcrumb","itemListElement":[{"@type":"ListItem","position":1,"name":"Home","item":"https:\/\/franciscanos.org.br\/noticias"},{"@type":"ListItem","position":2,"name":"Francisco: ser Papa \u00e9 um processo. Vai-se tomando consci\u00eancia do que significa ser pastor"}]},{"@type":"Person","@id":"https:\/\/franciscanos.org.br\/noticias\/#\/schema\/person\/b5c8cba458c330ccff548b056e95a5d4","name":"moacir","image":{"@type":"ImageObject","inLanguage":"pt-BR","@id":"https:\/\/franciscanos.org.br\/noticias\/#\/schema\/person\/image\/","url":"https:\/\/secure.gravatar.com\/avatar\/d08aa2ce4c8dd416d4479aa8536fcf64?s=96&d=mm&r=g","contentUrl":"https:\/\/secure.gravatar.com\/avatar\/d08aa2ce4c8dd416d4479aa8536fcf64?s=96&d=mm&r=g","caption":"moacir"},"url":"https:\/\/franciscanos.org.br\/noticias\/author\/moacir"}]}},"_links":{"self":[{"href":"https:\/\/franciscanos.org.br\/noticias\/wp-json\/wp\/v2\/posts\/245332"}],"collection":[{"href":"https:\/\/franciscanos.org.br\/noticias\/wp-json\/wp\/v2\/posts"}],"about":[{"href":"https:\/\/franciscanos.org.br\/noticias\/wp-json\/wp\/v2\/types\/post"}],"author":[{"embeddable":true,"href":"https:\/\/franciscanos.org.br\/noticias\/wp-json\/wp\/v2\/users\/3"}],"replies":[{"embeddable":true,"href":"https:\/\/franciscanos.org.br\/noticias\/wp-json\/wp\/v2\/comments?post=245332"}],"version-history":[{"count":2,"href":"https:\/\/franciscanos.org.br\/noticias\/wp-json\/wp\/v2\/posts\/245332\/revisions"}],"predecessor-version":[{"id":245335,"href":"https:\/\/franciscanos.org.br\/noticias\/wp-json\/wp\/v2\/posts\/245332\/revisions\/245335"}],"wp:featuredmedia":[{"embeddable":true,"href":"https:\/\/franciscanos.org.br\/noticias\/wp-json\/wp\/v2\/media\/245333"}],"wp:attachment":[{"href":"https:\/\/franciscanos.org.br\/noticias\/wp-json\/wp\/v2\/media?parent=245332"}],"wp:term":[{"taxonomy":"category","embeddable":true,"href":"https:\/\/franciscanos.org.br\/noticias\/wp-json\/wp\/v2\/categories?post=245332"},{"taxonomy":"post_tag","embeddable":true,"href":"https:\/\/franciscanos.org.br\/noticias\/wp-json\/wp\/v2\/tags?post=245332"}],"curies":[{"name":"wp","href":"https:\/\/api.w.org\/{rel}","templated":true}]}}