{"id":245239,"date":"2023-10-15T13:10:37","date_gmt":"2023-10-15T16:10:37","guid":{"rendered":"https:\/\/franciscanos.org.br\/noticias\/?p=245239"},"modified":"2025-03-10T15:48:54","modified_gmt":"2025-03-10T18:48:54","slug":"e-voce-frei-augusto-esta-capacitado-para-esta-missao-pode-estar-certo-disso-anima-frei-gustavo","status":"publish","type":"post","link":"https:\/\/franciscanos.org.br\/noticias\/e-voce-frei-augusto-esta-capacitado-para-esta-missao-pode-estar-certo-disso-anima-frei-gustavo.html","title":{"rendered":"&#8220;E voc\u00ea, Frei Augusto,\u00a0 est\u00e1 capacitado para esta miss\u00e3o, pode estar certo disso!&#8221;, anima Frei Gustavo"},"content":{"rendered":"<p><strong> <img loading=\"lazy\" class=\"alignnone size-full wp-image-245240\" src=\"https:\/\/franciscanos.org.br\/noticias\/wp-content\/uploads\/2023\/10\/primeiramissa_01.jpg\" alt=\"\" width=\"1280\" height=\"720\" srcset=\"https:\/\/franciscanos.org.br\/noticias\/wp-content\/uploads\/2023\/10\/primeiramissa_01.jpg 1280w, https:\/\/franciscanos.org.br\/noticias\/wp-content\/uploads\/2023\/10\/primeiramissa_01-450x253.jpg 450w, https:\/\/franciscanos.org.br\/noticias\/wp-content\/uploads\/2023\/10\/primeiramissa_01-1024x576.jpg 1024w, https:\/\/franciscanos.org.br\/noticias\/wp-content\/uploads\/2023\/10\/primeiramissa_01-768x432.jpg 768w, https:\/\/franciscanos.org.br\/noticias\/wp-content\/uploads\/2023\/10\/primeiramissa_01-150x84.jpg 150w\" sizes=\"(max-width: 1280px) 100vw, 1280px\" \/><\/strong><\/p>\n<p><strong>Xaxim (SC) &#8211;<\/strong> Ordenado presb\u00edtero neste s\u00e1bado, Frei Augusto Luiz Gabriel celebrou a sua Primeira Missa neste domingo (15\/10), 28\u00ba Domingo do Tempo Comum, na Capela da Comunidade Linha do Tigre, onde reside seus pais e o viu nascer e crescer. A igreja, que tem como Padroeira Nossa Senhora Salete, lotou para celebrar este momento t\u00e3o especial na vida do neopresb\u00edtero. Normalmente, a primeira Missa \u00e9 um momento de expectativa e ansiedade, mas Frei Augusto conduziu a celebra\u00e7\u00e3o com leveza, devo\u00e7\u00e3o e seguran\u00e7a, tendo ao seu lado os concelebrantes Frei Paulo Roberto Pereira, Ministro Provincial; Frei Gustavo Medella, Vig\u00e1rio Provincial; Frei Gabriel Dellandrea, do Servi\u00e7o de Anima\u00e7\u00e3o Vocacional; e Frei David Belineli, no servi\u00e7o do altar.<\/p>\n\n\t\t<style type=\"text\/css\">\n\t\t\t#gallery-1 {\n\t\t\t\tmargin: auto;\n\t\t\t}\n\t\t\t#gallery-1 .gallery-item {\n\t\t\t\tfloat: left;\n\t\t\t\tmargin-top: 10px;\n\t\t\t\ttext-align: center;\n\t\t\t\twidth: 25%;\n\t\t\t}\n\t\t\t#gallery-1 img {\n\t\t\t\tborder: 2px solid #cfcfcf;\n\t\t\t}\n\t\t\t#gallery-1 .gallery-caption {\n\t\t\t\tmargin-left: 0;\n\t\t\t}\n\t\t\t\/* see gallery_shortcode() in wp-includes\/media.php *\/\n\t\t<\/style>\n\t\t<div id='gallery-1' class='gallery galleryid-245239 gallery-columns-4 gallery-size-thumbnail'><dl class='gallery-item'>\n\t\t\t<dt class='gallery-icon landscape'>\n\t\t\t\t<a href='https:\/\/franciscanos.org.br\/noticias\/wp-content\/uploads\/2023\/10\/primeiramissa_02.jpg'><img width=\"300\" height=\"300\" src=\"https:\/\/franciscanos.org.br\/noticias\/wp-content\/uploads\/2023\/10\/primeiramissa_02-300x300.jpg\" class=\"attachment-thumbnail size-thumbnail\" alt=\"\" loading=\"lazy\" srcset=\"https:\/\/franciscanos.org.br\/noticias\/wp-content\/uploads\/2023\/10\/primeiramissa_02-300x300.jpg 300w, https:\/\/franciscanos.org.br\/noticias\/wp-content\/uploads\/2023\/10\/primeiramissa_02-100x100.jpg 100w\" sizes=\"(max-width: 300px) 100vw, 300px\" \/><\/a>\n\t\t\t<\/dt><\/dl><dl class='gallery-item'>\n\t\t\t<dt class='gallery-icon landscape'>\n\t\t\t\t<a href='https:\/\/franciscanos.org.br\/noticias\/wp-content\/uploads\/2023\/10\/primeiramissa_03.jpg'><img width=\"300\" height=\"300\" src=\"https:\/\/franciscanos.org.br\/noticias\/wp-content\/uploads\/2023\/10\/primeiramissa_03-300x300.jpg\" class=\"attachment-thumbnail size-thumbnail\" alt=\"\" loading=\"lazy\" srcset=\"https:\/\/franciscanos.org.br\/noticias\/wp-content\/uploads\/2023\/10\/primeiramissa_03-300x300.jpg 300w, https:\/\/franciscanos.org.br\/noticias\/wp-content\/uploads\/2023\/10\/primeiramissa_03-100x100.jpg 100w\" sizes=\"(max-width: 300px) 100vw, 300px\" \/><\/a>\n\t\t\t<\/dt><\/dl><dl class='gallery-item'>\n\t\t\t<dt class='gallery-icon landscape'>\n\t\t\t\t<a href='https:\/\/franciscanos.org.br\/noticias\/wp-content\/uploads\/2023\/10\/primeiramissa_04.jpg'><img width=\"300\" height=\"300\" src=\"https:\/\/franciscanos.org.br\/noticias\/wp-content\/uploads\/2023\/10\/primeiramissa_04-300x300.jpg\" class=\"attachment-thumbnail size-thumbnail\" alt=\"\" loading=\"lazy\" srcset=\"https:\/\/franciscanos.org.br\/noticias\/wp-content\/uploads\/2023\/10\/primeiramissa_04-300x300.jpg 300w, https:\/\/franciscanos.org.br\/noticias\/wp-content\/uploads\/2023\/10\/primeiramissa_04-100x100.jpg 100w\" sizes=\"(max-width: 300px) 100vw, 300px\" \/><\/a>\n\t\t\t<\/dt><\/dl><dl class='gallery-item'>\n\t\t\t<dt class='gallery-icon landscape'>\n\t\t\t\t<a href='https:\/\/franciscanos.org.br\/noticias\/wp-content\/uploads\/2023\/10\/primeiramissa_10.jpg'><img width=\"300\" height=\"300\" src=\"https:\/\/franciscanos.org.br\/noticias\/wp-content\/uploads\/2023\/10\/primeiramissa_10-300x300.jpg\" class=\"attachment-thumbnail size-thumbnail\" alt=\"\" loading=\"lazy\" srcset=\"https:\/\/franciscanos.org.br\/noticias\/wp-content\/uploads\/2023\/10\/primeiramissa_10-300x300.jpg 300w, https:\/\/franciscanos.org.br\/noticias\/wp-content\/uploads\/2023\/10\/primeiramissa_10-100x100.jpg 100w\" sizes=\"(max-width: 300px) 100vw, 300px\" \/><\/a>\n\t\t\t<\/dt><\/dl><br style=\"clear: both\" \/>\n\t\t<\/div>\n\n<p><em>(toque nas imagens para ampli\u00e1-las)<\/em><\/p>\n<p>Um grande n\u00famero de frades de toda a Prov\u00edncia, entre eles o p\u00e1roco Frei Gilson Kammer e o guardi\u00e3o Frei Jacir Zolet, que n\u00e3o mediram esfor\u00e7os para tornar essa celebra\u00e7\u00e3o uma grande festa, como disse Frei Medella na homilia. A celebra\u00e7\u00e3o come\u00e7ou \u00e0s 10 horas de uma manh\u00e3 dominical com temperatura agrad\u00e1vel. E o Coral dos Canarinhos encantou o povo novamente, deixando a liturgia solene e bela.<\/p>\n<p>Como \u00e9 de costume na Prov\u00edncia, o neopresb\u00edtero n\u00e3o faz a primeira homilia e convida uma pessoa que marcou a sua hist\u00f3ria de vida, especialmente no per\u00edodo de forma\u00e7\u00e3o.\u00a0 Frei Augusto convidou o o Vig\u00e1rio Provincial, Frei Gustavo Medella, seu formador e amigo.<\/p>\n<p><img loading=\"lazy\" class=\"alignnone size-full wp-image-245245\" src=\"https:\/\/franciscanos.org.br\/noticias\/wp-content\/uploads\/2023\/10\/primeiramissa_15.jpg\" alt=\"\" width=\"1280\" height=\"853\" srcset=\"https:\/\/franciscanos.org.br\/noticias\/wp-content\/uploads\/2023\/10\/primeiramissa_15.jpg 1280w, https:\/\/franciscanos.org.br\/noticias\/wp-content\/uploads\/2023\/10\/primeiramissa_15-450x300.jpg 450w, https:\/\/franciscanos.org.br\/noticias\/wp-content\/uploads\/2023\/10\/primeiramissa_15-1024x682.jpg 1024w, https:\/\/franciscanos.org.br\/noticias\/wp-content\/uploads\/2023\/10\/primeiramissa_15-768x512.jpg 768w, https:\/\/franciscanos.org.br\/noticias\/wp-content\/uploads\/2023\/10\/primeiramissa_15-150x100.jpg 150w\" sizes=\"(max-width: 1280px) 100vw, 1280px\" \/><\/p>\n<p><img loading=\"lazy\" class=\"alignnone size-full wp-image-245246\" src=\"https:\/\/franciscanos.org.br\/noticias\/wp-content\/uploads\/2023\/10\/primeiramissa_08.jpg\" alt=\"\" width=\"1280\" height=\"741\" srcset=\"https:\/\/franciscanos.org.br\/noticias\/wp-content\/uploads\/2023\/10\/primeiramissa_08.jpg 1280w, https:\/\/franciscanos.org.br\/noticias\/wp-content\/uploads\/2023\/10\/primeiramissa_08-450x261.jpg 450w, https:\/\/franciscanos.org.br\/noticias\/wp-content\/uploads\/2023\/10\/primeiramissa_08-1024x593.jpg 1024w, https:\/\/franciscanos.org.br\/noticias\/wp-content\/uploads\/2023\/10\/primeiramissa_08-768x445.jpg 768w, https:\/\/franciscanos.org.br\/noticias\/wp-content\/uploads\/2023\/10\/primeiramissa_08-150x87.jpg 150w\" sizes=\"(max-width: 1280px) 100vw, 1280px\" \/><\/p>\n<p>&#8220;O Reino de Deus \u00e9 uma festa. \u00c9 o que Jesus nos ensina na par\u00e1bola deste domingo, tentando fazer aquele povo de cabe\u00e7a dura entender a proposta de Deus para os filhos e filhas que Ele tanto ama. Festa \u00e9 alegria, confraterniza\u00e7\u00e3o, m\u00fasica, dan\u00e7a, comida e bebida, mas \u00e9, sobretudo, presen\u00e7a. Sem presen\u00e7a, mesmo que tudo esteja pronto e preparado, do bom e do melhor, n\u00e3o h\u00e1 festa&#8221;, abriu a sua reflex\u00e3o Frei Medella.<\/p>\n<p><img loading=\"lazy\" class=\"alignnone size-full wp-image-245247\" src=\"https:\/\/franciscanos.org.br\/noticias\/wp-content\/uploads\/2023\/10\/primeiramissa_05.jpg\" alt=\"\" width=\"1280\" height=\"732\" srcset=\"https:\/\/franciscanos.org.br\/noticias\/wp-content\/uploads\/2023\/10\/primeiramissa_05.jpg 1280w, https:\/\/franciscanos.org.br\/noticias\/wp-content\/uploads\/2023\/10\/primeiramissa_05-450x257.jpg 450w, https:\/\/franciscanos.org.br\/noticias\/wp-content\/uploads\/2023\/10\/primeiramissa_05-1024x586.jpg 1024w, https:\/\/franciscanos.org.br\/noticias\/wp-content\/uploads\/2023\/10\/primeiramissa_05-768x439.jpg 768w, https:\/\/franciscanos.org.br\/noticias\/wp-content\/uploads\/2023\/10\/primeiramissa_05-150x86.jpg 150w\" sizes=\"(max-width: 1280px) 100vw, 1280px\" \/><\/p>\n<p>A Frei Augusto disse: Na Festa do Reino, voc\u00ea j\u00e1 escolheu, e precisa seguir escolhendo, ser presen\u00e7a garantida. Presen\u00e7a pr\u00f3xima e fiel ao Dono da Festa, Jesus Cristo. Voc\u00ea j\u00e1 respondeu SIM ao convite, no Batismo, na profiss\u00e3o religiosa, na ordena\u00e7\u00e3o diaconal e reafirmou seu sim na Ordena\u00e7\u00e3o Presbiteral. Voc\u00ea n\u00e3o \u00e9 mais convidado! Voc\u00ea \u00e9 escolhido!<\/p>\n<p>&#8220;E esta escolha, Frei Augusto, \u00e9 um privil\u00e9gio, uma gra\u00e7a!&#8221;, disse.<\/p>\n<p>&#8220;Sua miss\u00e3o n\u00e3o \u00e9 apenas aproveitar da Festa, mas garantir que ela aconte\u00e7a. Olhos, ouvidos, m\u00e3os, p\u00e9s, cora\u00e7\u00e3o, cem por cento atentos e sintonizados com Cristo para contornar qualquer imprevisto ou dificuldade, dispondo-se a fazer o que for, quando preciso for. Voc\u00ea vai ser porteiro, gar\u00e7om, faxineiro, assador, rep\u00f3rter, enfermeiro, ou seja, vai ter que &#8216;se virar nos trinta\u2026&#8217;\u201d, acrescentou.<\/p>\n<p><img loading=\"lazy\" class=\"alignnone size-full wp-image-245248\" src=\"https:\/\/franciscanos.org.br\/noticias\/wp-content\/uploads\/2023\/10\/primeiramissa_11.jpg\" alt=\"\" width=\"1280\" height=\"853\" srcset=\"https:\/\/franciscanos.org.br\/noticias\/wp-content\/uploads\/2023\/10\/primeiramissa_11.jpg 1280w, https:\/\/franciscanos.org.br\/noticias\/wp-content\/uploads\/2023\/10\/primeiramissa_11-450x300.jpg 450w, https:\/\/franciscanos.org.br\/noticias\/wp-content\/uploads\/2023\/10\/primeiramissa_11-1024x682.jpg 1024w, https:\/\/franciscanos.org.br\/noticias\/wp-content\/uploads\/2023\/10\/primeiramissa_11-768x512.jpg 768w, https:\/\/franciscanos.org.br\/noticias\/wp-content\/uploads\/2023\/10\/primeiramissa_11-150x100.jpg 150w\" sizes=\"(max-width: 1280px) 100vw, 1280px\" \/><\/p>\n<p><img loading=\"lazy\" class=\"alignnone size-full wp-image-245249\" src=\"https:\/\/franciscanos.org.br\/noticias\/wp-content\/uploads\/2023\/10\/primeiramissa_14.jpg\" alt=\"\" width=\"1280\" height=\"853\" srcset=\"https:\/\/franciscanos.org.br\/noticias\/wp-content\/uploads\/2023\/10\/primeiramissa_14.jpg 1280w, https:\/\/franciscanos.org.br\/noticias\/wp-content\/uploads\/2023\/10\/primeiramissa_14-450x300.jpg 450w, https:\/\/franciscanos.org.br\/noticias\/wp-content\/uploads\/2023\/10\/primeiramissa_14-1024x682.jpg 1024w, https:\/\/franciscanos.org.br\/noticias\/wp-content\/uploads\/2023\/10\/primeiramissa_14-768x512.jpg 768w, https:\/\/franciscanos.org.br\/noticias\/wp-content\/uploads\/2023\/10\/primeiramissa_14-150x100.jpg 150w\" sizes=\"(max-width: 1280px) 100vw, 1280px\" \/><\/p>\n<p>Para Frei Medella, o compromisso maior de Frei Augusto \u00e9 garantir que a festa seja para todos e que todos se sintam bem: festa da fartura, festa da inclus\u00e3o, festa da b\u00ean\u00e7\u00e3o, festa do respeito, festa da dignidade, festa da partilha, festa do Cuidado com a Casa Comum. Cada sacramento que voc\u00ea celebrar seja sinal deste compromisso que voc\u00ea tem abra\u00e7ado de sinalizar o amor e a bondade de DDeus onde quer que se encontre.<\/p>\n<p>&#8220;E voc\u00ea est\u00e1 capacitado para esta miss\u00e3o, pode estar certo disso! Aprendeu desde os seus primeiros passos, no seio da fam\u00edlia! \u00c9 emocionante ler o relato da sua fam\u00edlia. Gente simples, trabalhadora, honesta, perseverante, gente de f\u00e9. O ter\u00e7o em fam\u00edlia, a fidelidade no servi\u00e7o, a generosidade nas rela\u00e7\u00f5es, tudo isso, Frei Augusto, \u00e9 a base do Minist\u00e9rio que voc\u00ea escolheu assumir. Gostei da hist\u00f3ria revelada em primeira m\u00e3o pela Dona Elenir, quando, ainda no ventre materno, voc\u00ea imitou S\u00e3o Jo\u00e3o Batista e se movimentou no momento em que, numa carona, sua m\u00e3e ouviu uma provoca\u00e7\u00e3o de que j\u00e1 estava na hora da Vila Tigre, terra do querido Frei Ludovico Garmus, oferecer mais um frade franciscano \u00e0 Igreja e ao Mundo. Antes de nascer, ainda na barriga da m\u00e3e, voc\u00ea se apresentou para a miss\u00e3o, inspirado no capixaba Roberto Carlos, e disse, sem falar: 3Esse cara sou eu!&#8217;\u201d, recordou o Vig\u00e1rio Provincial.<\/p>\n<p><img loading=\"lazy\" class=\"alignnone size-full wp-image-245251\" src=\"https:\/\/franciscanos.org.br\/noticias\/wp-content\/uploads\/2023\/10\/primeiramissa_16.jpg\" alt=\"\" width=\"1280\" height=\"853\" srcset=\"https:\/\/franciscanos.org.br\/noticias\/wp-content\/uploads\/2023\/10\/primeiramissa_16.jpg 1280w, https:\/\/franciscanos.org.br\/noticias\/wp-content\/uploads\/2023\/10\/primeiramissa_16-450x300.jpg 450w, https:\/\/franciscanos.org.br\/noticias\/wp-content\/uploads\/2023\/10\/primeiramissa_16-1024x682.jpg 1024w, https:\/\/franciscanos.org.br\/noticias\/wp-content\/uploads\/2023\/10\/primeiramissa_16-768x512.jpg 768w, https:\/\/franciscanos.org.br\/noticias\/wp-content\/uploads\/2023\/10\/primeiramissa_16-150x100.jpg 150w\" sizes=\"(max-width: 1280px) 100vw, 1280px\" \/><\/p>\n<p>&#8220;A figura que voc\u00ea escolheu para ilustrar o convite de ordena\u00e7\u00e3o \u00e9 muito sugestiva. A imagem do Cristo, Bom Pastor, num modelo para os dias de hoje. Parece at\u00e9 voc\u00ea, no relato de sua m\u00e3e, chap\u00e9u cheio de estilo, cal\u00e7a jeans de pegar frango, camiseta regata, sand\u00e1lia. Faltaram os \u00f3culos escuros que, segunda a Dona Elenir, faziam parte do visual. Este Cristo traz uma ovelha pequena nos bra\u00e7os, que faz lembrar os bezerrinhos de quem voc\u00ea se despediu quando partiu para Agudos, segurando para n\u00e3o chorar. Os bezerrinhos ficaram na Vila Tigre, mas o cuidado e a aten\u00e7\u00e3o voc\u00ea trouxe consigo e \u00e9 com eles que voc\u00ea vai levar o prop\u00f3sito que assumiu no lema de ordena\u00e7\u00e3o: &#8216;Ide pelo mundo inteiro e anunciai o Evangelho a toda criatura&#8217; (Mc 16,15). Da Vila Tigre para o mundo inteiro. E agora, Frei Augusto, este mundo inteiro se chama Fraternidade Santo Ant\u00f4nio de Santana Galv\u00e3o, na Par\u00f3quia Santa Clara, em Colatina. \u00c9 ali o seu ch\u00e3o sagrado, o lugar para onde o Senhor lhe enviou para ser Sal na Terra e Luz do Mundo&#8221;, exortou.<\/p>\n<p><img loading=\"lazy\" class=\"alignnone size-full wp-image-245252\" src=\"https:\/\/franciscanos.org.br\/noticias\/wp-content\/uploads\/2023\/10\/primeiramissa_07.jpg\" alt=\"\" width=\"1280\" height=\"1680\" srcset=\"https:\/\/franciscanos.org.br\/noticias\/wp-content\/uploads\/2023\/10\/primeiramissa_07.jpg 823w, https:\/\/franciscanos.org.br\/noticias\/wp-content\/uploads\/2023\/10\/primeiramissa_07-343x450.jpg 343w, https:\/\/franciscanos.org.br\/noticias\/wp-content\/uploads\/2023\/10\/primeiramissa_07-780x1024.jpg 780w, https:\/\/franciscanos.org.br\/noticias\/wp-content\/uploads\/2023\/10\/primeiramissa_07-768x1008.jpg 768w, https:\/\/franciscanos.org.br\/noticias\/wp-content\/uploads\/2023\/10\/primeiramissa_07-1170x1536.jpg 1170w, https:\/\/franciscanos.org.br\/noticias\/wp-content\/uploads\/2023\/10\/primeiramissa_07-150x197.jpg 150w\" sizes=\"(max-width: 1280px) 100vw, 1280px\" \/><\/p>\n<p>&#8220;Nesta miss\u00e3o aben\u00e7oada, Frei Augusto, Nossa Senhora o acompanha. A Virgem da Salete, que nesta Comunidade lhe viu nascer e crescer, ser\u00e1 a grande intercessora de seu Minist\u00e9rio. Jamais se esque\u00e7a dela, nenhum dia sequer, porque ela \u00e9 a M\u00e3e do Dono da Festa, a quem ele disse: &#8216;M\u00e3e, n\u00e3o deixe faltar nada para ningu\u00e9m&#8217;. A Dona ELenir sabe que o pedido do filho, para a m\u00e3e, \u00e9 uma ordem. A Festa, com o carinho e a aten\u00e7\u00e3o da M\u00e3e, fica mais bonita, mais alegre, mais plena. \u00c9 Frei Augusto, a Festa est\u00e1 s\u00f3 come\u00e7ando. O seu lugar, voc\u00ea j\u00e1 escolheu. O lugar do servi\u00e7o alegre e generoso ao Povo, servi\u00e7o empenhado, incans\u00e1vel, para que o Reino de Deus se torne realidade de vida plena, vida para todos. Muito obrigado pelo seu SIM \u00e9 que Deus sempre\u00a0lhe\u00a0aben\u00e7oe&#8221;, concuiu o Vig\u00e1rio Provincial.<\/p>\n<p><img loading=\"lazy\" class=\"alignnone size-full wp-image-245253\" src=\"https:\/\/franciscanos.org.br\/noticias\/wp-content\/uploads\/2023\/10\/primeiramissa_06.jpg\" alt=\"\" width=\"1280\" height=\"578\" srcset=\"https:\/\/franciscanos.org.br\/noticias\/wp-content\/uploads\/2023\/10\/primeiramissa_06.jpg 1280w, https:\/\/franciscanos.org.br\/noticias\/wp-content\/uploads\/2023\/10\/primeiramissa_06-450x203.jpg 450w, https:\/\/franciscanos.org.br\/noticias\/wp-content\/uploads\/2023\/10\/primeiramissa_06-1024x462.jpg 1024w, https:\/\/franciscanos.org.br\/noticias\/wp-content\/uploads\/2023\/10\/primeiramissa_06-768x347.jpg 768w, https:\/\/franciscanos.org.br\/noticias\/wp-content\/uploads\/2023\/10\/primeiramissa_06-150x68.jpg 150w\" sizes=\"(max-width: 1280px) 100vw, 1280px\" \/><\/p>\n<p>Frei Augusto recebeu mais homenagens da Vila Tigre, onde todos o conhecem e tamb\u00e9m da caravana que veio de Colatina, onde ele reside. Convidou a todos para o almo\u00e7o e agradeceu a sua fam\u00edlia que se dedicou para oferecer a melhor confraterniza\u00e7\u00e3o na festa do filho. Frei Augusto tamb\u00e9m fez uma homenagem aos professores, lembrando que hoje \u00e9 o seu. Muitos que deram aulas para ele, estavam presentes. No grande sal\u00e3o da Comunidade, recebeu outras homenagens.<\/p>\n<p><img loading=\"lazy\" class=\"alignnone size-full wp-image-245250\" src=\"https:\/\/franciscanos.org.br\/noticias\/wp-content\/uploads\/2023\/10\/primeiramissa_12.jpg\" alt=\"\" width=\"1280\" height=\"691\" srcset=\"https:\/\/franciscanos.org.br\/noticias\/wp-content\/uploads\/2023\/10\/primeiramissa_12.jpg 1280w, https:\/\/franciscanos.org.br\/noticias\/wp-content\/uploads\/2023\/10\/primeiramissa_12-450x243.jpg 450w, https:\/\/franciscanos.org.br\/noticias\/wp-content\/uploads\/2023\/10\/primeiramissa_12-1024x553.jpg 1024w, https:\/\/franciscanos.org.br\/noticias\/wp-content\/uploads\/2023\/10\/primeiramissa_12-768x415.jpg 768w, https:\/\/franciscanos.org.br\/noticias\/wp-content\/uploads\/2023\/10\/primeiramissa_12-150x81.jpg 150w\" sizes=\"(max-width: 1280px) 100vw, 1280px\" \/><\/p>\n<p>Frei Augusto fica at\u00e9 sexta-feira em Xaxim e volta a celebrar a Eucaristia na Vila Tigre, na pr\u00f3xima quinta-feira, \u00e0s 19 horas.<\/p>\n<p><iframe loading=\"lazy\" title=\"YouTube video player\" src=\"https:\/\/www.youtube.com\/embed\/HGRN9i_pPpo?si=rWKxGysPAr3sqfMX\" width=\"100%\" height=\"480\" frameborder=\"0\" allowfullscreen=\"allowfullscreen\"><span data-mce-type=\"bookmark\" style=\"display: inline-block; width: 0px; overflow: hidden; line-height: 0;\" class=\"mce_SELRES_start\">\ufeff<\/span><\/iframe><\/p>\n<hr \/>\n<p><em>Moacir Beggo<\/em><\/p>\n","protected":false},"excerpt":{"rendered":"<p>Primeira Missa de Frei Augusto<\/p>\n","protected":false},"author":3,"featured_media":245240,"comment_status":"open","ping_status":"open","sticky":false,"template":"","format":"standard","meta":[],"categories":[1],"tags":[157,2056],"acf":[],"yoast_head":"<!-- This site is optimized with the Yoast SEO plugin v19.2 - https:\/\/yoast.com\/wordpress\/plugins\/seo\/ -->\n<title>&quot;E voc\u00ea, Frei Augusto,\u00a0 est\u00e1 capacitado para esta miss\u00e3o, pode estar certo disso!&quot;, anima Frei Gustavo - Not\u00edcias - Franciscanos<\/title>\n<meta name=\"robots\" content=\"index, follow, max-snippet:-1, max-image-preview:large, max-video-preview:-1\" \/>\n<link rel=\"canonical\" href=\"https:\/\/franciscanos.org.br\/noticias\/e-voce-frei-augusto-esta-capacitado-para-esta-missao-pode-estar-certo-disso-anima-frei-gustavo.html\" \/>\n<meta property=\"og:locale\" content=\"pt_BR\" \/>\n<meta property=\"og:type\" content=\"article\" \/>\n<meta property=\"og:title\" content=\"&quot;E voc\u00ea, Frei Augusto,\u00a0 est\u00e1 capacitado para esta miss\u00e3o, pode estar certo disso!&quot;, anima Frei Gustavo - Not\u00edcias - Franciscanos\" \/>\n<meta property=\"og:description\" content=\"Primeira Missa de Frei Augusto\" \/>\n<meta property=\"og:url\" content=\"https:\/\/franciscanos.org.br\/noticias\/e-voce-frei-augusto-esta-capacitado-para-esta-missao-pode-estar-certo-disso-anima-frei-gustavo.html\" \/>\n<meta property=\"og:site_name\" content=\"Not\u00edcias - Franciscanos\" \/>\n<meta property=\"article:published_time\" content=\"2023-10-15T16:10:37+00:00\" \/>\n<meta property=\"article:modified_time\" content=\"2025-03-10T18:48:54+00:00\" \/>\n<meta property=\"og:image\" content=\"https:\/\/franciscanos.org.br\/noticias\/wp-content\/uploads\/2023\/10\/primeiramissa_01.jpg\" \/>\n\t<meta property=\"og:image:width\" content=\"1280\" \/>\n\t<meta property=\"og:image:height\" content=\"720\" \/>\n\t<meta property=\"og:image:type\" content=\"image\/jpeg\" \/>\n<meta name=\"author\" content=\"moacir\" \/>\n<meta name=\"twitter:card\" content=\"summary_large_image\" \/>\n<meta name=\"twitter:label1\" content=\"Escrito por\" \/>\n\t<meta name=\"twitter:data1\" content=\"moacir\" \/>\n\t<meta name=\"twitter:label2\" content=\"Est. tempo de leitura\" \/>\n\t<meta name=\"twitter:data2\" content=\"6 minutos\" \/>\n<script type=\"application\/ld+json\" class=\"yoast-schema-graph\">{\"@context\":\"https:\/\/schema.org\",\"@graph\":[{\"@type\":\"WebSite\",\"@id\":\"https:\/\/franciscanos.org.br\/noticias\/#website\",\"url\":\"https:\/\/franciscanos.org.br\/noticias\/\",\"name\":\"Not\u00edcias - Franciscanos\",\"description\":\"Prov\u00edncia Franciscana da Imaculada Concei\u00e7\u00e3o do Brasil - Ordem dos Frades Menores - OFM\",\"potentialAction\":[{\"@type\":\"SearchAction\",\"target\":{\"@type\":\"EntryPoint\",\"urlTemplate\":\"https:\/\/franciscanos.org.br\/noticias\/?s={search_term_string}\"},\"query-input\":\"required name=search_term_string\"}],\"inLanguage\":\"pt-BR\"},{\"@type\":\"ImageObject\",\"inLanguage\":\"pt-BR\",\"@id\":\"https:\/\/franciscanos.org.br\/noticias\/e-voce-frei-augusto-esta-capacitado-para-esta-missao-pode-estar-certo-disso-anima-frei-gustavo.html#primaryimage\",\"url\":\"https:\/\/franciscanos.org.br\/noticias\/wp-content\/uploads\/2023\/10\/primeiramissa_01.jpg\",\"contentUrl\":\"https:\/\/franciscanos.org.br\/noticias\/wp-content\/uploads\/2023\/10\/primeiramissa_01.jpg\",\"width\":1280,\"height\":720},{\"@type\":\"WebPage\",\"@id\":\"https:\/\/franciscanos.org.br\/noticias\/e-voce-frei-augusto-esta-capacitado-para-esta-missao-pode-estar-certo-disso-anima-frei-gustavo.html#webpage\",\"url\":\"https:\/\/franciscanos.org.br\/noticias\/e-voce-frei-augusto-esta-capacitado-para-esta-missao-pode-estar-certo-disso-anima-frei-gustavo.html\",\"name\":\"\\\"E voc\u00ea, Frei Augusto,\u00a0 est\u00e1 capacitado para esta miss\u00e3o, pode estar certo disso!\\\", anima Frei Gustavo - Not\u00edcias - Franciscanos\",\"isPartOf\":{\"@id\":\"https:\/\/franciscanos.org.br\/noticias\/#website\"},\"primaryImageOfPage\":{\"@id\":\"https:\/\/franciscanos.org.br\/noticias\/e-voce-frei-augusto-esta-capacitado-para-esta-missao-pode-estar-certo-disso-anima-frei-gustavo.html#primaryimage\"},\"datePublished\":\"2023-10-15T16:10:37+00:00\",\"dateModified\":\"2025-03-10T18:48:54+00:00\",\"author\":{\"@id\":\"https:\/\/franciscanos.org.br\/noticias\/#\/schema\/person\/b5c8cba458c330ccff548b056e95a5d4\"},\"breadcrumb\":{\"@id\":\"https:\/\/franciscanos.org.br\/noticias\/e-voce-frei-augusto-esta-capacitado-para-esta-missao-pode-estar-certo-disso-anima-frei-gustavo.html#breadcrumb\"},\"inLanguage\":\"pt-BR\",\"potentialAction\":[{\"@type\":\"ReadAction\",\"target\":[\"https:\/\/franciscanos.org.br\/noticias\/e-voce-frei-augusto-esta-capacitado-para-esta-missao-pode-estar-certo-disso-anima-frei-gustavo.html\"]}]},{\"@type\":\"BreadcrumbList\",\"@id\":\"https:\/\/franciscanos.org.br\/noticias\/e-voce-frei-augusto-esta-capacitado-para-esta-missao-pode-estar-certo-disso-anima-frei-gustavo.html#breadcrumb\",\"itemListElement\":[{\"@type\":\"ListItem\",\"position\":1,\"name\":\"Home\",\"item\":\"https:\/\/franciscanos.org.br\/noticias\"},{\"@type\":\"ListItem\",\"position\":2,\"name\":\"&#8220;E voc\u00ea, Frei Augusto,\u00a0 est\u00e1 capacitado para esta miss\u00e3o, pode estar certo disso!&#8221;, anima Frei Gustavo\"}]},{\"@type\":\"Person\",\"@id\":\"https:\/\/franciscanos.org.br\/noticias\/#\/schema\/person\/b5c8cba458c330ccff548b056e95a5d4\",\"name\":\"moacir\",\"image\":{\"@type\":\"ImageObject\",\"inLanguage\":\"pt-BR\",\"@id\":\"https:\/\/franciscanos.org.br\/noticias\/#\/schema\/person\/image\/\",\"url\":\"https:\/\/secure.gravatar.com\/avatar\/d08aa2ce4c8dd416d4479aa8536fcf64?s=96&d=mm&r=g\",\"contentUrl\":\"https:\/\/secure.gravatar.com\/avatar\/d08aa2ce4c8dd416d4479aa8536fcf64?s=96&d=mm&r=g\",\"caption\":\"moacir\"},\"url\":\"https:\/\/franciscanos.org.br\/noticias\/author\/moacir\"}]}<\/script>\n<!-- \/ Yoast SEO plugin. -->","yoast_head_json":{"title":"\"E voc\u00ea, Frei Augusto,\u00a0 est\u00e1 capacitado para esta miss\u00e3o, pode estar certo disso!\", anima Frei Gustavo - Not\u00edcias - Franciscanos","robots":{"index":"index","follow":"follow","max-snippet":"max-snippet:-1","max-image-preview":"max-image-preview:large","max-video-preview":"max-video-preview:-1"},"canonical":"https:\/\/franciscanos.org.br\/noticias\/e-voce-frei-augusto-esta-capacitado-para-esta-missao-pode-estar-certo-disso-anima-frei-gustavo.html","og_locale":"pt_BR","og_type":"article","og_title":"\"E voc\u00ea, Frei Augusto,\u00a0 est\u00e1 capacitado para esta miss\u00e3o, pode estar certo disso!\", anima Frei Gustavo - Not\u00edcias - Franciscanos","og_description":"Primeira Missa de Frei Augusto","og_url":"https:\/\/franciscanos.org.br\/noticias\/e-voce-frei-augusto-esta-capacitado-para-esta-missao-pode-estar-certo-disso-anima-frei-gustavo.html","og_site_name":"Not\u00edcias - Franciscanos","article_published_time":"2023-10-15T16:10:37+00:00","article_modified_time":"2025-03-10T18:48:54+00:00","og_image":[{"width":1280,"height":720,"url":"https:\/\/franciscanos.org.br\/noticias\/wp-content\/uploads\/2023\/10\/primeiramissa_01.jpg","type":"image\/jpeg"}],"author":"moacir","twitter_card":"summary_large_image","twitter_misc":{"Escrito por":"moacir","Est. tempo de leitura":"6 minutos"},"schema":{"@context":"https:\/\/schema.org","@graph":[{"@type":"WebSite","@id":"https:\/\/franciscanos.org.br\/noticias\/#website","url":"https:\/\/franciscanos.org.br\/noticias\/","name":"Not\u00edcias - Franciscanos","description":"Prov\u00edncia Franciscana da Imaculada Concei\u00e7\u00e3o do Brasil - Ordem dos Frades Menores - OFM","potentialAction":[{"@type":"SearchAction","target":{"@type":"EntryPoint","urlTemplate":"https:\/\/franciscanos.org.br\/noticias\/?s={search_term_string}"},"query-input":"required name=search_term_string"}],"inLanguage":"pt-BR"},{"@type":"ImageObject","inLanguage":"pt-BR","@id":"https:\/\/franciscanos.org.br\/noticias\/e-voce-frei-augusto-esta-capacitado-para-esta-missao-pode-estar-certo-disso-anima-frei-gustavo.html#primaryimage","url":"https:\/\/franciscanos.org.br\/noticias\/wp-content\/uploads\/2023\/10\/primeiramissa_01.jpg","contentUrl":"https:\/\/franciscanos.org.br\/noticias\/wp-content\/uploads\/2023\/10\/primeiramissa_01.jpg","width":1280,"height":720},{"@type":"WebPage","@id":"https:\/\/franciscanos.org.br\/noticias\/e-voce-frei-augusto-esta-capacitado-para-esta-missao-pode-estar-certo-disso-anima-frei-gustavo.html#webpage","url":"https:\/\/franciscanos.org.br\/noticias\/e-voce-frei-augusto-esta-capacitado-para-esta-missao-pode-estar-certo-disso-anima-frei-gustavo.html","name":"\"E voc\u00ea, Frei Augusto,\u00a0 est\u00e1 capacitado para esta miss\u00e3o, pode estar certo disso!\", anima Frei Gustavo - Not\u00edcias - Franciscanos","isPartOf":{"@id":"https:\/\/franciscanos.org.br\/noticias\/#website"},"primaryImageOfPage":{"@id":"https:\/\/franciscanos.org.br\/noticias\/e-voce-frei-augusto-esta-capacitado-para-esta-missao-pode-estar-certo-disso-anima-frei-gustavo.html#primaryimage"},"datePublished":"2023-10-15T16:10:37+00:00","dateModified":"2025-03-10T18:48:54+00:00","author":{"@id":"https:\/\/franciscanos.org.br\/noticias\/#\/schema\/person\/b5c8cba458c330ccff548b056e95a5d4"},"breadcrumb":{"@id":"https:\/\/franciscanos.org.br\/noticias\/e-voce-frei-augusto-esta-capacitado-para-esta-missao-pode-estar-certo-disso-anima-frei-gustavo.html#breadcrumb"},"inLanguage":"pt-BR","potentialAction":[{"@type":"ReadAction","target":["https:\/\/franciscanos.org.br\/noticias\/e-voce-frei-augusto-esta-capacitado-para-esta-missao-pode-estar-certo-disso-anima-frei-gustavo.html"]}]},{"@type":"BreadcrumbList","@id":"https:\/\/franciscanos.org.br\/noticias\/e-voce-frei-augusto-esta-capacitado-para-esta-missao-pode-estar-certo-disso-anima-frei-gustavo.html#breadcrumb","itemListElement":[{"@type":"ListItem","position":1,"name":"Home","item":"https:\/\/franciscanos.org.br\/noticias"},{"@type":"ListItem","position":2,"name":"&#8220;E voc\u00ea, Frei Augusto,\u00a0 est\u00e1 capacitado para esta miss\u00e3o, pode estar certo disso!&#8221;, anima Frei Gustavo"}]},{"@type":"Person","@id":"https:\/\/franciscanos.org.br\/noticias\/#\/schema\/person\/b5c8cba458c330ccff548b056e95a5d4","name":"moacir","image":{"@type":"ImageObject","inLanguage":"pt-BR","@id":"https:\/\/franciscanos.org.br\/noticias\/#\/schema\/person\/image\/","url":"https:\/\/secure.gravatar.com\/avatar\/d08aa2ce4c8dd416d4479aa8536fcf64?s=96&d=mm&r=g","contentUrl":"https:\/\/secure.gravatar.com\/avatar\/d08aa2ce4c8dd416d4479aa8536fcf64?s=96&d=mm&r=g","caption":"moacir"},"url":"https:\/\/franciscanos.org.br\/noticias\/author\/moacir"}]}},"_links":{"self":[{"href":"https:\/\/franciscanos.org.br\/noticias\/wp-json\/wp\/v2\/posts\/245239"}],"collection":[{"href":"https:\/\/franciscanos.org.br\/noticias\/wp-json\/wp\/v2\/posts"}],"about":[{"href":"https:\/\/franciscanos.org.br\/noticias\/wp-json\/wp\/v2\/types\/post"}],"author":[{"embeddable":true,"href":"https:\/\/franciscanos.org.br\/noticias\/wp-json\/wp\/v2\/users\/3"}],"replies":[{"embeddable":true,"href":"https:\/\/franciscanos.org.br\/noticias\/wp-json\/wp\/v2\/comments?post=245239"}],"version-history":[{"count":5,"href":"https:\/\/franciscanos.org.br\/noticias\/wp-json\/wp\/v2\/posts\/245239\/revisions"}],"predecessor-version":[{"id":245259,"href":"https:\/\/franciscanos.org.br\/noticias\/wp-json\/wp\/v2\/posts\/245239\/revisions\/245259"}],"wp:featuredmedia":[{"embeddable":true,"href":"https:\/\/franciscanos.org.br\/noticias\/wp-json\/wp\/v2\/media\/245240"}],"wp:attachment":[{"href":"https:\/\/franciscanos.org.br\/noticias\/wp-json\/wp\/v2\/media?parent=245239"}],"wp:term":[{"taxonomy":"category","embeddable":true,"href":"https:\/\/franciscanos.org.br\/noticias\/wp-json\/wp\/v2\/categories?post=245239"},{"taxonomy":"post_tag","embeddable":true,"href":"https:\/\/franciscanos.org.br\/noticias\/wp-json\/wp\/v2\/tags?post=245239"}],"curies":[{"name":"wp","href":"https:\/\/api.w.org\/{rel}","templated":true}]}}