{"id":245203,"date":"2023-10-14T22:02:35","date_gmt":"2023-10-15T01:02:35","guid":{"rendered":"https:\/\/franciscanos.org.br\/noticias\/?p=245203"},"modified":"2025-03-10T15:48:28","modified_gmt":"2025-03-10T18:48:28","slug":"frei-augusto-e-ordenado-presbitero-coloco-me-a-disposicao-de-toda-fraternidade","status":"publish","type":"post","link":"https:\/\/franciscanos.org.br\/noticias\/frei-augusto-e-ordenado-presbitero-coloco-me-a-disposicao-de-toda-fraternidade.html","title":{"rendered":"Frei Augusto \u00e9 ordenado presb\u00edtero: &#8220;Coloco-me \u00e0 disposi\u00e7\u00e3o de toda Fraternidade&#8221;"},"content":{"rendered":"<p><img loading=\"lazy\" class=\"alignnone size-full wp-image-245204\" src=\"https:\/\/franciscanos.org.br\/noticias\/wp-content\/uploads\/2023\/10\/ordena_09.jpg\" alt=\"\" width=\"1280\" height=\"720\" srcset=\"https:\/\/franciscanos.org.br\/noticias\/wp-content\/uploads\/2023\/10\/ordena_09.jpg 1280w, https:\/\/franciscanos.org.br\/noticias\/wp-content\/uploads\/2023\/10\/ordena_09-450x253.jpg 450w, https:\/\/franciscanos.org.br\/noticias\/wp-content\/uploads\/2023\/10\/ordena_09-1024x576.jpg 1024w, https:\/\/franciscanos.org.br\/noticias\/wp-content\/uploads\/2023\/10\/ordena_09-768x432.jpg 768w, https:\/\/franciscanos.org.br\/noticias\/wp-content\/uploads\/2023\/10\/ordena_09-150x84.jpg 150w\" sizes=\"(max-width: 1280px) 100vw, 1280px\" \/><\/p>\n<p><strong>Xaxim (SC) &#8211;<\/strong> &#8220;N\u00f3s vos pedimos, Pai todo-poderoso, constitu\u00ed este vosso servo na dignidade de Presb\u00edtero; renovai em seu cora\u00e7\u00e3o o Esp\u00edrito de santidade; obtenha, \u00f3 Deus, o segundo grau da Ordem sacerdotal, que de v\u00f3s procede, e sua vida seja exemplo para todos&#8221;. Foi ouvindo esta prece da ordena\u00e7\u00e3o e quando sentiu sobre a sua cabe\u00e7a as m\u00e3os do bispo diocesano de Chapec\u00f3 (SC), Dom Odelir Jos\u00e9 Magri, que o cora\u00e7\u00e3o de Frei Augusto Luiz Gabriel bateu mais forte. O momento que tanto esperava, havia chegado: ele recebia o segundo sacramento da Ordem Presbiteral.<\/p>\n<p>A Celebra\u00e7\u00e3o Eucar\u00edstica, \u00e0s 16 horas deste s\u00e1bado (14\/10), teve in\u00edcio num dia com o clima ameno, contribuindo para o esp\u00edrito festivo e alegre do momento \u00fanico na vida deste jovem xaxinense. A riqueza da liturgia da ordena\u00e7\u00e3o presbiteral ganhou mais gra\u00e7a, beleza e leveza com as vozes \u00fanicas dos Canarinhos de Petr\u00f3polis, sob a reg\u00eancia do maestro Marco Aur\u00e9lio Lischt. Frei Augusto, no tempo de estudos da Teologia, fez seu trabalho pastoral no Instituto dos Canarinhos.<\/p>\n\n\t\t<style type=\"text\/css\">\n\t\t\t#gallery-1 {\n\t\t\t\tmargin: auto;\n\t\t\t}\n\t\t\t#gallery-1 .gallery-item {\n\t\t\t\tfloat: left;\n\t\t\t\tmargin-top: 10px;\n\t\t\t\ttext-align: center;\n\t\t\t\twidth: 25%;\n\t\t\t}\n\t\t\t#gallery-1 img {\n\t\t\t\tborder: 2px solid #cfcfcf;\n\t\t\t}\n\t\t\t#gallery-1 .gallery-caption {\n\t\t\t\tmargin-left: 0;\n\t\t\t}\n\t\t\t\/* see gallery_shortcode() in wp-includes\/media.php *\/\n\t\t<\/style>\n\t\t<div id='gallery-1' class='gallery galleryid-245203 gallery-columns-4 gallery-size-thumbnail'><dl class='gallery-item'>\n\t\t\t<dt class='gallery-icon landscape'>\n\t\t\t\t<a href='https:\/\/franciscanos.org.br\/noticias\/wp-content\/uploads\/2023\/10\/ordena_01.jpg'><img width=\"300\" height=\"300\" src=\"https:\/\/franciscanos.org.br\/noticias\/wp-content\/uploads\/2023\/10\/ordena_01-300x300.jpg\" class=\"attachment-thumbnail size-thumbnail\" alt=\"\" loading=\"lazy\" srcset=\"https:\/\/franciscanos.org.br\/noticias\/wp-content\/uploads\/2023\/10\/ordena_01-300x300.jpg 300w, https:\/\/franciscanos.org.br\/noticias\/wp-content\/uploads\/2023\/10\/ordena_01-100x100.jpg 100w\" sizes=\"(max-width: 300px) 100vw, 300px\" \/><\/a>\n\t\t\t<\/dt><\/dl><dl class='gallery-item'>\n\t\t\t<dt class='gallery-icon landscape'>\n\t\t\t\t<a href='https:\/\/franciscanos.org.br\/noticias\/wp-content\/uploads\/2023\/10\/ordena_02.jpg'><img width=\"300\" height=\"300\" src=\"https:\/\/franciscanos.org.br\/noticias\/wp-content\/uploads\/2023\/10\/ordena_02-300x300.jpg\" class=\"attachment-thumbnail size-thumbnail\" alt=\"\" loading=\"lazy\" srcset=\"https:\/\/franciscanos.org.br\/noticias\/wp-content\/uploads\/2023\/10\/ordena_02-300x300.jpg 300w, https:\/\/franciscanos.org.br\/noticias\/wp-content\/uploads\/2023\/10\/ordena_02-100x100.jpg 100w\" sizes=\"(max-width: 300px) 100vw, 300px\" \/><\/a>\n\t\t\t<\/dt><\/dl><dl class='gallery-item'>\n\t\t\t<dt class='gallery-icon landscape'>\n\t\t\t\t<a href='https:\/\/franciscanos.org.br\/noticias\/wp-content\/uploads\/2023\/10\/ordena_04.jpg'><img width=\"300\" height=\"300\" src=\"https:\/\/franciscanos.org.br\/noticias\/wp-content\/uploads\/2023\/10\/ordena_04-300x300.jpg\" class=\"attachment-thumbnail size-thumbnail\" alt=\"\" loading=\"lazy\" srcset=\"https:\/\/franciscanos.org.br\/noticias\/wp-content\/uploads\/2023\/10\/ordena_04-300x300.jpg 300w, https:\/\/franciscanos.org.br\/noticias\/wp-content\/uploads\/2023\/10\/ordena_04-100x100.jpg 100w\" sizes=\"(max-width: 300px) 100vw, 300px\" \/><\/a>\n\t\t\t<\/dt><\/dl><dl class='gallery-item'>\n\t\t\t<dt class='gallery-icon landscape'>\n\t\t\t\t<a href='https:\/\/franciscanos.org.br\/noticias\/wp-content\/uploads\/2023\/10\/ordena_05.jpg'><img width=\"300\" height=\"300\" src=\"https:\/\/franciscanos.org.br\/noticias\/wp-content\/uploads\/2023\/10\/ordena_05-300x300.jpg\" class=\"attachment-thumbnail size-thumbnail\" alt=\"\" loading=\"lazy\" srcset=\"https:\/\/franciscanos.org.br\/noticias\/wp-content\/uploads\/2023\/10\/ordena_05-300x300.jpg 300w, https:\/\/franciscanos.org.br\/noticias\/wp-content\/uploads\/2023\/10\/ordena_05-100x100.jpg 100w\" sizes=\"(max-width: 300px) 100vw, 300px\" \/><\/a>\n\t\t\t<\/dt><\/dl><br style=\"clear: both\" \/>\n\t\t<\/div>\n\n<p><em>(toque para ampli\u00e1-las)<\/em><\/p>\n<p>O povo de Xaxim (SC), um grupo de paroquianos que veio de Colatina (ES), onde reside o ordenando, o Coral dos Canarinhos de Petr\u00f3polis (RJ), conhecidos e amigos de Frei Augusto lotaram a Matriz S\u00e3o Luiz Gonzaga, e participaram com alegria desta festa de toda a Comunidade, da Ordem dos Frades Menores e de toda a Igreja. E a festa ficou ainda mais bonita com a presen\u00e7a dos seus confrades da Prov\u00edncia Franciscana da Imaculada Concei\u00e7\u00e3o, especialmente os que fizeram parte da Semana Mission\u00e1ria. Al\u00e9m do Ministro Provincial, Frei Paulo Roberto Pereira, do Vig\u00e1rio Provincial, Frei Gustavo Wayand Medella, o governo se fez presente com o Definidor Frei Alex Ciarnoscki.<\/p>\n<p><img loading=\"lazy\" class=\"alignnone size-full wp-image-245209\" src=\"https:\/\/franciscanos.org.br\/noticias\/wp-content\/uploads\/2023\/10\/ordena_03.jpg\" alt=\"\" width=\"1280\" height=\"853\" srcset=\"https:\/\/franciscanos.org.br\/noticias\/wp-content\/uploads\/2023\/10\/ordena_03.jpg 1280w, https:\/\/franciscanos.org.br\/noticias\/wp-content\/uploads\/2023\/10\/ordena_03-450x300.jpg 450w, https:\/\/franciscanos.org.br\/noticias\/wp-content\/uploads\/2023\/10\/ordena_03-1024x682.jpg 1024w, https:\/\/franciscanos.org.br\/noticias\/wp-content\/uploads\/2023\/10\/ordena_03-768x512.jpg 768w, https:\/\/franciscanos.org.br\/noticias\/wp-content\/uploads\/2023\/10\/ordena_03-150x100.jpg 150w\" sizes=\"(max-width: 1280px) 100vw, 1280px\" \/><\/p>\n<p>Depois que terminou Teologia, no ano passado, Frei Augusto passou a residir na Fraternidade Franciscana Santo Ant\u00f4nio de Sant\u2019Anna Galv\u00e3o, em Colatina, servindo ao povo da Par\u00f3quia Santa Clara, sendo tamb\u00e9m da equipe que anima os eventos provinciais das juventudes. O processo formativo da Prov\u00edncia da Imaculada Concei\u00e7\u00e3o teve in\u00edcio ao ingressar no Semin\u00e1rio em 2009, portanto uma caminhada de catorze anos.<\/p>\n<p><img loading=\"lazy\" class=\"alignnone size-full wp-image-245210\" src=\"https:\/\/franciscanos.org.br\/noticias\/wp-content\/uploads\/2023\/10\/ordena_07.jpg\" alt=\"\" width=\"1280\" height=\"1271\" srcset=\"https:\/\/franciscanos.org.br\/noticias\/wp-content\/uploads\/2023\/10\/ordena_07.jpg 1088w, https:\/\/franciscanos.org.br\/noticias\/wp-content\/uploads\/2023\/10\/ordena_07-450x447.jpg 450w, https:\/\/franciscanos.org.br\/noticias\/wp-content\/uploads\/2023\/10\/ordena_07-1024x1017.jpg 1024w, https:\/\/franciscanos.org.br\/noticias\/wp-content\/uploads\/2023\/10\/ordena_07-768x763.jpg 768w, https:\/\/franciscanos.org.br\/noticias\/wp-content\/uploads\/2023\/10\/ordena_07-150x149.jpg 150w, https:\/\/franciscanos.org.br\/noticias\/wp-content\/uploads\/2023\/10\/ordena_07-100x100.jpg 100w\" sizes=\"(max-width: 1280px) 100vw, 1280px\" \/><\/p>\n<p><img loading=\"lazy\" class=\"alignnone size-full wp-image-245211\" src=\"https:\/\/franciscanos.org.br\/noticias\/wp-content\/uploads\/2023\/10\/ordena_08.jpg\" alt=\"\" width=\"1280\" height=\"884\" srcset=\"https:\/\/franciscanos.org.br\/noticias\/wp-content\/uploads\/2023\/10\/ordena_08.jpg 1280w, https:\/\/franciscanos.org.br\/noticias\/wp-content\/uploads\/2023\/10\/ordena_08-450x311.jpg 450w, https:\/\/franciscanos.org.br\/noticias\/wp-content\/uploads\/2023\/10\/ordena_08-1024x707.jpg 1024w, https:\/\/franciscanos.org.br\/noticias\/wp-content\/uploads\/2023\/10\/ordena_08-768x530.jpg 768w, https:\/\/franciscanos.org.br\/noticias\/wp-content\/uploads\/2023\/10\/ordena_08-150x104.jpg 150w, https:\/\/franciscanos.org.br\/noticias\/wp-content\/uploads\/2023\/10\/ordena_08-320x220.jpg 320w\" sizes=\"(max-width: 1280px) 100vw, 1280px\" \/><\/p>\n<p><strong>IN\u00cdCIO DO RITO<\/strong><\/p>\n<p>O Rito da ordena\u00e7\u00e3o come\u00e7ou depois da Liturgia da Palavra, com a elei\u00e7\u00e3o do candidato, onde ele foi chamado pelo p\u00e1roco Frei Gilson Kammer para se apresentar diante da comunidade. O Ministro Provincial testemunhou a seu respeito, lembrando que ainda menino come\u00e7ou o seu itiner\u00e1rio vocacional conosco, na fam\u00edlia franciscana. &#8220;Com muito proveito, ele trilhou o caminho dos estudos e tamb\u00e9m com muita dedica\u00e7\u00e3o o caminho da forma\u00e7\u00e3o religiosa franciscana. Portanto, ouvindo seus formadores, ouvindo os confrades que com ele conviveram durante todo este tempo e, sobretudo, trazendo com ele a voz do povo que com ele convive, nossa Prov\u00edncia o escolheu para receber esse dom da Igreja&#8221;, disse Frei Paulo. Dom Odelir, ent\u00e3o, escolheu &#8220;este nosso irm\u00e3o para a Ordem do Presbiterado&#8221;.<\/p>\n<p><img loading=\"lazy\" class=\"alignnone size-full wp-image-245212\" src=\"https:\/\/franciscanos.org.br\/noticias\/wp-content\/uploads\/2023\/10\/ordena_10.jpg\" alt=\"\" width=\"1280\" height=\"853\" srcset=\"https:\/\/franciscanos.org.br\/noticias\/wp-content\/uploads\/2023\/10\/ordena_10.jpg 1280w, https:\/\/franciscanos.org.br\/noticias\/wp-content\/uploads\/2023\/10\/ordena_10-450x300.jpg 450w, https:\/\/franciscanos.org.br\/noticias\/wp-content\/uploads\/2023\/10\/ordena_10-1024x682.jpg 1024w, https:\/\/franciscanos.org.br\/noticias\/wp-content\/uploads\/2023\/10\/ordena_10-768x512.jpg 768w, https:\/\/franciscanos.org.br\/noticias\/wp-content\/uploads\/2023\/10\/ordena_10-150x100.jpg 150w\" sizes=\"(max-width: 1280px) 100vw, 1280px\" \/><\/p>\n<p>Dom Odelir saudou Frei Paulo Roberto\u00a0 e, em seu nome, todos os frades, Frei Augusto e sua fam\u00edlia, e saudou toda a comunidade presente e o Coral dos Canarinhos que veio de Petr\u00f3polis. Perguntou como estava o cora\u00e7\u00e3o para Frei Augusto e de sua m\u00e3e.<\/p>\n<p>Na sua homilia, partiu da leitura do Profeta Jeremias que fala: \u201cAntes de formar-te no seio de tua m\u00e3e, eu j\u00e1 te conhecia, antes de sa\u00edres do ventre, eu te consagrei&#8221;. &#8220;Isso para dizer que toda voca\u00e7\u00e3o, em primeiro lugar, \u00e9 dom de Deus. E n\u00f3s poder\u00edamos come\u00e7ar dizendo que a primeira voca\u00e7\u00e3o \u00e9 a voca\u00e7\u00e3o \u00e0 vida.<\/p>\n<p>Depois temos outras, como a voca\u00e7\u00e3o \u00e0 vida consagrada, a voca\u00e7\u00e3o de ser pai e m\u00e3e, a voca\u00e7\u00e3o presbiteral&#8221;, explicou.<\/p>\n<p>A voca\u00e7\u00e3o, segundo ele, \u00e9 um mist\u00e9rio. &#8220;Esse chamado de Deus se manifestou de alguma forma e ele o sentiu e foi respondendo. Todo esse processo de diferentes m\u00e3os e pessoas pelos quais a voca\u00e7\u00e3o foi sendo trabalhada. E certamente voc\u00ea vai lembrar de todo mundo que faz parte de sua hist\u00f3ria. Teus formadores, professores, a comunidade, pessoas que rezaram e rezam por voc\u00ea. Tudo isso faz com esse mist\u00e9rio v\u00e1 se realizando, v\u00e1 se concretizando at\u00e9 chegar esse dia, em que voc\u00ea tem essa gra\u00e7a do minist\u00e9rio ordenado. Colocando a sua vida nas m\u00e3os de Deus, \u00e0 disposi\u00e7\u00e3o de Deus para o servi\u00e7o da miss\u00e3o e da Igreja numa congrega\u00e7\u00e3o, num carisma espec\u00edfico, os freis franciscanos. E a\u00ed com miss\u00e3o desafiadora. N\u00e3o \u00e9 muito simples ser franciscano. \u00c9 uma exig\u00eancia e uma miss\u00e3o que j\u00e1 traz no nome toda uma responsabilidade&#8221;, observou.<\/p>\n<p><img loading=\"lazy\" class=\"alignnone size-full wp-image-245216\" src=\"https:\/\/franciscanos.org.br\/noticias\/wp-content\/uploads\/2023\/10\/ordena_14.jpg\" alt=\"\" width=\"1280\" height=\"784\" srcset=\"https:\/\/franciscanos.org.br\/noticias\/wp-content\/uploads\/2023\/10\/ordena_14.jpg 1280w, https:\/\/franciscanos.org.br\/noticias\/wp-content\/uploads\/2023\/10\/ordena_14-450x276.jpg 450w, https:\/\/franciscanos.org.br\/noticias\/wp-content\/uploads\/2023\/10\/ordena_14-1024x627.jpg 1024w, https:\/\/franciscanos.org.br\/noticias\/wp-content\/uploads\/2023\/10\/ordena_14-768x470.jpg 768w, https:\/\/franciscanos.org.br\/noticias\/wp-content\/uploads\/2023\/10\/ordena_14-150x92.jpg 150w\" sizes=\"(max-width: 1280px) 100vw, 1280px\" \/><\/p>\n<p>Na segunda leitura, Paulo vai dizer &#8220;n\u00e3o sou nada, um vaso fr\u00e1gil, mas aquilo que carrego \u00e9 uma coisa digna, e eu n\u00e3o sou nem digno dessa gra\u00e7a que recebi. Mas na minha pequenez, eu sei que o que testemunho, o que vivo, o que sou, n\u00e3o vem de mim, mas vem de Deus&#8221;, situou.<\/p>\n<p>Para o bispo, dirigindo-se a Frei Augusto, disse que em primeiro lugar n\u00e3o \u00e9 m\u00e9rito dele, m\u00e9rito da sua resposta e da sua disponibilidade, mas aquilo que Deus est\u00e1 realizando em voc\u00ea e vai realizar atrav\u00e9s de voc\u00ea. Essa \u00e9 a gra\u00e7a da miss\u00e3o. Por isso, o \u00fanico e verdadeiro sacerdote \u00e9 Jesus Cristo. Sacerdote por excel\u00eancia. N\u00f3s, como sacerdotes, somos representantes de Jesus Cristo. Atrav\u00e9s de n\u00f3s \u00e9 Cristo que realiza o mist\u00e9rio da consagra\u00e7\u00e3o do p\u00e3o e do vinho, que perdoa os pecados&#8221;, lembrou.<\/p>\n\n\t\t<style type=\"text\/css\">\n\t\t\t#gallery-2 {\n\t\t\t\tmargin: auto;\n\t\t\t}\n\t\t\t#gallery-2 .gallery-item {\n\t\t\t\tfloat: left;\n\t\t\t\tmargin-top: 10px;\n\t\t\t\ttext-align: center;\n\t\t\t\twidth: 33%;\n\t\t\t}\n\t\t\t#gallery-2 img {\n\t\t\t\tborder: 2px solid #cfcfcf;\n\t\t\t}\n\t\t\t#gallery-2 .gallery-caption {\n\t\t\t\tmargin-left: 0;\n\t\t\t}\n\t\t\t\/* see gallery_shortcode() in wp-includes\/media.php *\/\n\t\t<\/style>\n\t\t<div id='gallery-2' class='gallery galleryid-245203 gallery-columns-3 gallery-size-thumbnail'><dl class='gallery-item'>\n\t\t\t<dt class='gallery-icon landscape'>\n\t\t\t\t<a href='https:\/\/franciscanos.org.br\/noticias\/wp-content\/uploads\/2023\/10\/ordena_17.jpg'><img width=\"300\" height=\"300\" src=\"https:\/\/franciscanos.org.br\/noticias\/wp-content\/uploads\/2023\/10\/ordena_17-300x300.jpg\" class=\"attachment-thumbnail size-thumbnail\" alt=\"\" loading=\"lazy\" srcset=\"https:\/\/franciscanos.org.br\/noticias\/wp-content\/uploads\/2023\/10\/ordena_17-300x300.jpg 300w, https:\/\/franciscanos.org.br\/noticias\/wp-content\/uploads\/2023\/10\/ordena_17-100x100.jpg 100w\" sizes=\"(max-width: 300px) 100vw, 300px\" \/><\/a>\n\t\t\t<\/dt><\/dl><dl class='gallery-item'>\n\t\t\t<dt class='gallery-icon landscape'>\n\t\t\t\t<a href='https:\/\/franciscanos.org.br\/noticias\/wp-content\/uploads\/2023\/10\/ordena_16.jpg'><img width=\"300\" height=\"300\" src=\"https:\/\/franciscanos.org.br\/noticias\/wp-content\/uploads\/2023\/10\/ordena_16-300x300.jpg\" class=\"attachment-thumbnail size-thumbnail\" alt=\"\" loading=\"lazy\" srcset=\"https:\/\/franciscanos.org.br\/noticias\/wp-content\/uploads\/2023\/10\/ordena_16-300x300.jpg 300w, https:\/\/franciscanos.org.br\/noticias\/wp-content\/uploads\/2023\/10\/ordena_16-100x100.jpg 100w\" sizes=\"(max-width: 300px) 100vw, 300px\" \/><\/a>\n\t\t\t<\/dt><\/dl><dl class='gallery-item'>\n\t\t\t<dt class='gallery-icon landscape'>\n\t\t\t\t<a href='https:\/\/franciscanos.org.br\/noticias\/wp-content\/uploads\/2023\/10\/ordena_15.jpg'><img width=\"300\" height=\"300\" src=\"https:\/\/franciscanos.org.br\/noticias\/wp-content\/uploads\/2023\/10\/ordena_15-300x300.jpg\" class=\"attachment-thumbnail size-thumbnail\" alt=\"\" loading=\"lazy\" srcset=\"https:\/\/franciscanos.org.br\/noticias\/wp-content\/uploads\/2023\/10\/ordena_15-300x300.jpg 300w, https:\/\/franciscanos.org.br\/noticias\/wp-content\/uploads\/2023\/10\/ordena_15-100x100.jpg 100w\" sizes=\"(max-width: 300px) 100vw, 300px\" \/><\/a>\n\t\t\t<\/dt><\/dl><br style=\"clear: both\" \/>\n\t\t<\/div>\n\n<p><em>(toque para ampli\u00e1-las)<\/em><\/p>\n<p>&#8220;E por isso, no mundo em que vivemos, pensar que um jovem de 29 anos, como o Augusto, nessa idade teve a oportunidade de se preparar, teve uma vida bela, tem uma fam\u00edlia, um cara que n\u00e3o \u00e9 feio, \u00e9 bonit\u00e3o n\u00e9? Mas que teria tantas oportunidades na vida, decide consagrar a sua vida vivendo os conselhos evang\u00e9licos, fazendo voto de pobreza, obedi\u00eancia e castidade. No nosso mundo de hoje, parece que aquilo que conta, aquilo que \u00e9 importante seria o contr\u00e1rio disso. Mas por isso que a vida consagrada, o sacerd\u00f3cio tem esse aspecto de testemunho pela pr\u00f3pria escolha que faz. Temos nossos limites, mas contamos com a for\u00e7a de Deus. E essa miss\u00e3o n\u00e3o \u00e9 para ser vivida s\u00f3 para mim, nem s\u00f3 para a minha congrega\u00e7\u00e3o, mas para o mundo inteiro, por isso o lema que o Augusto escolheu. Ai claro, mais do que eu falar do lema, ele vai dizer porque escolheu esse lema. Diga para n\u00f3s&#8221;, pediu.<\/p>\n<p>Segundo o ordenando, \u201cIde pelo mundo inteiro e anunciai o Evangelho a toda Criatura\u201d, foi o lema que escolheu para a Ordena\u00e7\u00e3o Presbiteral, um vers\u00edculo retirado do Evangelho de S\u00e3o Marcos 16,15. &#8220;Ao longo de nossos estudos e de nossa caminhada formativa, a gente vai pensando com carinho e aten\u00e7\u00e3o em um lema que marcar\u00e1 nossa ordena\u00e7\u00e3o e eu escolhi este por alguns motivos e eu destaco tr\u00eas&#8221;, disse<\/p>\n<p><img loading=\"lazy\" class=\"alignnone size-full wp-image-245220\" src=\"https:\/\/franciscanos.org.br\/noticias\/wp-content\/uploads\/2023\/10\/ordena_18.jpg\" alt=\"\" width=\"1280\" height=\"853\" srcset=\"https:\/\/franciscanos.org.br\/noticias\/wp-content\/uploads\/2023\/10\/ordena_18.jpg 1280w, https:\/\/franciscanos.org.br\/noticias\/wp-content\/uploads\/2023\/10\/ordena_18-450x300.jpg 450w, https:\/\/franciscanos.org.br\/noticias\/wp-content\/uploads\/2023\/10\/ordena_18-1024x682.jpg 1024w, https:\/\/franciscanos.org.br\/noticias\/wp-content\/uploads\/2023\/10\/ordena_18-768x512.jpg 768w, https:\/\/franciscanos.org.br\/noticias\/wp-content\/uploads\/2023\/10\/ordena_18-150x100.jpg 150w\" sizes=\"(max-width: 1280px) 100vw, 1280px\" \/><\/p>\n<p>&#8220;Primeiro, neste m\u00eas de outubro a Igreja vive o M\u00eas Mission\u00e1rio. E n\u00f3s como batizados somos todos convidados a sermos mission\u00e1rios onde quer que nos encontremos. Eu sendo batizado aqui nesta igreja, ent\u00e3o, sou convidado a ser um mission\u00e1rio, a anunciar pelo mundo inteiro o Evangelho, onde que que eu seja enviado, transferido!<\/p>\n<p>Em segundo, anunciar o Evangelho a toda criatura \u00e9 um apelo de nosso Ser\u00e1fico Pai e de nosso Papa, ambos com o nome de Francisco. E esses dois personagens, Francisco de Assis e Francisco de Roma, me fazem reafirmar que o Evangelho de Jesus Cristo, do Bom Pastor, \u00e9 para todos, sem distin\u00e7\u00f5es, sem ra\u00e7a, cor. Ent\u00e3o, Jesus, ao dizer aos seus disc\u00edpulos \u201cIde pelo mundo inteiro e anunciai o Evangelho a toda Criatura\u201d, tamb\u00e9m me desafia na realidade em que me encontrar, a comunicar por todo o mundo, o \u2018Evangelho a toda criatura`.<\/p>\n<p><img loading=\"lazy\" class=\"alignnone size-full wp-image-245221\" src=\"https:\/\/franciscanos.org.br\/noticias\/wp-content\/uploads\/2023\/10\/ordena_19.jpg\" alt=\"\" width=\"1280\" height=\"853\" srcset=\"https:\/\/franciscanos.org.br\/noticias\/wp-content\/uploads\/2023\/10\/ordena_19.jpg 1280w, https:\/\/franciscanos.org.br\/noticias\/wp-content\/uploads\/2023\/10\/ordena_19-450x300.jpg 450w, https:\/\/franciscanos.org.br\/noticias\/wp-content\/uploads\/2023\/10\/ordena_19-1024x682.jpg 1024w, https:\/\/franciscanos.org.br\/noticias\/wp-content\/uploads\/2023\/10\/ordena_19-768x512.jpg 768w, https:\/\/franciscanos.org.br\/noticias\/wp-content\/uploads\/2023\/10\/ordena_19-150x100.jpg 150w\" sizes=\"(max-width: 1280px) 100vw, 1280px\" \/><\/p>\n\n\t\t<style type=\"text\/css\">\n\t\t\t#gallery-3 {\n\t\t\t\tmargin: auto;\n\t\t\t}\n\t\t\t#gallery-3 .gallery-item {\n\t\t\t\tfloat: left;\n\t\t\t\tmargin-top: 10px;\n\t\t\t\ttext-align: center;\n\t\t\t\twidth: 25%;\n\t\t\t}\n\t\t\t#gallery-3 img {\n\t\t\t\tborder: 2px solid #cfcfcf;\n\t\t\t}\n\t\t\t#gallery-3 .gallery-caption {\n\t\t\t\tmargin-left: 0;\n\t\t\t}\n\t\t\t\/* see gallery_shortcode() in wp-includes\/media.php *\/\n\t\t<\/style>\n\t\t<div id='gallery-3' class='gallery galleryid-245203 gallery-columns-4 gallery-size-thumbnail'><dl class='gallery-item'>\n\t\t\t<dt class='gallery-icon landscape'>\n\t\t\t\t<a href='https:\/\/franciscanos.org.br\/noticias\/wp-content\/uploads\/2023\/10\/ordena_23.jpg'><img width=\"300\" height=\"300\" src=\"https:\/\/franciscanos.org.br\/noticias\/wp-content\/uploads\/2023\/10\/ordena_23-300x300.jpg\" class=\"attachment-thumbnail size-thumbnail\" alt=\"\" loading=\"lazy\" srcset=\"https:\/\/franciscanos.org.br\/noticias\/wp-content\/uploads\/2023\/10\/ordena_23-300x300.jpg 300w, https:\/\/franciscanos.org.br\/noticias\/wp-content\/uploads\/2023\/10\/ordena_23-100x100.jpg 100w\" sizes=\"(max-width: 300px) 100vw, 300px\" \/><\/a>\n\t\t\t<\/dt><\/dl><dl class='gallery-item'>\n\t\t\t<dt class='gallery-icon landscape'>\n\t\t\t\t<a href='https:\/\/franciscanos.org.br\/noticias\/wp-content\/uploads\/2023\/10\/ordena_22.jpg'><img width=\"300\" height=\"300\" src=\"https:\/\/franciscanos.org.br\/noticias\/wp-content\/uploads\/2023\/10\/ordena_22-300x300.jpg\" class=\"attachment-thumbnail size-thumbnail\" alt=\"\" loading=\"lazy\" srcset=\"https:\/\/franciscanos.org.br\/noticias\/wp-content\/uploads\/2023\/10\/ordena_22-300x300.jpg 300w, https:\/\/franciscanos.org.br\/noticias\/wp-content\/uploads\/2023\/10\/ordena_22-100x100.jpg 100w\" sizes=\"(max-width: 300px) 100vw, 300px\" \/><\/a>\n\t\t\t<\/dt><\/dl><dl class='gallery-item'>\n\t\t\t<dt class='gallery-icon landscape'>\n\t\t\t\t<a href='https:\/\/franciscanos.org.br\/noticias\/wp-content\/uploads\/2023\/10\/ordena_21.jpg'><img width=\"300\" height=\"300\" src=\"https:\/\/franciscanos.org.br\/noticias\/wp-content\/uploads\/2023\/10\/ordena_21-300x300.jpg\" class=\"attachment-thumbnail size-thumbnail\" alt=\"\" loading=\"lazy\" srcset=\"https:\/\/franciscanos.org.br\/noticias\/wp-content\/uploads\/2023\/10\/ordena_21-300x300.jpg 300w, https:\/\/franciscanos.org.br\/noticias\/wp-content\/uploads\/2023\/10\/ordena_21-100x100.jpg 100w\" sizes=\"(max-width: 300px) 100vw, 300px\" \/><\/a>\n\t\t\t<\/dt><\/dl><dl class='gallery-item'>\n\t\t\t<dt class='gallery-icon landscape'>\n\t\t\t\t<a href='https:\/\/franciscanos.org.br\/noticias\/wp-content\/uploads\/2023\/10\/ordena_20.jpg'><img width=\"300\" height=\"300\" src=\"https:\/\/franciscanos.org.br\/noticias\/wp-content\/uploads\/2023\/10\/ordena_20-300x300.jpg\" class=\"attachment-thumbnail size-thumbnail\" alt=\"\" loading=\"lazy\" srcset=\"https:\/\/franciscanos.org.br\/noticias\/wp-content\/uploads\/2023\/10\/ordena_20-300x300.jpg 300w, https:\/\/franciscanos.org.br\/noticias\/wp-content\/uploads\/2023\/10\/ordena_20-100x100.jpg 100w\" sizes=\"(max-width: 300px) 100vw, 300px\" \/><\/a>\n\t\t\t<\/dt><\/dl><br style=\"clear: both\" \/>\n\t\t<\/div>\n\n<p><em>(toque nas imagens menores para ampli\u00e1-las)<\/em><\/p>\n<p>E em terceiro, Francisco de Assis nos ensina que \u00e9 precioso anunciar o Evangelho com obras, com a\u00e7\u00f5es concretas e se necess\u00e1rio usar de palavras. Caro Dom Odelir e todos aqui presentes, \u00e9 com este desejo honesto, que me coloco \u00e0 disposi\u00e7\u00e3o de toda Fraternidade, como frade menor, ao assumir este servi\u00e7o, com responsabilidade, afinco e gratid\u00e3o por at\u00e9 aqui ter nos conduzido a gra\u00e7a\u00a0do\u00a0Senhor&#8221;, completou Frei Augusto.<\/p>\n<p>Motivado pelo bispo, Frei Augusto manifestou seu consentimento a respeito de seu chamado ao Minist\u00e9rio Presbiteral, suas fun\u00e7\u00f5es e seu modo de vida. O momento em que Frei Augusto se prostrou ao ch\u00e3o, pedindo a ora\u00e7\u00e3o e intercess\u00e3o de todos, ilustra bem o sentido de toda a celebra\u00e7\u00e3o: \u201cRoguemos, irm\u00e3os e irm\u00e3s, a Deus Pai todo-poderoso que derrame com largueza a sua gra\u00e7a sobre este seu servo, que ele escolheu para o cargo de Presb\u00edtero\u201d, pediu Dom Odelir Jos\u00e9 antes da Ladainha de todos os Santos.<\/p>\n\n\t\t<style type=\"text\/css\">\n\t\t\t#gallery-4 {\n\t\t\t\tmargin: auto;\n\t\t\t}\n\t\t\t#gallery-4 .gallery-item {\n\t\t\t\tfloat: left;\n\t\t\t\tmargin-top: 10px;\n\t\t\t\ttext-align: center;\n\t\t\t\twidth: 33%;\n\t\t\t}\n\t\t\t#gallery-4 img {\n\t\t\t\tborder: 2px solid #cfcfcf;\n\t\t\t}\n\t\t\t#gallery-4 .gallery-caption {\n\t\t\t\tmargin-left: 0;\n\t\t\t}\n\t\t\t\/* see gallery_shortcode() in wp-includes\/media.php *\/\n\t\t<\/style>\n\t\t<div id='gallery-4' class='gallery galleryid-245203 gallery-columns-3 gallery-size-thumbnail'><dl class='gallery-item'>\n\t\t\t<dt class='gallery-icon landscape'>\n\t\t\t\t<a href='https:\/\/franciscanos.org.br\/noticias\/wp-content\/uploads\/2023\/10\/ordena_11.jpg'><img width=\"300\" height=\"300\" src=\"https:\/\/franciscanos.org.br\/noticias\/wp-content\/uploads\/2023\/10\/ordena_11-300x300.jpg\" class=\"attachment-thumbnail size-thumbnail\" alt=\"\" loading=\"lazy\" srcset=\"https:\/\/franciscanos.org.br\/noticias\/wp-content\/uploads\/2023\/10\/ordena_11-300x300.jpg 300w, https:\/\/franciscanos.org.br\/noticias\/wp-content\/uploads\/2023\/10\/ordena_11-100x100.jpg 100w\" sizes=\"(max-width: 300px) 100vw, 300px\" \/><\/a>\n\t\t\t<\/dt><\/dl><dl class='gallery-item'>\n\t\t\t<dt class='gallery-icon portrait'>\n\t\t\t\t<a href='https:\/\/franciscanos.org.br\/noticias\/wp-content\/uploads\/2023\/10\/ordena_12.jpg'><img width=\"300\" height=\"300\" src=\"https:\/\/franciscanos.org.br\/noticias\/wp-content\/uploads\/2023\/10\/ordena_12-300x300.jpg\" class=\"attachment-thumbnail size-thumbnail\" alt=\"\" loading=\"lazy\" srcset=\"https:\/\/franciscanos.org.br\/noticias\/wp-content\/uploads\/2023\/10\/ordena_12-300x300.jpg 300w, https:\/\/franciscanos.org.br\/noticias\/wp-content\/uploads\/2023\/10\/ordena_12-100x100.jpg 100w\" sizes=\"(max-width: 300px) 100vw, 300px\" \/><\/a>\n\t\t\t<\/dt><\/dl><dl class='gallery-item'>\n\t\t\t<dt class='gallery-icon portrait'>\n\t\t\t\t<a href='https:\/\/franciscanos.org.br\/noticias\/wp-content\/uploads\/2023\/10\/ordena_13.jpg'><img width=\"300\" height=\"300\" src=\"https:\/\/franciscanos.org.br\/noticias\/wp-content\/uploads\/2023\/10\/ordena_13-300x300.jpg\" class=\"attachment-thumbnail size-thumbnail\" alt=\"\" loading=\"lazy\" srcset=\"https:\/\/franciscanos.org.br\/noticias\/wp-content\/uploads\/2023\/10\/ordena_13-300x300.jpg 300w, https:\/\/franciscanos.org.br\/noticias\/wp-content\/uploads\/2023\/10\/ordena_13-100x100.jpg 100w\" sizes=\"(max-width: 300px) 100vw, 300px\" \/><\/a>\n\t\t\t<\/dt><\/dl><br style=\"clear: both\" \/>\n\t\t<\/div>\n\n<p><em>(toque nas imagens para ampli\u00e1-las)<\/em><\/p>\n<p><strong>MOMENTO CENTRAL<\/strong><\/p>\n<p>Frei Augusto se levantou com o t\u00e9rmino da Ladainha e se aproximou do Bispo, ajoelhando-se diante dele. Em sil\u00eancio, o Bispo imp\u00f4s as m\u00e3os sobre a sua cabe\u00e7a, gesto que foi acompanhado por todos os presb\u00edteros. Cada um deles foi se posicionando para formar um c\u00edrculo em torno do bispo e do ordenando, enquanto o bispo rezou a ora\u00e7\u00e3o consecrat\u00f3ria.<\/p>\n<p>A Celebra\u00e7\u00e3o seguiu seu ritmo normal e sereno e cada momento ou gesto foi explicado pelo comentarista Frei Gabriel Dellandrea. Segundo Frei Gabriel, pela imposi\u00e7\u00e3o das m\u00e3os do bispo e pela prece de Ordena\u00e7\u00e3o foi conferido a Frei Augusto o dom do Esp\u00edrito Santo, que o transforma e o capacita para a sua miss\u00e3o.<\/p>\n<p>Terminado este momento, Frei Augusto recebeu as vestes de presb\u00edtero (casula e estola), trazidas pela irm\u00e3 Tatiana, o cunhado Luciano e a sobrinha Angela. Ele foi revestido com as vestes presbiterais por Frei Lauro Formigoni, Frei Pedro Oliveira (seu guardi\u00e3o) e Frei Gabriel Dellandrea (colega de turma) e foi saudado como o novo presb\u00edtero. Depois, com a un\u00e7\u00e3o das m\u00e3os com o \u00f3leo do santo Crisma, Dom Odelir amarrou as m\u00e3os de Frei Augusto e coube a seus pais desat\u00e1-las, para receberem, com grande emo\u00e7\u00e3o, a primeira b\u00ean\u00e7\u00e3o do neopresb\u00edtero. Momentos fortes que, sem d\u00favida, emocionaram a todos, principalmente \u00e0queles que participaram de uma Ordena\u00e7\u00e3o pela primeira vez.<\/p>\n<p><img loading=\"lazy\" class=\"alignnone size-full wp-image-245227\" src=\"https:\/\/franciscanos.org.br\/noticias\/wp-content\/uploads\/2023\/10\/ordena_24-1.jpg\" alt=\"\" width=\"1280\" height=\"853\" srcset=\"https:\/\/franciscanos.org.br\/noticias\/wp-content\/uploads\/2023\/10\/ordena_24-1.jpg 1280w, https:\/\/franciscanos.org.br\/noticias\/wp-content\/uploads\/2023\/10\/ordena_24-1-450x300.jpg 450w, https:\/\/franciscanos.org.br\/noticias\/wp-content\/uploads\/2023\/10\/ordena_24-1-1024x682.jpg 1024w, https:\/\/franciscanos.org.br\/noticias\/wp-content\/uploads\/2023\/10\/ordena_24-1-768x512.jpg 768w, https:\/\/franciscanos.org.br\/noticias\/wp-content\/uploads\/2023\/10\/ordena_24-1-150x100.jpg 150w\" sizes=\"(max-width: 1280px) 100vw, 1280px\" \/><\/p>\n<p><img loading=\"lazy\" class=\"alignnone size-full wp-image-245228\" src=\"https:\/\/franciscanos.org.br\/noticias\/wp-content\/uploads\/2023\/10\/ordena_25.jpg\" alt=\"\" width=\"1280\" height=\"853\" srcset=\"https:\/\/franciscanos.org.br\/noticias\/wp-content\/uploads\/2023\/10\/ordena_25.jpg 1280w, https:\/\/franciscanos.org.br\/noticias\/wp-content\/uploads\/2023\/10\/ordena_25-450x300.jpg 450w, https:\/\/franciscanos.org.br\/noticias\/wp-content\/uploads\/2023\/10\/ordena_25-1024x682.jpg 1024w, https:\/\/franciscanos.org.br\/noticias\/wp-content\/uploads\/2023\/10\/ordena_25-768x512.jpg 768w, https:\/\/franciscanos.org.br\/noticias\/wp-content\/uploads\/2023\/10\/ordena_25-150x100.jpg 150w\" sizes=\"(max-width: 1280px) 100vw, 1280px\" \/><\/p>\n<p>O rito est\u00e1 quase no final quando, do meio da Igreja, Maria e On\u00f3rio Pecinatto trazem o p\u00e3o na patena, e o vinho e a \u00e1gua no c\u00e1lice, para a celebra\u00e7\u00e3o da Missa. O casal \u00e9 muito querido por Frei Augusto e pela sua fam\u00edlia, por ser vizinho deles. Trazer o vinho teve um significado especial porque eles s\u00e3o viticultores e tamb\u00e9m fabricam o vinho.<\/p>\n<p>Finalizando o rito, Frei Augusto recebeu das m\u00e3os de Dom Odelir o c\u00e1lice e a patena para poder oferecer a Deus, em nome de seu povo, o santo sacrif\u00edcio eucar\u00edstico. Ap\u00f3s o ritual de ordena\u00e7\u00e3o, num gesto de comunh\u00e3o fraterna, os presb\u00edteros e confrades acolheram com entusiasmo o mais jovem ordenado na Ordem do Presbiterado.<\/p>\n<p><img loading=\"lazy\" class=\"alignnone size-full wp-image-245229\" src=\"https:\/\/franciscanos.org.br\/noticias\/wp-content\/uploads\/2023\/10\/ordena_31.jpg\" alt=\"\" width=\"1280\" height=\"644\" srcset=\"https:\/\/franciscanos.org.br\/noticias\/wp-content\/uploads\/2023\/10\/ordena_31.jpg 1280w, https:\/\/franciscanos.org.br\/noticias\/wp-content\/uploads\/2023\/10\/ordena_31-450x226.jpg 450w, https:\/\/franciscanos.org.br\/noticias\/wp-content\/uploads\/2023\/10\/ordena_31-1024x515.jpg 1024w, https:\/\/franciscanos.org.br\/noticias\/wp-content\/uploads\/2023\/10\/ordena_31-768x386.jpg 768w, https:\/\/franciscanos.org.br\/noticias\/wp-content\/uploads\/2023\/10\/ordena_31-150x75.jpg 150w\" sizes=\"(max-width: 1280px) 100vw, 1280px\" \/><\/p>\n<p>A Celebra\u00e7\u00e3o continuou com a prepara\u00e7\u00e3o das oferendas e a liturgia Eucar\u00edstica.<\/p>\n<p><strong>AGRADECIMENTOS<\/strong><\/p>\n<p>Rosane Gasparin falou em nome do Conselho Paroquial. &#8220;Que a sua vida seja guiada pela luz e pela for\u00e7a do Esp\u00edrito Santo. Que esse seu sim possa produzir muitos frutos na vida franciscana&#8221;, desejou.<\/p>\n<p><img loading=\"lazy\" class=\"alignnone size-full wp-image-245230\" src=\"https:\/\/franciscanos.org.br\/noticias\/wp-content\/uploads\/2023\/10\/ordena_27.jpg\" alt=\"\" width=\"1280\" height=\"787\" srcset=\"https:\/\/franciscanos.org.br\/noticias\/wp-content\/uploads\/2023\/10\/ordena_27.jpg 1280w, https:\/\/franciscanos.org.br\/noticias\/wp-content\/uploads\/2023\/10\/ordena_27-450x277.jpg 450w, https:\/\/franciscanos.org.br\/noticias\/wp-content\/uploads\/2023\/10\/ordena_27-1024x630.jpg 1024w, https:\/\/franciscanos.org.br\/noticias\/wp-content\/uploads\/2023\/10\/ordena_27-768x472.jpg 768w, https:\/\/franciscanos.org.br\/noticias\/wp-content\/uploads\/2023\/10\/ordena_27-150x92.jpg 150w\" sizes=\"(max-width: 1280px) 100vw, 1280px\" \/><\/p>\n<p>Segundo Frei Paulo Roberto, coube a ele falar em nome dos freis franciscanos que partilham do privil\u00e9gio de viver aqui em Xaxim. &#8220;Nossa Fraternidade Franciscana est\u00e1 aqui h\u00e1 bastante tempo. E essa igreja constru\u00edda pela devo\u00e7\u00e3o, piedade e generosidade desse povo, pode ser vista de diversos \u00e2ngulos. Quando a gente vem ali pela estrada, logo avista e chama aten\u00e7\u00e3o essa igreja, inclusive est\u00e1 sendo restaurada. E essa igreja j\u00e1 foi testemunha de muitas ordena\u00e7\u00f5es, inclusive de frades franciscanos tamb\u00e9m. \u00c9 verdade que tem um intervalo muito grande entre a \u00faltima ordena\u00e7\u00e3o e a do Frei Augusto. Fica aqui o convite para os jovens xaxinenses. Dom Odelir j\u00e1 lembrava que ser franciscano n\u00e3o \u00e9 muito f\u00e1cil e at\u00e9 chamou muito a aten\u00e7\u00e3o no rito da ordena\u00e7\u00e3o e muitos meninos vieram ver de perto quando o Augusto se prostou. \u00c9 sinal que entende que \u00e9 dif\u00edcil, fr\u00e1gil, feito de ch\u00e3o da terra. Mas com o aux\u00edlio dos irm\u00e3os, e o aux\u00edlio do C\u00e9u, a gente vai muito longe, Frei Augusto. Conte conosco! E rezem por n\u00f3s e pelo Frei Augusto, que ele seja fiel anunciador do Reino, que seja espalhador da Paz e do Bem&#8221;, pediu o Ministro Provincial.<\/p>\n<p><img loading=\"lazy\" class=\"alignnone size-full wp-image-245231\" src=\"https:\/\/franciscanos.org.br\/noticias\/wp-content\/uploads\/2023\/10\/ordena_29.jpg\" alt=\"\" width=\"1280\" height=\"949\" srcset=\"https:\/\/franciscanos.org.br\/noticias\/wp-content\/uploads\/2023\/10\/ordena_29.jpg 1280w, https:\/\/franciscanos.org.br\/noticias\/wp-content\/uploads\/2023\/10\/ordena_29-450x334.jpg 450w, https:\/\/franciscanos.org.br\/noticias\/wp-content\/uploads\/2023\/10\/ordena_29-1024x759.jpg 1024w, https:\/\/franciscanos.org.br\/noticias\/wp-content\/uploads\/2023\/10\/ordena_29-768x569.jpg 768w, https:\/\/franciscanos.org.br\/noticias\/wp-content\/uploads\/2023\/10\/ordena_29-150x111.jpg 150w\" sizes=\"(max-width: 1280px) 100vw, 1280px\" \/><\/p>\n<p>Frei Augusto, na sua mensagem disse que o cora\u00e7\u00e3o batia mais forte de gratid\u00e3o. &#8220;\u00c9 imprescind\u00edvel dizer que n\u00e3o cheguei at\u00e9 aqui sozinho e que a celebra\u00e7\u00e3o de hoje n\u00e3o \u00e9 um ponto de chegada, mas um ponto de partida&#8221;, disse o neopresb\u00edtero.<\/p>\n<p>&#8220;Dito isto, come\u00e7o assim agradecendo a Deus pela d\u00e1diva da vida e pelo dom da voca\u00e7\u00e3o, agrade\u00e7o o Bispo Dom Odelir, o atual Ministro Provincial, Frei Paulo Roberto Pereira, e os anteriores, Frei Fid\u00eancio Vanboemmel e Frei C\u00e9sar K\u00fclkamp, que foram meus formadores. Em nome do Ministro Provincial, gradeceu a todos os frades da Prov\u00edncia da Imaculada Concei\u00e7\u00e3o, especialmente os frades do Servi\u00e7o de Anima\u00e7\u00e3o Vocacional, os frades da Par\u00f3quia S\u00e3o Luiz Gonzaga, Frei Gilson Kammer e Frei Jacir Zolet&#8221;, acrescentou, n\u00e3o esquecendo das fam\u00edlias acolhedoras e das comunidades.<\/p>\n<p><img loading=\"lazy\" class=\"alignnone size-full wp-image-245233\" src=\"https:\/\/franciscanos.org.br\/noticias\/wp-content\/uploads\/2023\/10\/ordena_26.jpg\" alt=\"\" width=\"1280\" height=\"853\" srcset=\"https:\/\/franciscanos.org.br\/noticias\/wp-content\/uploads\/2023\/10\/ordena_26.jpg 1280w, https:\/\/franciscanos.org.br\/noticias\/wp-content\/uploads\/2023\/10\/ordena_26-450x300.jpg 450w, https:\/\/franciscanos.org.br\/noticias\/wp-content\/uploads\/2023\/10\/ordena_26-1024x682.jpg 1024w, https:\/\/franciscanos.org.br\/noticias\/wp-content\/uploads\/2023\/10\/ordena_26-768x512.jpg 768w, https:\/\/franciscanos.org.br\/noticias\/wp-content\/uploads\/2023\/10\/ordena_26-150x100.jpg 150w\" sizes=\"(max-width: 1280px) 100vw, 1280px\" \/><\/p>\n<p>&#8220;Aos meus familiares, em especial ao sr. Domingos, Dona Elenir, minha irm\u00e3 Tatiana, cunhado Luciano e a pequena Angela Hellena, as palavras n\u00e3o t\u00eam tamanho suficiente para agradecer voc\u00eas que sempre acreditaram, me incentivaram e me acompanharam com muita alegria&#8221;, disse.<\/p>\n<p>Tamb\u00e9m reservou um longo agradecimento para o Coral dos Canarinhos, que enfrentou mais de 28 horas de viagem! Tamb\u00e9m de longe, da Par\u00f3quia Santa Clara de Colatina (ES) vieram 16 pessoas, bem como ao seu confrade de Fraternidade, Frei Pedro de Oliveira. E n\u00e3o esqueceu das Irm\u00e3s Clarissas: &#8220;Obrigado por nos acompanhar, aben\u00e7oar e estarem sempre em sintonia conosco atrav\u00e9s de suas ora\u00e7\u00f5es&#8221;.<\/p>\n<p><img loading=\"lazy\" class=\"alignnone size-full wp-image-245234\" src=\"https:\/\/franciscanos.org.br\/noticias\/wp-content\/uploads\/2023\/10\/ordena_32.jpg\" alt=\"\" width=\"1280\" height=\"853\" srcset=\"https:\/\/franciscanos.org.br\/noticias\/wp-content\/uploads\/2023\/10\/ordena_32.jpg 1280w, https:\/\/franciscanos.org.br\/noticias\/wp-content\/uploads\/2023\/10\/ordena_32-450x300.jpg 450w, https:\/\/franciscanos.org.br\/noticias\/wp-content\/uploads\/2023\/10\/ordena_32-1024x682.jpg 1024w, https:\/\/franciscanos.org.br\/noticias\/wp-content\/uploads\/2023\/10\/ordena_32-768x512.jpg 768w, https:\/\/franciscanos.org.br\/noticias\/wp-content\/uploads\/2023\/10\/ordena_32-150x100.jpg 150w\" sizes=\"(max-width: 1280px) 100vw, 1280px\" \/><\/p>\n<p>No final, citando o lema \u201cIde por todo o mundo e anunciai o Evangelho a toda Criatura\u201d, agradeceu aos profissionais de comunica\u00e7\u00e3o, como os do Conex\u00e3o Fraterna, projeto que participa; a PASCOM da Par\u00f3quia S\u00e3o Luiz Gonzaga; ao jornalista da Prov\u00edncia, Moacir Beggo, e a equipe do Marcelo Bassi. &#8220;E a voc\u00ea, estimado irm\u00e3o e irm\u00e3 que veio at\u00e9 esta igreja celebrar conosco, muito obrigado pela sua presen\u00e7a e participa\u00e7\u00e3o. Paz e Bem e muito, muito obrigado!&#8221;, completou.<\/p>\n<p><img loading=\"lazy\" class=\"alignnone size-full wp-image-245232\" src=\"https:\/\/franciscanos.org.br\/noticias\/wp-content\/uploads\/2023\/10\/ordena_30.jpg\" alt=\"\" width=\"1280\" height=\"655\" srcset=\"https:\/\/franciscanos.org.br\/noticias\/wp-content\/uploads\/2023\/10\/ordena_30.jpg 1280w, https:\/\/franciscanos.org.br\/noticias\/wp-content\/uploads\/2023\/10\/ordena_30-450x230.jpg 450w, https:\/\/franciscanos.org.br\/noticias\/wp-content\/uploads\/2023\/10\/ordena_30-1024x524.jpg 1024w, https:\/\/franciscanos.org.br\/noticias\/wp-content\/uploads\/2023\/10\/ordena_30-768x393.jpg 768w, https:\/\/franciscanos.org.br\/noticias\/wp-content\/uploads\/2023\/10\/ordena_30-150x77.jpg 150w\" sizes=\"(max-width: 1280px) 100vw, 1280px\" \/><\/p>\n<p>Sua Primeira Missa ser\u00e1 celebrada no dia 15 de outubro, \u00e0s 10 horas, na Comunidade Nossa Sra. da Salete de Vila Tigre, em Xaxim.<\/p>\n<p><iframe loading=\"lazy\" title=\"YouTube video player\" src=\"https:\/\/www.youtube.com\/embed\/xaG5gqP555M?si=k2C15s0s6Ke8r5Lp\" width=\"100%\" height=\"480\" frameborder=\"0\" allowfullscreen=\"allowfullscreen\"><span data-mce-type=\"bookmark\" style=\"display: inline-block; width: 0px; overflow: hidden; line-height: 0;\" class=\"mce_SELRES_start\">\ufeff<\/span><\/iframe><\/p>\n<hr \/>\n<p><em>Moacir Beggo e Diogo Rossoni, pela Pascom da Par\u00f3quia S\u00e3o Luiz Gonzaga<\/em><\/p>\n","protected":false},"excerpt":{"rendered":"<p>Ordena\u00e7\u00e3o presbiteral<\/p>\n","protected":false},"author":3,"featured_media":245204,"comment_status":"open","ping_status":"open","sticky":false,"template":"","format":"standard","meta":[],"categories":[1],"tags":[157,2056],"acf":[],"yoast_head":"<!-- This site is optimized with the Yoast SEO plugin v19.2 - https:\/\/yoast.com\/wordpress\/plugins\/seo\/ -->\n<title>Frei Augusto \u00e9 ordenado presb\u00edtero: &quot;Coloco-me \u00e0 disposi\u00e7\u00e3o de toda Fraternidade&quot; - Not\u00edcias - Franciscanos<\/title>\n<meta name=\"robots\" content=\"index, follow, max-snippet:-1, max-image-preview:large, max-video-preview:-1\" \/>\n<link rel=\"canonical\" href=\"https:\/\/franciscanos.org.br\/noticias\/frei-augusto-e-ordenado-presbitero-coloco-me-a-disposicao-de-toda-fraternidade.html\" \/>\n<meta property=\"og:locale\" content=\"pt_BR\" \/>\n<meta property=\"og:type\" content=\"article\" \/>\n<meta property=\"og:title\" content=\"Frei Augusto \u00e9 ordenado presb\u00edtero: &quot;Coloco-me \u00e0 disposi\u00e7\u00e3o de toda Fraternidade&quot; - Not\u00edcias - Franciscanos\" \/>\n<meta property=\"og:description\" content=\"Ordena\u00e7\u00e3o presbiteral\" \/>\n<meta property=\"og:url\" content=\"https:\/\/franciscanos.org.br\/noticias\/frei-augusto-e-ordenado-presbitero-coloco-me-a-disposicao-de-toda-fraternidade.html\" \/>\n<meta property=\"og:site_name\" content=\"Not\u00edcias - Franciscanos\" \/>\n<meta property=\"article:published_time\" content=\"2023-10-15T01:02:35+00:00\" \/>\n<meta property=\"article:modified_time\" content=\"2025-03-10T18:48:28+00:00\" \/>\n<meta property=\"og:image\" content=\"https:\/\/franciscanos.org.br\/noticias\/wp-content\/uploads\/2023\/10\/ordena_09.jpg\" \/>\n\t<meta property=\"og:image:width\" content=\"1280\" \/>\n\t<meta property=\"og:image:height\" content=\"720\" \/>\n\t<meta property=\"og:image:type\" content=\"image\/jpeg\" \/>\n<meta name=\"author\" content=\"moacir\" \/>\n<meta name=\"twitter:card\" content=\"summary_large_image\" \/>\n<meta name=\"twitter:label1\" content=\"Escrito por\" \/>\n\t<meta name=\"twitter:data1\" content=\"moacir\" \/>\n\t<meta name=\"twitter:label2\" content=\"Est. tempo de leitura\" \/>\n\t<meta name=\"twitter:data2\" content=\"17 minutos\" \/>\n<script type=\"application\/ld+json\" class=\"yoast-schema-graph\">{\"@context\":\"https:\/\/schema.org\",\"@graph\":[{\"@type\":\"WebSite\",\"@id\":\"https:\/\/franciscanos.org.br\/noticias\/#website\",\"url\":\"https:\/\/franciscanos.org.br\/noticias\/\",\"name\":\"Not\u00edcias - Franciscanos\",\"description\":\"Prov\u00edncia Franciscana da Imaculada Concei\u00e7\u00e3o do Brasil - Ordem dos Frades Menores - OFM\",\"potentialAction\":[{\"@type\":\"SearchAction\",\"target\":{\"@type\":\"EntryPoint\",\"urlTemplate\":\"https:\/\/franciscanos.org.br\/noticias\/?s={search_term_string}\"},\"query-input\":\"required name=search_term_string\"}],\"inLanguage\":\"pt-BR\"},{\"@type\":\"ImageObject\",\"inLanguage\":\"pt-BR\",\"@id\":\"https:\/\/franciscanos.org.br\/noticias\/frei-augusto-e-ordenado-presbitero-coloco-me-a-disposicao-de-toda-fraternidade.html#primaryimage\",\"url\":\"https:\/\/franciscanos.org.br\/noticias\/wp-content\/uploads\/2023\/10\/ordena_09.jpg\",\"contentUrl\":\"https:\/\/franciscanos.org.br\/noticias\/wp-content\/uploads\/2023\/10\/ordena_09.jpg\",\"width\":1280,\"height\":720},{\"@type\":\"WebPage\",\"@id\":\"https:\/\/franciscanos.org.br\/noticias\/frei-augusto-e-ordenado-presbitero-coloco-me-a-disposicao-de-toda-fraternidade.html#webpage\",\"url\":\"https:\/\/franciscanos.org.br\/noticias\/frei-augusto-e-ordenado-presbitero-coloco-me-a-disposicao-de-toda-fraternidade.html\",\"name\":\"Frei Augusto \u00e9 ordenado presb\u00edtero: \\\"Coloco-me \u00e0 disposi\u00e7\u00e3o de toda Fraternidade\\\" - Not\u00edcias - Franciscanos\",\"isPartOf\":{\"@id\":\"https:\/\/franciscanos.org.br\/noticias\/#website\"},\"primaryImageOfPage\":{\"@id\":\"https:\/\/franciscanos.org.br\/noticias\/frei-augusto-e-ordenado-presbitero-coloco-me-a-disposicao-de-toda-fraternidade.html#primaryimage\"},\"datePublished\":\"2023-10-15T01:02:35+00:00\",\"dateModified\":\"2025-03-10T18:48:28+00:00\",\"author\":{\"@id\":\"https:\/\/franciscanos.org.br\/noticias\/#\/schema\/person\/b5c8cba458c330ccff548b056e95a5d4\"},\"breadcrumb\":{\"@id\":\"https:\/\/franciscanos.org.br\/noticias\/frei-augusto-e-ordenado-presbitero-coloco-me-a-disposicao-de-toda-fraternidade.html#breadcrumb\"},\"inLanguage\":\"pt-BR\",\"potentialAction\":[{\"@type\":\"ReadAction\",\"target\":[\"https:\/\/franciscanos.org.br\/noticias\/frei-augusto-e-ordenado-presbitero-coloco-me-a-disposicao-de-toda-fraternidade.html\"]}]},{\"@type\":\"BreadcrumbList\",\"@id\":\"https:\/\/franciscanos.org.br\/noticias\/frei-augusto-e-ordenado-presbitero-coloco-me-a-disposicao-de-toda-fraternidade.html#breadcrumb\",\"itemListElement\":[{\"@type\":\"ListItem\",\"position\":1,\"name\":\"Home\",\"item\":\"https:\/\/franciscanos.org.br\/noticias\"},{\"@type\":\"ListItem\",\"position\":2,\"name\":\"Frei Augusto \u00e9 ordenado presb\u00edtero: &#8220;Coloco-me \u00e0 disposi\u00e7\u00e3o de toda Fraternidade&#8221;\"}]},{\"@type\":\"Person\",\"@id\":\"https:\/\/franciscanos.org.br\/noticias\/#\/schema\/person\/b5c8cba458c330ccff548b056e95a5d4\",\"name\":\"moacir\",\"image\":{\"@type\":\"ImageObject\",\"inLanguage\":\"pt-BR\",\"@id\":\"https:\/\/franciscanos.org.br\/noticias\/#\/schema\/person\/image\/\",\"url\":\"https:\/\/secure.gravatar.com\/avatar\/d08aa2ce4c8dd416d4479aa8536fcf64?s=96&d=mm&r=g\",\"contentUrl\":\"https:\/\/secure.gravatar.com\/avatar\/d08aa2ce4c8dd416d4479aa8536fcf64?s=96&d=mm&r=g\",\"caption\":\"moacir\"},\"url\":\"https:\/\/franciscanos.org.br\/noticias\/author\/moacir\"}]}<\/script>\n<!-- \/ Yoast SEO plugin. -->","yoast_head_json":{"title":"Frei Augusto \u00e9 ordenado presb\u00edtero: \"Coloco-me \u00e0 disposi\u00e7\u00e3o de toda Fraternidade\" - Not\u00edcias - Franciscanos","robots":{"index":"index","follow":"follow","max-snippet":"max-snippet:-1","max-image-preview":"max-image-preview:large","max-video-preview":"max-video-preview:-1"},"canonical":"https:\/\/franciscanos.org.br\/noticias\/frei-augusto-e-ordenado-presbitero-coloco-me-a-disposicao-de-toda-fraternidade.html","og_locale":"pt_BR","og_type":"article","og_title":"Frei Augusto \u00e9 ordenado presb\u00edtero: \"Coloco-me \u00e0 disposi\u00e7\u00e3o de toda Fraternidade\" - Not\u00edcias - Franciscanos","og_description":"Ordena\u00e7\u00e3o presbiteral","og_url":"https:\/\/franciscanos.org.br\/noticias\/frei-augusto-e-ordenado-presbitero-coloco-me-a-disposicao-de-toda-fraternidade.html","og_site_name":"Not\u00edcias - Franciscanos","article_published_time":"2023-10-15T01:02:35+00:00","article_modified_time":"2025-03-10T18:48:28+00:00","og_image":[{"width":1280,"height":720,"url":"https:\/\/franciscanos.org.br\/noticias\/wp-content\/uploads\/2023\/10\/ordena_09.jpg","type":"image\/jpeg"}],"author":"moacir","twitter_card":"summary_large_image","twitter_misc":{"Escrito por":"moacir","Est. tempo de leitura":"17 minutos"},"schema":{"@context":"https:\/\/schema.org","@graph":[{"@type":"WebSite","@id":"https:\/\/franciscanos.org.br\/noticias\/#website","url":"https:\/\/franciscanos.org.br\/noticias\/","name":"Not\u00edcias - Franciscanos","description":"Prov\u00edncia Franciscana da Imaculada Concei\u00e7\u00e3o do Brasil - Ordem dos Frades Menores - OFM","potentialAction":[{"@type":"SearchAction","target":{"@type":"EntryPoint","urlTemplate":"https:\/\/franciscanos.org.br\/noticias\/?s={search_term_string}"},"query-input":"required name=search_term_string"}],"inLanguage":"pt-BR"},{"@type":"ImageObject","inLanguage":"pt-BR","@id":"https:\/\/franciscanos.org.br\/noticias\/frei-augusto-e-ordenado-presbitero-coloco-me-a-disposicao-de-toda-fraternidade.html#primaryimage","url":"https:\/\/franciscanos.org.br\/noticias\/wp-content\/uploads\/2023\/10\/ordena_09.jpg","contentUrl":"https:\/\/franciscanos.org.br\/noticias\/wp-content\/uploads\/2023\/10\/ordena_09.jpg","width":1280,"height":720},{"@type":"WebPage","@id":"https:\/\/franciscanos.org.br\/noticias\/frei-augusto-e-ordenado-presbitero-coloco-me-a-disposicao-de-toda-fraternidade.html#webpage","url":"https:\/\/franciscanos.org.br\/noticias\/frei-augusto-e-ordenado-presbitero-coloco-me-a-disposicao-de-toda-fraternidade.html","name":"Frei Augusto \u00e9 ordenado presb\u00edtero: \"Coloco-me \u00e0 disposi\u00e7\u00e3o de toda Fraternidade\" - Not\u00edcias - Franciscanos","isPartOf":{"@id":"https:\/\/franciscanos.org.br\/noticias\/#website"},"primaryImageOfPage":{"@id":"https:\/\/franciscanos.org.br\/noticias\/frei-augusto-e-ordenado-presbitero-coloco-me-a-disposicao-de-toda-fraternidade.html#primaryimage"},"datePublished":"2023-10-15T01:02:35+00:00","dateModified":"2025-03-10T18:48:28+00:00","author":{"@id":"https:\/\/franciscanos.org.br\/noticias\/#\/schema\/person\/b5c8cba458c330ccff548b056e95a5d4"},"breadcrumb":{"@id":"https:\/\/franciscanos.org.br\/noticias\/frei-augusto-e-ordenado-presbitero-coloco-me-a-disposicao-de-toda-fraternidade.html#breadcrumb"},"inLanguage":"pt-BR","potentialAction":[{"@type":"ReadAction","target":["https:\/\/franciscanos.org.br\/noticias\/frei-augusto-e-ordenado-presbitero-coloco-me-a-disposicao-de-toda-fraternidade.html"]}]},{"@type":"BreadcrumbList","@id":"https:\/\/franciscanos.org.br\/noticias\/frei-augusto-e-ordenado-presbitero-coloco-me-a-disposicao-de-toda-fraternidade.html#breadcrumb","itemListElement":[{"@type":"ListItem","position":1,"name":"Home","item":"https:\/\/franciscanos.org.br\/noticias"},{"@type":"ListItem","position":2,"name":"Frei Augusto \u00e9 ordenado presb\u00edtero: &#8220;Coloco-me \u00e0 disposi\u00e7\u00e3o de toda Fraternidade&#8221;"}]},{"@type":"Person","@id":"https:\/\/franciscanos.org.br\/noticias\/#\/schema\/person\/b5c8cba458c330ccff548b056e95a5d4","name":"moacir","image":{"@type":"ImageObject","inLanguage":"pt-BR","@id":"https:\/\/franciscanos.org.br\/noticias\/#\/schema\/person\/image\/","url":"https:\/\/secure.gravatar.com\/avatar\/d08aa2ce4c8dd416d4479aa8536fcf64?s=96&d=mm&r=g","contentUrl":"https:\/\/secure.gravatar.com\/avatar\/d08aa2ce4c8dd416d4479aa8536fcf64?s=96&d=mm&r=g","caption":"moacir"},"url":"https:\/\/franciscanos.org.br\/noticias\/author\/moacir"}]}},"_links":{"self":[{"href":"https:\/\/franciscanos.org.br\/noticias\/wp-json\/wp\/v2\/posts\/245203"}],"collection":[{"href":"https:\/\/franciscanos.org.br\/noticias\/wp-json\/wp\/v2\/posts"}],"about":[{"href":"https:\/\/franciscanos.org.br\/noticias\/wp-json\/wp\/v2\/types\/post"}],"author":[{"embeddable":true,"href":"https:\/\/franciscanos.org.br\/noticias\/wp-json\/wp\/v2\/users\/3"}],"replies":[{"embeddable":true,"href":"https:\/\/franciscanos.org.br\/noticias\/wp-json\/wp\/v2\/comments?post=245203"}],"version-history":[{"count":5,"href":"https:\/\/franciscanos.org.br\/noticias\/wp-json\/wp\/v2\/posts\/245203\/revisions"}],"predecessor-version":[{"id":245258,"href":"https:\/\/franciscanos.org.br\/noticias\/wp-json\/wp\/v2\/posts\/245203\/revisions\/245258"}],"wp:featuredmedia":[{"embeddable":true,"href":"https:\/\/franciscanos.org.br\/noticias\/wp-json\/wp\/v2\/media\/245204"}],"wp:attachment":[{"href":"https:\/\/franciscanos.org.br\/noticias\/wp-json\/wp\/v2\/media?parent=245203"}],"wp:term":[{"taxonomy":"category","embeddable":true,"href":"https:\/\/franciscanos.org.br\/noticias\/wp-json\/wp\/v2\/categories?post=245203"},{"taxonomy":"post_tag","embeddable":true,"href":"https:\/\/franciscanos.org.br\/noticias\/wp-json\/wp\/v2\/tags?post=245203"}],"curies":[{"name":"wp","href":"https:\/\/api.w.org\/{rel}","templated":true}]}}