{"id":245186,"date":"2023-10-14T09:19:09","date_gmt":"2023-10-14T12:19:09","guid":{"rendered":"https:\/\/franciscanos.org.br\/noticias\/?p=245186"},"modified":"2023-10-14T10:09:03","modified_gmt":"2023-10-14T13:09:03","slug":"entrevista-frei-gilson-kammer-a-reforma-da-matriz-o-legado-franciscano-e-a-igreja-viva","status":"publish","type":"post","link":"https:\/\/franciscanos.org.br\/noticias\/entrevista-frei-gilson-kammer-a-reforma-da-matriz-o-legado-franciscano-e-a-igreja-viva.html","title":{"rendered":"Entrevista Frei Gilson Kammer | A reforma da Matriz, o legado franciscano e a Igreja viva"},"content":{"rendered":"<p><img loading=\"lazy\" class=\"alignnone size-full wp-image-245187\" src=\"https:\/\/franciscanos.org.br\/noticias\/wp-content\/uploads\/2023\/10\/gilson_01.jpg\" alt=\"\" width=\"1280\" height=\"720\" srcset=\"https:\/\/franciscanos.org.br\/noticias\/wp-content\/uploads\/2023\/10\/gilson_01.jpg 1280w, https:\/\/franciscanos.org.br\/noticias\/wp-content\/uploads\/2023\/10\/gilson_01-450x253.jpg 450w, https:\/\/franciscanos.org.br\/noticias\/wp-content\/uploads\/2023\/10\/gilson_01-1024x576.jpg 1024w, https:\/\/franciscanos.org.br\/noticias\/wp-content\/uploads\/2023\/10\/gilson_01-768x432.jpg 768w, https:\/\/franciscanos.org.br\/noticias\/wp-content\/uploads\/2023\/10\/gilson_01-150x84.jpg 150w\" sizes=\"(max-width: 1280px) 100vw, 1280px\" \/><\/p>\n<p><em>O cart\u00e3o postal da cidade de Xaxim, no Sudoeste Catarinense, n\u00e3o pode ser fotografado e nem impresso. Desde o in\u00edcio do ano, os andaimes escondem a bela fachada da Matriz S\u00e3o Luiz Gonzaga e a previs\u00e3o \u00e9 que somente no ano que vem, a partir de abril (se as chuvas deixarem), \u00e9 que ela estar\u00e1 totalmente restaurada. A\u00ed, ent\u00e3o, come\u00e7am os trabalhos laterais de restaura\u00e7\u00e3o. <\/em><\/p>\n<p><em>\u00a0<\/em><em>Segundo o p\u00e1roco Frei Gilson Kammer, a previs\u00e3o da conclus\u00e3o das obras dever\u00e1 durar tr\u00eas anos, ou seja, finalizando em 2025. Mas no alto de suas torres j\u00e1 se pode ter uma ideia de como vai ficar a Igreja Matriz. E o que se v\u00ea j\u00e1 enche os olhos.\u00a0 <\/em><\/p>\n<p><em>\u00a0<\/em><em>Nesta entrevista, Frei Gilson fala da constru\u00e7\u00e3o do templo de pedra, da Igreja viva, da sua hist\u00f3ria franciscana e da hist\u00f3ria do jovem Frei Augusto Luiz Gabriel. Acompanhe! <\/em><\/p>\n<p><strong>Site Franciscanos &#8211; O cronograma das obras de restauro da Matriz S\u00e3o Luiz Gonzaga est\u00e1 em dia?<\/strong><\/p>\n<p><strong>Frei Gilson<\/strong> &#8211; A programa\u00e7\u00e3o seria em torno de um ano a um ano e dois meses. Ent\u00e3o, at\u00e9 abril do ano que vem seria o prazo estipulado pela empresa. Devido \u00e0s chuvas que estamos tendo, j\u00e1 houve um pequeno atraso, talvez de um m\u00eas a dois meses. A empresa, em conversa conosco, disse que assim que melhorar o clima teria mais pessoas para as obras, mantendo com isso o prazo, que teve in\u00edcio em fevereiro deste ano. Juntando a parte interna, deveremos precisar de 3 anos e meio.<\/p>\n<p><strong>Site Franciscanos &#8211; Mas o piso interno j\u00e1 foi feito em 2019? <\/strong><\/p>\n<p><strong>Frei Gilson<\/strong> &#8211; Sim, j\u00e1 foi feito o piso e uma parte da el\u00e9trica foi conclu\u00edda, faltando pouca coisa para terminar o projeto el\u00e9trico. Foi comprado todo o material, s\u00f3 falta executar e concluir o projeto. O telhado foi refeito h\u00e1 10 anos e n\u00e3o h\u00e1 necessidade de trocar. S\u00f3 vai ser feita uma limpeza dos telhados, conserto das calhas para evitar as infiltra\u00e7\u00f5es. Ent\u00e3o, seria mais na parte externa a recupera\u00e7\u00e3o. Para se ter uma ideia, est\u00e1 sendo tirado o reboco solto e trocando pelo novo. Depois ser\u00e3o aplicadas a resina com a mica [subst\u00e2ncia composta de l\u00e2minas finas, com brilho met\u00e1lico, que constitui um dos elementos fundamentais do granito], e o p\u00f3 de pedra. Toda essa massa aplicada est\u00e1 dando esta caracter\u00edstica original, assim como a cor. N\u00e3o vai tinta nenhuma. A cor natural da areia e um pouquinho do p\u00f3 de m\u00e1rmore d\u00e1 essa tonalidade mais clara. Onde est\u00e1 a cor cinza vai o p\u00f3 de m\u00e1rmore preto.<\/p>\n<p><strong>\u00a0<\/strong><strong>Site Franciscanos &#8211; Ent\u00e3o est\u00e1 cor que j\u00e1 se destaca \u00e9 a original?<\/strong><\/p>\n<p><strong>Frei Gilson<\/strong> &#8211; Pegaram alguns peda\u00e7os e foram fazendo as amostras at\u00e9 chegar naquilo que eles consideravam o original. Pelos relatos das pessoas de mais idade e naquilo que foi obtido a partir dos estudos \u00e9 o que est\u00e1 mais parecendo com o original novamente. Ou o mais pr\u00f3ximo. Aos poucos, conforme vai descendo a restaura\u00e7\u00e3o, pode-se ver o conjunto.<\/p>\n<p><strong>Site Franciscanos &#8211; Uma obra desse porte tem muitos gastos. Na quest\u00e3o financeira, como consegue buscar recursos?<\/strong><\/p>\n<p><strong>Frei Gilson<\/strong> &#8211; \u00c9 sempre um desafio. Todo o projeto demanda muito dinheiro, mas temos uma comiss\u00e3o que est\u00e1 \u00e0 frente e ajuda muito neste processo todo, tanto do estudo, da viabilidade e necessidade da reforma e da capta\u00e7\u00e3o de recursos. No ano passado, com a Festa de Nossa Senhora da Sa\u00fade, e tamb\u00e9m a festa de Frei Bruno, foram dois eventos que deram os maiores montantes para, vamos dizer assim, dar o pontap\u00e9 inicial.\u00a0 Mas tamb\u00e9m temos as doa\u00e7\u00f5es mensais, que as pessoas v\u00eam aqui na Secretaria fazer, podendo anotar seu nome no Livro de Ouro, a gente fez o carn\u00ea, que as pessoas podem doar mensalmente um valor que podem, al\u00e9m de transfer\u00eancias banc\u00e1rias ou o PIX. No m\u00eas passado, fizemos o \u201cJantar Dan\u00e7ante\u201d e que deu um bom retorno. De modo geral, o que move este trabalho s\u00e3o as doa\u00e7\u00f5es das pessoas, tanto financeiramente como nos trabalhos para fazer isso acontecer. E j\u00e1 estamos programando a Festa de Frei Bruno de 2024, que vai estar na 12\u00aa edi\u00e7\u00e3o, nos dias 9 e 10 de mar\u00e7o. Lan\u00e7amos tamb\u00e9m o bingo, pois ganhamos um lote como primeiro pr\u00eamio de uma doa\u00e7\u00e3o de uma fam\u00edlia, temos os patroc\u00ednios dos valores em dinheiro &#8211; 65 mil -, de algumas empresas da cidade. Agora, temos a Festa da Sa\u00fade, um pouco menor. Todos os movimentos que est\u00e3o sendo feitos, enquanto tiver esse trabalho de restaura\u00e7\u00e3o, ser\u00e3o aplicados nessa finalidade. Sem deixar de lado toda a quest\u00e3o pastoral. A partir dos d\u00edzimos das pessoas, a gente mant\u00e9m a quest\u00e3o pastoral e os trabalhos de evangeliza\u00e7\u00e3o. Por isso que a gente precisa das doa\u00e7\u00f5es, das festas, para que isso seja aplicado na constru\u00e7\u00e3o e na reforma. Mas \u00e9 sempre um desafio muito grande a quest\u00e3o financeira nos nossos dias, mas devagarinho a gente vai fazendo acontecer.<\/p>\n<p><img loading=\"lazy\" class=\"alignnone size-full wp-image-245188\" src=\"https:\/\/franciscanos.org.br\/noticias\/wp-content\/uploads\/2023\/10\/gilson_03.jpg\" alt=\"\" width=\"1280\" height=\"1585\" srcset=\"https:\/\/franciscanos.org.br\/noticias\/wp-content\/uploads\/2023\/10\/gilson_03.jpg 872w, https:\/\/franciscanos.org.br\/noticias\/wp-content\/uploads\/2023\/10\/gilson_03-363x450.jpg 363w, https:\/\/franciscanos.org.br\/noticias\/wp-content\/uploads\/2023\/10\/gilson_03-827x1024.jpg 827w, https:\/\/franciscanos.org.br\/noticias\/wp-content\/uploads\/2023\/10\/gilson_03-768x951.jpg 768w, https:\/\/franciscanos.org.br\/noticias\/wp-content\/uploads\/2023\/10\/gilson_03-1240x1536.jpg 1240w, https:\/\/franciscanos.org.br\/noticias\/wp-content\/uploads\/2023\/10\/gilson_03-150x186.jpg 150w\" sizes=\"(max-width: 1280px) 100vw, 1280px\" \/><\/p>\n<p><img loading=\"lazy\" class=\"alignnone size-full wp-image-245189\" src=\"https:\/\/franciscanos.org.br\/noticias\/wp-content\/uploads\/2023\/10\/gilson_04.png\" alt=\"\" width=\"1280\" height=\"318\" srcset=\"https:\/\/franciscanos.org.br\/noticias\/wp-content\/uploads\/2023\/10\/gilson_04.png 1280w, https:\/\/franciscanos.org.br\/noticias\/wp-content\/uploads\/2023\/10\/gilson_04-450x112.png 450w, https:\/\/franciscanos.org.br\/noticias\/wp-content\/uploads\/2023\/10\/gilson_04-1024x254.png 1024w, https:\/\/franciscanos.org.br\/noticias\/wp-content\/uploads\/2023\/10\/gilson_04-768x191.png 768w, https:\/\/franciscanos.org.br\/noticias\/wp-content\/uploads\/2023\/10\/gilson_04-150x37.png 150w\" sizes=\"(max-width: 1280px) 100vw, 1280px\" \/><\/p>\n<p><strong>Site Franciscanos &#8211; No in\u00edcio, este desafio chegou a tirar o seu sono, chegou a te assustar?<\/strong><\/p>\n<p><strong>Frei Gilson<\/strong> &#8211; Quando eu cheguei aqui, h\u00e1 cinco anos, j\u00e1 havia essa probabilidade vinculada a uma reforma bem consider\u00e1vel da igreja Matriz. A partir disso, a gente come\u00e7ou a juntar as pessoas da comunidade, trocar ideias com engenheiros, arquitetos, at\u00e9 que conseguimos encontrar essa empresa &#8211;\u00a0 ARS Artes Sacras -, e tivemos algumas sugest\u00f5es e ideias. A partir da\u00ed se viu a viabilidade desse trabalho, mas o medo sempre existe. Uma preocupa\u00e7\u00e3o de n\u00e3o conseguir cumprir n\u00e3o s\u00f3 pelos valores financeiros, mas manter o valor \u00a0hist\u00f3rico-cultural, que \u00e9 muito grande na cidade. Ent\u00e3o, querendo ou n\u00e3o, a gente tem uma visibilidade e buscar as melhores condi\u00e7\u00f5es \u00e9 sempre um desafio, uma preocupa\u00e7\u00e3o. O medo, acho que nesse sentido, tamb\u00e9m nos ajuda a n\u00e3o fazer loucuras.<\/p>\n<p><strong>Site Franciscanos &#8211; E tem todo um legado franciscano nesta igreja?<\/strong><\/p>\n<p><strong>Frei Gilson<\/strong> &#8211; Desde 15 de janeiro de 1947, que foi lan\u00e7ada a pedra fundamental, e antes disso, os frades sempre moraram e evangelizaram esses lados do Oeste Catarinense, quase de modo geral. Esse legado que os franciscanos, como Frei Bruno e Frei Pl\u00e1cido, que foram os sonhadores e incentivadores do povo a construir essa igreja e depois todos os outros frades que passaram ao longo desses 83 anos que a nossa Par\u00f3quia celebra, \u00e9 justamente isso que a gente est\u00e1 buscando fazer. \u00c9 aquilo que os frades e o povo viveram e que a gente est\u00e1 revivendo. Ent\u00e3o, acho que isso tamb\u00e9m nos motiva &#8211; ao contr\u00e1rio de ter medo e desistir &#8211; a deixar esse legado. Envolver as pessoas da Comunidade, nesse sentido, nos ajuda tamb\u00e9m, nos d\u00e1 coragem de enfrentar esses medos que temos.<\/p>\n<p><strong>Site Franciscanos &#8211; Voc\u00ea viveu em Colatina de 2010 a 2019, quando veio para Xaxim. Esta obra \u00e9 o seu primeiro grande desafio?<\/strong><\/p>\n<p><strong>Frei Gilson<\/strong> &#8211; Em Colatina, a gente fez a reforma tanto da Igreja quanto da Casa Paroquial, que n\u00e3o t\u00ednhamos e mor\u00e1vamos numa casa alugada. E depois, a gente fez a reforma da Igreja S\u00e3o Vicente e tamb\u00e9m o Centro Pastoral, que hoje \u00e9 utilizado pela Par\u00f3quia Santa Clara, e tamb\u00e9m algumas comunidades do interior. N\u00e3o s\u00e3o reformas grandes, consider\u00e1veis, mas importantes para aquele momento. Mas uma obra desse tamanho \u00e9 a primeira e, por isso, a gente treme um pouco.<\/p>\n<p><img loading=\"lazy\" class=\"alignnone size-full wp-image-245191\" src=\"https:\/\/franciscanos.org.br\/noticias\/wp-content\/uploads\/2023\/10\/gilson_02.jpg\" alt=\"\" width=\"1280\" height=\"871\" srcset=\"https:\/\/franciscanos.org.br\/noticias\/wp-content\/uploads\/2023\/10\/gilson_02.jpg 1280w, https:\/\/franciscanos.org.br\/noticias\/wp-content\/uploads\/2023\/10\/gilson_02-450x306.jpg 450w, https:\/\/franciscanos.org.br\/noticias\/wp-content\/uploads\/2023\/10\/gilson_02-1024x697.jpg 1024w, https:\/\/franciscanos.org.br\/noticias\/wp-content\/uploads\/2023\/10\/gilson_02-768x523.jpg 768w, https:\/\/franciscanos.org.br\/noticias\/wp-content\/uploads\/2023\/10\/gilson_02-150x102.jpg 150w\" sizes=\"(max-width: 1280px) 100vw, 1280px\" \/><\/p>\n<p><strong>Site Franciscanos &#8211; E como define essa experi\u00eancia em Xaxim, j\u00e1 que come\u00e7ou como presb\u00edtero no Norte do territ\u00f3rio da Prov\u00edncia?<\/strong><\/p>\n<p><strong>Frei Gilson<\/strong> &#8211; Em rela\u00e7\u00e3o \u00e0 minha primeira experi\u00eancia em Colatina, tem uma diferen\u00e7a bastante grande, tanto eclesial, pastoral e cultural, principalmente. Mas ao mesmo tempo, o grande desafio da gente enquanto frade, em cada lugar, \u00e9 perceber de que maneira podemos contribuir para o bem das pessoas, n\u00e3o s\u00f3 o nosso, mas fazendo esse bem, vamos dizer assim, \u00a0\u00a0realizar-se nesse trabalho, nessa voca\u00e7\u00e3o que a gente escolheu. Nesse sentido h\u00e1 os desafios, mas que sempre nos ajudam, fazem com que possamos crescer humanamente e como frades tamb\u00e9m. Ent\u00e3o, em toda a experi\u00eancia em cada local que a gente est\u00e1, possibilita-nos um crescimento. H\u00e1 os limites, os desafios, as coisas boas que a gente pode viver e com isso, \u00a0pode-se amadurecer enquanto pessoa, enquanto frade. Acho que esse amadurecimento vamos alcan\u00e7ando com a caminhada. Em Xaxim, talvez tamb\u00e9m encontre isso. Ent\u00e3o, \u00e9 um pouquinho diferente do que vivi em Colatina, mas tamb\u00e9m possibilita esse crescimento humano e fraterno, vocacional nesse sentido.<\/p>\n<p><strong>Site Franciscanos &#8211; Num encontro da Frente das Par\u00f3quias, foi pedido que as par\u00f3quias assumissem mais o rosto franciscano. Podemos chamar essa Par\u00f3quia de franciscana?<\/strong><\/p>\n<p><strong>Frei Gilson<\/strong> &#8211; \u00c9 um grande desafio. Qual o diferencial, vamos dizer assim, que n\u00f3s, enquanto frades e a exemplo de S\u00e3o Francisco de Assis, podemos colocar em pr\u00e1tica. E aqui, desde 1903, segundo historiadores, os frades vinham de Palmas para as miss\u00f5es. Em 1940 foi criada a Par\u00f3quia e a Fraternidade S\u00e3o Luiz Gonzaga, ent\u00e3o s\u00e3o mais de 80 anos oficialmente dos cuidados franciscanos. E como fazer? E a\u00ed temos dois grandes frades, Frei Pl\u00e1cido e Frei Bruno, que a gente j\u00e1 os conhece bastante e que acabam nos inspirando tamb\u00e9m. Como falei antes, os dois frades e os outros frades, as pessoas lembram com carinho deles em algum momento ou pela presen\u00e7a deles. Isso tamb\u00e9m nos ajuda. Acho que \u00e9 nessa simplicidade, vamos dizer assim, com que os frades se colocaram e que o povo lembra, acredito que a gente pode ser tornar franciscano. Ainda mais. Tornar nossa Par\u00f3quia franciscana. \u00c9 um desafio grande diante talvez daquilo que as pessoas esperam da gente, mas por vezes o franciscanismo \u00e9 justamente o contr\u00e1rio. Como fazer o bem, n\u00e3o somente aquilo que as pessoas esperam e desejam da gente, mas que por vezes precisamos ir por caminhos diferentes. Ent\u00e3o, a humildade \u00e9 que a gente n\u00e3o pode perder. A partir da\u00ed conseguimos se aproximar das crian\u00e7as, dos jovens e das fam\u00edlias. Que as pessoas se sintam pessoas vivas. E a partir da\u00ed acho que \u00e9 a experi\u00eancia franciscana que vai fazer com que o seguimento do Cristo aconte\u00e7a no modo franciscano. E pode ser o nosso diferencial enquanto frades de fazer com que a nossa Par\u00f3quia tenha uma caminhada. Isso n\u00e3o significa que a gente seja melhor do que os outros. Mas \u00e9 diferente. Ter o carisma franciscano \u00e9 um desafio pela grandeza de S\u00e3o Francisco e tantos que entraram na hist\u00f3ria e at\u00e9 os mais recentes que moraram aqui em Xaxim e, como a gente, continuam esse legado franciscano.<\/p>\n<p><strong>Site Franciscanos \u2013 Com o processo da Causa de Frei Bruno, \u00a0ele \u00e9 uma inspira\u00e7\u00e3o mais forte?<\/strong><\/p>\n<p><strong>Frei Gilson &#8211;<\/strong> As pessoas lembram com muito carinho de Frei Bruno. Sempre gosto de citar Frei Pl\u00e1cido tamb\u00e9m, porque as pessoas tamb\u00e9m t\u00eam muito carinho por ele. Os dois trabalharam juntos por dez anos e depois Frei Pl\u00e1cido ficou mais cinco anos aqui. Ent\u00e3o, os dois tinham uma harmonia muito bonita e o povo percebe isso. Ent\u00e3o, assim, \u00e9 ineg\u00e1vel que os dois continuam sendo inspira\u00e7\u00e3o para n\u00f3s, frades, bem como para todo o povo desta Par\u00f3quia e grande incentivador desta evangeliza\u00e7\u00e3o que precisa acontecer. Ent\u00e3o, os dois nos atualizam para nos sentirmos Igreja viva.<\/p>\n<p><strong>Site Franciscanos &#8211; E a ordena\u00e7\u00e3o de Frei Augusto tem um significado importante para a Par\u00f3quia, n\u00e3o?<\/strong><\/p>\n<p><strong>Frei Gilson &#8211;<\/strong> Com certeza. Tornar-se a par\u00f3quia franciscana que foi a pergunta anterior \u00e9 justamente isso: cada frade sentir-se irm\u00e3o um do outro, a gente participar da vida do outro. E \u00e9 justamente isso que o Frei Augusto nos possibilita hoje e que a gente tamb\u00e9m pode possibilitar a ele toda essa viv\u00eancia de um momento \u00fanico. A ordena\u00e7\u00e3o presbiteral \u00e9 importante pessoalmente para ele, para os seus familiares, para a Comunidade da Vila Tigre, mas para toda a nossa Par\u00f3quia. Ent\u00e3o, nessa Semana Mission\u00e1ria que a gente est\u00e1 vivendo, ela desperta um olhar diferente, um carinho pelo povo. N\u00e3o s\u00f3 nas comunidades que foram feitas visitas, infelizmente n\u00e3o conseguimos passar em todas as comunidades, mas onde a gente conseguiu passar, esse carinho pode ser visto nas ora\u00e7\u00f5es pelo bom \u00eaxito da caminhada do Frei Augusto, mas tamb\u00e9m por todos n\u00f3s. Eles n\u00e3o falam do frei, mas dos freis. Isso mostra tamb\u00e9m o sentido comunit\u00e1rio, fraterno de todo o nosso trabalho. A Semana Mission\u00e1ria e a Ordena\u00e7\u00e3o do Frei Augusto se tornam tamb\u00e9m um momento bem importante para a nossa Par\u00f3quia, dentro dos eventos que ela viveu nos \u00faltimos anos, como as Miss\u00f5es Franciscanas da Juventude. Agora esse momento importante para o Frei Augusto \u00e9 para n\u00f3s tamb\u00e9m. O encontro com os jovens que a gente teve no feriado, dia 12, tamb\u00e9m acho que mostrou isso. Hoje \u00e0 noite, especialmente com a presen\u00e7a dos coroinhas na nossa celebra\u00e7\u00e3o. Ent\u00e3o, mostra alguns trabalhos que est\u00e3o sendo buscados na Par\u00f3quia, que indicam a simplicidade, o carinho das pessoas para com a Igreja. E n\u00e3o v\u00ea a Igreja como algo separado da minha vida. Ent\u00e3o, a Igreja, o trabalho, a fam\u00edlia, a realiza\u00e7\u00e3o pessoal de cada pessoa perpassa por isso tudo. E a Semana Mission\u00e1ria possibilita tudo isso.<\/p>\n<p><strong>\u00a0<\/strong><strong>Site Franciscanos &#8211; Frei Augusto \u00e9 fruto desse legado?<\/strong><\/p>\n<p><strong>Frei Gilson<\/strong> &#8211; Isso. Ontem com os jovens ele deu testemunho, a partir de uma conversa ou de enxergar os frades a celebrar, passar nas fam\u00edlias, ver o h\u00e1bito como ele viu, e buscar isso: tamb\u00e9m eu quero ser frade. E a partir dessa conversa, desse acolhimento que um frade faz, o jovem tamb\u00e9m pode despertar esse sentido de seguimento da caminhada da voca\u00e7\u00e3o religiosa. E isso \u00e9 um legado. O que os frades fizeram hoje tamb\u00e9m d\u00e3o possibilidade de outros jovens nos enxergarem, de acolh\u00ea-los e ajud\u00e1-los bem na sua voca\u00e7\u00e3o.<\/p>\n<p><strong>Site Franciscanos &#8211; Como buscar o sentido de perten\u00e7a e de ser Igreja com o Papa Francisco?<\/strong><\/p>\n<p><strong>Frei Gilson<\/strong> &#8211; O desafio acho que n\u00e3o \u00e9 s\u00f3 da nossa realidade de Xaxim e do Oeste Catarinense, talvez seja de tantos outros lugares. Como a gente se sentir pertencente a uma comunidade e a uma Igreja? Como eu me sinto Igreja viva? Como eu fa\u00e7o, como eu vivo isso tudo? Talvez pudesse ser aquilo o que me move hoje, participar de uma comunidade, de uma Igreja, n\u00e3o pode ser um peso. Ela precisa ser essa realiza\u00e7\u00e3o. Hoje, o Papa Francisco e todo o legado franciscano de nossa Par\u00f3quia impulsionam a sempre buscar esse sentido de perten\u00e7a, que S\u00e3o Francisco de Assis tinha muito forte. Como eu ser uma comunidade viva? Acho que n\u00e3o \u00e9 um desafio, mas aquilo que move os nossos passos, caminhando em busca da sinodalidade, na escuta, no acolhimento, no cuidado. Ent\u00e3o, acho que passa por tudo isso. Ser a Igreja viva \u00e9 isso. Ent\u00e3o, n\u00e3o \u00e9 s\u00f3 os frades, o bispo, o padre que s\u00e3o Igreja. Mas somos todos n\u00f3s. Quando a gente consegue perceber com clareza, <em>eu sou Igreja, essa \u00e9 a minha Igreja, essa \u00e9 minha comunidade<\/em>, a realiza\u00e7\u00e3o acontece, tanto na fam\u00edlia, como na comunidade, como no todo da nossa Igreja.<\/p>\n<hr \/>\n<p><em>Entrevista a Moacir Beggo<\/em><\/p>\n","protected":false},"excerpt":{"rendered":"<p>Entrevista<\/p>\n","protected":false},"author":3,"featured_media":245187,"comment_status":"open","ping_status":"open","sticky":false,"template":"","format":"standard","meta":[],"categories":[758,1],"tags":[663],"acf":[],"yoast_head":"<!-- This site is optimized with the Yoast SEO plugin v19.2 - https:\/\/yoast.com\/wordpress\/plugins\/seo\/ -->\n<title>Entrevista Frei Gilson Kammer | A reforma da Matriz, o legado franciscano e a Igreja viva - Not\u00edcias - Franciscanos<\/title>\n<meta name=\"robots\" content=\"index, follow, max-snippet:-1, max-image-preview:large, max-video-preview:-1\" \/>\n<link rel=\"canonical\" href=\"https:\/\/franciscanos.org.br\/noticias\/entrevista-frei-gilson-kammer-a-reforma-da-matriz-o-legado-franciscano-e-a-igreja-viva.html\" \/>\n<meta property=\"og:locale\" content=\"pt_BR\" \/>\n<meta property=\"og:type\" content=\"article\" \/>\n<meta property=\"og:title\" content=\"Entrevista Frei Gilson Kammer | A reforma da Matriz, o legado franciscano e a Igreja viva - Not\u00edcias - Franciscanos\" \/>\n<meta property=\"og:description\" content=\"Entrevista\" \/>\n<meta property=\"og:url\" content=\"https:\/\/franciscanos.org.br\/noticias\/entrevista-frei-gilson-kammer-a-reforma-da-matriz-o-legado-franciscano-e-a-igreja-viva.html\" \/>\n<meta property=\"og:site_name\" content=\"Not\u00edcias - Franciscanos\" \/>\n<meta property=\"article:published_time\" content=\"2023-10-14T12:19:09+00:00\" \/>\n<meta property=\"article:modified_time\" content=\"2023-10-14T13:09:03+00:00\" \/>\n<meta property=\"og:image\" content=\"https:\/\/franciscanos.org.br\/noticias\/wp-content\/uploads\/2023\/10\/gilson_01.jpg\" \/>\n\t<meta property=\"og:image:width\" content=\"1280\" \/>\n\t<meta property=\"og:image:height\" content=\"720\" \/>\n\t<meta property=\"og:image:type\" content=\"image\/jpeg\" \/>\n<meta name=\"author\" content=\"moacir\" \/>\n<meta name=\"twitter:card\" content=\"summary_large_image\" \/>\n<meta name=\"twitter:label1\" content=\"Escrito por\" \/>\n\t<meta name=\"twitter:data1\" content=\"moacir\" \/>\n\t<meta name=\"twitter:label2\" content=\"Est. tempo de leitura\" \/>\n\t<meta name=\"twitter:data2\" content=\"13 minutos\" \/>\n<script type=\"application\/ld+json\" class=\"yoast-schema-graph\">{\"@context\":\"https:\/\/schema.org\",\"@graph\":[{\"@type\":\"WebSite\",\"@id\":\"https:\/\/franciscanos.org.br\/noticias\/#website\",\"url\":\"https:\/\/franciscanos.org.br\/noticias\/\",\"name\":\"Not\u00edcias - Franciscanos\",\"description\":\"Prov\u00edncia Franciscana da Imaculada Concei\u00e7\u00e3o do Brasil - Ordem dos Frades Menores - OFM\",\"potentialAction\":[{\"@type\":\"SearchAction\",\"target\":{\"@type\":\"EntryPoint\",\"urlTemplate\":\"https:\/\/franciscanos.org.br\/noticias\/?s={search_term_string}\"},\"query-input\":\"required name=search_term_string\"}],\"inLanguage\":\"pt-BR\"},{\"@type\":\"ImageObject\",\"inLanguage\":\"pt-BR\",\"@id\":\"https:\/\/franciscanos.org.br\/noticias\/entrevista-frei-gilson-kammer-a-reforma-da-matriz-o-legado-franciscano-e-a-igreja-viva.html#primaryimage\",\"url\":\"https:\/\/franciscanos.org.br\/noticias\/wp-content\/uploads\/2023\/10\/gilson_01.jpg\",\"contentUrl\":\"https:\/\/franciscanos.org.br\/noticias\/wp-content\/uploads\/2023\/10\/gilson_01.jpg\",\"width\":1280,\"height\":720},{\"@type\":\"WebPage\",\"@id\":\"https:\/\/franciscanos.org.br\/noticias\/entrevista-frei-gilson-kammer-a-reforma-da-matriz-o-legado-franciscano-e-a-igreja-viva.html#webpage\",\"url\":\"https:\/\/franciscanos.org.br\/noticias\/entrevista-frei-gilson-kammer-a-reforma-da-matriz-o-legado-franciscano-e-a-igreja-viva.html\",\"name\":\"Entrevista Frei Gilson Kammer | A reforma da Matriz, o legado franciscano e a Igreja viva - Not\u00edcias - Franciscanos\",\"isPartOf\":{\"@id\":\"https:\/\/franciscanos.org.br\/noticias\/#website\"},\"primaryImageOfPage\":{\"@id\":\"https:\/\/franciscanos.org.br\/noticias\/entrevista-frei-gilson-kammer-a-reforma-da-matriz-o-legado-franciscano-e-a-igreja-viva.html#primaryimage\"},\"datePublished\":\"2023-10-14T12:19:09+00:00\",\"dateModified\":\"2023-10-14T13:09:03+00:00\",\"author\":{\"@id\":\"https:\/\/franciscanos.org.br\/noticias\/#\/schema\/person\/b5c8cba458c330ccff548b056e95a5d4\"},\"breadcrumb\":{\"@id\":\"https:\/\/franciscanos.org.br\/noticias\/entrevista-frei-gilson-kammer-a-reforma-da-matriz-o-legado-franciscano-e-a-igreja-viva.html#breadcrumb\"},\"inLanguage\":\"pt-BR\",\"potentialAction\":[{\"@type\":\"ReadAction\",\"target\":[\"https:\/\/franciscanos.org.br\/noticias\/entrevista-frei-gilson-kammer-a-reforma-da-matriz-o-legado-franciscano-e-a-igreja-viva.html\"]}]},{\"@type\":\"BreadcrumbList\",\"@id\":\"https:\/\/franciscanos.org.br\/noticias\/entrevista-frei-gilson-kammer-a-reforma-da-matriz-o-legado-franciscano-e-a-igreja-viva.html#breadcrumb\",\"itemListElement\":[{\"@type\":\"ListItem\",\"position\":1,\"name\":\"Home\",\"item\":\"https:\/\/franciscanos.org.br\/noticias\"},{\"@type\":\"ListItem\",\"position\":2,\"name\":\"Entrevista Frei Gilson Kammer | A reforma da Matriz, o legado franciscano e a Igreja viva\"}]},{\"@type\":\"Person\",\"@id\":\"https:\/\/franciscanos.org.br\/noticias\/#\/schema\/person\/b5c8cba458c330ccff548b056e95a5d4\",\"name\":\"moacir\",\"image\":{\"@type\":\"ImageObject\",\"inLanguage\":\"pt-BR\",\"@id\":\"https:\/\/franciscanos.org.br\/noticias\/#\/schema\/person\/image\/\",\"url\":\"https:\/\/secure.gravatar.com\/avatar\/d08aa2ce4c8dd416d4479aa8536fcf64?s=96&d=mm&r=g\",\"contentUrl\":\"https:\/\/secure.gravatar.com\/avatar\/d08aa2ce4c8dd416d4479aa8536fcf64?s=96&d=mm&r=g\",\"caption\":\"moacir\"},\"url\":\"https:\/\/franciscanos.org.br\/noticias\/author\/moacir\"}]}<\/script>\n<!-- \/ Yoast SEO plugin. -->","yoast_head_json":{"title":"Entrevista Frei Gilson Kammer | A reforma da Matriz, o legado franciscano e a Igreja viva - Not\u00edcias - Franciscanos","robots":{"index":"index","follow":"follow","max-snippet":"max-snippet:-1","max-image-preview":"max-image-preview:large","max-video-preview":"max-video-preview:-1"},"canonical":"https:\/\/franciscanos.org.br\/noticias\/entrevista-frei-gilson-kammer-a-reforma-da-matriz-o-legado-franciscano-e-a-igreja-viva.html","og_locale":"pt_BR","og_type":"article","og_title":"Entrevista Frei Gilson Kammer | A reforma da Matriz, o legado franciscano e a Igreja viva - Not\u00edcias - Franciscanos","og_description":"Entrevista","og_url":"https:\/\/franciscanos.org.br\/noticias\/entrevista-frei-gilson-kammer-a-reforma-da-matriz-o-legado-franciscano-e-a-igreja-viva.html","og_site_name":"Not\u00edcias - Franciscanos","article_published_time":"2023-10-14T12:19:09+00:00","article_modified_time":"2023-10-14T13:09:03+00:00","og_image":[{"width":1280,"height":720,"url":"https:\/\/franciscanos.org.br\/noticias\/wp-content\/uploads\/2023\/10\/gilson_01.jpg","type":"image\/jpeg"}],"author":"moacir","twitter_card":"summary_large_image","twitter_misc":{"Escrito por":"moacir","Est. tempo de leitura":"13 minutos"},"schema":{"@context":"https:\/\/schema.org","@graph":[{"@type":"WebSite","@id":"https:\/\/franciscanos.org.br\/noticias\/#website","url":"https:\/\/franciscanos.org.br\/noticias\/","name":"Not\u00edcias - Franciscanos","description":"Prov\u00edncia Franciscana da Imaculada Concei\u00e7\u00e3o do Brasil - Ordem dos Frades Menores - OFM","potentialAction":[{"@type":"SearchAction","target":{"@type":"EntryPoint","urlTemplate":"https:\/\/franciscanos.org.br\/noticias\/?s={search_term_string}"},"query-input":"required name=search_term_string"}],"inLanguage":"pt-BR"},{"@type":"ImageObject","inLanguage":"pt-BR","@id":"https:\/\/franciscanos.org.br\/noticias\/entrevista-frei-gilson-kammer-a-reforma-da-matriz-o-legado-franciscano-e-a-igreja-viva.html#primaryimage","url":"https:\/\/franciscanos.org.br\/noticias\/wp-content\/uploads\/2023\/10\/gilson_01.jpg","contentUrl":"https:\/\/franciscanos.org.br\/noticias\/wp-content\/uploads\/2023\/10\/gilson_01.jpg","width":1280,"height":720},{"@type":"WebPage","@id":"https:\/\/franciscanos.org.br\/noticias\/entrevista-frei-gilson-kammer-a-reforma-da-matriz-o-legado-franciscano-e-a-igreja-viva.html#webpage","url":"https:\/\/franciscanos.org.br\/noticias\/entrevista-frei-gilson-kammer-a-reforma-da-matriz-o-legado-franciscano-e-a-igreja-viva.html","name":"Entrevista Frei Gilson Kammer | A reforma da Matriz, o legado franciscano e a Igreja viva - Not\u00edcias - Franciscanos","isPartOf":{"@id":"https:\/\/franciscanos.org.br\/noticias\/#website"},"primaryImageOfPage":{"@id":"https:\/\/franciscanos.org.br\/noticias\/entrevista-frei-gilson-kammer-a-reforma-da-matriz-o-legado-franciscano-e-a-igreja-viva.html#primaryimage"},"datePublished":"2023-10-14T12:19:09+00:00","dateModified":"2023-10-14T13:09:03+00:00","author":{"@id":"https:\/\/franciscanos.org.br\/noticias\/#\/schema\/person\/b5c8cba458c330ccff548b056e95a5d4"},"breadcrumb":{"@id":"https:\/\/franciscanos.org.br\/noticias\/entrevista-frei-gilson-kammer-a-reforma-da-matriz-o-legado-franciscano-e-a-igreja-viva.html#breadcrumb"},"inLanguage":"pt-BR","potentialAction":[{"@type":"ReadAction","target":["https:\/\/franciscanos.org.br\/noticias\/entrevista-frei-gilson-kammer-a-reforma-da-matriz-o-legado-franciscano-e-a-igreja-viva.html"]}]},{"@type":"BreadcrumbList","@id":"https:\/\/franciscanos.org.br\/noticias\/entrevista-frei-gilson-kammer-a-reforma-da-matriz-o-legado-franciscano-e-a-igreja-viva.html#breadcrumb","itemListElement":[{"@type":"ListItem","position":1,"name":"Home","item":"https:\/\/franciscanos.org.br\/noticias"},{"@type":"ListItem","position":2,"name":"Entrevista Frei Gilson Kammer | A reforma da Matriz, o legado franciscano e a Igreja viva"}]},{"@type":"Person","@id":"https:\/\/franciscanos.org.br\/noticias\/#\/schema\/person\/b5c8cba458c330ccff548b056e95a5d4","name":"moacir","image":{"@type":"ImageObject","inLanguage":"pt-BR","@id":"https:\/\/franciscanos.org.br\/noticias\/#\/schema\/person\/image\/","url":"https:\/\/secure.gravatar.com\/avatar\/d08aa2ce4c8dd416d4479aa8536fcf64?s=96&d=mm&r=g","contentUrl":"https:\/\/secure.gravatar.com\/avatar\/d08aa2ce4c8dd416d4479aa8536fcf64?s=96&d=mm&r=g","caption":"moacir"},"url":"https:\/\/franciscanos.org.br\/noticias\/author\/moacir"}]}},"_links":{"self":[{"href":"https:\/\/franciscanos.org.br\/noticias\/wp-json\/wp\/v2\/posts\/245186"}],"collection":[{"href":"https:\/\/franciscanos.org.br\/noticias\/wp-json\/wp\/v2\/posts"}],"about":[{"href":"https:\/\/franciscanos.org.br\/noticias\/wp-json\/wp\/v2\/types\/post"}],"author":[{"embeddable":true,"href":"https:\/\/franciscanos.org.br\/noticias\/wp-json\/wp\/v2\/users\/3"}],"replies":[{"embeddable":true,"href":"https:\/\/franciscanos.org.br\/noticias\/wp-json\/wp\/v2\/comments?post=245186"}],"version-history":[{"count":4,"href":"https:\/\/franciscanos.org.br\/noticias\/wp-json\/wp\/v2\/posts\/245186\/revisions"}],"predecessor-version":[{"id":245194,"href":"https:\/\/franciscanos.org.br\/noticias\/wp-json\/wp\/v2\/posts\/245186\/revisions\/245194"}],"wp:featuredmedia":[{"embeddable":true,"href":"https:\/\/franciscanos.org.br\/noticias\/wp-json\/wp\/v2\/media\/245187"}],"wp:attachment":[{"href":"https:\/\/franciscanos.org.br\/noticias\/wp-json\/wp\/v2\/media?parent=245186"}],"wp:term":[{"taxonomy":"category","embeddable":true,"href":"https:\/\/franciscanos.org.br\/noticias\/wp-json\/wp\/v2\/categories?post=245186"},{"taxonomy":"post_tag","embeddable":true,"href":"https:\/\/franciscanos.org.br\/noticias\/wp-json\/wp\/v2\/tags?post=245186"}],"curies":[{"name":"wp","href":"https:\/\/api.w.org\/{rel}","templated":true}]}}