{"id":245153,"date":"2023-10-12T18:37:08","date_gmt":"2023-10-12T21:37:08","guid":{"rendered":"https:\/\/franciscanos.org.br\/noticias\/?p=245153"},"modified":"2023-10-12T18:37:44","modified_gmt":"2023-10-12T21:37:44","slug":"frei-vanderlei-lembra-a-frei-augusto-o-modelo-de-vida-religiosa-em-maria","status":"publish","type":"post","link":"https:\/\/franciscanos.org.br\/noticias\/frei-vanderlei-lembra-a-frei-augusto-o-modelo-de-vida-religiosa-em-maria.html","title":{"rendered":"Frei Vanderlei lembra a Frei Augusto o modelo de vida religiosa em Maria"},"content":{"rendered":"<p><img loading=\"lazy\" class=\"alignnone size-full wp-image-245158\" src=\"https:\/\/franciscanos.org.br\/noticias\/wp-content\/uploads\/2023\/10\/segundo_10.jpg\" alt=\"\" width=\"1280\" height=\"720\" srcset=\"https:\/\/franciscanos.org.br\/noticias\/wp-content\/uploads\/2023\/10\/segundo_10.jpg 1280w, https:\/\/franciscanos.org.br\/noticias\/wp-content\/uploads\/2023\/10\/segundo_10-450x253.jpg 450w, https:\/\/franciscanos.org.br\/noticias\/wp-content\/uploads\/2023\/10\/segundo_10-1024x576.jpg 1024w, https:\/\/franciscanos.org.br\/noticias\/wp-content\/uploads\/2023\/10\/segundo_10-768x432.jpg 768w, https:\/\/franciscanos.org.br\/noticias\/wp-content\/uploads\/2023\/10\/segundo_10-150x84.jpg 150w\" sizes=\"(max-width: 1280px) 100vw, 1280px\" \/><\/p>\n<p><strong>Xaxim (SC) &#8211;<\/strong> Nesta quinta-feira, 12 de outubro, solenidade de Nossa Senhora Aparecida, Frei Augusto Luiz Gabriel deu mais um passo na prepara\u00e7\u00e3o para a sua ordena\u00e7\u00e3o presbiteral, neste s\u00e1bado (14\/10). Foi o segundo dia do Tr\u00edduo Vocacional, que foi celebrado em meio \u00e0 Festa de Nossa Senhora Aparecida, a Padroeira da Comunidade Golfo de Cima, distante uns cinco quil\u00f4metros da cidade de Xaxim. Apesar do &#8220;dil\u00favio&#8221; que caiu sobre a cidade durante a noite, e da chuva constante e do frio intenso nesta manh\u00e3, o povo n\u00e3o deixou de participar destas festividades.<\/p>\n<p>As festividades come\u00e7aram \u00e0s 8h30 na Igreja Matriz S\u00e3o Luiz Gonzaga. Ao t\u00e9rmino da Missa, a Imagem de Nossa Senhora Aparecida seguiu em carreata at\u00e9 a Comunidade, onde um barrac\u00e3o muito simples, mas muito espa\u00e7oso e constru\u00eddo ao lado de uma gruta em honra a Nossa Senhora, acolheu todo o povo.<\/p>\n<p><img loading=\"lazy\" class=\"alignnone size-full wp-image-245159\" src=\"https:\/\/franciscanos.org.br\/noticias\/wp-content\/uploads\/2023\/10\/segundo_11.jpg\" alt=\"\" width=\"1280\" height=\"853\" srcset=\"https:\/\/franciscanos.org.br\/noticias\/wp-content\/uploads\/2023\/10\/segundo_11.jpg 1280w, https:\/\/franciscanos.org.br\/noticias\/wp-content\/uploads\/2023\/10\/segundo_11-450x300.jpg 450w, https:\/\/franciscanos.org.br\/noticias\/wp-content\/uploads\/2023\/10\/segundo_11-1024x682.jpg 1024w, https:\/\/franciscanos.org.br\/noticias\/wp-content\/uploads\/2023\/10\/segundo_11-768x512.jpg 768w, https:\/\/franciscanos.org.br\/noticias\/wp-content\/uploads\/2023\/10\/segundo_11-150x100.jpg 150w\" sizes=\"(max-width: 1280px) 100vw, 1280px\" \/><\/p>\n<p>Frei Gabriel Dellandrea explicou que, neste dia, Frei Augusto celebra a sua voca\u00e7\u00e3o \u00e0 vida religiosa, por isso a declara\u00e7\u00e3o de celibato que ele fez. Ou seja, ele vai viver o minist\u00e9rio como presb\u00edtero, mas com a caracter\u00edstica a partir da vida religiosa franciscana.<\/p>\n<p>A Celebra\u00e7\u00e3o Eucar\u00edstica, \u00e0s 10 horas, foi presidida por Frei Vanderlei da Silva Neves, frade que \u00e9 o guardi\u00e3o e p\u00e1roco do Santu\u00e1rio Divino Esp\u00edrito Santo (ES). Antes desse trabalho, residia na Fraternidade de Xaxim.<\/p>\n<p><img loading=\"lazy\" class=\"alignnone size-full wp-image-245160\" src=\"https:\/\/franciscanos.org.br\/noticias\/wp-content\/uploads\/2023\/10\/segundo_09.jpg\" alt=\"\" width=\"1280\" height=\"853\" srcset=\"https:\/\/franciscanos.org.br\/noticias\/wp-content\/uploads\/2023\/10\/segundo_09.jpg 1280w, https:\/\/franciscanos.org.br\/noticias\/wp-content\/uploads\/2023\/10\/segundo_09-450x300.jpg 450w, https:\/\/franciscanos.org.br\/noticias\/wp-content\/uploads\/2023\/10\/segundo_09-1024x682.jpg 1024w, https:\/\/franciscanos.org.br\/noticias\/wp-content\/uploads\/2023\/10\/segundo_09-768x512.jpg 768w, https:\/\/franciscanos.org.br\/noticias\/wp-content\/uploads\/2023\/10\/segundo_09-150x100.jpg 150w\" sizes=\"(max-width: 1280px) 100vw, 1280px\" \/><\/p>\n<p>Segundo ele, em todas as festas marianas, somos convidados a mergulhar dentro delas, e se perguntar: o que esta solenidade quer dizer a cada um de n\u00f3s? &#8220;Olhando para Nossa Senhora, M\u00e3e de Deus e nossa M\u00e3e, vamos perceber ali uma mulher determinada, que nos inspira a seguir o seu Filho Jesus Cristo como modelo de f\u00e9 e espiritualidade para todas as pessoas&#8221;, observou o frade.<\/p>\n<p>Mas, para que tudo isso possa acontecer, disse o celebrante que precisamos abrir os ouvidos, abrir o cora\u00e7\u00e3o, fazer com que a Palavra de Deus, os mist\u00e9rios celebrados fa\u00e7am parte da nossa vida e da vida da nossa fam\u00edlia. &#8220;Ent\u00e3o somos chamados n\u00e3o apenas a contemplar, mas entrarmos no mist\u00e9rio&#8221;, frisou.<\/p>\n<p><img loading=\"lazy\" class=\"alignnone size-full wp-image-245161\" src=\"https:\/\/franciscanos.org.br\/noticias\/wp-content\/uploads\/2023\/10\/segundo_02.jpg\" alt=\"\" width=\"1280\" height=\"720\" srcset=\"https:\/\/franciscanos.org.br\/noticias\/wp-content\/uploads\/2023\/10\/segundo_02.jpg 1280w, https:\/\/franciscanos.org.br\/noticias\/wp-content\/uploads\/2023\/10\/segundo_02-450x253.jpg 450w, https:\/\/franciscanos.org.br\/noticias\/wp-content\/uploads\/2023\/10\/segundo_02-1024x576.jpg 1024w, https:\/\/franciscanos.org.br\/noticias\/wp-content\/uploads\/2023\/10\/segundo_02-768x432.jpg 768w, https:\/\/franciscanos.org.br\/noticias\/wp-content\/uploads\/2023\/10\/segundo_02-150x84.jpg 150w\" sizes=\"(max-width: 1280px) 100vw, 1280px\" \/><\/p>\n<p><img loading=\"lazy\" class=\"alignnone size-full wp-image-245162\" src=\"https:\/\/franciscanos.org.br\/noticias\/wp-content\/uploads\/2023\/10\/segundo_03.jpg\" alt=\"\" width=\"1280\" height=\"720\" srcset=\"https:\/\/franciscanos.org.br\/noticias\/wp-content\/uploads\/2023\/10\/segundo_03.jpg 1280w, https:\/\/franciscanos.org.br\/noticias\/wp-content\/uploads\/2023\/10\/segundo_03-450x253.jpg 450w, https:\/\/franciscanos.org.br\/noticias\/wp-content\/uploads\/2023\/10\/segundo_03-1024x576.jpg 1024w, https:\/\/franciscanos.org.br\/noticias\/wp-content\/uploads\/2023\/10\/segundo_03-768x432.jpg 768w, https:\/\/franciscanos.org.br\/noticias\/wp-content\/uploads\/2023\/10\/segundo_03-150x84.jpg 150w\" sizes=\"(max-width: 1280px) 100vw, 1280px\" \/><\/p>\n<p>Frei Vanderlei, ent\u00e3o, destacou a bonita tem\u00e1tica do dia, a voca\u00e7\u00e3o religiosa, e Maria. &#8220;E a\u00ed olhamos para a voca\u00e7\u00e3o do Frei Augusto e a voca\u00e7\u00e3o de Maria. Quando olhamos para Nossa Senhora, ela ensina muitas coisas boas e, com certeza, tem muito a contribuir. Observamos que, logo no in\u00edcio da vida de Nossa Senhora, acontece algo especial: o Anjo Gabriel visita Maria e diz que ela conceberia e daria \u00e0 luz a um Menino. Maria, quem sabe, poderia ter dito n\u00e3o. Mas ela n\u00e3o fez isso. Disse um sim e n\u00e3o titubeou, um sim corajoso, e com certeza gratuito, movido pelo amor. E, por isso, ela se torna a bem-aventurada. E, por isso, ela se torna para n\u00f3s, sobretudo para n\u00f3s religiosos, esse modelo no seguimento de Nosso Senhor Jesus Cristo, tendo como principal ponto dar um sim a este grande projeto de amor e salva\u00e7\u00e3o&#8221;, situou.<\/p>\n<p>Para a frade, o mesmo sim que Maria deu, todo mundo \u00e9 convidado a dar. &#8220;Frei Augusto est\u00e1 dando esse sim abra\u00e7ando a vida de presb\u00edtero. E mais ainda: quando observamos Nossa Senhora, ela tem outros elementos t\u00e3o importantes na nossa espiritualidade&#8221;, destacou o celebrante, tendo como refer\u00eancia o Evangelho de hoje, onde Jesus realiza o primeiro milagre em Can\u00e1.<\/p>\n<p><img loading=\"lazy\" class=\"alignnone size-full wp-image-245163\" src=\"https:\/\/franciscanos.org.br\/noticias\/wp-content\/uploads\/2023\/10\/segundo_08.jpg\" alt=\"\" width=\"1280\" height=\"853\" srcset=\"https:\/\/franciscanos.org.br\/noticias\/wp-content\/uploads\/2023\/10\/segundo_08.jpg 1280w, https:\/\/franciscanos.org.br\/noticias\/wp-content\/uploads\/2023\/10\/segundo_08-450x300.jpg 450w, https:\/\/franciscanos.org.br\/noticias\/wp-content\/uploads\/2023\/10\/segundo_08-1024x682.jpg 1024w, https:\/\/franciscanos.org.br\/noticias\/wp-content\/uploads\/2023\/10\/segundo_08-768x512.jpg 768w, https:\/\/franciscanos.org.br\/noticias\/wp-content\/uploads\/2023\/10\/segundo_08-150x100.jpg 150w\" sizes=\"(max-width: 1280px) 100vw, 1280px\" \/><\/p>\n<p>Segundo o frade, a transforma\u00e7\u00e3o da \u00e1gua em vinho, tem o dedo de Nossa Senhora. &#8220;Ent\u00e3o, Maria \u00e9 aquela mulher atenta e percebeu que estava faltando o vinho naquela festa. Interessante que ela vai dizer: &#8216;Fazei tudo o que ele vos disser&#8217;. Maria j\u00e1 est\u00e1 apontando para n\u00f3s como deve ser a nossa postura, aquela postura de estarmos atentos, de sermos aquelas pessoas que acolhem aquilo que Jesus veio nos ensinar, sobretudo o Santo Evangelho. E eles fizeram isso. Fizeram aquilo que Jesus pediu. Obtiveram a gra\u00e7a de ver ali \u00e1gua transformada em vinho. Presenciaram um sinal para mostrar que verdadeiramente ele era o Messias, o Enviado de Deus&#8221;, explicou.<\/p>\n<p>Para Frei Vanderlei, simbolicamente o vinho representa a vida, representa a felicidade, ou seja, aqueles que abra\u00e7am esse projeto podem, sim, alcan\u00e7ar a felicidade, a vida em plenitude.<\/p>\n\n\t\t<style type=\"text\/css\">\n\t\t\t#gallery-1 {\n\t\t\t\tmargin: auto;\n\t\t\t}\n\t\t\t#gallery-1 .gallery-item {\n\t\t\t\tfloat: left;\n\t\t\t\tmargin-top: 10px;\n\t\t\t\ttext-align: center;\n\t\t\t\twidth: 50%;\n\t\t\t}\n\t\t\t#gallery-1 img {\n\t\t\t\tborder: 2px solid #cfcfcf;\n\t\t\t}\n\t\t\t#gallery-1 .gallery-caption {\n\t\t\t\tmargin-left: 0;\n\t\t\t}\n\t\t\t\/* see gallery_shortcode() in wp-includes\/media.php *\/\n\t\t<\/style>\n\t\t<div id='gallery-1' class='gallery galleryid-245153 gallery-columns-2 gallery-size-thumbnail'><dl class='gallery-item'>\n\t\t\t<dt class='gallery-icon landscape'>\n\t\t\t\t<a href='https:\/\/franciscanos.org.br\/noticias\/wp-content\/uploads\/2023\/10\/segundo_06.jpg'><img width=\"300\" height=\"300\" src=\"https:\/\/franciscanos.org.br\/noticias\/wp-content\/uploads\/2023\/10\/segundo_06-300x300.jpg\" class=\"attachment-thumbnail size-thumbnail\" alt=\"\" loading=\"lazy\" srcset=\"https:\/\/franciscanos.org.br\/noticias\/wp-content\/uploads\/2023\/10\/segundo_06-300x300.jpg 300w, https:\/\/franciscanos.org.br\/noticias\/wp-content\/uploads\/2023\/10\/segundo_06-100x100.jpg 100w\" sizes=\"(max-width: 300px) 100vw, 300px\" \/><\/a>\n\t\t\t<\/dt><\/dl><dl class='gallery-item'>\n\t\t\t<dt class='gallery-icon landscape'>\n\t\t\t\t<a href='https:\/\/franciscanos.org.br\/noticias\/wp-content\/uploads\/2023\/10\/segundo_07.jpg'><img width=\"300\" height=\"300\" src=\"https:\/\/franciscanos.org.br\/noticias\/wp-content\/uploads\/2023\/10\/segundo_07-300x300.jpg\" class=\"attachment-thumbnail size-thumbnail\" alt=\"\" loading=\"lazy\" srcset=\"https:\/\/franciscanos.org.br\/noticias\/wp-content\/uploads\/2023\/10\/segundo_07-300x300.jpg 300w, https:\/\/franciscanos.org.br\/noticias\/wp-content\/uploads\/2023\/10\/segundo_07-100x100.jpg 100w\" sizes=\"(max-width: 300px) 100vw, 300px\" \/><\/a>\n\t\t\t<\/dt><\/dl><br style=\"clear: both\" \/>\n\t\t<\/div>\n\n<p>&#8220;Olhando para este Evangelho, ele inspira cada vez mais a mergulhar dentro daquilo que o Cristo nos ensina para obter gra\u00e7as, para ter uma experi\u00eancia profunda. Mas n\u00e3o para por a\u00ed. Quando observamos Nossa Senhora, podemos perguntar o que ela pode nos ensinar? Tentemos imaginar, se colocar no lugar dela&#8221;, assinalou. Segundo ele,\u00a0 Maria \u00e9 mestra a nos ensinar a espiritualidade &#8220;de se abandonar em Deus. H\u00e1 momentos na vida em que a gente n\u00e3o pode fazer nada com as nossas m\u00e3os, com a nossa for\u00e7a f\u00edsica, ou com a capacidade intelectual, apenas confiar em Deus. E foi isso que ela fez. No momento de dor, ela confia em Deus. Imaginem quantas pessoas passam por situa\u00e7\u00f5es dif\u00edceis. Lembrem-se sempre de Nossa Senhora, nunca deixem o desespero tomar conta, roubar a gra\u00e7a, a nossa paz. Mas olhando para a M\u00e3e de Deus, vamos saber o que devemos ter: esp\u00edrito de ora\u00e7\u00e3o, esp\u00edrito de devo\u00e7\u00e3o e se colocar ali diante do Senhor, acreditando na sua gra\u00e7a, na sua miseric\u00f3rdia&#8221;, ensinou.<\/p>\n<p><img loading=\"lazy\" class=\"alignnone size-full wp-image-245167\" src=\"https:\/\/franciscanos.org.br\/noticias\/wp-content\/uploads\/2023\/10\/segundo_12.jpg\" alt=\"\" width=\"1280\" height=\"853\" srcset=\"https:\/\/franciscanos.org.br\/noticias\/wp-content\/uploads\/2023\/10\/segundo_12.jpg 1280w, https:\/\/franciscanos.org.br\/noticias\/wp-content\/uploads\/2023\/10\/segundo_12-450x300.jpg 450w, https:\/\/franciscanos.org.br\/noticias\/wp-content\/uploads\/2023\/10\/segundo_12-1024x682.jpg 1024w, https:\/\/franciscanos.org.br\/noticias\/wp-content\/uploads\/2023\/10\/segundo_12-768x512.jpg 768w, https:\/\/franciscanos.org.br\/noticias\/wp-content\/uploads\/2023\/10\/segundo_12-150x100.jpg 150w\" sizes=\"(max-width: 1280px) 100vw, 1280px\" \/><\/p>\n<p>Falando sobre a vida religiosa, Maria nos ensina a servir. &#8220;Maria tem a sutileza de perceber que Isabel precisava de ajuda e se coloca a servi\u00e7o. Isso nos mostra que devemos ter essa postura de ajudar, de querer servir de forma gratuita. Por isso que Maria \u00e9 um grande modelo para a vida religiosa e um grande modelo de voca\u00e7\u00e3o. Ela nos ensina a darmos o sim, nos ensina a servir e nos ensina a espiritualidade de se abandonar em Deus. E queremos pedir para que Deus nos ajude a fazermos essas experi\u00eancias e ajude tamb\u00e9m a Frei Augusto, a cada dia, dar o seu sim. N\u00f3s, enquanto religiosos, mas todos os batizados, a dar um sim a este projeto de amor&#8221;, exortou.<\/p>\n<p><img loading=\"lazy\" class=\"alignnone size-full wp-image-245166\" src=\"https:\/\/franciscanos.org.br\/noticias\/wp-content\/uploads\/2023\/10\/segundo_13.jpg\" alt=\"\" width=\"1280\" height=\"853\" srcset=\"https:\/\/franciscanos.org.br\/noticias\/wp-content\/uploads\/2023\/10\/segundo_13.jpg 1280w, https:\/\/franciscanos.org.br\/noticias\/wp-content\/uploads\/2023\/10\/segundo_13-450x300.jpg 450w, https:\/\/franciscanos.org.br\/noticias\/wp-content\/uploads\/2023\/10\/segundo_13-1024x682.jpg 1024w, https:\/\/franciscanos.org.br\/noticias\/wp-content\/uploads\/2023\/10\/segundo_13-768x512.jpg 768w, https:\/\/franciscanos.org.br\/noticias\/wp-content\/uploads\/2023\/10\/segundo_13-150x100.jpg 150w\" sizes=\"(max-width: 1280px) 100vw, 1280px\" \/><\/p>\n<p>Que n\u00f3s, assim como Maria consigamos servir sempre com gratuidade.\u00a0 N\u00e3o \u00e9 t\u00e3o simples assim servir, mas com o exemplo de Maria e com ajuda eficaz do Esp\u00edrito Santo, com certeza, vamos conseguir. Nos inspiramos nela para nos abandonarmos neste mist\u00e9rio de amor, sobretudo nos momentos mais dif\u00edceis. Que Deus nos ajude a termos essa experi\u00eancia e a Frei Augusto, que vai abra\u00e7ar essa bonita miss\u00e3o de ser presb\u00edtero&#8221;, completou.<\/p>\n\n\t\t<style type=\"text\/css\">\n\t\t\t#gallery-2 {\n\t\t\t\tmargin: auto;\n\t\t\t}\n\t\t\t#gallery-2 .gallery-item {\n\t\t\t\tfloat: left;\n\t\t\t\tmargin-top: 10px;\n\t\t\t\ttext-align: center;\n\t\t\t\twidth: 33%;\n\t\t\t}\n\t\t\t#gallery-2 img {\n\t\t\t\tborder: 2px solid #cfcfcf;\n\t\t\t}\n\t\t\t#gallery-2 .gallery-caption {\n\t\t\t\tmargin-left: 0;\n\t\t\t}\n\t\t\t\/* see gallery_shortcode() in wp-includes\/media.php *\/\n\t\t<\/style>\n\t\t<div id='gallery-2' class='gallery galleryid-245153 gallery-columns-3 gallery-size-thumbnail'><dl class='gallery-item'>\n\t\t\t<dt class='gallery-icon landscape'>\n\t\t\t\t<a href='https:\/\/franciscanos.org.br\/noticias\/wp-content\/uploads\/2023\/10\/segundo_14.jpg'><img width=\"300\" height=\"300\" src=\"https:\/\/franciscanos.org.br\/noticias\/wp-content\/uploads\/2023\/10\/segundo_14-300x300.jpg\" class=\"attachment-thumbnail size-thumbnail\" alt=\"\" loading=\"lazy\" srcset=\"https:\/\/franciscanos.org.br\/noticias\/wp-content\/uploads\/2023\/10\/segundo_14-300x300.jpg 300w, https:\/\/franciscanos.org.br\/noticias\/wp-content\/uploads\/2023\/10\/segundo_14-100x100.jpg 100w\" sizes=\"(max-width: 300px) 100vw, 300px\" \/><\/a>\n\t\t\t<\/dt><\/dl><dl class='gallery-item'>\n\t\t\t<dt class='gallery-icon landscape'>\n\t\t\t\t<a href='https:\/\/franciscanos.org.br\/noticias\/wp-content\/uploads\/2023\/10\/segundo_15.jpg'><img width=\"300\" height=\"300\" src=\"https:\/\/franciscanos.org.br\/noticias\/wp-content\/uploads\/2023\/10\/segundo_15-300x300.jpg\" class=\"attachment-thumbnail size-thumbnail\" alt=\"\" loading=\"lazy\" srcset=\"https:\/\/franciscanos.org.br\/noticias\/wp-content\/uploads\/2023\/10\/segundo_15-300x300.jpg 300w, https:\/\/franciscanos.org.br\/noticias\/wp-content\/uploads\/2023\/10\/segundo_15-100x100.jpg 100w\" sizes=\"(max-width: 300px) 100vw, 300px\" \/><\/a>\n\t\t\t<\/dt><\/dl><dl class='gallery-item'>\n\t\t\t<dt class='gallery-icon landscape'>\n\t\t\t\t<a href='https:\/\/franciscanos.org.br\/noticias\/wp-content\/uploads\/2023\/10\/segundo_16.jpg'><img width=\"300\" height=\"300\" src=\"https:\/\/franciscanos.org.br\/noticias\/wp-content\/uploads\/2023\/10\/segundo_16-300x300.jpg\" class=\"attachment-thumbnail size-thumbnail\" alt=\"\" loading=\"lazy\" srcset=\"https:\/\/franciscanos.org.br\/noticias\/wp-content\/uploads\/2023\/10\/segundo_16-300x300.jpg 300w, https:\/\/franciscanos.org.br\/noticias\/wp-content\/uploads\/2023\/10\/segundo_16-100x100.jpg 100w\" sizes=\"(max-width: 300px) 100vw, 300px\" \/><\/a>\n\t\t\t<\/dt><\/dl><br style=\"clear: both\" \/>\n\t\t<\/div>\n\n<p><em>(toque nas imagens para ampli\u00e1-las)<\/em><\/p>\n<p>No momento do juramento de fidelidade do ordenando, Frei Gabriel convidou o p\u00e1roco Frei Gilson Kammer para ser testemunha, juntamente com Ir. Claudete, religiosa franciscana. Depois de lida a declara\u00e7\u00e3o, Frei Augusto a assinou no altar.<\/p>\n<p>A Celebra\u00e7\u00e3o Eucar\u00edstica terminou com a B\u00ean\u00e7\u00e3o das crian\u00e7as e das fam\u00edlias.<\/p>\n<p><img loading=\"lazy\" class=\"alignnone size-full wp-image-245154\" src=\"https:\/\/franciscanos.org.br\/noticias\/wp-content\/uploads\/2023\/10\/segundo_17.jpg\" alt=\"\" width=\"1280\" height=\"572\" srcset=\"https:\/\/franciscanos.org.br\/noticias\/wp-content\/uploads\/2023\/10\/segundo_17.jpg 1280w, https:\/\/franciscanos.org.br\/noticias\/wp-content\/uploads\/2023\/10\/segundo_17-450x201.jpg 450w, https:\/\/franciscanos.org.br\/noticias\/wp-content\/uploads\/2023\/10\/segundo_17-1024x458.jpg 1024w, https:\/\/franciscanos.org.br\/noticias\/wp-content\/uploads\/2023\/10\/segundo_17-768x343.jpg 768w, https:\/\/franciscanos.org.br\/noticias\/wp-content\/uploads\/2023\/10\/segundo_17-150x67.jpg 150w\" sizes=\"(max-width: 1280px) 100vw, 1280px\" \/><\/p>\n<p><strong>ENCONTRO COM OS JOVENS<\/strong><\/p>\n<p>O Servi\u00e7o de Anima\u00e7\u00e3o Vocacional, coordenados por Frei Je\u00e2 Paulo Andrade e Frei Gabriel Dellandrea, reuniu, \u00e0s 16 horas, os jovens de Xaxim para um encontro sobre a vida religiosa franciscana.<\/p>\n<p>O dia solene em homenagem \u00e0 Padroeira do Brasil continuou \u00e0s 19h, no munic\u00edpio de Marema, onde os mission\u00e1rios fizeram visitas em algumas casas na parte da tarde e participaram da Missa.<\/p>\n<p>No mesmo hor\u00e1rio, a Missa na Matriz de Xaxim teve a presen\u00e7a dos mission\u00e1rios e terminou com a Coroa\u00e7\u00e3o de Nossa Senhora e tamb\u00e9m teve os mission\u00e1rios na Missa na Comunidade Alvorada.<\/p>\n<hr \/>\n<p><em>Moacir Beggo<\/em><\/p>\n","protected":false},"excerpt":{"rendered":"<p>Segundo dia do Tr\u00edduo Vocacional <\/p>\n","protected":false},"author":3,"featured_media":245158,"comment_status":"open","ping_status":"open","sticky":false,"template":"","format":"standard","meta":[],"categories":[1],"tags":[157],"acf":[],"yoast_head":"<!-- This site is optimized with the Yoast SEO plugin v19.2 - https:\/\/yoast.com\/wordpress\/plugins\/seo\/ -->\n<title>Frei Vanderlei lembra a Frei Augusto o modelo de vida religiosa em Maria - Not\u00edcias - Franciscanos<\/title>\n<meta name=\"robots\" content=\"index, follow, max-snippet:-1, max-image-preview:large, max-video-preview:-1\" \/>\n<link rel=\"canonical\" href=\"https:\/\/franciscanos.org.br\/noticias\/frei-vanderlei-lembra-a-frei-augusto-o-modelo-de-vida-religiosa-em-maria.html\" \/>\n<meta property=\"og:locale\" content=\"pt_BR\" \/>\n<meta property=\"og:type\" content=\"article\" \/>\n<meta property=\"og:title\" content=\"Frei Vanderlei lembra a Frei Augusto o modelo de vida religiosa em Maria - Not\u00edcias - Franciscanos\" \/>\n<meta property=\"og:description\" content=\"Segundo dia do Tr\u00edduo Vocacional\" \/>\n<meta property=\"og:url\" content=\"https:\/\/franciscanos.org.br\/noticias\/frei-vanderlei-lembra-a-frei-augusto-o-modelo-de-vida-religiosa-em-maria.html\" \/>\n<meta property=\"og:site_name\" content=\"Not\u00edcias - Franciscanos\" \/>\n<meta property=\"article:published_time\" content=\"2023-10-12T21:37:08+00:00\" \/>\n<meta property=\"article:modified_time\" content=\"2023-10-12T21:37:44+00:00\" \/>\n<meta property=\"og:image\" content=\"https:\/\/franciscanos.org.br\/noticias\/wp-content\/uploads\/2023\/10\/segundo_10.jpg\" \/>\n\t<meta property=\"og:image:width\" content=\"1280\" \/>\n\t<meta property=\"og:image:height\" content=\"720\" \/>\n\t<meta property=\"og:image:type\" content=\"image\/jpeg\" \/>\n<meta name=\"author\" content=\"moacir\" \/>\n<meta name=\"twitter:card\" content=\"summary_large_image\" \/>\n<meta name=\"twitter:label1\" content=\"Escrito por\" \/>\n\t<meta name=\"twitter:data1\" content=\"moacir\" \/>\n\t<meta name=\"twitter:label2\" content=\"Est. tempo de leitura\" \/>\n\t<meta name=\"twitter:data2\" content=\"7 minutos\" \/>\n<script type=\"application\/ld+json\" class=\"yoast-schema-graph\">{\"@context\":\"https:\/\/schema.org\",\"@graph\":[{\"@type\":\"WebSite\",\"@id\":\"https:\/\/franciscanos.org.br\/noticias\/#website\",\"url\":\"https:\/\/franciscanos.org.br\/noticias\/\",\"name\":\"Not\u00edcias - Franciscanos\",\"description\":\"Prov\u00edncia Franciscana da Imaculada Concei\u00e7\u00e3o do Brasil - Ordem dos Frades Menores - OFM\",\"potentialAction\":[{\"@type\":\"SearchAction\",\"target\":{\"@type\":\"EntryPoint\",\"urlTemplate\":\"https:\/\/franciscanos.org.br\/noticias\/?s={search_term_string}\"},\"query-input\":\"required name=search_term_string\"}],\"inLanguage\":\"pt-BR\"},{\"@type\":\"ImageObject\",\"inLanguage\":\"pt-BR\",\"@id\":\"https:\/\/franciscanos.org.br\/noticias\/frei-vanderlei-lembra-a-frei-augusto-o-modelo-de-vida-religiosa-em-maria.html#primaryimage\",\"url\":\"https:\/\/franciscanos.org.br\/noticias\/wp-content\/uploads\/2023\/10\/segundo_10.jpg\",\"contentUrl\":\"https:\/\/franciscanos.org.br\/noticias\/wp-content\/uploads\/2023\/10\/segundo_10.jpg\",\"width\":1280,\"height\":720},{\"@type\":\"WebPage\",\"@id\":\"https:\/\/franciscanos.org.br\/noticias\/frei-vanderlei-lembra-a-frei-augusto-o-modelo-de-vida-religiosa-em-maria.html#webpage\",\"url\":\"https:\/\/franciscanos.org.br\/noticias\/frei-vanderlei-lembra-a-frei-augusto-o-modelo-de-vida-religiosa-em-maria.html\",\"name\":\"Frei Vanderlei lembra a Frei Augusto o modelo de vida religiosa em Maria - Not\u00edcias - Franciscanos\",\"isPartOf\":{\"@id\":\"https:\/\/franciscanos.org.br\/noticias\/#website\"},\"primaryImageOfPage\":{\"@id\":\"https:\/\/franciscanos.org.br\/noticias\/frei-vanderlei-lembra-a-frei-augusto-o-modelo-de-vida-religiosa-em-maria.html#primaryimage\"},\"datePublished\":\"2023-10-12T21:37:08+00:00\",\"dateModified\":\"2023-10-12T21:37:44+00:00\",\"author\":{\"@id\":\"https:\/\/franciscanos.org.br\/noticias\/#\/schema\/person\/b5c8cba458c330ccff548b056e95a5d4\"},\"breadcrumb\":{\"@id\":\"https:\/\/franciscanos.org.br\/noticias\/frei-vanderlei-lembra-a-frei-augusto-o-modelo-de-vida-religiosa-em-maria.html#breadcrumb\"},\"inLanguage\":\"pt-BR\",\"potentialAction\":[{\"@type\":\"ReadAction\",\"target\":[\"https:\/\/franciscanos.org.br\/noticias\/frei-vanderlei-lembra-a-frei-augusto-o-modelo-de-vida-religiosa-em-maria.html\"]}]},{\"@type\":\"BreadcrumbList\",\"@id\":\"https:\/\/franciscanos.org.br\/noticias\/frei-vanderlei-lembra-a-frei-augusto-o-modelo-de-vida-religiosa-em-maria.html#breadcrumb\",\"itemListElement\":[{\"@type\":\"ListItem\",\"position\":1,\"name\":\"Home\",\"item\":\"https:\/\/franciscanos.org.br\/noticias\"},{\"@type\":\"ListItem\",\"position\":2,\"name\":\"Frei Vanderlei lembra a Frei Augusto o modelo de vida religiosa em Maria\"}]},{\"@type\":\"Person\",\"@id\":\"https:\/\/franciscanos.org.br\/noticias\/#\/schema\/person\/b5c8cba458c330ccff548b056e95a5d4\",\"name\":\"moacir\",\"image\":{\"@type\":\"ImageObject\",\"inLanguage\":\"pt-BR\",\"@id\":\"https:\/\/franciscanos.org.br\/noticias\/#\/schema\/person\/image\/\",\"url\":\"https:\/\/secure.gravatar.com\/avatar\/d08aa2ce4c8dd416d4479aa8536fcf64?s=96&d=mm&r=g\",\"contentUrl\":\"https:\/\/secure.gravatar.com\/avatar\/d08aa2ce4c8dd416d4479aa8536fcf64?s=96&d=mm&r=g\",\"caption\":\"moacir\"},\"url\":\"https:\/\/franciscanos.org.br\/noticias\/author\/moacir\"}]}<\/script>\n<!-- \/ Yoast SEO plugin. -->","yoast_head_json":{"title":"Frei Vanderlei lembra a Frei Augusto o modelo de vida religiosa em Maria - Not\u00edcias - Franciscanos","robots":{"index":"index","follow":"follow","max-snippet":"max-snippet:-1","max-image-preview":"max-image-preview:large","max-video-preview":"max-video-preview:-1"},"canonical":"https:\/\/franciscanos.org.br\/noticias\/frei-vanderlei-lembra-a-frei-augusto-o-modelo-de-vida-religiosa-em-maria.html","og_locale":"pt_BR","og_type":"article","og_title":"Frei Vanderlei lembra a Frei Augusto o modelo de vida religiosa em Maria - Not\u00edcias - Franciscanos","og_description":"Segundo dia do Tr\u00edduo Vocacional","og_url":"https:\/\/franciscanos.org.br\/noticias\/frei-vanderlei-lembra-a-frei-augusto-o-modelo-de-vida-religiosa-em-maria.html","og_site_name":"Not\u00edcias - Franciscanos","article_published_time":"2023-10-12T21:37:08+00:00","article_modified_time":"2023-10-12T21:37:44+00:00","og_image":[{"width":1280,"height":720,"url":"https:\/\/franciscanos.org.br\/noticias\/wp-content\/uploads\/2023\/10\/segundo_10.jpg","type":"image\/jpeg"}],"author":"moacir","twitter_card":"summary_large_image","twitter_misc":{"Escrito por":"moacir","Est. tempo de leitura":"7 minutos"},"schema":{"@context":"https:\/\/schema.org","@graph":[{"@type":"WebSite","@id":"https:\/\/franciscanos.org.br\/noticias\/#website","url":"https:\/\/franciscanos.org.br\/noticias\/","name":"Not\u00edcias - Franciscanos","description":"Prov\u00edncia Franciscana da Imaculada Concei\u00e7\u00e3o do Brasil - Ordem dos Frades Menores - OFM","potentialAction":[{"@type":"SearchAction","target":{"@type":"EntryPoint","urlTemplate":"https:\/\/franciscanos.org.br\/noticias\/?s={search_term_string}"},"query-input":"required name=search_term_string"}],"inLanguage":"pt-BR"},{"@type":"ImageObject","inLanguage":"pt-BR","@id":"https:\/\/franciscanos.org.br\/noticias\/frei-vanderlei-lembra-a-frei-augusto-o-modelo-de-vida-religiosa-em-maria.html#primaryimage","url":"https:\/\/franciscanos.org.br\/noticias\/wp-content\/uploads\/2023\/10\/segundo_10.jpg","contentUrl":"https:\/\/franciscanos.org.br\/noticias\/wp-content\/uploads\/2023\/10\/segundo_10.jpg","width":1280,"height":720},{"@type":"WebPage","@id":"https:\/\/franciscanos.org.br\/noticias\/frei-vanderlei-lembra-a-frei-augusto-o-modelo-de-vida-religiosa-em-maria.html#webpage","url":"https:\/\/franciscanos.org.br\/noticias\/frei-vanderlei-lembra-a-frei-augusto-o-modelo-de-vida-religiosa-em-maria.html","name":"Frei Vanderlei lembra a Frei Augusto o modelo de vida religiosa em Maria - Not\u00edcias - Franciscanos","isPartOf":{"@id":"https:\/\/franciscanos.org.br\/noticias\/#website"},"primaryImageOfPage":{"@id":"https:\/\/franciscanos.org.br\/noticias\/frei-vanderlei-lembra-a-frei-augusto-o-modelo-de-vida-religiosa-em-maria.html#primaryimage"},"datePublished":"2023-10-12T21:37:08+00:00","dateModified":"2023-10-12T21:37:44+00:00","author":{"@id":"https:\/\/franciscanos.org.br\/noticias\/#\/schema\/person\/b5c8cba458c330ccff548b056e95a5d4"},"breadcrumb":{"@id":"https:\/\/franciscanos.org.br\/noticias\/frei-vanderlei-lembra-a-frei-augusto-o-modelo-de-vida-religiosa-em-maria.html#breadcrumb"},"inLanguage":"pt-BR","potentialAction":[{"@type":"ReadAction","target":["https:\/\/franciscanos.org.br\/noticias\/frei-vanderlei-lembra-a-frei-augusto-o-modelo-de-vida-religiosa-em-maria.html"]}]},{"@type":"BreadcrumbList","@id":"https:\/\/franciscanos.org.br\/noticias\/frei-vanderlei-lembra-a-frei-augusto-o-modelo-de-vida-religiosa-em-maria.html#breadcrumb","itemListElement":[{"@type":"ListItem","position":1,"name":"Home","item":"https:\/\/franciscanos.org.br\/noticias"},{"@type":"ListItem","position":2,"name":"Frei Vanderlei lembra a Frei Augusto o modelo de vida religiosa em Maria"}]},{"@type":"Person","@id":"https:\/\/franciscanos.org.br\/noticias\/#\/schema\/person\/b5c8cba458c330ccff548b056e95a5d4","name":"moacir","image":{"@type":"ImageObject","inLanguage":"pt-BR","@id":"https:\/\/franciscanos.org.br\/noticias\/#\/schema\/person\/image\/","url":"https:\/\/secure.gravatar.com\/avatar\/d08aa2ce4c8dd416d4479aa8536fcf64?s=96&d=mm&r=g","contentUrl":"https:\/\/secure.gravatar.com\/avatar\/d08aa2ce4c8dd416d4479aa8536fcf64?s=96&d=mm&r=g","caption":"moacir"},"url":"https:\/\/franciscanos.org.br\/noticias\/author\/moacir"}]}},"_links":{"self":[{"href":"https:\/\/franciscanos.org.br\/noticias\/wp-json\/wp\/v2\/posts\/245153"}],"collection":[{"href":"https:\/\/franciscanos.org.br\/noticias\/wp-json\/wp\/v2\/posts"}],"about":[{"href":"https:\/\/franciscanos.org.br\/noticias\/wp-json\/wp\/v2\/types\/post"}],"author":[{"embeddable":true,"href":"https:\/\/franciscanos.org.br\/noticias\/wp-json\/wp\/v2\/users\/3"}],"replies":[{"embeddable":true,"href":"https:\/\/franciscanos.org.br\/noticias\/wp-json\/wp\/v2\/comments?post=245153"}],"version-history":[{"count":2,"href":"https:\/\/franciscanos.org.br\/noticias\/wp-json\/wp\/v2\/posts\/245153\/revisions"}],"predecessor-version":[{"id":245169,"href":"https:\/\/franciscanos.org.br\/noticias\/wp-json\/wp\/v2\/posts\/245153\/revisions\/245169"}],"wp:featuredmedia":[{"embeddable":true,"href":"https:\/\/franciscanos.org.br\/noticias\/wp-json\/wp\/v2\/media\/245158"}],"wp:attachment":[{"href":"https:\/\/franciscanos.org.br\/noticias\/wp-json\/wp\/v2\/media?parent=245153"}],"wp:term":[{"taxonomy":"category","embeddable":true,"href":"https:\/\/franciscanos.org.br\/noticias\/wp-json\/wp\/v2\/categories?post=245153"},{"taxonomy":"post_tag","embeddable":true,"href":"https:\/\/franciscanos.org.br\/noticias\/wp-json\/wp\/v2\/tags?post=245153"}],"curies":[{"name":"wp","href":"https:\/\/api.w.org\/{rel}","templated":true}]}}