{"id":245136,"date":"2023-10-11T23:05:22","date_gmt":"2023-10-12T02:05:22","guid":{"rendered":"https:\/\/franciscanos.org.br\/noticias\/?p=245136"},"modified":"2023-10-11T23:45:19","modified_gmt":"2023-10-12T02:45:19","slug":"profissaodefe","status":"publish","type":"post","link":"https:\/\/franciscanos.org.br\/noticias\/profissaodefe.html","title":{"rendered":"Primeiro dia do Tr\u00edduo: a Voca\u00e7\u00e3o crist\u00e3, com a profiss\u00e3o de f\u00e9 de Frei Augusto"},"content":{"rendered":"<blockquote><p><img loading=\"lazy\" class=\"alignnone size-full wp-image-245137\" src=\"https:\/\/franciscanos.org.br\/noticias\/wp-content\/uploads\/2023\/10\/primeiro_06.jpg\" alt=\"\" width=\"1280\" height=\"720\" srcset=\"https:\/\/franciscanos.org.br\/noticias\/wp-content\/uploads\/2023\/10\/primeiro_06.jpg 1280w, https:\/\/franciscanos.org.br\/noticias\/wp-content\/uploads\/2023\/10\/primeiro_06-450x253.jpg 450w, https:\/\/franciscanos.org.br\/noticias\/wp-content\/uploads\/2023\/10\/primeiro_06-1024x576.jpg 1024w, https:\/\/franciscanos.org.br\/noticias\/wp-content\/uploads\/2023\/10\/primeiro_06-768x432.jpg 768w, https:\/\/franciscanos.org.br\/noticias\/wp-content\/uploads\/2023\/10\/primeiro_06-150x84.jpg 150w\" sizes=\"(max-width: 1280px) 100vw, 1280px\" \/><\/p><\/blockquote>\n<p>O primeiro dia do Tr\u00edduo Vocacional em prepara\u00e7\u00e3o para a ordena\u00e7\u00e3o presbiteral de Frei Augusto Luiz Gabriel, no pr\u00f3ximo s\u00e1bado, foi uma Celebra\u00e7\u00e3o lembrando a voca\u00e7\u00e3o batismal de cada crist\u00e3o, especialmente recordando que a voca\u00e7\u00e3o do ordenando \u00e9 um desdobramento de sua f\u00e9 crist\u00e3. Todos foram chamados a renovar o seu batismo por meio do rito de aspers\u00e3o e da renova\u00e7\u00e3o das promessas batismais. Frei Augusto recebeu a vela acesa do seu padrinho de batismo, e, diante de todos, fez a profiss\u00e3o de f\u00e9. Esse momento aconteceu, nesta quarta-feira (11\/10), na pequena e aconchegante capela da Comunidade Nova Bras\u00edlia.<\/p>\n<p><img loading=\"lazy\" class=\"alignnone size-full wp-image-245138\" src=\"https:\/\/franciscanos.org.br\/noticias\/wp-content\/uploads\/2023\/10\/primeiro_04.jpg\" alt=\"\" width=\"1280\" height=\"720\" srcset=\"https:\/\/franciscanos.org.br\/noticias\/wp-content\/uploads\/2023\/10\/primeiro_04.jpg 1280w, https:\/\/franciscanos.org.br\/noticias\/wp-content\/uploads\/2023\/10\/primeiro_04-450x253.jpg 450w, https:\/\/franciscanos.org.br\/noticias\/wp-content\/uploads\/2023\/10\/primeiro_04-1024x576.jpg 1024w, https:\/\/franciscanos.org.br\/noticias\/wp-content\/uploads\/2023\/10\/primeiro_04-768x432.jpg 768w, https:\/\/franciscanos.org.br\/noticias\/wp-content\/uploads\/2023\/10\/primeiro_04-150x84.jpg 150w\" sizes=\"(max-width: 1280px) 100vw, 1280px\" \/><\/p>\n<p><img loading=\"lazy\" class=\"alignnone size-full wp-image-245139\" src=\"https:\/\/franciscanos.org.br\/noticias\/wp-content\/uploads\/2023\/10\/primeiro_05.jpg\" alt=\"\" width=\"1280\" height=\"724\" srcset=\"https:\/\/franciscanos.org.br\/noticias\/wp-content\/uploads\/2023\/10\/primeiro_05.jpg 1280w, https:\/\/franciscanos.org.br\/noticias\/wp-content\/uploads\/2023\/10\/primeiro_05-450x255.jpg 450w, https:\/\/franciscanos.org.br\/noticias\/wp-content\/uploads\/2023\/10\/primeiro_05-1024x579.jpg 1024w, https:\/\/franciscanos.org.br\/noticias\/wp-content\/uploads\/2023\/10\/primeiro_05-768x434.jpg 768w, https:\/\/franciscanos.org.br\/noticias\/wp-content\/uploads\/2023\/10\/primeiro_05-150x85.jpg 150w\" sizes=\"(max-width: 1280px) 100vw, 1280px\" \/><\/p>\n<p>A prepara\u00e7\u00e3o deste momento celebrativo esteve a cargo do Servi\u00e7o de Anima\u00e7\u00e3o Vocacional, tendo Frei Je\u00e2 Paulo Andrade na presid\u00eancia e Frei Gabriel Dellandrea na condu\u00e7\u00e3o do rito da profiss\u00e3o de f\u00e9. Os cantos ficaram por conta da comunidade Vila Tigre (Diver Dervanoski) e a comunidade Nova Bras\u00edlia preparou a encena\u00e7\u00e3o do Evangelho.<\/p>\n<p>Segundo Frei Je\u00e2, nesses tr\u00eas dias do Tr\u00edduo queremos recordar a nossa voca\u00e7\u00e3o. No primeiro dia vamos lembrar da nossa voca\u00e7\u00e3o batismal, voca\u00e7\u00e3o a que cada um de n\u00f3s foi chamado.<\/p>\n<p><img loading=\"lazy\" class=\"alignnone size-full wp-image-245140\" src=\"https:\/\/franciscanos.org.br\/noticias\/wp-content\/uploads\/2023\/10\/primeiro_10.jpg\" alt=\"\" width=\"1280\" height=\"758\" srcset=\"https:\/\/franciscanos.org.br\/noticias\/wp-content\/uploads\/2023\/10\/primeiro_10.jpg 1280w, https:\/\/franciscanos.org.br\/noticias\/wp-content\/uploads\/2023\/10\/primeiro_10-450x266.jpg 450w, https:\/\/franciscanos.org.br\/noticias\/wp-content\/uploads\/2023\/10\/primeiro_10-1024x606.jpg 1024w, https:\/\/franciscanos.org.br\/noticias\/wp-content\/uploads\/2023\/10\/primeiro_10-768x455.jpg 768w, https:\/\/franciscanos.org.br\/noticias\/wp-content\/uploads\/2023\/10\/primeiro_10-150x89.jpg 150w\" sizes=\"(max-width: 1280px) 100vw, 1280px\" \/><\/p>\n<p><img loading=\"lazy\" class=\"alignnone size-full wp-image-245141\" src=\"https:\/\/franciscanos.org.br\/noticias\/wp-content\/uploads\/2023\/10\/primeiro_11.jpg\" alt=\"\" width=\"1280\" height=\"768\" srcset=\"https:\/\/franciscanos.org.br\/noticias\/wp-content\/uploads\/2023\/10\/primeiro_11.jpg 1280w, https:\/\/franciscanos.org.br\/noticias\/wp-content\/uploads\/2023\/10\/primeiro_11-450x270.jpg 450w, https:\/\/franciscanos.org.br\/noticias\/wp-content\/uploads\/2023\/10\/primeiro_11-1024x614.jpg 1024w, https:\/\/franciscanos.org.br\/noticias\/wp-content\/uploads\/2023\/10\/primeiro_11-768x461.jpg 768w, https:\/\/franciscanos.org.br\/noticias\/wp-content\/uploads\/2023\/10\/primeiro_11-150x90.jpg 150w\" sizes=\"(max-width: 1280px) 100vw, 1280px\" \/><\/p>\n<p>O Evangelho de Jo\u00e3o 4, 1-26 \u00e9 muito conhecido: o encontro de Jesus com a mulher samaritana. Chama a aten\u00e7\u00e3o a atitude de Jesus, que poderia ignorar a presen\u00e7a da samaritana, pois ele sendo judeu n\u00e3o deveria falar com ela, que era samaritana.<\/p>\n<p>&#8220;Mas a atitude de Jesus \u00e9 um ensinamento muito forte para n\u00f3s. Ele pede de beber \u00e0quela mulher samaritana. Jesus vai ao encontro e estabelece um la\u00e7o. Essa atitude de Jesus revela o compromisso de quem \u00e9 batizado. Quem recebeu esse sacramento assume o compromisso com o Reino de Deus, que \u00e9 buscar a justi\u00e7a, a miseric\u00f3rdia, a paz, exige ir ao encontro do outro. N\u00e3o se separar do outro&#8221;, explicou o frade.<\/p>\n<p><img loading=\"lazy\" class=\"alignnone size-full wp-image-245142\" src=\"https:\/\/franciscanos.org.br\/noticias\/wp-content\/uploads\/2023\/10\/primeiro_07.jpg\" alt=\"\" width=\"1280\" height=\"853\" srcset=\"https:\/\/franciscanos.org.br\/noticias\/wp-content\/uploads\/2023\/10\/primeiro_07.jpg 1280w, https:\/\/franciscanos.org.br\/noticias\/wp-content\/uploads\/2023\/10\/primeiro_07-450x300.jpg 450w, https:\/\/franciscanos.org.br\/noticias\/wp-content\/uploads\/2023\/10\/primeiro_07-1024x682.jpg 1024w, https:\/\/franciscanos.org.br\/noticias\/wp-content\/uploads\/2023\/10\/primeiro_07-768x512.jpg 768w, https:\/\/franciscanos.org.br\/noticias\/wp-content\/uploads\/2023\/10\/primeiro_07-150x100.jpg 150w\" sizes=\"(max-width: 1280px) 100vw, 1280px\" \/><\/p>\n<p>&#8220;A atitude de Jesus \u00e9 muito clara: \u00e9 preciso romper com qualquer divis\u00e3o, qualquer distanciamento e ir ao encontro. E quem faz essa experi\u00eancia do encontro com o outro, jamais sentir\u00e1 sede, jamais estar\u00e1 necessitado de algo a mais. O encontro com Jesus nos torna verdadeiros filhos e filhas de Deus&#8221;, frisou Frei Je\u00e2.<\/p>\n<p>Na profiss\u00e3o de f\u00e9, Frei Augusto recebeu a vela acesa no C\u00edrio pascal do seu padrinho. Com a vela acesa, ele levou a luz at\u00e9 a assembleia. Em frente ao altar, com seus pais e padrinhos, professou a f\u00e9 publicamente iluminado por essa luz, que tamb\u00e9m recorda o momento das promessas batismais. Em seguida, ele assinou o documento da Profiss\u00e3o de F\u00e9. Frei Augusto terminou o rito aspergindo \u00e1gua benta a todos batizados.<\/p>\n<p><img loading=\"lazy\" class=\"alignnone size-full wp-image-245143\" src=\"https:\/\/franciscanos.org.br\/noticias\/wp-content\/uploads\/2023\/10\/primeiro_08.jpg\" alt=\"\" width=\"1280\" height=\"853\" srcset=\"https:\/\/franciscanos.org.br\/noticias\/wp-content\/uploads\/2023\/10\/primeiro_08.jpg 1280w, https:\/\/franciscanos.org.br\/noticias\/wp-content\/uploads\/2023\/10\/primeiro_08-450x300.jpg 450w, https:\/\/franciscanos.org.br\/noticias\/wp-content\/uploads\/2023\/10\/primeiro_08-1024x682.jpg 1024w, https:\/\/franciscanos.org.br\/noticias\/wp-content\/uploads\/2023\/10\/primeiro_08-768x512.jpg 768w, https:\/\/franciscanos.org.br\/noticias\/wp-content\/uploads\/2023\/10\/primeiro_08-150x100.jpg 150w\" sizes=\"(max-width: 1280px) 100vw, 1280px\" \/><\/p>\n<p><img loading=\"lazy\" class=\"alignnone size-full wp-image-245147\" src=\"https:\/\/franciscanos.org.br\/noticias\/wp-content\/uploads\/2023\/10\/primeiro_13.jpg\" alt=\"\" width=\"1280\" height=\"889\" srcset=\"https:\/\/franciscanos.org.br\/noticias\/wp-content\/uploads\/2023\/10\/primeiro_13.jpg 1280w, https:\/\/franciscanos.org.br\/noticias\/wp-content\/uploads\/2023\/10\/primeiro_13-450x313.jpg 450w, https:\/\/franciscanos.org.br\/noticias\/wp-content\/uploads\/2023\/10\/primeiro_13-1024x711.jpg 1024w, https:\/\/franciscanos.org.br\/noticias\/wp-content\/uploads\/2023\/10\/primeiro_13-768x533.jpg 768w, https:\/\/franciscanos.org.br\/noticias\/wp-content\/uploads\/2023\/10\/primeiro_13-150x104.jpg 150w\" sizes=\"(max-width: 1280px) 100vw, 1280px\" \/><\/p>\n<p>Nesta quinta-feira, solenidade de Nossa Senhora Aparecida, os mission\u00e1rios ter\u00e3o um dia cheio. A primeira Missa, \u00e0s 8h30, ser\u00e1 na Igreja Matriz. No encerramento dela, a imagem de Nossa Senhora Aparecida sair\u00e1 em prociss\u00e3o para a comunidade Golfo de Cima, onde ser\u00e1 realizado o 2\u00ba dia do tr\u00edduo. O tema deste dia ser\u00e1 a Voca\u00e7\u00e3o Religiosa, com o juramento de fidelidade do ordenando. A presid\u00eancia ser\u00e1 de Frei Vanderlei da Silva Neves, frade que \u00e9 o guardi\u00e3o e p\u00e1roco do Santu\u00e1rio Divino Esp\u00edrito Santo (ES). Antes desse trabalho, residia em Xaxim.<\/p>\n<p>Nesta mesma Comunidade, \u00e0s 13h30, ser\u00e1 realizada a B\u00ean\u00e7\u00e3o das crian\u00e7as e das fam\u00edlias. E, no Sal\u00e3o Paroquial da Igreja Matriz, o encontro com jovens de Xaxim. O dia termina com a Missa, \u00e0s 19h, na Igreja Matriz, e no mesmo hor\u00e1rio na Comunidade Alvorada.<\/p>\n<p><img loading=\"lazy\" class=\"alignnone size-full wp-image-245144\" src=\"https:\/\/franciscanos.org.br\/noticias\/wp-content\/uploads\/2023\/10\/primeiro_02.jpg\" alt=\"\" width=\"1280\" height=\"729\" srcset=\"https:\/\/franciscanos.org.br\/noticias\/wp-content\/uploads\/2023\/10\/primeiro_02.jpg 1280w, https:\/\/franciscanos.org.br\/noticias\/wp-content\/uploads\/2023\/10\/primeiro_02-450x256.jpg 450w, https:\/\/franciscanos.org.br\/noticias\/wp-content\/uploads\/2023\/10\/primeiro_02-1024x583.jpg 1024w, https:\/\/franciscanos.org.br\/noticias\/wp-content\/uploads\/2023\/10\/primeiro_02-768x437.jpg 768w, https:\/\/franciscanos.org.br\/noticias\/wp-content\/uploads\/2023\/10\/primeiro_02-150x85.jpg 150w\" sizes=\"(max-width: 1280px) 100vw, 1280px\" \/><\/p>\n<p><strong>\u00a0<\/strong><strong>O GRUPO QUE VEIO DE LONGE<\/strong><\/p>\n<p>Nesta quarta-feira (11\/10), chegou a Xaxim um grupo de quinze pessoas da Par\u00f3quia Santa Clara, em Colatina (ES), onde reside Frei Augusto.<\/p>\n<p>Eles chegaram ao meio-dia e j\u00e1 tinha um churrasco esperando-os no almo\u00e7o. O grupo veio de avi\u00e3o e saiu de Colatina \u00e0s 1h30 da madrugada para se dirigir ao Aeroporto de Vit\u00f3ria, onde embarcaram para Cumbica e, na sequ\u00eancia, para Chapec\u00f3.<\/p>\n<p><img loading=\"lazy\" class=\"alignnone size-full wp-image-245145\" src=\"https:\/\/franciscanos.org.br\/noticias\/wp-content\/uploads\/2023\/10\/primeiro_01.jpg\" alt=\"\" width=\"1280\" height=\"827\" srcset=\"https:\/\/franciscanos.org.br\/noticias\/wp-content\/uploads\/2023\/10\/primeiro_01.jpg 1280w, https:\/\/franciscanos.org.br\/noticias\/wp-content\/uploads\/2023\/10\/primeiro_01-450x291.jpg 450w, https:\/\/franciscanos.org.br\/noticias\/wp-content\/uploads\/2023\/10\/primeiro_01-1024x662.jpg 1024w, https:\/\/franciscanos.org.br\/noticias\/wp-content\/uploads\/2023\/10\/primeiro_01-768x496.jpg 768w, https:\/\/franciscanos.org.br\/noticias\/wp-content\/uploads\/2023\/10\/primeiro_01-150x97.jpg 150w\" sizes=\"(max-width: 1280px) 100vw, 1280px\" \/><\/p>\n<p>Para Simone Pertel, ministra da Palavra e da Pastoral Familiar; e C\u00e1ssia Maria Machado, coordenadora da Comunidade, se precisasse viriam de \u00f4nibus. &#8220;O Frei Augusto \u00e9 muito especial para a gente. Todos eles s\u00e3o. Mas o Frei Augusto chegou e deu uma renovada. A juventude da Par\u00f3quia estava precisando de um vigor e ele chegou com esse g\u00e1s. Ele \u00e9 muito carinhoso. Ele j\u00e1 levou uma galera para a Caminhada Franciscana em Vila Velha e a gente v\u00ea que ele tem muita vontade. Agora, vai levar um grupo para Pato Branco, nas Miss\u00f5es Franciscanas em janeiro. A gente adotou ele&#8221;, confessou C\u00e1ssia.<\/p>\n<p>&#8220;Tanto que eu falei para ele: N\u00e3o pode ir embora depois de ordenado. Tem de ficar com a gente&#8221;, emendou Simone.<\/p>\n<p>O p\u00e1roco Frei Pedro de Oliveira Rodrigues acompanhou o grupo. &#8220;Para n\u00f3s, da Par\u00f3quia Santa Clara, essa ordena\u00e7\u00e3o de Frei Augusto \u00e9 um marco importante, principalmente para mim porque depois de longos anos, estamos convivendo na mesma Fraternidade e, para mim, que fiz a primeira Comunh\u00e3o dele&#8221;, contou Frei Pedro, referindo \u00e0 Primeira Comunh\u00e3o de Frei Augusto em 21 de junho de 2005.<\/p>\n<p><img loading=\"lazy\" class=\"alignnone size-full wp-image-245146\" src=\"https:\/\/franciscanos.org.br\/noticias\/wp-content\/uploads\/2023\/10\/primeiro_14.jpg\" alt=\"\" width=\"1280\" height=\"853\" srcset=\"https:\/\/franciscanos.org.br\/noticias\/wp-content\/uploads\/2023\/10\/primeiro_14.jpg 1280w, https:\/\/franciscanos.org.br\/noticias\/wp-content\/uploads\/2023\/10\/primeiro_14-450x300.jpg 450w, https:\/\/franciscanos.org.br\/noticias\/wp-content\/uploads\/2023\/10\/primeiro_14-1024x682.jpg 1024w, https:\/\/franciscanos.org.br\/noticias\/wp-content\/uploads\/2023\/10\/primeiro_14-768x512.jpg 768w, https:\/\/franciscanos.org.br\/noticias\/wp-content\/uploads\/2023\/10\/primeiro_14-150x100.jpg 150w\" sizes=\"(max-width: 1280px) 100vw, 1280px\" \/><\/p>\n<p>&#8220;Ent\u00e3o \u00e9 um momento marcante para n\u00f3s. Da Par\u00f3quia, muita gente queria vir, mas a dist\u00e2ncia e as dificuldades tamb\u00e9m n\u00e3o ajudaram. Mas a nossa Par\u00f3quia est\u00e1 bem representada por esse grupo que a\u00ed est\u00e1. O pessoal veio com muito carinho, porque tem um carinho muito grande por Frei Augusto, que est\u00e1 desempenhando um trabalho importante na Par\u00f3quia Santa Clara. Com seu jeito de ser, com sua simplicidade, esse modo bem franciscano de lidar com o nosso povo, especialmente do povo mais simples. Al\u00e9m da cidade, a nossa Par\u00f3quia se estende para o interior. Ele consegue interagir bem nessas duas situa\u00e7\u00f5es&#8221;, explicou, lembrando que l\u00e1 de Colatina, as Irm\u00e3s Clarissas est\u00e3o unidas em ora\u00e7\u00f5es.<\/p>\n<hr \/>\n<p><em>Moacir Beggo<\/em><\/p>\n","protected":false},"excerpt":{"rendered":"<p>Ordena\u00e7\u00e3o Presbiteral de Frei Augusto<\/p>\n","protected":false},"author":3,"featured_media":245137,"comment_status":"open","ping_status":"open","sticky":false,"template":"","format":"standard","meta":[],"categories":[1],"tags":[157],"acf":[],"yoast_head":"<!-- This site is optimized with the Yoast SEO plugin v19.2 - https:\/\/yoast.com\/wordpress\/plugins\/seo\/ -->\n<title>Primeiro dia do Tr\u00edduo: a Voca\u00e7\u00e3o crist\u00e3, com a profiss\u00e3o de f\u00e9 de Frei Augusto - Not\u00edcias - Franciscanos<\/title>\n<meta name=\"robots\" content=\"index, follow, max-snippet:-1, max-image-preview:large, max-video-preview:-1\" \/>\n<link rel=\"canonical\" href=\"https:\/\/franciscanos.org.br\/noticias\/profissaodefe.html\" \/>\n<meta property=\"og:locale\" content=\"pt_BR\" \/>\n<meta property=\"og:type\" content=\"article\" \/>\n<meta property=\"og:title\" content=\"Primeiro dia do Tr\u00edduo: a Voca\u00e7\u00e3o crist\u00e3, com a profiss\u00e3o de f\u00e9 de Frei Augusto - Not\u00edcias - Franciscanos\" \/>\n<meta property=\"og:description\" content=\"Ordena\u00e7\u00e3o Presbiteral de Frei Augusto\" \/>\n<meta property=\"og:url\" content=\"https:\/\/franciscanos.org.br\/noticias\/profissaodefe.html\" \/>\n<meta property=\"og:site_name\" content=\"Not\u00edcias - Franciscanos\" \/>\n<meta property=\"article:published_time\" content=\"2023-10-12T02:05:22+00:00\" \/>\n<meta property=\"article:modified_time\" content=\"2023-10-12T02:45:19+00:00\" \/>\n<meta property=\"og:image\" content=\"https:\/\/franciscanos.org.br\/noticias\/wp-content\/uploads\/2023\/10\/primeiro_06.jpg\" \/>\n\t<meta property=\"og:image:width\" content=\"1280\" \/>\n\t<meta property=\"og:image:height\" content=\"720\" \/>\n\t<meta property=\"og:image:type\" content=\"image\/jpeg\" \/>\n<meta name=\"author\" content=\"moacir\" \/>\n<meta name=\"twitter:card\" content=\"summary_large_image\" \/>\n<meta name=\"twitter:label1\" content=\"Escrito por\" \/>\n\t<meta name=\"twitter:data1\" content=\"moacir\" \/>\n\t<meta name=\"twitter:label2\" content=\"Est. tempo de leitura\" \/>\n\t<meta name=\"twitter:data2\" content=\"8 minutos\" \/>\n<script type=\"application\/ld+json\" class=\"yoast-schema-graph\">{\"@context\":\"https:\/\/schema.org\",\"@graph\":[{\"@type\":\"WebSite\",\"@id\":\"https:\/\/franciscanos.org.br\/noticias\/#website\",\"url\":\"https:\/\/franciscanos.org.br\/noticias\/\",\"name\":\"Not\u00edcias - Franciscanos\",\"description\":\"Prov\u00edncia Franciscana da Imaculada Concei\u00e7\u00e3o do Brasil - Ordem dos Frades Menores - OFM\",\"potentialAction\":[{\"@type\":\"SearchAction\",\"target\":{\"@type\":\"EntryPoint\",\"urlTemplate\":\"https:\/\/franciscanos.org.br\/noticias\/?s={search_term_string}\"},\"query-input\":\"required name=search_term_string\"}],\"inLanguage\":\"pt-BR\"},{\"@type\":\"ImageObject\",\"inLanguage\":\"pt-BR\",\"@id\":\"https:\/\/franciscanos.org.br\/noticias\/profissaodefe.html#primaryimage\",\"url\":\"https:\/\/franciscanos.org.br\/noticias\/wp-content\/uploads\/2023\/10\/primeiro_06.jpg\",\"contentUrl\":\"https:\/\/franciscanos.org.br\/noticias\/wp-content\/uploads\/2023\/10\/primeiro_06.jpg\",\"width\":1280,\"height\":720},{\"@type\":\"WebPage\",\"@id\":\"https:\/\/franciscanos.org.br\/noticias\/profissaodefe.html#webpage\",\"url\":\"https:\/\/franciscanos.org.br\/noticias\/profissaodefe.html\",\"name\":\"Primeiro dia do Tr\u00edduo: a Voca\u00e7\u00e3o crist\u00e3, com a profiss\u00e3o de f\u00e9 de Frei Augusto - Not\u00edcias - Franciscanos\",\"isPartOf\":{\"@id\":\"https:\/\/franciscanos.org.br\/noticias\/#website\"},\"primaryImageOfPage\":{\"@id\":\"https:\/\/franciscanos.org.br\/noticias\/profissaodefe.html#primaryimage\"},\"datePublished\":\"2023-10-12T02:05:22+00:00\",\"dateModified\":\"2023-10-12T02:45:19+00:00\",\"author\":{\"@id\":\"https:\/\/franciscanos.org.br\/noticias\/#\/schema\/person\/b5c8cba458c330ccff548b056e95a5d4\"},\"breadcrumb\":{\"@id\":\"https:\/\/franciscanos.org.br\/noticias\/profissaodefe.html#breadcrumb\"},\"inLanguage\":\"pt-BR\",\"potentialAction\":[{\"@type\":\"ReadAction\",\"target\":[\"https:\/\/franciscanos.org.br\/noticias\/profissaodefe.html\"]}]},{\"@type\":\"BreadcrumbList\",\"@id\":\"https:\/\/franciscanos.org.br\/noticias\/profissaodefe.html#breadcrumb\",\"itemListElement\":[{\"@type\":\"ListItem\",\"position\":1,\"name\":\"Home\",\"item\":\"https:\/\/franciscanos.org.br\/noticias\"},{\"@type\":\"ListItem\",\"position\":2,\"name\":\"Primeiro dia do Tr\u00edduo: a Voca\u00e7\u00e3o crist\u00e3, com a profiss\u00e3o de f\u00e9 de Frei Augusto\"}]},{\"@type\":\"Person\",\"@id\":\"https:\/\/franciscanos.org.br\/noticias\/#\/schema\/person\/b5c8cba458c330ccff548b056e95a5d4\",\"name\":\"moacir\",\"image\":{\"@type\":\"ImageObject\",\"inLanguage\":\"pt-BR\",\"@id\":\"https:\/\/franciscanos.org.br\/noticias\/#\/schema\/person\/image\/\",\"url\":\"https:\/\/secure.gravatar.com\/avatar\/d08aa2ce4c8dd416d4479aa8536fcf64?s=96&d=mm&r=g\",\"contentUrl\":\"https:\/\/secure.gravatar.com\/avatar\/d08aa2ce4c8dd416d4479aa8536fcf64?s=96&d=mm&r=g\",\"caption\":\"moacir\"},\"url\":\"https:\/\/franciscanos.org.br\/noticias\/author\/moacir\"}]}<\/script>\n<!-- \/ Yoast SEO plugin. -->","yoast_head_json":{"title":"Primeiro dia do Tr\u00edduo: a Voca\u00e7\u00e3o crist\u00e3, com a profiss\u00e3o de f\u00e9 de Frei Augusto - Not\u00edcias - Franciscanos","robots":{"index":"index","follow":"follow","max-snippet":"max-snippet:-1","max-image-preview":"max-image-preview:large","max-video-preview":"max-video-preview:-1"},"canonical":"https:\/\/franciscanos.org.br\/noticias\/profissaodefe.html","og_locale":"pt_BR","og_type":"article","og_title":"Primeiro dia do Tr\u00edduo: a Voca\u00e7\u00e3o crist\u00e3, com a profiss\u00e3o de f\u00e9 de Frei Augusto - Not\u00edcias - Franciscanos","og_description":"Ordena\u00e7\u00e3o Presbiteral de Frei Augusto","og_url":"https:\/\/franciscanos.org.br\/noticias\/profissaodefe.html","og_site_name":"Not\u00edcias - Franciscanos","article_published_time":"2023-10-12T02:05:22+00:00","article_modified_time":"2023-10-12T02:45:19+00:00","og_image":[{"width":1280,"height":720,"url":"https:\/\/franciscanos.org.br\/noticias\/wp-content\/uploads\/2023\/10\/primeiro_06.jpg","type":"image\/jpeg"}],"author":"moacir","twitter_card":"summary_large_image","twitter_misc":{"Escrito por":"moacir","Est. tempo de leitura":"8 minutos"},"schema":{"@context":"https:\/\/schema.org","@graph":[{"@type":"WebSite","@id":"https:\/\/franciscanos.org.br\/noticias\/#website","url":"https:\/\/franciscanos.org.br\/noticias\/","name":"Not\u00edcias - Franciscanos","description":"Prov\u00edncia Franciscana da Imaculada Concei\u00e7\u00e3o do Brasil - Ordem dos Frades Menores - OFM","potentialAction":[{"@type":"SearchAction","target":{"@type":"EntryPoint","urlTemplate":"https:\/\/franciscanos.org.br\/noticias\/?s={search_term_string}"},"query-input":"required name=search_term_string"}],"inLanguage":"pt-BR"},{"@type":"ImageObject","inLanguage":"pt-BR","@id":"https:\/\/franciscanos.org.br\/noticias\/profissaodefe.html#primaryimage","url":"https:\/\/franciscanos.org.br\/noticias\/wp-content\/uploads\/2023\/10\/primeiro_06.jpg","contentUrl":"https:\/\/franciscanos.org.br\/noticias\/wp-content\/uploads\/2023\/10\/primeiro_06.jpg","width":1280,"height":720},{"@type":"WebPage","@id":"https:\/\/franciscanos.org.br\/noticias\/profissaodefe.html#webpage","url":"https:\/\/franciscanos.org.br\/noticias\/profissaodefe.html","name":"Primeiro dia do Tr\u00edduo: a Voca\u00e7\u00e3o crist\u00e3, com a profiss\u00e3o de f\u00e9 de Frei Augusto - Not\u00edcias - Franciscanos","isPartOf":{"@id":"https:\/\/franciscanos.org.br\/noticias\/#website"},"primaryImageOfPage":{"@id":"https:\/\/franciscanos.org.br\/noticias\/profissaodefe.html#primaryimage"},"datePublished":"2023-10-12T02:05:22+00:00","dateModified":"2023-10-12T02:45:19+00:00","author":{"@id":"https:\/\/franciscanos.org.br\/noticias\/#\/schema\/person\/b5c8cba458c330ccff548b056e95a5d4"},"breadcrumb":{"@id":"https:\/\/franciscanos.org.br\/noticias\/profissaodefe.html#breadcrumb"},"inLanguage":"pt-BR","potentialAction":[{"@type":"ReadAction","target":["https:\/\/franciscanos.org.br\/noticias\/profissaodefe.html"]}]},{"@type":"BreadcrumbList","@id":"https:\/\/franciscanos.org.br\/noticias\/profissaodefe.html#breadcrumb","itemListElement":[{"@type":"ListItem","position":1,"name":"Home","item":"https:\/\/franciscanos.org.br\/noticias"},{"@type":"ListItem","position":2,"name":"Primeiro dia do Tr\u00edduo: a Voca\u00e7\u00e3o crist\u00e3, com a profiss\u00e3o de f\u00e9 de Frei Augusto"}]},{"@type":"Person","@id":"https:\/\/franciscanos.org.br\/noticias\/#\/schema\/person\/b5c8cba458c330ccff548b056e95a5d4","name":"moacir","image":{"@type":"ImageObject","inLanguage":"pt-BR","@id":"https:\/\/franciscanos.org.br\/noticias\/#\/schema\/person\/image\/","url":"https:\/\/secure.gravatar.com\/avatar\/d08aa2ce4c8dd416d4479aa8536fcf64?s=96&d=mm&r=g","contentUrl":"https:\/\/secure.gravatar.com\/avatar\/d08aa2ce4c8dd416d4479aa8536fcf64?s=96&d=mm&r=g","caption":"moacir"},"url":"https:\/\/franciscanos.org.br\/noticias\/author\/moacir"}]}},"_links":{"self":[{"href":"https:\/\/franciscanos.org.br\/noticias\/wp-json\/wp\/v2\/posts\/245136"}],"collection":[{"href":"https:\/\/franciscanos.org.br\/noticias\/wp-json\/wp\/v2\/posts"}],"about":[{"href":"https:\/\/franciscanos.org.br\/noticias\/wp-json\/wp\/v2\/types\/post"}],"author":[{"embeddable":true,"href":"https:\/\/franciscanos.org.br\/noticias\/wp-json\/wp\/v2\/users\/3"}],"replies":[{"embeddable":true,"href":"https:\/\/franciscanos.org.br\/noticias\/wp-json\/wp\/v2\/comments?post=245136"}],"version-history":[{"count":5,"href":"https:\/\/franciscanos.org.br\/noticias\/wp-json\/wp\/v2\/posts\/245136\/revisions"}],"predecessor-version":[{"id":245152,"href":"https:\/\/franciscanos.org.br\/noticias\/wp-json\/wp\/v2\/posts\/245136\/revisions\/245152"}],"wp:featuredmedia":[{"embeddable":true,"href":"https:\/\/franciscanos.org.br\/noticias\/wp-json\/wp\/v2\/media\/245137"}],"wp:attachment":[{"href":"https:\/\/franciscanos.org.br\/noticias\/wp-json\/wp\/v2\/media?parent=245136"}],"wp:term":[{"taxonomy":"category","embeddable":true,"href":"https:\/\/franciscanos.org.br\/noticias\/wp-json\/wp\/v2\/categories?post=245136"},{"taxonomy":"post_tag","embeddable":true,"href":"https:\/\/franciscanos.org.br\/noticias\/wp-json\/wp\/v2\/tags?post=245136"}],"curies":[{"name":"wp","href":"https:\/\/api.w.org\/{rel}","templated":true}]}}