{"id":245132,"date":"2023-10-11T10:05:53","date_gmt":"2023-10-11T13:05:53","guid":{"rendered":"https:\/\/franciscanos.org.br\/noticias\/?p=245132"},"modified":"2023-10-11T10:05:53","modified_gmt":"2023-10-11T13:05:53","slug":"provincia-manifesta-gratidao-e-reconhecimento-a-dom-mauro-morelli-2","status":"publish","type":"post","link":"https:\/\/franciscanos.org.br\/noticias\/provincia-manifesta-gratidao-e-reconhecimento-a-dom-mauro-morelli-2.html","title":{"rendered":"Prov\u00edncia manifesta gratid\u00e3o e reconhecimento a Dom Mauro Morelli"},"content":{"rendered":"<p><img loading=\"lazy\" class=\"alignnone size-full wp-image-245127\" src=\"https:\/\/franciscanos.org.br\/noticias\/wp-content\/uploads\/2023\/10\/domauro_01.jpg\" alt=\"\" width=\"1280\" height=\"720\" srcset=\"https:\/\/franciscanos.org.br\/noticias\/wp-content\/uploads\/2023\/10\/domauro_01.jpg 1280w, https:\/\/franciscanos.org.br\/noticias\/wp-content\/uploads\/2023\/10\/domauro_01-450x253.jpg 450w, https:\/\/franciscanos.org.br\/noticias\/wp-content\/uploads\/2023\/10\/domauro_01-1024x576.jpg 1024w, https:\/\/franciscanos.org.br\/noticias\/wp-content\/uploads\/2023\/10\/domauro_01-768x432.jpg 768w, https:\/\/franciscanos.org.br\/noticias\/wp-content\/uploads\/2023\/10\/domauro_01-150x84.jpg 150w\" sizes=\"(max-width: 1280px) 100vw, 1280px\" \/><\/p>\n<p>Diversos frades da Prov\u00edncia Franciscana da Imaculada Concei\u00e7\u00e3o do Brasil estiveram presentes no funeral de Dom Mauro Morelli, primeiro bispo de Duque de Caxias. A presen\u00e7a da Igreja na Baixada, especialmente em Duque de Caxias, teve na atua\u00e7\u00e3o dos frades um impulso mission\u00e1rio e evangelizador que, com a cria\u00e7\u00e3o da Diocese e o empenho de Dom Mauro, marcou a hist\u00f3ria eclesial da regi\u00e3o. Atualmente, os frades est\u00e3o presentes em S\u00e3o Jo\u00e3o de Meriti, na tradicional Par\u00f3quia de S\u00e3o Jo\u00e3o Batista (Centro), e em Campos El\u00edseos e Imbari\u00ea, na Periferia de Duque de Caxias, tendo em Dom Mauro grande incentivador destas presen\u00e7as.<\/p>\n<p><img loading=\"lazy\" class=\"alignnone size-full wp-image-245128\" src=\"https:\/\/franciscanos.org.br\/noticias\/wp-content\/uploads\/2023\/10\/domauro_02.jpg\" alt=\"\" width=\"1280\" height=\"864\" srcset=\"https:\/\/franciscanos.org.br\/noticias\/wp-content\/uploads\/2023\/10\/domauro_02.jpg 1280w, https:\/\/franciscanos.org.br\/noticias\/wp-content\/uploads\/2023\/10\/domauro_02-450x304.jpg 450w, https:\/\/franciscanos.org.br\/noticias\/wp-content\/uploads\/2023\/10\/domauro_02-1024x691.jpg 1024w, https:\/\/franciscanos.org.br\/noticias\/wp-content\/uploads\/2023\/10\/domauro_02-768x518.jpg 768w, https:\/\/franciscanos.org.br\/noticias\/wp-content\/uploads\/2023\/10\/domauro_02-150x101.jpg 150w\" sizes=\"(max-width: 1280px) 100vw, 1280px\" \/><\/p>\n<p>Em esp\u00edrito de comunh\u00e3o e f\u00e9, a Prov\u00edncia manifesta sua gratid\u00e3o e solidariedade \u00e0 Igreja Particular de Duque de Caxias, na pessoa de seu bispo, Dom Tarc\u00edsio Nascentes dos Santos, estendendo a sauda\u00e7\u00e3o ao clero e a todo o Povo de Deus desta querida por\u00e7\u00e3o da Baixada Fluminense que, sob a condu\u00e7\u00e3o de Dom Mauro, aprendeu a caminhar de maneira sinodal e prof\u00e9tica. Que o Senhor acolha Dom Mauro Morelli no repouso eterno dos justos e que siga inspirando a Igreja no caminho da fidelidade\u00a0ao\u00a0Evangelho.<\/p>\n<p><img loading=\"lazy\" class=\"alignnone size-full wp-image-245129\" src=\"https:\/\/franciscanos.org.br\/noticias\/wp-content\/uploads\/2023\/10\/domauro_03.jpg\" alt=\"\" width=\"810\" height=\"1080\" srcset=\"https:\/\/franciscanos.org.br\/noticias\/wp-content\/uploads\/2023\/10\/domauro_03.jpg 810w, https:\/\/franciscanos.org.br\/noticias\/wp-content\/uploads\/2023\/10\/domauro_03-338x450.jpg 338w, https:\/\/franciscanos.org.br\/noticias\/wp-content\/uploads\/2023\/10\/domauro_03-768x1024.jpg 768w, https:\/\/franciscanos.org.br\/noticias\/wp-content\/uploads\/2023\/10\/domauro_03-150x200.jpg 150w\" sizes=\"(max-width: 810px) 100vw, 810px\" \/><\/p>\n","protected":false},"excerpt":{"rendered":"<p>Falecimento de Dom Mauro Morelli<\/p>\n","protected":false},"author":3,"featured_media":245127,"comment_status":"open","ping_status":"open","sticky":false,"template":"","format":"standard","meta":[],"categories":[1],"tags":[1160],"acf":[],"yoast_head":"<!-- This site is optimized with the Yoast SEO plugin v19.2 - https:\/\/yoast.com\/wordpress\/plugins\/seo\/ -->\n<title>Prov\u00edncia manifesta gratid\u00e3o e reconhecimento a Dom Mauro Morelli - Not\u00edcias - Franciscanos<\/title>\n<meta name=\"robots\" content=\"index, follow, max-snippet:-1, max-image-preview:large, max-video-preview:-1\" \/>\n<link rel=\"canonical\" href=\"https:\/\/franciscanos.org.br\/noticias\/provincia-manifesta-gratidao-e-reconhecimento-a-dom-mauro-morelli-2.html\" \/>\n<meta property=\"og:locale\" content=\"pt_BR\" \/>\n<meta property=\"og:type\" content=\"article\" \/>\n<meta property=\"og:title\" content=\"Prov\u00edncia manifesta gratid\u00e3o e reconhecimento a Dom Mauro Morelli - Not\u00edcias - Franciscanos\" \/>\n<meta property=\"og:description\" content=\"Falecimento de Dom Mauro Morelli\" \/>\n<meta property=\"og:url\" content=\"https:\/\/franciscanos.org.br\/noticias\/provincia-manifesta-gratidao-e-reconhecimento-a-dom-mauro-morelli-2.html\" \/>\n<meta property=\"og:site_name\" content=\"Not\u00edcias - Franciscanos\" \/>\n<meta property=\"article:published_time\" content=\"2023-10-11T13:05:53+00:00\" \/>\n<meta property=\"og:image\" content=\"https:\/\/franciscanos.org.br\/noticias\/wp-content\/uploads\/2023\/10\/domauro_01.jpg\" \/>\n\t<meta property=\"og:image:width\" content=\"1280\" \/>\n\t<meta property=\"og:image:height\" content=\"720\" \/>\n\t<meta property=\"og:image:type\" content=\"image\/jpeg\" \/>\n<meta name=\"author\" content=\"moacir\" \/>\n<meta name=\"twitter:card\" content=\"summary_large_image\" \/>\n<meta name=\"twitter:label1\" content=\"Escrito por\" \/>\n\t<meta name=\"twitter:data1\" content=\"moacir\" \/>\n\t<meta name=\"twitter:label2\" content=\"Est. tempo de leitura\" \/>\n\t<meta name=\"twitter:data2\" content=\"1 minuto\" \/>\n<script type=\"application\/ld+json\" class=\"yoast-schema-graph\">{\"@context\":\"https:\/\/schema.org\",\"@graph\":[{\"@type\":\"WebSite\",\"@id\":\"https:\/\/franciscanos.org.br\/noticias\/#website\",\"url\":\"https:\/\/franciscanos.org.br\/noticias\/\",\"name\":\"Not\u00edcias - Franciscanos\",\"description\":\"Prov\u00edncia Franciscana da Imaculada Concei\u00e7\u00e3o do Brasil - Ordem dos Frades Menores - OFM\",\"potentialAction\":[{\"@type\":\"SearchAction\",\"target\":{\"@type\":\"EntryPoint\",\"urlTemplate\":\"https:\/\/franciscanos.org.br\/noticias\/?s={search_term_string}\"},\"query-input\":\"required name=search_term_string\"}],\"inLanguage\":\"pt-BR\"},{\"@type\":\"ImageObject\",\"inLanguage\":\"pt-BR\",\"@id\":\"https:\/\/franciscanos.org.br\/noticias\/provincia-manifesta-gratidao-e-reconhecimento-a-dom-mauro-morelli-2.html#primaryimage\",\"url\":\"https:\/\/franciscanos.org.br\/noticias\/wp-content\/uploads\/2023\/10\/domauro_01.jpg\",\"contentUrl\":\"https:\/\/franciscanos.org.br\/noticias\/wp-content\/uploads\/2023\/10\/domauro_01.jpg\",\"width\":1280,\"height\":720},{\"@type\":\"WebPage\",\"@id\":\"https:\/\/franciscanos.org.br\/noticias\/provincia-manifesta-gratidao-e-reconhecimento-a-dom-mauro-morelli-2.html#webpage\",\"url\":\"https:\/\/franciscanos.org.br\/noticias\/provincia-manifesta-gratidao-e-reconhecimento-a-dom-mauro-morelli-2.html\",\"name\":\"Prov\u00edncia manifesta gratid\u00e3o e reconhecimento a Dom Mauro Morelli - Not\u00edcias - Franciscanos\",\"isPartOf\":{\"@id\":\"https:\/\/franciscanos.org.br\/noticias\/#website\"},\"primaryImageOfPage\":{\"@id\":\"https:\/\/franciscanos.org.br\/noticias\/provincia-manifesta-gratidao-e-reconhecimento-a-dom-mauro-morelli-2.html#primaryimage\"},\"datePublished\":\"2023-10-11T13:05:53+00:00\",\"dateModified\":\"2023-10-11T13:05:53+00:00\",\"author\":{\"@id\":\"https:\/\/franciscanos.org.br\/noticias\/#\/schema\/person\/b5c8cba458c330ccff548b056e95a5d4\"},\"breadcrumb\":{\"@id\":\"https:\/\/franciscanos.org.br\/noticias\/provincia-manifesta-gratidao-e-reconhecimento-a-dom-mauro-morelli-2.html#breadcrumb\"},\"inLanguage\":\"pt-BR\",\"potentialAction\":[{\"@type\":\"ReadAction\",\"target\":[\"https:\/\/franciscanos.org.br\/noticias\/provincia-manifesta-gratidao-e-reconhecimento-a-dom-mauro-morelli-2.html\"]}]},{\"@type\":\"BreadcrumbList\",\"@id\":\"https:\/\/franciscanos.org.br\/noticias\/provincia-manifesta-gratidao-e-reconhecimento-a-dom-mauro-morelli-2.html#breadcrumb\",\"itemListElement\":[{\"@type\":\"ListItem\",\"position\":1,\"name\":\"Home\",\"item\":\"https:\/\/franciscanos.org.br\/noticias\"},{\"@type\":\"ListItem\",\"position\":2,\"name\":\"Prov\u00edncia manifesta gratid\u00e3o e reconhecimento a Dom Mauro Morelli\"}]},{\"@type\":\"Person\",\"@id\":\"https:\/\/franciscanos.org.br\/noticias\/#\/schema\/person\/b5c8cba458c330ccff548b056e95a5d4\",\"name\":\"moacir\",\"image\":{\"@type\":\"ImageObject\",\"inLanguage\":\"pt-BR\",\"@id\":\"https:\/\/franciscanos.org.br\/noticias\/#\/schema\/person\/image\/\",\"url\":\"https:\/\/secure.gravatar.com\/avatar\/d08aa2ce4c8dd416d4479aa8536fcf64?s=96&d=mm&r=g\",\"contentUrl\":\"https:\/\/secure.gravatar.com\/avatar\/d08aa2ce4c8dd416d4479aa8536fcf64?s=96&d=mm&r=g\",\"caption\":\"moacir\"},\"url\":\"https:\/\/franciscanos.org.br\/noticias\/author\/moacir\"}]}<\/script>\n<!-- \/ Yoast SEO plugin. -->","yoast_head_json":{"title":"Prov\u00edncia manifesta gratid\u00e3o e reconhecimento a Dom Mauro Morelli - Not\u00edcias - Franciscanos","robots":{"index":"index","follow":"follow","max-snippet":"max-snippet:-1","max-image-preview":"max-image-preview:large","max-video-preview":"max-video-preview:-1"},"canonical":"https:\/\/franciscanos.org.br\/noticias\/provincia-manifesta-gratidao-e-reconhecimento-a-dom-mauro-morelli-2.html","og_locale":"pt_BR","og_type":"article","og_title":"Prov\u00edncia manifesta gratid\u00e3o e reconhecimento a Dom Mauro Morelli - Not\u00edcias - Franciscanos","og_description":"Falecimento de Dom Mauro Morelli","og_url":"https:\/\/franciscanos.org.br\/noticias\/provincia-manifesta-gratidao-e-reconhecimento-a-dom-mauro-morelli-2.html","og_site_name":"Not\u00edcias - Franciscanos","article_published_time":"2023-10-11T13:05:53+00:00","og_image":[{"width":1280,"height":720,"url":"https:\/\/franciscanos.org.br\/noticias\/wp-content\/uploads\/2023\/10\/domauro_01.jpg","type":"image\/jpeg"}],"author":"moacir","twitter_card":"summary_large_image","twitter_misc":{"Escrito por":"moacir","Est. tempo de leitura":"1 minuto"},"schema":{"@context":"https:\/\/schema.org","@graph":[{"@type":"WebSite","@id":"https:\/\/franciscanos.org.br\/noticias\/#website","url":"https:\/\/franciscanos.org.br\/noticias\/","name":"Not\u00edcias - Franciscanos","description":"Prov\u00edncia Franciscana da Imaculada Concei\u00e7\u00e3o do Brasil - Ordem dos Frades Menores - OFM","potentialAction":[{"@type":"SearchAction","target":{"@type":"EntryPoint","urlTemplate":"https:\/\/franciscanos.org.br\/noticias\/?s={search_term_string}"},"query-input":"required name=search_term_string"}],"inLanguage":"pt-BR"},{"@type":"ImageObject","inLanguage":"pt-BR","@id":"https:\/\/franciscanos.org.br\/noticias\/provincia-manifesta-gratidao-e-reconhecimento-a-dom-mauro-morelli-2.html#primaryimage","url":"https:\/\/franciscanos.org.br\/noticias\/wp-content\/uploads\/2023\/10\/domauro_01.jpg","contentUrl":"https:\/\/franciscanos.org.br\/noticias\/wp-content\/uploads\/2023\/10\/domauro_01.jpg","width":1280,"height":720},{"@type":"WebPage","@id":"https:\/\/franciscanos.org.br\/noticias\/provincia-manifesta-gratidao-e-reconhecimento-a-dom-mauro-morelli-2.html#webpage","url":"https:\/\/franciscanos.org.br\/noticias\/provincia-manifesta-gratidao-e-reconhecimento-a-dom-mauro-morelli-2.html","name":"Prov\u00edncia manifesta gratid\u00e3o e reconhecimento a Dom Mauro Morelli - Not\u00edcias - Franciscanos","isPartOf":{"@id":"https:\/\/franciscanos.org.br\/noticias\/#website"},"primaryImageOfPage":{"@id":"https:\/\/franciscanos.org.br\/noticias\/provincia-manifesta-gratidao-e-reconhecimento-a-dom-mauro-morelli-2.html#primaryimage"},"datePublished":"2023-10-11T13:05:53+00:00","dateModified":"2023-10-11T13:05:53+00:00","author":{"@id":"https:\/\/franciscanos.org.br\/noticias\/#\/schema\/person\/b5c8cba458c330ccff548b056e95a5d4"},"breadcrumb":{"@id":"https:\/\/franciscanos.org.br\/noticias\/provincia-manifesta-gratidao-e-reconhecimento-a-dom-mauro-morelli-2.html#breadcrumb"},"inLanguage":"pt-BR","potentialAction":[{"@type":"ReadAction","target":["https:\/\/franciscanos.org.br\/noticias\/provincia-manifesta-gratidao-e-reconhecimento-a-dom-mauro-morelli-2.html"]}]},{"@type":"BreadcrumbList","@id":"https:\/\/franciscanos.org.br\/noticias\/provincia-manifesta-gratidao-e-reconhecimento-a-dom-mauro-morelli-2.html#breadcrumb","itemListElement":[{"@type":"ListItem","position":1,"name":"Home","item":"https:\/\/franciscanos.org.br\/noticias"},{"@type":"ListItem","position":2,"name":"Prov\u00edncia manifesta gratid\u00e3o e reconhecimento a Dom Mauro Morelli"}]},{"@type":"Person","@id":"https:\/\/franciscanos.org.br\/noticias\/#\/schema\/person\/b5c8cba458c330ccff548b056e95a5d4","name":"moacir","image":{"@type":"ImageObject","inLanguage":"pt-BR","@id":"https:\/\/franciscanos.org.br\/noticias\/#\/schema\/person\/image\/","url":"https:\/\/secure.gravatar.com\/avatar\/d08aa2ce4c8dd416d4479aa8536fcf64?s=96&d=mm&r=g","contentUrl":"https:\/\/secure.gravatar.com\/avatar\/d08aa2ce4c8dd416d4479aa8536fcf64?s=96&d=mm&r=g","caption":"moacir"},"url":"https:\/\/franciscanos.org.br\/noticias\/author\/moacir"}]}},"_links":{"self":[{"href":"https:\/\/franciscanos.org.br\/noticias\/wp-json\/wp\/v2\/posts\/245132"}],"collection":[{"href":"https:\/\/franciscanos.org.br\/noticias\/wp-json\/wp\/v2\/posts"}],"about":[{"href":"https:\/\/franciscanos.org.br\/noticias\/wp-json\/wp\/v2\/types\/post"}],"author":[{"embeddable":true,"href":"https:\/\/franciscanos.org.br\/noticias\/wp-json\/wp\/v2\/users\/3"}],"replies":[{"embeddable":true,"href":"https:\/\/franciscanos.org.br\/noticias\/wp-json\/wp\/v2\/comments?post=245132"}],"version-history":[{"count":1,"href":"https:\/\/franciscanos.org.br\/noticias\/wp-json\/wp\/v2\/posts\/245132\/revisions"}],"predecessor-version":[{"id":245133,"href":"https:\/\/franciscanos.org.br\/noticias\/wp-json\/wp\/v2\/posts\/245132\/revisions\/245133"}],"wp:featuredmedia":[{"embeddable":true,"href":"https:\/\/franciscanos.org.br\/noticias\/wp-json\/wp\/v2\/media\/245127"}],"wp:attachment":[{"href":"https:\/\/franciscanos.org.br\/noticias\/wp-json\/wp\/v2\/media?parent=245132"}],"wp:term":[{"taxonomy":"category","embeddable":true,"href":"https:\/\/franciscanos.org.br\/noticias\/wp-json\/wp\/v2\/categories?post=245132"},{"taxonomy":"post_tag","embeddable":true,"href":"https:\/\/franciscanos.org.br\/noticias\/wp-json\/wp\/v2\/tags?post=245132"}],"curies":[{"name":"wp","href":"https:\/\/api.w.org\/{rel}","templated":true}]}}