{"id":245107,"date":"2023-10-10T22:02:53","date_gmt":"2023-10-11T01:02:53","guid":{"rendered":"https:\/\/franciscanos.org.br\/noticias\/?p=245107"},"modified":"2023-10-11T11:00:35","modified_gmt":"2023-10-11T14:00:35","slug":"missa-do-envio-abre-a-semana-missionaria-em-xaxim","status":"publish","type":"post","link":"https:\/\/franciscanos.org.br\/noticias\/missa-do-envio-abre-a-semana-missionaria-em-xaxim.html","title":{"rendered":"Missa do Envio abre a Semana Mission\u00e1ria em Xaxim"},"content":{"rendered":"<p><img loading=\"lazy\" class=\"alignnone size-full wp-image-245108\" src=\"https:\/\/franciscanos.org.br\/noticias\/wp-content\/uploads\/2023\/10\/abertura_01.jpg\" alt=\"\" width=\"1280\" height=\"720\" srcset=\"https:\/\/franciscanos.org.br\/noticias\/wp-content\/uploads\/2023\/10\/abertura_01.jpg 1280w, https:\/\/franciscanos.org.br\/noticias\/wp-content\/uploads\/2023\/10\/abertura_01-450x253.jpg 450w, https:\/\/franciscanos.org.br\/noticias\/wp-content\/uploads\/2023\/10\/abertura_01-1024x576.jpg 1024w, https:\/\/franciscanos.org.br\/noticias\/wp-content\/uploads\/2023\/10\/abertura_01-768x432.jpg 768w, https:\/\/franciscanos.org.br\/noticias\/wp-content\/uploads\/2023\/10\/abertura_01-150x84.jpg 150w\" sizes=\"(max-width: 1280px) 100vw, 1280px\" \/><\/p>\n<p><strong>\u00a0<\/strong><strong>Xaxim (SC)<\/strong> &#8211; Com a chegada dos mission\u00e1rios, teve in\u00edcio nesta ter\u00e7a-feira (10\/10), \u00e0s 18h30, a Semana Mission\u00e1ria na Matriz S\u00e3o Luiz Gonzaga de Xaxim. Ordenado presb\u00edtero em maio \u00faltimo, Frei Gabriel Dellandrea presidiu a Missa do Envio e saudou os mission\u00e1rios que participar\u00e3o desta Semana que antecede \u00e0 ordena\u00e7\u00e3o presbiteral de Frei Augusto Luiz Gabriel, no pr\u00f3ximo s\u00e1bado, \u00e0s 16 horas. Amanh\u00e3, tamb\u00e9m tem in\u00edcio o Tr\u00edduo Vocacional.<\/p>\n<p>O p\u00e1roco da Matriz, Frei Gilson Kammer, fez a acolhida dos mission\u00e1rios e pediu: &#8220;\u00c9 esse esp\u00edrito de &#8216;paz e bem&#8217; que todos esses frades mission\u00e1rios e cada um de n\u00f3s quer viver. Que esta Semana Mission\u00e1ria em prepara\u00e7\u00e3o \u00e0 ordena\u00e7\u00e3o de Frei Augusto seja uma ocasi\u00e3o muito bonita de todos n\u00f3s fazermos a nossa experi\u00eancia com Deus, podendo assim reviver a nossa voca\u00e7\u00e3o familiar, religiosa, a voca\u00e7\u00e3o crist\u00e3 de todos n\u00f3s. Por isso, quero em nome de toda a nossa Comunidade, de toda a nossa Par\u00f3quia, acolher a esses mission\u00e1rios e essa mission\u00e1ria&#8221;. E pediu que cada um se apresentasse.<\/p>\n<p><img loading=\"lazy\" class=\"alignnone size-full wp-image-245109\" src=\"https:\/\/franciscanos.org.br\/noticias\/wp-content\/uploads\/2023\/10\/abertura_06.jpg\" alt=\"\" width=\"1280\" height=\"853\" srcset=\"https:\/\/franciscanos.org.br\/noticias\/wp-content\/uploads\/2023\/10\/abertura_06.jpg 1280w, https:\/\/franciscanos.org.br\/noticias\/wp-content\/uploads\/2023\/10\/abertura_06-450x300.jpg 450w, https:\/\/franciscanos.org.br\/noticias\/wp-content\/uploads\/2023\/10\/abertura_06-1024x682.jpg 1024w, https:\/\/franciscanos.org.br\/noticias\/wp-content\/uploads\/2023\/10\/abertura_06-768x512.jpg 768w, https:\/\/franciscanos.org.br\/noticias\/wp-content\/uploads\/2023\/10\/abertura_06-150x100.jpg 150w\" sizes=\"(max-width: 1280px) 100vw, 1280px\" \/><\/p>\n\n\t\t<style type=\"text\/css\">\n\t\t\t#gallery-1 {\n\t\t\t\tmargin: auto;\n\t\t\t}\n\t\t\t#gallery-1 .gallery-item {\n\t\t\t\tfloat: left;\n\t\t\t\tmargin-top: 10px;\n\t\t\t\ttext-align: center;\n\t\t\t\twidth: 14%;\n\t\t\t}\n\t\t\t#gallery-1 img {\n\t\t\t\tborder: 2px solid #cfcfcf;\n\t\t\t}\n\t\t\t#gallery-1 .gallery-caption {\n\t\t\t\tmargin-left: 0;\n\t\t\t}\n\t\t\t\/* see gallery_shortcode() in wp-includes\/media.php *\/\n\t\t<\/style>\n\t\t<div id='gallery-1' class='gallery galleryid-245107 gallery-columns-7 gallery-size-thumbnail'><dl class='gallery-item'>\n\t\t\t<dt class='gallery-icon landscape'>\n\t\t\t\t<a href='https:\/\/franciscanos.org.br\/noticias\/wp-content\/uploads\/2023\/10\/abertura_02.jpg'><img width=\"300\" height=\"300\" src=\"https:\/\/franciscanos.org.br\/noticias\/wp-content\/uploads\/2023\/10\/abertura_02-300x300.jpg\" class=\"attachment-thumbnail size-thumbnail\" alt=\"\" loading=\"lazy\" srcset=\"https:\/\/franciscanos.org.br\/noticias\/wp-content\/uploads\/2023\/10\/abertura_02-300x300.jpg 300w, https:\/\/franciscanos.org.br\/noticias\/wp-content\/uploads\/2023\/10\/abertura_02-100x100.jpg 100w\" sizes=\"(max-width: 300px) 100vw, 300px\" \/><\/a>\n\t\t\t<\/dt><\/dl><dl class='gallery-item'>\n\t\t\t<dt class='gallery-icon landscape'>\n\t\t\t\t<a href='https:\/\/franciscanos.org.br\/noticias\/wp-content\/uploads\/2023\/10\/abertura_03.jpg'><img width=\"300\" height=\"300\" src=\"https:\/\/franciscanos.org.br\/noticias\/wp-content\/uploads\/2023\/10\/abertura_03-300x300.jpg\" class=\"attachment-thumbnail size-thumbnail\" alt=\"\" loading=\"lazy\" srcset=\"https:\/\/franciscanos.org.br\/noticias\/wp-content\/uploads\/2023\/10\/abertura_03-300x300.jpg 300w, https:\/\/franciscanos.org.br\/noticias\/wp-content\/uploads\/2023\/10\/abertura_03-100x100.jpg 100w\" sizes=\"(max-width: 300px) 100vw, 300px\" \/><\/a>\n\t\t\t<\/dt><\/dl><dl class='gallery-item'>\n\t\t\t<dt class='gallery-icon landscape'>\n\t\t\t\t<a href='https:\/\/franciscanos.org.br\/noticias\/wp-content\/uploads\/2023\/10\/abertura_04.jpg'><img width=\"300\" height=\"300\" src=\"https:\/\/franciscanos.org.br\/noticias\/wp-content\/uploads\/2023\/10\/abertura_04-300x300.jpg\" class=\"attachment-thumbnail size-thumbnail\" alt=\"\" loading=\"lazy\" srcset=\"https:\/\/franciscanos.org.br\/noticias\/wp-content\/uploads\/2023\/10\/abertura_04-300x300.jpg 300w, https:\/\/franciscanos.org.br\/noticias\/wp-content\/uploads\/2023\/10\/abertura_04-100x100.jpg 100w\" sizes=\"(max-width: 300px) 100vw, 300px\" \/><\/a>\n\t\t\t<\/dt><\/dl><dl class='gallery-item'>\n\t\t\t<dt class='gallery-icon landscape'>\n\t\t\t\t<a href='https:\/\/franciscanos.org.br\/noticias\/wp-content\/uploads\/2023\/10\/abertura_05.jpg'><img width=\"300\" height=\"300\" src=\"https:\/\/franciscanos.org.br\/noticias\/wp-content\/uploads\/2023\/10\/abertura_05-300x300.jpg\" class=\"attachment-thumbnail size-thumbnail\" alt=\"\" loading=\"lazy\" srcset=\"https:\/\/franciscanos.org.br\/noticias\/wp-content\/uploads\/2023\/10\/abertura_05-300x300.jpg 300w, https:\/\/franciscanos.org.br\/noticias\/wp-content\/uploads\/2023\/10\/abertura_05-100x100.jpg 100w\" sizes=\"(max-width: 300px) 100vw, 300px\" \/><\/a>\n\t\t\t<\/dt><\/dl><dl class='gallery-item'>\n\t\t\t<dt class='gallery-icon landscape'>\n\t\t\t\t<a href='https:\/\/franciscanos.org.br\/noticias\/wp-content\/uploads\/2023\/10\/abertura_08.jpg'><img width=\"300\" height=\"300\" src=\"https:\/\/franciscanos.org.br\/noticias\/wp-content\/uploads\/2023\/10\/abertura_08-300x300.jpg\" class=\"attachment-thumbnail size-thumbnail\" alt=\"\" loading=\"lazy\" srcset=\"https:\/\/franciscanos.org.br\/noticias\/wp-content\/uploads\/2023\/10\/abertura_08-300x300.jpg 300w, https:\/\/franciscanos.org.br\/noticias\/wp-content\/uploads\/2023\/10\/abertura_08-100x100.jpg 100w\" sizes=\"(max-width: 300px) 100vw, 300px\" \/><\/a>\n\t\t\t<\/dt><\/dl><dl class='gallery-item'>\n\t\t\t<dt class='gallery-icon landscape'>\n\t\t\t\t<a href='https:\/\/franciscanos.org.br\/noticias\/wp-content\/uploads\/2023\/10\/abertura_09.jpg'><img width=\"300\" height=\"300\" src=\"https:\/\/franciscanos.org.br\/noticias\/wp-content\/uploads\/2023\/10\/abertura_09-300x300.jpg\" class=\"attachment-thumbnail size-thumbnail\" alt=\"\" loading=\"lazy\" srcset=\"https:\/\/franciscanos.org.br\/noticias\/wp-content\/uploads\/2023\/10\/abertura_09-300x300.jpg 300w, https:\/\/franciscanos.org.br\/noticias\/wp-content\/uploads\/2023\/10\/abertura_09-100x100.jpg 100w\" sizes=\"(max-width: 300px) 100vw, 300px\" \/><\/a>\n\t\t\t<\/dt><\/dl><dl class='gallery-item'>\n\t\t\t<dt class='gallery-icon landscape'>\n\t\t\t\t<a href='https:\/\/franciscanos.org.br\/noticias\/wp-content\/uploads\/2023\/10\/abertura_10.jpg'><img width=\"300\" height=\"300\" src=\"https:\/\/franciscanos.org.br\/noticias\/wp-content\/uploads\/2023\/10\/abertura_10-300x300.jpg\" class=\"attachment-thumbnail size-thumbnail\" alt=\"\" loading=\"lazy\" srcset=\"https:\/\/franciscanos.org.br\/noticias\/wp-content\/uploads\/2023\/10\/abertura_10-300x300.jpg 300w, https:\/\/franciscanos.org.br\/noticias\/wp-content\/uploads\/2023\/10\/abertura_10-100x100.jpg 100w\" sizes=\"(max-width: 300px) 100vw, 300px\" \/><\/a>\n\t\t\t<\/dt><\/dl><br style=\"clear: both\" \/>\n\t\t<\/div>\n\n<p><em>(toque nas imagens menores para ampli\u00e1-las)<\/em><\/p>\n<p>A liturgia do Tempo Comum trouxe o Evangelho de Marta e Maria. &#8220;E Jesus chama a aten\u00e7\u00e3o de Marta n\u00e3o porque ela faz muitas coisas, mas porque naquele momento ela deveria estar sentada para aprender, ela estava preocupada demais com um monte de coisas que ela tinha para fazer. N\u00f3s corremos esse risco nos tempos de hoje, assim como Marta, de cairmos num certo ativismo, numa certa tenta\u00e7\u00e3o de ficarmos correndo atr\u00e1s de muitas coisas que n\u00e3o s\u00e3o essenciais e que n\u00e3o preenchem o cora\u00e7\u00e3o do ser humano&#8221;, disse o frade, enumerando o dinheiro, o poder e a tenta\u00e7\u00e3o de sermos melhores que os outros.<\/p>\n<p><img loading=\"lazy\" class=\"alignnone size-full wp-image-245117\" src=\"https:\/\/franciscanos.org.br\/noticias\/wp-content\/uploads\/2023\/10\/abertura_11.jpg\" alt=\"\" width=\"1280\" height=\"853\" srcset=\"https:\/\/franciscanos.org.br\/noticias\/wp-content\/uploads\/2023\/10\/abertura_11.jpg 1280w, https:\/\/franciscanos.org.br\/noticias\/wp-content\/uploads\/2023\/10\/abertura_11-450x300.jpg 450w, https:\/\/franciscanos.org.br\/noticias\/wp-content\/uploads\/2023\/10\/abertura_11-1024x682.jpg 1024w, https:\/\/franciscanos.org.br\/noticias\/wp-content\/uploads\/2023\/10\/abertura_11-768x512.jpg 768w, https:\/\/franciscanos.org.br\/noticias\/wp-content\/uploads\/2023\/10\/abertura_11-150x100.jpg 150w\" sizes=\"(max-width: 1280px) 100vw, 1280px\" \/><\/p>\n<p><img loading=\"lazy\" class=\"alignnone size-full wp-image-245118\" src=\"https:\/\/franciscanos.org.br\/noticias\/wp-content\/uploads\/2023\/10\/abertura_12.jpg\" alt=\"\" width=\"1280\" height=\"853\" srcset=\"https:\/\/franciscanos.org.br\/noticias\/wp-content\/uploads\/2023\/10\/abertura_12.jpg 1280w, https:\/\/franciscanos.org.br\/noticias\/wp-content\/uploads\/2023\/10\/abertura_12-450x300.jpg 450w, https:\/\/franciscanos.org.br\/noticias\/wp-content\/uploads\/2023\/10\/abertura_12-1024x682.jpg 1024w, https:\/\/franciscanos.org.br\/noticias\/wp-content\/uploads\/2023\/10\/abertura_12-768x512.jpg 768w, https:\/\/franciscanos.org.br\/noticias\/wp-content\/uploads\/2023\/10\/abertura_12-150x100.jpg 150w\" sizes=\"(max-width: 1280px) 100vw, 1280px\" \/><\/p>\n<p>&#8220;Coitados de n\u00f3s, isso vai passar e a gente vai perder o tempo da vida&#8221;, alertou. Segundo Frei Gabriel, \u00e0 medida que nos colocarmos no discipulado do Senhor Jesus, n\u00f3s deveremos nos colocar sentados aos p\u00e9s do nosso Mestre, para que ele nos ensine. &#8220;A f\u00e9 crist\u00e3 n\u00e3o \u00e9 s\u00f3 participar de uma missa, de uma pastoral, \u00e9 colocar-se na escuta da Palavra de Deus e deixar-se provocar pelos ensinamentos de Jesus&#8221;, ensinou.<\/p>\n<p><img loading=\"lazy\" class=\"alignnone size-full wp-image-245119\" src=\"https:\/\/franciscanos.org.br\/noticias\/wp-content\/uploads\/2023\/10\/abertura_13.jpg\" alt=\"\" width=\"1280\" height=\"853\" srcset=\"https:\/\/franciscanos.org.br\/noticias\/wp-content\/uploads\/2023\/10\/abertura_13.jpg 1280w, https:\/\/franciscanos.org.br\/noticias\/wp-content\/uploads\/2023\/10\/abertura_13-450x300.jpg 450w, https:\/\/franciscanos.org.br\/noticias\/wp-content\/uploads\/2023\/10\/abertura_13-1024x682.jpg 1024w, https:\/\/franciscanos.org.br\/noticias\/wp-content\/uploads\/2023\/10\/abertura_13-768x512.jpg 768w, https:\/\/franciscanos.org.br\/noticias\/wp-content\/uploads\/2023\/10\/abertura_13-150x100.jpg 150w\" sizes=\"(max-width: 1280px) 100vw, 1280px\" \/><\/p>\n<p>&#8220;E a\u00ed, sim, partir para a a\u00e7\u00e3o. Uma a\u00e7\u00e3o fundamentada. Nesta Semana Mission\u00e1ria corremos o risco de falar que \u00e9 a semana de ordena\u00e7\u00e3o do Frei Augusto. E \u00e9. Mas na verdade \u00e9 a semana de estarmos sentados mais perto do nosso mestre para ouvir o que ele tem a nos dizer. Porque sen\u00e3o seria uma semana s\u00f3 para o Frei Augusto. Ent\u00e3o, ele viria aqui sozinho. Mas n\u00e3o \u00e9. \u00c9 para todos n\u00f3s. Ao vermos o &#8216;sim&#8217; do Frei Augusto, tamb\u00e9m renovarmos o nosso &#8216;sim&#8217; e, aos p\u00e9s do mestre, ouvirmos o que o Evangelho, o que a liturgia vai dizer para o Frei Augusto e tamb\u00e9m pegarmos um pouco dessa liturgia para a nossa miss\u00e3o crist\u00e3. \u00c9 assim que devemos nos colocar aos p\u00e9s do nosso Mestre: sentados, ouvindo a sua Palavra, para ent\u00e3o partirmos em miss\u00e3o&#8221;, frisou.<\/p>\n<p><img loading=\"lazy\" class=\"alignnone size-full wp-image-245120\" src=\"https:\/\/franciscanos.org.br\/noticias\/wp-content\/uploads\/2023\/10\/abertura_16.jpg\" alt=\"\" width=\"1280\" height=\"1790\" srcset=\"https:\/\/franciscanos.org.br\/noticias\/wp-content\/uploads\/2023\/10\/abertura_16.jpg 772w, https:\/\/franciscanos.org.br\/noticias\/wp-content\/uploads\/2023\/10\/abertura_16-322x450.jpg 322w, https:\/\/franciscanos.org.br\/noticias\/wp-content\/uploads\/2023\/10\/abertura_16-732x1024.jpg 732w, https:\/\/franciscanos.org.br\/noticias\/wp-content\/uploads\/2023\/10\/abertura_16-768x1074.jpg 768w, https:\/\/franciscanos.org.br\/noticias\/wp-content\/uploads\/2023\/10\/abertura_16-1098x1536.jpg 1098w, https:\/\/franciscanos.org.br\/noticias\/wp-content\/uploads\/2023\/10\/abertura_16-150x210.jpg 150w\" sizes=\"(max-width: 1280px) 100vw, 1280px\" \/><\/p>\n<p>&#8220;Com certeza, o Frei Augusto muitas vezes na sua vida se colocou aos p\u00e9s do Mestre para ouvir a sua voz. E, \u00e0s vezes, a gente tamb\u00e9m teve uma postura de Marta, de se ocupar com tantas coisas e esquecer o essencial&#8221;, lembrou.<\/p>\n<p><img loading=\"lazy\" class=\"alignnone size-full wp-image-245121\" src=\"https:\/\/franciscanos.org.br\/noticias\/wp-content\/uploads\/2023\/10\/abertura_15.jpg\" alt=\"\" width=\"1280\" height=\"853\" srcset=\"https:\/\/franciscanos.org.br\/noticias\/wp-content\/uploads\/2023\/10\/abertura_15.jpg 1280w, https:\/\/franciscanos.org.br\/noticias\/wp-content\/uploads\/2023\/10\/abertura_15-450x300.jpg 450w, https:\/\/franciscanos.org.br\/noticias\/wp-content\/uploads\/2023\/10\/abertura_15-1024x682.jpg 1024w, https:\/\/franciscanos.org.br\/noticias\/wp-content\/uploads\/2023\/10\/abertura_15-768x512.jpg 768w, https:\/\/franciscanos.org.br\/noticias\/wp-content\/uploads\/2023\/10\/abertura_15-150x100.jpg 150w\" sizes=\"(max-width: 1280px) 100vw, 1280px\" \/><\/p>\n<p>Ent\u00e3o, Frei Gabriel convidou os mission\u00e1rios para que, em frente ao altar, formassem uma meia-lua. &#8220;Assim como toda a comunidade de Xaxim, n\u00f3s nos colocamos aos p\u00e9s do Senhor para ouvirmos a sua Palavra. Com certeza, esses mission\u00e1rios ter\u00e3o a oportunidade de ouvir o Jesus que mora nas casas do com\u00e9rcio, nas casas da Par\u00f3quia S\u00e3o Luiz Gonzaga. E voc\u00eas ter\u00e3o oportunidade de ouvir na voz desses irm\u00e3os e desta irm\u00e3. Eles ser\u00e3o acompanhados tamb\u00e9m por Martas que n\u00e3o estar\u00e3o preocupadas em ouvir a Palavra de Deus, mas nas casas que ter\u00e3o que ir. Mas ainda estar\u00e3o dentro do essencial, pois ainda estar\u00e3o dispon\u00edveis para a miss\u00e3o. De um modo ou de outro, nos deixemos tocar pelo &#8216;sim&#8217; do Frei Augusto, nos deixemos tocar por esta miss\u00e3o, para que o essencial, que \u00e9 a Palavra do Senhor, esteja sempre diante dos nossos olhos&#8221;, explicou.<\/p>\n<p><img loading=\"lazy\" class=\"alignnone size-full wp-image-245122\" src=\"https:\/\/franciscanos.org.br\/noticias\/wp-content\/uploads\/2023\/10\/abertura_17.jpg\" alt=\"\" width=\"1280\" height=\"853\" srcset=\"https:\/\/franciscanos.org.br\/noticias\/wp-content\/uploads\/2023\/10\/abertura_17.jpg 1280w, https:\/\/franciscanos.org.br\/noticias\/wp-content\/uploads\/2023\/10\/abertura_17-450x300.jpg 450w, https:\/\/franciscanos.org.br\/noticias\/wp-content\/uploads\/2023\/10\/abertura_17-1024x682.jpg 1024w, https:\/\/franciscanos.org.br\/noticias\/wp-content\/uploads\/2023\/10\/abertura_17-768x512.jpg 768w, https:\/\/franciscanos.org.br\/noticias\/wp-content\/uploads\/2023\/10\/abertura_17-150x100.jpg 150w\" sizes=\"(max-width: 1280px) 100vw, 1280px\" \/><\/p>\n<p><img loading=\"lazy\" class=\"alignnone size-full wp-image-245123\" src=\"https:\/\/franciscanos.org.br\/noticias\/wp-content\/uploads\/2023\/10\/abertura_18.jpg\" alt=\"\" width=\"1280\" height=\"853\" srcset=\"https:\/\/franciscanos.org.br\/noticias\/wp-content\/uploads\/2023\/10\/abertura_18.jpg 1280w, https:\/\/franciscanos.org.br\/noticias\/wp-content\/uploads\/2023\/10\/abertura_18-450x300.jpg 450w, https:\/\/franciscanos.org.br\/noticias\/wp-content\/uploads\/2023\/10\/abertura_18-1024x682.jpg 1024w, https:\/\/franciscanos.org.br\/noticias\/wp-content\/uploads\/2023\/10\/abertura_18-768x512.jpg 768w, https:\/\/franciscanos.org.br\/noticias\/wp-content\/uploads\/2023\/10\/abertura_18-150x100.jpg 150w\" sizes=\"(max-width: 1280px) 100vw, 1280px\" \/><\/p>\n<p>Frei Gilson, num gesto do envio, ungiu as m\u00e3os dos mission\u00e1rios com um \u00f3leo cheiroso &#8220;porque estes mission\u00e1rios ter\u00e3o a miss\u00e3o de espalhar o bom perfume de Cristo&#8221;.<\/p>\n<p>Frei Gabriel pediu que as fam\u00edlias abrissem as fotos nos celulares de seus entes queridos para aben\u00e7oar. A Celebra\u00e7\u00e3o terminou com a b\u00ean\u00e7\u00e3o dos p\u00e3ezinhos de Santo Ant\u00f4nio.<\/p>\n<p>Das 8h00 \u00e0s 17 horas desta quarta-feira (11\/10), os mission\u00e1rios que vieram de perto e de longe visitar\u00e3o as Comunidades de Vila Tigre, Uvarana, Linha Canarinho, Nova Bras\u00edlia, Rodeio Bonito e S\u00e3o Valentim. A visita dever\u00e1 acontecer nas casas das fam\u00edlias da Comunidade. Caso sejam muitas, dar\u00e3o prioridade aos doentes, pessoas afastadas ou que tenham pedido a b\u00ean\u00e7\u00e3o da casa.<\/p>\n<p><img loading=\"lazy\" class=\"alignnone size-full wp-image-245124\" src=\"https:\/\/franciscanos.org.br\/noticias\/wp-content\/uploads\/2023\/10\/abertura_19.jpg\" alt=\"\" width=\"1280\" height=\"853\" srcset=\"https:\/\/franciscanos.org.br\/noticias\/wp-content\/uploads\/2023\/10\/abertura_19.jpg 1280w, https:\/\/franciscanos.org.br\/noticias\/wp-content\/uploads\/2023\/10\/abertura_19-450x300.jpg 450w, https:\/\/franciscanos.org.br\/noticias\/wp-content\/uploads\/2023\/10\/abertura_19-1024x682.jpg 1024w, https:\/\/franciscanos.org.br\/noticias\/wp-content\/uploads\/2023\/10\/abertura_19-768x512.jpg 768w, https:\/\/franciscanos.org.br\/noticias\/wp-content\/uploads\/2023\/10\/abertura_19-150x100.jpg 150w\" sizes=\"(max-width: 1280px) 100vw, 1280px\" \/><\/p>\n<p>Nesta quarta-feira, na Igreja da Comunidade Nova Bras\u00edlia, \u00e0s 19 horas, haver\u00e1 o primeiro dia do Tr\u00edduo, com o tema: a Voca\u00e7\u00e3o crist\u00e3, com a profiss\u00e3o de f\u00e9 do ordenando.<\/p>\n<hr \/>\n<p><em>Moacir Beggo<\/em><\/p>\n","protected":false},"excerpt":{"rendered":"<p>Ordena\u00e7\u00e3o Presbiteral de Frei Augusto<\/p>\n","protected":false},"author":3,"featured_media":245108,"comment_status":"open","ping_status":"open","sticky":false,"template":"","format":"standard","meta":[],"categories":[1],"tags":[157],"acf":[],"yoast_head":"<!-- This site is optimized with the Yoast SEO plugin v19.2 - https:\/\/yoast.com\/wordpress\/plugins\/seo\/ -->\n<title>Missa do Envio abre a Semana Mission\u00e1ria em Xaxim - Not\u00edcias - Franciscanos<\/title>\n<meta name=\"robots\" content=\"index, follow, max-snippet:-1, max-image-preview:large, max-video-preview:-1\" \/>\n<link rel=\"canonical\" href=\"https:\/\/franciscanos.org.br\/noticias\/missa-do-envio-abre-a-semana-missionaria-em-xaxim.html\" \/>\n<meta property=\"og:locale\" content=\"pt_BR\" \/>\n<meta property=\"og:type\" content=\"article\" \/>\n<meta property=\"og:title\" content=\"Missa do Envio abre a Semana Mission\u00e1ria em Xaxim - Not\u00edcias - Franciscanos\" \/>\n<meta property=\"og:description\" content=\"Ordena\u00e7\u00e3o Presbiteral de Frei Augusto\" \/>\n<meta property=\"og:url\" content=\"https:\/\/franciscanos.org.br\/noticias\/missa-do-envio-abre-a-semana-missionaria-em-xaxim.html\" \/>\n<meta property=\"og:site_name\" content=\"Not\u00edcias - Franciscanos\" \/>\n<meta property=\"article:published_time\" content=\"2023-10-11T01:02:53+00:00\" \/>\n<meta property=\"article:modified_time\" content=\"2023-10-11T14:00:35+00:00\" \/>\n<meta property=\"og:image\" content=\"https:\/\/franciscanos.org.br\/noticias\/wp-content\/uploads\/2023\/10\/abertura_01.jpg\" \/>\n\t<meta property=\"og:image:width\" content=\"1280\" \/>\n\t<meta property=\"og:image:height\" content=\"720\" \/>\n\t<meta property=\"og:image:type\" content=\"image\/jpeg\" \/>\n<meta name=\"author\" content=\"moacir\" \/>\n<meta name=\"twitter:card\" content=\"summary_large_image\" \/>\n<meta name=\"twitter:label1\" content=\"Escrito por\" \/>\n\t<meta name=\"twitter:data1\" content=\"moacir\" \/>\n\t<meta name=\"twitter:label2\" content=\"Est. tempo de leitura\" \/>\n\t<meta name=\"twitter:data2\" content=\"5 minutos\" \/>\n<script type=\"application\/ld+json\" class=\"yoast-schema-graph\">{\"@context\":\"https:\/\/schema.org\",\"@graph\":[{\"@type\":\"WebSite\",\"@id\":\"https:\/\/franciscanos.org.br\/noticias\/#website\",\"url\":\"https:\/\/franciscanos.org.br\/noticias\/\",\"name\":\"Not\u00edcias - Franciscanos\",\"description\":\"Prov\u00edncia Franciscana da Imaculada Concei\u00e7\u00e3o do Brasil - Ordem dos Frades Menores - OFM\",\"potentialAction\":[{\"@type\":\"SearchAction\",\"target\":{\"@type\":\"EntryPoint\",\"urlTemplate\":\"https:\/\/franciscanos.org.br\/noticias\/?s={search_term_string}\"},\"query-input\":\"required name=search_term_string\"}],\"inLanguage\":\"pt-BR\"},{\"@type\":\"ImageObject\",\"inLanguage\":\"pt-BR\",\"@id\":\"https:\/\/franciscanos.org.br\/noticias\/missa-do-envio-abre-a-semana-missionaria-em-xaxim.html#primaryimage\",\"url\":\"https:\/\/franciscanos.org.br\/noticias\/wp-content\/uploads\/2023\/10\/abertura_01.jpg\",\"contentUrl\":\"https:\/\/franciscanos.org.br\/noticias\/wp-content\/uploads\/2023\/10\/abertura_01.jpg\",\"width\":1280,\"height\":720},{\"@type\":\"WebPage\",\"@id\":\"https:\/\/franciscanos.org.br\/noticias\/missa-do-envio-abre-a-semana-missionaria-em-xaxim.html#webpage\",\"url\":\"https:\/\/franciscanos.org.br\/noticias\/missa-do-envio-abre-a-semana-missionaria-em-xaxim.html\",\"name\":\"Missa do Envio abre a Semana Mission\u00e1ria em Xaxim - Not\u00edcias - Franciscanos\",\"isPartOf\":{\"@id\":\"https:\/\/franciscanos.org.br\/noticias\/#website\"},\"primaryImageOfPage\":{\"@id\":\"https:\/\/franciscanos.org.br\/noticias\/missa-do-envio-abre-a-semana-missionaria-em-xaxim.html#primaryimage\"},\"datePublished\":\"2023-10-11T01:02:53+00:00\",\"dateModified\":\"2023-10-11T14:00:35+00:00\",\"author\":{\"@id\":\"https:\/\/franciscanos.org.br\/noticias\/#\/schema\/person\/b5c8cba458c330ccff548b056e95a5d4\"},\"breadcrumb\":{\"@id\":\"https:\/\/franciscanos.org.br\/noticias\/missa-do-envio-abre-a-semana-missionaria-em-xaxim.html#breadcrumb\"},\"inLanguage\":\"pt-BR\",\"potentialAction\":[{\"@type\":\"ReadAction\",\"target\":[\"https:\/\/franciscanos.org.br\/noticias\/missa-do-envio-abre-a-semana-missionaria-em-xaxim.html\"]}]},{\"@type\":\"BreadcrumbList\",\"@id\":\"https:\/\/franciscanos.org.br\/noticias\/missa-do-envio-abre-a-semana-missionaria-em-xaxim.html#breadcrumb\",\"itemListElement\":[{\"@type\":\"ListItem\",\"position\":1,\"name\":\"Home\",\"item\":\"https:\/\/franciscanos.org.br\/noticias\"},{\"@type\":\"ListItem\",\"position\":2,\"name\":\"Missa do Envio abre a Semana Mission\u00e1ria em Xaxim\"}]},{\"@type\":\"Person\",\"@id\":\"https:\/\/franciscanos.org.br\/noticias\/#\/schema\/person\/b5c8cba458c330ccff548b056e95a5d4\",\"name\":\"moacir\",\"image\":{\"@type\":\"ImageObject\",\"inLanguage\":\"pt-BR\",\"@id\":\"https:\/\/franciscanos.org.br\/noticias\/#\/schema\/person\/image\/\",\"url\":\"https:\/\/secure.gravatar.com\/avatar\/d08aa2ce4c8dd416d4479aa8536fcf64?s=96&d=mm&r=g\",\"contentUrl\":\"https:\/\/secure.gravatar.com\/avatar\/d08aa2ce4c8dd416d4479aa8536fcf64?s=96&d=mm&r=g\",\"caption\":\"moacir\"},\"url\":\"https:\/\/franciscanos.org.br\/noticias\/author\/moacir\"}]}<\/script>\n<!-- \/ Yoast SEO plugin. -->","yoast_head_json":{"title":"Missa do Envio abre a Semana Mission\u00e1ria em Xaxim - Not\u00edcias - Franciscanos","robots":{"index":"index","follow":"follow","max-snippet":"max-snippet:-1","max-image-preview":"max-image-preview:large","max-video-preview":"max-video-preview:-1"},"canonical":"https:\/\/franciscanos.org.br\/noticias\/missa-do-envio-abre-a-semana-missionaria-em-xaxim.html","og_locale":"pt_BR","og_type":"article","og_title":"Missa do Envio abre a Semana Mission\u00e1ria em Xaxim - Not\u00edcias - Franciscanos","og_description":"Ordena\u00e7\u00e3o Presbiteral de Frei Augusto","og_url":"https:\/\/franciscanos.org.br\/noticias\/missa-do-envio-abre-a-semana-missionaria-em-xaxim.html","og_site_name":"Not\u00edcias - Franciscanos","article_published_time":"2023-10-11T01:02:53+00:00","article_modified_time":"2023-10-11T14:00:35+00:00","og_image":[{"width":1280,"height":720,"url":"https:\/\/franciscanos.org.br\/noticias\/wp-content\/uploads\/2023\/10\/abertura_01.jpg","type":"image\/jpeg"}],"author":"moacir","twitter_card":"summary_large_image","twitter_misc":{"Escrito por":"moacir","Est. tempo de leitura":"5 minutos"},"schema":{"@context":"https:\/\/schema.org","@graph":[{"@type":"WebSite","@id":"https:\/\/franciscanos.org.br\/noticias\/#website","url":"https:\/\/franciscanos.org.br\/noticias\/","name":"Not\u00edcias - Franciscanos","description":"Prov\u00edncia Franciscana da Imaculada Concei\u00e7\u00e3o do Brasil - Ordem dos Frades Menores - OFM","potentialAction":[{"@type":"SearchAction","target":{"@type":"EntryPoint","urlTemplate":"https:\/\/franciscanos.org.br\/noticias\/?s={search_term_string}"},"query-input":"required name=search_term_string"}],"inLanguage":"pt-BR"},{"@type":"ImageObject","inLanguage":"pt-BR","@id":"https:\/\/franciscanos.org.br\/noticias\/missa-do-envio-abre-a-semana-missionaria-em-xaxim.html#primaryimage","url":"https:\/\/franciscanos.org.br\/noticias\/wp-content\/uploads\/2023\/10\/abertura_01.jpg","contentUrl":"https:\/\/franciscanos.org.br\/noticias\/wp-content\/uploads\/2023\/10\/abertura_01.jpg","width":1280,"height":720},{"@type":"WebPage","@id":"https:\/\/franciscanos.org.br\/noticias\/missa-do-envio-abre-a-semana-missionaria-em-xaxim.html#webpage","url":"https:\/\/franciscanos.org.br\/noticias\/missa-do-envio-abre-a-semana-missionaria-em-xaxim.html","name":"Missa do Envio abre a Semana Mission\u00e1ria em Xaxim - Not\u00edcias - Franciscanos","isPartOf":{"@id":"https:\/\/franciscanos.org.br\/noticias\/#website"},"primaryImageOfPage":{"@id":"https:\/\/franciscanos.org.br\/noticias\/missa-do-envio-abre-a-semana-missionaria-em-xaxim.html#primaryimage"},"datePublished":"2023-10-11T01:02:53+00:00","dateModified":"2023-10-11T14:00:35+00:00","author":{"@id":"https:\/\/franciscanos.org.br\/noticias\/#\/schema\/person\/b5c8cba458c330ccff548b056e95a5d4"},"breadcrumb":{"@id":"https:\/\/franciscanos.org.br\/noticias\/missa-do-envio-abre-a-semana-missionaria-em-xaxim.html#breadcrumb"},"inLanguage":"pt-BR","potentialAction":[{"@type":"ReadAction","target":["https:\/\/franciscanos.org.br\/noticias\/missa-do-envio-abre-a-semana-missionaria-em-xaxim.html"]}]},{"@type":"BreadcrumbList","@id":"https:\/\/franciscanos.org.br\/noticias\/missa-do-envio-abre-a-semana-missionaria-em-xaxim.html#breadcrumb","itemListElement":[{"@type":"ListItem","position":1,"name":"Home","item":"https:\/\/franciscanos.org.br\/noticias"},{"@type":"ListItem","position":2,"name":"Missa do Envio abre a Semana Mission\u00e1ria em Xaxim"}]},{"@type":"Person","@id":"https:\/\/franciscanos.org.br\/noticias\/#\/schema\/person\/b5c8cba458c330ccff548b056e95a5d4","name":"moacir","image":{"@type":"ImageObject","inLanguage":"pt-BR","@id":"https:\/\/franciscanos.org.br\/noticias\/#\/schema\/person\/image\/","url":"https:\/\/secure.gravatar.com\/avatar\/d08aa2ce4c8dd416d4479aa8536fcf64?s=96&d=mm&r=g","contentUrl":"https:\/\/secure.gravatar.com\/avatar\/d08aa2ce4c8dd416d4479aa8536fcf64?s=96&d=mm&r=g","caption":"moacir"},"url":"https:\/\/franciscanos.org.br\/noticias\/author\/moacir"}]}},"_links":{"self":[{"href":"https:\/\/franciscanos.org.br\/noticias\/wp-json\/wp\/v2\/posts\/245107"}],"collection":[{"href":"https:\/\/franciscanos.org.br\/noticias\/wp-json\/wp\/v2\/posts"}],"about":[{"href":"https:\/\/franciscanos.org.br\/noticias\/wp-json\/wp\/v2\/types\/post"}],"author":[{"embeddable":true,"href":"https:\/\/franciscanos.org.br\/noticias\/wp-json\/wp\/v2\/users\/3"}],"replies":[{"embeddable":true,"href":"https:\/\/franciscanos.org.br\/noticias\/wp-json\/wp\/v2\/comments?post=245107"}],"version-history":[{"count":2,"href":"https:\/\/franciscanos.org.br\/noticias\/wp-json\/wp\/v2\/posts\/245107\/revisions"}],"predecessor-version":[{"id":245134,"href":"https:\/\/franciscanos.org.br\/noticias\/wp-json\/wp\/v2\/posts\/245107\/revisions\/245134"}],"wp:featuredmedia":[{"embeddable":true,"href":"https:\/\/franciscanos.org.br\/noticias\/wp-json\/wp\/v2\/media\/245108"}],"wp:attachment":[{"href":"https:\/\/franciscanos.org.br\/noticias\/wp-json\/wp\/v2\/media?parent=245107"}],"wp:term":[{"taxonomy":"category","embeddable":true,"href":"https:\/\/franciscanos.org.br\/noticias\/wp-json\/wp\/v2\/categories?post=245107"},{"taxonomy":"post_tag","embeddable":true,"href":"https:\/\/franciscanos.org.br\/noticias\/wp-json\/wp\/v2\/tags?post=245107"}],"curies":[{"name":"wp","href":"https:\/\/api.w.org\/{rel}","templated":true}]}}