{"id":245094,"date":"2023-10-10T06:39:29","date_gmt":"2023-10-10T09:39:29","guid":{"rendered":"https:\/\/franciscanos.org.br\/noticias\/?p=245094"},"modified":"2023-10-10T06:40:35","modified_gmt":"2023-10-10T09:40:35","slug":"morre-aos-88-anos-dom-mauro-morelli-bispo-emerito-da-diocese-de-duque-de-caxias","status":"publish","type":"post","link":"https:\/\/franciscanos.org.br\/noticias\/morre-aos-88-anos-dom-mauro-morelli-bispo-emerito-da-diocese-de-duque-de-caxias.html","title":{"rendered":"Morre aos 88 anos Dom Mauro Morelli, bispo em\u00e9rito da Diocese de Duque de Caxias"},"content":{"rendered":"<p><img loading=\"lazy\" class=\"alignnone size-full wp-image-245095\" src=\"https:\/\/franciscanos.org.br\/noticias\/wp-content\/uploads\/2023\/10\/mauro.jpg\" alt=\"\" width=\"1024\" height=\"576\" srcset=\"https:\/\/franciscanos.org.br\/noticias\/wp-content\/uploads\/2023\/10\/mauro.jpg 1024w, https:\/\/franciscanos.org.br\/noticias\/wp-content\/uploads\/2023\/10\/mauro-450x253.jpg 450w, https:\/\/franciscanos.org.br\/noticias\/wp-content\/uploads\/2023\/10\/mauro-768x432.jpg 768w, https:\/\/franciscanos.org.br\/noticias\/wp-content\/uploads\/2023\/10\/mauro-150x84.jpg 150w\" sizes=\"(max-width: 1024px) 100vw, 1024px\" \/><\/p>\n<p>A diocese de Duque de Caxias (RJ) informou o falecimento de seu bispo em\u00e9rito, Dom Mauro Morelli, aos 88 anos, ocorrido na madrugada desta segunda-feira, 9 de outubro, no Hospital Mater Dei, em Belo Horizonte (MG), onde estava internado nos \u00faltimos dias. Segundo o comunicado, Dom Mauro enfrentou um per\u00edodo de enfermidade devido \u00e0s complica\u00e7\u00f5es inerentes \u00e0 idade avan\u00e7ada.<\/p>\n<p>Dom Mauro destacou-se na atua\u00e7\u00e3o em iniciativas contra a fome no Brasil e tamb\u00e9m em \u00e2mbito internacional. Ele presidiu o Conselho Nacional de Seguran\u00e7a Alimentar e Nutricional (Consea) nos anos de 1993 e 1994, e colaborou em projetos como o Fome Zero e a A\u00e7\u00e3o da Cidadania contra a Fome, em parceria com Hebert de Souza, o Betinho. Dom Mauro tamb\u00e9m foi membro do Comit\u00ea Permanente de Nutri\u00e7\u00e3o da ONU.<\/p>\n<p>A Presid\u00eancia da Confer\u00eancia Nacional dos Bispos do Brasil (CNBB) emitiu nota de pesar pelo falecimento de dom Mauro:<\/p>\n<p><strong>Nota de pesar pelo falecimento de Dom Mauro Morelli<\/strong><br \/>\n<strong>Estimado irm\u00e3o, Dom Tarc\u00edsio Nascentes dos Santos,<\/strong><\/p>\n<p><em>A Confer\u00eancia Nacional dos Bispos do Brasil (CNBB) une-se ao senhor, \u00e0 Igreja Particular de Duque de Caxias (RJ) e aos amigos e familiares em pesar pelo falecimento de Dom Mauro Morelli, nesta segunda-feira, 9 de outubro de 2023.<\/em><\/p>\n<p><em>Dom Mauro se destacou no servi\u00e7o \u00e0 Igreja, por meio dos diversos servi\u00e7os pastorais que desempenhou em \u00e2mbito local, regional e nacional, desde o presbiterato. E tamb\u00e9m na luta pela dignidade humana, especialmente na incans\u00e1vel mobiliza\u00e7\u00e3o pelo \u201calimento, dom de Deus, direito de todos\u201d. Esta mobiliza\u00e7\u00e3o lan\u00e7ada em 2002 por esta Confer\u00eancia, o mutir\u00e3o nacional de supera\u00e7\u00e3o da mis\u00e9ria e da fome, traduz uma pequena parte de sua atua\u00e7\u00e3o nas in\u00fameras iniciativas nacionais e internacionais em favor de um dos direitos mais basilares da pessoa humana.<\/em><\/p>\n<p><em>De fato, Dom Mauro foi um \u201cverdadeiro mission\u00e1rio da vida\u201d e \u201cfigura not\u00e1vel\u201d da Igreja no Brasil e da sociedade brasileira.<\/em><\/p>\n<p><em>Na esperan\u00e7a do Cristo ressuscitado, rogamos a Deus que lhe seja concedido o descanso eterno e que brilhe para ele a luz divina.<\/em><\/p>\n<p><em>Em Cristo, Dom Jaime Spengler, Presidente da CNBB; Dom Jo\u00e3o Justino de Medeiros Silva, Primeiro Vice-presidente da CNBB; Dom Paulo Jackson N\u00f3brega de Sousa, Segundo Vice-presidente da CNBB; e Dom Ricardo Hoepers, Secret\u00e1rio-geral da CNBB.<\/em><\/p>\n<p><strong>Dados biogr\u00e1ficos<\/strong><br \/>\nNascido em Avanhandava (SP), em 17 de setembro de 1935, e criado em Pen\u00e1polis, dom Mauro Morelli era filho de Eduardo Morelli e Rosa Gomes. Seu percurso acad\u00eamico incluiu estudos de Filosofia no Semin\u00e1rio Maior Nossa Senhora da Concei\u00e7\u00e3o, em Viam\u00e3o (RS) e de Teologia na Saint Mary\u2019s Seminary and University, em Baltimore, nos Estados Unidos, onde foi ordenado di\u00e1cono em 3 de junho de 1964 e presb\u00edtero em 28 de abril de 1965.<\/p>\n<p>Como sacerdote, dom Mauro exerceu diversas fun\u00e7\u00f5es, sendo vig\u00e1rio paroquial de S\u00e3o Jo\u00e3o Batista, em Rio Claro (SP), de 1966 a 1974; vig\u00e1rio episcopal na Regi\u00e3o de Rio Claro da diocese de Piracicaba (SP), de 1967-1974; e secret\u00e1rio do Regional da Sul 1 da Confer\u00eancia Nacional dos Bispos do Brasil (CNBB), de 1971 a 1975.<\/p>\n<p>Em 12 de dezembro de 1974, recebeu a nomea\u00e7\u00e3o do Papa S\u00e3o Paulo VI como bispo auxiliar da arquidiocese de S\u00e3o Paulo. Sua ordena\u00e7\u00e3o episcopal ocorreu na Catedral da S\u00e9, na capital paulista, em missa celebrada pelo ent\u00e3o arcebispo, cardeal Paulo Evaristo Arns, no dia 25 de janeiro de 1975.<\/p>\n<p>Durante o primeiro per\u00edodo no episcopado, quando foi auxiliar da arquidiocese de S\u00e3o Paulo, dom Mauro foi vig\u00e1rio geral da arquidiocese de S\u00e3o Paulo, membro da Comiss\u00e3o Representativa do Regional Sul 1 da CNBB e da Comiss\u00e3o Representativa da CNBB.<\/p>\n<p>Em 25 de maio de 1981, dom Mauro foi nomeado pelo Papa Jo\u00e3o Paulo II como o primeiro bispo da ent\u00e3o rec\u00e9m-criada diocese de Duque de Caxias, na Baixada Fluminense no Rio de Janeiro. O atual bispo de Duque de Caxias, dom Tarc\u00edsio Nascentes dos Santos, ressaltou do per\u00edodo em que governou a Igreja Particular a realiza\u00e7\u00e3o do primeiro s\u00ednodo diocesano, que lan\u00e7ou as bases para as Diretrizes Pastorais em diversos campos da vida eclesial; a implementa\u00e7\u00e3o do plano de Comunh\u00e3o de Bens e a funda\u00e7\u00e3o de novas comunidades. Al\u00e9m disso, promoveu assembleias do Povo de Deus.<\/p>\n<p>Paralelamente \u00e0 sua miss\u00e3o pastoral como bispo diocesano, dom Mauro Morelli se destacou por seu compromisso com os direitos humanos e a luta contra a fome no Brasil. Entre 1986 e 1990, atuou no SER-PAJ-AL, uma organiza\u00e7\u00e3o internacional de defesa dos direitos humanos e \u00f3rg\u00e3o consultivo da Organiza\u00e7\u00e3o das Na\u00e7\u00f5es Unidas (ONU), presidido por Adolfo P\u00e9rez Esquivel, ganhador do Pr\u00eamio Nobel da Paz em 1980. Foi um dos fundadores do Movimento pela \u00c9tica na Pol\u00edtica e desempenhou um papel fundamental na promo\u00e7\u00e3o do conceito de seguran\u00e7a alimentar como parte do combate \u00e0 fome. Dom Mauro Morelli presidiu o Conselho Nacional de Seguran\u00e7a Alimentar e Nutricional (Consea) durante o governo de Itamar Franco, de 1993 a 1994, al\u00e9m de liderar o Consea-MG e o Consea-SP. Sua atua\u00e7\u00e3o na luta contra a fome inclui projetos como o Fome Zero e a A\u00e7\u00e3o da Cidadania contra a Fome, em parceria com Hebert de Souza, o Betinho. Dom Mauro tamb\u00e9m foi membro do Comit\u00ea Permanente de Nutri\u00e7\u00e3o da ONU.<\/p>\n<p>Dom Mauro Morelli teve o pedido de ren\u00fancia aceito no dia 30 de mar\u00e7o de 2005, conforme orienta o C\u00f3digo de Direito Can\u00f4nico, e tornou-se bispo em\u00e9rito da diocese de Duque de Caxias. Logo ap\u00f3s, continuou engajado nas causas relacionadas \u00e0 alimenta\u00e7\u00e3o humana, \u00e0 sa\u00fade, ao respeito \u00e0s fontes da vida e promo\u00e7\u00e3o da partilha e solidariedade entre as pessoas.<\/p>\n<hr \/>\n<p><em>Com informa\u00e7\u00f5es da diocese de Duque de Caxias<\/em><\/p>\n","protected":false},"excerpt":{"rendered":"<p>Luto na Igreja do Brasil<\/p>\n","protected":false},"author":3,"featured_media":245095,"comment_status":"open","ping_status":"open","sticky":false,"template":"","format":"standard","meta":[],"categories":[1],"tags":[1160],"acf":[],"yoast_head":"<!-- This site is optimized with the Yoast SEO plugin v19.2 - https:\/\/yoast.com\/wordpress\/plugins\/seo\/ -->\n<title>Morre aos 88 anos Dom Mauro Morelli, bispo em\u00e9rito da Diocese de Duque de Caxias - Not\u00edcias - Franciscanos<\/title>\n<meta name=\"robots\" content=\"index, follow, max-snippet:-1, max-image-preview:large, max-video-preview:-1\" \/>\n<link rel=\"canonical\" href=\"https:\/\/franciscanos.org.br\/noticias\/morre-aos-88-anos-dom-mauro-morelli-bispo-emerito-da-diocese-de-duque-de-caxias.html\" \/>\n<meta property=\"og:locale\" content=\"pt_BR\" \/>\n<meta property=\"og:type\" content=\"article\" \/>\n<meta property=\"og:title\" content=\"Morre aos 88 anos Dom Mauro Morelli, bispo em\u00e9rito da Diocese de Duque de Caxias - Not\u00edcias - Franciscanos\" \/>\n<meta property=\"og:description\" content=\"Luto na Igreja do Brasil\" \/>\n<meta property=\"og:url\" content=\"https:\/\/franciscanos.org.br\/noticias\/morre-aos-88-anos-dom-mauro-morelli-bispo-emerito-da-diocese-de-duque-de-caxias.html\" \/>\n<meta property=\"og:site_name\" content=\"Not\u00edcias - Franciscanos\" \/>\n<meta property=\"article:published_time\" content=\"2023-10-10T09:39:29+00:00\" \/>\n<meta property=\"article:modified_time\" content=\"2023-10-10T09:40:35+00:00\" \/>\n<meta property=\"og:image\" content=\"https:\/\/franciscanos.org.br\/noticias\/wp-content\/uploads\/2023\/10\/mauro.jpg\" \/>\n\t<meta property=\"og:image:width\" content=\"1024\" \/>\n\t<meta property=\"og:image:height\" content=\"576\" \/>\n\t<meta property=\"og:image:type\" content=\"image\/jpeg\" \/>\n<meta name=\"author\" content=\"moacir\" \/>\n<meta name=\"twitter:card\" content=\"summary_large_image\" \/>\n<meta name=\"twitter:label1\" content=\"Escrito por\" \/>\n\t<meta name=\"twitter:data1\" content=\"moacir\" \/>\n\t<meta name=\"twitter:label2\" content=\"Est. tempo de leitura\" \/>\n\t<meta name=\"twitter:data2\" content=\"5 minutos\" \/>\n<script type=\"application\/ld+json\" class=\"yoast-schema-graph\">{\"@context\":\"https:\/\/schema.org\",\"@graph\":[{\"@type\":\"WebSite\",\"@id\":\"https:\/\/franciscanos.org.br\/noticias\/#website\",\"url\":\"https:\/\/franciscanos.org.br\/noticias\/\",\"name\":\"Not\u00edcias - Franciscanos\",\"description\":\"Prov\u00edncia Franciscana da Imaculada Concei\u00e7\u00e3o do Brasil - Ordem dos Frades Menores - OFM\",\"potentialAction\":[{\"@type\":\"SearchAction\",\"target\":{\"@type\":\"EntryPoint\",\"urlTemplate\":\"https:\/\/franciscanos.org.br\/noticias\/?s={search_term_string}\"},\"query-input\":\"required name=search_term_string\"}],\"inLanguage\":\"pt-BR\"},{\"@type\":\"ImageObject\",\"inLanguage\":\"pt-BR\",\"@id\":\"https:\/\/franciscanos.org.br\/noticias\/morre-aos-88-anos-dom-mauro-morelli-bispo-emerito-da-diocese-de-duque-de-caxias.html#primaryimage\",\"url\":\"https:\/\/franciscanos.org.br\/noticias\/wp-content\/uploads\/2023\/10\/mauro.jpg\",\"contentUrl\":\"https:\/\/franciscanos.org.br\/noticias\/wp-content\/uploads\/2023\/10\/mauro.jpg\",\"width\":1024,\"height\":576},{\"@type\":\"WebPage\",\"@id\":\"https:\/\/franciscanos.org.br\/noticias\/morre-aos-88-anos-dom-mauro-morelli-bispo-emerito-da-diocese-de-duque-de-caxias.html#webpage\",\"url\":\"https:\/\/franciscanos.org.br\/noticias\/morre-aos-88-anos-dom-mauro-morelli-bispo-emerito-da-diocese-de-duque-de-caxias.html\",\"name\":\"Morre aos 88 anos Dom Mauro Morelli, bispo em\u00e9rito da Diocese de Duque de Caxias - Not\u00edcias - Franciscanos\",\"isPartOf\":{\"@id\":\"https:\/\/franciscanos.org.br\/noticias\/#website\"},\"primaryImageOfPage\":{\"@id\":\"https:\/\/franciscanos.org.br\/noticias\/morre-aos-88-anos-dom-mauro-morelli-bispo-emerito-da-diocese-de-duque-de-caxias.html#primaryimage\"},\"datePublished\":\"2023-10-10T09:39:29+00:00\",\"dateModified\":\"2023-10-10T09:40:35+00:00\",\"author\":{\"@id\":\"https:\/\/franciscanos.org.br\/noticias\/#\/schema\/person\/b5c8cba458c330ccff548b056e95a5d4\"},\"breadcrumb\":{\"@id\":\"https:\/\/franciscanos.org.br\/noticias\/morre-aos-88-anos-dom-mauro-morelli-bispo-emerito-da-diocese-de-duque-de-caxias.html#breadcrumb\"},\"inLanguage\":\"pt-BR\",\"potentialAction\":[{\"@type\":\"ReadAction\",\"target\":[\"https:\/\/franciscanos.org.br\/noticias\/morre-aos-88-anos-dom-mauro-morelli-bispo-emerito-da-diocese-de-duque-de-caxias.html\"]}]},{\"@type\":\"BreadcrumbList\",\"@id\":\"https:\/\/franciscanos.org.br\/noticias\/morre-aos-88-anos-dom-mauro-morelli-bispo-emerito-da-diocese-de-duque-de-caxias.html#breadcrumb\",\"itemListElement\":[{\"@type\":\"ListItem\",\"position\":1,\"name\":\"Home\",\"item\":\"https:\/\/franciscanos.org.br\/noticias\"},{\"@type\":\"ListItem\",\"position\":2,\"name\":\"Morre aos 88 anos Dom Mauro Morelli, bispo em\u00e9rito da Diocese de Duque de Caxias\"}]},{\"@type\":\"Person\",\"@id\":\"https:\/\/franciscanos.org.br\/noticias\/#\/schema\/person\/b5c8cba458c330ccff548b056e95a5d4\",\"name\":\"moacir\",\"image\":{\"@type\":\"ImageObject\",\"inLanguage\":\"pt-BR\",\"@id\":\"https:\/\/franciscanos.org.br\/noticias\/#\/schema\/person\/image\/\",\"url\":\"https:\/\/secure.gravatar.com\/avatar\/d08aa2ce4c8dd416d4479aa8536fcf64?s=96&d=mm&r=g\",\"contentUrl\":\"https:\/\/secure.gravatar.com\/avatar\/d08aa2ce4c8dd416d4479aa8536fcf64?s=96&d=mm&r=g\",\"caption\":\"moacir\"},\"url\":\"https:\/\/franciscanos.org.br\/noticias\/author\/moacir\"}]}<\/script>\n<!-- \/ Yoast SEO plugin. -->","yoast_head_json":{"title":"Morre aos 88 anos Dom Mauro Morelli, bispo em\u00e9rito da Diocese de Duque de Caxias - Not\u00edcias - Franciscanos","robots":{"index":"index","follow":"follow","max-snippet":"max-snippet:-1","max-image-preview":"max-image-preview:large","max-video-preview":"max-video-preview:-1"},"canonical":"https:\/\/franciscanos.org.br\/noticias\/morre-aos-88-anos-dom-mauro-morelli-bispo-emerito-da-diocese-de-duque-de-caxias.html","og_locale":"pt_BR","og_type":"article","og_title":"Morre aos 88 anos Dom Mauro Morelli, bispo em\u00e9rito da Diocese de Duque de Caxias - Not\u00edcias - Franciscanos","og_description":"Luto na Igreja do Brasil","og_url":"https:\/\/franciscanos.org.br\/noticias\/morre-aos-88-anos-dom-mauro-morelli-bispo-emerito-da-diocese-de-duque-de-caxias.html","og_site_name":"Not\u00edcias - Franciscanos","article_published_time":"2023-10-10T09:39:29+00:00","article_modified_time":"2023-10-10T09:40:35+00:00","og_image":[{"width":1024,"height":576,"url":"https:\/\/franciscanos.org.br\/noticias\/wp-content\/uploads\/2023\/10\/mauro.jpg","type":"image\/jpeg"}],"author":"moacir","twitter_card":"summary_large_image","twitter_misc":{"Escrito por":"moacir","Est. tempo de leitura":"5 minutos"},"schema":{"@context":"https:\/\/schema.org","@graph":[{"@type":"WebSite","@id":"https:\/\/franciscanos.org.br\/noticias\/#website","url":"https:\/\/franciscanos.org.br\/noticias\/","name":"Not\u00edcias - Franciscanos","description":"Prov\u00edncia Franciscana da Imaculada Concei\u00e7\u00e3o do Brasil - Ordem dos Frades Menores - OFM","potentialAction":[{"@type":"SearchAction","target":{"@type":"EntryPoint","urlTemplate":"https:\/\/franciscanos.org.br\/noticias\/?s={search_term_string}"},"query-input":"required name=search_term_string"}],"inLanguage":"pt-BR"},{"@type":"ImageObject","inLanguage":"pt-BR","@id":"https:\/\/franciscanos.org.br\/noticias\/morre-aos-88-anos-dom-mauro-morelli-bispo-emerito-da-diocese-de-duque-de-caxias.html#primaryimage","url":"https:\/\/franciscanos.org.br\/noticias\/wp-content\/uploads\/2023\/10\/mauro.jpg","contentUrl":"https:\/\/franciscanos.org.br\/noticias\/wp-content\/uploads\/2023\/10\/mauro.jpg","width":1024,"height":576},{"@type":"WebPage","@id":"https:\/\/franciscanos.org.br\/noticias\/morre-aos-88-anos-dom-mauro-morelli-bispo-emerito-da-diocese-de-duque-de-caxias.html#webpage","url":"https:\/\/franciscanos.org.br\/noticias\/morre-aos-88-anos-dom-mauro-morelli-bispo-emerito-da-diocese-de-duque-de-caxias.html","name":"Morre aos 88 anos Dom Mauro Morelli, bispo em\u00e9rito da Diocese de Duque de Caxias - Not\u00edcias - Franciscanos","isPartOf":{"@id":"https:\/\/franciscanos.org.br\/noticias\/#website"},"primaryImageOfPage":{"@id":"https:\/\/franciscanos.org.br\/noticias\/morre-aos-88-anos-dom-mauro-morelli-bispo-emerito-da-diocese-de-duque-de-caxias.html#primaryimage"},"datePublished":"2023-10-10T09:39:29+00:00","dateModified":"2023-10-10T09:40:35+00:00","author":{"@id":"https:\/\/franciscanos.org.br\/noticias\/#\/schema\/person\/b5c8cba458c330ccff548b056e95a5d4"},"breadcrumb":{"@id":"https:\/\/franciscanos.org.br\/noticias\/morre-aos-88-anos-dom-mauro-morelli-bispo-emerito-da-diocese-de-duque-de-caxias.html#breadcrumb"},"inLanguage":"pt-BR","potentialAction":[{"@type":"ReadAction","target":["https:\/\/franciscanos.org.br\/noticias\/morre-aos-88-anos-dom-mauro-morelli-bispo-emerito-da-diocese-de-duque-de-caxias.html"]}]},{"@type":"BreadcrumbList","@id":"https:\/\/franciscanos.org.br\/noticias\/morre-aos-88-anos-dom-mauro-morelli-bispo-emerito-da-diocese-de-duque-de-caxias.html#breadcrumb","itemListElement":[{"@type":"ListItem","position":1,"name":"Home","item":"https:\/\/franciscanos.org.br\/noticias"},{"@type":"ListItem","position":2,"name":"Morre aos 88 anos Dom Mauro Morelli, bispo em\u00e9rito da Diocese de Duque de Caxias"}]},{"@type":"Person","@id":"https:\/\/franciscanos.org.br\/noticias\/#\/schema\/person\/b5c8cba458c330ccff548b056e95a5d4","name":"moacir","image":{"@type":"ImageObject","inLanguage":"pt-BR","@id":"https:\/\/franciscanos.org.br\/noticias\/#\/schema\/person\/image\/","url":"https:\/\/secure.gravatar.com\/avatar\/d08aa2ce4c8dd416d4479aa8536fcf64?s=96&d=mm&r=g","contentUrl":"https:\/\/secure.gravatar.com\/avatar\/d08aa2ce4c8dd416d4479aa8536fcf64?s=96&d=mm&r=g","caption":"moacir"},"url":"https:\/\/franciscanos.org.br\/noticias\/author\/moacir"}]}},"_links":{"self":[{"href":"https:\/\/franciscanos.org.br\/noticias\/wp-json\/wp\/v2\/posts\/245094"}],"collection":[{"href":"https:\/\/franciscanos.org.br\/noticias\/wp-json\/wp\/v2\/posts"}],"about":[{"href":"https:\/\/franciscanos.org.br\/noticias\/wp-json\/wp\/v2\/types\/post"}],"author":[{"embeddable":true,"href":"https:\/\/franciscanos.org.br\/noticias\/wp-json\/wp\/v2\/users\/3"}],"replies":[{"embeddable":true,"href":"https:\/\/franciscanos.org.br\/noticias\/wp-json\/wp\/v2\/comments?post=245094"}],"version-history":[{"count":3,"href":"https:\/\/franciscanos.org.br\/noticias\/wp-json\/wp\/v2\/posts\/245094\/revisions"}],"predecessor-version":[{"id":245098,"href":"https:\/\/franciscanos.org.br\/noticias\/wp-json\/wp\/v2\/posts\/245094\/revisions\/245098"}],"wp:featuredmedia":[{"embeddable":true,"href":"https:\/\/franciscanos.org.br\/noticias\/wp-json\/wp\/v2\/media\/245095"}],"wp:attachment":[{"href":"https:\/\/franciscanos.org.br\/noticias\/wp-json\/wp\/v2\/media?parent=245094"}],"wp:term":[{"taxonomy":"category","embeddable":true,"href":"https:\/\/franciscanos.org.br\/noticias\/wp-json\/wp\/v2\/categories?post=245094"},{"taxonomy":"post_tag","embeddable":true,"href":"https:\/\/franciscanos.org.br\/noticias\/wp-json\/wp\/v2\/tags?post=245094"}],"curies":[{"name":"wp","href":"https:\/\/api.w.org\/{rel}","templated":true}]}}