{"id":245088,"date":"2023-10-09T09:47:57","date_gmt":"2023-10-09T12:47:57","guid":{"rendered":"https:\/\/franciscanos.org.br\/noticias\/?p=245088"},"modified":"2023-10-09T09:47:57","modified_gmt":"2023-10-09T12:47:57","slug":"em-sorocaba-celebracao-da-gratidao","status":"publish","type":"post","link":"https:\/\/franciscanos.org.br\/noticias\/em-sorocaba-celebracao-da-gratidao.html","title":{"rendered":"Em Sorocaba, Celebra\u00e7\u00e3o da Gratid\u00e3o"},"content":{"rendered":"<p><img loading=\"lazy\" class=\"alignnone size-full wp-image-245089\" src=\"https:\/\/franciscanos.org.br\/noticias\/wp-content\/uploads\/2023\/10\/beneditinos_03.jpg\" alt=\"\" width=\"1280\" height=\"720\" srcset=\"https:\/\/franciscanos.org.br\/noticias\/wp-content\/uploads\/2023\/10\/beneditinos_03.jpg 1280w, https:\/\/franciscanos.org.br\/noticias\/wp-content\/uploads\/2023\/10\/beneditinos_03-450x253.jpg 450w, https:\/\/franciscanos.org.br\/noticias\/wp-content\/uploads\/2023\/10\/beneditinos_03-1024x576.jpg 1024w, https:\/\/franciscanos.org.br\/noticias\/wp-content\/uploads\/2023\/10\/beneditinos_03-768x432.jpg 768w, https:\/\/franciscanos.org.br\/noticias\/wp-content\/uploads\/2023\/10\/beneditinos_03-150x84.jpg 150w\" sizes=\"(max-width: 1280px) 100vw, 1280px\" \/><\/p>\n<p>A Par\u00f3quia Bom Jesus dos Aflitos, de Sorocaba, e os beneditinos da cidade promoveram, no dia 7 de outubro \u00faltimo, a segunda Celebra\u00e7\u00e3o da Gratid\u00e3o, no Mosteiro S\u00e3o Bento.<\/p>\n<p>Participaram do encontro, al\u00e9m dos monges, Dom In\u00e1cio e Dom Bruno, e do Frei Jos\u00e9 Raimundo, as turmas da catequese com os catequistas, pais de catequizandos e a juventude da Par\u00f3quia Bom Jesus, membros da OFS, um vocacionado, com outras pessoas, totalizando aproximadamente 80 participantes. Com cordialidade, os monges acolheram a todos na igreja do mosteiro dedicada a Sant\u2019Ana.<\/p>\n<p><img loading=\"lazy\" class=\"alignnone size-full wp-image-245090\" src=\"https:\/\/franciscanos.org.br\/noticias\/wp-content\/uploads\/2023\/10\/beneditinos_04.jpg\" alt=\"\" width=\"1200\" height=\"729\" srcset=\"https:\/\/franciscanos.org.br\/noticias\/wp-content\/uploads\/2023\/10\/beneditinos_04.jpg 1200w, https:\/\/franciscanos.org.br\/noticias\/wp-content\/uploads\/2023\/10\/beneditinos_04-450x273.jpg 450w, https:\/\/franciscanos.org.br\/noticias\/wp-content\/uploads\/2023\/10\/beneditinos_04-1024x622.jpg 1024w, https:\/\/franciscanos.org.br\/noticias\/wp-content\/uploads\/2023\/10\/beneditinos_04-768x467.jpg 768w, https:\/\/franciscanos.org.br\/noticias\/wp-content\/uploads\/2023\/10\/beneditinos_04-150x91.jpg 150w\" sizes=\"(max-width: 1200px) 100vw, 1200px\" \/><\/p>\n<p>Ap\u00f3s a acolhida, Dom In\u00e1cio contou um pouco da hist\u00f3ria da presen\u00e7a dos beneditinos no Brasil e sua chegada a Sorocaba na ocasi\u00e3o da constru\u00e7\u00e3o da igreja do mosteiro no ano de 1654 pelo fundador da Cidade de Sorocaba, Baltazar Fernandes. Destacou, ainda, que as duas Ordens Religiosas, de S\u00e3o Bento e de S\u00e3o Francisco, se originam do sopro do Esp\u00edrito Santo, que sopra de modos diferentes e, por isso, cada Ordem est\u00e1 presente na Igreja e no mundo com suas riquezas.<\/p>\n<p>&nbsp;<\/p>\n<p>Em seguida, Frei Jos\u00e9 agradeceu a acolhida generosa dos monges e recordou que a Celebra\u00e7\u00e3o da Gratid\u00e3o lembra a ocasi\u00e3o em que S\u00e3o Francisco com seus companheiros sa\u00edram \u00e0 procura de alguma igreja onde pudessem rezar as horas can\u00f4nicas e se instalar ao lado dela, em uma casa pequena e simples.\u00a0 Depois de ir ao Bispo e aos C\u00f4negos de Assis, Francisco e seus companheiros se dirigiram aos Monges do Mosteiro de S\u00e3o Bento do Monte Sub\u00e1sio. Diante do pedido de S\u00e3o Francisco e dos seus irm\u00e3os, o Abade, movido de piedade, e os outros monges ofereceram aos frades a Igreja Santa Maria da Porci\u00fancula como a mais pobrezinha que tinham. S\u00e3o Francisco alegrou-se pelo lugar concedido aos irm\u00e3os porque tinha o nome da M\u00e3e de Cristo e porque era pobrezinha.<\/p>\n<p>Frei Jos\u00e9 lembrou, tamb\u00e9m, que a \u00fanica condi\u00e7\u00e3o imposta pelos monges aos irm\u00e3os foi que, caso eles se multiplicassem, deveriam ter aquele lugar como a cabe\u00e7a dos irm\u00e3os, o que de fato aconteceu.<\/p>\n<p>&nbsp;<\/p>\n<p><img loading=\"lazy\" class=\"alignnone size-full wp-image-245091\" src=\"https:\/\/franciscanos.org.br\/noticias\/wp-content\/uploads\/2023\/10\/beneditinos_01.jpg\" alt=\"\" width=\"1280\" height=\"905\" srcset=\"https:\/\/franciscanos.org.br\/noticias\/wp-content\/uploads\/2023\/10\/beneditinos_01.jpg 1280w, https:\/\/franciscanos.org.br\/noticias\/wp-content\/uploads\/2023\/10\/beneditinos_01-450x318.jpg 450w, https:\/\/franciscanos.org.br\/noticias\/wp-content\/uploads\/2023\/10\/beneditinos_01-1024x724.jpg 1024w, https:\/\/franciscanos.org.br\/noticias\/wp-content\/uploads\/2023\/10\/beneditinos_01-768x543.jpg 768w, https:\/\/franciscanos.org.br\/noticias\/wp-content\/uploads\/2023\/10\/beneditinos_01-150x106.jpg 150w, https:\/\/franciscanos.org.br\/noticias\/wp-content\/uploads\/2023\/10\/beneditinos_01-460x325.jpg 460w\" sizes=\"(max-width: 1280px) 100vw, 1280px\" \/>Sobre os peixes levados anualmente pelos frades aos monges, Frei Jos\u00e9 destacou que S\u00e3o Francisco tinha o prop\u00f3sito de que os irm\u00e3os conservassem a pobreza e, nesse sentido, esse gesto era sinal de que os frades n\u00e3o tinham lugar pr\u00f3prio e que n\u00e3o podiam, por exemplo, vender aquele lugar como se tivessem sua posse. Em correspond\u00eancia \u00e0 atitude dos frades, os beneditinos, que tinham concedido livremente aquela igrejinha, ofereciam azeite, utilizado para manter as lamparinas acesas, para cozinhar e curar as feridas, ressaltou Frei Jos\u00e9.<\/p>\n<p>Por fim, o frade falou sobre o quanto S\u00e3o Francisco gostava desse lugar citando, literalmente, as Fontes Franciscanas: \u201c&#8230; dizia muitas vezes aos irm\u00e3os: \u2018Cuidai, filhos, para nunca deixardes este lugar. Se fordes expulsos por uma parte, entrai de novo por outra; pois este lugar \u00e9 verdadeiramente santo e habita\u00e7\u00e3o de Deus. Aqui, quando \u00e9ramos poucos, o Alt\u00edssimo nos aumentou; aqui, com a luz de sua sabedoria, ele iluminou os cora\u00e7\u00f5es de seus pobres; aqui, como fogo de seu amor, inflamou as nossas vontades. Quem rezar aqui com cora\u00e7\u00e3o devoto obter\u00e1 o que pedir&#8230; Por esta raz\u00e3o, filhos, tende em toda honra este lugar da habita\u00e7\u00e3o de Deus e aqui confessai a Deus com todo o vosso cora\u00e7\u00e3o, com voz de exulta\u00e7\u00e3o e louvor\u2019\u201d (1Cel 106).<\/p>\n<p><img loading=\"lazy\" class=\"alignnone size-full wp-image-245092\" src=\"https:\/\/franciscanos.org.br\/noticias\/wp-content\/uploads\/2023\/10\/beneditinos_02.jpg\" alt=\"\" width=\"1280\" height=\"881\" srcset=\"https:\/\/franciscanos.org.br\/noticias\/wp-content\/uploads\/2023\/10\/beneditinos_02.jpg 1280w, https:\/\/franciscanos.org.br\/noticias\/wp-content\/uploads\/2023\/10\/beneditinos_02-450x310.jpg 450w, https:\/\/franciscanos.org.br\/noticias\/wp-content\/uploads\/2023\/10\/beneditinos_02-1024x705.jpg 1024w, https:\/\/franciscanos.org.br\/noticias\/wp-content\/uploads\/2023\/10\/beneditinos_02-768x529.jpg 768w, https:\/\/franciscanos.org.br\/noticias\/wp-content\/uploads\/2023\/10\/beneditinos_02-150x103.jpg 150w, https:\/\/franciscanos.org.br\/noticias\/wp-content\/uploads\/2023\/10\/beneditinos_02-320x220.jpg 320w\" sizes=\"(max-width: 1280px) 100vw, 1280px\" \/><\/p>\n<p>Finalizando o primeiro momento da Celebra\u00e7\u00e3o Frei Jos\u00e9, em nome dos frades e da Par\u00f3quia, recordando o gesto dos irm\u00e3os de S\u00e3o Francisco, entregou peixes aos monges, e estes, por sua vez, ofereceram azeite ao frade, como faziam os monges do Monte Sub\u00e1sio, num clima de grande cordialidade e confraterniza\u00e7\u00e3o.<\/p>\n<p>O segundo momento da Celebra\u00e7\u00e3o da Gratid\u00e3o foi de ora\u00e7\u00e3o, marcado por profunda espiritualidade com a exposi\u00e7\u00e3o, adora\u00e7\u00e3o, a\u00e7\u00e3o de gra\u00e7as, louvor e b\u00ean\u00e7\u00e3o do Sant\u00edssimo Sacramento. Para finalizar os dois momentos ocorridos na igreja do Mosteiro os anfitri\u00f5es deram a B\u00ean\u00e7\u00e3o de Deus a todos os presentes.<\/p>\n<p>No terceiro momento, e para finalizar a Celebra\u00e7\u00e3o ofereceu-se a todos os participantes, nas depend\u00eancias do mosteiro, numa \u00e1rea anexa \u00e0 igreja, comes e bebes, num ambiente alegre e festivo.<\/p>\n<p>Gratid\u00e3o a Dom In\u00e1cio e Dom Bruno pela acolhida e a todos os participantes. Por intercess\u00e3o de S\u00e3o Bento e de S\u00e3o Francisco os homens e mulheres de nosso tempo se disponham ao encontro, \u00e0 acolhida fraterna de todas as pessoas e criaturas, sempre gratos a Deus por todos os benef\u00edcios por Ele concedidos.<\/p>\n<p>Paz e Bem!<\/p>\n<hr \/>\n<p><em>Par\u00f3quia Bom Jesus dos Aflitos<\/em><\/p>\n","protected":false},"excerpt":{"rendered":"<p>Beneditinos e Franciscanos<\/p>\n","protected":false},"author":3,"featured_media":245089,"comment_status":"open","ping_status":"open","sticky":false,"template":"","format":"standard","meta":[],"categories":[1],"tags":[1884],"acf":[],"yoast_head":"<!-- This site is optimized with the Yoast SEO plugin v19.2 - https:\/\/yoast.com\/wordpress\/plugins\/seo\/ -->\n<title>Em Sorocaba, Celebra\u00e7\u00e3o da Gratid\u00e3o - Not\u00edcias - Franciscanos<\/title>\n<meta name=\"robots\" content=\"index, follow, max-snippet:-1, max-image-preview:large, max-video-preview:-1\" \/>\n<link rel=\"canonical\" href=\"https:\/\/franciscanos.org.br\/noticias\/em-sorocaba-celebracao-da-gratidao.html\" \/>\n<meta property=\"og:locale\" content=\"pt_BR\" \/>\n<meta property=\"og:type\" content=\"article\" \/>\n<meta property=\"og:title\" content=\"Em Sorocaba, Celebra\u00e7\u00e3o da Gratid\u00e3o - Not\u00edcias - Franciscanos\" \/>\n<meta property=\"og:description\" content=\"Beneditinos e Franciscanos\" \/>\n<meta property=\"og:url\" content=\"https:\/\/franciscanos.org.br\/noticias\/em-sorocaba-celebracao-da-gratidao.html\" \/>\n<meta property=\"og:site_name\" content=\"Not\u00edcias - Franciscanos\" \/>\n<meta property=\"article:published_time\" content=\"2023-10-09T12:47:57+00:00\" \/>\n<meta property=\"og:image\" content=\"https:\/\/franciscanos.org.br\/noticias\/wp-content\/uploads\/2023\/10\/beneditinos_03.jpg\" \/>\n\t<meta property=\"og:image:width\" content=\"1280\" \/>\n\t<meta property=\"og:image:height\" content=\"720\" \/>\n\t<meta property=\"og:image:type\" content=\"image\/jpeg\" \/>\n<meta name=\"author\" content=\"moacir\" \/>\n<meta name=\"twitter:card\" content=\"summary_large_image\" \/>\n<meta name=\"twitter:label1\" content=\"Escrito por\" \/>\n\t<meta name=\"twitter:data1\" content=\"moacir\" \/>\n\t<meta name=\"twitter:label2\" content=\"Est. tempo de leitura\" \/>\n\t<meta name=\"twitter:data2\" content=\"4 minutos\" \/>\n<script type=\"application\/ld+json\" class=\"yoast-schema-graph\">{\"@context\":\"https:\/\/schema.org\",\"@graph\":[{\"@type\":\"WebSite\",\"@id\":\"https:\/\/franciscanos.org.br\/noticias\/#website\",\"url\":\"https:\/\/franciscanos.org.br\/noticias\/\",\"name\":\"Not\u00edcias - Franciscanos\",\"description\":\"Prov\u00edncia Franciscana da Imaculada Concei\u00e7\u00e3o do Brasil - Ordem dos Frades Menores - OFM\",\"potentialAction\":[{\"@type\":\"SearchAction\",\"target\":{\"@type\":\"EntryPoint\",\"urlTemplate\":\"https:\/\/franciscanos.org.br\/noticias\/?s={search_term_string}\"},\"query-input\":\"required name=search_term_string\"}],\"inLanguage\":\"pt-BR\"},{\"@type\":\"ImageObject\",\"inLanguage\":\"pt-BR\",\"@id\":\"https:\/\/franciscanos.org.br\/noticias\/em-sorocaba-celebracao-da-gratidao.html#primaryimage\",\"url\":\"https:\/\/franciscanos.org.br\/noticias\/wp-content\/uploads\/2023\/10\/beneditinos_03.jpg\",\"contentUrl\":\"https:\/\/franciscanos.org.br\/noticias\/wp-content\/uploads\/2023\/10\/beneditinos_03.jpg\",\"width\":1280,\"height\":720},{\"@type\":\"WebPage\",\"@id\":\"https:\/\/franciscanos.org.br\/noticias\/em-sorocaba-celebracao-da-gratidao.html#webpage\",\"url\":\"https:\/\/franciscanos.org.br\/noticias\/em-sorocaba-celebracao-da-gratidao.html\",\"name\":\"Em Sorocaba, Celebra\u00e7\u00e3o da Gratid\u00e3o - Not\u00edcias - Franciscanos\",\"isPartOf\":{\"@id\":\"https:\/\/franciscanos.org.br\/noticias\/#website\"},\"primaryImageOfPage\":{\"@id\":\"https:\/\/franciscanos.org.br\/noticias\/em-sorocaba-celebracao-da-gratidao.html#primaryimage\"},\"datePublished\":\"2023-10-09T12:47:57+00:00\",\"dateModified\":\"2023-10-09T12:47:57+00:00\",\"author\":{\"@id\":\"https:\/\/franciscanos.org.br\/noticias\/#\/schema\/person\/b5c8cba458c330ccff548b056e95a5d4\"},\"breadcrumb\":{\"@id\":\"https:\/\/franciscanos.org.br\/noticias\/em-sorocaba-celebracao-da-gratidao.html#breadcrumb\"},\"inLanguage\":\"pt-BR\",\"potentialAction\":[{\"@type\":\"ReadAction\",\"target\":[\"https:\/\/franciscanos.org.br\/noticias\/em-sorocaba-celebracao-da-gratidao.html\"]}]},{\"@type\":\"BreadcrumbList\",\"@id\":\"https:\/\/franciscanos.org.br\/noticias\/em-sorocaba-celebracao-da-gratidao.html#breadcrumb\",\"itemListElement\":[{\"@type\":\"ListItem\",\"position\":1,\"name\":\"Home\",\"item\":\"https:\/\/franciscanos.org.br\/noticias\"},{\"@type\":\"ListItem\",\"position\":2,\"name\":\"Em Sorocaba, Celebra\u00e7\u00e3o da Gratid\u00e3o\"}]},{\"@type\":\"Person\",\"@id\":\"https:\/\/franciscanos.org.br\/noticias\/#\/schema\/person\/b5c8cba458c330ccff548b056e95a5d4\",\"name\":\"moacir\",\"image\":{\"@type\":\"ImageObject\",\"inLanguage\":\"pt-BR\",\"@id\":\"https:\/\/franciscanos.org.br\/noticias\/#\/schema\/person\/image\/\",\"url\":\"https:\/\/secure.gravatar.com\/avatar\/d08aa2ce4c8dd416d4479aa8536fcf64?s=96&d=mm&r=g\",\"contentUrl\":\"https:\/\/secure.gravatar.com\/avatar\/d08aa2ce4c8dd416d4479aa8536fcf64?s=96&d=mm&r=g\",\"caption\":\"moacir\"},\"url\":\"https:\/\/franciscanos.org.br\/noticias\/author\/moacir\"}]}<\/script>\n<!-- \/ Yoast SEO plugin. -->","yoast_head_json":{"title":"Em Sorocaba, Celebra\u00e7\u00e3o da Gratid\u00e3o - Not\u00edcias - Franciscanos","robots":{"index":"index","follow":"follow","max-snippet":"max-snippet:-1","max-image-preview":"max-image-preview:large","max-video-preview":"max-video-preview:-1"},"canonical":"https:\/\/franciscanos.org.br\/noticias\/em-sorocaba-celebracao-da-gratidao.html","og_locale":"pt_BR","og_type":"article","og_title":"Em Sorocaba, Celebra\u00e7\u00e3o da Gratid\u00e3o - Not\u00edcias - Franciscanos","og_description":"Beneditinos e Franciscanos","og_url":"https:\/\/franciscanos.org.br\/noticias\/em-sorocaba-celebracao-da-gratidao.html","og_site_name":"Not\u00edcias - Franciscanos","article_published_time":"2023-10-09T12:47:57+00:00","og_image":[{"width":1280,"height":720,"url":"https:\/\/franciscanos.org.br\/noticias\/wp-content\/uploads\/2023\/10\/beneditinos_03.jpg","type":"image\/jpeg"}],"author":"moacir","twitter_card":"summary_large_image","twitter_misc":{"Escrito por":"moacir","Est. tempo de leitura":"4 minutos"},"schema":{"@context":"https:\/\/schema.org","@graph":[{"@type":"WebSite","@id":"https:\/\/franciscanos.org.br\/noticias\/#website","url":"https:\/\/franciscanos.org.br\/noticias\/","name":"Not\u00edcias - Franciscanos","description":"Prov\u00edncia Franciscana da Imaculada Concei\u00e7\u00e3o do Brasil - Ordem dos Frades Menores - OFM","potentialAction":[{"@type":"SearchAction","target":{"@type":"EntryPoint","urlTemplate":"https:\/\/franciscanos.org.br\/noticias\/?s={search_term_string}"},"query-input":"required name=search_term_string"}],"inLanguage":"pt-BR"},{"@type":"ImageObject","inLanguage":"pt-BR","@id":"https:\/\/franciscanos.org.br\/noticias\/em-sorocaba-celebracao-da-gratidao.html#primaryimage","url":"https:\/\/franciscanos.org.br\/noticias\/wp-content\/uploads\/2023\/10\/beneditinos_03.jpg","contentUrl":"https:\/\/franciscanos.org.br\/noticias\/wp-content\/uploads\/2023\/10\/beneditinos_03.jpg","width":1280,"height":720},{"@type":"WebPage","@id":"https:\/\/franciscanos.org.br\/noticias\/em-sorocaba-celebracao-da-gratidao.html#webpage","url":"https:\/\/franciscanos.org.br\/noticias\/em-sorocaba-celebracao-da-gratidao.html","name":"Em Sorocaba, Celebra\u00e7\u00e3o da Gratid\u00e3o - Not\u00edcias - Franciscanos","isPartOf":{"@id":"https:\/\/franciscanos.org.br\/noticias\/#website"},"primaryImageOfPage":{"@id":"https:\/\/franciscanos.org.br\/noticias\/em-sorocaba-celebracao-da-gratidao.html#primaryimage"},"datePublished":"2023-10-09T12:47:57+00:00","dateModified":"2023-10-09T12:47:57+00:00","author":{"@id":"https:\/\/franciscanos.org.br\/noticias\/#\/schema\/person\/b5c8cba458c330ccff548b056e95a5d4"},"breadcrumb":{"@id":"https:\/\/franciscanos.org.br\/noticias\/em-sorocaba-celebracao-da-gratidao.html#breadcrumb"},"inLanguage":"pt-BR","potentialAction":[{"@type":"ReadAction","target":["https:\/\/franciscanos.org.br\/noticias\/em-sorocaba-celebracao-da-gratidao.html"]}]},{"@type":"BreadcrumbList","@id":"https:\/\/franciscanos.org.br\/noticias\/em-sorocaba-celebracao-da-gratidao.html#breadcrumb","itemListElement":[{"@type":"ListItem","position":1,"name":"Home","item":"https:\/\/franciscanos.org.br\/noticias"},{"@type":"ListItem","position":2,"name":"Em Sorocaba, Celebra\u00e7\u00e3o da Gratid\u00e3o"}]},{"@type":"Person","@id":"https:\/\/franciscanos.org.br\/noticias\/#\/schema\/person\/b5c8cba458c330ccff548b056e95a5d4","name":"moacir","image":{"@type":"ImageObject","inLanguage":"pt-BR","@id":"https:\/\/franciscanos.org.br\/noticias\/#\/schema\/person\/image\/","url":"https:\/\/secure.gravatar.com\/avatar\/d08aa2ce4c8dd416d4479aa8536fcf64?s=96&d=mm&r=g","contentUrl":"https:\/\/secure.gravatar.com\/avatar\/d08aa2ce4c8dd416d4479aa8536fcf64?s=96&d=mm&r=g","caption":"moacir"},"url":"https:\/\/franciscanos.org.br\/noticias\/author\/moacir"}]}},"_links":{"self":[{"href":"https:\/\/franciscanos.org.br\/noticias\/wp-json\/wp\/v2\/posts\/245088"}],"collection":[{"href":"https:\/\/franciscanos.org.br\/noticias\/wp-json\/wp\/v2\/posts"}],"about":[{"href":"https:\/\/franciscanos.org.br\/noticias\/wp-json\/wp\/v2\/types\/post"}],"author":[{"embeddable":true,"href":"https:\/\/franciscanos.org.br\/noticias\/wp-json\/wp\/v2\/users\/3"}],"replies":[{"embeddable":true,"href":"https:\/\/franciscanos.org.br\/noticias\/wp-json\/wp\/v2\/comments?post=245088"}],"version-history":[{"count":1,"href":"https:\/\/franciscanos.org.br\/noticias\/wp-json\/wp\/v2\/posts\/245088\/revisions"}],"predecessor-version":[{"id":245093,"href":"https:\/\/franciscanos.org.br\/noticias\/wp-json\/wp\/v2\/posts\/245088\/revisions\/245093"}],"wp:featuredmedia":[{"embeddable":true,"href":"https:\/\/franciscanos.org.br\/noticias\/wp-json\/wp\/v2\/media\/245089"}],"wp:attachment":[{"href":"https:\/\/franciscanos.org.br\/noticias\/wp-json\/wp\/v2\/media?parent=245088"}],"wp:term":[{"taxonomy":"category","embeddable":true,"href":"https:\/\/franciscanos.org.br\/noticias\/wp-json\/wp\/v2\/categories?post=245088"},{"taxonomy":"post_tag","embeddable":true,"href":"https:\/\/franciscanos.org.br\/noticias\/wp-json\/wp\/v2\/tags?post=245088"}],"curies":[{"name":"wp","href":"https:\/\/api.w.org\/{rel}","templated":true}]}}