{"id":245075,"date":"2023-10-09T09:23:35","date_gmt":"2023-10-09T12:23:35","guid":{"rendered":"https:\/\/franciscanos.org.br\/noticias\/?p=245075"},"modified":"2023-10-09T09:23:35","modified_gmt":"2023-10-09T12:23:35","slug":"dia-festivo-na-igreja-do-sagrado-coral-das-meninas-dos-canarinhos-celebra-35-anos-e-seis-frades-sao-instituidos-acolitos","status":"publish","type":"post","link":"https:\/\/franciscanos.org.br\/noticias\/dia-festivo-na-igreja-do-sagrado-coral-das-meninas-dos-canarinhos-celebra-35-anos-e-seis-frades-sao-instituidos-acolitos.html","title":{"rendered":"Dia festivo na Igreja do Sagrado: Coral das Meninas dos Canarinhos celebra 35 anos e seis frades s\u00e3o institu\u00eddos Ac\u00f3litos"},"content":{"rendered":"<p><img loading=\"lazy\" class=\"alignnone size-full wp-image-245076\" src=\"https:\/\/franciscanos.org.br\/noticias\/wp-content\/uploads\/2023\/10\/petropolis_01.jpg\" alt=\"\" width=\"1280\" height=\"720\" srcset=\"https:\/\/franciscanos.org.br\/noticias\/wp-content\/uploads\/2023\/10\/petropolis_01.jpg 1280w, https:\/\/franciscanos.org.br\/noticias\/wp-content\/uploads\/2023\/10\/petropolis_01-450x253.jpg 450w, https:\/\/franciscanos.org.br\/noticias\/wp-content\/uploads\/2023\/10\/petropolis_01-1024x576.jpg 1024w, https:\/\/franciscanos.org.br\/noticias\/wp-content\/uploads\/2023\/10\/petropolis_01-768x432.jpg 768w, https:\/\/franciscanos.org.br\/noticias\/wp-content\/uploads\/2023\/10\/petropolis_01-150x84.jpg 150w\" sizes=\"(max-width: 1280px) 100vw, 1280px\" \/><\/p>\n<p>Na manh\u00e3 do domingo, 08 de outubro, o Coral das Meninas dos Canarinhos de Petr\u00f3polis comemorou seus 35 anos de exist\u00eancia. A Missa em a\u00e7\u00e3o de gra\u00e7as pelo anivers\u00e1rio do Coral ocorreu \u00e0s 10h na casa m\u00e3e das coralistas, a Igreja do Sagrado Cora\u00e7\u00e3o de Jesus, em Petr\u00f3polis (RJ).<\/p>\n<p>Fundado em 1988 por Frei Jos\u00e9 Luiz Prim e pela professora Silvia Muniz, o Coral das Meninas surgiu da feliz iniciativa de tamb\u00e9m as meninas poderem participar do belo trabalho que j\u00e1 h\u00e1 muitos anos era desempenhado com o Coral dos Canarinhos, que neste ano comemorou 81 anos.<\/p>\n<p><img loading=\"lazy\" class=\"alignnone size-full wp-image-245085\" src=\"https:\/\/franciscanos.org.br\/noticias\/wp-content\/uploads\/2023\/10\/petropolis_09.jpg\" alt=\"\" width=\"1280\" height=\"719\" srcset=\"https:\/\/franciscanos.org.br\/noticias\/wp-content\/uploads\/2023\/10\/petropolis_09.jpg 1280w, https:\/\/franciscanos.org.br\/noticias\/wp-content\/uploads\/2023\/10\/petropolis_09-450x253.jpg 450w, https:\/\/franciscanos.org.br\/noticias\/wp-content\/uploads\/2023\/10\/petropolis_09-1024x575.jpg 1024w, https:\/\/franciscanos.org.br\/noticias\/wp-content\/uploads\/2023\/10\/petropolis_09-768x431.jpg 768w, https:\/\/franciscanos.org.br\/noticias\/wp-content\/uploads\/2023\/10\/petropolis_09-150x84.jpg 150w\" sizes=\"(max-width: 1280px) 100vw, 1280px\" \/><\/p>\n<p>A celebra\u00e7\u00e3o foi presidida pelo Ministro Provincial, Frei Paulo Roberto Pereira. Concelebraram o Vig\u00e1rio Provincial, Frei Gustavo Medella, o Definidor Provincial e Presidente do Instituto dos Meninos Cantores de Petr\u00f3polis, Frei Marcos Antonio de Andrade e o Guardi\u00e3o e P\u00e1roco do Sagrado, Frei Jorge Paulo Schiavini. No in\u00edcio, Frei Jorge deu as boas-vindas em nome do Coral e da Fraternidade Franciscana do Sagrado a todos os presentes. De modo especial, saudou o Ministro e o Vig\u00e1rio Provincial e tamb\u00e9m aos seis jovens frades desta fraternidade que iriam ser institu\u00eddos Ac\u00f3litos nesta celebra\u00e7\u00e3o.<\/p>\n<p>O Coral foi regido pelo seu Maestro, Marcelo Vizani Calazans. No programa, a Missa Nossa Senhora do Brasil, composi\u00e7\u00e3o de Padre Jos\u00e9 Alves. O Coral foi agraciado com a presen\u00e7a das antigas coralistas que vieram cantar os louvores de Deus nesta data t\u00e3o especial.<\/p>\n<p><img loading=\"lazy\" class=\"alignnone size-full wp-image-245077\" src=\"https:\/\/franciscanos.org.br\/noticias\/wp-content\/uploads\/2023\/10\/petropolis_02.jpg\" alt=\"\" width=\"1280\" height=\"719\" srcset=\"https:\/\/franciscanos.org.br\/noticias\/wp-content\/uploads\/2023\/10\/petropolis_02.jpg 1280w, https:\/\/franciscanos.org.br\/noticias\/wp-content\/uploads\/2023\/10\/petropolis_02-450x253.jpg 450w, https:\/\/franciscanos.org.br\/noticias\/wp-content\/uploads\/2023\/10\/petropolis_02-1024x575.jpg 1024w, https:\/\/franciscanos.org.br\/noticias\/wp-content\/uploads\/2023\/10\/petropolis_02-768x431.jpg 768w, https:\/\/franciscanos.org.br\/noticias\/wp-content\/uploads\/2023\/10\/petropolis_02-150x84.jpg 150w\" sizes=\"(max-width: 1280px) 100vw, 1280px\" \/><\/p>\n<p><strong>Frei Gustavo: <em>\u201cNa vinha do Senhor, todos somos chamados a sermos servidores\u201d.<\/em><\/strong><\/p>\n<p>A homilia da celebra\u00e7\u00e3o foi feita pelo Vig\u00e1rio Provincial, Frei Gustavo Medella, que tamb\u00e9m foi coralista do Coral dos Canarinhos. Ao refletir sobre a passagem dos vinhateiros, tirada do evangelho de S\u00e3o Mateus (Mt 21,33-43), Frei Gustavo lembrou que os trabalhadores da vinha n\u00e3o podem pensar-se donos e propriet\u00e1rios da mesma, pois \u00e9 quando o esp\u00edrito do servi\u00e7o e do cuidado n\u00e3o s\u00e3o mais observados que os males da opress\u00e3o acontecem. \u201cH\u00e1 uma diferen\u00e7a entre o sentimento de posse e o de perten\u00e7a. O sentimento de posse faz o possuidor se sentir superior ao possu\u00eddo e assim, sente-se no direito de explorar e desrespeitar o outro. Esse \u00e9 o sentimento daqueles vinhateiros que ouvimos no Evangelho de hoje. Homens que encararam sua miss\u00e3o n\u00e3o como servi\u00e7o e como cuidado, mas na busca de vantagens pessoais a serem obtidas atrav\u00e9s da vinha. Na vinha do Senhor, todos somos chamados a sermos servidores\u201d, disse Frei Gustavo.<\/p>\n<p>O frade continuou sua reflex\u00e3o dizendo que uma das coisas mais importantes para entendermos a dimens\u00e3o do servi\u00e7o na vida crist\u00e3 \u00e9 sermos imbu\u00eddos do sentimento de \u201cperten\u00e7a\u201d. Disse ele: \u201cO que Deus pede de n\u00f3s \u00e9 o sentimento de perten\u00e7a, a gra\u00e7a de sermos servos. Os trabalhadores da vinha devem ser pertencentes \u00e0 vinha, devem ser comprometidos com ela\u201d. Frei Gustavo direcionou ent\u00e3o sua reflex\u00e3o \u00e0s coralistas do Coral das Meninas dos Canarinhos: \u201co sentimento de perten\u00e7a faz parte da hist\u00f3ria de todos os que abra\u00e7aram e conceberam a hist\u00f3ria do nosso querido Coral das Meninas. Voc\u00ea que \u00e9 menina, mo\u00e7a ou mulher j\u00e1 deve ter dito \u2018meu coral\u2019 ao longo de sua trajet\u00f3ria nesta Institui\u00e7\u00e3o, mas nunca deve ter dito isso como um sentimento de posse, antes, diz isso com um esp\u00edrito de perten\u00e7a. Muito mais do que o Coral pertencer a voc\u00ea, \u00e9 voc\u00ea que pertence ao coral. Nos estudos, prepara\u00e7\u00f5es, apresenta\u00e7\u00f5es e cantos voc\u00ea se coloca a servi\u00e7o disso que \u00e9 a sua perten\u00e7a!\u201d<\/p>\n<p><img loading=\"lazy\" class=\"alignnone size-full wp-image-245078\" src=\"https:\/\/franciscanos.org.br\/noticias\/wp-content\/uploads\/2023\/10\/petropolis_03.jpg\" alt=\"\" width=\"1280\" height=\"719\" srcset=\"https:\/\/franciscanos.org.br\/noticias\/wp-content\/uploads\/2023\/10\/petropolis_03.jpg 1280w, https:\/\/franciscanos.org.br\/noticias\/wp-content\/uploads\/2023\/10\/petropolis_03-450x253.jpg 450w, https:\/\/franciscanos.org.br\/noticias\/wp-content\/uploads\/2023\/10\/petropolis_03-1024x575.jpg 1024w, https:\/\/franciscanos.org.br\/noticias\/wp-content\/uploads\/2023\/10\/petropolis_03-768x431.jpg 768w, https:\/\/franciscanos.org.br\/noticias\/wp-content\/uploads\/2023\/10\/petropolis_03-150x84.jpg 150w\" sizes=\"(max-width: 1280px) 100vw, 1280px\" \/><\/p>\n<p>Frei Gustavo lembrou tamb\u00e9m dos Maestros do Coral como sinal desse pertencimento. \u201cO Coral das Meninas \u00e9 fruto da caminhada fecunda do Instituto dos Meninos Cantores de Petr\u00f3polis, nasceu aqui na Rua Frei Luiz em 1988 com o nome de \u2018Andorinhas da Serra\u2019, fundado pela Professora Silvia Muniz e pelo Frei Jos\u00e9 Luiz Prim. Ficou alguns anos sobre dire\u00e7\u00e3o da Profa. Silvia, depois pelo Maestro Gilberto Bittencourt e ent\u00e3o pelo Marcelo Vizani que neste ano completa 25 anos \u00e0 frente do Coral das Meninas. Em todos eles, uma hist\u00f3ria de pertencimento e servi\u00e7o \u00e0 m\u00fasica, \u00e0 educa\u00e7\u00e3o e \u00e0 arte\u201d.<\/p>\n<p><img loading=\"lazy\" class=\"alignnone size-full wp-image-245086\" src=\"https:\/\/franciscanos.org.br\/noticias\/wp-content\/uploads\/2023\/10\/petropolis_11.jpg\" alt=\"\" width=\"1280\" height=\"719\" srcset=\"https:\/\/franciscanos.org.br\/noticias\/wp-content\/uploads\/2023\/10\/petropolis_11.jpg 1280w, https:\/\/franciscanos.org.br\/noticias\/wp-content\/uploads\/2023\/10\/petropolis_11-450x253.jpg 450w, https:\/\/franciscanos.org.br\/noticias\/wp-content\/uploads\/2023\/10\/petropolis_11-1024x575.jpg 1024w, https:\/\/franciscanos.org.br\/noticias\/wp-content\/uploads\/2023\/10\/petropolis_11-768x431.jpg 768w, https:\/\/franciscanos.org.br\/noticias\/wp-content\/uploads\/2023\/10\/petropolis_11-150x84.jpg 150w\" sizes=\"(max-width: 1280px) 100vw, 1280px\" \/><\/p>\n<p>Ao final de sua reflex\u00e3o, Frei Gustavo se dirigiu aos seis frades estudantes do tempo da Teologia que seriam institu\u00eddos no Minist\u00e9rio de Ac\u00f3litos nesta celebra\u00e7\u00e3o: \u201cE por fim, aos meus confrades que abra\u00e7am o Acolitado, rogo que voc\u00eas abracem esse minist\u00e9rio como um verdadeiro servi\u00e7o. O minist\u00e9rio n\u00e3o pertence a voc\u00eas, s\u00e3o voc\u00eas que pertencem a este minist\u00e9rio! Voc\u00eas s\u00e3o parte de algo maior, ao aproximarem-se do altar do Senhor sois interpelados a serem, ainda mais, imbu\u00eddos no aprendizado do esp\u00edrito de perten\u00e7a, t\u00e3o urgente e necess\u00e1rio em nossos tempos\u201d, e concluiu: \u201cParab\u00e9ns \u00e0s Meninas Cantoras pelos seus 35 anos de funda\u00e7\u00e3o. Parab\u00e9ns ao Marcelo Vizani pelos seus 25 anos de servi\u00e7o e dedica\u00e7\u00e3o. E parab\u00e9ns aos nossos confrades que abra\u00e7am hoje, o Minist\u00e9rio do Acolitado\u201d.<\/p>\n<p><img loading=\"lazy\" class=\"alignnone size-full wp-image-245079\" src=\"https:\/\/franciscanos.org.br\/noticias\/wp-content\/uploads\/2023\/10\/petropolis_06.jpg\" alt=\"\" width=\"1280\" height=\"960\" srcset=\"https:\/\/franciscanos.org.br\/noticias\/wp-content\/uploads\/2023\/10\/petropolis_06.jpg 1280w, https:\/\/franciscanos.org.br\/noticias\/wp-content\/uploads\/2023\/10\/petropolis_06-450x338.jpg 450w, https:\/\/franciscanos.org.br\/noticias\/wp-content\/uploads\/2023\/10\/petropolis_06-1024x768.jpg 1024w, https:\/\/franciscanos.org.br\/noticias\/wp-content\/uploads\/2023\/10\/petropolis_06-768x576.jpg 768w, https:\/\/franciscanos.org.br\/noticias\/wp-content\/uploads\/2023\/10\/petropolis_06-150x113.jpg 150w, https:\/\/franciscanos.org.br\/noticias\/wp-content\/uploads\/2023\/10\/petropolis_06-600x450.jpg 600w\" sizes=\"(max-width: 1280px) 100vw, 1280px\" \/><\/p>\n<h3><strong>Seis frades estudantes s\u00e3o institu\u00eddos Ac\u00f3litos<\/strong><\/h3>\n<p>Nesta mesma celebra\u00e7\u00e3o do Anivers\u00e1rio do Coral das Meninas dos Canarinhos, seis frades estudantes do tempo da Teologia foram institu\u00eddos no Minist\u00e9rio dos Ac\u00f3litos: Frei Ant\u00f3nio da Silva Manuel, Frei Daniel Kahuvi Tchitumba Tchikeva, Frei Domingos Cacanda Soma, Frei Elias Hebo Lu\u00eds, Frei Evaristo Seque Joaquim e Frei Jo\u00e3o Manoel Zechinatto; todos cursam o terceiro ano da Faculdade de Teologia.<\/p>\n<p>Chamados, nominalmente, pelo Mestre do Tempo da Teologia, Frei Marcos Antonio de Andrade, os frades se colocaram \u00e0 frente do presbit\u00e9rio e responderam \u201cpresente\u201d ao Ministro Provincial. Em seguida, Frei Paulo proferiu a ora\u00e7\u00e3o pr\u00f3pria do Rito da Institui\u00e7\u00e3o de Ac\u00f3litos:<\/p>\n<p><img loading=\"lazy\" class=\"alignnone size-full wp-image-245080\" src=\"https:\/\/franciscanos.org.br\/noticias\/wp-content\/uploads\/2023\/10\/petropolis_07.jpg\" alt=\"\" width=\"1280\" height=\"719\" srcset=\"https:\/\/franciscanos.org.br\/noticias\/wp-content\/uploads\/2023\/10\/petropolis_07.jpg 1280w, https:\/\/franciscanos.org.br\/noticias\/wp-content\/uploads\/2023\/10\/petropolis_07-450x253.jpg 450w, https:\/\/franciscanos.org.br\/noticias\/wp-content\/uploads\/2023\/10\/petropolis_07-1024x575.jpg 1024w, https:\/\/franciscanos.org.br\/noticias\/wp-content\/uploads\/2023\/10\/petropolis_07-768x431.jpg 768w, https:\/\/franciscanos.org.br\/noticias\/wp-content\/uploads\/2023\/10\/petropolis_07-150x84.jpg 150w\" sizes=\"(max-width: 1280px) 100vw, 1280px\" \/><\/p>\n<p><em>\u201cDeus de infinita miseric\u00f3rdia, que, por vosso Filho Unig\u00eanito, confiastes \u00e0 vossa Igreja o P\u00e3o da Vida, dignai-vos aben\u00e7oar estes nossos irm\u00e3os, escolhidos para o minist\u00e9rio dos Ac\u00f3litos, e fazei que sejam ass\u00edduos no servi\u00e7o do altar, distribuam fielmente aos seus irm\u00e3os o P\u00e3o da Vida, e cres\u00e7am cada vez mais na f\u00e9 e na caridade para edifica\u00e7\u00e3o da vossa Igreja. Por Cristo, nosso Senhor\u201d. <\/em><\/p>\n<p>Ap\u00f3s a ora\u00e7\u00e3o, cada frade recebeu em suas m\u00e3os a patena contendo o P\u00e3o a ser apresentado na Celebra\u00e7\u00e3o da Eucaristia. Deste modo, os novos Ac\u00f3litos s\u00e3o chamados a estarem a servi\u00e7o do altar do Senhor. O Ministro ao entregar o P\u00e3o diz aos Ac\u00f3litos: <em>\u201cRecebe o P\u00e3o para a celebra\u00e7\u00e3o da Eucaristia, e vive de tal modo que possas servir dignamente \u00e0 mesa do Senhor e da Igreja\u201d.<\/em><\/p>\n<p><img loading=\"lazy\" class=\"alignnone size-full wp-image-245081\" src=\"https:\/\/franciscanos.org.br\/noticias\/wp-content\/uploads\/2023\/10\/petropolis_05.jpg\" alt=\"\" width=\"1280\" height=\"719\" srcset=\"https:\/\/franciscanos.org.br\/noticias\/wp-content\/uploads\/2023\/10\/petropolis_05.jpg 1280w, https:\/\/franciscanos.org.br\/noticias\/wp-content\/uploads\/2023\/10\/petropolis_05-450x253.jpg 450w, https:\/\/franciscanos.org.br\/noticias\/wp-content\/uploads\/2023\/10\/petropolis_05-1024x575.jpg 1024w, https:\/\/franciscanos.org.br\/noticias\/wp-content\/uploads\/2023\/10\/petropolis_05-768x431.jpg 768w, https:\/\/franciscanos.org.br\/noticias\/wp-content\/uploads\/2023\/10\/petropolis_05-150x84.jpg 150w\" sizes=\"(max-width: 1280px) 100vw, 1280px\" \/><\/p>\n<p>Segundo Frei Marcos, \u201co Minist\u00e9rio dos Ac\u00f3litos, na forma\u00e7\u00e3o dos frades, \u00e9 parte de um processo mistag\u00f3gico que vai aprofundando o sentido do servi\u00e7o e perten\u00e7a \u00e0 Igreja. Primeiro, s\u00e3o Institu\u00eddos Leitores, ou seja, chamados \u00e0 proximidade com a Palavra de Deus. Agora, s\u00e3o chamados a estarem mais pr\u00f3ximos do altar. Fazem esse processo de aprofundar-se na dimens\u00e3o do servi\u00e7o que se espelha no pr\u00f3prio Cristo\u201d.<\/p>\n<p>Terminado o rito da institui\u00e7\u00e3o, os frades ficaram no presbit\u00e9rio e ajudaram na prepara\u00e7\u00e3o do altar no momento das oferendas. Ajudaram tamb\u00e9m na distribui\u00e7\u00e3o da Eucaristia e na purifica\u00e7\u00e3o dos vasos sagrados. J\u00e1 come\u00e7aram seu servi\u00e7o ao altar do Senhor!<\/p>\n<p><img loading=\"lazy\" class=\"alignnone size-full wp-image-245082\" src=\"https:\/\/franciscanos.org.br\/noticias\/wp-content\/uploads\/2023\/10\/petropolis_08.jpg\" alt=\"\" width=\"1280\" height=\"646\" srcset=\"https:\/\/franciscanos.org.br\/noticias\/wp-content\/uploads\/2023\/10\/petropolis_08.jpg 1280w, https:\/\/franciscanos.org.br\/noticias\/wp-content\/uploads\/2023\/10\/petropolis_08-450x227.jpg 450w, https:\/\/franciscanos.org.br\/noticias\/wp-content\/uploads\/2023\/10\/petropolis_08-1024x517.jpg 1024w, https:\/\/franciscanos.org.br\/noticias\/wp-content\/uploads\/2023\/10\/petropolis_08-768x388.jpg 768w, https:\/\/franciscanos.org.br\/noticias\/wp-content\/uploads\/2023\/10\/petropolis_08-150x76.jpg 150w\" sizes=\"(max-width: 1280px) 100vw, 1280px\" \/><\/p>\n<h3><strong>Agradecimentos e Confraterniza\u00e7\u00e3o <\/strong><\/h3>\n<p>Ao final da Missa, o Ministro Provincial, agradeceu aos jovens frades pela disponibilidade em servir a Igreja agora tamb\u00e9m como Ac\u00f3litos. Os encorajou na dimens\u00e3o do servi\u00e7o: \u201co melhor modo de poder servir ao Senhor \u00e9 servir ao irm\u00e3o\u201d, disse Frei Paulo. Ele estendeu seu agradecimento \u00e0s Meninas dos Canarinhos: \u201cQuero saudar nosso Coral. \u00c0s que cantam hoje e \u00e0s que cantaram ontem. Obrigado pelo canto de voc\u00eas, pois atrav\u00e9s deles todos n\u00f3s somos levados a buscarmos o C\u00e9u. Ali\u00e1s, uma das imagens que temos do C\u00e9u \u00e9 que l\u00e1, iremos \u2018cantar os louvores do Senhor!\u2019 Com o canto de voc\u00eas somos despertados para um desejo de C\u00e9u. Obrigado, Meninas e vida longa ao Coral!\u201d Por fim, o Ministro estendeu seus agradecimentos ao Maestro Marcelo Vizani: \u201cevidentemente, depois de 25 anos, nosso Maestro merece todo o nosso carinho e a nossa gratid\u00e3o\u201d.<\/p>\n<p>Terminou a celebra\u00e7\u00e3o com a B\u00ean\u00e7\u00e3o Final. Na despedida, o Coral cantou o Salmo 150, musicado por Ernani Aguiar. A letra exprime o grande sentimento de todos os presentes: \u201cLouvai ao Senhor!\u201d<\/p>\n<p>Ap\u00f3s a Missa, a fam\u00edlia Canarinhos se reuniu no Instituto Teol\u00f3gico Franciscano para um almo\u00e7o festivo dos 35 anos do Coral das Meninas dos Canarinhos. O almo\u00e7o reuniu familiares de coralistas das v\u00e1rias gera\u00e7\u00f5es de Meninas Cantoras do Coral. Foi um belo momento de partilha desse grande pertencimento ao servi\u00e7o do Canto e do louvor a Deus!<\/p>\n<p><img loading=\"lazy\" class=\"alignnone size-full wp-image-245083\" src=\"https:\/\/franciscanos.org.br\/noticias\/wp-content\/uploads\/2023\/10\/petropolis_10.jpg\" alt=\"\" width=\"1280\" height=\"719\" srcset=\"https:\/\/franciscanos.org.br\/noticias\/wp-content\/uploads\/2023\/10\/petropolis_10.jpg 1280w, https:\/\/franciscanos.org.br\/noticias\/wp-content\/uploads\/2023\/10\/petropolis_10-450x253.jpg 450w, https:\/\/franciscanos.org.br\/noticias\/wp-content\/uploads\/2023\/10\/petropolis_10-1024x575.jpg 1024w, https:\/\/franciscanos.org.br\/noticias\/wp-content\/uploads\/2023\/10\/petropolis_10-768x431.jpg 768w, https:\/\/franciscanos.org.br\/noticias\/wp-content\/uploads\/2023\/10\/petropolis_10-150x84.jpg 150w\" sizes=\"(max-width: 1280px) 100vw, 1280px\" \/><\/p>\n<h3><strong>Marcelo Vizani: 25 anos como Maestro do Coral das Meninas! <\/strong><\/h3>\n<p>Neste ano de 2023, o Maestro, Marcelo Vizani, completa 25 anos a frente do Coral das Meninas dos Canarinhos!<\/p>\n<p>Natural de Petr\u00f3polis, o Maestro entrou em 1982 para o Coral dos Canarinhos. Descobriu como jovem coralista sua voca\u00e7\u00e3o para a m\u00fasica e \u00e0 educa\u00e7\u00e3o. Formou-se em Reg\u00eancia no Conservat\u00f3rio Brasileiro de M\u00fasica, na cidade do Rio de Janeiro. Tem P\u00f3s-Gradu\u00e7\u00e3o em Teologia pela Universidade Cat\u00f3lica de Petr\u00f3polis e Mestrado em Educa\u00e7\u00e3o pela Universidade de Lisboa, Portugal.<\/p>\n<p>Em meados dos anos noventa, iniciou sua trajet\u00f3ria como Professor e Maestro Assistente no Instituto dos Meninos Cantores de Petr\u00f3polis. Em 1998, assumiu como Maestro dos Coral das Meninas, fun\u00e7\u00e3o que tem desempenhado em todos esses anos.<\/p>\n<p><img loading=\"lazy\" class=\"alignnone size-full wp-image-245084\" src=\"https:\/\/franciscanos.org.br\/noticias\/wp-content\/uploads\/2023\/10\/petropolis_04.jpg\" alt=\"\" width=\"1280\" height=\"719\" srcset=\"https:\/\/franciscanos.org.br\/noticias\/wp-content\/uploads\/2023\/10\/petropolis_04.jpg 1280w, https:\/\/franciscanos.org.br\/noticias\/wp-content\/uploads\/2023\/10\/petropolis_04-450x253.jpg 450w, https:\/\/franciscanos.org.br\/noticias\/wp-content\/uploads\/2023\/10\/petropolis_04-1024x575.jpg 1024w, https:\/\/franciscanos.org.br\/noticias\/wp-content\/uploads\/2023\/10\/petropolis_04-768x431.jpg 768w, https:\/\/franciscanos.org.br\/noticias\/wp-content\/uploads\/2023\/10\/petropolis_04-150x84.jpg 150w\" sizes=\"(max-width: 1280px) 100vw, 1280px\" \/><\/p>\n<p>Atualmente, Marcelo \u00e9 tamb\u00e9m Vice-Reitor na Universidade Cat\u00f3lica de Petr\u00f3polis, Professor da Curso de M\u00fasica da mesma institui\u00e7\u00e3o, trabalha na Gest\u00e3o da R\u00e1dio Imperial e tamb\u00e9m tem projetos na \u00e1rea da m\u00fasica em cidades do estado do Rio de Janeiro.<\/p>\n<p>Segundo o Maestro, \u00e9 um grande prazer poder fazer parte da hist\u00f3ria deste Instituto: \u201cFico feliz em poder retribuir a todas essas coralistas o que um dia eu tamb\u00e9m recebi como Canarinho. Pertencer a essa fam\u00edlia me enche de orgulho e poder ver nossas meninas conquistando seus sonhos \u00e9 extremamente gratificante. Sou muito grato por tudo!\u201d<\/p>\n<hr \/>\n<p><em>Frei Jo\u00e3o Manoel Zechinatto<\/em><\/p>\n","protected":false},"excerpt":{"rendered":"<p>Igreja do Sagrado Cora\u00e7\u00e3o de Jesus de Petr\u00f3polis<\/p>\n","protected":false},"author":3,"featured_media":245076,"comment_status":"open","ping_status":"open","sticky":false,"template":"","format":"standard","meta":[],"categories":[1],"tags":[1531],"acf":[],"yoast_head":"<!-- This site is optimized with the Yoast SEO plugin v19.2 - https:\/\/yoast.com\/wordpress\/plugins\/seo\/ -->\n<title>Dia festivo na Igreja do Sagrado: Coral das Meninas dos Canarinhos celebra 35 anos e seis frades s\u00e3o institu\u00eddos Ac\u00f3litos - Not\u00edcias - Franciscanos<\/title>\n<meta name=\"robots\" content=\"index, follow, max-snippet:-1, max-image-preview:large, max-video-preview:-1\" \/>\n<link rel=\"canonical\" href=\"https:\/\/franciscanos.org.br\/noticias\/dia-festivo-na-igreja-do-sagrado-coral-das-meninas-dos-canarinhos-celebra-35-anos-e-seis-frades-sao-instituidos-acolitos.html\" \/>\n<meta property=\"og:locale\" content=\"pt_BR\" \/>\n<meta property=\"og:type\" content=\"article\" \/>\n<meta property=\"og:title\" content=\"Dia festivo na Igreja do Sagrado: Coral das Meninas dos Canarinhos celebra 35 anos e seis frades s\u00e3o institu\u00eddos Ac\u00f3litos - Not\u00edcias - Franciscanos\" \/>\n<meta property=\"og:description\" content=\"Igreja do Sagrado Cora\u00e7\u00e3o de Jesus de Petr\u00f3polis\" \/>\n<meta property=\"og:url\" content=\"https:\/\/franciscanos.org.br\/noticias\/dia-festivo-na-igreja-do-sagrado-coral-das-meninas-dos-canarinhos-celebra-35-anos-e-seis-frades-sao-instituidos-acolitos.html\" \/>\n<meta property=\"og:site_name\" content=\"Not\u00edcias - Franciscanos\" \/>\n<meta property=\"article:published_time\" content=\"2023-10-09T12:23:35+00:00\" \/>\n<meta property=\"og:image\" content=\"https:\/\/franciscanos.org.br\/noticias\/wp-content\/uploads\/2023\/10\/petropolis_01.jpg\" \/>\n\t<meta property=\"og:image:width\" content=\"1280\" \/>\n\t<meta property=\"og:image:height\" content=\"720\" \/>\n\t<meta property=\"og:image:type\" content=\"image\/jpeg\" \/>\n<meta name=\"author\" content=\"moacir\" \/>\n<meta name=\"twitter:card\" content=\"summary_large_image\" \/>\n<meta name=\"twitter:label1\" content=\"Escrito por\" \/>\n\t<meta name=\"twitter:data1\" content=\"moacir\" \/>\n\t<meta name=\"twitter:label2\" content=\"Est. tempo de leitura\" \/>\n\t<meta name=\"twitter:data2\" content=\"9 minutos\" \/>\n<script type=\"application\/ld+json\" class=\"yoast-schema-graph\">{\"@context\":\"https:\/\/schema.org\",\"@graph\":[{\"@type\":\"WebSite\",\"@id\":\"https:\/\/franciscanos.org.br\/noticias\/#website\",\"url\":\"https:\/\/franciscanos.org.br\/noticias\/\",\"name\":\"Not\u00edcias - Franciscanos\",\"description\":\"Prov\u00edncia Franciscana da Imaculada Concei\u00e7\u00e3o do Brasil - Ordem dos Frades Menores - OFM\",\"potentialAction\":[{\"@type\":\"SearchAction\",\"target\":{\"@type\":\"EntryPoint\",\"urlTemplate\":\"https:\/\/franciscanos.org.br\/noticias\/?s={search_term_string}\"},\"query-input\":\"required name=search_term_string\"}],\"inLanguage\":\"pt-BR\"},{\"@type\":\"ImageObject\",\"inLanguage\":\"pt-BR\",\"@id\":\"https:\/\/franciscanos.org.br\/noticias\/dia-festivo-na-igreja-do-sagrado-coral-das-meninas-dos-canarinhos-celebra-35-anos-e-seis-frades-sao-instituidos-acolitos.html#primaryimage\",\"url\":\"https:\/\/franciscanos.org.br\/noticias\/wp-content\/uploads\/2023\/10\/petropolis_01.jpg\",\"contentUrl\":\"https:\/\/franciscanos.org.br\/noticias\/wp-content\/uploads\/2023\/10\/petropolis_01.jpg\",\"width\":1280,\"height\":720},{\"@type\":\"WebPage\",\"@id\":\"https:\/\/franciscanos.org.br\/noticias\/dia-festivo-na-igreja-do-sagrado-coral-das-meninas-dos-canarinhos-celebra-35-anos-e-seis-frades-sao-instituidos-acolitos.html#webpage\",\"url\":\"https:\/\/franciscanos.org.br\/noticias\/dia-festivo-na-igreja-do-sagrado-coral-das-meninas-dos-canarinhos-celebra-35-anos-e-seis-frades-sao-instituidos-acolitos.html\",\"name\":\"Dia festivo na Igreja do Sagrado: Coral das Meninas dos Canarinhos celebra 35 anos e seis frades s\u00e3o institu\u00eddos Ac\u00f3litos - Not\u00edcias - Franciscanos\",\"isPartOf\":{\"@id\":\"https:\/\/franciscanos.org.br\/noticias\/#website\"},\"primaryImageOfPage\":{\"@id\":\"https:\/\/franciscanos.org.br\/noticias\/dia-festivo-na-igreja-do-sagrado-coral-das-meninas-dos-canarinhos-celebra-35-anos-e-seis-frades-sao-instituidos-acolitos.html#primaryimage\"},\"datePublished\":\"2023-10-09T12:23:35+00:00\",\"dateModified\":\"2023-10-09T12:23:35+00:00\",\"author\":{\"@id\":\"https:\/\/franciscanos.org.br\/noticias\/#\/schema\/person\/b5c8cba458c330ccff548b056e95a5d4\"},\"breadcrumb\":{\"@id\":\"https:\/\/franciscanos.org.br\/noticias\/dia-festivo-na-igreja-do-sagrado-coral-das-meninas-dos-canarinhos-celebra-35-anos-e-seis-frades-sao-instituidos-acolitos.html#breadcrumb\"},\"inLanguage\":\"pt-BR\",\"potentialAction\":[{\"@type\":\"ReadAction\",\"target\":[\"https:\/\/franciscanos.org.br\/noticias\/dia-festivo-na-igreja-do-sagrado-coral-das-meninas-dos-canarinhos-celebra-35-anos-e-seis-frades-sao-instituidos-acolitos.html\"]}]},{\"@type\":\"BreadcrumbList\",\"@id\":\"https:\/\/franciscanos.org.br\/noticias\/dia-festivo-na-igreja-do-sagrado-coral-das-meninas-dos-canarinhos-celebra-35-anos-e-seis-frades-sao-instituidos-acolitos.html#breadcrumb\",\"itemListElement\":[{\"@type\":\"ListItem\",\"position\":1,\"name\":\"Home\",\"item\":\"https:\/\/franciscanos.org.br\/noticias\"},{\"@type\":\"ListItem\",\"position\":2,\"name\":\"Dia festivo na Igreja do Sagrado: Coral das Meninas dos Canarinhos celebra 35 anos e seis frades s\u00e3o institu\u00eddos Ac\u00f3litos\"}]},{\"@type\":\"Person\",\"@id\":\"https:\/\/franciscanos.org.br\/noticias\/#\/schema\/person\/b5c8cba458c330ccff548b056e95a5d4\",\"name\":\"moacir\",\"image\":{\"@type\":\"ImageObject\",\"inLanguage\":\"pt-BR\",\"@id\":\"https:\/\/franciscanos.org.br\/noticias\/#\/schema\/person\/image\/\",\"url\":\"https:\/\/secure.gravatar.com\/avatar\/d08aa2ce4c8dd416d4479aa8536fcf64?s=96&d=mm&r=g\",\"contentUrl\":\"https:\/\/secure.gravatar.com\/avatar\/d08aa2ce4c8dd416d4479aa8536fcf64?s=96&d=mm&r=g\",\"caption\":\"moacir\"},\"url\":\"https:\/\/franciscanos.org.br\/noticias\/author\/moacir\"}]}<\/script>\n<!-- \/ Yoast SEO plugin. -->","yoast_head_json":{"title":"Dia festivo na Igreja do Sagrado: Coral das Meninas dos Canarinhos celebra 35 anos e seis frades s\u00e3o institu\u00eddos Ac\u00f3litos - Not\u00edcias - Franciscanos","robots":{"index":"index","follow":"follow","max-snippet":"max-snippet:-1","max-image-preview":"max-image-preview:large","max-video-preview":"max-video-preview:-1"},"canonical":"https:\/\/franciscanos.org.br\/noticias\/dia-festivo-na-igreja-do-sagrado-coral-das-meninas-dos-canarinhos-celebra-35-anos-e-seis-frades-sao-instituidos-acolitos.html","og_locale":"pt_BR","og_type":"article","og_title":"Dia festivo na Igreja do Sagrado: Coral das Meninas dos Canarinhos celebra 35 anos e seis frades s\u00e3o institu\u00eddos Ac\u00f3litos - Not\u00edcias - Franciscanos","og_description":"Igreja do Sagrado Cora\u00e7\u00e3o de Jesus de Petr\u00f3polis","og_url":"https:\/\/franciscanos.org.br\/noticias\/dia-festivo-na-igreja-do-sagrado-coral-das-meninas-dos-canarinhos-celebra-35-anos-e-seis-frades-sao-instituidos-acolitos.html","og_site_name":"Not\u00edcias - Franciscanos","article_published_time":"2023-10-09T12:23:35+00:00","og_image":[{"width":1280,"height":720,"url":"https:\/\/franciscanos.org.br\/noticias\/wp-content\/uploads\/2023\/10\/petropolis_01.jpg","type":"image\/jpeg"}],"author":"moacir","twitter_card":"summary_large_image","twitter_misc":{"Escrito por":"moacir","Est. tempo de leitura":"9 minutos"},"schema":{"@context":"https:\/\/schema.org","@graph":[{"@type":"WebSite","@id":"https:\/\/franciscanos.org.br\/noticias\/#website","url":"https:\/\/franciscanos.org.br\/noticias\/","name":"Not\u00edcias - Franciscanos","description":"Prov\u00edncia Franciscana da Imaculada Concei\u00e7\u00e3o do Brasil - Ordem dos Frades Menores - OFM","potentialAction":[{"@type":"SearchAction","target":{"@type":"EntryPoint","urlTemplate":"https:\/\/franciscanos.org.br\/noticias\/?s={search_term_string}"},"query-input":"required name=search_term_string"}],"inLanguage":"pt-BR"},{"@type":"ImageObject","inLanguage":"pt-BR","@id":"https:\/\/franciscanos.org.br\/noticias\/dia-festivo-na-igreja-do-sagrado-coral-das-meninas-dos-canarinhos-celebra-35-anos-e-seis-frades-sao-instituidos-acolitos.html#primaryimage","url":"https:\/\/franciscanos.org.br\/noticias\/wp-content\/uploads\/2023\/10\/petropolis_01.jpg","contentUrl":"https:\/\/franciscanos.org.br\/noticias\/wp-content\/uploads\/2023\/10\/petropolis_01.jpg","width":1280,"height":720},{"@type":"WebPage","@id":"https:\/\/franciscanos.org.br\/noticias\/dia-festivo-na-igreja-do-sagrado-coral-das-meninas-dos-canarinhos-celebra-35-anos-e-seis-frades-sao-instituidos-acolitos.html#webpage","url":"https:\/\/franciscanos.org.br\/noticias\/dia-festivo-na-igreja-do-sagrado-coral-das-meninas-dos-canarinhos-celebra-35-anos-e-seis-frades-sao-instituidos-acolitos.html","name":"Dia festivo na Igreja do Sagrado: Coral das Meninas dos Canarinhos celebra 35 anos e seis frades s\u00e3o institu\u00eddos Ac\u00f3litos - Not\u00edcias - Franciscanos","isPartOf":{"@id":"https:\/\/franciscanos.org.br\/noticias\/#website"},"primaryImageOfPage":{"@id":"https:\/\/franciscanos.org.br\/noticias\/dia-festivo-na-igreja-do-sagrado-coral-das-meninas-dos-canarinhos-celebra-35-anos-e-seis-frades-sao-instituidos-acolitos.html#primaryimage"},"datePublished":"2023-10-09T12:23:35+00:00","dateModified":"2023-10-09T12:23:35+00:00","author":{"@id":"https:\/\/franciscanos.org.br\/noticias\/#\/schema\/person\/b5c8cba458c330ccff548b056e95a5d4"},"breadcrumb":{"@id":"https:\/\/franciscanos.org.br\/noticias\/dia-festivo-na-igreja-do-sagrado-coral-das-meninas-dos-canarinhos-celebra-35-anos-e-seis-frades-sao-instituidos-acolitos.html#breadcrumb"},"inLanguage":"pt-BR","potentialAction":[{"@type":"ReadAction","target":["https:\/\/franciscanos.org.br\/noticias\/dia-festivo-na-igreja-do-sagrado-coral-das-meninas-dos-canarinhos-celebra-35-anos-e-seis-frades-sao-instituidos-acolitos.html"]}]},{"@type":"BreadcrumbList","@id":"https:\/\/franciscanos.org.br\/noticias\/dia-festivo-na-igreja-do-sagrado-coral-das-meninas-dos-canarinhos-celebra-35-anos-e-seis-frades-sao-instituidos-acolitos.html#breadcrumb","itemListElement":[{"@type":"ListItem","position":1,"name":"Home","item":"https:\/\/franciscanos.org.br\/noticias"},{"@type":"ListItem","position":2,"name":"Dia festivo na Igreja do Sagrado: Coral das Meninas dos Canarinhos celebra 35 anos e seis frades s\u00e3o institu\u00eddos Ac\u00f3litos"}]},{"@type":"Person","@id":"https:\/\/franciscanos.org.br\/noticias\/#\/schema\/person\/b5c8cba458c330ccff548b056e95a5d4","name":"moacir","image":{"@type":"ImageObject","inLanguage":"pt-BR","@id":"https:\/\/franciscanos.org.br\/noticias\/#\/schema\/person\/image\/","url":"https:\/\/secure.gravatar.com\/avatar\/d08aa2ce4c8dd416d4479aa8536fcf64?s=96&d=mm&r=g","contentUrl":"https:\/\/secure.gravatar.com\/avatar\/d08aa2ce4c8dd416d4479aa8536fcf64?s=96&d=mm&r=g","caption":"moacir"},"url":"https:\/\/franciscanos.org.br\/noticias\/author\/moacir"}]}},"_links":{"self":[{"href":"https:\/\/franciscanos.org.br\/noticias\/wp-json\/wp\/v2\/posts\/245075"}],"collection":[{"href":"https:\/\/franciscanos.org.br\/noticias\/wp-json\/wp\/v2\/posts"}],"about":[{"href":"https:\/\/franciscanos.org.br\/noticias\/wp-json\/wp\/v2\/types\/post"}],"author":[{"embeddable":true,"href":"https:\/\/franciscanos.org.br\/noticias\/wp-json\/wp\/v2\/users\/3"}],"replies":[{"embeddable":true,"href":"https:\/\/franciscanos.org.br\/noticias\/wp-json\/wp\/v2\/comments?post=245075"}],"version-history":[{"count":1,"href":"https:\/\/franciscanos.org.br\/noticias\/wp-json\/wp\/v2\/posts\/245075\/revisions"}],"predecessor-version":[{"id":245087,"href":"https:\/\/franciscanos.org.br\/noticias\/wp-json\/wp\/v2\/posts\/245075\/revisions\/245087"}],"wp:featuredmedia":[{"embeddable":true,"href":"https:\/\/franciscanos.org.br\/noticias\/wp-json\/wp\/v2\/media\/245076"}],"wp:attachment":[{"href":"https:\/\/franciscanos.org.br\/noticias\/wp-json\/wp\/v2\/media?parent=245075"}],"wp:term":[{"taxonomy":"category","embeddable":true,"href":"https:\/\/franciscanos.org.br\/noticias\/wp-json\/wp\/v2\/categories?post=245075"},{"taxonomy":"post_tag","embeddable":true,"href":"https:\/\/franciscanos.org.br\/noticias\/wp-json\/wp\/v2\/tags?post=245075"}],"curies":[{"name":"wp","href":"https:\/\/api.w.org\/{rel}","templated":true}]}}