{"id":245064,"date":"2023-10-08T08:54:05","date_gmt":"2023-10-08T11:54:05","guid":{"rendered":"https:\/\/franciscanos.org.br\/noticias\/?p=245064"},"modified":"2023-10-08T08:54:05","modified_gmt":"2023-10-08T11:54:05","slug":"papa-parem-as-armas-o-terrorismo-e-a-guerra-nao-levam-a-nenhuma-solucao","status":"publish","type":"post","link":"https:\/\/franciscanos.org.br\/noticias\/papa-parem-as-armas-o-terrorismo-e-a-guerra-nao-levam-a-nenhuma-solucao.html","title":{"rendered":"Papa: parem as armas, o terrorismo e a guerra n\u00e3o levam a nenhuma solu\u00e7\u00e3o"},"content":{"rendered":"<div id=\"attachment_245065\" style=\"width: 1510px\" class=\"wp-caption alignnone\"><img aria-describedby=\"caption-attachment-245065\" loading=\"lazy\" class=\"wp-image-245065 size-full\" src=\"https:\/\/franciscanos.org.br\/noticias\/wp-content\/uploads\/2023\/10\/angelus_081023.jpeg\" alt=\"\" width=\"1500\" height=\"844\" srcset=\"https:\/\/franciscanos.org.br\/noticias\/wp-content\/uploads\/2023\/10\/angelus_081023.jpeg 1500w, https:\/\/franciscanos.org.br\/noticias\/wp-content\/uploads\/2023\/10\/angelus_081023-450x253.jpeg 450w, https:\/\/franciscanos.org.br\/noticias\/wp-content\/uploads\/2023\/10\/angelus_081023-1024x576.jpeg 1024w, https:\/\/franciscanos.org.br\/noticias\/wp-content\/uploads\/2023\/10\/angelus_081023-768x432.jpeg 768w, https:\/\/franciscanos.org.br\/noticias\/wp-content\/uploads\/2023\/10\/angelus_081023-150x84.jpeg 150w\" sizes=\"(max-width: 1500px) 100vw, 1500px\" \/><p id=\"caption-attachment-245065\" class=\"wp-caption-text\"><em>Imagem: Vatican Media<\/em><\/p><\/div>\n<p>\u201cA guerra \u00e9 uma derrota: toda guerra \u00e9 uma derrota! Rezemos pela paz em Israel e na Palestina!\u201d. Ap\u00f3s a ora\u00e7\u00e3o mariana deste primeiro domingo de outubro, o Papa Francisco expressou a sua apreens\u00e3o e a dor com que acompanha o que est\u00e1 ocorrendo em Israel onde, afirma, \u201ca viol\u00eancia explodiu ainda mais ferozmente, causando centenas de mortos e feridos\u201d.<\/p>\n<p>&#8220;Expresso a minha proximidade \u00e0s fam\u00edlias das v\u00edtimas, rezo por elas e por todos aqueles que vivem horas de terror e ang\u00fastia. Por favor, parem com os ataques e as armas! e se compreenda que o terrorismo e a guerra n\u00e3o levam a nenhuma solu\u00e7\u00e3o, mas apenas \u00e0 morte e ao sofrimento de muitas pessoas inocentes&#8221;.<\/p>\n<p><strong>Invoquemos a paz sobre os muitos pa\u00edses marcados por conflitos<\/strong><br \/>\nDepois do Angelus, o Pont\u00edfice recorda tamb\u00e9m que este m\u00eas de outubro \u00e9 dedicado, al\u00e9m das miss\u00f5es, \u00e0 ora\u00e7\u00e3o do Ter\u00e7o. Precisamente a Maria o Papa pede para nos dirigirmos a ela, sem parar: &#8220;N\u00e3o nos cansemos de invocar, por intercess\u00e3o de Maria, o dom da paz sobre os numerosos pa\u00edses do mundo marcados por guerras e conflitos; e continuemos a recordar a querida Ucr\u00e2nia, que todos os dias sofre tanto, t\u00e3o martirizada&#8221;.<\/p>\n<p><strong>O apelo do Patriarcado de Jerusal\u00e9m \u00e0 comunidade internacional<\/strong><br \/>\nNuma nota publicada no site do Patriarcado Latino de Jerusal\u00e9m lemos que a improvisa explos\u00e3o de viol\u00eancia \u201c\u00e9 muito preocupante pela sua extens\u00e3o e intensidade. A opera\u00e7\u00e3o lan\u00e7ada a partir de Gaza e a rea\u00e7\u00e3o do ex\u00e9rcito israelense est\u00e3o a levar-nos de volta aos piores per\u00edodos da nossa hist\u00f3ria recente. As demasiadas v\u00edtimas e demasiadas trag\u00e9dias que as fam\u00edlias palestinas e israelenses t\u00eam de enfrentar criar\u00e3o ainda mais \u00f3dio e divis\u00e3o e destruir\u00e3o cada vez mais qualquer perspectiva de estabilidade\u201d. Da\u00ed o apelo \u00e0 comunidade internacional, aos l\u00edderes religiosos da regi\u00e3o e do mundo, para \u201cfazerem todos os esfor\u00e7os para ajudar a acalmar a situa\u00e7\u00e3o, restaurar a calma e trabalhar para garantir os direitos fundamentais das pessoas na regi\u00e3o\u201d. Acrescenta-se tamb\u00e9m que &#8220;as declara\u00e7\u00f5es unilaterais relativas ao status dos locais religiosos e dos locais de culto fazem vacilar o sentimento religioso e alimentam ainda mais o \u00f3dio e o extremismo. \u00c9, portanto, importante preservar o Status Quo em todos os Lugares Santos na Terra Santa e em Jerusal\u00e9m em particular&#8221;. A nota conclui: \u201co cont\u00ednuo derramamento de sangue e as declara\u00e7\u00f5es de guerra lembram-nos mais uma vez da necessidade urgente de encontrar uma solu\u00e7\u00e3o duradoura e abrangente para o conflito palestino-israelense nesta terra, que \u00e9 chamada a ser uma terra de justi\u00e7a, paz e reconcilia\u00e7\u00e3o entre os povos. Pedimos a Deus que inspire os l\u00edderes mundiais na sua interven\u00e7\u00e3o para a implementa\u00e7\u00e3o da paz e da conc\u00f3rdia, para que Jerusal\u00e9m seja uma casa de ora\u00e7\u00e3o para todos os povos&#8221;.<\/p>\n<p>Depois do longo dia de ontem, 7 de Outubro, que encerrou as festividades judaicas de Sucot &#8211; quando, \u00e0s primeiras luzes da madrugada, milhares de foguetes come\u00e7aram a cair de Gaza sobre Israel, apanhados completamente de surpresa &#8211; os lan\u00e7amentos de m\u00edsseis e os ataques terrestres continuam a se verificarem a partir da fronteira sul de Israel. Tel Aviv e Jerusal\u00e9m foram atingidas. As v\u00edtimas israelenses seriam mais de 350, 1.400 os feridos. O Minist\u00e9rio da Sa\u00fade de Gaza relata 250 palestinos mortos e 1.700 feridos.<\/p>\n<hr \/>\n<h2>Angelus: a ingratid\u00e3o gera viol\u00eancia,<br \/>\num simples \u2018obrigado\u2019 pode trazer paz<\/h2>\n<p>\u201cA ingratid\u00e3o gera viol\u00eancia, tira a nossa paz e nos faz sentir e falar gritando, sem paz, enquanto um simples \u2018obrigado\u2019 pode trazer paz!\u201d. Foi o que disse o Papa Francisco no Angelus deste domingo, 27\u00ba do Tempo Comum, comentando o trecho do Evangelho que ele chamou de &#8220;uma par\u00e1bola dram\u00e1tica, com um ep\u00edlogo triste&#8221;: o de um propriet\u00e1rio de uma vinha que a confia a agricultores, e esses, na \u00e9poca da colheita, quando o propriet\u00e1rio por primeiro envia seus servos e depois seu filho para recolher a colheita, maltrata-os e mata-os. &#8220;E de agricultores tornam-se assassinos&#8221;, observa o Pont\u00edfice, segundo o qual &#8220;na raiz dos conflitos h\u00e1 sempre alguma ingratid\u00e3o, e pensamentos gananciosos.&#8221;<\/p>\n<p>Segundo Francisco, \u201ccom esta par\u00e1bola, Jesus recorda-nos o que acontece quando o homem se ilude pensando que pode se fazer por si mesmo e esquece a gratid\u00e3o, esquece a realidade fundamental da vida: que o bem vem da gra\u00e7a de Deus, do seu dom gratuito.&#8221;<\/p>\n<p>&#8220;Quando esquecemos isto, a gratuidade de Deus \u2013 sublinhou Francisco -, acaba-se vivendo a pr\u00f3pria condi\u00e7\u00e3o e o pr\u00f3prio limite n\u00e3o mais com a alegria de se sentir amado e salvo, mas com a triste ilus\u00e3o de n\u00e3o precisar nem de amor nem de salva\u00e7\u00e3o.&#8221; &#8220;Sim, deixa de ser amado e se encontra prisioneiro da pr\u00f3pria gan\u00e2ncia, da necessidade de ter algo mais do que os outros, de querer ser mais do que os outros&#8221;, acrescentou.<\/p>\n<p>Para o Papa, \u201cdaqui prov\u00eam muitas insatisfa\u00e7\u00f5es e recrimina\u00e7\u00f5es, muitas incompreens\u00f5es, muitas invejas; e levados pelo rancor, se pode cair no redemoinho da viol\u00eancia\u201d. \u201cPerguntemo-nos ent\u00e3o \u2013 insistiu o Papa: tenho consci\u00eancia de ter recebido como dom a vida e a f\u00e9, e de ser eu mesmo, um dom de Deus? Eu acredito que tudo come\u00e7a com gra\u00e7a do Senhor? Entendo que sou um benefici\u00e1rio sem m\u00e9rito, amado e salvo gratuitamente? E sobretudo, em resposta \u00e0 gra\u00e7a, sei dizer &#8216;obrigado&#8217;?&#8221;<\/p>\n<p>E o Papa Francisco enfatizou em seguida: \u201cAs tr\u00eas palavras que s\u00e3o o segredo da conviv\u00eancia humana: obrigado, permiss\u00e3o, perd\u00e3o. Eu sei como dizer essas tr\u00eas palavras? Obrigado, permiss\u00e3o, perd\u00e3o, desculpe. Eu sei como pronunciar essas tr\u00eas palavras? \u00c9 uma palavra pequena, \u201cobrigado\u201d \u2013 \u00e9 uma palavra pequena, \u201cpermiss\u00e3o\u201d, \u00e9 uma palavra pequena para pedir desculpas, \u201cperd\u00e3o\u201d \u2013 esperada todos os dias por Deus e pelos irm\u00e3os. Perguntemo-nos se estas pequenas palavras \u201cobrigado\u201d, \u201cpermiss\u00e3o\u201d, \u201cperd\u00e3o, desculpe\u201d est\u00e3o presentes em nossas vidas\u201d.<\/p>\n<hr \/>\n<p><em>Fonte: Vatican News (texto de Silvonei Jos\u00e9 e Antonella Palermo)<\/em><\/p>\n","protected":false},"excerpt":{"rendered":"<p>Angelus<\/p>\n","protected":false},"author":3,"featured_media":245065,"comment_status":"open","ping_status":"open","sticky":false,"template":"","format":"standard","meta":[],"categories":[1428],"tags":[403],"acf":[],"yoast_head":"<!-- This site is optimized with the Yoast SEO plugin v19.2 - https:\/\/yoast.com\/wordpress\/plugins\/seo\/ -->\n<title>Papa: parem as armas, o terrorismo e a guerra n\u00e3o levam a nenhuma solu\u00e7\u00e3o - Not\u00edcias - Franciscanos<\/title>\n<meta name=\"robots\" content=\"index, follow, max-snippet:-1, max-image-preview:large, max-video-preview:-1\" \/>\n<link rel=\"canonical\" href=\"https:\/\/franciscanos.org.br\/noticias\/papa-parem-as-armas-o-terrorismo-e-a-guerra-nao-levam-a-nenhuma-solucao.html\" \/>\n<meta property=\"og:locale\" content=\"pt_BR\" \/>\n<meta property=\"og:type\" content=\"article\" \/>\n<meta property=\"og:title\" content=\"Papa: parem as armas, o terrorismo e a guerra n\u00e3o levam a nenhuma solu\u00e7\u00e3o - Not\u00edcias - Franciscanos\" \/>\n<meta property=\"og:description\" content=\"Angelus\" \/>\n<meta property=\"og:url\" content=\"https:\/\/franciscanos.org.br\/noticias\/papa-parem-as-armas-o-terrorismo-e-a-guerra-nao-levam-a-nenhuma-solucao.html\" \/>\n<meta property=\"og:site_name\" content=\"Not\u00edcias - Franciscanos\" \/>\n<meta property=\"article:published_time\" content=\"2023-10-08T11:54:05+00:00\" \/>\n<meta property=\"og:image\" content=\"https:\/\/franciscanos.org.br\/noticias\/wp-content\/uploads\/2023\/10\/angelus_081023.jpeg\" \/>\n\t<meta property=\"og:image:width\" content=\"1500\" \/>\n\t<meta property=\"og:image:height\" content=\"844\" \/>\n\t<meta property=\"og:image:type\" content=\"image\/jpeg\" \/>\n<meta name=\"author\" content=\"moacir\" \/>\n<meta name=\"twitter:card\" content=\"summary_large_image\" \/>\n<meta name=\"twitter:label1\" content=\"Escrito por\" \/>\n\t<meta name=\"twitter:data1\" content=\"moacir\" \/>\n\t<meta name=\"twitter:label2\" content=\"Est. tempo de leitura\" \/>\n\t<meta name=\"twitter:data2\" content=\"5 minutos\" \/>\n<script type=\"application\/ld+json\" class=\"yoast-schema-graph\">{\"@context\":\"https:\/\/schema.org\",\"@graph\":[{\"@type\":\"WebSite\",\"@id\":\"https:\/\/franciscanos.org.br\/noticias\/#website\",\"url\":\"https:\/\/franciscanos.org.br\/noticias\/\",\"name\":\"Not\u00edcias - Franciscanos\",\"description\":\"Prov\u00edncia Franciscana da Imaculada Concei\u00e7\u00e3o do Brasil - Ordem dos Frades Menores - OFM\",\"potentialAction\":[{\"@type\":\"SearchAction\",\"target\":{\"@type\":\"EntryPoint\",\"urlTemplate\":\"https:\/\/franciscanos.org.br\/noticias\/?s={search_term_string}\"},\"query-input\":\"required name=search_term_string\"}],\"inLanguage\":\"pt-BR\"},{\"@type\":\"ImageObject\",\"inLanguage\":\"pt-BR\",\"@id\":\"https:\/\/franciscanos.org.br\/noticias\/papa-parem-as-armas-o-terrorismo-e-a-guerra-nao-levam-a-nenhuma-solucao.html#primaryimage\",\"url\":\"https:\/\/franciscanos.org.br\/noticias\/wp-content\/uploads\/2023\/10\/angelus_081023.jpeg\",\"contentUrl\":\"https:\/\/franciscanos.org.br\/noticias\/wp-content\/uploads\/2023\/10\/angelus_081023.jpeg\",\"width\":1500,\"height\":844},{\"@type\":\"WebPage\",\"@id\":\"https:\/\/franciscanos.org.br\/noticias\/papa-parem-as-armas-o-terrorismo-e-a-guerra-nao-levam-a-nenhuma-solucao.html#webpage\",\"url\":\"https:\/\/franciscanos.org.br\/noticias\/papa-parem-as-armas-o-terrorismo-e-a-guerra-nao-levam-a-nenhuma-solucao.html\",\"name\":\"Papa: parem as armas, o terrorismo e a guerra n\u00e3o levam a nenhuma solu\u00e7\u00e3o - Not\u00edcias - Franciscanos\",\"isPartOf\":{\"@id\":\"https:\/\/franciscanos.org.br\/noticias\/#website\"},\"primaryImageOfPage\":{\"@id\":\"https:\/\/franciscanos.org.br\/noticias\/papa-parem-as-armas-o-terrorismo-e-a-guerra-nao-levam-a-nenhuma-solucao.html#primaryimage\"},\"datePublished\":\"2023-10-08T11:54:05+00:00\",\"dateModified\":\"2023-10-08T11:54:05+00:00\",\"author\":{\"@id\":\"https:\/\/franciscanos.org.br\/noticias\/#\/schema\/person\/b5c8cba458c330ccff548b056e95a5d4\"},\"breadcrumb\":{\"@id\":\"https:\/\/franciscanos.org.br\/noticias\/papa-parem-as-armas-o-terrorismo-e-a-guerra-nao-levam-a-nenhuma-solucao.html#breadcrumb\"},\"inLanguage\":\"pt-BR\",\"potentialAction\":[{\"@type\":\"ReadAction\",\"target\":[\"https:\/\/franciscanos.org.br\/noticias\/papa-parem-as-armas-o-terrorismo-e-a-guerra-nao-levam-a-nenhuma-solucao.html\"]}]},{\"@type\":\"BreadcrumbList\",\"@id\":\"https:\/\/franciscanos.org.br\/noticias\/papa-parem-as-armas-o-terrorismo-e-a-guerra-nao-levam-a-nenhuma-solucao.html#breadcrumb\",\"itemListElement\":[{\"@type\":\"ListItem\",\"position\":1,\"name\":\"Home\",\"item\":\"https:\/\/franciscanos.org.br\/noticias\"},{\"@type\":\"ListItem\",\"position\":2,\"name\":\"Papa: parem as armas, o terrorismo e a guerra n\u00e3o levam a nenhuma solu\u00e7\u00e3o\"}]},{\"@type\":\"Person\",\"@id\":\"https:\/\/franciscanos.org.br\/noticias\/#\/schema\/person\/b5c8cba458c330ccff548b056e95a5d4\",\"name\":\"moacir\",\"image\":{\"@type\":\"ImageObject\",\"inLanguage\":\"pt-BR\",\"@id\":\"https:\/\/franciscanos.org.br\/noticias\/#\/schema\/person\/image\/\",\"url\":\"https:\/\/secure.gravatar.com\/avatar\/d08aa2ce4c8dd416d4479aa8536fcf64?s=96&d=mm&r=g\",\"contentUrl\":\"https:\/\/secure.gravatar.com\/avatar\/d08aa2ce4c8dd416d4479aa8536fcf64?s=96&d=mm&r=g\",\"caption\":\"moacir\"},\"url\":\"https:\/\/franciscanos.org.br\/noticias\/author\/moacir\"}]}<\/script>\n<!-- \/ Yoast SEO plugin. -->","yoast_head_json":{"title":"Papa: parem as armas, o terrorismo e a guerra n\u00e3o levam a nenhuma solu\u00e7\u00e3o - Not\u00edcias - Franciscanos","robots":{"index":"index","follow":"follow","max-snippet":"max-snippet:-1","max-image-preview":"max-image-preview:large","max-video-preview":"max-video-preview:-1"},"canonical":"https:\/\/franciscanos.org.br\/noticias\/papa-parem-as-armas-o-terrorismo-e-a-guerra-nao-levam-a-nenhuma-solucao.html","og_locale":"pt_BR","og_type":"article","og_title":"Papa: parem as armas, o terrorismo e a guerra n\u00e3o levam a nenhuma solu\u00e7\u00e3o - Not\u00edcias - Franciscanos","og_description":"Angelus","og_url":"https:\/\/franciscanos.org.br\/noticias\/papa-parem-as-armas-o-terrorismo-e-a-guerra-nao-levam-a-nenhuma-solucao.html","og_site_name":"Not\u00edcias - Franciscanos","article_published_time":"2023-10-08T11:54:05+00:00","og_image":[{"width":1500,"height":844,"url":"https:\/\/franciscanos.org.br\/noticias\/wp-content\/uploads\/2023\/10\/angelus_081023.jpeg","type":"image\/jpeg"}],"author":"moacir","twitter_card":"summary_large_image","twitter_misc":{"Escrito por":"moacir","Est. tempo de leitura":"5 minutos"},"schema":{"@context":"https:\/\/schema.org","@graph":[{"@type":"WebSite","@id":"https:\/\/franciscanos.org.br\/noticias\/#website","url":"https:\/\/franciscanos.org.br\/noticias\/","name":"Not\u00edcias - Franciscanos","description":"Prov\u00edncia Franciscana da Imaculada Concei\u00e7\u00e3o do Brasil - Ordem dos Frades Menores - OFM","potentialAction":[{"@type":"SearchAction","target":{"@type":"EntryPoint","urlTemplate":"https:\/\/franciscanos.org.br\/noticias\/?s={search_term_string}"},"query-input":"required name=search_term_string"}],"inLanguage":"pt-BR"},{"@type":"ImageObject","inLanguage":"pt-BR","@id":"https:\/\/franciscanos.org.br\/noticias\/papa-parem-as-armas-o-terrorismo-e-a-guerra-nao-levam-a-nenhuma-solucao.html#primaryimage","url":"https:\/\/franciscanos.org.br\/noticias\/wp-content\/uploads\/2023\/10\/angelus_081023.jpeg","contentUrl":"https:\/\/franciscanos.org.br\/noticias\/wp-content\/uploads\/2023\/10\/angelus_081023.jpeg","width":1500,"height":844},{"@type":"WebPage","@id":"https:\/\/franciscanos.org.br\/noticias\/papa-parem-as-armas-o-terrorismo-e-a-guerra-nao-levam-a-nenhuma-solucao.html#webpage","url":"https:\/\/franciscanos.org.br\/noticias\/papa-parem-as-armas-o-terrorismo-e-a-guerra-nao-levam-a-nenhuma-solucao.html","name":"Papa: parem as armas, o terrorismo e a guerra n\u00e3o levam a nenhuma solu\u00e7\u00e3o - Not\u00edcias - Franciscanos","isPartOf":{"@id":"https:\/\/franciscanos.org.br\/noticias\/#website"},"primaryImageOfPage":{"@id":"https:\/\/franciscanos.org.br\/noticias\/papa-parem-as-armas-o-terrorismo-e-a-guerra-nao-levam-a-nenhuma-solucao.html#primaryimage"},"datePublished":"2023-10-08T11:54:05+00:00","dateModified":"2023-10-08T11:54:05+00:00","author":{"@id":"https:\/\/franciscanos.org.br\/noticias\/#\/schema\/person\/b5c8cba458c330ccff548b056e95a5d4"},"breadcrumb":{"@id":"https:\/\/franciscanos.org.br\/noticias\/papa-parem-as-armas-o-terrorismo-e-a-guerra-nao-levam-a-nenhuma-solucao.html#breadcrumb"},"inLanguage":"pt-BR","potentialAction":[{"@type":"ReadAction","target":["https:\/\/franciscanos.org.br\/noticias\/papa-parem-as-armas-o-terrorismo-e-a-guerra-nao-levam-a-nenhuma-solucao.html"]}]},{"@type":"BreadcrumbList","@id":"https:\/\/franciscanos.org.br\/noticias\/papa-parem-as-armas-o-terrorismo-e-a-guerra-nao-levam-a-nenhuma-solucao.html#breadcrumb","itemListElement":[{"@type":"ListItem","position":1,"name":"Home","item":"https:\/\/franciscanos.org.br\/noticias"},{"@type":"ListItem","position":2,"name":"Papa: parem as armas, o terrorismo e a guerra n\u00e3o levam a nenhuma solu\u00e7\u00e3o"}]},{"@type":"Person","@id":"https:\/\/franciscanos.org.br\/noticias\/#\/schema\/person\/b5c8cba458c330ccff548b056e95a5d4","name":"moacir","image":{"@type":"ImageObject","inLanguage":"pt-BR","@id":"https:\/\/franciscanos.org.br\/noticias\/#\/schema\/person\/image\/","url":"https:\/\/secure.gravatar.com\/avatar\/d08aa2ce4c8dd416d4479aa8536fcf64?s=96&d=mm&r=g","contentUrl":"https:\/\/secure.gravatar.com\/avatar\/d08aa2ce4c8dd416d4479aa8536fcf64?s=96&d=mm&r=g","caption":"moacir"},"url":"https:\/\/franciscanos.org.br\/noticias\/author\/moacir"}]}},"_links":{"self":[{"href":"https:\/\/franciscanos.org.br\/noticias\/wp-json\/wp\/v2\/posts\/245064"}],"collection":[{"href":"https:\/\/franciscanos.org.br\/noticias\/wp-json\/wp\/v2\/posts"}],"about":[{"href":"https:\/\/franciscanos.org.br\/noticias\/wp-json\/wp\/v2\/types\/post"}],"author":[{"embeddable":true,"href":"https:\/\/franciscanos.org.br\/noticias\/wp-json\/wp\/v2\/users\/3"}],"replies":[{"embeddable":true,"href":"https:\/\/franciscanos.org.br\/noticias\/wp-json\/wp\/v2\/comments?post=245064"}],"version-history":[{"count":1,"href":"https:\/\/franciscanos.org.br\/noticias\/wp-json\/wp\/v2\/posts\/245064\/revisions"}],"predecessor-version":[{"id":245066,"href":"https:\/\/franciscanos.org.br\/noticias\/wp-json\/wp\/v2\/posts\/245064\/revisions\/245066"}],"wp:featuredmedia":[{"embeddable":true,"href":"https:\/\/franciscanos.org.br\/noticias\/wp-json\/wp\/v2\/media\/245065"}],"wp:attachment":[{"href":"https:\/\/franciscanos.org.br\/noticias\/wp-json\/wp\/v2\/media?parent=245064"}],"wp:term":[{"taxonomy":"category","embeddable":true,"href":"https:\/\/franciscanos.org.br\/noticias\/wp-json\/wp\/v2\/categories?post=245064"},{"taxonomy":"post_tag","embeddable":true,"href":"https:\/\/franciscanos.org.br\/noticias\/wp-json\/wp\/v2\/tags?post=245064"}],"curies":[{"name":"wp","href":"https:\/\/api.w.org\/{rel}","templated":true}]}}