{"id":245053,"date":"2023-10-07T14:03:11","date_gmt":"2023-10-07T17:03:11","guid":{"rendered":"https:\/\/franciscanos.org.br\/noticias\/?p=245053"},"modified":"2023-10-08T08:27:20","modified_gmt":"2023-10-08T11:27:20","slug":"universidade-sao-francisco-celebra-o-seu-padroeiro","status":"publish","type":"post","link":"https:\/\/franciscanos.org.br\/noticias\/universidade-sao-francisco-celebra-o-seu-padroeiro.html","title":{"rendered":"Universidade S\u00e3o Francisco celebra o seu Padroeiro"},"content":{"rendered":"<p><img loading=\"lazy\" class=\"alignnone size-full wp-image-245054\" src=\"https:\/\/franciscanos.org.br\/noticias\/wp-content\/uploads\/2023\/10\/usf_sf_02.jpg\" alt=\"\" width=\"1280\" height=\"720\" srcset=\"https:\/\/franciscanos.org.br\/noticias\/wp-content\/uploads\/2023\/10\/usf_sf_02.jpg 1280w, https:\/\/franciscanos.org.br\/noticias\/wp-content\/uploads\/2023\/10\/usf_sf_02-450x253.jpg 450w, https:\/\/franciscanos.org.br\/noticias\/wp-content\/uploads\/2023\/10\/usf_sf_02-1024x576.jpg 1024w, https:\/\/franciscanos.org.br\/noticias\/wp-content\/uploads\/2023\/10\/usf_sf_02-768x432.jpg 768w, https:\/\/franciscanos.org.br\/noticias\/wp-content\/uploads\/2023\/10\/usf_sf_02-150x84.jpg 150w\" sizes=\"(max-width: 1280px) 100vw, 1280px\" \/><br \/>\nA Universidade S\u00e3o Francisco celebrou seu Padroeiro, o Poverello de Assis com Celebra\u00e7\u00f5es Eucar\u00edsticas em todos os C\u00e2mpus da Universidade: Dia 02\/10, \u00e0s 18h40, no C\u00e2mpus Itatiba; dia 04\/10, nos C\u00e2mpus Swfti \u00e0s 12h10; e no C\u00e2mpus Cambu\u00ed, \u00e0s 18h40; e dia 05\/10 no C\u00e2mpus Bragan\u00e7a Paulista, \u00e0s 18h40.<\/p>\n<p><img loading=\"lazy\" class=\"alignnone size-full wp-image-245055\" src=\"https:\/\/franciscanos.org.br\/noticias\/wp-content\/uploads\/2023\/10\/usf_sf_01.jpg\" alt=\"\" width=\"1280\" height=\"716\" srcset=\"https:\/\/franciscanos.org.br\/noticias\/wp-content\/uploads\/2023\/10\/usf_sf_01.jpg 1280w, https:\/\/franciscanos.org.br\/noticias\/wp-content\/uploads\/2023\/10\/usf_sf_01-450x252.jpg 450w, https:\/\/franciscanos.org.br\/noticias\/wp-content\/uploads\/2023\/10\/usf_sf_01-1024x573.jpg 1024w, https:\/\/franciscanos.org.br\/noticias\/wp-content\/uploads\/2023\/10\/usf_sf_01-768x430.jpg 768w, https:\/\/franciscanos.org.br\/noticias\/wp-content\/uploads\/2023\/10\/usf_sf_01-150x84.jpg 150w\" sizes=\"(max-width: 1280px) 100vw, 1280px\" \/><\/p>\n<p>Contou com a participa\u00e7\u00e3o da Reitoria, Coordenadores de cursos e de toda a Comunidade acad\u00eamica: colaboradores, doscentes e discentes. Foi um momento de Ora\u00e7\u00e3o, confraterniza\u00e7\u00e3o e de celebra\u00e7\u00e3o da vida em toda a sua plenitude. A liturgia foi rica e profunda, com textos inspiradores dos Escritos e Fontes Franciscanas que nos levaram a percorrer o Mist\u00e9rio de Cristo a modo de Francisco. Cantou-se sua vida e suas marcas indel\u00e9veis na hist\u00f3ria e no caminho espiritual..<\/p>\n<hr \/>\n<p><em>Pastoral Universit\u00e1ria da USF<\/em><\/p>\n<p><img loading=\"lazy\" class=\"alignnone size-full wp-image-245056\" src=\"https:\/\/franciscanos.org.br\/noticias\/wp-content\/uploads\/2023\/10\/usf_sf_03.jpg\" alt=\"\" width=\"1204\" height=\"1452\" srcset=\"https:\/\/franciscanos.org.br\/noticias\/wp-content\/uploads\/2023\/10\/usf_sf_03.jpg 896w, https:\/\/franciscanos.org.br\/noticias\/wp-content\/uploads\/2023\/10\/usf_sf_03-373x450.jpg 373w, https:\/\/franciscanos.org.br\/noticias\/wp-content\/uploads\/2023\/10\/usf_sf_03-849x1024.jpg 849w, https:\/\/franciscanos.org.br\/noticias\/wp-content\/uploads\/2023\/10\/usf_sf_03-768x926.jpg 768w, https:\/\/franciscanos.org.br\/noticias\/wp-content\/uploads\/2023\/10\/usf_sf_03-150x181.jpg 150w\" sizes=\"(max-width: 1204px) 100vw, 1204px\" \/><\/p>\n","protected":false},"excerpt":{"rendered":"<p>Universidade S\u00e3o Francisco<\/p>\n","protected":false},"author":3,"featured_media":245054,"comment_status":"open","ping_status":"open","sticky":false,"template":"","format":"standard","meta":[],"categories":[1],"tags":[1249],"acf":[],"yoast_head":"<!-- This site is optimized with the Yoast SEO plugin v19.2 - https:\/\/yoast.com\/wordpress\/plugins\/seo\/ -->\n<title>Universidade S\u00e3o Francisco celebra o seu Padroeiro - Not\u00edcias - Franciscanos<\/title>\n<meta name=\"robots\" content=\"index, follow, max-snippet:-1, max-image-preview:large, max-video-preview:-1\" \/>\n<link rel=\"canonical\" href=\"https:\/\/franciscanos.org.br\/noticias\/universidade-sao-francisco-celebra-o-seu-padroeiro.html\" \/>\n<meta property=\"og:locale\" content=\"pt_BR\" \/>\n<meta property=\"og:type\" content=\"article\" \/>\n<meta property=\"og:title\" content=\"Universidade S\u00e3o Francisco celebra o seu Padroeiro - Not\u00edcias - Franciscanos\" \/>\n<meta property=\"og:description\" content=\"Universidade S\u00e3o Francisco\" \/>\n<meta property=\"og:url\" content=\"https:\/\/franciscanos.org.br\/noticias\/universidade-sao-francisco-celebra-o-seu-padroeiro.html\" \/>\n<meta property=\"og:site_name\" content=\"Not\u00edcias - Franciscanos\" \/>\n<meta property=\"article:published_time\" content=\"2023-10-07T17:03:11+00:00\" \/>\n<meta property=\"article:modified_time\" content=\"2023-10-08T11:27:20+00:00\" \/>\n<meta property=\"og:image\" content=\"https:\/\/franciscanos.org.br\/noticias\/wp-content\/uploads\/2023\/10\/usf_sf_02.jpg\" \/>\n\t<meta property=\"og:image:width\" content=\"1280\" \/>\n\t<meta property=\"og:image:height\" content=\"720\" \/>\n\t<meta property=\"og:image:type\" content=\"image\/jpeg\" \/>\n<meta name=\"author\" content=\"moacir\" \/>\n<meta name=\"twitter:card\" content=\"summary_large_image\" \/>\n<meta name=\"twitter:label1\" content=\"Escrito por\" \/>\n\t<meta name=\"twitter:data1\" content=\"moacir\" \/>\n\t<meta name=\"twitter:label2\" content=\"Est. tempo de leitura\" \/>\n\t<meta name=\"twitter:data2\" content=\"1 minuto\" \/>\n<script type=\"application\/ld+json\" class=\"yoast-schema-graph\">{\"@context\":\"https:\/\/schema.org\",\"@graph\":[{\"@type\":\"WebSite\",\"@id\":\"https:\/\/franciscanos.org.br\/noticias\/#website\",\"url\":\"https:\/\/franciscanos.org.br\/noticias\/\",\"name\":\"Not\u00edcias - Franciscanos\",\"description\":\"Prov\u00edncia Franciscana da Imaculada Concei\u00e7\u00e3o do Brasil - Ordem dos Frades Menores - OFM\",\"potentialAction\":[{\"@type\":\"SearchAction\",\"target\":{\"@type\":\"EntryPoint\",\"urlTemplate\":\"https:\/\/franciscanos.org.br\/noticias\/?s={search_term_string}\"},\"query-input\":\"required name=search_term_string\"}],\"inLanguage\":\"pt-BR\"},{\"@type\":\"ImageObject\",\"inLanguage\":\"pt-BR\",\"@id\":\"https:\/\/franciscanos.org.br\/noticias\/universidade-sao-francisco-celebra-o-seu-padroeiro.html#primaryimage\",\"url\":\"https:\/\/franciscanos.org.br\/noticias\/wp-content\/uploads\/2023\/10\/usf_sf_02.jpg\",\"contentUrl\":\"https:\/\/franciscanos.org.br\/noticias\/wp-content\/uploads\/2023\/10\/usf_sf_02.jpg\",\"width\":1280,\"height\":720},{\"@type\":\"WebPage\",\"@id\":\"https:\/\/franciscanos.org.br\/noticias\/universidade-sao-francisco-celebra-o-seu-padroeiro.html#webpage\",\"url\":\"https:\/\/franciscanos.org.br\/noticias\/universidade-sao-francisco-celebra-o-seu-padroeiro.html\",\"name\":\"Universidade S\u00e3o Francisco celebra o seu Padroeiro - Not\u00edcias - Franciscanos\",\"isPartOf\":{\"@id\":\"https:\/\/franciscanos.org.br\/noticias\/#website\"},\"primaryImageOfPage\":{\"@id\":\"https:\/\/franciscanos.org.br\/noticias\/universidade-sao-francisco-celebra-o-seu-padroeiro.html#primaryimage\"},\"datePublished\":\"2023-10-07T17:03:11+00:00\",\"dateModified\":\"2023-10-08T11:27:20+00:00\",\"author\":{\"@id\":\"https:\/\/franciscanos.org.br\/noticias\/#\/schema\/person\/b5c8cba458c330ccff548b056e95a5d4\"},\"breadcrumb\":{\"@id\":\"https:\/\/franciscanos.org.br\/noticias\/universidade-sao-francisco-celebra-o-seu-padroeiro.html#breadcrumb\"},\"inLanguage\":\"pt-BR\",\"potentialAction\":[{\"@type\":\"ReadAction\",\"target\":[\"https:\/\/franciscanos.org.br\/noticias\/universidade-sao-francisco-celebra-o-seu-padroeiro.html\"]}]},{\"@type\":\"BreadcrumbList\",\"@id\":\"https:\/\/franciscanos.org.br\/noticias\/universidade-sao-francisco-celebra-o-seu-padroeiro.html#breadcrumb\",\"itemListElement\":[{\"@type\":\"ListItem\",\"position\":1,\"name\":\"Home\",\"item\":\"https:\/\/franciscanos.org.br\/noticias\"},{\"@type\":\"ListItem\",\"position\":2,\"name\":\"Universidade S\u00e3o Francisco celebra o seu Padroeiro\"}]},{\"@type\":\"Person\",\"@id\":\"https:\/\/franciscanos.org.br\/noticias\/#\/schema\/person\/b5c8cba458c330ccff548b056e95a5d4\",\"name\":\"moacir\",\"image\":{\"@type\":\"ImageObject\",\"inLanguage\":\"pt-BR\",\"@id\":\"https:\/\/franciscanos.org.br\/noticias\/#\/schema\/person\/image\/\",\"url\":\"https:\/\/secure.gravatar.com\/avatar\/d08aa2ce4c8dd416d4479aa8536fcf64?s=96&d=mm&r=g\",\"contentUrl\":\"https:\/\/secure.gravatar.com\/avatar\/d08aa2ce4c8dd416d4479aa8536fcf64?s=96&d=mm&r=g\",\"caption\":\"moacir\"},\"url\":\"https:\/\/franciscanos.org.br\/noticias\/author\/moacir\"}]}<\/script>\n<!-- \/ Yoast SEO plugin. -->","yoast_head_json":{"title":"Universidade S\u00e3o Francisco celebra o seu Padroeiro - Not\u00edcias - Franciscanos","robots":{"index":"index","follow":"follow","max-snippet":"max-snippet:-1","max-image-preview":"max-image-preview:large","max-video-preview":"max-video-preview:-1"},"canonical":"https:\/\/franciscanos.org.br\/noticias\/universidade-sao-francisco-celebra-o-seu-padroeiro.html","og_locale":"pt_BR","og_type":"article","og_title":"Universidade S\u00e3o Francisco celebra o seu Padroeiro - Not\u00edcias - Franciscanos","og_description":"Universidade S\u00e3o Francisco","og_url":"https:\/\/franciscanos.org.br\/noticias\/universidade-sao-francisco-celebra-o-seu-padroeiro.html","og_site_name":"Not\u00edcias - Franciscanos","article_published_time":"2023-10-07T17:03:11+00:00","article_modified_time":"2023-10-08T11:27:20+00:00","og_image":[{"width":1280,"height":720,"url":"https:\/\/franciscanos.org.br\/noticias\/wp-content\/uploads\/2023\/10\/usf_sf_02.jpg","type":"image\/jpeg"}],"author":"moacir","twitter_card":"summary_large_image","twitter_misc":{"Escrito por":"moacir","Est. tempo de leitura":"1 minuto"},"schema":{"@context":"https:\/\/schema.org","@graph":[{"@type":"WebSite","@id":"https:\/\/franciscanos.org.br\/noticias\/#website","url":"https:\/\/franciscanos.org.br\/noticias\/","name":"Not\u00edcias - Franciscanos","description":"Prov\u00edncia Franciscana da Imaculada Concei\u00e7\u00e3o do Brasil - Ordem dos Frades Menores - OFM","potentialAction":[{"@type":"SearchAction","target":{"@type":"EntryPoint","urlTemplate":"https:\/\/franciscanos.org.br\/noticias\/?s={search_term_string}"},"query-input":"required name=search_term_string"}],"inLanguage":"pt-BR"},{"@type":"ImageObject","inLanguage":"pt-BR","@id":"https:\/\/franciscanos.org.br\/noticias\/universidade-sao-francisco-celebra-o-seu-padroeiro.html#primaryimage","url":"https:\/\/franciscanos.org.br\/noticias\/wp-content\/uploads\/2023\/10\/usf_sf_02.jpg","contentUrl":"https:\/\/franciscanos.org.br\/noticias\/wp-content\/uploads\/2023\/10\/usf_sf_02.jpg","width":1280,"height":720},{"@type":"WebPage","@id":"https:\/\/franciscanos.org.br\/noticias\/universidade-sao-francisco-celebra-o-seu-padroeiro.html#webpage","url":"https:\/\/franciscanos.org.br\/noticias\/universidade-sao-francisco-celebra-o-seu-padroeiro.html","name":"Universidade S\u00e3o Francisco celebra o seu Padroeiro - Not\u00edcias - Franciscanos","isPartOf":{"@id":"https:\/\/franciscanos.org.br\/noticias\/#website"},"primaryImageOfPage":{"@id":"https:\/\/franciscanos.org.br\/noticias\/universidade-sao-francisco-celebra-o-seu-padroeiro.html#primaryimage"},"datePublished":"2023-10-07T17:03:11+00:00","dateModified":"2023-10-08T11:27:20+00:00","author":{"@id":"https:\/\/franciscanos.org.br\/noticias\/#\/schema\/person\/b5c8cba458c330ccff548b056e95a5d4"},"breadcrumb":{"@id":"https:\/\/franciscanos.org.br\/noticias\/universidade-sao-francisco-celebra-o-seu-padroeiro.html#breadcrumb"},"inLanguage":"pt-BR","potentialAction":[{"@type":"ReadAction","target":["https:\/\/franciscanos.org.br\/noticias\/universidade-sao-francisco-celebra-o-seu-padroeiro.html"]}]},{"@type":"BreadcrumbList","@id":"https:\/\/franciscanos.org.br\/noticias\/universidade-sao-francisco-celebra-o-seu-padroeiro.html#breadcrumb","itemListElement":[{"@type":"ListItem","position":1,"name":"Home","item":"https:\/\/franciscanos.org.br\/noticias"},{"@type":"ListItem","position":2,"name":"Universidade S\u00e3o Francisco celebra o seu Padroeiro"}]},{"@type":"Person","@id":"https:\/\/franciscanos.org.br\/noticias\/#\/schema\/person\/b5c8cba458c330ccff548b056e95a5d4","name":"moacir","image":{"@type":"ImageObject","inLanguage":"pt-BR","@id":"https:\/\/franciscanos.org.br\/noticias\/#\/schema\/person\/image\/","url":"https:\/\/secure.gravatar.com\/avatar\/d08aa2ce4c8dd416d4479aa8536fcf64?s=96&d=mm&r=g","contentUrl":"https:\/\/secure.gravatar.com\/avatar\/d08aa2ce4c8dd416d4479aa8536fcf64?s=96&d=mm&r=g","caption":"moacir"},"url":"https:\/\/franciscanos.org.br\/noticias\/author\/moacir"}]}},"_links":{"self":[{"href":"https:\/\/franciscanos.org.br\/noticias\/wp-json\/wp\/v2\/posts\/245053"}],"collection":[{"href":"https:\/\/franciscanos.org.br\/noticias\/wp-json\/wp\/v2\/posts"}],"about":[{"href":"https:\/\/franciscanos.org.br\/noticias\/wp-json\/wp\/v2\/types\/post"}],"author":[{"embeddable":true,"href":"https:\/\/franciscanos.org.br\/noticias\/wp-json\/wp\/v2\/users\/3"}],"replies":[{"embeddable":true,"href":"https:\/\/franciscanos.org.br\/noticias\/wp-json\/wp\/v2\/comments?post=245053"}],"version-history":[{"count":1,"href":"https:\/\/franciscanos.org.br\/noticias\/wp-json\/wp\/v2\/posts\/245053\/revisions"}],"predecessor-version":[{"id":245057,"href":"https:\/\/franciscanos.org.br\/noticias\/wp-json\/wp\/v2\/posts\/245053\/revisions\/245057"}],"wp:featuredmedia":[{"embeddable":true,"href":"https:\/\/franciscanos.org.br\/noticias\/wp-json\/wp\/v2\/media\/245054"}],"wp:attachment":[{"href":"https:\/\/franciscanos.org.br\/noticias\/wp-json\/wp\/v2\/media?parent=245053"}],"wp:term":[{"taxonomy":"category","embeddable":true,"href":"https:\/\/franciscanos.org.br\/noticias\/wp-json\/wp\/v2\/categories?post=245053"},{"taxonomy":"post_tag","embeddable":true,"href":"https:\/\/franciscanos.org.br\/noticias\/wp-json\/wp\/v2\/tags?post=245053"}],"curies":[{"name":"wp","href":"https:\/\/api.w.org\/{rel}","templated":true}]}}