{"id":245045,"date":"2023-10-06T08:14:46","date_gmt":"2023-10-06T11:14:46","guid":{"rendered":"https:\/\/franciscanos.org.br\/noticias\/?p=245045"},"modified":"2023-10-08T08:27:57","modified_gmt":"2023-10-08T11:27:57","slug":"sorocaba-festa-em-honra-e-louvor-a-sao-francisco-de-assis","status":"publish","type":"post","link":"https:\/\/franciscanos.org.br\/noticias\/sorocaba-festa-em-honra-e-louvor-a-sao-francisco-de-assis.html","title":{"rendered":"Sorocaba: Festa em honra e louvor a S\u00e3o Francisco de Assis"},"content":{"rendered":"<p><img loading=\"lazy\" class=\"alignnone size-full wp-image-245046\" src=\"https:\/\/franciscanos.org.br\/noticias\/wp-content\/uploads\/2023\/10\/sfsorocaba_06.jpg\" alt=\"\" width=\"1280\" height=\"720\" srcset=\"https:\/\/franciscanos.org.br\/noticias\/wp-content\/uploads\/2023\/10\/sfsorocaba_06.jpg 1280w, https:\/\/franciscanos.org.br\/noticias\/wp-content\/uploads\/2023\/10\/sfsorocaba_06-450x253.jpg 450w, https:\/\/franciscanos.org.br\/noticias\/wp-content\/uploads\/2023\/10\/sfsorocaba_06-1024x576.jpg 1024w, https:\/\/franciscanos.org.br\/noticias\/wp-content\/uploads\/2023\/10\/sfsorocaba_06-768x432.jpg 768w, https:\/\/franciscanos.org.br\/noticias\/wp-content\/uploads\/2023\/10\/sfsorocaba_06-150x84.jpg 150w\" sizes=\"(max-width: 1280px) 100vw, 1280px\" \/><\/p>\n<p>Nesse 4 de outubro aconteceu, na Par\u00f3quia Santo Ant\u00f4nio, em Sorocaba, o encerramento da Festa em honra em louvor a S\u00e3o Francisco de Assis. A festa teve in\u00edcio no dia 1\u00ba de outubro com o tr\u00edduo que se estendeu aos dias 2 e 3 na matriz. O tema principal que motivou nossas reflex\u00f5es foi: \u201cNo pres\u00e9pio de Greccio, Francisco revela a fragilidade humana e o imenso amor de Deus\u201d.<\/p>\n<p>No domingo, 1\u00ba de outubro, primeiro dia do tr\u00edduo, a Santa Missa aconteceu em dois hor\u00e1rios, sendo presidida pelo P\u00e1roco Frei Gilberto Marcos Sessino Piscitelli, \u00e0s 10h e \u00e0s 19h. Em sua homilia, Frei Gilberto nos levou a refletir sobre a &#8220;fragilidade&#8221;, lema desse primeiro dia do tr\u00edduo, e falou sobre um beb\u00ea, que \u00e9 a criatura mais fr\u00e1gil que temos, e que Deus em seu amor t\u00e3o grande pelo ser humano, colocou-se igual ao ser humano, fr\u00e1gil em tudo menos no pecado.<\/p>\n<p><img loading=\"lazy\" class=\"alignnone size-full wp-image-245047\" src=\"https:\/\/franciscanos.org.br\/noticias\/wp-content\/uploads\/2023\/10\/sfsorocaba_05.jpg\" alt=\"\" width=\"1200\" height=\"800\" srcset=\"https:\/\/franciscanos.org.br\/noticias\/wp-content\/uploads\/2023\/10\/sfsorocaba_05.jpg 1200w, https:\/\/franciscanos.org.br\/noticias\/wp-content\/uploads\/2023\/10\/sfsorocaba_05-450x300.jpg 450w, https:\/\/franciscanos.org.br\/noticias\/wp-content\/uploads\/2023\/10\/sfsorocaba_05-1024x683.jpg 1024w, https:\/\/franciscanos.org.br\/noticias\/wp-content\/uploads\/2023\/10\/sfsorocaba_05-768x512.jpg 768w, https:\/\/franciscanos.org.br\/noticias\/wp-content\/uploads\/2023\/10\/sfsorocaba_05-150x100.jpg 150w\" sizes=\"(max-width: 1200px) 100vw, 1200px\" \/><\/p>\n<p>Ainda no domingo, Frei Gilberto e o di\u00e1cono Ant\u00f4nio Tamiozzo concederam a b\u00ean\u00e7\u00e3o de S\u00e3o Francisco de Assis aos animais. Foram aben\u00e7oados aproximadamente quarenta animais.<\/p>\n<p>J\u00e1 na segunda-feira, segundo dia do tr\u00edduo, tendo como lema &#8220;Revela\u00e7\u00e3o&#8221;, Frei Gilberto comentou sobre S\u00e3o Francisco que, ao usar os elementos da natureza para criar o pres\u00e9pio, lembra que todos somos parte do mesmo criador.<\/p>\n<p>Relembrou tamb\u00e9m algumas das hist\u00f3rias de S\u00e3o Francisco que mostram a harmonia do santo com as demais criaturas, citando como exemplo o relacionamento de Francisco e o falc\u00e3o do Monte Alverne, o qual, durante um per\u00edodo dif\u00edcil na vida de Francisco, quando o mesmo j\u00e1 se encontrava doente e n\u00e3o conseguia acordar para suas ora\u00e7\u00f5es matutinas, aparecia para despert\u00e1-lo, cantando e batendo na cabana at\u00e9 que Francisco se levantasse.<\/p>\n<p><img loading=\"lazy\" class=\"alignnone size-full wp-image-245049\" src=\"https:\/\/franciscanos.org.br\/noticias\/wp-content\/uploads\/2023\/10\/sfsorocaba_04.jpg\" alt=\"\" width=\"1200\" height=\"800\" srcset=\"https:\/\/franciscanos.org.br\/noticias\/wp-content\/uploads\/2023\/10\/sfsorocaba_04.jpg 1200w, https:\/\/franciscanos.org.br\/noticias\/wp-content\/uploads\/2023\/10\/sfsorocaba_04-450x300.jpg 450w, https:\/\/franciscanos.org.br\/noticias\/wp-content\/uploads\/2023\/10\/sfsorocaba_04-1024x683.jpg 1024w, https:\/\/franciscanos.org.br\/noticias\/wp-content\/uploads\/2023\/10\/sfsorocaba_04-768x512.jpg 768w, https:\/\/franciscanos.org.br\/noticias\/wp-content\/uploads\/2023\/10\/sfsorocaba_04-150x100.jpg 150w\" sizes=\"(max-width: 1200px) 100vw, 1200px\" \/><\/p>\n<p>O terceiro dia do tr\u00edduo, que aconteceu na ter\u00e7a-feira, nos trouxe para reflex\u00e3o o lema &#8220;Amor de Deus&#8221;. Frei Gilberto, em sua homilia, nos convidou a pensar sobre o amor descoberto por Francisco para com Jesus, um encantamento pelas criaturas. Encantamento que o faz louvar a vida do Menino Jesus no pres\u00e9pio, mas \u00e9 o mesmo encantamento que o faz louvar tamb\u00e9m a irm\u00e3 morte, fazendo-o se aproximar ainda mais do Seu Senhor.<\/p>\n<p>No dia 4 de outubro, dia de S\u00e3o Francisco de Assis, a Santa Missa foi marcada pela leitura da carta de S\u00e3o Francisco de Assis a todos os fi\u00e9is, onde h\u00e1 recomenda\u00e7\u00f5es de S\u00e3o Francisco sobre o que devemos praticar de bom e de correto em nossa vida para a nossa salva\u00e7\u00e3o.<\/p>\n<p><img loading=\"lazy\" class=\"alignnone size-full wp-image-245050\" src=\"https:\/\/franciscanos.org.br\/noticias\/wp-content\/uploads\/2023\/10\/sfsorocaba_01-1.jpg\" alt=\"\" width=\"1200\" height=\"800\" srcset=\"https:\/\/franciscanos.org.br\/noticias\/wp-content\/uploads\/2023\/10\/sfsorocaba_01-1.jpg 1200w, https:\/\/franciscanos.org.br\/noticias\/wp-content\/uploads\/2023\/10\/sfsorocaba_01-1-450x300.jpg 450w, https:\/\/franciscanos.org.br\/noticias\/wp-content\/uploads\/2023\/10\/sfsorocaba_01-1-1024x683.jpg 1024w, https:\/\/franciscanos.org.br\/noticias\/wp-content\/uploads\/2023\/10\/sfsorocaba_01-1-768x512.jpg 768w, https:\/\/franciscanos.org.br\/noticias\/wp-content\/uploads\/2023\/10\/sfsorocaba_01-1-150x100.jpg 150w\" sizes=\"(max-width: 1200px) 100vw, 1200px\" \/><\/p>\n<p>Meditando sobre as viv\u00eancias de S\u00e3o Francisco de Assis, Frei Gilberto nos explicou sobre a Minoridade Franciscana, vivida por S\u00e3o Francisco, que \u00e9 viver &#8220;abandonado, \u00fanica e exclusivamente ao amor de Deus, sem querer nada para si, sem querer nada que agrade a pr\u00f3pria pessoa&#8221;.<\/p>\n<hr \/>\n<p><em>Texto e Fotos: Pascom Par\u00f3quia Santo Ant\u00f4nio em Sorocaba<\/em><\/p>\n","protected":false},"excerpt":{"rendered":"<p>Festa de S\u00e3o Francisco de Assis<\/p>\n","protected":false},"author":3,"featured_media":245046,"comment_status":"open","ping_status":"open","sticky":false,"template":"","format":"standard","meta":[],"categories":[1],"tags":[1249],"acf":[],"yoast_head":"<!-- This site is optimized with the Yoast SEO plugin v19.2 - https:\/\/yoast.com\/wordpress\/plugins\/seo\/ -->\n<title>Sorocaba: Festa em honra e louvor a S\u00e3o Francisco de Assis - Not\u00edcias - Franciscanos<\/title>\n<meta name=\"robots\" content=\"index, follow, max-snippet:-1, max-image-preview:large, max-video-preview:-1\" \/>\n<link rel=\"canonical\" href=\"https:\/\/franciscanos.org.br\/noticias\/sorocaba-festa-em-honra-e-louvor-a-sao-francisco-de-assis.html\" \/>\n<meta property=\"og:locale\" content=\"pt_BR\" \/>\n<meta property=\"og:type\" content=\"article\" \/>\n<meta property=\"og:title\" content=\"Sorocaba: Festa em honra e louvor a S\u00e3o Francisco de Assis - Not\u00edcias - Franciscanos\" \/>\n<meta property=\"og:description\" content=\"Festa de S\u00e3o Francisco de Assis\" \/>\n<meta property=\"og:url\" content=\"https:\/\/franciscanos.org.br\/noticias\/sorocaba-festa-em-honra-e-louvor-a-sao-francisco-de-assis.html\" \/>\n<meta property=\"og:site_name\" content=\"Not\u00edcias - Franciscanos\" \/>\n<meta property=\"article:published_time\" content=\"2023-10-06T11:14:46+00:00\" \/>\n<meta property=\"article:modified_time\" content=\"2023-10-08T11:27:57+00:00\" \/>\n<meta property=\"og:image\" content=\"https:\/\/franciscanos.org.br\/noticias\/wp-content\/uploads\/2023\/10\/sfsorocaba_06.jpg\" \/>\n\t<meta property=\"og:image:width\" content=\"1280\" \/>\n\t<meta property=\"og:image:height\" content=\"720\" \/>\n\t<meta property=\"og:image:type\" content=\"image\/jpeg\" \/>\n<meta name=\"author\" content=\"moacir\" \/>\n<meta name=\"twitter:card\" content=\"summary_large_image\" \/>\n<meta name=\"twitter:label1\" content=\"Escrito por\" \/>\n\t<meta name=\"twitter:data1\" content=\"moacir\" \/>\n\t<meta name=\"twitter:label2\" content=\"Est. tempo de leitura\" \/>\n\t<meta name=\"twitter:data2\" content=\"3 minutos\" \/>\n<script type=\"application\/ld+json\" class=\"yoast-schema-graph\">{\"@context\":\"https:\/\/schema.org\",\"@graph\":[{\"@type\":\"WebSite\",\"@id\":\"https:\/\/franciscanos.org.br\/noticias\/#website\",\"url\":\"https:\/\/franciscanos.org.br\/noticias\/\",\"name\":\"Not\u00edcias - Franciscanos\",\"description\":\"Prov\u00edncia Franciscana da Imaculada Concei\u00e7\u00e3o do Brasil - Ordem dos Frades Menores - OFM\",\"potentialAction\":[{\"@type\":\"SearchAction\",\"target\":{\"@type\":\"EntryPoint\",\"urlTemplate\":\"https:\/\/franciscanos.org.br\/noticias\/?s={search_term_string}\"},\"query-input\":\"required name=search_term_string\"}],\"inLanguage\":\"pt-BR\"},{\"@type\":\"ImageObject\",\"inLanguage\":\"pt-BR\",\"@id\":\"https:\/\/franciscanos.org.br\/noticias\/sorocaba-festa-em-honra-e-louvor-a-sao-francisco-de-assis.html#primaryimage\",\"url\":\"https:\/\/franciscanos.org.br\/noticias\/wp-content\/uploads\/2023\/10\/sfsorocaba_06.jpg\",\"contentUrl\":\"https:\/\/franciscanos.org.br\/noticias\/wp-content\/uploads\/2023\/10\/sfsorocaba_06.jpg\",\"width\":1280,\"height\":720},{\"@type\":\"WebPage\",\"@id\":\"https:\/\/franciscanos.org.br\/noticias\/sorocaba-festa-em-honra-e-louvor-a-sao-francisco-de-assis.html#webpage\",\"url\":\"https:\/\/franciscanos.org.br\/noticias\/sorocaba-festa-em-honra-e-louvor-a-sao-francisco-de-assis.html\",\"name\":\"Sorocaba: Festa em honra e louvor a S\u00e3o Francisco de Assis - Not\u00edcias - Franciscanos\",\"isPartOf\":{\"@id\":\"https:\/\/franciscanos.org.br\/noticias\/#website\"},\"primaryImageOfPage\":{\"@id\":\"https:\/\/franciscanos.org.br\/noticias\/sorocaba-festa-em-honra-e-louvor-a-sao-francisco-de-assis.html#primaryimage\"},\"datePublished\":\"2023-10-06T11:14:46+00:00\",\"dateModified\":\"2023-10-08T11:27:57+00:00\",\"author\":{\"@id\":\"https:\/\/franciscanos.org.br\/noticias\/#\/schema\/person\/b5c8cba458c330ccff548b056e95a5d4\"},\"breadcrumb\":{\"@id\":\"https:\/\/franciscanos.org.br\/noticias\/sorocaba-festa-em-honra-e-louvor-a-sao-francisco-de-assis.html#breadcrumb\"},\"inLanguage\":\"pt-BR\",\"potentialAction\":[{\"@type\":\"ReadAction\",\"target\":[\"https:\/\/franciscanos.org.br\/noticias\/sorocaba-festa-em-honra-e-louvor-a-sao-francisco-de-assis.html\"]}]},{\"@type\":\"BreadcrumbList\",\"@id\":\"https:\/\/franciscanos.org.br\/noticias\/sorocaba-festa-em-honra-e-louvor-a-sao-francisco-de-assis.html#breadcrumb\",\"itemListElement\":[{\"@type\":\"ListItem\",\"position\":1,\"name\":\"Home\",\"item\":\"https:\/\/franciscanos.org.br\/noticias\"},{\"@type\":\"ListItem\",\"position\":2,\"name\":\"Sorocaba: Festa em honra e louvor a S\u00e3o Francisco de Assis\"}]},{\"@type\":\"Person\",\"@id\":\"https:\/\/franciscanos.org.br\/noticias\/#\/schema\/person\/b5c8cba458c330ccff548b056e95a5d4\",\"name\":\"moacir\",\"image\":{\"@type\":\"ImageObject\",\"inLanguage\":\"pt-BR\",\"@id\":\"https:\/\/franciscanos.org.br\/noticias\/#\/schema\/person\/image\/\",\"url\":\"https:\/\/secure.gravatar.com\/avatar\/d08aa2ce4c8dd416d4479aa8536fcf64?s=96&d=mm&r=g\",\"contentUrl\":\"https:\/\/secure.gravatar.com\/avatar\/d08aa2ce4c8dd416d4479aa8536fcf64?s=96&d=mm&r=g\",\"caption\":\"moacir\"},\"url\":\"https:\/\/franciscanos.org.br\/noticias\/author\/moacir\"}]}<\/script>\n<!-- \/ Yoast SEO plugin. -->","yoast_head_json":{"title":"Sorocaba: Festa em honra e louvor a S\u00e3o Francisco de Assis - Not\u00edcias - Franciscanos","robots":{"index":"index","follow":"follow","max-snippet":"max-snippet:-1","max-image-preview":"max-image-preview:large","max-video-preview":"max-video-preview:-1"},"canonical":"https:\/\/franciscanos.org.br\/noticias\/sorocaba-festa-em-honra-e-louvor-a-sao-francisco-de-assis.html","og_locale":"pt_BR","og_type":"article","og_title":"Sorocaba: Festa em honra e louvor a S\u00e3o Francisco de Assis - Not\u00edcias - Franciscanos","og_description":"Festa de S\u00e3o Francisco de Assis","og_url":"https:\/\/franciscanos.org.br\/noticias\/sorocaba-festa-em-honra-e-louvor-a-sao-francisco-de-assis.html","og_site_name":"Not\u00edcias - Franciscanos","article_published_time":"2023-10-06T11:14:46+00:00","article_modified_time":"2023-10-08T11:27:57+00:00","og_image":[{"width":1280,"height":720,"url":"https:\/\/franciscanos.org.br\/noticias\/wp-content\/uploads\/2023\/10\/sfsorocaba_06.jpg","type":"image\/jpeg"}],"author":"moacir","twitter_card":"summary_large_image","twitter_misc":{"Escrito por":"moacir","Est. tempo de leitura":"3 minutos"},"schema":{"@context":"https:\/\/schema.org","@graph":[{"@type":"WebSite","@id":"https:\/\/franciscanos.org.br\/noticias\/#website","url":"https:\/\/franciscanos.org.br\/noticias\/","name":"Not\u00edcias - Franciscanos","description":"Prov\u00edncia Franciscana da Imaculada Concei\u00e7\u00e3o do Brasil - Ordem dos Frades Menores - OFM","potentialAction":[{"@type":"SearchAction","target":{"@type":"EntryPoint","urlTemplate":"https:\/\/franciscanos.org.br\/noticias\/?s={search_term_string}"},"query-input":"required name=search_term_string"}],"inLanguage":"pt-BR"},{"@type":"ImageObject","inLanguage":"pt-BR","@id":"https:\/\/franciscanos.org.br\/noticias\/sorocaba-festa-em-honra-e-louvor-a-sao-francisco-de-assis.html#primaryimage","url":"https:\/\/franciscanos.org.br\/noticias\/wp-content\/uploads\/2023\/10\/sfsorocaba_06.jpg","contentUrl":"https:\/\/franciscanos.org.br\/noticias\/wp-content\/uploads\/2023\/10\/sfsorocaba_06.jpg","width":1280,"height":720},{"@type":"WebPage","@id":"https:\/\/franciscanos.org.br\/noticias\/sorocaba-festa-em-honra-e-louvor-a-sao-francisco-de-assis.html#webpage","url":"https:\/\/franciscanos.org.br\/noticias\/sorocaba-festa-em-honra-e-louvor-a-sao-francisco-de-assis.html","name":"Sorocaba: Festa em honra e louvor a S\u00e3o Francisco de Assis - Not\u00edcias - Franciscanos","isPartOf":{"@id":"https:\/\/franciscanos.org.br\/noticias\/#website"},"primaryImageOfPage":{"@id":"https:\/\/franciscanos.org.br\/noticias\/sorocaba-festa-em-honra-e-louvor-a-sao-francisco-de-assis.html#primaryimage"},"datePublished":"2023-10-06T11:14:46+00:00","dateModified":"2023-10-08T11:27:57+00:00","author":{"@id":"https:\/\/franciscanos.org.br\/noticias\/#\/schema\/person\/b5c8cba458c330ccff548b056e95a5d4"},"breadcrumb":{"@id":"https:\/\/franciscanos.org.br\/noticias\/sorocaba-festa-em-honra-e-louvor-a-sao-francisco-de-assis.html#breadcrumb"},"inLanguage":"pt-BR","potentialAction":[{"@type":"ReadAction","target":["https:\/\/franciscanos.org.br\/noticias\/sorocaba-festa-em-honra-e-louvor-a-sao-francisco-de-assis.html"]}]},{"@type":"BreadcrumbList","@id":"https:\/\/franciscanos.org.br\/noticias\/sorocaba-festa-em-honra-e-louvor-a-sao-francisco-de-assis.html#breadcrumb","itemListElement":[{"@type":"ListItem","position":1,"name":"Home","item":"https:\/\/franciscanos.org.br\/noticias"},{"@type":"ListItem","position":2,"name":"Sorocaba: Festa em honra e louvor a S\u00e3o Francisco de Assis"}]},{"@type":"Person","@id":"https:\/\/franciscanos.org.br\/noticias\/#\/schema\/person\/b5c8cba458c330ccff548b056e95a5d4","name":"moacir","image":{"@type":"ImageObject","inLanguage":"pt-BR","@id":"https:\/\/franciscanos.org.br\/noticias\/#\/schema\/person\/image\/","url":"https:\/\/secure.gravatar.com\/avatar\/d08aa2ce4c8dd416d4479aa8536fcf64?s=96&d=mm&r=g","contentUrl":"https:\/\/secure.gravatar.com\/avatar\/d08aa2ce4c8dd416d4479aa8536fcf64?s=96&d=mm&r=g","caption":"moacir"},"url":"https:\/\/franciscanos.org.br\/noticias\/author\/moacir"}]}},"_links":{"self":[{"href":"https:\/\/franciscanos.org.br\/noticias\/wp-json\/wp\/v2\/posts\/245045"}],"collection":[{"href":"https:\/\/franciscanos.org.br\/noticias\/wp-json\/wp\/v2\/posts"}],"about":[{"href":"https:\/\/franciscanos.org.br\/noticias\/wp-json\/wp\/v2\/types\/post"}],"author":[{"embeddable":true,"href":"https:\/\/franciscanos.org.br\/noticias\/wp-json\/wp\/v2\/users\/3"}],"replies":[{"embeddable":true,"href":"https:\/\/franciscanos.org.br\/noticias\/wp-json\/wp\/v2\/comments?post=245045"}],"version-history":[{"count":2,"href":"https:\/\/franciscanos.org.br\/noticias\/wp-json\/wp\/v2\/posts\/245045\/revisions"}],"predecessor-version":[{"id":245052,"href":"https:\/\/franciscanos.org.br\/noticias\/wp-json\/wp\/v2\/posts\/245045\/revisions\/245052"}],"wp:featuredmedia":[{"embeddable":true,"href":"https:\/\/franciscanos.org.br\/noticias\/wp-json\/wp\/v2\/media\/245046"}],"wp:attachment":[{"href":"https:\/\/franciscanos.org.br\/noticias\/wp-json\/wp\/v2\/media?parent=245045"}],"wp:term":[{"taxonomy":"category","embeddable":true,"href":"https:\/\/franciscanos.org.br\/noticias\/wp-json\/wp\/v2\/categories?post=245045"},{"taxonomy":"post_tag","embeddable":true,"href":"https:\/\/franciscanos.org.br\/noticias\/wp-json\/wp\/v2\/tags?post=245045"}],"curies":[{"name":"wp","href":"https:\/\/api.w.org\/{rel}","templated":true}]}}