{"id":245028,"date":"2023-10-05T18:32:01","date_gmt":"2023-10-05T21:32:01","guid":{"rendered":"https:\/\/franciscanos.org.br\/noticias\/?p=245028"},"modified":"2023-10-08T08:37:01","modified_gmt":"2023-10-08T11:37:01","slug":"na-festa-de-sao-francisco-frades-fazem-renovacao-de-votos-continuadores-da-construcao-da-casa-de-deus","status":"publish","type":"post","link":"https:\/\/franciscanos.org.br\/noticias\/na-festa-de-sao-francisco-frades-fazem-renovacao-de-votos-continuadores-da-construcao-da-casa-de-deus.html","title":{"rendered":"Regional Esp\u00edrito Santo:  frades fazem renova\u00e7\u00e3o de votos"},"content":{"rendered":"<p><img loading=\"lazy\" class=\"alignnone size-full wp-image-245029\" src=\"https:\/\/franciscanos.org.br\/noticias\/wp-content\/uploads\/2023\/10\/renova_01.jpg\" alt=\"\" width=\"1024\" height=\"683\" srcset=\"https:\/\/franciscanos.org.br\/noticias\/wp-content\/uploads\/2023\/10\/renova_01.jpg 1024w, https:\/\/franciscanos.org.br\/noticias\/wp-content\/uploads\/2023\/10\/renova_01-450x300.jpg 450w, https:\/\/franciscanos.org.br\/noticias\/wp-content\/uploads\/2023\/10\/renova_01-768x512.jpg 768w, https:\/\/franciscanos.org.br\/noticias\/wp-content\/uploads\/2023\/10\/renova_01-150x100.jpg 150w\" sizes=\"(max-width: 1024px) 100vw, 1024px\" \/><\/p>\n<p>O dia de S\u00e3o Francisco de Assis foi especial no Santu\u00e1rio do Divino Esp\u00edrito Santo. \u00c0 noite foi celebrada a Missa Solene em louvor a S\u00e3o Francisco de Assis, pelo 1\u00ba dia do Tr\u00edduo de Nossa Senhora do Ros\u00e1rio e a renova\u00e7\u00e3o dos votos dos frades do Regional do Esp\u00edrito Santoi. As Fraternidades do Convento da Penha, da Par\u00f3quia Santa Clara de Assis de Colatina, a anfitri\u00e3 do Santu\u00e1rio do Divino Esp\u00edrito Santo e a Ordem Franciscana Secular (OFS), participaram da Celebra\u00e7\u00e3o da Eucaristia que foi presidida pelo Frei Fid\u00eancio Vanboemmel, Definidor da Prov\u00edncia Franciscana da Imaculada Concei\u00e7\u00e3o do Brasil. Tamb\u00e9m estiveram presentes o Padre Osmar Braido, da Par\u00f3quia Nossa Senhora das Gra\u00e7as e o di\u00e1cono Cl\u00e1udio Campelo.<\/p>\n<p><img loading=\"lazy\" class=\"alignnone size-full wp-image-245030\" src=\"https:\/\/franciscanos.org.br\/noticias\/wp-content\/uploads\/2023\/10\/renova_07.jpg\" alt=\"\" width=\"1280\" height=\"853\" srcset=\"https:\/\/franciscanos.org.br\/noticias\/wp-content\/uploads\/2023\/10\/renova_07.jpg 1280w, https:\/\/franciscanos.org.br\/noticias\/wp-content\/uploads\/2023\/10\/renova_07-450x300.jpg 450w, https:\/\/franciscanos.org.br\/noticias\/wp-content\/uploads\/2023\/10\/renova_07-1024x682.jpg 1024w, https:\/\/franciscanos.org.br\/noticias\/wp-content\/uploads\/2023\/10\/renova_07-768x512.jpg 768w, https:\/\/franciscanos.org.br\/noticias\/wp-content\/uploads\/2023\/10\/renova_07-150x100.jpg 150w\" sizes=\"(max-width: 1280px) 100vw, 1280px\" \/><\/p>\n<p>Na homilia da Missa, Frei Fid\u00eancio explicou que, a partir de 2023, a Fam\u00edlia Franciscana celebrar\u00e1 uma s\u00e9rie de Jubileus, a come\u00e7ar pelos 800 anos da aprova\u00e7\u00e3o da Regra Bulada e 800 anos do Natal em Greccio. Os grandes centen\u00e1rios v\u00e3o at\u00e9 o ano de 2026, quando ser\u00e1 celebrada a P\u00e1scoa de S\u00e3o Francisco de Assis. \u201cTodos esses centen\u00e1rios n\u00e3o s\u00e3o fatos pontuais, celebra\u00e7\u00f5es ocasionais, coisas que aconteceram em um determinado momento da vida de S\u00e3o Francisco. Os cinco centen\u00e1rios nos mostram um resultado de um homem de Deus que se colocou na inteira escuta do Evangelho, na inteira escuta da Palavra de Deus, um homem que foi conformando a sua vida com a vida de Nosso Senhor Jesus Cristo&#8221;, ressaltou Frei Fid\u00eancio.<\/p>\n<p><img loading=\"lazy\" class=\"alignnone size-full wp-image-245031\" src=\"https:\/\/franciscanos.org.br\/noticias\/wp-content\/uploads\/2023\/10\/renova_03.jpg\" alt=\"\" width=\"1280\" height=\"853\" srcset=\"https:\/\/franciscanos.org.br\/noticias\/wp-content\/uploads\/2023\/10\/renova_03.jpg 1280w, https:\/\/franciscanos.org.br\/noticias\/wp-content\/uploads\/2023\/10\/renova_03-450x300.jpg 450w, https:\/\/franciscanos.org.br\/noticias\/wp-content\/uploads\/2023\/10\/renova_03-1024x682.jpg 1024w, https:\/\/franciscanos.org.br\/noticias\/wp-content\/uploads\/2023\/10\/renova_03-768x512.jpg 768w, https:\/\/franciscanos.org.br\/noticias\/wp-content\/uploads\/2023\/10\/renova_03-150x100.jpg 150w\" sizes=\"(max-width: 1280px) 100vw, 1280px\" \/><\/p>\n<p>&#8220;Por isso, ao celebrarmos os 800 anos da nossa Regra Bulada, recordamos que ela come\u00e7a dizendo que a vida dos Frades Menores \u00e9 esta: observar o Santo Evangelho de Nosso Senhor Jesus Cristo, vivendo em pobreza, sem nada de pr\u00f3prio e em castidade; e depois ele termina esta mesma regra, \u2018para que possamos cumprir fielmente o Evangelho de Nosso Senhor Jesus Cristo que prometemos ao Senhor observar\u2019. Esta Regra de vida, que se abre com as palavras do Evangelho, uma Regra de Vida, que depois conclui com a palavra Evangelho, ou seja, um projeto evang\u00e9lico elaborado por Francisco e sua Fraternidade, inspirado sempre na pr\u00f3pria Palavra de Deus. Ent\u00e3o n\u00f3s, Frades Menores, hoje nesta Celebra\u00e7\u00e3o Eucar\u00edstica, queremos diante de voc\u00eas, povo de Deus, para voc\u00eas e para Deus, queremos renovar o nosso compromisso e fidelidade a esta Regra que tem 800 anos de hist\u00f3ria e n\u00f3s carregamos sobre os nossos ombros, hoje, o peso desta hist\u00f3ria, a grandeza dessa hist\u00f3ria, a riqueza da nossa hist\u00f3ria. E se olharmos para o retrovisor da nossa Regra, quantos Santos e quantas santas nasceram, viveram tamb\u00e9m por essas mesmas palavras do Santo Evangelho de Nosso Senhor Jesus Cristo, Que n\u00f3s queremos fraternalmente renovar esta nossa fidelidade ao Senhor, ao Santo Evangelho, sendo fi\u00e9is tamb\u00e9m ao nosso Fundador, nosso Ser\u00e1fico Pai S\u00e3o Francisco\u201d, afirmou.<\/p>\n<p><img loading=\"lazy\" class=\"alignnone size-full wp-image-245034\" src=\"https:\/\/franciscanos.org.br\/noticias\/wp-content\/uploads\/2023\/10\/renova_06.jpg\" alt=\"\" width=\"1280\" height=\"853\" srcset=\"https:\/\/franciscanos.org.br\/noticias\/wp-content\/uploads\/2023\/10\/renova_06.jpg 1280w, https:\/\/franciscanos.org.br\/noticias\/wp-content\/uploads\/2023\/10\/renova_06-450x300.jpg 450w, https:\/\/franciscanos.org.br\/noticias\/wp-content\/uploads\/2023\/10\/renova_06-1024x682.jpg 1024w, https:\/\/franciscanos.org.br\/noticias\/wp-content\/uploads\/2023\/10\/renova_06-768x512.jpg 768w, https:\/\/franciscanos.org.br\/noticias\/wp-content\/uploads\/2023\/10\/renova_06-150x100.jpg 150w\" sizes=\"(max-width: 1280px) 100vw, 1280px\" \/><\/p>\n<p>Frei Fid\u00eancio fez uma refer\u00eancia ao primeiro bi\u00f3grafo de S\u00e3o Francisco, quando escreveu que Francisco recebeu de Deus a miss\u00e3o de edificar uma \u2018Casa\u2019. \u201cFrei Tom\u00e1s de Celano, assim que S\u00e3o Francisco foi canonizado em 1228, recebeu o encargo do ent\u00e3o Papa Greg\u00f3rio para apresentar esse Santo, rec\u00e9m-canonizado, ao mundo&#8221;, observou, lembrando queFrei Tom\u00e1s escreveu \u2018a primeira vida\u2019, depois uma segunda, uma terceira vida de S\u00e3o Francisco.<\/p>\n<p>&#8220;A primeira obra do bem-aventurado Francisco, diz Celano, foi a edifica\u00e7\u00e3o de uma \u2018Casa para Deus\u2019. Bonita esta express\u00e3o! Edificar uma \u2018Casa para Deus\u2019, corresponde exatamente ao desafio desse Crucificado que n\u00f3s temos diante dos nossos olhos. Esse Crucificado que falou a Francisco: \u2018Vai Francisco e restaura a minha Igreja, restaura a minha casa\u2019. Foi dif\u00edcil Francisco entender, no primeiro momento, o que significou isso. N\u00e3o era apenas a restaura\u00e7\u00e3o de igrejas abandonadas ou quase que esquecidas. Restaurar a igreja, construir uma igreja para Deus, que enquanto restaurava aquela Igrejinha de S\u00e3o Dami\u00e3o, o pr\u00f3prio bi\u00f3grafo diz uma coisa ainda mais preciosa: \u201cNingu\u00e9m pode p\u00f4r outro fundamento sen\u00e3o o que foi posto, Jesus Cristo. Francisco, ao restaurar a Igreja, passa a p\u00f4r o fundamento da sua vida em Cristo, a pedra angular, a Igreja de Deus. Sobre esse fundamento, Jesus Cristo, que nada mais \u00e9 do que a Palavra revelada, a Palavra anunciada, a Palavra professada, que ele passa a elaborar para si e para a fraternidade um projeto de vida, que n\u00e3o foi escrito de uma hora para outra, um projeto de vida que foi dialogado \u2013 n\u00f3s estamos vivendo em tempo de sinodalidade\u2026 Francisco e os primeiros companheiros foram irm\u00e3os sinodais, que sentavam juntos, conversavam juntos, dialogavam juntos, colocavam em comum os problemas e juntos buscavam uma solu\u00e7\u00e3o, um modo de conduzir sua vida, sempre inspirado a partir de Deus, a partir do Evangelho\u201d, explicou o frade.<\/p>\n<p>Por fim, concluindo sua homilia, Frei Fid\u00eancio, enfatizou que os frades s\u00e3o continuadores da constru\u00e7\u00e3o da Igreja, da \u2018Casa de Deus\u2019. \u201cSe estamos aqui, estamos continuando essa constru\u00e7\u00e3o que tem como alicerce Nosso Senhor Jesus Cristo e depois vem Francisco, depois vem Clara. N\u00f3s somos continuadores e pedras vivas desta constru\u00e7\u00e3o&#8221;, enfatizou.<\/p>\n<p><img loading=\"lazy\" class=\"alignnone size-full wp-image-245035\" src=\"https:\/\/franciscanos.org.br\/noticias\/wp-content\/uploads\/2023\/10\/renova_05.jpg\" alt=\"\" width=\"1280\" height=\"853\" srcset=\"https:\/\/franciscanos.org.br\/noticias\/wp-content\/uploads\/2023\/10\/renova_05.jpg 1280w, https:\/\/franciscanos.org.br\/noticias\/wp-content\/uploads\/2023\/10\/renova_05-450x300.jpg 450w, https:\/\/franciscanos.org.br\/noticias\/wp-content\/uploads\/2023\/10\/renova_05-1024x682.jpg 1024w, https:\/\/franciscanos.org.br\/noticias\/wp-content\/uploads\/2023\/10\/renova_05-768x512.jpg 768w, https:\/\/franciscanos.org.br\/noticias\/wp-content\/uploads\/2023\/10\/renova_05-150x100.jpg 150w\" sizes=\"(max-width: 1280px) 100vw, 1280px\" \/><\/p>\n<p>&#8220;Queremos agradecer a Deus por tantos irm\u00e3os e irm\u00e3s que constru\u00edram esta hist\u00f3ria franciscana, a partir de um projeto de vida inspirado no Evangelho. N\u00f3s hoje, ao renovarmos nossos votos, nossa profiss\u00e3o, queremos renovar nossa perten\u00e7a a Nosso Senhor Jesus Cristo com muita paix\u00e3o no cora\u00e7\u00e3o, e se um dia n\u00e3o formos frades apaixonados por Cristo e pelo Evangelho, por favor, puxem a nossa orelha e nos ajudem a sermos fi\u00e9is a esta Profiss\u00e3o, a esta Regra e este Evangelho&#8221;, pediu.<\/p>\n<p>Segundo ele, ao renovarmos hoje, queremos sim renovar com paix\u00e3o no cora\u00e7\u00e3o, com grande amor no cora\u00e7\u00e3o, para assim, abra\u00e7armos o futuro com esperan\u00e7a e acreditarmos que esta hist\u00f3ria de Francisco n\u00e3o pode parar, ela deve continuar. &#8220;Por isso, neste dia queremos renovar e ressignificar nossa perten\u00e7a a Jesus Cristo, ao Evangelho, \u00e0 Igreja e ao povo de Deus. Queremos ressignificar nossa perten\u00e7a a este mundo criado, queremos ressignificar e, sobretudo, tomar consci\u00eancia que somos pedras preciosas, como diz Tom\u00e1s de Celano, que est\u00e3o continuando a edificar a Igreja do Senhor, como Francisco foi, no seu tempo, uma pedra precios\u00edssima. Queremos dizer, perante a todos voc\u00eas e a Deus, \u00e9 sim o livro da vida, como ouvimos no dia da nossa primeira profiss\u00e3o, \u00e9 a esperan\u00e7a da nossa salva\u00e7\u00e3o, \u00e9 a chave do para\u00edso, \u00e9 o pacto da eterna alian\u00e7a\u201d, concluiu o Definidor. Na sequ\u00eancia, convidou os frades presentes, com velas nas m\u00e3os, para renovarem os seus votos e sua profiss\u00e3o diante da comunidade paroquial.<\/p>\n<p><img loading=\"lazy\" class=\"alignnone size-full wp-image-245032\" src=\"https:\/\/franciscanos.org.br\/noticias\/wp-content\/uploads\/2023\/10\/renova_09.jpg\" alt=\"\" width=\"1280\" height=\"746\" srcset=\"https:\/\/franciscanos.org.br\/noticias\/wp-content\/uploads\/2023\/10\/renova_09.jpg 1280w, https:\/\/franciscanos.org.br\/noticias\/wp-content\/uploads\/2023\/10\/renova_09-450x262.jpg 450w, https:\/\/franciscanos.org.br\/noticias\/wp-content\/uploads\/2023\/10\/renova_09-1024x597.jpg 1024w, https:\/\/franciscanos.org.br\/noticias\/wp-content\/uploads\/2023\/10\/renova_09-768x448.jpg 768w, https:\/\/franciscanos.org.br\/noticias\/wp-content\/uploads\/2023\/10\/renova_09-150x87.jpg 150w\" sizes=\"(max-width: 1280px) 100vw, 1280px\" \/><\/p>\n<p>A Celebra\u00e7\u00e3o foi encerrada com uma \u201ctroca de b\u00ean\u00e7\u00e3os\u201d. Frei Fid\u00eancio convidou os fi\u00e9is a estenderem as m\u00e3os sobre os frades e os frades em dire\u00e7\u00e3o aos fi\u00e9is, para que nessa \u201ctroca de b\u00ean\u00e7\u00e3os\u201d todos recebessem a b\u00ean\u00e7\u00e3o de Deus.<\/p>\n<hr \/>\n<p><em>Veja toda a not\u00edcia e mais fotos no <a href=\"https:\/\/conventodapenha.org.br\/\">www.conventodapenha.org.br<\/a><\/em><\/p>\n","protected":false},"excerpt":{"rendered":"<p>Renova\u00e7\u00e3o dos Votos<\/p>\n","protected":false},"author":3,"featured_media":245029,"comment_status":"open","ping_status":"open","sticky":false,"template":"","format":"standard","meta":[],"categories":[1],"tags":[1152],"acf":[],"yoast_head":"<!-- This site is optimized with the Yoast SEO plugin v19.2 - https:\/\/yoast.com\/wordpress\/plugins\/seo\/ -->\n<title>Regional Esp\u00edrito Santo: frades fazem renova\u00e7\u00e3o de votos - Not\u00edcias - Franciscanos<\/title>\n<meta name=\"robots\" content=\"index, follow, max-snippet:-1, max-image-preview:large, max-video-preview:-1\" \/>\n<link rel=\"canonical\" href=\"https:\/\/franciscanos.org.br\/noticias\/na-festa-de-sao-francisco-frades-fazem-renovacao-de-votos-continuadores-da-construcao-da-casa-de-deus.html\" \/>\n<meta property=\"og:locale\" content=\"pt_BR\" \/>\n<meta property=\"og:type\" content=\"article\" \/>\n<meta property=\"og:title\" content=\"Regional Esp\u00edrito Santo: frades fazem renova\u00e7\u00e3o de votos - Not\u00edcias - Franciscanos\" \/>\n<meta property=\"og:description\" content=\"Renova\u00e7\u00e3o dos Votos\" \/>\n<meta property=\"og:url\" content=\"https:\/\/franciscanos.org.br\/noticias\/na-festa-de-sao-francisco-frades-fazem-renovacao-de-votos-continuadores-da-construcao-da-casa-de-deus.html\" \/>\n<meta property=\"og:site_name\" content=\"Not\u00edcias - Franciscanos\" \/>\n<meta property=\"article:published_time\" content=\"2023-10-05T21:32:01+00:00\" \/>\n<meta property=\"article:modified_time\" content=\"2023-10-08T11:37:01+00:00\" \/>\n<meta property=\"og:image\" content=\"https:\/\/franciscanos.org.br\/noticias\/wp-content\/uploads\/2023\/10\/renova_01.jpg\" \/>\n\t<meta property=\"og:image:width\" content=\"1024\" \/>\n\t<meta property=\"og:image:height\" content=\"683\" \/>\n\t<meta property=\"og:image:type\" content=\"image\/jpeg\" \/>\n<meta name=\"author\" content=\"moacir\" \/>\n<meta name=\"twitter:card\" content=\"summary_large_image\" \/>\n<meta name=\"twitter:label1\" content=\"Escrito por\" \/>\n\t<meta name=\"twitter:data1\" content=\"moacir\" \/>\n\t<meta name=\"twitter:label2\" content=\"Est. tempo de leitura\" \/>\n\t<meta name=\"twitter:data2\" content=\"6 minutos\" \/>\n<script type=\"application\/ld+json\" class=\"yoast-schema-graph\">{\"@context\":\"https:\/\/schema.org\",\"@graph\":[{\"@type\":\"WebSite\",\"@id\":\"https:\/\/franciscanos.org.br\/noticias\/#website\",\"url\":\"https:\/\/franciscanos.org.br\/noticias\/\",\"name\":\"Not\u00edcias - Franciscanos\",\"description\":\"Prov\u00edncia Franciscana da Imaculada Concei\u00e7\u00e3o do Brasil - Ordem dos Frades Menores - OFM\",\"potentialAction\":[{\"@type\":\"SearchAction\",\"target\":{\"@type\":\"EntryPoint\",\"urlTemplate\":\"https:\/\/franciscanos.org.br\/noticias\/?s={search_term_string}\"},\"query-input\":\"required name=search_term_string\"}],\"inLanguage\":\"pt-BR\"},{\"@type\":\"ImageObject\",\"inLanguage\":\"pt-BR\",\"@id\":\"https:\/\/franciscanos.org.br\/noticias\/na-festa-de-sao-francisco-frades-fazem-renovacao-de-votos-continuadores-da-construcao-da-casa-de-deus.html#primaryimage\",\"url\":\"https:\/\/franciscanos.org.br\/noticias\/wp-content\/uploads\/2023\/10\/renova_01.jpg\",\"contentUrl\":\"https:\/\/franciscanos.org.br\/noticias\/wp-content\/uploads\/2023\/10\/renova_01.jpg\",\"width\":1024,\"height\":683},{\"@type\":\"WebPage\",\"@id\":\"https:\/\/franciscanos.org.br\/noticias\/na-festa-de-sao-francisco-frades-fazem-renovacao-de-votos-continuadores-da-construcao-da-casa-de-deus.html#webpage\",\"url\":\"https:\/\/franciscanos.org.br\/noticias\/na-festa-de-sao-francisco-frades-fazem-renovacao-de-votos-continuadores-da-construcao-da-casa-de-deus.html\",\"name\":\"Regional Esp\u00edrito Santo: frades fazem renova\u00e7\u00e3o de votos - Not\u00edcias - Franciscanos\",\"isPartOf\":{\"@id\":\"https:\/\/franciscanos.org.br\/noticias\/#website\"},\"primaryImageOfPage\":{\"@id\":\"https:\/\/franciscanos.org.br\/noticias\/na-festa-de-sao-francisco-frades-fazem-renovacao-de-votos-continuadores-da-construcao-da-casa-de-deus.html#primaryimage\"},\"datePublished\":\"2023-10-05T21:32:01+00:00\",\"dateModified\":\"2023-10-08T11:37:01+00:00\",\"author\":{\"@id\":\"https:\/\/franciscanos.org.br\/noticias\/#\/schema\/person\/b5c8cba458c330ccff548b056e95a5d4\"},\"breadcrumb\":{\"@id\":\"https:\/\/franciscanos.org.br\/noticias\/na-festa-de-sao-francisco-frades-fazem-renovacao-de-votos-continuadores-da-construcao-da-casa-de-deus.html#breadcrumb\"},\"inLanguage\":\"pt-BR\",\"potentialAction\":[{\"@type\":\"ReadAction\",\"target\":[\"https:\/\/franciscanos.org.br\/noticias\/na-festa-de-sao-francisco-frades-fazem-renovacao-de-votos-continuadores-da-construcao-da-casa-de-deus.html\"]}]},{\"@type\":\"BreadcrumbList\",\"@id\":\"https:\/\/franciscanos.org.br\/noticias\/na-festa-de-sao-francisco-frades-fazem-renovacao-de-votos-continuadores-da-construcao-da-casa-de-deus.html#breadcrumb\",\"itemListElement\":[{\"@type\":\"ListItem\",\"position\":1,\"name\":\"Home\",\"item\":\"https:\/\/franciscanos.org.br\/noticias\"},{\"@type\":\"ListItem\",\"position\":2,\"name\":\"Regional Esp\u00edrito Santo: frades fazem renova\u00e7\u00e3o de votos\"}]},{\"@type\":\"Person\",\"@id\":\"https:\/\/franciscanos.org.br\/noticias\/#\/schema\/person\/b5c8cba458c330ccff548b056e95a5d4\",\"name\":\"moacir\",\"image\":{\"@type\":\"ImageObject\",\"inLanguage\":\"pt-BR\",\"@id\":\"https:\/\/franciscanos.org.br\/noticias\/#\/schema\/person\/image\/\",\"url\":\"https:\/\/secure.gravatar.com\/avatar\/d08aa2ce4c8dd416d4479aa8536fcf64?s=96&d=mm&r=g\",\"contentUrl\":\"https:\/\/secure.gravatar.com\/avatar\/d08aa2ce4c8dd416d4479aa8536fcf64?s=96&d=mm&r=g\",\"caption\":\"moacir\"},\"url\":\"https:\/\/franciscanos.org.br\/noticias\/author\/moacir\"}]}<\/script>\n<!-- \/ Yoast SEO plugin. -->","yoast_head_json":{"title":"Regional Esp\u00edrito Santo: frades fazem renova\u00e7\u00e3o de votos - Not\u00edcias - Franciscanos","robots":{"index":"index","follow":"follow","max-snippet":"max-snippet:-1","max-image-preview":"max-image-preview:large","max-video-preview":"max-video-preview:-1"},"canonical":"https:\/\/franciscanos.org.br\/noticias\/na-festa-de-sao-francisco-frades-fazem-renovacao-de-votos-continuadores-da-construcao-da-casa-de-deus.html","og_locale":"pt_BR","og_type":"article","og_title":"Regional Esp\u00edrito Santo: frades fazem renova\u00e7\u00e3o de votos - Not\u00edcias - Franciscanos","og_description":"Renova\u00e7\u00e3o dos Votos","og_url":"https:\/\/franciscanos.org.br\/noticias\/na-festa-de-sao-francisco-frades-fazem-renovacao-de-votos-continuadores-da-construcao-da-casa-de-deus.html","og_site_name":"Not\u00edcias - Franciscanos","article_published_time":"2023-10-05T21:32:01+00:00","article_modified_time":"2023-10-08T11:37:01+00:00","og_image":[{"width":1024,"height":683,"url":"https:\/\/franciscanos.org.br\/noticias\/wp-content\/uploads\/2023\/10\/renova_01.jpg","type":"image\/jpeg"}],"author":"moacir","twitter_card":"summary_large_image","twitter_misc":{"Escrito por":"moacir","Est. tempo de leitura":"6 minutos"},"schema":{"@context":"https:\/\/schema.org","@graph":[{"@type":"WebSite","@id":"https:\/\/franciscanos.org.br\/noticias\/#website","url":"https:\/\/franciscanos.org.br\/noticias\/","name":"Not\u00edcias - Franciscanos","description":"Prov\u00edncia Franciscana da Imaculada Concei\u00e7\u00e3o do Brasil - Ordem dos Frades Menores - OFM","potentialAction":[{"@type":"SearchAction","target":{"@type":"EntryPoint","urlTemplate":"https:\/\/franciscanos.org.br\/noticias\/?s={search_term_string}"},"query-input":"required name=search_term_string"}],"inLanguage":"pt-BR"},{"@type":"ImageObject","inLanguage":"pt-BR","@id":"https:\/\/franciscanos.org.br\/noticias\/na-festa-de-sao-francisco-frades-fazem-renovacao-de-votos-continuadores-da-construcao-da-casa-de-deus.html#primaryimage","url":"https:\/\/franciscanos.org.br\/noticias\/wp-content\/uploads\/2023\/10\/renova_01.jpg","contentUrl":"https:\/\/franciscanos.org.br\/noticias\/wp-content\/uploads\/2023\/10\/renova_01.jpg","width":1024,"height":683},{"@type":"WebPage","@id":"https:\/\/franciscanos.org.br\/noticias\/na-festa-de-sao-francisco-frades-fazem-renovacao-de-votos-continuadores-da-construcao-da-casa-de-deus.html#webpage","url":"https:\/\/franciscanos.org.br\/noticias\/na-festa-de-sao-francisco-frades-fazem-renovacao-de-votos-continuadores-da-construcao-da-casa-de-deus.html","name":"Regional Esp\u00edrito Santo: frades fazem renova\u00e7\u00e3o de votos - Not\u00edcias - Franciscanos","isPartOf":{"@id":"https:\/\/franciscanos.org.br\/noticias\/#website"},"primaryImageOfPage":{"@id":"https:\/\/franciscanos.org.br\/noticias\/na-festa-de-sao-francisco-frades-fazem-renovacao-de-votos-continuadores-da-construcao-da-casa-de-deus.html#primaryimage"},"datePublished":"2023-10-05T21:32:01+00:00","dateModified":"2023-10-08T11:37:01+00:00","author":{"@id":"https:\/\/franciscanos.org.br\/noticias\/#\/schema\/person\/b5c8cba458c330ccff548b056e95a5d4"},"breadcrumb":{"@id":"https:\/\/franciscanos.org.br\/noticias\/na-festa-de-sao-francisco-frades-fazem-renovacao-de-votos-continuadores-da-construcao-da-casa-de-deus.html#breadcrumb"},"inLanguage":"pt-BR","potentialAction":[{"@type":"ReadAction","target":["https:\/\/franciscanos.org.br\/noticias\/na-festa-de-sao-francisco-frades-fazem-renovacao-de-votos-continuadores-da-construcao-da-casa-de-deus.html"]}]},{"@type":"BreadcrumbList","@id":"https:\/\/franciscanos.org.br\/noticias\/na-festa-de-sao-francisco-frades-fazem-renovacao-de-votos-continuadores-da-construcao-da-casa-de-deus.html#breadcrumb","itemListElement":[{"@type":"ListItem","position":1,"name":"Home","item":"https:\/\/franciscanos.org.br\/noticias"},{"@type":"ListItem","position":2,"name":"Regional Esp\u00edrito Santo: frades fazem renova\u00e7\u00e3o de votos"}]},{"@type":"Person","@id":"https:\/\/franciscanos.org.br\/noticias\/#\/schema\/person\/b5c8cba458c330ccff548b056e95a5d4","name":"moacir","image":{"@type":"ImageObject","inLanguage":"pt-BR","@id":"https:\/\/franciscanos.org.br\/noticias\/#\/schema\/person\/image\/","url":"https:\/\/secure.gravatar.com\/avatar\/d08aa2ce4c8dd416d4479aa8536fcf64?s=96&d=mm&r=g","contentUrl":"https:\/\/secure.gravatar.com\/avatar\/d08aa2ce4c8dd416d4479aa8536fcf64?s=96&d=mm&r=g","caption":"moacir"},"url":"https:\/\/franciscanos.org.br\/noticias\/author\/moacir"}]}},"_links":{"self":[{"href":"https:\/\/franciscanos.org.br\/noticias\/wp-json\/wp\/v2\/posts\/245028"}],"collection":[{"href":"https:\/\/franciscanos.org.br\/noticias\/wp-json\/wp\/v2\/posts"}],"about":[{"href":"https:\/\/franciscanos.org.br\/noticias\/wp-json\/wp\/v2\/types\/post"}],"author":[{"embeddable":true,"href":"https:\/\/franciscanos.org.br\/noticias\/wp-json\/wp\/v2\/users\/3"}],"replies":[{"embeddable":true,"href":"https:\/\/franciscanos.org.br\/noticias\/wp-json\/wp\/v2\/comments?post=245028"}],"version-history":[{"count":2,"href":"https:\/\/franciscanos.org.br\/noticias\/wp-json\/wp\/v2\/posts\/245028\/revisions"}],"predecessor-version":[{"id":245063,"href":"https:\/\/franciscanos.org.br\/noticias\/wp-json\/wp\/v2\/posts\/245028\/revisions\/245063"}],"wp:featuredmedia":[{"embeddable":true,"href":"https:\/\/franciscanos.org.br\/noticias\/wp-json\/wp\/v2\/media\/245029"}],"wp:attachment":[{"href":"https:\/\/franciscanos.org.br\/noticias\/wp-json\/wp\/v2\/media?parent=245028"}],"wp:term":[{"taxonomy":"category","embeddable":true,"href":"https:\/\/franciscanos.org.br\/noticias\/wp-json\/wp\/v2\/categories?post=245028"},{"taxonomy":"post_tag","embeddable":true,"href":"https:\/\/franciscanos.org.br\/noticias\/wp-json\/wp\/v2\/tags?post=245028"}],"curies":[{"name":"wp","href":"https:\/\/api.w.org\/{rel}","templated":true}]}}